{"id":17567,"date":"2016-08-04T08:35:39","date_gmt":"2016-08-04T11:35:39","guid":{"rendered":"http:\/\/www.isletasnoticias.com.ar\/?p=17567"},"modified":"2016-08-04T08:35:39","modified_gmt":"2016-08-04T11:35:39","slug":"bordet-firmo-un-convenio-para-fortalecer-las-economias-regionales","status":"publish","type":"post","link":"https:\/\/informelitoral.com.ar\/bordet-firmo-un-convenio-para-fortalecer-las-economias-regionales\/","title":{"rendered":"Bordet firm\u00f3 un convenio para fortalecer las econom\u00edas regionales"},"content":{"rendered":"<p><strong>La medida busca facilitar el acceso al cr\u00e9dito, la comercializaci\u00f3n, incorporaci\u00f3n de tecnolog\u00eda y la modificaci\u00f3n de espacios productivos a distintos sectores de la econom\u00eda social y sobre todo a aquellos perjudicados por las inundaciones.<a href=\"http:\/\/www.isletasnoticias.com.ar\/%77%70%2d%63%6f%6e%74%65%6e%74\/uploads\/2016\/08\/b_1470175142.jpg\"><img loading=\"lazy\" decoding=\"async\" class=\"aligncenter wp-image-17568 size-full\" src=\"http:\/\/www.isletasnoticias.com.ar\/%77%70%2d%63%6f%6e%74%65%6e%74\/uploads\/2016\/08\/b_1470175142.jpg\" alt=\"b_1470175142\" width=\"492\" height=\"315\" srcset=\"https:\/\/informelitoral.com.ar\/%77%70%2d%63%6f%6e%74%65%6e%74\/uploads\/2016\/08\/b_1470175142.jpg 492w, https:\/\/informelitoral.com.ar\/%77%70%2d%63%6f%6e%74%65%6e%74\/uploads\/2016\/08\/b_1470175142-300x192.jpg 300w\" sizes=\"auto, (max-width: 492px) 100vw, 492px\" \/><\/a><\/strong><\/p>\n<p>Con el prop\u00f3sito de fortalecer las econom\u00edas regionales, el gobernador Gustavo Bordet, la ministra de Desarrollo Social de la Naci\u00f3n, Carolina Stanley y la titular de la cartera local, Laura Stratta, firmaron en el sal\u00f3n Eva Per\u00f3n de Casa Rosada un convenio marco de Econom\u00eda Social, por 24 millones de pesos. De este modo, se busca facilitar el acceso al cr\u00e9dito, la comercializaci\u00f3n, la incorporaci\u00f3n de tecnolog\u00eda y la modificaci\u00f3n de espacios productivos, a distintos sectores de la econom\u00eda social y sobre todo a aquellos que se han visto perjudicados por las inundaciones que afectaron a la provincia.<\/p>\n<p>En ese sentido, la ministra de Desarrollo Social de la provincia, explic\u00f3: \u00abHemos firmado un convenio marco de Econom\u00eda Social para fortalecer el trabajo que venimos desarrollando entre Provincia y Naci\u00f3n por 24 millones de pesos.<\/p>\n<p>Se\u00f1al\u00f3 adem\u00e1s que \u00abhemos presentado un proyecto desde la provincia para reforzar distintos sectores de la econom\u00eda regional como el hort\u00edcola, ap\u00edcola, tambero quesero, pesca artesanal y medio ambiente\u00bb.<\/p>\n<p>Estos convenios van a permitir \u00abpoder fortificar estos proyectos, el acceso al cr\u00e9dito, el fortalecimiento de la comercializaci\u00f3n, la incorporaci\u00f3n de tecnolog\u00eda y tambi\u00e9n la modificaci\u00f3n de los espacios productivos en el caso de que se necesiten para poder crecer\u00bb.<\/p>\n<p>\u00abHemos tocado estos sectores que han sufrido los fen\u00f3menos clim\u00e1ticos y por ah\u00ed les cuesta poder salir adelante. La idea es estar presente, generar oportunidades donde no las hay y fortalecer estas \u00e1reas que son tan importante para las econom\u00edas regionales\u00bb, remarc\u00f3.<\/p>\n<p>Desatac\u00f3 que son cr\u00e9ditos blandos beneficiosos para los productores. \u00abAdem\u00e1s de poder acceder para todo lo que es insumo, pueden hacerlo para las modificaciones de las estructuras o los proyectos en el trabajo como as\u00ed tambi\u00e9n para abrirles las puestas a la comercializaci\u00f3n\u00bb, explic\u00f3 la ministra.<\/p>\n<p><b>Detalles del proyecto<\/b><\/p>\n<p>El proyecto tiene por objetivo formular procesos de desarrollo local a trav\u00e9s del fortalecimiento de peque\u00f1os emprendimientos socio-productivos de los sectores ap\u00edcola, hort\u00edcola, tambero-quesero, textil, pesca artesanal y medioambiente.<\/p>\n<p>En Entre R\u00edos, estos constituyen un eslab\u00f3n fundamental para la producci\u00f3n de alimentos y bienes b\u00e1sicos, adem\u00e1s de que son importantes generadores de empleo y sustentabilidad de los recursos naturales. No obstante, se encuentran en vulnerabilidad social, lo que repercute negativamente en sus condiciones de producci\u00f3n y comercializaci\u00f3n, y, por lo tanto, en la calidad de vida de los emprendedores y sus familias.<\/p>\n<p>Esta situaci\u00f3n se ha visto agravada por las inundaciones sufridas por las extraordinarias precipitaciones ocurridas en los \u00faltimos meses que han ocasionado p\u00e9rdidas significativas de la producci\u00f3n, por lo que la provincia se encuentra en emergencia clim\u00e1tica y desastre agropecuario.<\/p>\n<p>Con el proyecto, se apunta a proveer financiamiento y mejores condiciones de producci\u00f3n y comercializaci\u00f3n, ofreciendo una respuesta integral que se adecue a las necesidades de cada sector productivo y emprendedor. Se brindar\u00e1 la posibilidad de incorporar nuevas tecnolog\u00edas, procesos, insumos y propuestas t\u00e9cnicas, as\u00ed como acondicionar los espacios de producci\u00f3n, procurando generar procesos que dinamicen las econom\u00edas regionales y mejoren las condiciones de vida.<\/p>\n","protected":false},"excerpt":{"rendered":"<p>La medida busca facilitar el acceso al cr&eacute;dito, la comercializaci&oacute;n, incorporaci&oacute;n de tecnolog&iacute;a y la modificaci&oacute;n de espacios productivos a distintos sectores de la econom&iacute;a social y sobre todo a aquellos perjudicados por las inundaciones. Con el prop&oacute;sito de fortalecer las econom&iacute;as regionales, el gobernador Gustavo Bordet, la ministra de Desarrollo Social de la Naci&oacute;n, [&hellip;]<\/p>\n","protected":false},"author":2,"featured_media":0,"comment_status":"open","ping_status":"open","sticky":false,"template":"","format":"standard","meta":{"fifu_image_url":"","fifu_image_alt":"","footnotes":""},"categories":[10,6,16],"tags":[],"class_list":{"0":"post-17567","1":"post","2":"type-post","3":"status-publish","4":"format-standard","6":"category-campo","7":"category-entre-rios","8":"category-politi"},"yoast_head":"<title>Bordet firm\u00f3 un convenio para fortalecer las econom\u00edas regionales - Informe Litoral<\/title>\n<meta name=\"robots\" content=\"index, follow, max-snippet:-1, max-image-preview:large, max-video-preview:-1\" \/>\n<link rel=\"canonical\" href=\"https:\/\/informelitoral.com.ar\/bordet-firmo-un-convenio-para-fortalecer-las-economias-regionales\/\" \/>\n<meta property=\"og:locale\" content=\"es_ES\" \/>\n<meta property=\"og:type\" content=\"article\" \/>\n<meta property=\"og:title\" content=\"Bordet firm\u00f3 un convenio para fortalecer las econom\u00edas regionales - Informe Litoral\" \/>\n<meta property=\"og:description\" content=\"La medida busca facilitar el acceso al cr&eacute;dito, la comercializaci&oacute;n, incorporaci&oacute;n de tecnolog&iacute;a y la modificaci&oacute;n de espacios productivos a distintos sectores de la econom&iacute;a social y sobre todo a aquellos perjudicados por las inundaciones. Con el prop&oacute;sito de fortalecer las econom&iacute;as regionales, el gobernador Gustavo Bordet, la ministra de Desarrollo Social de la Naci&oacute;n, [&hellip;]\" \/>\n<meta property=\"og:url\" content=\"https:\/\/informelitoral.com.ar\/bordet-firmo-un-convenio-para-fortalecer-las-economias-regionales\/\" \/>\n<meta property=\"og:site_name\" content=\"Informe Litoral\" \/>\n<meta property=\"article:publisher\" content=\"https:\/\/www.facebook.com\/informelitoral\/\" \/>\n<meta property=\"article:published_time\" content=\"2016-08-04T11:35:39+00:00\" \/>\n<meta property=\"og:image\" content=\"https:\/\/informelitoral.com.ar\/%77%70%2d%63%6f%6e%74%65%6e%74\/uploads\/2016\/08\/b_1470175142.jpg\" \/>\n\t<meta property=\"og:image:width\" content=\"492\" \/>\n\t<meta property=\"og:image:height\" content=\"315\" \/>\n\t<meta property=\"og:image:type\" content=\"image\/jpeg\" \/>\n<meta name=\"author\" content=\"Gonzalo Schmidt\" \/>\n<meta name=\"twitter:card\" content=\"summary_large_image\" \/>\n<meta name=\"twitter:creator\" content=\"@InformeLitoral\" \/>\n<meta name=\"twitter:site\" content=\"@InformeLitoral\" \/>\n<meta name=\"twitter:label1\" content=\"Escrito por\" \/>\n\t<meta name=\"twitter:data1\" content=\"Gonzalo Schmidt\" \/>\n\t<meta name=\"twitter:label2\" content=\"Tiempo de lectura\" \/>\n\t<meta name=\"twitter:data2\" content=\"3 minutos\" \/>\n<script type=\"application\/ld+json\" class=\"yoast-schema-graph\">{\"@context\":\"https:\\\/\\\/schema.org\",\"@graph\":[{\"@type\":\"Article\",\"@id\":\"https:\\\/\\\/informelitoral.com.ar\\\/bordet-firmo-un-convenio-para-fortalecer-las-economias-regionales\\\/#article\",\"isPartOf\":{\"@id\":\"https:\\\/\\\/informelitoral.com.ar\\\/bordet-firmo-un-convenio-para-fortalecer-las-economias-regionales\\\/\"},\"author\":{\"name\":\"Gonzalo Schmidt\",\"@id\":\"https:\\\/\\\/informelitoral.com.ar\\\/#\\\/schema\\\/person\\\/b9d00407c836482871ef1d57bf8e3180\"},\"headline\":\"Bordet firm\u00f3 un convenio para fortalecer las econom\u00edas regionales\",\"datePublished\":\"2016-08-04T11:35:39+00:00\",\"mainEntityOfPage\":{\"@id\":\"https:\\\/\\\/informelitoral.com.ar\\\/bordet-firmo-un-convenio-para-fortalecer-las-economias-regionales\\\/\"},\"wordCount\":593,\"commentCount\":0,\"publisher\":{\"@id\":\"https:\\\/\\\/informelitoral.com.ar\\\/#organization\"},\"image\":{\"@id\":\"https:\\\/\\\/informelitoral.com.ar\\\/bordet-firmo-un-convenio-para-fortalecer-las-economias-regionales\\\/#primaryimage\"},\"thumbnailUrl\":\"http:\\\/\\\/www.isletasnoticias.com.ar\\\/%77%70%2d%63%6f%6e%74%65%6e%74\\\/uploads\\\/2016\\\/08\\\/b_1470175142.jpg\",\"articleSection\":[\"Campo\",\"Entre R\u00edos\",\"Politica\"],\"inLanguage\":\"es\",\"potentialAction\":[{\"@type\":\"CommentAction\",\"name\":\"Comment\",\"target\":[\"https:\\\/\\\/informelitoral.com.ar\\\/bordet-firmo-un-convenio-para-fortalecer-las-economias-regionales\\\/#respond\"]}]},{\"@type\":\"WebPage\",\"@id\":\"https:\\\/\\\/informelitoral.com.ar\\\/bordet-firmo-un-convenio-para-fortalecer-las-economias-regionales\\\/\",\"url\":\"https:\\\/\\\/informelitoral.com.ar\\\/bordet-firmo-un-convenio-para-fortalecer-las-economias-regionales\\\/\",\"name\":\"Bordet firm\u00f3 un convenio para fortalecer las econom\u00edas regionales - Informe Litoral\",\"isPartOf\":{\"@id\":\"https:\\\/\\\/informelitoral.com.ar\\\/#website\"},\"primaryImageOfPage\":{\"@id\":\"https:\\\/\\\/informelitoral.com.ar\\\/bordet-firmo-un-convenio-para-fortalecer-las-economias-regionales\\\/#primaryimage\"},\"image\":{\"@id\":\"https:\\\/\\\/informelitoral.com.ar\\\/bordet-firmo-un-convenio-para-fortalecer-las-economias-regionales\\\/#primaryimage\"},\"thumbnailUrl\":\"http:\\\/\\\/www.isletasnoticias.com.ar\\\/%77%70%2d%63%6f%6e%74%65%6e%74\\\/uploads\\\/2016\\\/08\\\/b_1470175142.jpg\",\"datePublished\":\"2016-08-04T11:35:39+00:00\",\"breadcrumb\":{\"@id\":\"https:\\\/\\\/informelitoral.com.ar\\\/bordet-firmo-un-convenio-para-fortalecer-las-economias-regionales\\\/#breadcrumb\"},\"inLanguage\":\"es\",\"potentialAction\":[{\"@type\":\"ReadAction\",\"target\":[\"https:\\\/\\\/informelitoral.com.ar\\\/bordet-firmo-un-convenio-para-fortalecer-las-economias-regionales\\\/\"]}]},{\"@type\":\"ImageObject\",\"inLanguage\":\"es\",\"@id\":\"https:\\\/\\\/informelitoral.com.ar\\\/bordet-firmo-un-convenio-para-fortalecer-las-economias-regionales\\\/#primaryimage\",\"url\":\"http:\\\/\\\/www.isletasnoticias.com.ar\\\/%77%70%2d%63%6f%6e%74%65%6e%74\\\/uploads\\\/2016\\\/08\\\/b_1470175142.jpg\",\"contentUrl\":\"http:\\\/\\\/www.isletasnoticias.com.ar\\\/%77%70%2d%63%6f%6e%74%65%6e%74\\\/uploads\\\/2016\\\/08\\\/b_1470175142.jpg\"},{\"@type\":\"BreadcrumbList\",\"@id\":\"https:\\\/\\\/informelitoral.com.ar\\\/bordet-firmo-un-convenio-para-fortalecer-las-economias-regionales\\\/#breadcrumb\",\"itemListElement\":[{\"@type\":\"ListItem\",\"position\":1,\"name\":\"Portada\",\"item\":\"https:\\\/\\\/informelitoral.com.ar\\\/\"},{\"@type\":\"ListItem\",\"position\":2,\"name\":\"Bordet firm\u00f3 un convenio para fortalecer las econom\u00edas regionales\"}]},{\"@type\":\"WebSite\",\"@id\":\"https:\\\/\\\/informelitoral.com.ar\\\/#website\",\"url\":\"https:\\\/\\\/informelitoral.com.ar\\\/\",\"name\":\"Informe Litoral\",\"description\":\"&quot;Nos informamos&quot; \",\"publisher\":{\"@id\":\"https:\\\/\\\/informelitoral.com.ar\\\/#organization\"},\"potentialAction\":[{\"@type\":\"SearchAction\",\"target\":{\"@type\":\"EntryPoint\",\"urlTemplate\":\"https:\\\/\\\/informelitoral.com.ar\\\/?s={search_term_string}\"},\"query-input\":{\"@type\":\"PropertyValueSpecification\",\"valueRequired\":true,\"valueName\":\"search_term_string\"}}],\"inLanguage\":\"es\"},{\"@type\":\"Organization\",\"@id\":\"https:\\\/\\\/informelitoral.com.ar\\\/#organization\",\"name\":\"Informe Litoral\",\"url\":\"https:\\\/\\\/informelitoral.com.ar\\\/\",\"logo\":{\"@type\":\"ImageObject\",\"inLanguage\":\"es\",\"@id\":\"https:\\\/\\\/informelitoral.com.ar\\\/#\\\/schema\\\/logo\\\/image\\\/\",\"url\":\"https:\\\/\\\/informelitoral.com.ar\\\/%77%70%2d%63%6f%6e%74%65%6e%74\\\/uploads\\\/2021\\\/01\\\/circulo.png\",\"contentUrl\":\"https:\\\/\\\/informelitoral.com.ar\\\/%77%70%2d%63%6f%6e%74%65%6e%74\\\/uploads\\\/2021\\\/01\\\/circulo.png\",\"width\":723,\"height\":731,\"caption\":\"Informe Litoral\"},\"image\":{\"@id\":\"https:\\\/\\\/informelitoral.com.ar\\\/#\\\/schema\\\/logo\\\/image\\\/\"},\"sameAs\":[\"https:\\\/\\\/www.facebook.com\\\/informelitoral\\\/\",\"https:\\\/\\\/x.com\\\/InformeLitoral\",\"https:\\\/\\\/www.instagram.com\\\/informelitoral\\\/\",\"https:\\\/\\\/www.youtube.com\\\/channel\\\/UCua4Qvz8Icb6MYqhoq9xLXw\"]},{\"@type\":\"Person\",\"@id\":\"https:\\\/\\\/informelitoral.com.ar\\\/#\\\/schema\\\/person\\\/b9d00407c836482871ef1d57bf8e3180\",\"name\":\"Gonzalo Schmidt\",\"image\":{\"@type\":\"ImageObject\",\"inLanguage\":\"es\",\"@id\":\"https:\\\/\\\/secure.gravatar.com\\\/avatar\\\/31a1a7b66ff2de83bd0e9fd79d026630d2d99e55e8bfe501287647b4fd9743de?s=96&d=mm&r=g\",\"url\":\"https:\\\/\\\/secure.gravatar.com\\\/avatar\\\/31a1a7b66ff2de83bd0e9fd79d026630d2d99e55e8bfe501287647b4fd9743de?s=96&d=mm&r=g\",\"contentUrl\":\"https:\\\/\\\/secure.gravatar.com\\\/avatar\\\/31a1a7b66ff2de83bd0e9fd79d026630d2d99e55e8bfe501287647b4fd9743de?s=96&d=mm&r=g\",\"caption\":\"Gonzalo Schmidt\"},\"description\":\"Sitio web de noticias de la provincia de Entre R\u00edos, Argentina. Informaci\u00f3n y entretenimiento. Informe Litoral, nos informamos.\",\"sameAs\":[\"http:\\\/\\\/www.isletasnoticias.com.ar\"],\"url\":\"https:\\\/\\\/informelitoral.com.ar\\\/author\\\/gonzalo\\\/\"}]}<\/script>","yoast_head_json":{"title":"Bordet firm\u00f3 un convenio para fortalecer las econom\u00edas regionales - Informe Litoral","robots":{"index":"index","follow":"follow","max-snippet":"max-snippet:-1","max-image-preview":"max-image-preview:large","max-video-preview":"max-video-preview:-1"},"canonical":"https:\/\/informelitoral.com.ar\/bordet-firmo-un-convenio-para-fortalecer-las-economias-regionales\/","og_locale":"es_ES","og_type":"article","og_title":"Bordet firm\u00f3 un convenio para fortalecer las econom\u00edas regionales - Informe Litoral","og_description":"La medida busca facilitar el acceso al cr&eacute;dito, la comercializaci&oacute;n, incorporaci&oacute;n de tecnolog&iacute;a y la modificaci&oacute;n de espacios productivos a distintos sectores de la econom&iacute;a social y sobre todo a aquellos perjudicados por las inundaciones. Con el prop&oacute;sito de fortalecer las econom&iacute;as regionales, el gobernador Gustavo Bordet, la ministra de Desarrollo Social de la Naci&oacute;n, [&hellip;]","og_url":"https:\/\/informelitoral.com.ar\/bordet-firmo-un-convenio-para-fortalecer-las-economias-regionales\/","og_site_name":"Informe Litoral","article_publisher":"https:\/\/www.facebook.com\/informelitoral\/","article_published_time":"2016-08-04T11:35:39+00:00","og_image":[{"width":492,"height":315,"url":"https:\/\/informelitoral.com.ar\/%77%70%2d%63%6f%6e%74%65%6e%74\/uploads\/2016\/08\/b_1470175142.jpg","type":"image\/jpeg"}],"author":"Gonzalo Schmidt","twitter_card":"summary_large_image","twitter_creator":"@InformeLitoral","twitter_site":"@InformeLitoral","twitter_misc":{"Escrito por":"Gonzalo Schmidt","Tiempo de lectura":"3 minutos"},"schema":{"@context":"https:\/\/schema.org","@graph":[{"@type":"Article","@id":"https:\/\/informelitoral.com.ar\/bordet-firmo-un-convenio-para-fortalecer-las-economias-regionales\/#article","isPartOf":{"@id":"https:\/\/informelitoral.com.ar\/bordet-firmo-un-convenio-para-fortalecer-las-economias-regionales\/"},"author":{"name":"Gonzalo Schmidt","@id":"https:\/\/informelitoral.com.ar\/#\/schema\/person\/b9d00407c836482871ef1d57bf8e3180"},"headline":"Bordet firm\u00f3 un convenio para fortalecer las econom\u00edas regionales","datePublished":"2016-08-04T11:35:39+00:00","mainEntityOfPage":{"@id":"https:\/\/informelitoral.com.ar\/bordet-firmo-un-convenio-para-fortalecer-las-economias-regionales\/"},"wordCount":593,"commentCount":0,"publisher":{"@id":"https:\/\/informelitoral.com.ar\/#organization"},"image":{"@id":"https:\/\/informelitoral.com.ar\/bordet-firmo-un-convenio-para-fortalecer-las-economias-regionales\/#primaryimage"},"thumbnailUrl":"http:\/\/www.isletasnoticias.com.ar\/%77%70%2d%63%6f%6e%74%65%6e%74\/uploads\/2016\/08\/b_1470175142.jpg","articleSection":["Campo","Entre R\u00edos","Politica"],"inLanguage":"es","potentialAction":[{"@type":"CommentAction","name":"Comment","target":["https:\/\/informelitoral.com.ar\/bordet-firmo-un-convenio-para-fortalecer-las-economias-regionales\/#respond"]}]},{"@type":"WebPage","@id":"https:\/\/informelitoral.com.ar\/bordet-firmo-un-convenio-para-fortalecer-las-economias-regionales\/","url":"https:\/\/informelitoral.com.ar\/bordet-firmo-un-convenio-para-fortalecer-las-economias-regionales\/","name":"Bordet firm\u00f3 un convenio para fortalecer las econom\u00edas regionales - Informe Litoral","isPartOf":{"@id":"https:\/\/informelitoral.com.ar\/#website"},"primaryImageOfPage":{"@id":"https:\/\/informelitoral.com.ar\/bordet-firmo-un-convenio-para-fortalecer-las-economias-regionales\/#primaryimage"},"image":{"@id":"https:\/\/informelitoral.com.ar\/bordet-firmo-un-convenio-para-fortalecer-las-economias-regionales\/#primaryimage"},"thumbnailUrl":"http:\/\/www.isletasnoticias.com.ar\/%77%70%2d%63%6f%6e%74%65%6e%74\/uploads\/2016\/08\/b_1470175142.jpg","datePublished":"2016-08-04T11:35:39+00:00","breadcrumb":{"@id":"https:\/\/informelitoral.com.ar\/bordet-firmo-un-convenio-para-fortalecer-las-economias-regionales\/#breadcrumb"},"inLanguage":"es","potentialAction":[{"@type":"ReadAction","target":["https:\/\/informelitoral.com.ar\/bordet-firmo-un-convenio-para-fortalecer-las-economias-regionales\/"]}]},{"@type":"ImageObject","inLanguage":"es","@id":"https:\/\/informelitoral.com.ar\/bordet-firmo-un-convenio-para-fortalecer-las-economias-regionales\/#primaryimage","url":"http:\/\/www.isletasnoticias.com.ar\/%77%70%2d%63%6f%6e%74%65%6e%74\/uploads\/2016\/08\/b_1470175142.jpg","contentUrl":"http:\/\/www.isletasnoticias.com.ar\/%77%70%2d%63%6f%6e%74%65%6e%74\/uploads\/2016\/08\/b_1470175142.jpg"},{"@type":"BreadcrumbList","@id":"https:\/\/informelitoral.com.ar\/bordet-firmo-un-convenio-para-fortalecer-las-economias-regionales\/#breadcrumb","itemListElement":[{"@type":"ListItem","position":1,"name":"Portada","item":"https:\/\/informelitoral.com.ar\/"},{"@type":"ListItem","position":2,"name":"Bordet firm\u00f3 un convenio para fortalecer las econom\u00edas regionales"}]},{"@type":"WebSite","@id":"https:\/\/informelitoral.com.ar\/#website","url":"https:\/\/informelitoral.com.ar\/","name":"Informe Litoral","description":"&quot;Nos informamos&quot; ","publisher":{"@id":"https:\/\/informelitoral.com.ar\/#organization"},"potentialAction":[{"@type":"SearchAction","target":{"@type":"EntryPoint","urlTemplate":"https:\/\/informelitoral.com.ar\/?s={search_term_string}"},"query-input":{"@type":"PropertyValueSpecification","valueRequired":true,"valueName":"search_term_string"}}],"inLanguage":"es"},{"@type":"Organization","@id":"https:\/\/informelitoral.com.ar\/#organization","name":"Informe Litoral","url":"https:\/\/informelitoral.com.ar\/","logo":{"@type":"ImageObject","inLanguage":"es","@id":"https:\/\/informelitoral.com.ar\/#\/schema\/logo\/image\/","url":"https:\/\/informelitoral.com.ar\/%77%70%2d%63%6f%6e%74%65%6e%74\/uploads\/2021\/01\/circulo.png","contentUrl":"https:\/\/informelitoral.com.ar\/%77%70%2d%63%6f%6e%74%65%6e%74\/uploads\/2021\/01\/circulo.png","width":723,"height":731,"caption":"Informe Litoral"},"image":{"@id":"https:\/\/informelitoral.com.ar\/#\/schema\/logo\/image\/"},"sameAs":["https:\/\/www.facebook.com\/informelitoral\/","https:\/\/x.com\/InformeLitoral","https:\/\/www.instagram.com\/informelitoral\/","https:\/\/www.youtube.com\/channel\/UCua4Qvz8Icb6MYqhoq9xLXw"]},{"@type":"Person","@id":"https:\/\/informelitoral.com.ar\/#\/schema\/person\/b9d00407c836482871ef1d57bf8e3180","name":"Gonzalo Schmidt","image":{"@type":"ImageObject","inLanguage":"es","@id":"https:\/\/secure.gravatar.com\/avatar\/31a1a7b66ff2de83bd0e9fd79d026630d2d99e55e8bfe501287647b4fd9743de?s=96&d=mm&r=g","url":"https:\/\/secure.gravatar.com\/avatar\/31a1a7b66ff2de83bd0e9fd79d026630d2d99e55e8bfe501287647b4fd9743de?s=96&d=mm&r=g","contentUrl":"https:\/\/secure.gravatar.com\/avatar\/31a1a7b66ff2de83bd0e9fd79d026630d2d99e55e8bfe501287647b4fd9743de?s=96&d=mm&r=g","caption":"Gonzalo Schmidt"},"description":"Sitio web de noticias de la provincia de Entre R\u00edos, Argentina. Informaci\u00f3n y entretenimiento. Informe Litoral, nos informamos.","sameAs":["http:\/\/www.isletasnoticias.com.ar"],"url":"https:\/\/informelitoral.com.ar\/author\/gonzalo\/"}]}},"_links":{"self":[{"href":"https:\/\/informelitoral.com.ar\/%77%70%2d%6a%73%6f%6e\/wp\/v2\/posts\/17567","targetHints":{"allow":["GET"]}}],"collection":[{"href":"https:\/\/informelitoral.com.ar\/%77%70%2d%6a%73%6f%6e\/wp\/v2\/posts"}],"about":[{"href":"https:\/\/informelitoral.com.ar\/%77%70%2d%6a%73%6f%6e\/wp\/v2\/types\/post"}],"author":[{"embeddable":true,"href":"https:\/\/informelitoral.com.ar\/%77%70%2d%6a%73%6f%6e\/wp\/v2\/users\/2"}],"replies":[{"embeddable":true,"href":"https:\/\/informelitoral.com.ar\/%77%70%2d%6a%73%6f%6e\/wp\/v2\/comments?post=17567"}],"version-history":[{"count":0,"href":"https:\/\/informelitoral.com.ar\/%77%70%2d%6a%73%6f%6e\/wp\/v2\/posts\/17567\/revisions"}],"wp:attachment":[{"href":"https:\/\/informelitoral.com.ar\/%77%70%2d%6a%73%6f%6e\/wp\/v2\/media?parent=17567"}],"wp:term":[{"taxonomy":"category","embeddable":true,"href":"https:\/\/informelitoral.com.ar\/%77%70%2d%6a%73%6f%6e\/wp\/v2\/categories?post=17567"},{"taxonomy":"post_tag","embeddable":true,"href":"https:\/\/informelitoral.com.ar\/%77%70%2d%6a%73%6f%6e\/wp\/v2\/tags?post=17567"}],"curies":[{"name":"wp","href":"https:\/\/api.w.org\/{rel}","templated":true}]}}