{"id":175282,"date":"2023-12-12T08:01:59","date_gmt":"2023-12-12T11:01:59","guid":{"rendered":"https:\/\/www.informelitoral.com.ar\/?p=175282"},"modified":"2023-12-12T08:03:45","modified_gmt":"2023-12-12T11:03:45","slug":"la-camara-civil-ordeno-que-las-elecciones-en-boca-se-hagan-en-diciembre","status":"publish","type":"post","link":"https:\/\/informelitoral.com.ar\/la-camara-civil-ordeno-que-las-elecciones-en-boca-se-hagan-en-diciembre\/","title":{"rendered":"La C\u00e1mara Civil orden\u00f3 que las elecciones en Boca se hagan en diciembre"},"content":{"rendered":"<p><strong>La C\u00e1mara de Apelaciones decidi\u00f3 revocar la medida cautelar de la jueza Alejandra Abrevaya que suspendi\u00f3 provisoriamente las elecciones en Boca organizadas para el 3 de diciembre y con esta medida queda todo dado por el momento para que se puedan realizar los comicios este domingo 17 en caso de que la Comisi\u00f3n Directiva del club lo establezca.<\/strong><\/p>\n<p>El 28 de noviembre la jueza hab\u00eda impuesto la suspensi\u00f3n de las elecciones a ra\u00edz de una denuncia de la oposici\u00f3n por supuestas irregularidades en el padr\u00f3n. Lo que se discut\u00eda era que unos 13 mil socios hab\u00edan pasado a ser activos sin cumplir el estatuto del club; sin embargo, Boca apel\u00f3 la medida y finalmente la C\u00e1mara le dio la derecha.<\/p>\n<p>Los argumentos por los que la Justicia revoc\u00f3 la medida de Abrevaya y respondi\u00f3 positivamente al recurso que presentaron los abogados del club se resumen en los siguientes puntos:<\/p>\n<p><strong>&#8211; Si hay un uso y costumbre por el articulo 18 de que los socios pasan de manera discrecional a activos, eso no puede ser cuestionado<\/strong><\/p>\n<p><strong>&#8211; Si hay socios que no pasaron debidamente a activos, tendr\u00edan que haber sido cuestionados hace tiempo.<\/strong><\/p>\n<p><strong>&#8211; Por estatuto, no se puede discutir la condici\u00f3n de los activos pasado un a\u00f1o.<\/strong><\/p>\n<p>Con esta resoluci\u00f3n, los comicios se podr\u00e1n llevar a cabo este domingo con el padr\u00f3n completo, que implica alrededor de 87 mil hinchas, pero para eso primero debe haber una reuni\u00f3n de Comisi\u00f3n Directiva que se realizar\u00eda por estas horas en la que se establezca el domingo como la fecha de los comicios. Este es el \u00fanico d\u00eda disponible que queda de ac\u00e1 a fin de a\u00f1o para poder votar.<\/p>\n<p>La oposici\u00f3n a\u00fan tiene la chance de presentar un recurso extraordinario y apelar a un tribunal superior para revocar este fallo, pero en principio no parece que esto sea posible y tampoco implicar\u00eda una nueva suspensi\u00f3n. Incluso, este lunes el candidato opositor Andr\u00e9s Ibarra asegur\u00f3: \u00abQueremos votar el 17. No se pudo votar porque el oficialismo no corrigi\u00f3 el padr\u00f3n. Y segundo, queremos votar cuanto antes porque tenemos la mejor propuesta para los socios\u00bb.<\/p>\n<p>Por otro lado, en el fallo de la C\u00e1mara de Apelaciones sostienen que las elecciones no pueden ser suspendidos solo por una sospecha de que irregularidades en el traspaso de adherentes a activos y prioriz\u00f3 su derecho a voto. Adem\u00e1s, remarcan que ninguna de las personas a las que no se les quer\u00eda permitir votar han sido escuchadas por la jueza. Mientras tanto, sobre el campo de juego de La Bombonera ya est\u00e1n montadas las carpas en las que se planeaba llevar a cabo la elecci\u00f3n.<\/p>\n<p>La causa comenz\u00f3 con la medida cautelar de Abrevaya, que fue recusada por el club por \u00abparcialidad\u00bb al tiempo que apel\u00f3 la decisi\u00f3n. En ese inter\u00edn, la jueza subrogante Anal\u00eda Romero se excuso de agarrar el expediente por ser socia del club y as\u00ed cay\u00f3 por sorteo en Sebasti\u00e1n Font. No obstante, la C\u00e1mara hab\u00eda rechazado la recusaci\u00f3n, por lo que la semana pasada la causa regres\u00f3 a Abrevaya. Finalmente, hoy se expidieron en torno a la otra solicitud -la apelaci\u00f3n de la cautelar- y definieron que se deber\u00e1 votar con el total del padr\u00f3n porque no hay pruebas fehacientes de que las irregularidades. (Fuente: TyC Sports)<\/p>\n","protected":false},"excerpt":{"rendered":"<p>La C\u00e1mara de Apelaciones comunic\u00f3 el fallo tras la medida de la jueza Alejandra Abrevaya que hab\u00eda pospuesto los comicios y este 17 podr\u00eda haber elecciones en el Xeneize con la totalidad del padr\u00f3n.<\/p>\n","protected":false},"author":8,"featured_media":80849,"comment_status":"open","ping_status":"open","sticky":false,"template":"","format":"standard","meta":{"fifu_image_url":"","fifu_image_alt":"","footnotes":""},"categories":[13],"tags":[384,3401],"class_list":{"0":"post-175282","1":"post","2":"type-post","3":"status-publish","4":"format-standard","5":"has-post-thumbnail","7":"category-deportes","8":"tag-boca-juniors","9":"tag-elecciones-2023"},"yoast_head":"<title>La C\u00e1mara Civil orden\u00f3 que las elecciones en Boca se hagan en diciembre - Informe Litoral<\/title>\n<meta name=\"robots\" content=\"index, follow, max-snippet:-1, max-image-preview:large, max-video-preview:-1\" \/>\n<link rel=\"canonical\" href=\"https:\/\/informelitoral.com.ar\/la-camara-civil-ordeno-que-las-elecciones-en-boca-se-hagan-en-diciembre\/\" \/>\n<meta property=\"og:locale\" content=\"es_ES\" \/>\n<meta property=\"og:type\" content=\"article\" \/>\n<meta property=\"og:title\" content=\"La C\u00e1mara Civil orden\u00f3 que las elecciones en Boca se hagan en diciembre - Informe Litoral\" \/>\n<meta property=\"og:description\" content=\"La C\u00e1mara de Apelaciones comunic\u00f3 el fallo tras la medida de la jueza Alejandra Abrevaya que hab\u00eda pospuesto los comicios y este 17 podr\u00eda haber elecciones en el Xeneize con la totalidad del padr\u00f3n.\" \/>\n<meta property=\"og:url\" content=\"https:\/\/informelitoral.com.ar\/la-camara-civil-ordeno-que-las-elecciones-en-boca-se-hagan-en-diciembre\/\" \/>\n<meta property=\"og:site_name\" content=\"Informe Litoral\" \/>\n<meta property=\"article:publisher\" content=\"https:\/\/www.facebook.com\/informelitoral\/\" \/>\n<meta property=\"article:published_time\" content=\"2023-12-12T11:01:59+00:00\" \/>\n<meta property=\"article:modified_time\" content=\"2023-12-12T11:03:45+00:00\" \/>\n<meta property=\"og:image\" content=\"https:\/\/informelitoral.com.ar\/%77%70%2d%63%6f%6e%74%65%6e%74\/uploads\/2022\/07\/Boca-Juniors.jpg\" \/>\n\t<meta property=\"og:image:width\" content=\"1536\" \/>\n\t<meta property=\"og:image:height\" content=\"864\" \/>\n\t<meta property=\"og:image:type\" content=\"image\/jpeg\" \/>\n<meta name=\"author\" content=\"Sebastian\" \/>\n<meta name=\"twitter:card\" content=\"summary_large_image\" \/>\n<meta name=\"twitter:creator\" content=\"@InformeLitoral\" \/>\n<meta name=\"twitter:site\" content=\"@InformeLitoral\" \/>\n<meta name=\"twitter:label1\" content=\"Escrito por\" \/>\n\t<meta name=\"twitter:data1\" content=\"Sebastian\" \/>\n\t<meta name=\"twitter:label2\" content=\"Tiempo de lectura\" \/>\n\t<meta name=\"twitter:data2\" content=\"3 minutos\" \/>\n<script type=\"application\/ld+json\" class=\"yoast-schema-graph\">{\"@context\":\"https:\\\/\\\/schema.org\",\"@graph\":[{\"@type\":\"Article\",\"@id\":\"https:\\\/\\\/informelitoral.com.ar\\\/la-camara-civil-ordeno-que-las-elecciones-en-boca-se-hagan-en-diciembre\\\/#article\",\"isPartOf\":{\"@id\":\"https:\\\/\\\/informelitoral.com.ar\\\/la-camara-civil-ordeno-que-las-elecciones-en-boca-se-hagan-en-diciembre\\\/\"},\"author\":{\"name\":\"Sebastian\",\"@id\":\"https:\\\/\\\/informelitoral.com.ar\\\/#\\\/schema\\\/person\\\/f05f9f461677119578717524b127d6d5\"},\"headline\":\"La C\u00e1mara Civil orden\u00f3 que las elecciones en Boca se hagan en diciembre\",\"datePublished\":\"2023-12-12T11:01:59+00:00\",\"dateModified\":\"2023-12-12T11:03:45+00:00\",\"mainEntityOfPage\":{\"@id\":\"https:\\\/\\\/informelitoral.com.ar\\\/la-camara-civil-ordeno-que-las-elecciones-en-boca-se-hagan-en-diciembre\\\/\"},\"wordCount\":592,\"commentCount\":0,\"publisher\":{\"@id\":\"https:\\\/\\\/informelitoral.com.ar\\\/#organization\"},\"image\":{\"@id\":\"https:\\\/\\\/informelitoral.com.ar\\\/la-camara-civil-ordeno-que-las-elecciones-en-boca-se-hagan-en-diciembre\\\/#primaryimage\"},\"thumbnailUrl\":\"https:\\\/\\\/informelitoral.com.ar\\\/%77%70%2d%63%6f%6e%74%65%6e%74\\\/uploads\\\/2022\\\/07\\\/Boca-Juniors.jpg\",\"keywords\":[\"Boca Juniors\",\"Elecciones 2023\"],\"articleSection\":[\"Deportes\"],\"inLanguage\":\"es\",\"potentialAction\":[{\"@type\":\"CommentAction\",\"name\":\"Comment\",\"target\":[\"https:\\\/\\\/informelitoral.com.ar\\\/la-camara-civil-ordeno-que-las-elecciones-en-boca-se-hagan-en-diciembre\\\/#respond\"]}]},{\"@type\":\"WebPage\",\"@id\":\"https:\\\/\\\/informelitoral.com.ar\\\/la-camara-civil-ordeno-que-las-elecciones-en-boca-se-hagan-en-diciembre\\\/\",\"url\":\"https:\\\/\\\/informelitoral.com.ar\\\/la-camara-civil-ordeno-que-las-elecciones-en-boca-se-hagan-en-diciembre\\\/\",\"name\":\"La C\u00e1mara Civil orden\u00f3 que las elecciones en Boca se hagan en diciembre - Informe Litoral\",\"isPartOf\":{\"@id\":\"https:\\\/\\\/informelitoral.com.ar\\\/#website\"},\"primaryImageOfPage\":{\"@id\":\"https:\\\/\\\/informelitoral.com.ar\\\/la-camara-civil-ordeno-que-las-elecciones-en-boca-se-hagan-en-diciembre\\\/#primaryimage\"},\"image\":{\"@id\":\"https:\\\/\\\/informelitoral.com.ar\\\/la-camara-civil-ordeno-que-las-elecciones-en-boca-se-hagan-en-diciembre\\\/#primaryimage\"},\"thumbnailUrl\":\"https:\\\/\\\/informelitoral.com.ar\\\/%77%70%2d%63%6f%6e%74%65%6e%74\\\/uploads\\\/2022\\\/07\\\/Boca-Juniors.jpg\",\"datePublished\":\"2023-12-12T11:01:59+00:00\",\"dateModified\":\"2023-12-12T11:03:45+00:00\",\"breadcrumb\":{\"@id\":\"https:\\\/\\\/informelitoral.com.ar\\\/la-camara-civil-ordeno-que-las-elecciones-en-boca-se-hagan-en-diciembre\\\/#breadcrumb\"},\"inLanguage\":\"es\",\"potentialAction\":[{\"@type\":\"ReadAction\",\"target\":[\"https:\\\/\\\/informelitoral.com.ar\\\/la-camara-civil-ordeno-que-las-elecciones-en-boca-se-hagan-en-diciembre\\\/\"]}]},{\"@type\":\"ImageObject\",\"inLanguage\":\"es\",\"@id\":\"https:\\\/\\\/informelitoral.com.ar\\\/la-camara-civil-ordeno-que-las-elecciones-en-boca-se-hagan-en-diciembre\\\/#primaryimage\",\"url\":\"https:\\\/\\\/informelitoral.com.ar\\\/%77%70%2d%63%6f%6e%74%65%6e%74\\\/uploads\\\/2022\\\/07\\\/Boca-Juniors.jpg\",\"contentUrl\":\"https:\\\/\\\/informelitoral.com.ar\\\/%77%70%2d%63%6f%6e%74%65%6e%74\\\/uploads\\\/2022\\\/07\\\/Boca-Juniors.jpg\",\"width\":1536,\"height\":864},{\"@type\":\"BreadcrumbList\",\"@id\":\"https:\\\/\\\/informelitoral.com.ar\\\/la-camara-civil-ordeno-que-las-elecciones-en-boca-se-hagan-en-diciembre\\\/#breadcrumb\",\"itemListElement\":[{\"@type\":\"ListItem\",\"position\":1,\"name\":\"Portada\",\"item\":\"https:\\\/\\\/informelitoral.com.ar\\\/\"},{\"@type\":\"ListItem\",\"position\":2,\"name\":\"La C\u00e1mara Civil orden\u00f3 que las elecciones en Boca se hagan en diciembre\"}]},{\"@type\":\"WebSite\",\"@id\":\"https:\\\/\\\/informelitoral.com.ar\\\/#website\",\"url\":\"https:\\\/\\\/informelitoral.com.ar\\\/\",\"name\":\"Informe Litoral\",\"description\":\"&quot;Nos informamos&quot; \",\"publisher\":{\"@id\":\"https:\\\/\\\/informelitoral.com.ar\\\/#organization\"},\"potentialAction\":[{\"@type\":\"SearchAction\",\"target\":{\"@type\":\"EntryPoint\",\"urlTemplate\":\"https:\\\/\\\/informelitoral.com.ar\\\/?s={search_term_string}\"},\"query-input\":{\"@type\":\"PropertyValueSpecification\",\"valueRequired\":true,\"valueName\":\"search_term_string\"}}],\"inLanguage\":\"es\"},{\"@type\":\"Organization\",\"@id\":\"https:\\\/\\\/informelitoral.com.ar\\\/#organization\",\"name\":\"Informe Litoral\",\"url\":\"https:\\\/\\\/informelitoral.com.ar\\\/\",\"logo\":{\"@type\":\"ImageObject\",\"inLanguage\":\"es\",\"@id\":\"https:\\\/\\\/informelitoral.com.ar\\\/#\\\/schema\\\/logo\\\/image\\\/\",\"url\":\"https:\\\/\\\/informelitoral.com.ar\\\/%77%70%2d%63%6f%6e%74%65%6e%74\\\/uploads\\\/2021\\\/01\\\/circulo.png\",\"contentUrl\":\"https:\\\/\\\/informelitoral.com.ar\\\/%77%70%2d%63%6f%6e%74%65%6e%74\\\/uploads\\\/2021\\\/01\\\/circulo.png\",\"width\":723,\"height\":731,\"caption\":\"Informe Litoral\"},\"image\":{\"@id\":\"https:\\\/\\\/informelitoral.com.ar\\\/#\\\/schema\\\/logo\\\/image\\\/\"},\"sameAs\":[\"https:\\\/\\\/www.facebook.com\\\/informelitoral\\\/\",\"https:\\\/\\\/x.com\\\/InformeLitoral\",\"https:\\\/\\\/www.instagram.com\\\/informelitoral\\\/\",\"https:\\\/\\\/www.youtube.com\\\/channel\\\/UCua4Qvz8Icb6MYqhoq9xLXw\"]},{\"@type\":\"Person\",\"@id\":\"https:\\\/\\\/informelitoral.com.ar\\\/#\\\/schema\\\/person\\\/f05f9f461677119578717524b127d6d5\",\"name\":\"Sebastian\",\"image\":{\"@type\":\"ImageObject\",\"inLanguage\":\"es\",\"@id\":\"https:\\\/\\\/secure.gravatar.com\\\/avatar\\\/b71bf7481d447dfb9583c7f2798e7cc64de6efb9067b74633ed8c31059a3bd82?s=96&d=mm&r=g\",\"url\":\"https:\\\/\\\/secure.gravatar.com\\\/avatar\\\/b71bf7481d447dfb9583c7f2798e7cc64de6efb9067b74633ed8c31059a3bd82?s=96&d=mm&r=g\",\"contentUrl\":\"https:\\\/\\\/secure.gravatar.com\\\/avatar\\\/b71bf7481d447dfb9583c7f2798e7cc64de6efb9067b74633ed8c31059a3bd82?s=96&d=mm&r=g\",\"caption\":\"Sebastian\"},\"url\":\"https:\\\/\\\/informelitoral.com.ar\\\/author\\\/sebastian\\\/\"}]}<\/script>","yoast_head_json":{"title":"La C\u00e1mara Civil orden\u00f3 que las elecciones en Boca se hagan en diciembre - Informe Litoral","robots":{"index":"index","follow":"follow","max-snippet":"max-snippet:-1","max-image-preview":"max-image-preview:large","max-video-preview":"max-video-preview:-1"},"canonical":"https:\/\/informelitoral.com.ar\/la-camara-civil-ordeno-que-las-elecciones-en-boca-se-hagan-en-diciembre\/","og_locale":"es_ES","og_type":"article","og_title":"La C\u00e1mara Civil orden\u00f3 que las elecciones en Boca se hagan en diciembre - Informe Litoral","og_description":"La C\u00e1mara de Apelaciones comunic\u00f3 el fallo tras la medida de la jueza Alejandra Abrevaya que hab\u00eda pospuesto los comicios y este 17 podr\u00eda haber elecciones en el Xeneize con la totalidad del padr\u00f3n.","og_url":"https:\/\/informelitoral.com.ar\/la-camara-civil-ordeno-que-las-elecciones-en-boca-se-hagan-en-diciembre\/","og_site_name":"Informe Litoral","article_publisher":"https:\/\/www.facebook.com\/informelitoral\/","article_published_time":"2023-12-12T11:01:59+00:00","article_modified_time":"2023-12-12T11:03:45+00:00","og_image":[{"width":1536,"height":864,"url":"https:\/\/informelitoral.com.ar\/%77%70%2d%63%6f%6e%74%65%6e%74\/uploads\/2022\/07\/Boca-Juniors.jpg","type":"image\/jpeg"}],"author":"Sebastian","twitter_card":"summary_large_image","twitter_creator":"@InformeLitoral","twitter_site":"@InformeLitoral","twitter_misc":{"Escrito por":"Sebastian","Tiempo de lectura":"3 minutos"},"schema":{"@context":"https:\/\/schema.org","@graph":[{"@type":"Article","@id":"https:\/\/informelitoral.com.ar\/la-camara-civil-ordeno-que-las-elecciones-en-boca-se-hagan-en-diciembre\/#article","isPartOf":{"@id":"https:\/\/informelitoral.com.ar\/la-camara-civil-ordeno-que-las-elecciones-en-boca-se-hagan-en-diciembre\/"},"author":{"name":"Sebastian","@id":"https:\/\/informelitoral.com.ar\/#\/schema\/person\/f05f9f461677119578717524b127d6d5"},"headline":"La C\u00e1mara Civil orden\u00f3 que las elecciones en Boca se hagan en diciembre","datePublished":"2023-12-12T11:01:59+00:00","dateModified":"2023-12-12T11:03:45+00:00","mainEntityOfPage":{"@id":"https:\/\/informelitoral.com.ar\/la-camara-civil-ordeno-que-las-elecciones-en-boca-se-hagan-en-diciembre\/"},"wordCount":592,"commentCount":0,"publisher":{"@id":"https:\/\/informelitoral.com.ar\/#organization"},"image":{"@id":"https:\/\/informelitoral.com.ar\/la-camara-civil-ordeno-que-las-elecciones-en-boca-se-hagan-en-diciembre\/#primaryimage"},"thumbnailUrl":"https:\/\/informelitoral.com.ar\/%77%70%2d%63%6f%6e%74%65%6e%74\/uploads\/2022\/07\/Boca-Juniors.jpg","keywords":["Boca Juniors","Elecciones 2023"],"articleSection":["Deportes"],"inLanguage":"es","potentialAction":[{"@type":"CommentAction","name":"Comment","target":["https:\/\/informelitoral.com.ar\/la-camara-civil-ordeno-que-las-elecciones-en-boca-se-hagan-en-diciembre\/#respond"]}]},{"@type":"WebPage","@id":"https:\/\/informelitoral.com.ar\/la-camara-civil-ordeno-que-las-elecciones-en-boca-se-hagan-en-diciembre\/","url":"https:\/\/informelitoral.com.ar\/la-camara-civil-ordeno-que-las-elecciones-en-boca-se-hagan-en-diciembre\/","name":"La C\u00e1mara Civil orden\u00f3 que las elecciones en Boca se hagan en diciembre - Informe Litoral","isPartOf":{"@id":"https:\/\/informelitoral.com.ar\/#website"},"primaryImageOfPage":{"@id":"https:\/\/informelitoral.com.ar\/la-camara-civil-ordeno-que-las-elecciones-en-boca-se-hagan-en-diciembre\/#primaryimage"},"image":{"@id":"https:\/\/informelitoral.com.ar\/la-camara-civil-ordeno-que-las-elecciones-en-boca-se-hagan-en-diciembre\/#primaryimage"},"thumbnailUrl":"https:\/\/informelitoral.com.ar\/%77%70%2d%63%6f%6e%74%65%6e%74\/uploads\/2022\/07\/Boca-Juniors.jpg","datePublished":"2023-12-12T11:01:59+00:00","dateModified":"2023-12-12T11:03:45+00:00","breadcrumb":{"@id":"https:\/\/informelitoral.com.ar\/la-camara-civil-ordeno-que-las-elecciones-en-boca-se-hagan-en-diciembre\/#breadcrumb"},"inLanguage":"es","potentialAction":[{"@type":"ReadAction","target":["https:\/\/informelitoral.com.ar\/la-camara-civil-ordeno-que-las-elecciones-en-boca-se-hagan-en-diciembre\/"]}]},{"@type":"ImageObject","inLanguage":"es","@id":"https:\/\/informelitoral.com.ar\/la-camara-civil-ordeno-que-las-elecciones-en-boca-se-hagan-en-diciembre\/#primaryimage","url":"https:\/\/informelitoral.com.ar\/%77%70%2d%63%6f%6e%74%65%6e%74\/uploads\/2022\/07\/Boca-Juniors.jpg","contentUrl":"https:\/\/informelitoral.com.ar\/%77%70%2d%63%6f%6e%74%65%6e%74\/uploads\/2022\/07\/Boca-Juniors.jpg","width":1536,"height":864},{"@type":"BreadcrumbList","@id":"https:\/\/informelitoral.com.ar\/la-camara-civil-ordeno-que-las-elecciones-en-boca-se-hagan-en-diciembre\/#breadcrumb","itemListElement":[{"@type":"ListItem","position":1,"name":"Portada","item":"https:\/\/informelitoral.com.ar\/"},{"@type":"ListItem","position":2,"name":"La C\u00e1mara Civil orden\u00f3 que las elecciones en Boca se hagan en diciembre"}]},{"@type":"WebSite","@id":"https:\/\/informelitoral.com.ar\/#website","url":"https:\/\/informelitoral.com.ar\/","name":"Informe Litoral","description":"&quot;Nos informamos&quot; ","publisher":{"@id":"https:\/\/informelitoral.com.ar\/#organization"},"potentialAction":[{"@type":"SearchAction","target":{"@type":"EntryPoint","urlTemplate":"https:\/\/informelitoral.com.ar\/?s={search_term_string}"},"query-input":{"@type":"PropertyValueSpecification","valueRequired":true,"valueName":"search_term_string"}}],"inLanguage":"es"},{"@type":"Organization","@id":"https:\/\/informelitoral.com.ar\/#organization","name":"Informe Litoral","url":"https:\/\/informelitoral.com.ar\/","logo":{"@type":"ImageObject","inLanguage":"es","@id":"https:\/\/informelitoral.com.ar\/#\/schema\/logo\/image\/","url":"https:\/\/informelitoral.com.ar\/%77%70%2d%63%6f%6e%74%65%6e%74\/uploads\/2021\/01\/circulo.png","contentUrl":"https:\/\/informelitoral.com.ar\/%77%70%2d%63%6f%6e%74%65%6e%74\/uploads\/2021\/01\/circulo.png","width":723,"height":731,"caption":"Informe Litoral"},"image":{"@id":"https:\/\/informelitoral.com.ar\/#\/schema\/logo\/image\/"},"sameAs":["https:\/\/www.facebook.com\/informelitoral\/","https:\/\/x.com\/InformeLitoral","https:\/\/www.instagram.com\/informelitoral\/","https:\/\/www.youtube.com\/channel\/UCua4Qvz8Icb6MYqhoq9xLXw"]},{"@type":"Person","@id":"https:\/\/informelitoral.com.ar\/#\/schema\/person\/f05f9f461677119578717524b127d6d5","name":"Sebastian","image":{"@type":"ImageObject","inLanguage":"es","@id":"https:\/\/secure.gravatar.com\/avatar\/b71bf7481d447dfb9583c7f2798e7cc64de6efb9067b74633ed8c31059a3bd82?s=96&d=mm&r=g","url":"https:\/\/secure.gravatar.com\/avatar\/b71bf7481d447dfb9583c7f2798e7cc64de6efb9067b74633ed8c31059a3bd82?s=96&d=mm&r=g","contentUrl":"https:\/\/secure.gravatar.com\/avatar\/b71bf7481d447dfb9583c7f2798e7cc64de6efb9067b74633ed8c31059a3bd82?s=96&d=mm&r=g","caption":"Sebastian"},"url":"https:\/\/informelitoral.com.ar\/author\/sebastian\/"}]}},"_links":{"self":[{"href":"https:\/\/informelitoral.com.ar\/%77%70%2d%6a%73%6f%6e\/wp\/v2\/posts\/175282","targetHints":{"allow":["GET"]}}],"collection":[{"href":"https:\/\/informelitoral.com.ar\/%77%70%2d%6a%73%6f%6e\/wp\/v2\/posts"}],"about":[{"href":"https:\/\/informelitoral.com.ar\/%77%70%2d%6a%73%6f%6e\/wp\/v2\/types\/post"}],"author":[{"embeddable":true,"href":"https:\/\/informelitoral.com.ar\/%77%70%2d%6a%73%6f%6e\/wp\/v2\/users\/8"}],"replies":[{"embeddable":true,"href":"https:\/\/informelitoral.com.ar\/%77%70%2d%6a%73%6f%6e\/wp\/v2\/comments?post=175282"}],"version-history":[{"count":0,"href":"https:\/\/informelitoral.com.ar\/%77%70%2d%6a%73%6f%6e\/wp\/v2\/posts\/175282\/revisions"}],"wp:featuredmedia":[{"embeddable":true,"href":"https:\/\/informelitoral.com.ar\/%77%70%2d%6a%73%6f%6e\/wp\/v2\/media\/80849"}],"wp:attachment":[{"href":"https:\/\/informelitoral.com.ar\/%77%70%2d%6a%73%6f%6e\/wp\/v2\/media?parent=175282"}],"wp:term":[{"taxonomy":"category","embeddable":true,"href":"https:\/\/informelitoral.com.ar\/%77%70%2d%6a%73%6f%6e\/wp\/v2\/categories?post=175282"},{"taxonomy":"post_tag","embeddable":true,"href":"https:\/\/informelitoral.com.ar\/%77%70%2d%6a%73%6f%6e\/wp\/v2\/tags?post=175282"}],"curies":[{"name":"wp","href":"https:\/\/api.w.org\/{rel}","templated":true}]}}