{"id":175227,"date":"2023-12-12T07:36:38","date_gmt":"2023-12-12T10:36:38","guid":{"rendered":"https:\/\/www.informelitoral.com.ar\/?p=175227"},"modified":"2023-12-12T07:38:05","modified_gmt":"2023-12-12T10:38:05","slug":"carolina-lell-es-la-flamante-presidenta-del-colegio-de-medicos-veterinarios-de-entre-rios","status":"publish","type":"post","link":"https:\/\/informelitoral.com.ar\/carolina-lell-es-la-flamante-presidenta-del-colegio-de-medicos-veterinarios-de-entre-rios\/","title":{"rendered":"Carolina Lell es la flamante presidenta del Colegio de M\u00e9dicos Veterinarios de Entre R\u00edos"},"content":{"rendered":"<p>El Colegio de M\u00e9dicos Veterinarios de Entre R\u00edos (CMVER), inform\u00f3 que el hasta ahora presidente, <strong>Mart\u00edn Sieber<\/strong>, fue convocado para integrar el equipo del Gobierno Provincial del gobernador electo Rogelio Frigerio, para el cargo de<strong> director General de Ganader\u00eda de Entre R\u00edos.<\/strong><\/p>\n<p>\u00ab<strong>La Comisi\u00f3n Directiva respalda plenamente la decisi\u00f3n del M\u00e9d. Vet. Sieber, reconociendo su compromiso con la profesi\u00f3n y su deseo de contribuir al desarrollo de la producci\u00f3n y la participaci\u00f3n de los profesionales veterinarios en la actividad ganadera de la provincia<\/strong>\u00ab, destacaron desde el CMVER.<\/p>\n<p>Con motivo de esta designaci\u00f3n, suspender\u00e1 temporalmente sus funciones como presidente del CMVER. En su lugar, asumir\u00e1 la responsabilidad la m\u00e9dica veterinaria, <strong>Carolina G. Lell,<\/strong> actual vicepresidente. Asimismo, <strong>Luis Tito<\/strong> de la ciudad de Concordia ocupar\u00e1 el cargo de vicepresidente.<\/p>\n<p>\u00abLa transici\u00f3n contar\u00e1 con el pleno apoyo de la comunidad veterinaria, y agradecemos la comprensi\u00f3n de todos durante este periodo de cambio. Estamos seguros de que, bajo la direcci\u00f3n de la MV. Lell, el CMVER continuar\u00e1 fortaleciendo su misi\u00f3n de promover la excelencia en la medicina veterinaria en Entre R\u00edos\u00bb, finaliz\u00f3 el comunicado enviado a <em><strong>Informe Litoral.<\/strong><\/em><\/p>\n","protected":false},"excerpt":{"rendered":"<p>Es en reemplazo del hasta ahora presidente, Mart\u00edn Sieberm, quien fue designado como director de Ganader\u00eda de Entre R\u00edos.<\/p>\n","protected":false},"author":2,"featured_media":175260,"comment_status":"open","ping_status":"open","sticky":false,"template":"","format":"standard","meta":{"fifu_image_url":"","fifu_image_alt":"","footnotes":""},"categories":[10,6],"tags":[],"class_list":{"0":"post-175227","1":"post","2":"type-post","3":"status-publish","4":"format-standard","5":"has-post-thumbnail","7":"category-campo","8":"category-entre-rios"},"yoast_head":"<title>Carolina Lell es la flamante presidenta del Colegio de M\u00e9dicos Veterinarios de Entre R\u00edos - Informe Litoral<\/title>\n<meta name=\"robots\" content=\"index, follow, max-snippet:-1, max-image-preview:large, max-video-preview:-1\" \/>\n<link rel=\"canonical\" href=\"https:\/\/informelitoral.com.ar\/carolina-lell-es-la-flamante-presidenta-del-colegio-de-medicos-veterinarios-de-entre-rios\/\" \/>\n<meta property=\"og:locale\" content=\"es_ES\" \/>\n<meta property=\"og:type\" content=\"article\" \/>\n<meta property=\"og:title\" content=\"Carolina Lell es la flamante presidenta del Colegio de M\u00e9dicos Veterinarios de Entre R\u00edos - Informe Litoral\" \/>\n<meta property=\"og:description\" content=\"Es en reemplazo del hasta ahora presidente, Mart\u00edn Sieberm, quien fue designado como director de Ganader\u00eda de Entre R\u00edos.\" \/>\n<meta property=\"og:url\" content=\"https:\/\/informelitoral.com.ar\/carolina-lell-es-la-flamante-presidenta-del-colegio-de-medicos-veterinarios-de-entre-rios\/\" \/>\n<meta property=\"og:site_name\" content=\"Informe Litoral\" \/>\n<meta property=\"article:publisher\" content=\"https:\/\/www.facebook.com\/informelitoral\/\" \/>\n<meta property=\"article:published_time\" content=\"2023-12-12T10:36:38+00:00\" \/>\n<meta property=\"article:modified_time\" content=\"2023-12-12T10:38:05+00:00\" \/>\n<meta property=\"og:image\" content=\"https:\/\/informelitoral.com.ar\/%77%70%2d%63%6f%6e%74%65%6e%74\/uploads\/2023\/12\/carolina-lell-colegio-medicos-veterinarios-er.jpg\" \/>\n\t<meta property=\"og:image:width\" content=\"1176\" \/>\n\t<meta property=\"og:image:height\" content=\"824\" \/>\n\t<meta property=\"og:image:type\" content=\"image\/jpeg\" \/>\n<meta name=\"author\" content=\"Gonzalo Schmidt\" \/>\n<meta name=\"twitter:card\" content=\"summary_large_image\" \/>\n<meta name=\"twitter:creator\" content=\"@InformeLitoral\" \/>\n<meta name=\"twitter:site\" content=\"@InformeLitoral\" \/>\n<meta name=\"twitter:label1\" content=\"Escrito por\" \/>\n\t<meta name=\"twitter:data1\" content=\"Gonzalo Schmidt\" \/>\n\t<meta name=\"twitter:label2\" content=\"Tiempo de lectura\" \/>\n\t<meta name=\"twitter:data2\" content=\"1 minuto\" \/>\n<script type=\"application\/ld+json\" class=\"yoast-schema-graph\">{\"@context\":\"https:\\\/\\\/schema.org\",\"@graph\":[{\"@type\":\"Article\",\"@id\":\"https:\\\/\\\/informelitoral.com.ar\\\/carolina-lell-es-la-flamante-presidenta-del-colegio-de-medicos-veterinarios-de-entre-rios\\\/#article\",\"isPartOf\":{\"@id\":\"https:\\\/\\\/informelitoral.com.ar\\\/carolina-lell-es-la-flamante-presidenta-del-colegio-de-medicos-veterinarios-de-entre-rios\\\/\"},\"author\":{\"name\":\"Gonzalo Schmidt\",\"@id\":\"https:\\\/\\\/informelitoral.com.ar\\\/#\\\/schema\\\/person\\\/b9d00407c836482871ef1d57bf8e3180\"},\"headline\":\"Carolina Lell es la flamante presidenta del Colegio de M\u00e9dicos Veterinarios de Entre R\u00edos\",\"datePublished\":\"2023-12-12T10:36:38+00:00\",\"dateModified\":\"2023-12-12T10:38:05+00:00\",\"mainEntityOfPage\":{\"@id\":\"https:\\\/\\\/informelitoral.com.ar\\\/carolina-lell-es-la-flamante-presidenta-del-colegio-de-medicos-veterinarios-de-entre-rios\\\/\"},\"wordCount\":218,\"commentCount\":0,\"publisher\":{\"@id\":\"https:\\\/\\\/informelitoral.com.ar\\\/#organization\"},\"image\":{\"@id\":\"https:\\\/\\\/informelitoral.com.ar\\\/carolina-lell-es-la-flamante-presidenta-del-colegio-de-medicos-veterinarios-de-entre-rios\\\/#primaryimage\"},\"thumbnailUrl\":\"https:\\\/\\\/informelitoral.com.ar\\\/%77%70%2d%63%6f%6e%74%65%6e%74\\\/uploads\\\/2023\\\/12\\\/carolina-lell-colegio-medicos-veterinarios-er.jpg\",\"articleSection\":[\"Campo\",\"Entre R\u00edos\"],\"inLanguage\":\"es\",\"potentialAction\":[{\"@type\":\"CommentAction\",\"name\":\"Comment\",\"target\":[\"https:\\\/\\\/informelitoral.com.ar\\\/carolina-lell-es-la-flamante-presidenta-del-colegio-de-medicos-veterinarios-de-entre-rios\\\/#respond\"]}]},{\"@type\":\"WebPage\",\"@id\":\"https:\\\/\\\/informelitoral.com.ar\\\/carolina-lell-es-la-flamante-presidenta-del-colegio-de-medicos-veterinarios-de-entre-rios\\\/\",\"url\":\"https:\\\/\\\/informelitoral.com.ar\\\/carolina-lell-es-la-flamante-presidenta-del-colegio-de-medicos-veterinarios-de-entre-rios\\\/\",\"name\":\"Carolina Lell es la flamante presidenta del Colegio de M\u00e9dicos Veterinarios de Entre R\u00edos - Informe Litoral\",\"isPartOf\":{\"@id\":\"https:\\\/\\\/informelitoral.com.ar\\\/#website\"},\"primaryImageOfPage\":{\"@id\":\"https:\\\/\\\/informelitoral.com.ar\\\/carolina-lell-es-la-flamante-presidenta-del-colegio-de-medicos-veterinarios-de-entre-rios\\\/#primaryimage\"},\"image\":{\"@id\":\"https:\\\/\\\/informelitoral.com.ar\\\/carolina-lell-es-la-flamante-presidenta-del-colegio-de-medicos-veterinarios-de-entre-rios\\\/#primaryimage\"},\"thumbnailUrl\":\"https:\\\/\\\/informelitoral.com.ar\\\/%77%70%2d%63%6f%6e%74%65%6e%74\\\/uploads\\\/2023\\\/12\\\/carolina-lell-colegio-medicos-veterinarios-er.jpg\",\"datePublished\":\"2023-12-12T10:36:38+00:00\",\"dateModified\":\"2023-12-12T10:38:05+00:00\",\"breadcrumb\":{\"@id\":\"https:\\\/\\\/informelitoral.com.ar\\\/carolina-lell-es-la-flamante-presidenta-del-colegio-de-medicos-veterinarios-de-entre-rios\\\/#breadcrumb\"},\"inLanguage\":\"es\",\"potentialAction\":[{\"@type\":\"ReadAction\",\"target\":[\"https:\\\/\\\/informelitoral.com.ar\\\/carolina-lell-es-la-flamante-presidenta-del-colegio-de-medicos-veterinarios-de-entre-rios\\\/\"]}]},{\"@type\":\"ImageObject\",\"inLanguage\":\"es\",\"@id\":\"https:\\\/\\\/informelitoral.com.ar\\\/carolina-lell-es-la-flamante-presidenta-del-colegio-de-medicos-veterinarios-de-entre-rios\\\/#primaryimage\",\"url\":\"https:\\\/\\\/informelitoral.com.ar\\\/%77%70%2d%63%6f%6e%74%65%6e%74\\\/uploads\\\/2023\\\/12\\\/carolina-lell-colegio-medicos-veterinarios-er.jpg\",\"contentUrl\":\"https:\\\/\\\/informelitoral.com.ar\\\/%77%70%2d%63%6f%6e%74%65%6e%74\\\/uploads\\\/2023\\\/12\\\/carolina-lell-colegio-medicos-veterinarios-er.jpg\",\"width\":1176,\"height\":824},{\"@type\":\"BreadcrumbList\",\"@id\":\"https:\\\/\\\/informelitoral.com.ar\\\/carolina-lell-es-la-flamante-presidenta-del-colegio-de-medicos-veterinarios-de-entre-rios\\\/#breadcrumb\",\"itemListElement\":[{\"@type\":\"ListItem\",\"position\":1,\"name\":\"Portada\",\"item\":\"https:\\\/\\\/informelitoral.com.ar\\\/\"},{\"@type\":\"ListItem\",\"position\":2,\"name\":\"Carolina Lell es la flamante presidenta del Colegio de M\u00e9dicos Veterinarios de Entre R\u00edos\"}]},{\"@type\":\"WebSite\",\"@id\":\"https:\\\/\\\/informelitoral.com.ar\\\/#website\",\"url\":\"https:\\\/\\\/informelitoral.com.ar\\\/\",\"name\":\"Informe Litoral\",\"description\":\"&quot;Nos informamos&quot; \",\"publisher\":{\"@id\":\"https:\\\/\\\/informelitoral.com.ar\\\/#organization\"},\"potentialAction\":[{\"@type\":\"SearchAction\",\"target\":{\"@type\":\"EntryPoint\",\"urlTemplate\":\"https:\\\/\\\/informelitoral.com.ar\\\/?s={search_term_string}\"},\"query-input\":{\"@type\":\"PropertyValueSpecification\",\"valueRequired\":true,\"valueName\":\"search_term_string\"}}],\"inLanguage\":\"es\"},{\"@type\":\"Organization\",\"@id\":\"https:\\\/\\\/informelitoral.com.ar\\\/#organization\",\"name\":\"Informe Litoral\",\"url\":\"https:\\\/\\\/informelitoral.com.ar\\\/\",\"logo\":{\"@type\":\"ImageObject\",\"inLanguage\":\"es\",\"@id\":\"https:\\\/\\\/informelitoral.com.ar\\\/#\\\/schema\\\/logo\\\/image\\\/\",\"url\":\"https:\\\/\\\/informelitoral.com.ar\\\/%77%70%2d%63%6f%6e%74%65%6e%74\\\/uploads\\\/2021\\\/01\\\/circulo.png\",\"contentUrl\":\"https:\\\/\\\/informelitoral.com.ar\\\/%77%70%2d%63%6f%6e%74%65%6e%74\\\/uploads\\\/2021\\\/01\\\/circulo.png\",\"width\":723,\"height\":731,\"caption\":\"Informe Litoral\"},\"image\":{\"@id\":\"https:\\\/\\\/informelitoral.com.ar\\\/#\\\/schema\\\/logo\\\/image\\\/\"},\"sameAs\":[\"https:\\\/\\\/www.facebook.com\\\/informelitoral\\\/\",\"https:\\\/\\\/x.com\\\/InformeLitoral\",\"https:\\\/\\\/www.instagram.com\\\/informelitoral\\\/\",\"https:\\\/\\\/www.youtube.com\\\/channel\\\/UCua4Qvz8Icb6MYqhoq9xLXw\"]},{\"@type\":\"Person\",\"@id\":\"https:\\\/\\\/informelitoral.com.ar\\\/#\\\/schema\\\/person\\\/b9d00407c836482871ef1d57bf8e3180\",\"name\":\"Gonzalo Schmidt\",\"image\":{\"@type\":\"ImageObject\",\"inLanguage\":\"es\",\"@id\":\"https:\\\/\\\/secure.gravatar.com\\\/avatar\\\/31a1a7b66ff2de83bd0e9fd79d026630d2d99e55e8bfe501287647b4fd9743de?s=96&d=mm&r=g\",\"url\":\"https:\\\/\\\/secure.gravatar.com\\\/avatar\\\/31a1a7b66ff2de83bd0e9fd79d026630d2d99e55e8bfe501287647b4fd9743de?s=96&d=mm&r=g\",\"contentUrl\":\"https:\\\/\\\/secure.gravatar.com\\\/avatar\\\/31a1a7b66ff2de83bd0e9fd79d026630d2d99e55e8bfe501287647b4fd9743de?s=96&d=mm&r=g\",\"caption\":\"Gonzalo Schmidt\"},\"description\":\"Sitio web de noticias de la provincia de Entre R\u00edos, Argentina. Informaci\u00f3n y entretenimiento. Informe Litoral, nos informamos.\",\"sameAs\":[\"http:\\\/\\\/www.isletasnoticias.com.ar\"],\"url\":\"https:\\\/\\\/informelitoral.com.ar\\\/author\\\/gonzalo\\\/\"}]}<\/script>","yoast_head_json":{"title":"Carolina Lell es la flamante presidenta del Colegio de M\u00e9dicos Veterinarios de Entre R\u00edos - Informe Litoral","robots":{"index":"index","follow":"follow","max-snippet":"max-snippet:-1","max-image-preview":"max-image-preview:large","max-video-preview":"max-video-preview:-1"},"canonical":"https:\/\/informelitoral.com.ar\/carolina-lell-es-la-flamante-presidenta-del-colegio-de-medicos-veterinarios-de-entre-rios\/","og_locale":"es_ES","og_type":"article","og_title":"Carolina Lell es la flamante presidenta del Colegio de M\u00e9dicos Veterinarios de Entre R\u00edos - Informe Litoral","og_description":"Es en reemplazo del hasta ahora presidente, Mart\u00edn Sieberm, quien fue designado como director de Ganader\u00eda de Entre R\u00edos.","og_url":"https:\/\/informelitoral.com.ar\/carolina-lell-es-la-flamante-presidenta-del-colegio-de-medicos-veterinarios-de-entre-rios\/","og_site_name":"Informe Litoral","article_publisher":"https:\/\/www.facebook.com\/informelitoral\/","article_published_time":"2023-12-12T10:36:38+00:00","article_modified_time":"2023-12-12T10:38:05+00:00","og_image":[{"width":1176,"height":824,"url":"https:\/\/informelitoral.com.ar\/%77%70%2d%63%6f%6e%74%65%6e%74\/uploads\/2023\/12\/carolina-lell-colegio-medicos-veterinarios-er.jpg","type":"image\/jpeg"}],"author":"Gonzalo Schmidt","twitter_card":"summary_large_image","twitter_creator":"@InformeLitoral","twitter_site":"@InformeLitoral","twitter_misc":{"Escrito por":"Gonzalo Schmidt","Tiempo de lectura":"1 minuto"},"schema":{"@context":"https:\/\/schema.org","@graph":[{"@type":"Article","@id":"https:\/\/informelitoral.com.ar\/carolina-lell-es-la-flamante-presidenta-del-colegio-de-medicos-veterinarios-de-entre-rios\/#article","isPartOf":{"@id":"https:\/\/informelitoral.com.ar\/carolina-lell-es-la-flamante-presidenta-del-colegio-de-medicos-veterinarios-de-entre-rios\/"},"author":{"name":"Gonzalo Schmidt","@id":"https:\/\/informelitoral.com.ar\/#\/schema\/person\/b9d00407c836482871ef1d57bf8e3180"},"headline":"Carolina Lell es la flamante presidenta del Colegio de M\u00e9dicos Veterinarios de Entre R\u00edos","datePublished":"2023-12-12T10:36:38+00:00","dateModified":"2023-12-12T10:38:05+00:00","mainEntityOfPage":{"@id":"https:\/\/informelitoral.com.ar\/carolina-lell-es-la-flamante-presidenta-del-colegio-de-medicos-veterinarios-de-entre-rios\/"},"wordCount":218,"commentCount":0,"publisher":{"@id":"https:\/\/informelitoral.com.ar\/#organization"},"image":{"@id":"https:\/\/informelitoral.com.ar\/carolina-lell-es-la-flamante-presidenta-del-colegio-de-medicos-veterinarios-de-entre-rios\/#primaryimage"},"thumbnailUrl":"https:\/\/informelitoral.com.ar\/%77%70%2d%63%6f%6e%74%65%6e%74\/uploads\/2023\/12\/carolina-lell-colegio-medicos-veterinarios-er.jpg","articleSection":["Campo","Entre R\u00edos"],"inLanguage":"es","potentialAction":[{"@type":"CommentAction","name":"Comment","target":["https:\/\/informelitoral.com.ar\/carolina-lell-es-la-flamante-presidenta-del-colegio-de-medicos-veterinarios-de-entre-rios\/#respond"]}]},{"@type":"WebPage","@id":"https:\/\/informelitoral.com.ar\/carolina-lell-es-la-flamante-presidenta-del-colegio-de-medicos-veterinarios-de-entre-rios\/","url":"https:\/\/informelitoral.com.ar\/carolina-lell-es-la-flamante-presidenta-del-colegio-de-medicos-veterinarios-de-entre-rios\/","name":"Carolina Lell es la flamante presidenta del Colegio de M\u00e9dicos Veterinarios de Entre R\u00edos - Informe Litoral","isPartOf":{"@id":"https:\/\/informelitoral.com.ar\/#website"},"primaryImageOfPage":{"@id":"https:\/\/informelitoral.com.ar\/carolina-lell-es-la-flamante-presidenta-del-colegio-de-medicos-veterinarios-de-entre-rios\/#primaryimage"},"image":{"@id":"https:\/\/informelitoral.com.ar\/carolina-lell-es-la-flamante-presidenta-del-colegio-de-medicos-veterinarios-de-entre-rios\/#primaryimage"},"thumbnailUrl":"https:\/\/informelitoral.com.ar\/%77%70%2d%63%6f%6e%74%65%6e%74\/uploads\/2023\/12\/carolina-lell-colegio-medicos-veterinarios-er.jpg","datePublished":"2023-12-12T10:36:38+00:00","dateModified":"2023-12-12T10:38:05+00:00","breadcrumb":{"@id":"https:\/\/informelitoral.com.ar\/carolina-lell-es-la-flamante-presidenta-del-colegio-de-medicos-veterinarios-de-entre-rios\/#breadcrumb"},"inLanguage":"es","potentialAction":[{"@type":"ReadAction","target":["https:\/\/informelitoral.com.ar\/carolina-lell-es-la-flamante-presidenta-del-colegio-de-medicos-veterinarios-de-entre-rios\/"]}]},{"@type":"ImageObject","inLanguage":"es","@id":"https:\/\/informelitoral.com.ar\/carolina-lell-es-la-flamante-presidenta-del-colegio-de-medicos-veterinarios-de-entre-rios\/#primaryimage","url":"https:\/\/informelitoral.com.ar\/%77%70%2d%63%6f%6e%74%65%6e%74\/uploads\/2023\/12\/carolina-lell-colegio-medicos-veterinarios-er.jpg","contentUrl":"https:\/\/informelitoral.com.ar\/%77%70%2d%63%6f%6e%74%65%6e%74\/uploads\/2023\/12\/carolina-lell-colegio-medicos-veterinarios-er.jpg","width":1176,"height":824},{"@type":"BreadcrumbList","@id":"https:\/\/informelitoral.com.ar\/carolina-lell-es-la-flamante-presidenta-del-colegio-de-medicos-veterinarios-de-entre-rios\/#breadcrumb","itemListElement":[{"@type":"ListItem","position":1,"name":"Portada","item":"https:\/\/informelitoral.com.ar\/"},{"@type":"ListItem","position":2,"name":"Carolina Lell es la flamante presidenta del Colegio de M\u00e9dicos Veterinarios de Entre R\u00edos"}]},{"@type":"WebSite","@id":"https:\/\/informelitoral.com.ar\/#website","url":"https:\/\/informelitoral.com.ar\/","name":"Informe Litoral","description":"&quot;Nos informamos&quot; ","publisher":{"@id":"https:\/\/informelitoral.com.ar\/#organization"},"potentialAction":[{"@type":"SearchAction","target":{"@type":"EntryPoint","urlTemplate":"https:\/\/informelitoral.com.ar\/?s={search_term_string}"},"query-input":{"@type":"PropertyValueSpecification","valueRequired":true,"valueName":"search_term_string"}}],"inLanguage":"es"},{"@type":"Organization","@id":"https:\/\/informelitoral.com.ar\/#organization","name":"Informe Litoral","url":"https:\/\/informelitoral.com.ar\/","logo":{"@type":"ImageObject","inLanguage":"es","@id":"https:\/\/informelitoral.com.ar\/#\/schema\/logo\/image\/","url":"https:\/\/informelitoral.com.ar\/%77%70%2d%63%6f%6e%74%65%6e%74\/uploads\/2021\/01\/circulo.png","contentUrl":"https:\/\/informelitoral.com.ar\/%77%70%2d%63%6f%6e%74%65%6e%74\/uploads\/2021\/01\/circulo.png","width":723,"height":731,"caption":"Informe Litoral"},"image":{"@id":"https:\/\/informelitoral.com.ar\/#\/schema\/logo\/image\/"},"sameAs":["https:\/\/www.facebook.com\/informelitoral\/","https:\/\/x.com\/InformeLitoral","https:\/\/www.instagram.com\/informelitoral\/","https:\/\/www.youtube.com\/channel\/UCua4Qvz8Icb6MYqhoq9xLXw"]},{"@type":"Person","@id":"https:\/\/informelitoral.com.ar\/#\/schema\/person\/b9d00407c836482871ef1d57bf8e3180","name":"Gonzalo Schmidt","image":{"@type":"ImageObject","inLanguage":"es","@id":"https:\/\/secure.gravatar.com\/avatar\/31a1a7b66ff2de83bd0e9fd79d026630d2d99e55e8bfe501287647b4fd9743de?s=96&d=mm&r=g","url":"https:\/\/secure.gravatar.com\/avatar\/31a1a7b66ff2de83bd0e9fd79d026630d2d99e55e8bfe501287647b4fd9743de?s=96&d=mm&r=g","contentUrl":"https:\/\/secure.gravatar.com\/avatar\/31a1a7b66ff2de83bd0e9fd79d026630d2d99e55e8bfe501287647b4fd9743de?s=96&d=mm&r=g","caption":"Gonzalo Schmidt"},"description":"Sitio web de noticias de la provincia de Entre R\u00edos, Argentina. Informaci\u00f3n y entretenimiento. Informe Litoral, nos informamos.","sameAs":["http:\/\/www.isletasnoticias.com.ar"],"url":"https:\/\/informelitoral.com.ar\/author\/gonzalo\/"}]}},"_links":{"self":[{"href":"https:\/\/informelitoral.com.ar\/%77%70%2d%6a%73%6f%6e\/wp\/v2\/posts\/175227","targetHints":{"allow":["GET"]}}],"collection":[{"href":"https:\/\/informelitoral.com.ar\/%77%70%2d%6a%73%6f%6e\/wp\/v2\/posts"}],"about":[{"href":"https:\/\/informelitoral.com.ar\/%77%70%2d%6a%73%6f%6e\/wp\/v2\/types\/post"}],"author":[{"embeddable":true,"href":"https:\/\/informelitoral.com.ar\/%77%70%2d%6a%73%6f%6e\/wp\/v2\/users\/2"}],"replies":[{"embeddable":true,"href":"https:\/\/informelitoral.com.ar\/%77%70%2d%6a%73%6f%6e\/wp\/v2\/comments?post=175227"}],"version-history":[{"count":0,"href":"https:\/\/informelitoral.com.ar\/%77%70%2d%6a%73%6f%6e\/wp\/v2\/posts\/175227\/revisions"}],"wp:featuredmedia":[{"embeddable":true,"href":"https:\/\/informelitoral.com.ar\/%77%70%2d%6a%73%6f%6e\/wp\/v2\/media\/175260"}],"wp:attachment":[{"href":"https:\/\/informelitoral.com.ar\/%77%70%2d%6a%73%6f%6e\/wp\/v2\/media?parent=175227"}],"wp:term":[{"taxonomy":"category","embeddable":true,"href":"https:\/\/informelitoral.com.ar\/%77%70%2d%6a%73%6f%6e\/wp\/v2\/categories?post=175227"},{"taxonomy":"post_tag","embeddable":true,"href":"https:\/\/informelitoral.com.ar\/%77%70%2d%6a%73%6f%6e\/wp\/v2\/tags?post=175227"}],"curies":[{"name":"wp","href":"https:\/\/api.w.org\/{rel}","templated":true}]}}