{"id":174750,"date":"2023-12-06T20:28:49","date_gmt":"2023-12-06T23:28:49","guid":{"rendered":"https:\/\/www.informelitoral.com.ar\/?p=174750"},"modified":"2023-12-06T20:30:10","modified_gmt":"2023-12-06T23:30:10","slug":"cooperativa-la-ganadera-realizo-su-asamblea-anual-y-se-destacaron-objetivos-alcanzados","status":"publish","type":"post","link":"https:\/\/informelitoral.com.ar\/cooperativa-la-ganadera-realizo-su-asamblea-anual-y-se-destacaron-objetivos-alcanzados\/","title":{"rendered":"Cooperativa La Ganadera realiz\u00f3 su Asamblea Anual y se destacaron objetivos alcanzados"},"content":{"rendered":"<p>Ante la presencia de un buen n\u00famero de asociados y representantes de entidades vincunladas, en el Sal\u00f3n de la Cooperaci\u00f3n de nuestra Sede Social, integrantes del Grupo de Damas de Cambio Rural \u00abEl Despertar\u00bb; de la Juventud Agraria Cooperativista Ram\u00edrez, J\u00f3venes Productores y colaboradores, se detall\u00f3 la memoria institucional en sus aspectos econ\u00f3micos, financieros y tambi\u00e9n social. Adem\u00e1s de la evoluci\u00f3n de cada uno de los Sectores y Centros Operativos de la Cooperativa.<\/p>\n<p><a href=\"https:\/\/www.informelitoral.com.ar\/%77%70%2d%63%6f%6e%74%65%6e%74\/uploads\/2023\/12\/12255589-5b2c-47a5-a06c-74c7a160052f.jpg\"><img loading=\"lazy\" decoding=\"async\" class=\"aligncenter wp-image-174757 size-full\" src=\"https:\/\/www.informelitoral.com.ar\/%77%70%2d%63%6f%6e%74%65%6e%74\/uploads\/2023\/12\/12255589-5b2c-47a5-a06c-74c7a160052f.jpg\" alt=\"\" width=\"1440\" height=\"810\" srcset=\"https:\/\/informelitoral.com.ar\/%77%70%2d%63%6f%6e%74%65%6e%74\/uploads\/2023\/12\/12255589-5b2c-47a5-a06c-74c7a160052f.jpg 1440w, https:\/\/informelitoral.com.ar\/%77%70%2d%63%6f%6e%74%65%6e%74\/uploads\/2023\/12\/12255589-5b2c-47a5-a06c-74c7a160052f-300x169.jpg 300w, https:\/\/informelitoral.com.ar\/%77%70%2d%63%6f%6e%74%65%6e%74\/uploads\/2023\/12\/12255589-5b2c-47a5-a06c-74c7a160052f-1024x576.jpg 1024w, https:\/\/informelitoral.com.ar\/%77%70%2d%63%6f%6e%74%65%6e%74\/uploads\/2023\/12\/12255589-5b2c-47a5-a06c-74c7a160052f-768x432.jpg 768w, https:\/\/informelitoral.com.ar\/%77%70%2d%63%6f%6e%74%65%6e%74\/uploads\/2023\/12\/12255589-5b2c-47a5-a06c-74c7a160052f-696x392.jpg 696w, https:\/\/informelitoral.com.ar\/%77%70%2d%63%6f%6e%74%65%6e%74\/uploads\/2023\/12\/12255589-5b2c-47a5-a06c-74c7a160052f-1068x601.jpg 1068w, https:\/\/informelitoral.com.ar\/%77%70%2d%63%6f%6e%74%65%6e%74\/uploads\/2023\/12\/12255589-5b2c-47a5-a06c-74c7a160052f-747x420.jpg 747w\" sizes=\"auto, (max-width: 1440px) 100vw, 1440px\" \/><\/a>El presidente,<strong> Fabi\u00e1n Leichner<\/strong> brind\u00f3 sus palabras de bienvenida y el Gerente General, <strong>Fabi\u00e1n Chort<\/strong>, dio detalles de un ejercicio marcado por la sequia y la volatilidad econ\u00f3mica, pero pese a ello, valor\u00f3 que La Ganadera fue avanzando en diferentes objetivos como la Planta 1 que est\u00e1 en su \u00faltima etapa, el Sal\u00f3n Comercial y la caladora nueva en Pueblo Brugo.<\/p>\n<p><a href=\"https:\/\/www.informelitoral.com.ar\/%77%70%2d%63%6f%6e%74%65%6e%74\/uploads\/2023\/12\/12255df0-bcdf-4cee-aada-c214489bcef0.jpg\"><img loading=\"lazy\" decoding=\"async\" class=\"aligncenter wp-image-174755 size-full\" src=\"https:\/\/www.informelitoral.com.ar\/%77%70%2d%63%6f%6e%74%65%6e%74\/uploads\/2023\/12\/12255df0-bcdf-4cee-aada-c214489bcef0.jpg\" alt=\"\" width=\"1440\" height=\"810\" srcset=\"https:\/\/informelitoral.com.ar\/%77%70%2d%63%6f%6e%74%65%6e%74\/uploads\/2023\/12\/12255df0-bcdf-4cee-aada-c214489bcef0.jpg 1440w, https:\/\/informelitoral.com.ar\/%77%70%2d%63%6f%6e%74%65%6e%74\/uploads\/2023\/12\/12255df0-bcdf-4cee-aada-c214489bcef0-300x169.jpg 300w, https:\/\/informelitoral.com.ar\/%77%70%2d%63%6f%6e%74%65%6e%74\/uploads\/2023\/12\/12255df0-bcdf-4cee-aada-c214489bcef0-1024x576.jpg 1024w, https:\/\/informelitoral.com.ar\/%77%70%2d%63%6f%6e%74%65%6e%74\/uploads\/2023\/12\/12255df0-bcdf-4cee-aada-c214489bcef0-768x432.jpg 768w, https:\/\/informelitoral.com.ar\/%77%70%2d%63%6f%6e%74%65%6e%74\/uploads\/2023\/12\/12255df0-bcdf-4cee-aada-c214489bcef0-696x392.jpg 696w, https:\/\/informelitoral.com.ar\/%77%70%2d%63%6f%6e%74%65%6e%74\/uploads\/2023\/12\/12255df0-bcdf-4cee-aada-c214489bcef0-1068x601.jpg 1068w, https:\/\/informelitoral.com.ar\/%77%70%2d%63%6f%6e%74%65%6e%74\/uploads\/2023\/12\/12255df0-bcdf-4cee-aada-c214489bcef0-747x420.jpg 747w\" sizes=\"auto, (max-width: 1440px) 100vw, 1440px\" \/><\/a>\u201cEn un contexto complejo, una vez m\u00e1s pudimos sobreponernos a los obst\u00e1culos y estar cerca de los productores y asociados\u201d.<\/p>\n<p><a href=\"https:\/\/www.informelitoral.com.ar\/%77%70%2d%63%6f%6e%74%65%6e%74\/uploads\/2023\/12\/a4687f7f-47fb-4bbb-b535-50700e57a225.jpg\"><img loading=\"lazy\" decoding=\"async\" class=\"aligncenter wp-image-174758 size-full\" src=\"https:\/\/www.informelitoral.com.ar\/%77%70%2d%63%6f%6e%74%65%6e%74\/uploads\/2023\/12\/a4687f7f-47fb-4bbb-b535-50700e57a225.jpg\" alt=\"\" width=\"1440\" height=\"810\" srcset=\"https:\/\/informelitoral.com.ar\/%77%70%2d%63%6f%6e%74%65%6e%74\/uploads\/2023\/12\/a4687f7f-47fb-4bbb-b535-50700e57a225.jpg 1440w, https:\/\/informelitoral.com.ar\/%77%70%2d%63%6f%6e%74%65%6e%74\/uploads\/2023\/12\/a4687f7f-47fb-4bbb-b535-50700e57a225-300x169.jpg 300w, https:\/\/informelitoral.com.ar\/%77%70%2d%63%6f%6e%74%65%6e%74\/uploads\/2023\/12\/a4687f7f-47fb-4bbb-b535-50700e57a225-1024x576.jpg 1024w, https:\/\/informelitoral.com.ar\/%77%70%2d%63%6f%6e%74%65%6e%74\/uploads\/2023\/12\/a4687f7f-47fb-4bbb-b535-50700e57a225-768x432.jpg 768w, https:\/\/informelitoral.com.ar\/%77%70%2d%63%6f%6e%74%65%6e%74\/uploads\/2023\/12\/a4687f7f-47fb-4bbb-b535-50700e57a225-696x392.jpg 696w, https:\/\/informelitoral.com.ar\/%77%70%2d%63%6f%6e%74%65%6e%74\/uploads\/2023\/12\/a4687f7f-47fb-4bbb-b535-50700e57a225-1068x601.jpg 1068w, https:\/\/informelitoral.com.ar\/%77%70%2d%63%6f%6e%74%65%6e%74\/uploads\/2023\/12\/a4687f7f-47fb-4bbb-b535-50700e57a225-747x420.jpg 747w\" sizes=\"auto, (max-width: 1440px) 100vw, 1440px\" \/><\/a><\/p>\n<p>Por otra parte, se realiz\u00f3 un reconocimiento y entrega de una placa al Consejero <strong>Gonzalo \u00c1lvarez Maldonado,<\/strong> quien culmin\u00f3 su mandato en este per\u00edodo pero que durante varias d\u00e9cadas aporto su experiencia al movimiento Cooperativo a nivel interno, provincial como nacional.<\/p>\n<p><a href=\"https:\/\/www.informelitoral.com.ar\/%77%70%2d%63%6f%6e%74%65%6e%74\/uploads\/2023\/12\/193fa336-f5fb-4a93-a1f3-ae24deda496b.jpg\"><img loading=\"lazy\" decoding=\"async\" class=\"aligncenter wp-image-174754 size-full\" src=\"https:\/\/www.informelitoral.com.ar\/%77%70%2d%63%6f%6e%74%65%6e%74\/uploads\/2023\/12\/193fa336-f5fb-4a93-a1f3-ae24deda496b.jpg\" alt=\"\" width=\"1440\" height=\"810\" srcset=\"https:\/\/informelitoral.com.ar\/%77%70%2d%63%6f%6e%74%65%6e%74\/uploads\/2023\/12\/193fa336-f5fb-4a93-a1f3-ae24deda496b.jpg 1440w, https:\/\/informelitoral.com.ar\/%77%70%2d%63%6f%6e%74%65%6e%74\/uploads\/2023\/12\/193fa336-f5fb-4a93-a1f3-ae24deda496b-300x169.jpg 300w, https:\/\/informelitoral.com.ar\/%77%70%2d%63%6f%6e%74%65%6e%74\/uploads\/2023\/12\/193fa336-f5fb-4a93-a1f3-ae24deda496b-1024x576.jpg 1024w, https:\/\/informelitoral.com.ar\/%77%70%2d%63%6f%6e%74%65%6e%74\/uploads\/2023\/12\/193fa336-f5fb-4a93-a1f3-ae24deda496b-768x432.jpg 768w, https:\/\/informelitoral.com.ar\/%77%70%2d%63%6f%6e%74%65%6e%74\/uploads\/2023\/12\/193fa336-f5fb-4a93-a1f3-ae24deda496b-696x392.jpg 696w, https:\/\/informelitoral.com.ar\/%77%70%2d%63%6f%6e%74%65%6e%74\/uploads\/2023\/12\/193fa336-f5fb-4a93-a1f3-ae24deda496b-1068x601.jpg 1068w, https:\/\/informelitoral.com.ar\/%77%70%2d%63%6f%6e%74%65%6e%74\/uploads\/2023\/12\/193fa336-f5fb-4a93-a1f3-ae24deda496b-747x420.jpg 747w\" sizes=\"auto, (max-width: 1440px) 100vw, 1440px\" \/><\/a><\/p>\n<p>Si bien en esta ocasi\u00f3n no se present\u00f3 Balance Social, se expusieron las principales actividades desarrolladas en el ejercicio en el marco institucional y social.<\/p>\n<p><a href=\"https:\/\/www.informelitoral.com.ar\/%77%70%2d%63%6f%6e%74%65%6e%74\/uploads\/2023\/12\/089c05b3-e0f1-4e77-a06f-9f723f25ebb6.jpg\"><img loading=\"lazy\" decoding=\"async\" class=\"aligncenter wp-image-174753 size-full\" src=\"https:\/\/www.informelitoral.com.ar\/%77%70%2d%63%6f%6e%74%65%6e%74\/uploads\/2023\/12\/089c05b3-e0f1-4e77-a06f-9f723f25ebb6.jpg\" alt=\"\" width=\"1440\" height=\"810\" srcset=\"https:\/\/informelitoral.com.ar\/%77%70%2d%63%6f%6e%74%65%6e%74\/uploads\/2023\/12\/089c05b3-e0f1-4e77-a06f-9f723f25ebb6.jpg 1440w, https:\/\/informelitoral.com.ar\/%77%70%2d%63%6f%6e%74%65%6e%74\/uploads\/2023\/12\/089c05b3-e0f1-4e77-a06f-9f723f25ebb6-300x169.jpg 300w, https:\/\/informelitoral.com.ar\/%77%70%2d%63%6f%6e%74%65%6e%74\/uploads\/2023\/12\/089c05b3-e0f1-4e77-a06f-9f723f25ebb6-1024x576.jpg 1024w, https:\/\/informelitoral.com.ar\/%77%70%2d%63%6f%6e%74%65%6e%74\/uploads\/2023\/12\/089c05b3-e0f1-4e77-a06f-9f723f25ebb6-768x432.jpg 768w, https:\/\/informelitoral.com.ar\/%77%70%2d%63%6f%6e%74%65%6e%74\/uploads\/2023\/12\/089c05b3-e0f1-4e77-a06f-9f723f25ebb6-696x392.jpg 696w, https:\/\/informelitoral.com.ar\/%77%70%2d%63%6f%6e%74%65%6e%74\/uploads\/2023\/12\/089c05b3-e0f1-4e77-a06f-9f723f25ebb6-1068x601.jpg 1068w, https:\/\/informelitoral.com.ar\/%77%70%2d%63%6f%6e%74%65%6e%74\/uploads\/2023\/12\/089c05b3-e0f1-4e77-a06f-9f723f25ebb6-747x420.jpg 747w\" sizes=\"auto, (max-width: 1440px) 100vw, 1440px\" \/><\/a><\/p>\n<p>Para concluir, el presidente Leichner brind\u00f3 las palabras finales adem\u00e1s del desarrollo de lo abordado en el periodo, donde destaca: \u00abHoy, es un buen momento para celebrar a los productores asociados que se sumaron y que sumaron a otros, porque es gracias a esos precursores que hicieron que ese proyecto Cooperativo comience a hacerse realidad. Hoy, es una realidad. Y en este marco, en lo personal, fue complejo y triste, sin embargo, hoy quiero destacar a una persona muy especial que este a\u00f1o lamentablemente tuve que despedir, pero que mientras me acompa\u00f1o, me transmiti\u00f3 esos valores, la fortaleza del sistema cooperativo y el sentido de pertenencia a mi empresa familiar; mi padre\u00bb.<\/p>\n<p><a href=\"https:\/\/www.informelitoral.com.ar\/%77%70%2d%63%6f%6e%74%65%6e%74\/uploads\/2023\/12\/c8249bd5-da32-4461-8149-6c50c8ff2800.jpg\"><img loading=\"lazy\" decoding=\"async\" class=\"aligncenter wp-image-174759 size-full\" src=\"https:\/\/www.informelitoral.com.ar\/%77%70%2d%63%6f%6e%74%65%6e%74\/uploads\/2023\/12\/c8249bd5-da32-4461-8149-6c50c8ff2800.jpg\" alt=\"\" width=\"1440\" height=\"810\" srcset=\"https:\/\/informelitoral.com.ar\/%77%70%2d%63%6f%6e%74%65%6e%74\/uploads\/2023\/12\/c8249bd5-da32-4461-8149-6c50c8ff2800.jpg 1440w, https:\/\/informelitoral.com.ar\/%77%70%2d%63%6f%6e%74%65%6e%74\/uploads\/2023\/12\/c8249bd5-da32-4461-8149-6c50c8ff2800-300x169.jpg 300w, https:\/\/informelitoral.com.ar\/%77%70%2d%63%6f%6e%74%65%6e%74\/uploads\/2023\/12\/c8249bd5-da32-4461-8149-6c50c8ff2800-1024x576.jpg 1024w, https:\/\/informelitoral.com.ar\/%77%70%2d%63%6f%6e%74%65%6e%74\/uploads\/2023\/12\/c8249bd5-da32-4461-8149-6c50c8ff2800-768x432.jpg 768w, https:\/\/informelitoral.com.ar\/%77%70%2d%63%6f%6e%74%65%6e%74\/uploads\/2023\/12\/c8249bd5-da32-4461-8149-6c50c8ff2800-696x392.jpg 696w, https:\/\/informelitoral.com.ar\/%77%70%2d%63%6f%6e%74%65%6e%74\/uploads\/2023\/12\/c8249bd5-da32-4461-8149-6c50c8ff2800-1068x601.jpg 1068w, https:\/\/informelitoral.com.ar\/%77%70%2d%63%6f%6e%74%65%6e%74\/uploads\/2023\/12\/c8249bd5-da32-4461-8149-6c50c8ff2800-747x420.jpg 747w\" sizes=\"auto, (max-width: 1440px) 100vw, 1440px\" \/><\/a><\/p>\n<p>Para finalizar, expres\u00f3: \u00abnos es de inter\u00e9s transmitir y comunicar todas las acciones que se llevaron a cabo en nuestra Cooperativa, recordar que estamos a disposici\u00f3n ante todas las consultas que quieran realizar, porque en \u00e9sta etapa los estamos representando a ustedes nuestros asociados que son el eslab\u00f3n inicial y, sobre todo, porque estamos convencidos que somos una gran familia\u00bb.<\/p>\n","protected":false},"excerpt":{"rendered":"<p>Cooperativa La Ganadera concret\u00f3 el lunes 4 de diciembre su Asamblea General Ordinaria correspondiente al Ejercicio Econ\u00f3mico y Social N\u00ba 71, desde el 1\u00ba de septiembre de 2022 hasta el 31 de agosto de 2023.<\/p>\n","protected":false},"author":2,"featured_media":174757,"comment_status":"open","ping_status":"open","sticky":false,"template":"","format":"standard","meta":{"fifu_image_url":"","fifu_image_alt":"","footnotes":""},"categories":[10,5],"tags":[3266,137,55],"class_list":{"0":"post-174750","1":"post","2":"type-post","3":"status-publish","4":"format-standard","5":"has-post-thumbnail","7":"category-campo","8":"category-zonales","9":"tag-asamblea","10":"tag-cooperativa","11":"tag-la-ganadera"},"yoast_head":"<title>Cooperativa La Ganadera realiz\u00f3 su Asamblea Anual y se destacaron objetivos alcanzados - Informe Litoral<\/title>\n<meta name=\"robots\" content=\"index, follow, max-snippet:-1, max-image-preview:large, max-video-preview:-1\" \/>\n<link rel=\"canonical\" href=\"https:\/\/informelitoral.com.ar\/cooperativa-la-ganadera-realizo-su-asamblea-anual-y-se-destacaron-objetivos-alcanzados\/\" \/>\n<meta property=\"og:locale\" content=\"es_ES\" \/>\n<meta property=\"og:type\" content=\"article\" \/>\n<meta property=\"og:title\" content=\"Cooperativa La Ganadera realiz\u00f3 su Asamblea Anual y se destacaron objetivos alcanzados - Informe Litoral\" \/>\n<meta property=\"og:description\" content=\"Cooperativa La Ganadera concret\u00f3 el lunes 4 de diciembre su Asamblea General Ordinaria correspondiente al Ejercicio Econ\u00f3mico y Social N\u00ba 71, desde el 1\u00ba de septiembre de 2022 hasta el 31 de agosto de 2023.\" \/>\n<meta property=\"og:url\" content=\"https:\/\/informelitoral.com.ar\/cooperativa-la-ganadera-realizo-su-asamblea-anual-y-se-destacaron-objetivos-alcanzados\/\" \/>\n<meta property=\"og:site_name\" content=\"Informe Litoral\" \/>\n<meta property=\"article:publisher\" content=\"https:\/\/www.facebook.com\/informelitoral\/\" \/>\n<meta property=\"article:published_time\" content=\"2023-12-06T23:28:49+00:00\" \/>\n<meta property=\"article:modified_time\" content=\"2023-12-06T23:30:10+00:00\" \/>\n<meta property=\"og:image\" content=\"https:\/\/informelitoral.com.ar\/%77%70%2d%63%6f%6e%74%65%6e%74\/uploads\/2023\/12\/12255589-5b2c-47a5-a06c-74c7a160052f.jpg\" \/>\n\t<meta property=\"og:image:width\" content=\"1440\" \/>\n\t<meta property=\"og:image:height\" content=\"810\" \/>\n\t<meta property=\"og:image:type\" content=\"image\/jpeg\" \/>\n<meta name=\"author\" content=\"Gonzalo Schmidt\" \/>\n<meta name=\"twitter:card\" content=\"summary_large_image\" \/>\n<meta name=\"twitter:creator\" content=\"@InformeLitoral\" \/>\n<meta name=\"twitter:site\" content=\"@InformeLitoral\" \/>\n<meta name=\"twitter:label1\" content=\"Escrito por\" \/>\n\t<meta name=\"twitter:data1\" content=\"Gonzalo Schmidt\" \/>\n\t<meta name=\"twitter:label2\" content=\"Tiempo de lectura\" \/>\n\t<meta name=\"twitter:data2\" content=\"2 minutos\" \/>\n<script type=\"application\/ld+json\" class=\"yoast-schema-graph\">{\"@context\":\"https:\\\/\\\/schema.org\",\"@graph\":[{\"@type\":\"Article\",\"@id\":\"https:\\\/\\\/informelitoral.com.ar\\\/cooperativa-la-ganadera-realizo-su-asamblea-anual-y-se-destacaron-objetivos-alcanzados\\\/#article\",\"isPartOf\":{\"@id\":\"https:\\\/\\\/informelitoral.com.ar\\\/cooperativa-la-ganadera-realizo-su-asamblea-anual-y-se-destacaron-objetivos-alcanzados\\\/\"},\"author\":{\"name\":\"Gonzalo Schmidt\",\"@id\":\"https:\\\/\\\/informelitoral.com.ar\\\/#\\\/schema\\\/person\\\/b9d00407c836482871ef1d57bf8e3180\"},\"headline\":\"Cooperativa La Ganadera realiz\u00f3 su Asamblea Anual y se destacaron objetivos alcanzados\",\"datePublished\":\"2023-12-06T23:28:49+00:00\",\"dateModified\":\"2023-12-06T23:30:10+00:00\",\"mainEntityOfPage\":{\"@id\":\"https:\\\/\\\/informelitoral.com.ar\\\/cooperativa-la-ganadera-realizo-su-asamblea-anual-y-se-destacaron-objetivos-alcanzados\\\/\"},\"wordCount\":427,\"commentCount\":0,\"publisher\":{\"@id\":\"https:\\\/\\\/informelitoral.com.ar\\\/#organization\"},\"image\":{\"@id\":\"https:\\\/\\\/informelitoral.com.ar\\\/cooperativa-la-ganadera-realizo-su-asamblea-anual-y-se-destacaron-objetivos-alcanzados\\\/#primaryimage\"},\"thumbnailUrl\":\"https:\\\/\\\/informelitoral.com.ar\\\/%77%70%2d%63%6f%6e%74%65%6e%74\\\/uploads\\\/2023\\\/12\\\/12255589-5b2c-47a5-a06c-74c7a160052f.jpg\",\"keywords\":[\"Asamblea\",\"Cooperativa\",\"La Ganadera\"],\"articleSection\":[\"Campo\",\"Departamento Diamante\"],\"inLanguage\":\"es\",\"potentialAction\":[{\"@type\":\"CommentAction\",\"name\":\"Comment\",\"target\":[\"https:\\\/\\\/informelitoral.com.ar\\\/cooperativa-la-ganadera-realizo-su-asamblea-anual-y-se-destacaron-objetivos-alcanzados\\\/#respond\"]}]},{\"@type\":\"WebPage\",\"@id\":\"https:\\\/\\\/informelitoral.com.ar\\\/cooperativa-la-ganadera-realizo-su-asamblea-anual-y-se-destacaron-objetivos-alcanzados\\\/\",\"url\":\"https:\\\/\\\/informelitoral.com.ar\\\/cooperativa-la-ganadera-realizo-su-asamblea-anual-y-se-destacaron-objetivos-alcanzados\\\/\",\"name\":\"Cooperativa La Ganadera realiz\u00f3 su Asamblea Anual y se destacaron objetivos alcanzados - Informe Litoral\",\"isPartOf\":{\"@id\":\"https:\\\/\\\/informelitoral.com.ar\\\/#website\"},\"primaryImageOfPage\":{\"@id\":\"https:\\\/\\\/informelitoral.com.ar\\\/cooperativa-la-ganadera-realizo-su-asamblea-anual-y-se-destacaron-objetivos-alcanzados\\\/#primaryimage\"},\"image\":{\"@id\":\"https:\\\/\\\/informelitoral.com.ar\\\/cooperativa-la-ganadera-realizo-su-asamblea-anual-y-se-destacaron-objetivos-alcanzados\\\/#primaryimage\"},\"thumbnailUrl\":\"https:\\\/\\\/informelitoral.com.ar\\\/%77%70%2d%63%6f%6e%74%65%6e%74\\\/uploads\\\/2023\\\/12\\\/12255589-5b2c-47a5-a06c-74c7a160052f.jpg\",\"datePublished\":\"2023-12-06T23:28:49+00:00\",\"dateModified\":\"2023-12-06T23:30:10+00:00\",\"breadcrumb\":{\"@id\":\"https:\\\/\\\/informelitoral.com.ar\\\/cooperativa-la-ganadera-realizo-su-asamblea-anual-y-se-destacaron-objetivos-alcanzados\\\/#breadcrumb\"},\"inLanguage\":\"es\",\"potentialAction\":[{\"@type\":\"ReadAction\",\"target\":[\"https:\\\/\\\/informelitoral.com.ar\\\/cooperativa-la-ganadera-realizo-su-asamblea-anual-y-se-destacaron-objetivos-alcanzados\\\/\"]}]},{\"@type\":\"ImageObject\",\"inLanguage\":\"es\",\"@id\":\"https:\\\/\\\/informelitoral.com.ar\\\/cooperativa-la-ganadera-realizo-su-asamblea-anual-y-se-destacaron-objetivos-alcanzados\\\/#primaryimage\",\"url\":\"https:\\\/\\\/informelitoral.com.ar\\\/%77%70%2d%63%6f%6e%74%65%6e%74\\\/uploads\\\/2023\\\/12\\\/12255589-5b2c-47a5-a06c-74c7a160052f.jpg\",\"contentUrl\":\"https:\\\/\\\/informelitoral.com.ar\\\/%77%70%2d%63%6f%6e%74%65%6e%74\\\/uploads\\\/2023\\\/12\\\/12255589-5b2c-47a5-a06c-74c7a160052f.jpg\",\"width\":1440,\"height\":810},{\"@type\":\"BreadcrumbList\",\"@id\":\"https:\\\/\\\/informelitoral.com.ar\\\/cooperativa-la-ganadera-realizo-su-asamblea-anual-y-se-destacaron-objetivos-alcanzados\\\/#breadcrumb\",\"itemListElement\":[{\"@type\":\"ListItem\",\"position\":1,\"name\":\"Portada\",\"item\":\"https:\\\/\\\/informelitoral.com.ar\\\/\"},{\"@type\":\"ListItem\",\"position\":2,\"name\":\"Cooperativa La Ganadera realiz\u00f3 su Asamblea Anual y se destacaron objetivos alcanzados\"}]},{\"@type\":\"WebSite\",\"@id\":\"https:\\\/\\\/informelitoral.com.ar\\\/#website\",\"url\":\"https:\\\/\\\/informelitoral.com.ar\\\/\",\"name\":\"Informe Litoral\",\"description\":\"&quot;Nos informamos&quot; \",\"publisher\":{\"@id\":\"https:\\\/\\\/informelitoral.com.ar\\\/#organization\"},\"potentialAction\":[{\"@type\":\"SearchAction\",\"target\":{\"@type\":\"EntryPoint\",\"urlTemplate\":\"https:\\\/\\\/informelitoral.com.ar\\\/?s={search_term_string}\"},\"query-input\":{\"@type\":\"PropertyValueSpecification\",\"valueRequired\":true,\"valueName\":\"search_term_string\"}}],\"inLanguage\":\"es\"},{\"@type\":\"Organization\",\"@id\":\"https:\\\/\\\/informelitoral.com.ar\\\/#organization\",\"name\":\"Informe Litoral\",\"url\":\"https:\\\/\\\/informelitoral.com.ar\\\/\",\"logo\":{\"@type\":\"ImageObject\",\"inLanguage\":\"es\",\"@id\":\"https:\\\/\\\/informelitoral.com.ar\\\/#\\\/schema\\\/logo\\\/image\\\/\",\"url\":\"https:\\\/\\\/informelitoral.com.ar\\\/%77%70%2d%63%6f%6e%74%65%6e%74\\\/uploads\\\/2021\\\/01\\\/circulo.png\",\"contentUrl\":\"https:\\\/\\\/informelitoral.com.ar\\\/%77%70%2d%63%6f%6e%74%65%6e%74\\\/uploads\\\/2021\\\/01\\\/circulo.png\",\"width\":723,\"height\":731,\"caption\":\"Informe Litoral\"},\"image\":{\"@id\":\"https:\\\/\\\/informelitoral.com.ar\\\/#\\\/schema\\\/logo\\\/image\\\/\"},\"sameAs\":[\"https:\\\/\\\/www.facebook.com\\\/informelitoral\\\/\",\"https:\\\/\\\/x.com\\\/InformeLitoral\",\"https:\\\/\\\/www.instagram.com\\\/informelitoral\\\/\",\"https:\\\/\\\/www.youtube.com\\\/channel\\\/UCua4Qvz8Icb6MYqhoq9xLXw\"]},{\"@type\":\"Person\",\"@id\":\"https:\\\/\\\/informelitoral.com.ar\\\/#\\\/schema\\\/person\\\/b9d00407c836482871ef1d57bf8e3180\",\"name\":\"Gonzalo Schmidt\",\"image\":{\"@type\":\"ImageObject\",\"inLanguage\":\"es\",\"@id\":\"https:\\\/\\\/secure.gravatar.com\\\/avatar\\\/31a1a7b66ff2de83bd0e9fd79d026630d2d99e55e8bfe501287647b4fd9743de?s=96&d=mm&r=g\",\"url\":\"https:\\\/\\\/secure.gravatar.com\\\/avatar\\\/31a1a7b66ff2de83bd0e9fd79d026630d2d99e55e8bfe501287647b4fd9743de?s=96&d=mm&r=g\",\"contentUrl\":\"https:\\\/\\\/secure.gravatar.com\\\/avatar\\\/31a1a7b66ff2de83bd0e9fd79d026630d2d99e55e8bfe501287647b4fd9743de?s=96&d=mm&r=g\",\"caption\":\"Gonzalo Schmidt\"},\"description\":\"Sitio web de noticias de la provincia de Entre R\u00edos, Argentina. Informaci\u00f3n y entretenimiento. Informe Litoral, nos informamos.\",\"sameAs\":[\"http:\\\/\\\/www.isletasnoticias.com.ar\"],\"url\":\"https:\\\/\\\/informelitoral.com.ar\\\/author\\\/gonzalo\\\/\"}]}<\/script>","yoast_head_json":{"title":"Cooperativa La Ganadera realiz\u00f3 su Asamblea Anual y se destacaron objetivos alcanzados - Informe Litoral","robots":{"index":"index","follow":"follow","max-snippet":"max-snippet:-1","max-image-preview":"max-image-preview:large","max-video-preview":"max-video-preview:-1"},"canonical":"https:\/\/informelitoral.com.ar\/cooperativa-la-ganadera-realizo-su-asamblea-anual-y-se-destacaron-objetivos-alcanzados\/","og_locale":"es_ES","og_type":"article","og_title":"Cooperativa La Ganadera realiz\u00f3 su Asamblea Anual y se destacaron objetivos alcanzados - Informe Litoral","og_description":"Cooperativa La Ganadera concret\u00f3 el lunes 4 de diciembre su Asamblea General Ordinaria correspondiente al Ejercicio Econ\u00f3mico y Social N\u00ba 71, desde el 1\u00ba de septiembre de 2022 hasta el 31 de agosto de 2023.","og_url":"https:\/\/informelitoral.com.ar\/cooperativa-la-ganadera-realizo-su-asamblea-anual-y-se-destacaron-objetivos-alcanzados\/","og_site_name":"Informe Litoral","article_publisher":"https:\/\/www.facebook.com\/informelitoral\/","article_published_time":"2023-12-06T23:28:49+00:00","article_modified_time":"2023-12-06T23:30:10+00:00","og_image":[{"width":1440,"height":810,"url":"https:\/\/informelitoral.com.ar\/%77%70%2d%63%6f%6e%74%65%6e%74\/uploads\/2023\/12\/12255589-5b2c-47a5-a06c-74c7a160052f.jpg","type":"image\/jpeg"}],"author":"Gonzalo Schmidt","twitter_card":"summary_large_image","twitter_creator":"@InformeLitoral","twitter_site":"@InformeLitoral","twitter_misc":{"Escrito por":"Gonzalo Schmidt","Tiempo de lectura":"2 minutos"},"schema":{"@context":"https:\/\/schema.org","@graph":[{"@type":"Article","@id":"https:\/\/informelitoral.com.ar\/cooperativa-la-ganadera-realizo-su-asamblea-anual-y-se-destacaron-objetivos-alcanzados\/#article","isPartOf":{"@id":"https:\/\/informelitoral.com.ar\/cooperativa-la-ganadera-realizo-su-asamblea-anual-y-se-destacaron-objetivos-alcanzados\/"},"author":{"name":"Gonzalo Schmidt","@id":"https:\/\/informelitoral.com.ar\/#\/schema\/person\/b9d00407c836482871ef1d57bf8e3180"},"headline":"Cooperativa La Ganadera realiz\u00f3 su Asamblea Anual y se destacaron objetivos alcanzados","datePublished":"2023-12-06T23:28:49+00:00","dateModified":"2023-12-06T23:30:10+00:00","mainEntityOfPage":{"@id":"https:\/\/informelitoral.com.ar\/cooperativa-la-ganadera-realizo-su-asamblea-anual-y-se-destacaron-objetivos-alcanzados\/"},"wordCount":427,"commentCount":0,"publisher":{"@id":"https:\/\/informelitoral.com.ar\/#organization"},"image":{"@id":"https:\/\/informelitoral.com.ar\/cooperativa-la-ganadera-realizo-su-asamblea-anual-y-se-destacaron-objetivos-alcanzados\/#primaryimage"},"thumbnailUrl":"https:\/\/informelitoral.com.ar\/%77%70%2d%63%6f%6e%74%65%6e%74\/uploads\/2023\/12\/12255589-5b2c-47a5-a06c-74c7a160052f.jpg","keywords":["Asamblea","Cooperativa","La Ganadera"],"articleSection":["Campo","Departamento Diamante"],"inLanguage":"es","potentialAction":[{"@type":"CommentAction","name":"Comment","target":["https:\/\/informelitoral.com.ar\/cooperativa-la-ganadera-realizo-su-asamblea-anual-y-se-destacaron-objetivos-alcanzados\/#respond"]}]},{"@type":"WebPage","@id":"https:\/\/informelitoral.com.ar\/cooperativa-la-ganadera-realizo-su-asamblea-anual-y-se-destacaron-objetivos-alcanzados\/","url":"https:\/\/informelitoral.com.ar\/cooperativa-la-ganadera-realizo-su-asamblea-anual-y-se-destacaron-objetivos-alcanzados\/","name":"Cooperativa La Ganadera realiz\u00f3 su Asamblea Anual y se destacaron objetivos alcanzados - Informe Litoral","isPartOf":{"@id":"https:\/\/informelitoral.com.ar\/#website"},"primaryImageOfPage":{"@id":"https:\/\/informelitoral.com.ar\/cooperativa-la-ganadera-realizo-su-asamblea-anual-y-se-destacaron-objetivos-alcanzados\/#primaryimage"},"image":{"@id":"https:\/\/informelitoral.com.ar\/cooperativa-la-ganadera-realizo-su-asamblea-anual-y-se-destacaron-objetivos-alcanzados\/#primaryimage"},"thumbnailUrl":"https:\/\/informelitoral.com.ar\/%77%70%2d%63%6f%6e%74%65%6e%74\/uploads\/2023\/12\/12255589-5b2c-47a5-a06c-74c7a160052f.jpg","datePublished":"2023-12-06T23:28:49+00:00","dateModified":"2023-12-06T23:30:10+00:00","breadcrumb":{"@id":"https:\/\/informelitoral.com.ar\/cooperativa-la-ganadera-realizo-su-asamblea-anual-y-se-destacaron-objetivos-alcanzados\/#breadcrumb"},"inLanguage":"es","potentialAction":[{"@type":"ReadAction","target":["https:\/\/informelitoral.com.ar\/cooperativa-la-ganadera-realizo-su-asamblea-anual-y-se-destacaron-objetivos-alcanzados\/"]}]},{"@type":"ImageObject","inLanguage":"es","@id":"https:\/\/informelitoral.com.ar\/cooperativa-la-ganadera-realizo-su-asamblea-anual-y-se-destacaron-objetivos-alcanzados\/#primaryimage","url":"https:\/\/informelitoral.com.ar\/%77%70%2d%63%6f%6e%74%65%6e%74\/uploads\/2023\/12\/12255589-5b2c-47a5-a06c-74c7a160052f.jpg","contentUrl":"https:\/\/informelitoral.com.ar\/%77%70%2d%63%6f%6e%74%65%6e%74\/uploads\/2023\/12\/12255589-5b2c-47a5-a06c-74c7a160052f.jpg","width":1440,"height":810},{"@type":"BreadcrumbList","@id":"https:\/\/informelitoral.com.ar\/cooperativa-la-ganadera-realizo-su-asamblea-anual-y-se-destacaron-objetivos-alcanzados\/#breadcrumb","itemListElement":[{"@type":"ListItem","position":1,"name":"Portada","item":"https:\/\/informelitoral.com.ar\/"},{"@type":"ListItem","position":2,"name":"Cooperativa La Ganadera realiz\u00f3 su Asamblea Anual y se destacaron objetivos alcanzados"}]},{"@type":"WebSite","@id":"https:\/\/informelitoral.com.ar\/#website","url":"https:\/\/informelitoral.com.ar\/","name":"Informe Litoral","description":"&quot;Nos informamos&quot; ","publisher":{"@id":"https:\/\/informelitoral.com.ar\/#organization"},"potentialAction":[{"@type":"SearchAction","target":{"@type":"EntryPoint","urlTemplate":"https:\/\/informelitoral.com.ar\/?s={search_term_string}"},"query-input":{"@type":"PropertyValueSpecification","valueRequired":true,"valueName":"search_term_string"}}],"inLanguage":"es"},{"@type":"Organization","@id":"https:\/\/informelitoral.com.ar\/#organization","name":"Informe Litoral","url":"https:\/\/informelitoral.com.ar\/","logo":{"@type":"ImageObject","inLanguage":"es","@id":"https:\/\/informelitoral.com.ar\/#\/schema\/logo\/image\/","url":"https:\/\/informelitoral.com.ar\/%77%70%2d%63%6f%6e%74%65%6e%74\/uploads\/2021\/01\/circulo.png","contentUrl":"https:\/\/informelitoral.com.ar\/%77%70%2d%63%6f%6e%74%65%6e%74\/uploads\/2021\/01\/circulo.png","width":723,"height":731,"caption":"Informe Litoral"},"image":{"@id":"https:\/\/informelitoral.com.ar\/#\/schema\/logo\/image\/"},"sameAs":["https:\/\/www.facebook.com\/informelitoral\/","https:\/\/x.com\/InformeLitoral","https:\/\/www.instagram.com\/informelitoral\/","https:\/\/www.youtube.com\/channel\/UCua4Qvz8Icb6MYqhoq9xLXw"]},{"@type":"Person","@id":"https:\/\/informelitoral.com.ar\/#\/schema\/person\/b9d00407c836482871ef1d57bf8e3180","name":"Gonzalo Schmidt","image":{"@type":"ImageObject","inLanguage":"es","@id":"https:\/\/secure.gravatar.com\/avatar\/31a1a7b66ff2de83bd0e9fd79d026630d2d99e55e8bfe501287647b4fd9743de?s=96&d=mm&r=g","url":"https:\/\/secure.gravatar.com\/avatar\/31a1a7b66ff2de83bd0e9fd79d026630d2d99e55e8bfe501287647b4fd9743de?s=96&d=mm&r=g","contentUrl":"https:\/\/secure.gravatar.com\/avatar\/31a1a7b66ff2de83bd0e9fd79d026630d2d99e55e8bfe501287647b4fd9743de?s=96&d=mm&r=g","caption":"Gonzalo Schmidt"},"description":"Sitio web de noticias de la provincia de Entre R\u00edos, Argentina. Informaci\u00f3n y entretenimiento. Informe Litoral, nos informamos.","sameAs":["http:\/\/www.isletasnoticias.com.ar"],"url":"https:\/\/informelitoral.com.ar\/author\/gonzalo\/"}]}},"_links":{"self":[{"href":"https:\/\/informelitoral.com.ar\/%77%70%2d%6a%73%6f%6e\/wp\/v2\/posts\/174750","targetHints":{"allow":["GET"]}}],"collection":[{"href":"https:\/\/informelitoral.com.ar\/%77%70%2d%6a%73%6f%6e\/wp\/v2\/posts"}],"about":[{"href":"https:\/\/informelitoral.com.ar\/%77%70%2d%6a%73%6f%6e\/wp\/v2\/types\/post"}],"author":[{"embeddable":true,"href":"https:\/\/informelitoral.com.ar\/%77%70%2d%6a%73%6f%6e\/wp\/v2\/users\/2"}],"replies":[{"embeddable":true,"href":"https:\/\/informelitoral.com.ar\/%77%70%2d%6a%73%6f%6e\/wp\/v2\/comments?post=174750"}],"version-history":[{"count":0,"href":"https:\/\/informelitoral.com.ar\/%77%70%2d%6a%73%6f%6e\/wp\/v2\/posts\/174750\/revisions"}],"wp:featuredmedia":[{"embeddable":true,"href":"https:\/\/informelitoral.com.ar\/%77%70%2d%6a%73%6f%6e\/wp\/v2\/media\/174757"}],"wp:attachment":[{"href":"https:\/\/informelitoral.com.ar\/%77%70%2d%6a%73%6f%6e\/wp\/v2\/media?parent=174750"}],"wp:term":[{"taxonomy":"category","embeddable":true,"href":"https:\/\/informelitoral.com.ar\/%77%70%2d%6a%73%6f%6e\/wp\/v2\/categories?post=174750"},{"taxonomy":"post_tag","embeddable":true,"href":"https:\/\/informelitoral.com.ar\/%77%70%2d%6a%73%6f%6e\/wp\/v2\/tags?post=174750"}],"curies":[{"name":"wp","href":"https:\/\/api.w.org\/{rel}","templated":true}]}}