{"id":174477,"date":"2023-12-04T07:15:21","date_gmt":"2023-12-04T10:15:21","guid":{"rendered":"https:\/\/www.informelitoral.com.ar\/?p=174477"},"modified":"2023-12-04T07:15:21","modified_gmt":"2023-12-04T10:15:21","slug":"el-lunes-empezo-inestable-como-seguira-el-tiempo-durante-la-semana","status":"publish","type":"post","link":"https:\/\/informelitoral.com.ar\/el-lunes-empezo-inestable-como-seguira-el-tiempo-durante-la-semana\/","title":{"rendered":"El lunes empez\u00f3 inestable: c\u00f3mo seguir\u00e1 el tiempo durante la semana"},"content":{"rendered":"<p>Con el ingreso del frente fr\u00edo, las temperaturas bajaron notoriamente el domingo en la regi\u00f3n y se espera que los registros t\u00e9rmicos inferiores a los habituales para esta \u00e9poca del a\u00f1o se mantengan durante algunas jornadas.<\/p>\n<p>Para hoy se prev\u00e9 cielo nuboso e inestable, al tiempo que no se descartan\u00a0<b>lluvias o lloviznas en algunos sectores de Entre R\u00edos<\/b>. La temperatura m\u00e1xima rondar\u00eda los 23 grados.<\/p>\n<p>El viento del este y sureste ser\u00e1 dominante en buena parte de la nueva semana en el centro y norte de Argentina, y este ser\u00e1 un factor fundamental para que se produzca un periodo de varios d\u00edas con temperaturas bastante m\u00e1s bajas que los valores promedios para la \u00e9poca.<\/p>\n<p>Para el\u00a0<b>martes<\/b>\u00a0se prev\u00e9 que habr\u00e1 m\u00e1s inestabilidad y anticipan algunas tormentas aisladas, con temperaturas que alcanzar\u00edan los 21 grados.<\/p>\n<p>El\u00a0<b>mi\u00e9rcoles<\/b>\u00a0iniciar\u00eda nuboso y con la probabilidad de algunas lloviznas. Luego, gradualmente ir\u00eda mejorando, aunque se mantendr\u00eda fresco, con marcas por debajo de los 25 grados.<\/p>\n<p><b>Desde el jueves y con jornadas soleadas<\/b>\u00a0empezar\u00e1 el ascenso m\u00e1s notorio de los registros t\u00e9rmicos que ese d\u00eda volver\u00e1n a acercarse a los 30 grados. El viernes perdurar\u00eda el buen tiempo.<\/p>\n","protected":false},"excerpt":{"rendered":"<p>Se produjo una notable baja de temperatura para esta \u00e9poca del a\u00f1o. El sol reaparecer\u00e1 a mediados de semana y desde ese momento los term\u00f3metros empezar\u00e1n a repuntar. <\/p>\n","protected":false},"author":2,"featured_media":64632,"comment_status":"open","ping_status":"open","sticky":false,"template":"","format":"standard","meta":{"fifu_image_url":"","fifu_image_alt":"","footnotes":""},"categories":[6],"tags":[38,2444,114,2759,113],"class_list":{"0":"post-174477","1":"post","2":"type-post","3":"status-publish","4":"format-standard","5":"has-post-thumbnail","7":"category-entre-rios","8":"tag-el-tiempo","9":"tag-inestable","10":"tag-pronostico","11":"tag-pronostico-del-tiempo","12":"tag-smn"},"yoast_head":"<title>El lunes empez\u00f3 inestable: c\u00f3mo seguir\u00e1 el tiempo durante la semana - Informe Litoral<\/title>\n<meta name=\"robots\" content=\"index, follow, max-snippet:-1, max-image-preview:large, max-video-preview:-1\" \/>\n<link rel=\"canonical\" href=\"https:\/\/informelitoral.com.ar\/el-lunes-empezo-inestable-como-seguira-el-tiempo-durante-la-semana\/\" \/>\n<meta property=\"og:locale\" content=\"es_ES\" \/>\n<meta property=\"og:type\" content=\"article\" \/>\n<meta property=\"og:title\" content=\"El lunes empez\u00f3 inestable: c\u00f3mo seguir\u00e1 el tiempo durante la semana - Informe Litoral\" \/>\n<meta property=\"og:description\" content=\"Se produjo una notable baja de temperatura para esta \u00e9poca del a\u00f1o. El sol reaparecer\u00e1 a mediados de semana y desde ese momento los term\u00f3metros empezar\u00e1n a repuntar.\" \/>\n<meta property=\"og:url\" content=\"https:\/\/informelitoral.com.ar\/el-lunes-empezo-inestable-como-seguira-el-tiempo-durante-la-semana\/\" \/>\n<meta property=\"og:site_name\" content=\"Informe Litoral\" \/>\n<meta property=\"article:publisher\" content=\"https:\/\/www.facebook.com\/informelitoral\/\" \/>\n<meta property=\"article:published_time\" content=\"2023-12-04T10:15:21+00:00\" \/>\n<meta property=\"og:image\" content=\"https:\/\/informelitoral.com.ar\/%77%70%2d%63%6f%6e%74%65%6e%74\/uploads\/2021\/09\/tiempo-inestable.jpg\" \/>\n\t<meta property=\"og:image:width\" content=\"654\" \/>\n\t<meta property=\"og:image:height\" content=\"369\" \/>\n\t<meta property=\"og:image:type\" content=\"image\/jpeg\" \/>\n<meta name=\"author\" content=\"Gonzalo Schmidt\" \/>\n<meta name=\"twitter:card\" content=\"summary_large_image\" \/>\n<meta name=\"twitter:creator\" content=\"@InformeLitoral\" \/>\n<meta name=\"twitter:site\" content=\"@InformeLitoral\" \/>\n<meta name=\"twitter:label1\" content=\"Escrito por\" \/>\n\t<meta name=\"twitter:data1\" content=\"Gonzalo Schmidt\" \/>\n\t<meta name=\"twitter:label2\" content=\"Tiempo de lectura\" \/>\n\t<meta name=\"twitter:data2\" content=\"1 minuto\" \/>\n<script type=\"application\/ld+json\" class=\"yoast-schema-graph\">{\"@context\":\"https:\\\/\\\/schema.org\",\"@graph\":[{\"@type\":\"Article\",\"@id\":\"https:\\\/\\\/informelitoral.com.ar\\\/el-lunes-empezo-inestable-como-seguira-el-tiempo-durante-la-semana\\\/#article\",\"isPartOf\":{\"@id\":\"https:\\\/\\\/informelitoral.com.ar\\\/el-lunes-empezo-inestable-como-seguira-el-tiempo-durante-la-semana\\\/\"},\"author\":{\"name\":\"Gonzalo Schmidt\",\"@id\":\"https:\\\/\\\/informelitoral.com.ar\\\/#\\\/schema\\\/person\\\/b9d00407c836482871ef1d57bf8e3180\"},\"headline\":\"El lunes empez\u00f3 inestable: c\u00f3mo seguir\u00e1 el tiempo durante la semana\",\"datePublished\":\"2023-12-04T10:15:21+00:00\",\"mainEntityOfPage\":{\"@id\":\"https:\\\/\\\/informelitoral.com.ar\\\/el-lunes-empezo-inestable-como-seguira-el-tiempo-durante-la-semana\\\/\"},\"wordCount\":223,\"commentCount\":0,\"publisher\":{\"@id\":\"https:\\\/\\\/informelitoral.com.ar\\\/#organization\"},\"image\":{\"@id\":\"https:\\\/\\\/informelitoral.com.ar\\\/el-lunes-empezo-inestable-como-seguira-el-tiempo-durante-la-semana\\\/#primaryimage\"},\"thumbnailUrl\":\"https:\\\/\\\/informelitoral.com.ar\\\/%77%70%2d%63%6f%6e%74%65%6e%74\\\/uploads\\\/2021\\\/09\\\/tiempo-inestable.jpg\",\"keywords\":[\"El tiempo\",\"Inestable\",\"Pron\u00f3stico\",\"Pron\u00f3stico del tiempo\",\"SMN\"],\"articleSection\":[\"Entre R\u00edos\"],\"inLanguage\":\"es\",\"potentialAction\":[{\"@type\":\"CommentAction\",\"name\":\"Comment\",\"target\":[\"https:\\\/\\\/informelitoral.com.ar\\\/el-lunes-empezo-inestable-como-seguira-el-tiempo-durante-la-semana\\\/#respond\"]}]},{\"@type\":\"WebPage\",\"@id\":\"https:\\\/\\\/informelitoral.com.ar\\\/el-lunes-empezo-inestable-como-seguira-el-tiempo-durante-la-semana\\\/\",\"url\":\"https:\\\/\\\/informelitoral.com.ar\\\/el-lunes-empezo-inestable-como-seguira-el-tiempo-durante-la-semana\\\/\",\"name\":\"El lunes empez\u00f3 inestable: c\u00f3mo seguir\u00e1 el tiempo durante la semana - Informe Litoral\",\"isPartOf\":{\"@id\":\"https:\\\/\\\/informelitoral.com.ar\\\/#website\"},\"primaryImageOfPage\":{\"@id\":\"https:\\\/\\\/informelitoral.com.ar\\\/el-lunes-empezo-inestable-como-seguira-el-tiempo-durante-la-semana\\\/#primaryimage\"},\"image\":{\"@id\":\"https:\\\/\\\/informelitoral.com.ar\\\/el-lunes-empezo-inestable-como-seguira-el-tiempo-durante-la-semana\\\/#primaryimage\"},\"thumbnailUrl\":\"https:\\\/\\\/informelitoral.com.ar\\\/%77%70%2d%63%6f%6e%74%65%6e%74\\\/uploads\\\/2021\\\/09\\\/tiempo-inestable.jpg\",\"datePublished\":\"2023-12-04T10:15:21+00:00\",\"breadcrumb\":{\"@id\":\"https:\\\/\\\/informelitoral.com.ar\\\/el-lunes-empezo-inestable-como-seguira-el-tiempo-durante-la-semana\\\/#breadcrumb\"},\"inLanguage\":\"es\",\"potentialAction\":[{\"@type\":\"ReadAction\",\"target\":[\"https:\\\/\\\/informelitoral.com.ar\\\/el-lunes-empezo-inestable-como-seguira-el-tiempo-durante-la-semana\\\/\"]}]},{\"@type\":\"ImageObject\",\"inLanguage\":\"es\",\"@id\":\"https:\\\/\\\/informelitoral.com.ar\\\/el-lunes-empezo-inestable-como-seguira-el-tiempo-durante-la-semana\\\/#primaryimage\",\"url\":\"https:\\\/\\\/informelitoral.com.ar\\\/%77%70%2d%63%6f%6e%74%65%6e%74\\\/uploads\\\/2021\\\/09\\\/tiempo-inestable.jpg\",\"contentUrl\":\"https:\\\/\\\/informelitoral.com.ar\\\/%77%70%2d%63%6f%6e%74%65%6e%74\\\/uploads\\\/2021\\\/09\\\/tiempo-inestable.jpg\",\"width\":654,\"height\":369},{\"@type\":\"BreadcrumbList\",\"@id\":\"https:\\\/\\\/informelitoral.com.ar\\\/el-lunes-empezo-inestable-como-seguira-el-tiempo-durante-la-semana\\\/#breadcrumb\",\"itemListElement\":[{\"@type\":\"ListItem\",\"position\":1,\"name\":\"Portada\",\"item\":\"https:\\\/\\\/informelitoral.com.ar\\\/\"},{\"@type\":\"ListItem\",\"position\":2,\"name\":\"El lunes empez\u00f3 inestable: c\u00f3mo seguir\u00e1 el tiempo durante la semana\"}]},{\"@type\":\"WebSite\",\"@id\":\"https:\\\/\\\/informelitoral.com.ar\\\/#website\",\"url\":\"https:\\\/\\\/informelitoral.com.ar\\\/\",\"name\":\"Informe Litoral\",\"description\":\"&quot;Nos informamos&quot; \",\"publisher\":{\"@id\":\"https:\\\/\\\/informelitoral.com.ar\\\/#organization\"},\"potentialAction\":[{\"@type\":\"SearchAction\",\"target\":{\"@type\":\"EntryPoint\",\"urlTemplate\":\"https:\\\/\\\/informelitoral.com.ar\\\/?s={search_term_string}\"},\"query-input\":{\"@type\":\"PropertyValueSpecification\",\"valueRequired\":true,\"valueName\":\"search_term_string\"}}],\"inLanguage\":\"es\"},{\"@type\":\"Organization\",\"@id\":\"https:\\\/\\\/informelitoral.com.ar\\\/#organization\",\"name\":\"Informe Litoral\",\"url\":\"https:\\\/\\\/informelitoral.com.ar\\\/\",\"logo\":{\"@type\":\"ImageObject\",\"inLanguage\":\"es\",\"@id\":\"https:\\\/\\\/informelitoral.com.ar\\\/#\\\/schema\\\/logo\\\/image\\\/\",\"url\":\"https:\\\/\\\/informelitoral.com.ar\\\/%77%70%2d%63%6f%6e%74%65%6e%74\\\/uploads\\\/2021\\\/01\\\/circulo.png\",\"contentUrl\":\"https:\\\/\\\/informelitoral.com.ar\\\/%77%70%2d%63%6f%6e%74%65%6e%74\\\/uploads\\\/2021\\\/01\\\/circulo.png\",\"width\":723,\"height\":731,\"caption\":\"Informe Litoral\"},\"image\":{\"@id\":\"https:\\\/\\\/informelitoral.com.ar\\\/#\\\/schema\\\/logo\\\/image\\\/\"},\"sameAs\":[\"https:\\\/\\\/www.facebook.com\\\/informelitoral\\\/\",\"https:\\\/\\\/x.com\\\/InformeLitoral\",\"https:\\\/\\\/www.instagram.com\\\/informelitoral\\\/\",\"https:\\\/\\\/www.youtube.com\\\/channel\\\/UCua4Qvz8Icb6MYqhoq9xLXw\"]},{\"@type\":\"Person\",\"@id\":\"https:\\\/\\\/informelitoral.com.ar\\\/#\\\/schema\\\/person\\\/b9d00407c836482871ef1d57bf8e3180\",\"name\":\"Gonzalo Schmidt\",\"image\":{\"@type\":\"ImageObject\",\"inLanguage\":\"es\",\"@id\":\"https:\\\/\\\/secure.gravatar.com\\\/avatar\\\/31a1a7b66ff2de83bd0e9fd79d026630d2d99e55e8bfe501287647b4fd9743de?s=96&d=mm&r=g\",\"url\":\"https:\\\/\\\/secure.gravatar.com\\\/avatar\\\/31a1a7b66ff2de83bd0e9fd79d026630d2d99e55e8bfe501287647b4fd9743de?s=96&d=mm&r=g\",\"contentUrl\":\"https:\\\/\\\/secure.gravatar.com\\\/avatar\\\/31a1a7b66ff2de83bd0e9fd79d026630d2d99e55e8bfe501287647b4fd9743de?s=96&d=mm&r=g\",\"caption\":\"Gonzalo Schmidt\"},\"description\":\"Sitio web de noticias de la provincia de Entre R\u00edos, Argentina. Informaci\u00f3n y entretenimiento. Informe Litoral, nos informamos.\",\"sameAs\":[\"http:\\\/\\\/www.isletasnoticias.com.ar\"],\"url\":\"https:\\\/\\\/informelitoral.com.ar\\\/author\\\/gonzalo\\\/\"}]}<\/script>","yoast_head_json":{"title":"El lunes empez\u00f3 inestable: c\u00f3mo seguir\u00e1 el tiempo durante la semana - Informe Litoral","robots":{"index":"index","follow":"follow","max-snippet":"max-snippet:-1","max-image-preview":"max-image-preview:large","max-video-preview":"max-video-preview:-1"},"canonical":"https:\/\/informelitoral.com.ar\/el-lunes-empezo-inestable-como-seguira-el-tiempo-durante-la-semana\/","og_locale":"es_ES","og_type":"article","og_title":"El lunes empez\u00f3 inestable: c\u00f3mo seguir\u00e1 el tiempo durante la semana - Informe Litoral","og_description":"Se produjo una notable baja de temperatura para esta \u00e9poca del a\u00f1o. El sol reaparecer\u00e1 a mediados de semana y desde ese momento los term\u00f3metros empezar\u00e1n a repuntar.","og_url":"https:\/\/informelitoral.com.ar\/el-lunes-empezo-inestable-como-seguira-el-tiempo-durante-la-semana\/","og_site_name":"Informe Litoral","article_publisher":"https:\/\/www.facebook.com\/informelitoral\/","article_published_time":"2023-12-04T10:15:21+00:00","og_image":[{"width":654,"height":369,"url":"https:\/\/informelitoral.com.ar\/%77%70%2d%63%6f%6e%74%65%6e%74\/uploads\/2021\/09\/tiempo-inestable.jpg","type":"image\/jpeg"}],"author":"Gonzalo Schmidt","twitter_card":"summary_large_image","twitter_creator":"@InformeLitoral","twitter_site":"@InformeLitoral","twitter_misc":{"Escrito por":"Gonzalo Schmidt","Tiempo de lectura":"1 minuto"},"schema":{"@context":"https:\/\/schema.org","@graph":[{"@type":"Article","@id":"https:\/\/informelitoral.com.ar\/el-lunes-empezo-inestable-como-seguira-el-tiempo-durante-la-semana\/#article","isPartOf":{"@id":"https:\/\/informelitoral.com.ar\/el-lunes-empezo-inestable-como-seguira-el-tiempo-durante-la-semana\/"},"author":{"name":"Gonzalo Schmidt","@id":"https:\/\/informelitoral.com.ar\/#\/schema\/person\/b9d00407c836482871ef1d57bf8e3180"},"headline":"El lunes empez\u00f3 inestable: c\u00f3mo seguir\u00e1 el tiempo durante la semana","datePublished":"2023-12-04T10:15:21+00:00","mainEntityOfPage":{"@id":"https:\/\/informelitoral.com.ar\/el-lunes-empezo-inestable-como-seguira-el-tiempo-durante-la-semana\/"},"wordCount":223,"commentCount":0,"publisher":{"@id":"https:\/\/informelitoral.com.ar\/#organization"},"image":{"@id":"https:\/\/informelitoral.com.ar\/el-lunes-empezo-inestable-como-seguira-el-tiempo-durante-la-semana\/#primaryimage"},"thumbnailUrl":"https:\/\/informelitoral.com.ar\/%77%70%2d%63%6f%6e%74%65%6e%74\/uploads\/2021\/09\/tiempo-inestable.jpg","keywords":["El tiempo","Inestable","Pron\u00f3stico","Pron\u00f3stico del tiempo","SMN"],"articleSection":["Entre R\u00edos"],"inLanguage":"es","potentialAction":[{"@type":"CommentAction","name":"Comment","target":["https:\/\/informelitoral.com.ar\/el-lunes-empezo-inestable-como-seguira-el-tiempo-durante-la-semana\/#respond"]}]},{"@type":"WebPage","@id":"https:\/\/informelitoral.com.ar\/el-lunes-empezo-inestable-como-seguira-el-tiempo-durante-la-semana\/","url":"https:\/\/informelitoral.com.ar\/el-lunes-empezo-inestable-como-seguira-el-tiempo-durante-la-semana\/","name":"El lunes empez\u00f3 inestable: c\u00f3mo seguir\u00e1 el tiempo durante la semana - Informe Litoral","isPartOf":{"@id":"https:\/\/informelitoral.com.ar\/#website"},"primaryImageOfPage":{"@id":"https:\/\/informelitoral.com.ar\/el-lunes-empezo-inestable-como-seguira-el-tiempo-durante-la-semana\/#primaryimage"},"image":{"@id":"https:\/\/informelitoral.com.ar\/el-lunes-empezo-inestable-como-seguira-el-tiempo-durante-la-semana\/#primaryimage"},"thumbnailUrl":"https:\/\/informelitoral.com.ar\/%77%70%2d%63%6f%6e%74%65%6e%74\/uploads\/2021\/09\/tiempo-inestable.jpg","datePublished":"2023-12-04T10:15:21+00:00","breadcrumb":{"@id":"https:\/\/informelitoral.com.ar\/el-lunes-empezo-inestable-como-seguira-el-tiempo-durante-la-semana\/#breadcrumb"},"inLanguage":"es","potentialAction":[{"@type":"ReadAction","target":["https:\/\/informelitoral.com.ar\/el-lunes-empezo-inestable-como-seguira-el-tiempo-durante-la-semana\/"]}]},{"@type":"ImageObject","inLanguage":"es","@id":"https:\/\/informelitoral.com.ar\/el-lunes-empezo-inestable-como-seguira-el-tiempo-durante-la-semana\/#primaryimage","url":"https:\/\/informelitoral.com.ar\/%77%70%2d%63%6f%6e%74%65%6e%74\/uploads\/2021\/09\/tiempo-inestable.jpg","contentUrl":"https:\/\/informelitoral.com.ar\/%77%70%2d%63%6f%6e%74%65%6e%74\/uploads\/2021\/09\/tiempo-inestable.jpg","width":654,"height":369},{"@type":"BreadcrumbList","@id":"https:\/\/informelitoral.com.ar\/el-lunes-empezo-inestable-como-seguira-el-tiempo-durante-la-semana\/#breadcrumb","itemListElement":[{"@type":"ListItem","position":1,"name":"Portada","item":"https:\/\/informelitoral.com.ar\/"},{"@type":"ListItem","position":2,"name":"El lunes empez\u00f3 inestable: c\u00f3mo seguir\u00e1 el tiempo durante la semana"}]},{"@type":"WebSite","@id":"https:\/\/informelitoral.com.ar\/#website","url":"https:\/\/informelitoral.com.ar\/","name":"Informe Litoral","description":"&quot;Nos informamos&quot; ","publisher":{"@id":"https:\/\/informelitoral.com.ar\/#organization"},"potentialAction":[{"@type":"SearchAction","target":{"@type":"EntryPoint","urlTemplate":"https:\/\/informelitoral.com.ar\/?s={search_term_string}"},"query-input":{"@type":"PropertyValueSpecification","valueRequired":true,"valueName":"search_term_string"}}],"inLanguage":"es"},{"@type":"Organization","@id":"https:\/\/informelitoral.com.ar\/#organization","name":"Informe Litoral","url":"https:\/\/informelitoral.com.ar\/","logo":{"@type":"ImageObject","inLanguage":"es","@id":"https:\/\/informelitoral.com.ar\/#\/schema\/logo\/image\/","url":"https:\/\/informelitoral.com.ar\/%77%70%2d%63%6f%6e%74%65%6e%74\/uploads\/2021\/01\/circulo.png","contentUrl":"https:\/\/informelitoral.com.ar\/%77%70%2d%63%6f%6e%74%65%6e%74\/uploads\/2021\/01\/circulo.png","width":723,"height":731,"caption":"Informe Litoral"},"image":{"@id":"https:\/\/informelitoral.com.ar\/#\/schema\/logo\/image\/"},"sameAs":["https:\/\/www.facebook.com\/informelitoral\/","https:\/\/x.com\/InformeLitoral","https:\/\/www.instagram.com\/informelitoral\/","https:\/\/www.youtube.com\/channel\/UCua4Qvz8Icb6MYqhoq9xLXw"]},{"@type":"Person","@id":"https:\/\/informelitoral.com.ar\/#\/schema\/person\/b9d00407c836482871ef1d57bf8e3180","name":"Gonzalo Schmidt","image":{"@type":"ImageObject","inLanguage":"es","@id":"https:\/\/secure.gravatar.com\/avatar\/31a1a7b66ff2de83bd0e9fd79d026630d2d99e55e8bfe501287647b4fd9743de?s=96&d=mm&r=g","url":"https:\/\/secure.gravatar.com\/avatar\/31a1a7b66ff2de83bd0e9fd79d026630d2d99e55e8bfe501287647b4fd9743de?s=96&d=mm&r=g","contentUrl":"https:\/\/secure.gravatar.com\/avatar\/31a1a7b66ff2de83bd0e9fd79d026630d2d99e55e8bfe501287647b4fd9743de?s=96&d=mm&r=g","caption":"Gonzalo Schmidt"},"description":"Sitio web de noticias de la provincia de Entre R\u00edos, Argentina. Informaci\u00f3n y entretenimiento. Informe Litoral, nos informamos.","sameAs":["http:\/\/www.isletasnoticias.com.ar"],"url":"https:\/\/informelitoral.com.ar\/author\/gonzalo\/"}]}},"_links":{"self":[{"href":"https:\/\/informelitoral.com.ar\/%77%70%2d%6a%73%6f%6e\/wp\/v2\/posts\/174477","targetHints":{"allow":["GET"]}}],"collection":[{"href":"https:\/\/informelitoral.com.ar\/%77%70%2d%6a%73%6f%6e\/wp\/v2\/posts"}],"about":[{"href":"https:\/\/informelitoral.com.ar\/%77%70%2d%6a%73%6f%6e\/wp\/v2\/types\/post"}],"author":[{"embeddable":true,"href":"https:\/\/informelitoral.com.ar\/%77%70%2d%6a%73%6f%6e\/wp\/v2\/users\/2"}],"replies":[{"embeddable":true,"href":"https:\/\/informelitoral.com.ar\/%77%70%2d%6a%73%6f%6e\/wp\/v2\/comments?post=174477"}],"version-history":[{"count":0,"href":"https:\/\/informelitoral.com.ar\/%77%70%2d%6a%73%6f%6e\/wp\/v2\/posts\/174477\/revisions"}],"wp:featuredmedia":[{"embeddable":true,"href":"https:\/\/informelitoral.com.ar\/%77%70%2d%6a%73%6f%6e\/wp\/v2\/media\/64632"}],"wp:attachment":[{"href":"https:\/\/informelitoral.com.ar\/%77%70%2d%6a%73%6f%6e\/wp\/v2\/media?parent=174477"}],"wp:term":[{"taxonomy":"category","embeddable":true,"href":"https:\/\/informelitoral.com.ar\/%77%70%2d%6a%73%6f%6e\/wp\/v2\/categories?post=174477"},{"taxonomy":"post_tag","embeddable":true,"href":"https:\/\/informelitoral.com.ar\/%77%70%2d%6a%73%6f%6e\/wp\/v2\/tags?post=174477"}],"curies":[{"name":"wp","href":"https:\/\/api.w.org\/{rel}","templated":true}]}}