{"id":174473,"date":"2023-12-04T06:57:10","date_gmt":"2023-12-04T09:57:10","guid":{"rendered":"https:\/\/www.informelitoral.com.ar\/?p=174473"},"modified":"2023-12-04T06:57:10","modified_gmt":"2023-12-04T09:57:10","slug":"choque-y-vuelco-entre-crespo-y-camps-dejo-lesionados-leves","status":"publish","type":"post","link":"https:\/\/informelitoral.com.ar\/choque-y-vuelco-entre-crespo-y-camps-dejo-lesionados-leves\/","title":{"rendered":"Choque y vuelco entre Crespo y Camps dej\u00f3 lesionados leves"},"content":{"rendered":"<p>Este domingo, polic\u00edas y el servicio de emergencias se constituyeron en Ruta 12, a la altura del kil\u00f3metro 399, donde se hab\u00eda producido una fuerte colisi\u00f3n.<\/p>\n<p>El jefe de comisar\u00eda Ram\u00edrez, <strong>Luis Arias<\/strong>, expres\u00f3: \u00abA las 5:50 de esta jornada, nos constituimos en esa trama vial, entre Camps y Crespo, donde se visualizaron dos veh\u00edculos severamente da\u00f1ados. Se trat\u00f3 de<strong> un Fiat Uno, en el que viajaba una pareja de General Ram\u00edrez y una camioneta Toyota Hilux, conducida por un ciudadano de Aldea Spatzenkutter<\/strong>\u00ab.<\/p>\n<p>El funcionario refiri\u00f3 que \u00abproducto de las primeras diligencias, se pudo establecer que<strong> el autom\u00f3vil se desplazaba por Ruta 12, en sentido Crespo \u2013 Ram\u00edrez.<\/strong> Este rodado sufri\u00f3 roturas en su lateral izquierdo, pero afortunadamente <strong>los ocupantes no sufrieron lesiones de gravedad. No obstante, fueron derivados al nosocomio de Ram\u00edrez, a efectos de ser examinados preventivamente.<\/strong> En tanto, la camioneta transitaba en sentido contrario, se cruza de carril y termina volcando luego de la colisi\u00f3n con la unidad de menor porte. Los principales da\u00f1os de la camioneta se registraron \u00a0en la parte frontal lateral izquierda. Qued\u00f3 tumbada sobre ese lateral, en la banquina\u00bb.<\/p>\n<p>Arias indic\u00f3 a <em><strong>Infome Litoral<\/strong> <\/em>que \u00ab<strong>el conductor de la Hilux fue derivado a la guardia m\u00e9dica de Crespo.<\/strong> Presentaba lesiones visibles en el rostro y sus manos, revistiendo el car\u00e1cter de leves\u00bb.<\/p>\n<p>En la escena trabaj\u00f3 personal policial de Ram\u00edrez y Camps, el gabinete criminal\u00edstico de Diamante y el galeno en turno, todos bajo los lineamientos de la Unidad Fiscal de Diamante.<\/p>\n","protected":false},"excerpt":{"rendered":"<p>Este domingo, polic&iacute;as y el servicio de emergencias se constituyeron en Ruta 12, a la altura del kil&oacute;metro 399, donde se hab&iacute;a producido una fuerte colisi&oacute;n. El jefe de comisar&iacute;a Ram&iacute;rez, Luis Arias, expres&oacute;: &laquo;A las 5:50 de esta jornada, nos constituimos en esa trama vial, entre Camps y Crespo, donde se visualizaron dos veh&iacute;culos [&hellip;]<\/p>\n","protected":false},"author":2,"featured_media":174474,"comment_status":"open","ping_status":"open","sticky":false,"template":"","format":"standard","meta":{"fifu_image_url":"","fifu_image_alt":"","footnotes":""},"categories":[14],"tags":[304,358,1613],"class_list":{"0":"post-174473","1":"post","2":"type-post","3":"status-publish","4":"format-standard","5":"has-post-thumbnail","7":"category-policiales","8":"tag-accidente-vial","9":"tag-comisaria-ramirez","10":"tag-policiales"},"yoast_head":"<title>Choque y vuelco entre Crespo y Camps dej\u00f3 lesionados leves - Informe Litoral<\/title>\n<meta name=\"robots\" content=\"index, follow, max-snippet:-1, max-image-preview:large, max-video-preview:-1\" \/>\n<link rel=\"canonical\" href=\"https:\/\/informelitoral.com.ar\/choque-y-vuelco-entre-crespo-y-camps-dejo-lesionados-leves\/\" \/>\n<meta property=\"og:locale\" content=\"es_ES\" \/>\n<meta property=\"og:type\" content=\"article\" \/>\n<meta property=\"og:title\" content=\"Choque y vuelco entre Crespo y Camps dej\u00f3 lesionados leves - Informe Litoral\" \/>\n<meta property=\"og:description\" content=\"Este domingo, polic&iacute;as y el servicio de emergencias se constituyeron en Ruta 12, a la altura del kil&oacute;metro 399, donde se hab&iacute;a producido una fuerte colisi&oacute;n. El jefe de comisar&iacute;a Ram&iacute;rez, Luis Arias, expres&oacute;: &laquo;A las 5:50 de esta jornada, nos constituimos en esa trama vial, entre Camps y Crespo, donde se visualizaron dos veh&iacute;culos [&hellip;]\" \/>\n<meta property=\"og:url\" content=\"https:\/\/informelitoral.com.ar\/choque-y-vuelco-entre-crespo-y-camps-dejo-lesionados-leves\/\" \/>\n<meta property=\"og:site_name\" content=\"Informe Litoral\" \/>\n<meta property=\"article:publisher\" content=\"https:\/\/www.facebook.com\/informelitoral\/\" \/>\n<meta property=\"article:published_time\" content=\"2023-12-04T09:57:10+00:00\" \/>\n<meta property=\"og:image\" content=\"https:\/\/informelitoral.com.ar\/%77%70%2d%63%6f%6e%74%65%6e%74\/uploads\/2023\/12\/cc0ac0aa-7d0f-4a7c-9f41-1d5e0aa2ea5d.jpg\" \/>\n\t<meta property=\"og:image:width\" content=\"1600\" \/>\n\t<meta property=\"og:image:height\" content=\"739\" \/>\n\t<meta property=\"og:image:type\" content=\"image\/jpeg\" \/>\n<meta name=\"author\" content=\"Gonzalo Schmidt\" \/>\n<meta name=\"twitter:card\" content=\"summary_large_image\" \/>\n<meta name=\"twitter:creator\" content=\"@InformeLitoral\" \/>\n<meta name=\"twitter:site\" content=\"@InformeLitoral\" \/>\n<meta name=\"twitter:label1\" content=\"Escrito por\" \/>\n\t<meta name=\"twitter:data1\" content=\"Gonzalo Schmidt\" \/>\n\t<meta name=\"twitter:label2\" content=\"Tiempo de lectura\" \/>\n\t<meta name=\"twitter:data2\" content=\"1 minuto\" \/>\n<script type=\"application\/ld+json\" class=\"yoast-schema-graph\">{\"@context\":\"https:\\\/\\\/schema.org\",\"@graph\":[{\"@type\":\"Article\",\"@id\":\"https:\\\/\\\/informelitoral.com.ar\\\/choque-y-vuelco-entre-crespo-y-camps-dejo-lesionados-leves\\\/#article\",\"isPartOf\":{\"@id\":\"https:\\\/\\\/informelitoral.com.ar\\\/choque-y-vuelco-entre-crespo-y-camps-dejo-lesionados-leves\\\/\"},\"author\":{\"name\":\"Gonzalo Schmidt\",\"@id\":\"https:\\\/\\\/informelitoral.com.ar\\\/#\\\/schema\\\/person\\\/b9d00407c836482871ef1d57bf8e3180\"},\"headline\":\"Choque y vuelco entre Crespo y Camps dej\u00f3 lesionados leves\",\"datePublished\":\"2023-12-04T09:57:10+00:00\",\"mainEntityOfPage\":{\"@id\":\"https:\\\/\\\/informelitoral.com.ar\\\/choque-y-vuelco-entre-crespo-y-camps-dejo-lesionados-leves\\\/\"},\"wordCount\":273,\"commentCount\":0,\"publisher\":{\"@id\":\"https:\\\/\\\/informelitoral.com.ar\\\/#organization\"},\"image\":{\"@id\":\"https:\\\/\\\/informelitoral.com.ar\\\/choque-y-vuelco-entre-crespo-y-camps-dejo-lesionados-leves\\\/#primaryimage\"},\"thumbnailUrl\":\"https:\\\/\\\/informelitoral.com.ar\\\/%77%70%2d%63%6f%6e%74%65%6e%74\\\/uploads\\\/2023\\\/12\\\/cc0ac0aa-7d0f-4a7c-9f41-1d5e0aa2ea5d.jpg\",\"keywords\":[\"Accidente vial\",\"Comisar\u00eda Ram\u00edrez\",\"policiales\"],\"articleSection\":[\"Policiales\"],\"inLanguage\":\"es\",\"potentialAction\":[{\"@type\":\"CommentAction\",\"name\":\"Comment\",\"target\":[\"https:\\\/\\\/informelitoral.com.ar\\\/choque-y-vuelco-entre-crespo-y-camps-dejo-lesionados-leves\\\/#respond\"]}]},{\"@type\":\"WebPage\",\"@id\":\"https:\\\/\\\/informelitoral.com.ar\\\/choque-y-vuelco-entre-crespo-y-camps-dejo-lesionados-leves\\\/\",\"url\":\"https:\\\/\\\/informelitoral.com.ar\\\/choque-y-vuelco-entre-crespo-y-camps-dejo-lesionados-leves\\\/\",\"name\":\"Choque y vuelco entre Crespo y Camps dej\u00f3 lesionados leves - Informe Litoral\",\"isPartOf\":{\"@id\":\"https:\\\/\\\/informelitoral.com.ar\\\/#website\"},\"primaryImageOfPage\":{\"@id\":\"https:\\\/\\\/informelitoral.com.ar\\\/choque-y-vuelco-entre-crespo-y-camps-dejo-lesionados-leves\\\/#primaryimage\"},\"image\":{\"@id\":\"https:\\\/\\\/informelitoral.com.ar\\\/choque-y-vuelco-entre-crespo-y-camps-dejo-lesionados-leves\\\/#primaryimage\"},\"thumbnailUrl\":\"https:\\\/\\\/informelitoral.com.ar\\\/%77%70%2d%63%6f%6e%74%65%6e%74\\\/uploads\\\/2023\\\/12\\\/cc0ac0aa-7d0f-4a7c-9f41-1d5e0aa2ea5d.jpg\",\"datePublished\":\"2023-12-04T09:57:10+00:00\",\"breadcrumb\":{\"@id\":\"https:\\\/\\\/informelitoral.com.ar\\\/choque-y-vuelco-entre-crespo-y-camps-dejo-lesionados-leves\\\/#breadcrumb\"},\"inLanguage\":\"es\",\"potentialAction\":[{\"@type\":\"ReadAction\",\"target\":[\"https:\\\/\\\/informelitoral.com.ar\\\/choque-y-vuelco-entre-crespo-y-camps-dejo-lesionados-leves\\\/\"]}]},{\"@type\":\"ImageObject\",\"inLanguage\":\"es\",\"@id\":\"https:\\\/\\\/informelitoral.com.ar\\\/choque-y-vuelco-entre-crespo-y-camps-dejo-lesionados-leves\\\/#primaryimage\",\"url\":\"https:\\\/\\\/informelitoral.com.ar\\\/%77%70%2d%63%6f%6e%74%65%6e%74\\\/uploads\\\/2023\\\/12\\\/cc0ac0aa-7d0f-4a7c-9f41-1d5e0aa2ea5d.jpg\",\"contentUrl\":\"https:\\\/\\\/informelitoral.com.ar\\\/%77%70%2d%63%6f%6e%74%65%6e%74\\\/uploads\\\/2023\\\/12\\\/cc0ac0aa-7d0f-4a7c-9f41-1d5e0aa2ea5d.jpg\",\"width\":1600,\"height\":739},{\"@type\":\"BreadcrumbList\",\"@id\":\"https:\\\/\\\/informelitoral.com.ar\\\/choque-y-vuelco-entre-crespo-y-camps-dejo-lesionados-leves\\\/#breadcrumb\",\"itemListElement\":[{\"@type\":\"ListItem\",\"position\":1,\"name\":\"Portada\",\"item\":\"https:\\\/\\\/informelitoral.com.ar\\\/\"},{\"@type\":\"ListItem\",\"position\":2,\"name\":\"Choque y vuelco entre Crespo y Camps dej\u00f3 lesionados leves\"}]},{\"@type\":\"WebSite\",\"@id\":\"https:\\\/\\\/informelitoral.com.ar\\\/#website\",\"url\":\"https:\\\/\\\/informelitoral.com.ar\\\/\",\"name\":\"Informe Litoral\",\"description\":\"&quot;Nos informamos&quot; \",\"publisher\":{\"@id\":\"https:\\\/\\\/informelitoral.com.ar\\\/#organization\"},\"potentialAction\":[{\"@type\":\"SearchAction\",\"target\":{\"@type\":\"EntryPoint\",\"urlTemplate\":\"https:\\\/\\\/informelitoral.com.ar\\\/?s={search_term_string}\"},\"query-input\":{\"@type\":\"PropertyValueSpecification\",\"valueRequired\":true,\"valueName\":\"search_term_string\"}}],\"inLanguage\":\"es\"},{\"@type\":\"Organization\",\"@id\":\"https:\\\/\\\/informelitoral.com.ar\\\/#organization\",\"name\":\"Informe Litoral\",\"url\":\"https:\\\/\\\/informelitoral.com.ar\\\/\",\"logo\":{\"@type\":\"ImageObject\",\"inLanguage\":\"es\",\"@id\":\"https:\\\/\\\/informelitoral.com.ar\\\/#\\\/schema\\\/logo\\\/image\\\/\",\"url\":\"https:\\\/\\\/informelitoral.com.ar\\\/%77%70%2d%63%6f%6e%74%65%6e%74\\\/uploads\\\/2021\\\/01\\\/circulo.png\",\"contentUrl\":\"https:\\\/\\\/informelitoral.com.ar\\\/%77%70%2d%63%6f%6e%74%65%6e%74\\\/uploads\\\/2021\\\/01\\\/circulo.png\",\"width\":723,\"height\":731,\"caption\":\"Informe Litoral\"},\"image\":{\"@id\":\"https:\\\/\\\/informelitoral.com.ar\\\/#\\\/schema\\\/logo\\\/image\\\/\"},\"sameAs\":[\"https:\\\/\\\/www.facebook.com\\\/informelitoral\\\/\",\"https:\\\/\\\/x.com\\\/InformeLitoral\",\"https:\\\/\\\/www.instagram.com\\\/informelitoral\\\/\",\"https:\\\/\\\/www.youtube.com\\\/channel\\\/UCua4Qvz8Icb6MYqhoq9xLXw\"]},{\"@type\":\"Person\",\"@id\":\"https:\\\/\\\/informelitoral.com.ar\\\/#\\\/schema\\\/person\\\/b9d00407c836482871ef1d57bf8e3180\",\"name\":\"Gonzalo Schmidt\",\"image\":{\"@type\":\"ImageObject\",\"inLanguage\":\"es\",\"@id\":\"https:\\\/\\\/secure.gravatar.com\\\/avatar\\\/31a1a7b66ff2de83bd0e9fd79d026630d2d99e55e8bfe501287647b4fd9743de?s=96&d=mm&r=g\",\"url\":\"https:\\\/\\\/secure.gravatar.com\\\/avatar\\\/31a1a7b66ff2de83bd0e9fd79d026630d2d99e55e8bfe501287647b4fd9743de?s=96&d=mm&r=g\",\"contentUrl\":\"https:\\\/\\\/secure.gravatar.com\\\/avatar\\\/31a1a7b66ff2de83bd0e9fd79d026630d2d99e55e8bfe501287647b4fd9743de?s=96&d=mm&r=g\",\"caption\":\"Gonzalo Schmidt\"},\"description\":\"Sitio web de noticias de la provincia de Entre R\u00edos, Argentina. Informaci\u00f3n y entretenimiento. Informe Litoral, nos informamos.\",\"sameAs\":[\"http:\\\/\\\/www.isletasnoticias.com.ar\"],\"url\":\"https:\\\/\\\/informelitoral.com.ar\\\/author\\\/gonzalo\\\/\"}]}<\/script>","yoast_head_json":{"title":"Choque y vuelco entre Crespo y Camps dej\u00f3 lesionados leves - Informe Litoral","robots":{"index":"index","follow":"follow","max-snippet":"max-snippet:-1","max-image-preview":"max-image-preview:large","max-video-preview":"max-video-preview:-1"},"canonical":"https:\/\/informelitoral.com.ar\/choque-y-vuelco-entre-crespo-y-camps-dejo-lesionados-leves\/","og_locale":"es_ES","og_type":"article","og_title":"Choque y vuelco entre Crespo y Camps dej\u00f3 lesionados leves - Informe Litoral","og_description":"Este domingo, polic&iacute;as y el servicio de emergencias se constituyeron en Ruta 12, a la altura del kil&oacute;metro 399, donde se hab&iacute;a producido una fuerte colisi&oacute;n. El jefe de comisar&iacute;a Ram&iacute;rez, Luis Arias, expres&oacute;: &laquo;A las 5:50 de esta jornada, nos constituimos en esa trama vial, entre Camps y Crespo, donde se visualizaron dos veh&iacute;culos [&hellip;]","og_url":"https:\/\/informelitoral.com.ar\/choque-y-vuelco-entre-crespo-y-camps-dejo-lesionados-leves\/","og_site_name":"Informe Litoral","article_publisher":"https:\/\/www.facebook.com\/informelitoral\/","article_published_time":"2023-12-04T09:57:10+00:00","og_image":[{"width":1600,"height":739,"url":"https:\/\/informelitoral.com.ar\/%77%70%2d%63%6f%6e%74%65%6e%74\/uploads\/2023\/12\/cc0ac0aa-7d0f-4a7c-9f41-1d5e0aa2ea5d.jpg","type":"image\/jpeg"}],"author":"Gonzalo Schmidt","twitter_card":"summary_large_image","twitter_creator":"@InformeLitoral","twitter_site":"@InformeLitoral","twitter_misc":{"Escrito por":"Gonzalo Schmidt","Tiempo de lectura":"1 minuto"},"schema":{"@context":"https:\/\/schema.org","@graph":[{"@type":"Article","@id":"https:\/\/informelitoral.com.ar\/choque-y-vuelco-entre-crespo-y-camps-dejo-lesionados-leves\/#article","isPartOf":{"@id":"https:\/\/informelitoral.com.ar\/choque-y-vuelco-entre-crespo-y-camps-dejo-lesionados-leves\/"},"author":{"name":"Gonzalo Schmidt","@id":"https:\/\/informelitoral.com.ar\/#\/schema\/person\/b9d00407c836482871ef1d57bf8e3180"},"headline":"Choque y vuelco entre Crespo y Camps dej\u00f3 lesionados leves","datePublished":"2023-12-04T09:57:10+00:00","mainEntityOfPage":{"@id":"https:\/\/informelitoral.com.ar\/choque-y-vuelco-entre-crespo-y-camps-dejo-lesionados-leves\/"},"wordCount":273,"commentCount":0,"publisher":{"@id":"https:\/\/informelitoral.com.ar\/#organization"},"image":{"@id":"https:\/\/informelitoral.com.ar\/choque-y-vuelco-entre-crespo-y-camps-dejo-lesionados-leves\/#primaryimage"},"thumbnailUrl":"https:\/\/informelitoral.com.ar\/%77%70%2d%63%6f%6e%74%65%6e%74\/uploads\/2023\/12\/cc0ac0aa-7d0f-4a7c-9f41-1d5e0aa2ea5d.jpg","keywords":["Accidente vial","Comisar\u00eda Ram\u00edrez","policiales"],"articleSection":["Policiales"],"inLanguage":"es","potentialAction":[{"@type":"CommentAction","name":"Comment","target":["https:\/\/informelitoral.com.ar\/choque-y-vuelco-entre-crespo-y-camps-dejo-lesionados-leves\/#respond"]}]},{"@type":"WebPage","@id":"https:\/\/informelitoral.com.ar\/choque-y-vuelco-entre-crespo-y-camps-dejo-lesionados-leves\/","url":"https:\/\/informelitoral.com.ar\/choque-y-vuelco-entre-crespo-y-camps-dejo-lesionados-leves\/","name":"Choque y vuelco entre Crespo y Camps dej\u00f3 lesionados leves - Informe Litoral","isPartOf":{"@id":"https:\/\/informelitoral.com.ar\/#website"},"primaryImageOfPage":{"@id":"https:\/\/informelitoral.com.ar\/choque-y-vuelco-entre-crespo-y-camps-dejo-lesionados-leves\/#primaryimage"},"image":{"@id":"https:\/\/informelitoral.com.ar\/choque-y-vuelco-entre-crespo-y-camps-dejo-lesionados-leves\/#primaryimage"},"thumbnailUrl":"https:\/\/informelitoral.com.ar\/%77%70%2d%63%6f%6e%74%65%6e%74\/uploads\/2023\/12\/cc0ac0aa-7d0f-4a7c-9f41-1d5e0aa2ea5d.jpg","datePublished":"2023-12-04T09:57:10+00:00","breadcrumb":{"@id":"https:\/\/informelitoral.com.ar\/choque-y-vuelco-entre-crespo-y-camps-dejo-lesionados-leves\/#breadcrumb"},"inLanguage":"es","potentialAction":[{"@type":"ReadAction","target":["https:\/\/informelitoral.com.ar\/choque-y-vuelco-entre-crespo-y-camps-dejo-lesionados-leves\/"]}]},{"@type":"ImageObject","inLanguage":"es","@id":"https:\/\/informelitoral.com.ar\/choque-y-vuelco-entre-crespo-y-camps-dejo-lesionados-leves\/#primaryimage","url":"https:\/\/informelitoral.com.ar\/%77%70%2d%63%6f%6e%74%65%6e%74\/uploads\/2023\/12\/cc0ac0aa-7d0f-4a7c-9f41-1d5e0aa2ea5d.jpg","contentUrl":"https:\/\/informelitoral.com.ar\/%77%70%2d%63%6f%6e%74%65%6e%74\/uploads\/2023\/12\/cc0ac0aa-7d0f-4a7c-9f41-1d5e0aa2ea5d.jpg","width":1600,"height":739},{"@type":"BreadcrumbList","@id":"https:\/\/informelitoral.com.ar\/choque-y-vuelco-entre-crespo-y-camps-dejo-lesionados-leves\/#breadcrumb","itemListElement":[{"@type":"ListItem","position":1,"name":"Portada","item":"https:\/\/informelitoral.com.ar\/"},{"@type":"ListItem","position":2,"name":"Choque y vuelco entre Crespo y Camps dej\u00f3 lesionados leves"}]},{"@type":"WebSite","@id":"https:\/\/informelitoral.com.ar\/#website","url":"https:\/\/informelitoral.com.ar\/","name":"Informe Litoral","description":"&quot;Nos informamos&quot; ","publisher":{"@id":"https:\/\/informelitoral.com.ar\/#organization"},"potentialAction":[{"@type":"SearchAction","target":{"@type":"EntryPoint","urlTemplate":"https:\/\/informelitoral.com.ar\/?s={search_term_string}"},"query-input":{"@type":"PropertyValueSpecification","valueRequired":true,"valueName":"search_term_string"}}],"inLanguage":"es"},{"@type":"Organization","@id":"https:\/\/informelitoral.com.ar\/#organization","name":"Informe Litoral","url":"https:\/\/informelitoral.com.ar\/","logo":{"@type":"ImageObject","inLanguage":"es","@id":"https:\/\/informelitoral.com.ar\/#\/schema\/logo\/image\/","url":"https:\/\/informelitoral.com.ar\/%77%70%2d%63%6f%6e%74%65%6e%74\/uploads\/2021\/01\/circulo.png","contentUrl":"https:\/\/informelitoral.com.ar\/%77%70%2d%63%6f%6e%74%65%6e%74\/uploads\/2021\/01\/circulo.png","width":723,"height":731,"caption":"Informe Litoral"},"image":{"@id":"https:\/\/informelitoral.com.ar\/#\/schema\/logo\/image\/"},"sameAs":["https:\/\/www.facebook.com\/informelitoral\/","https:\/\/x.com\/InformeLitoral","https:\/\/www.instagram.com\/informelitoral\/","https:\/\/www.youtube.com\/channel\/UCua4Qvz8Icb6MYqhoq9xLXw"]},{"@type":"Person","@id":"https:\/\/informelitoral.com.ar\/#\/schema\/person\/b9d00407c836482871ef1d57bf8e3180","name":"Gonzalo Schmidt","image":{"@type":"ImageObject","inLanguage":"es","@id":"https:\/\/secure.gravatar.com\/avatar\/31a1a7b66ff2de83bd0e9fd79d026630d2d99e55e8bfe501287647b4fd9743de?s=96&d=mm&r=g","url":"https:\/\/secure.gravatar.com\/avatar\/31a1a7b66ff2de83bd0e9fd79d026630d2d99e55e8bfe501287647b4fd9743de?s=96&d=mm&r=g","contentUrl":"https:\/\/secure.gravatar.com\/avatar\/31a1a7b66ff2de83bd0e9fd79d026630d2d99e55e8bfe501287647b4fd9743de?s=96&d=mm&r=g","caption":"Gonzalo Schmidt"},"description":"Sitio web de noticias de la provincia de Entre R\u00edos, Argentina. Informaci\u00f3n y entretenimiento. Informe Litoral, nos informamos.","sameAs":["http:\/\/www.isletasnoticias.com.ar"],"url":"https:\/\/informelitoral.com.ar\/author\/gonzalo\/"}]}},"_links":{"self":[{"href":"https:\/\/informelitoral.com.ar\/%77%70%2d%6a%73%6f%6e\/wp\/v2\/posts\/174473","targetHints":{"allow":["GET"]}}],"collection":[{"href":"https:\/\/informelitoral.com.ar\/%77%70%2d%6a%73%6f%6e\/wp\/v2\/posts"}],"about":[{"href":"https:\/\/informelitoral.com.ar\/%77%70%2d%6a%73%6f%6e\/wp\/v2\/types\/post"}],"author":[{"embeddable":true,"href":"https:\/\/informelitoral.com.ar\/%77%70%2d%6a%73%6f%6e\/wp\/v2\/users\/2"}],"replies":[{"embeddable":true,"href":"https:\/\/informelitoral.com.ar\/%77%70%2d%6a%73%6f%6e\/wp\/v2\/comments?post=174473"}],"version-history":[{"count":0,"href":"https:\/\/informelitoral.com.ar\/%77%70%2d%6a%73%6f%6e\/wp\/v2\/posts\/174473\/revisions"}],"wp:featuredmedia":[{"embeddable":true,"href":"https:\/\/informelitoral.com.ar\/%77%70%2d%6a%73%6f%6e\/wp\/v2\/media\/174474"}],"wp:attachment":[{"href":"https:\/\/informelitoral.com.ar\/%77%70%2d%6a%73%6f%6e\/wp\/v2\/media?parent=174473"}],"wp:term":[{"taxonomy":"category","embeddable":true,"href":"https:\/\/informelitoral.com.ar\/%77%70%2d%6a%73%6f%6e\/wp\/v2\/categories?post=174473"},{"taxonomy":"post_tag","embeddable":true,"href":"https:\/\/informelitoral.com.ar\/%77%70%2d%6a%73%6f%6e\/wp\/v2\/tags?post=174473"}],"curies":[{"name":"wp","href":"https:\/\/api.w.org\/{rel}","templated":true}]}}