{"id":174467,"date":"2023-12-03T11:08:57","date_gmt":"2023-12-03T14:08:57","guid":{"rendered":"https:\/\/www.informelitoral.com.ar\/?p=174467"},"modified":"2023-12-03T11:13:56","modified_gmt":"2023-12-03T14:13:56","slug":"encefalomielitis-equina-recomendaciones-de-la-municipalidad-de-aranguren","status":"publish","type":"post","link":"https:\/\/informelitoral.com.ar\/encefalomielitis-equina-recomendaciones-de-la-municipalidad-de-aranguren\/","title":{"rendered":"Encefalomielitis equina: recomendaciones de la Municipalidad de Aranguren"},"content":{"rendered":"<p>En Entre R\u00edos hay casos confirmados y otros sospechosos de encefalomielitis equina y quien se lo transmite a los caballos y a los humanos es el mosquito. Es por ello que desde la Municipalidad de Aranguren, departamento Nogoy\u00e1, brindaron recomendaciones para evitar la propagaci\u00f3n de la enfermedad a animales y humanos.<\/p>\n<h2><strong>Control y prevenci\u00f3n<\/strong><\/h2>\n<ul>\n<li><span style=\"background-color: #ffff00;\">Control de mosquitos<\/span>: es fundamental ya que son los que transmiten la enfermedad al equino y humanos.<\/li>\n<li><span style=\"background-color: #ffff00;\">Vacunaci\u00f3n a los equinos<\/span>: con la vacuna espec\u00edfica para esta enfermedad.<\/li>\n<li><span style=\"background-color: #ffff00;\">Informar al SENASA<\/span>: si observa cambios en el comportamiento del animal puede informar mediante cualquiera de las siguientes v\u00edas de comunicaci\u00f3n: concurrir a la oficina local, enviar un whastsApp al n\u00famero: 11 5700 5704, a trav\u00e9s de la App para disposutivos m\u00f3viles \u00abnotificaciones Senada\u00bb, mediante corre electr\u00f3nico a: notificaciones@senasa.gob.ar o en el sitio web del Senasa en el apartado \u00abAvis\u00e1 al Senasa\u00bb.<\/li>\n<\/ul>\n<h2><strong>Recomendaciones para la poblaci\u00f3n en general<\/strong><\/h2>\n<p><strong>EN EL AMBIENTE:<\/strong><\/p>\n<ul>\n<li>Mantener el pasto corto<\/li>\n<li>Evitar la acumulaci\u00f3n de agua en charcos, favorecer drenaje, no dejar recipientes (baldes, tachos, etc) que puedan acumular agua para evitar reproducci\u00f3n de mosquitos.<\/li>\n<li>En viviendas e instituciones mantener ventanas y puertas cerradas en horarios pico o usar tela mosquitera en aberturas.<\/li>\n<\/ul>\n<p><strong>A NIVEL PERSONAL:<\/strong><\/p>\n<ul>\n<li>Usar repelentes (repetir la aplicaci\u00f3n seg\u00fan indique el fabricante) o ropas de tela gruesa para evitar ser picados.<\/li>\n<li>Personas que trabajen con equinos o vivan en cercan\u00eda a ellos extremar al m\u00e1ximo las medidas mencionadas anteriormente.<\/li>\n<li>La fumigaci\u00f3n no debe utilizarse como medida preventiva, salvo que haya caballos con s\u00edntomas.<\/li>\n<\/ul>\n<p><strong>PARA LOS EQUINOS:<\/strong><\/p>\n<ul>\n<li>Vacunar a toda la poblaci\u00f3n equina ni bien haya vacunas disponibles.<\/li>\n<li>Usar repelentes de mosquitos en el animal (venta en veterinarias)<\/li>\n<li>Evitar el traslado de caballos, salvo que vayan a faena.<\/li>\n<li>Aumentar la periodicidad de revisi\u00f3n cl\u00ednica por un veterinario.<\/li>\n<li>Dar aviso al Senasa en caso que un caballo tenga cambios de comportamiento.<\/li>\n<\/ul>\n<h6><em><strong>M\u00e1s sobre el tema:\u00a0<a href=\"https:\/\/www.informelitoral.com.ar\/declararon-la-emergencia-sanitaria-por-encefalomielitis-equina-en-todo-el-pais\/\" target=\"_blank\" rel=\"noopener\">Declararon la emergencia sanitaria por encefalomielitis equina en todo el pa\u00eds<\/a><\/strong><\/em><\/h6>\n","protected":false},"excerpt":{"rendered":"<p>Ante casos confirmados y otros sospechosos en la provincia, desde el municipio local emitieron un comunicado con las principales medidas de prevenci\u00f3n a tener en cuenta. Los detalles en esta nota. <\/p>\n","protected":false},"author":2,"featured_media":174468,"comment_status":"open","ping_status":"open","sticky":false,"template":"","format":"standard","meta":{"fifu_image_url":"","fifu_image_alt":"","footnotes":""},"categories":[6,1595],"tags":[41,143,178,4539,111,82,1631],"class_list":{"0":"post-174467","1":"post","2":"type-post","3":"status-publish","4":"format-standard","5":"has-post-thumbnail","7":"category-entre-rios","8":"category-salud","9":"tag-animales","10":"tag-aranguren","11":"tag-caballos","12":"tag-encefalomielitis-equina","13":"tag-municipales","14":"tag-salud","15":"tag-virus"},"yoast_head":"<title>Encefalomielitis equina: recomendaciones de la Municipalidad de Aranguren - Informe Litoral<\/title>\n<meta name=\"robots\" content=\"index, follow, max-snippet:-1, max-image-preview:large, max-video-preview:-1\" \/>\n<link rel=\"canonical\" href=\"https:\/\/informelitoral.com.ar\/encefalomielitis-equina-recomendaciones-de-la-municipalidad-de-aranguren\/\" \/>\n<meta property=\"og:locale\" content=\"es_ES\" \/>\n<meta property=\"og:type\" content=\"article\" \/>\n<meta property=\"og:title\" content=\"Encefalomielitis equina: recomendaciones de la Municipalidad de Aranguren - Informe Litoral\" \/>\n<meta property=\"og:description\" content=\"Ante casos confirmados y otros sospechosos en la provincia, desde el municipio local emitieron un comunicado con las principales medidas de prevenci\u00f3n a tener en cuenta. Los detalles en esta nota.\" \/>\n<meta property=\"og:url\" content=\"https:\/\/informelitoral.com.ar\/encefalomielitis-equina-recomendaciones-de-la-municipalidad-de-aranguren\/\" \/>\n<meta property=\"og:site_name\" content=\"Informe Litoral\" \/>\n<meta property=\"article:publisher\" content=\"https:\/\/www.facebook.com\/informelitoral\/\" \/>\n<meta property=\"article:published_time\" content=\"2023-12-03T14:08:57+00:00\" \/>\n<meta property=\"article:modified_time\" content=\"2023-12-03T14:13:56+00:00\" \/>\n<meta property=\"og:image\" content=\"https:\/\/informelitoral.com.ar\/%77%70%2d%63%6f%6e%74%65%6e%74\/uploads\/2023\/12\/caballos.jpeg\" \/>\n\t<meta property=\"og:image:width\" content=\"880\" \/>\n\t<meta property=\"og:image:height\" content=\"586\" \/>\n\t<meta property=\"og:image:type\" content=\"image\/jpeg\" \/>\n<meta name=\"author\" content=\"Gonzalo Schmidt\" \/>\n<meta name=\"twitter:card\" content=\"summary_large_image\" \/>\n<meta name=\"twitter:creator\" content=\"@InformeLitoral\" \/>\n<meta name=\"twitter:site\" content=\"@InformeLitoral\" \/>\n<meta name=\"twitter:label1\" content=\"Escrito por\" \/>\n\t<meta name=\"twitter:data1\" content=\"Gonzalo Schmidt\" \/>\n\t<meta name=\"twitter:label2\" content=\"Tiempo de lectura\" \/>\n\t<meta name=\"twitter:data2\" content=\"2 minutos\" \/>\n<script type=\"application\/ld+json\" class=\"yoast-schema-graph\">{\"@context\":\"https:\\\/\\\/schema.org\",\"@graph\":[{\"@type\":\"Article\",\"@id\":\"https:\\\/\\\/informelitoral.com.ar\\\/encefalomielitis-equina-recomendaciones-de-la-municipalidad-de-aranguren\\\/#article\",\"isPartOf\":{\"@id\":\"https:\\\/\\\/informelitoral.com.ar\\\/encefalomielitis-equina-recomendaciones-de-la-municipalidad-de-aranguren\\\/\"},\"author\":{\"name\":\"Gonzalo Schmidt\",\"@id\":\"https:\\\/\\\/informelitoral.com.ar\\\/#\\\/schema\\\/person\\\/b9d00407c836482871ef1d57bf8e3180\"},\"headline\":\"Encefalomielitis equina: recomendaciones de la Municipalidad de Aranguren\",\"datePublished\":\"2023-12-03T14:08:57+00:00\",\"dateModified\":\"2023-12-03T14:13:56+00:00\",\"mainEntityOfPage\":{\"@id\":\"https:\\\/\\\/informelitoral.com.ar\\\/encefalomielitis-equina-recomendaciones-de-la-municipalidad-de-aranguren\\\/\"},\"wordCount\":356,\"commentCount\":0,\"publisher\":{\"@id\":\"https:\\\/\\\/informelitoral.com.ar\\\/#organization\"},\"image\":{\"@id\":\"https:\\\/\\\/informelitoral.com.ar\\\/encefalomielitis-equina-recomendaciones-de-la-municipalidad-de-aranguren\\\/#primaryimage\"},\"thumbnailUrl\":\"https:\\\/\\\/informelitoral.com.ar\\\/%77%70%2d%63%6f%6e%74%65%6e%74\\\/uploads\\\/2023\\\/12\\\/caballos.jpeg\",\"keywords\":[\"Animales\",\"Aranguren\",\"Caballos\",\"Encefalomielitis equina\",\"Municipales\",\"Salud\",\"Virus\"],\"articleSection\":[\"Entre R\u00edos\",\"Salud\"],\"inLanguage\":\"es\",\"potentialAction\":[{\"@type\":\"CommentAction\",\"name\":\"Comment\",\"target\":[\"https:\\\/\\\/informelitoral.com.ar\\\/encefalomielitis-equina-recomendaciones-de-la-municipalidad-de-aranguren\\\/#respond\"]}]},{\"@type\":\"WebPage\",\"@id\":\"https:\\\/\\\/informelitoral.com.ar\\\/encefalomielitis-equina-recomendaciones-de-la-municipalidad-de-aranguren\\\/\",\"url\":\"https:\\\/\\\/informelitoral.com.ar\\\/encefalomielitis-equina-recomendaciones-de-la-municipalidad-de-aranguren\\\/\",\"name\":\"Encefalomielitis equina: recomendaciones de la Municipalidad de Aranguren - Informe Litoral\",\"isPartOf\":{\"@id\":\"https:\\\/\\\/informelitoral.com.ar\\\/#website\"},\"primaryImageOfPage\":{\"@id\":\"https:\\\/\\\/informelitoral.com.ar\\\/encefalomielitis-equina-recomendaciones-de-la-municipalidad-de-aranguren\\\/#primaryimage\"},\"image\":{\"@id\":\"https:\\\/\\\/informelitoral.com.ar\\\/encefalomielitis-equina-recomendaciones-de-la-municipalidad-de-aranguren\\\/#primaryimage\"},\"thumbnailUrl\":\"https:\\\/\\\/informelitoral.com.ar\\\/%77%70%2d%63%6f%6e%74%65%6e%74\\\/uploads\\\/2023\\\/12\\\/caballos.jpeg\",\"datePublished\":\"2023-12-03T14:08:57+00:00\",\"dateModified\":\"2023-12-03T14:13:56+00:00\",\"breadcrumb\":{\"@id\":\"https:\\\/\\\/informelitoral.com.ar\\\/encefalomielitis-equina-recomendaciones-de-la-municipalidad-de-aranguren\\\/#breadcrumb\"},\"inLanguage\":\"es\",\"potentialAction\":[{\"@type\":\"ReadAction\",\"target\":[\"https:\\\/\\\/informelitoral.com.ar\\\/encefalomielitis-equina-recomendaciones-de-la-municipalidad-de-aranguren\\\/\"]}]},{\"@type\":\"ImageObject\",\"inLanguage\":\"es\",\"@id\":\"https:\\\/\\\/informelitoral.com.ar\\\/encefalomielitis-equina-recomendaciones-de-la-municipalidad-de-aranguren\\\/#primaryimage\",\"url\":\"https:\\\/\\\/informelitoral.com.ar\\\/%77%70%2d%63%6f%6e%74%65%6e%74\\\/uploads\\\/2023\\\/12\\\/caballos.jpeg\",\"contentUrl\":\"https:\\\/\\\/informelitoral.com.ar\\\/%77%70%2d%63%6f%6e%74%65%6e%74\\\/uploads\\\/2023\\\/12\\\/caballos.jpeg\",\"width\":880,\"height\":586},{\"@type\":\"BreadcrumbList\",\"@id\":\"https:\\\/\\\/informelitoral.com.ar\\\/encefalomielitis-equina-recomendaciones-de-la-municipalidad-de-aranguren\\\/#breadcrumb\",\"itemListElement\":[{\"@type\":\"ListItem\",\"position\":1,\"name\":\"Portada\",\"item\":\"https:\\\/\\\/informelitoral.com.ar\\\/\"},{\"@type\":\"ListItem\",\"position\":2,\"name\":\"Encefalomielitis equina: recomendaciones de la Municipalidad de Aranguren\"}]},{\"@type\":\"WebSite\",\"@id\":\"https:\\\/\\\/informelitoral.com.ar\\\/#website\",\"url\":\"https:\\\/\\\/informelitoral.com.ar\\\/\",\"name\":\"Informe Litoral\",\"description\":\"&quot;Nos informamos&quot; \",\"publisher\":{\"@id\":\"https:\\\/\\\/informelitoral.com.ar\\\/#organization\"},\"potentialAction\":[{\"@type\":\"SearchAction\",\"target\":{\"@type\":\"EntryPoint\",\"urlTemplate\":\"https:\\\/\\\/informelitoral.com.ar\\\/?s={search_term_string}\"},\"query-input\":{\"@type\":\"PropertyValueSpecification\",\"valueRequired\":true,\"valueName\":\"search_term_string\"}}],\"inLanguage\":\"es\"},{\"@type\":\"Organization\",\"@id\":\"https:\\\/\\\/informelitoral.com.ar\\\/#organization\",\"name\":\"Informe Litoral\",\"url\":\"https:\\\/\\\/informelitoral.com.ar\\\/\",\"logo\":{\"@type\":\"ImageObject\",\"inLanguage\":\"es\",\"@id\":\"https:\\\/\\\/informelitoral.com.ar\\\/#\\\/schema\\\/logo\\\/image\\\/\",\"url\":\"https:\\\/\\\/informelitoral.com.ar\\\/%77%70%2d%63%6f%6e%74%65%6e%74\\\/uploads\\\/2021\\\/01\\\/circulo.png\",\"contentUrl\":\"https:\\\/\\\/informelitoral.com.ar\\\/%77%70%2d%63%6f%6e%74%65%6e%74\\\/uploads\\\/2021\\\/01\\\/circulo.png\",\"width\":723,\"height\":731,\"caption\":\"Informe Litoral\"},\"image\":{\"@id\":\"https:\\\/\\\/informelitoral.com.ar\\\/#\\\/schema\\\/logo\\\/image\\\/\"},\"sameAs\":[\"https:\\\/\\\/www.facebook.com\\\/informelitoral\\\/\",\"https:\\\/\\\/x.com\\\/InformeLitoral\",\"https:\\\/\\\/www.instagram.com\\\/informelitoral\\\/\",\"https:\\\/\\\/www.youtube.com\\\/channel\\\/UCua4Qvz8Icb6MYqhoq9xLXw\"]},{\"@type\":\"Person\",\"@id\":\"https:\\\/\\\/informelitoral.com.ar\\\/#\\\/schema\\\/person\\\/b9d00407c836482871ef1d57bf8e3180\",\"name\":\"Gonzalo Schmidt\",\"image\":{\"@type\":\"ImageObject\",\"inLanguage\":\"es\",\"@id\":\"https:\\\/\\\/secure.gravatar.com\\\/avatar\\\/31a1a7b66ff2de83bd0e9fd79d026630d2d99e55e8bfe501287647b4fd9743de?s=96&d=mm&r=g\",\"url\":\"https:\\\/\\\/secure.gravatar.com\\\/avatar\\\/31a1a7b66ff2de83bd0e9fd79d026630d2d99e55e8bfe501287647b4fd9743de?s=96&d=mm&r=g\",\"contentUrl\":\"https:\\\/\\\/secure.gravatar.com\\\/avatar\\\/31a1a7b66ff2de83bd0e9fd79d026630d2d99e55e8bfe501287647b4fd9743de?s=96&d=mm&r=g\",\"caption\":\"Gonzalo Schmidt\"},\"description\":\"Sitio web de noticias de la provincia de Entre R\u00edos, Argentina. Informaci\u00f3n y entretenimiento. Informe Litoral, nos informamos.\",\"sameAs\":[\"http:\\\/\\\/www.isletasnoticias.com.ar\"],\"url\":\"https:\\\/\\\/informelitoral.com.ar\\\/author\\\/gonzalo\\\/\"}]}<\/script>","yoast_head_json":{"title":"Encefalomielitis equina: recomendaciones de la Municipalidad de Aranguren - Informe Litoral","robots":{"index":"index","follow":"follow","max-snippet":"max-snippet:-1","max-image-preview":"max-image-preview:large","max-video-preview":"max-video-preview:-1"},"canonical":"https:\/\/informelitoral.com.ar\/encefalomielitis-equina-recomendaciones-de-la-municipalidad-de-aranguren\/","og_locale":"es_ES","og_type":"article","og_title":"Encefalomielitis equina: recomendaciones de la Municipalidad de Aranguren - Informe Litoral","og_description":"Ante casos confirmados y otros sospechosos en la provincia, desde el municipio local emitieron un comunicado con las principales medidas de prevenci\u00f3n a tener en cuenta. Los detalles en esta nota.","og_url":"https:\/\/informelitoral.com.ar\/encefalomielitis-equina-recomendaciones-de-la-municipalidad-de-aranguren\/","og_site_name":"Informe Litoral","article_publisher":"https:\/\/www.facebook.com\/informelitoral\/","article_published_time":"2023-12-03T14:08:57+00:00","article_modified_time":"2023-12-03T14:13:56+00:00","og_image":[{"width":880,"height":586,"url":"https:\/\/informelitoral.com.ar\/%77%70%2d%63%6f%6e%74%65%6e%74\/uploads\/2023\/12\/caballos.jpeg","type":"image\/jpeg"}],"author":"Gonzalo Schmidt","twitter_card":"summary_large_image","twitter_creator":"@InformeLitoral","twitter_site":"@InformeLitoral","twitter_misc":{"Escrito por":"Gonzalo Schmidt","Tiempo de lectura":"2 minutos"},"schema":{"@context":"https:\/\/schema.org","@graph":[{"@type":"Article","@id":"https:\/\/informelitoral.com.ar\/encefalomielitis-equina-recomendaciones-de-la-municipalidad-de-aranguren\/#article","isPartOf":{"@id":"https:\/\/informelitoral.com.ar\/encefalomielitis-equina-recomendaciones-de-la-municipalidad-de-aranguren\/"},"author":{"name":"Gonzalo Schmidt","@id":"https:\/\/informelitoral.com.ar\/#\/schema\/person\/b9d00407c836482871ef1d57bf8e3180"},"headline":"Encefalomielitis equina: recomendaciones de la Municipalidad de Aranguren","datePublished":"2023-12-03T14:08:57+00:00","dateModified":"2023-12-03T14:13:56+00:00","mainEntityOfPage":{"@id":"https:\/\/informelitoral.com.ar\/encefalomielitis-equina-recomendaciones-de-la-municipalidad-de-aranguren\/"},"wordCount":356,"commentCount":0,"publisher":{"@id":"https:\/\/informelitoral.com.ar\/#organization"},"image":{"@id":"https:\/\/informelitoral.com.ar\/encefalomielitis-equina-recomendaciones-de-la-municipalidad-de-aranguren\/#primaryimage"},"thumbnailUrl":"https:\/\/informelitoral.com.ar\/%77%70%2d%63%6f%6e%74%65%6e%74\/uploads\/2023\/12\/caballos.jpeg","keywords":["Animales","Aranguren","Caballos","Encefalomielitis equina","Municipales","Salud","Virus"],"articleSection":["Entre R\u00edos","Salud"],"inLanguage":"es","potentialAction":[{"@type":"CommentAction","name":"Comment","target":["https:\/\/informelitoral.com.ar\/encefalomielitis-equina-recomendaciones-de-la-municipalidad-de-aranguren\/#respond"]}]},{"@type":"WebPage","@id":"https:\/\/informelitoral.com.ar\/encefalomielitis-equina-recomendaciones-de-la-municipalidad-de-aranguren\/","url":"https:\/\/informelitoral.com.ar\/encefalomielitis-equina-recomendaciones-de-la-municipalidad-de-aranguren\/","name":"Encefalomielitis equina: recomendaciones de la Municipalidad de Aranguren - Informe Litoral","isPartOf":{"@id":"https:\/\/informelitoral.com.ar\/#website"},"primaryImageOfPage":{"@id":"https:\/\/informelitoral.com.ar\/encefalomielitis-equina-recomendaciones-de-la-municipalidad-de-aranguren\/#primaryimage"},"image":{"@id":"https:\/\/informelitoral.com.ar\/encefalomielitis-equina-recomendaciones-de-la-municipalidad-de-aranguren\/#primaryimage"},"thumbnailUrl":"https:\/\/informelitoral.com.ar\/%77%70%2d%63%6f%6e%74%65%6e%74\/uploads\/2023\/12\/caballos.jpeg","datePublished":"2023-12-03T14:08:57+00:00","dateModified":"2023-12-03T14:13:56+00:00","breadcrumb":{"@id":"https:\/\/informelitoral.com.ar\/encefalomielitis-equina-recomendaciones-de-la-municipalidad-de-aranguren\/#breadcrumb"},"inLanguage":"es","potentialAction":[{"@type":"ReadAction","target":["https:\/\/informelitoral.com.ar\/encefalomielitis-equina-recomendaciones-de-la-municipalidad-de-aranguren\/"]}]},{"@type":"ImageObject","inLanguage":"es","@id":"https:\/\/informelitoral.com.ar\/encefalomielitis-equina-recomendaciones-de-la-municipalidad-de-aranguren\/#primaryimage","url":"https:\/\/informelitoral.com.ar\/%77%70%2d%63%6f%6e%74%65%6e%74\/uploads\/2023\/12\/caballos.jpeg","contentUrl":"https:\/\/informelitoral.com.ar\/%77%70%2d%63%6f%6e%74%65%6e%74\/uploads\/2023\/12\/caballos.jpeg","width":880,"height":586},{"@type":"BreadcrumbList","@id":"https:\/\/informelitoral.com.ar\/encefalomielitis-equina-recomendaciones-de-la-municipalidad-de-aranguren\/#breadcrumb","itemListElement":[{"@type":"ListItem","position":1,"name":"Portada","item":"https:\/\/informelitoral.com.ar\/"},{"@type":"ListItem","position":2,"name":"Encefalomielitis equina: recomendaciones de la Municipalidad de Aranguren"}]},{"@type":"WebSite","@id":"https:\/\/informelitoral.com.ar\/#website","url":"https:\/\/informelitoral.com.ar\/","name":"Informe Litoral","description":"&quot;Nos informamos&quot; ","publisher":{"@id":"https:\/\/informelitoral.com.ar\/#organization"},"potentialAction":[{"@type":"SearchAction","target":{"@type":"EntryPoint","urlTemplate":"https:\/\/informelitoral.com.ar\/?s={search_term_string}"},"query-input":{"@type":"PropertyValueSpecification","valueRequired":true,"valueName":"search_term_string"}}],"inLanguage":"es"},{"@type":"Organization","@id":"https:\/\/informelitoral.com.ar\/#organization","name":"Informe Litoral","url":"https:\/\/informelitoral.com.ar\/","logo":{"@type":"ImageObject","inLanguage":"es","@id":"https:\/\/informelitoral.com.ar\/#\/schema\/logo\/image\/","url":"https:\/\/informelitoral.com.ar\/%77%70%2d%63%6f%6e%74%65%6e%74\/uploads\/2021\/01\/circulo.png","contentUrl":"https:\/\/informelitoral.com.ar\/%77%70%2d%63%6f%6e%74%65%6e%74\/uploads\/2021\/01\/circulo.png","width":723,"height":731,"caption":"Informe Litoral"},"image":{"@id":"https:\/\/informelitoral.com.ar\/#\/schema\/logo\/image\/"},"sameAs":["https:\/\/www.facebook.com\/informelitoral\/","https:\/\/x.com\/InformeLitoral","https:\/\/www.instagram.com\/informelitoral\/","https:\/\/www.youtube.com\/channel\/UCua4Qvz8Icb6MYqhoq9xLXw"]},{"@type":"Person","@id":"https:\/\/informelitoral.com.ar\/#\/schema\/person\/b9d00407c836482871ef1d57bf8e3180","name":"Gonzalo Schmidt","image":{"@type":"ImageObject","inLanguage":"es","@id":"https:\/\/secure.gravatar.com\/avatar\/31a1a7b66ff2de83bd0e9fd79d026630d2d99e55e8bfe501287647b4fd9743de?s=96&d=mm&r=g","url":"https:\/\/secure.gravatar.com\/avatar\/31a1a7b66ff2de83bd0e9fd79d026630d2d99e55e8bfe501287647b4fd9743de?s=96&d=mm&r=g","contentUrl":"https:\/\/secure.gravatar.com\/avatar\/31a1a7b66ff2de83bd0e9fd79d026630d2d99e55e8bfe501287647b4fd9743de?s=96&d=mm&r=g","caption":"Gonzalo Schmidt"},"description":"Sitio web de noticias de la provincia de Entre R\u00edos, Argentina. Informaci\u00f3n y entretenimiento. Informe Litoral, nos informamos.","sameAs":["http:\/\/www.isletasnoticias.com.ar"],"url":"https:\/\/informelitoral.com.ar\/author\/gonzalo\/"}]}},"_links":{"self":[{"href":"https:\/\/informelitoral.com.ar\/%77%70%2d%6a%73%6f%6e\/wp\/v2\/posts\/174467","targetHints":{"allow":["GET"]}}],"collection":[{"href":"https:\/\/informelitoral.com.ar\/%77%70%2d%6a%73%6f%6e\/wp\/v2\/posts"}],"about":[{"href":"https:\/\/informelitoral.com.ar\/%77%70%2d%6a%73%6f%6e\/wp\/v2\/types\/post"}],"author":[{"embeddable":true,"href":"https:\/\/informelitoral.com.ar\/%77%70%2d%6a%73%6f%6e\/wp\/v2\/users\/2"}],"replies":[{"embeddable":true,"href":"https:\/\/informelitoral.com.ar\/%77%70%2d%6a%73%6f%6e\/wp\/v2\/comments?post=174467"}],"version-history":[{"count":0,"href":"https:\/\/informelitoral.com.ar\/%77%70%2d%6a%73%6f%6e\/wp\/v2\/posts\/174467\/revisions"}],"wp:featuredmedia":[{"embeddable":true,"href":"https:\/\/informelitoral.com.ar\/%77%70%2d%6a%73%6f%6e\/wp\/v2\/media\/174468"}],"wp:attachment":[{"href":"https:\/\/informelitoral.com.ar\/%77%70%2d%6a%73%6f%6e\/wp\/v2\/media?parent=174467"}],"wp:term":[{"taxonomy":"category","embeddable":true,"href":"https:\/\/informelitoral.com.ar\/%77%70%2d%6a%73%6f%6e\/wp\/v2\/categories?post=174467"},{"taxonomy":"post_tag","embeddable":true,"href":"https:\/\/informelitoral.com.ar\/%77%70%2d%6a%73%6f%6e\/wp\/v2\/tags?post=174467"}],"curies":[{"name":"wp","href":"https:\/\/api.w.org\/{rel}","templated":true}]}}