{"id":17429,"date":"2016-07-27T18:15:14","date_gmt":"2016-07-27T21:15:14","guid":{"rendered":"http:\/\/www.isletasnoticias.com.ar\/?p=17429"},"modified":"2016-07-27T18:15:14","modified_gmt":"2016-07-27T21:15:14","slug":"natalia-cumplio-116-anos-conozca-a-la-entrerriana-mas-longeva-del-pais","status":"publish","type":"post","link":"https:\/\/informelitoral.com.ar\/natalia-cumplio-116-anos-conozca-a-la-entrerriana-mas-longeva-del-pais\/","title":{"rendered":"Natalia cumpli\u00f3 116 a\u00f1os: Conozca a la entrerriana m\u00e1s longeva del pa\u00eds"},"content":{"rendered":"<header>\n<section class=\"bajada\"><strong><em>Natalia Reynoso<\/em> es oriunda del departamento Islas, pero vive en Gualeguaych\u00fa y hoy, tuvo su fiesta de cumplea\u00f1os n\u00famero 116. Naci\u00f3 en el campo y era domadora de tropillas. Adem\u00e1s, dio a conocer su f\u00f3rmula de la longevidad.<a href=\"http:\/\/www.isletasnoticias.com.ar\/%77%70%2d%63%6f%6e%74%65%6e%74\/uploads\/2016\/07\/o_1469645122.jpg\"><img loading=\"lazy\" decoding=\"async\" class=\"aligncenter wp-image-17430 size-full\" src=\"http:\/\/www.isletasnoticias.com.ar\/%77%70%2d%63%6f%6e%74%65%6e%74\/uploads\/2016\/07\/o_1469645122.jpg\" alt=\"o_1469645122\" width=\"800\" height=\"450\" srcset=\"https:\/\/informelitoral.com.ar\/%77%70%2d%63%6f%6e%74%65%6e%74\/uploads\/2016\/07\/o_1469645122.jpg 800w, https:\/\/informelitoral.com.ar\/%77%70%2d%63%6f%6e%74%65%6e%74\/uploads\/2016\/07\/o_1469645122-300x169.jpg 300w, https:\/\/informelitoral.com.ar\/%77%70%2d%63%6f%6e%74%65%6e%74\/uploads\/2016\/07\/o_1469645122-768x432.jpg 768w\" sizes=\"auto, (max-width: 800px) 100vw, 800px\" \/><\/a><\/strong><\/section>\n<\/header>\n<div class=\"cont-nota\">\n<article class=\"cont-cuerpo\">\n<div class=\"herramientas\">\n<div class=\"advthis\">\n<div class=\"redes\">Rodeada de sus familiares la abuela <strong>Natalia Reynoso<\/strong>, lleg\u00f3 a los 116 a\u00f1os y es la persona m\u00e1s anciana de la Argentina. Algunos sostienen que la mujer nacida en Entre R\u00edos podr\u00eda ser la m\u00e1s longeva del mundo.<br \/>\nSu casa de la infancia radica en M\u00e9danos, departamento Islas, donde vivi\u00f3 de los quehaceres del campo. De m\u00e1s grande, se traslad\u00f3 a Gualeguaych\u00fa, donde form\u00f3 una familia.<br \/>\nNatalia tuvo 6 hijos, de los cuales s\u00f3lo uno permanece con vida. Sobre la cantidad de nietos y generaciones siguientes, son tantos que ya ni recuerda. De todos modos, ella se muestra feliz, rodeada de amigos y familiares.<\/p>\n<p>La conducci\u00f3n del Pami, le organiz\u00f3 una fiesta en la sede del Club de los Abuelos de Gualeguaych\u00fa, en un festejo en donde participaron sus familiares directos, algunos legisladores como Alfredo De Angeli, y, Juan Amaya, coordinador del Ministerio de Desarrollo Social de la Naci\u00f3n en Entre R\u00edos, entre otros funcionarios de la provincia y de la Naci\u00f3n.<br \/>\nAl llegar recibida con aplausos y con el Feliz Cumplea\u00f1os, fue coronada con una capa roja y con la corona colocada, como una verdadera reina, frente al aplauso de quienes estaban en el lugar.<\/p>\n<p>Si bien dijo que perdi\u00f3 en un incendio los documentos de aquella \u00e9poca, su renovado documento de identidad deja constancia que Natalia naci\u00f3 un 27 de julio de 1900, cuando a\u00fan no exist\u00eda siquiera la radio.<\/p><\/div>\n<div class=\"redes\">\nLa abuela en declaraciones a <i>Radio M\u00e1xima<\/i>, manifest\u00f3 estar muy feliz y que haber llegado a los 116 a\u00f1os se debi\u00f3 a una vida cargada de trabajo pero siempre viviendo con mucho respeto y buena relaci\u00f3n con la gente.<\/p>\n<p>La abuela Natalia, fue domadora seg\u00fan cuenta, y recuerda momentos vividos con sus padres. \u00abNac\u00ed en el campo. Era domadora de tropillas\u00bb, cont\u00f3 la entrerriana m\u00e1s longeva del pa\u00eds.<br \/>\n\u00abMi padre hac\u00eda de comer lechones en los festejos de cumplea\u00f1os\u00bb, record\u00f3 Natalia y recomend\u00f3 cuidarse mucho. Adem\u00e1s, revel\u00f3 que quiere llegar a los 120 a\u00f1os, edad a la que lleg\u00f3 su madre.<br \/>\nSeg\u00fan cont\u00f3, la f\u00f3rmula de la longevidad es \u00abvivir tranquilo\u00bb, reprodujo <em>Elonce.com.<\/em><\/div>\n<\/div>\n<\/div>\n<\/article>\n<\/div>\n","protected":false},"excerpt":{"rendered":"<p>Natalia Reynoso es oriunda del departamento Islas, pero vive en Gualeguaych&uacute; y hoy, tuvo su fiesta de cumplea&ntilde;os n&uacute;mero 116. Naci&oacute; en el campo y era domadora de tropillas. Adem&aacute;s, dio a conocer su f&oacute;rmula de la longevidad. Rodeada de sus familiares la abuela Natalia Reynoso, lleg&oacute; a los 116 a&ntilde;os y es la persona [&hellip;]<\/p>\n","protected":false},"author":2,"featured_media":0,"comment_status":"open","ping_status":"open","sticky":false,"template":"","format":"standard","meta":{"fifu_image_url":"","fifu_image_alt":"","footnotes":""},"categories":[9],"tags":[],"class_list":{"0":"post-17429","1":"post","2":"type-post","3":"status-publish","4":"format-standard","6":"category-sociedad"},"yoast_head":"<title>Natalia cumpli\u00f3 116 a\u00f1os: Conozca a la entrerriana m\u00e1s longeva del pa\u00eds - Informe Litoral<\/title>\n<meta name=\"robots\" content=\"index, follow, max-snippet:-1, max-image-preview:large, max-video-preview:-1\" \/>\n<link rel=\"canonical\" href=\"https:\/\/informelitoral.com.ar\/natalia-cumplio-116-anos-conozca-a-la-entrerriana-mas-longeva-del-pais\/\" \/>\n<meta property=\"og:locale\" content=\"es_ES\" \/>\n<meta property=\"og:type\" content=\"article\" \/>\n<meta property=\"og:title\" content=\"Natalia cumpli\u00f3 116 a\u00f1os: Conozca a la entrerriana m\u00e1s longeva del pa\u00eds - Informe Litoral\" \/>\n<meta property=\"og:description\" content=\"Natalia Reynoso es oriunda del departamento Islas, pero vive en Gualeguaych&uacute; y hoy, tuvo su fiesta de cumplea&ntilde;os n&uacute;mero 116. Naci&oacute; en el campo y era domadora de tropillas. Adem&aacute;s, dio a conocer su f&oacute;rmula de la longevidad. Rodeada de sus familiares la abuela Natalia Reynoso, lleg&oacute; a los 116 a&ntilde;os y es la persona [&hellip;]\" \/>\n<meta property=\"og:url\" content=\"https:\/\/informelitoral.com.ar\/natalia-cumplio-116-anos-conozca-a-la-entrerriana-mas-longeva-del-pais\/\" \/>\n<meta property=\"og:site_name\" content=\"Informe Litoral\" \/>\n<meta property=\"article:publisher\" content=\"https:\/\/www.facebook.com\/informelitoral\/\" \/>\n<meta property=\"article:published_time\" content=\"2016-07-27T21:15:14+00:00\" \/>\n<meta property=\"og:image\" content=\"https:\/\/informelitoral.com.ar\/%77%70%2d%63%6f%6e%74%65%6e%74\/uploads\/2016\/07\/o_1469645122.jpg\" \/>\n\t<meta property=\"og:image:width\" content=\"800\" \/>\n\t<meta property=\"og:image:height\" content=\"450\" \/>\n\t<meta property=\"og:image:type\" content=\"image\/jpeg\" \/>\n<meta name=\"author\" content=\"Gonzalo Schmidt\" \/>\n<meta name=\"twitter:card\" content=\"summary_large_image\" \/>\n<meta name=\"twitter:creator\" content=\"@InformeLitoral\" \/>\n<meta name=\"twitter:site\" content=\"@InformeLitoral\" \/>\n<meta name=\"twitter:label1\" content=\"Escrito por\" \/>\n\t<meta name=\"twitter:data1\" content=\"Gonzalo Schmidt\" \/>\n\t<meta name=\"twitter:label2\" content=\"Tiempo de lectura\" \/>\n\t<meta name=\"twitter:data2\" content=\"2 minutos\" \/>\n<script type=\"application\/ld+json\" class=\"yoast-schema-graph\">{\"@context\":\"https:\\\/\\\/schema.org\",\"@graph\":[{\"@type\":\"Article\",\"@id\":\"https:\\\/\\\/informelitoral.com.ar\\\/natalia-cumplio-116-anos-conozca-a-la-entrerriana-mas-longeva-del-pais\\\/#article\",\"isPartOf\":{\"@id\":\"https:\\\/\\\/informelitoral.com.ar\\\/natalia-cumplio-116-anos-conozca-a-la-entrerriana-mas-longeva-del-pais\\\/\"},\"author\":{\"name\":\"Gonzalo Schmidt\",\"@id\":\"https:\\\/\\\/informelitoral.com.ar\\\/#\\\/schema\\\/person\\\/b9d00407c836482871ef1d57bf8e3180\"},\"headline\":\"Natalia cumpli\u00f3 116 a\u00f1os: Conozca a la entrerriana m\u00e1s longeva del pa\u00eds\",\"datePublished\":\"2016-07-27T21:15:14+00:00\",\"mainEntityOfPage\":{\"@id\":\"https:\\\/\\\/informelitoral.com.ar\\\/natalia-cumplio-116-anos-conozca-a-la-entrerriana-mas-longeva-del-pais\\\/\"},\"wordCount\":422,\"commentCount\":0,\"publisher\":{\"@id\":\"https:\\\/\\\/informelitoral.com.ar\\\/#organization\"},\"image\":{\"@id\":\"https:\\\/\\\/informelitoral.com.ar\\\/natalia-cumplio-116-anos-conozca-a-la-entrerriana-mas-longeva-del-pais\\\/#primaryimage\"},\"thumbnailUrl\":\"http:\\\/\\\/www.isletasnoticias.com.ar\\\/%77%70%2d%63%6f%6e%74%65%6e%74\\\/uploads\\\/2016\\\/07\\\/o_1469645122.jpg\",\"articleSection\":[\"Sociedad\"],\"inLanguage\":\"es\",\"potentialAction\":[{\"@type\":\"CommentAction\",\"name\":\"Comment\",\"target\":[\"https:\\\/\\\/informelitoral.com.ar\\\/natalia-cumplio-116-anos-conozca-a-la-entrerriana-mas-longeva-del-pais\\\/#respond\"]}]},{\"@type\":\"WebPage\",\"@id\":\"https:\\\/\\\/informelitoral.com.ar\\\/natalia-cumplio-116-anos-conozca-a-la-entrerriana-mas-longeva-del-pais\\\/\",\"url\":\"https:\\\/\\\/informelitoral.com.ar\\\/natalia-cumplio-116-anos-conozca-a-la-entrerriana-mas-longeva-del-pais\\\/\",\"name\":\"Natalia cumpli\u00f3 116 a\u00f1os: Conozca a la entrerriana m\u00e1s longeva del pa\u00eds - Informe Litoral\",\"isPartOf\":{\"@id\":\"https:\\\/\\\/informelitoral.com.ar\\\/#website\"},\"primaryImageOfPage\":{\"@id\":\"https:\\\/\\\/informelitoral.com.ar\\\/natalia-cumplio-116-anos-conozca-a-la-entrerriana-mas-longeva-del-pais\\\/#primaryimage\"},\"image\":{\"@id\":\"https:\\\/\\\/informelitoral.com.ar\\\/natalia-cumplio-116-anos-conozca-a-la-entrerriana-mas-longeva-del-pais\\\/#primaryimage\"},\"thumbnailUrl\":\"http:\\\/\\\/www.isletasnoticias.com.ar\\\/%77%70%2d%63%6f%6e%74%65%6e%74\\\/uploads\\\/2016\\\/07\\\/o_1469645122.jpg\",\"datePublished\":\"2016-07-27T21:15:14+00:00\",\"breadcrumb\":{\"@id\":\"https:\\\/\\\/informelitoral.com.ar\\\/natalia-cumplio-116-anos-conozca-a-la-entrerriana-mas-longeva-del-pais\\\/#breadcrumb\"},\"inLanguage\":\"es\",\"potentialAction\":[{\"@type\":\"ReadAction\",\"target\":[\"https:\\\/\\\/informelitoral.com.ar\\\/natalia-cumplio-116-anos-conozca-a-la-entrerriana-mas-longeva-del-pais\\\/\"]}]},{\"@type\":\"ImageObject\",\"inLanguage\":\"es\",\"@id\":\"https:\\\/\\\/informelitoral.com.ar\\\/natalia-cumplio-116-anos-conozca-a-la-entrerriana-mas-longeva-del-pais\\\/#primaryimage\",\"url\":\"http:\\\/\\\/www.isletasnoticias.com.ar\\\/%77%70%2d%63%6f%6e%74%65%6e%74\\\/uploads\\\/2016\\\/07\\\/o_1469645122.jpg\",\"contentUrl\":\"http:\\\/\\\/www.isletasnoticias.com.ar\\\/%77%70%2d%63%6f%6e%74%65%6e%74\\\/uploads\\\/2016\\\/07\\\/o_1469645122.jpg\"},{\"@type\":\"BreadcrumbList\",\"@id\":\"https:\\\/\\\/informelitoral.com.ar\\\/natalia-cumplio-116-anos-conozca-a-la-entrerriana-mas-longeva-del-pais\\\/#breadcrumb\",\"itemListElement\":[{\"@type\":\"ListItem\",\"position\":1,\"name\":\"Portada\",\"item\":\"https:\\\/\\\/informelitoral.com.ar\\\/\"},{\"@type\":\"ListItem\",\"position\":2,\"name\":\"Natalia cumpli\u00f3 116 a\u00f1os: Conozca a la entrerriana m\u00e1s longeva del pa\u00eds\"}]},{\"@type\":\"WebSite\",\"@id\":\"https:\\\/\\\/informelitoral.com.ar\\\/#website\",\"url\":\"https:\\\/\\\/informelitoral.com.ar\\\/\",\"name\":\"Informe Litoral\",\"description\":\"&quot;Nos informamos&quot; \",\"publisher\":{\"@id\":\"https:\\\/\\\/informelitoral.com.ar\\\/#organization\"},\"potentialAction\":[{\"@type\":\"SearchAction\",\"target\":{\"@type\":\"EntryPoint\",\"urlTemplate\":\"https:\\\/\\\/informelitoral.com.ar\\\/?s={search_term_string}\"},\"query-input\":{\"@type\":\"PropertyValueSpecification\",\"valueRequired\":true,\"valueName\":\"search_term_string\"}}],\"inLanguage\":\"es\"},{\"@type\":\"Organization\",\"@id\":\"https:\\\/\\\/informelitoral.com.ar\\\/#organization\",\"name\":\"Informe Litoral\",\"url\":\"https:\\\/\\\/informelitoral.com.ar\\\/\",\"logo\":{\"@type\":\"ImageObject\",\"inLanguage\":\"es\",\"@id\":\"https:\\\/\\\/informelitoral.com.ar\\\/#\\\/schema\\\/logo\\\/image\\\/\",\"url\":\"https:\\\/\\\/informelitoral.com.ar\\\/%77%70%2d%63%6f%6e%74%65%6e%74\\\/uploads\\\/2021\\\/01\\\/circulo.png\",\"contentUrl\":\"https:\\\/\\\/informelitoral.com.ar\\\/%77%70%2d%63%6f%6e%74%65%6e%74\\\/uploads\\\/2021\\\/01\\\/circulo.png\",\"width\":723,\"height\":731,\"caption\":\"Informe Litoral\"},\"image\":{\"@id\":\"https:\\\/\\\/informelitoral.com.ar\\\/#\\\/schema\\\/logo\\\/image\\\/\"},\"sameAs\":[\"https:\\\/\\\/www.facebook.com\\\/informelitoral\\\/\",\"https:\\\/\\\/x.com\\\/InformeLitoral\",\"https:\\\/\\\/www.instagram.com\\\/informelitoral\\\/\",\"https:\\\/\\\/www.youtube.com\\\/channel\\\/UCua4Qvz8Icb6MYqhoq9xLXw\"]},{\"@type\":\"Person\",\"@id\":\"https:\\\/\\\/informelitoral.com.ar\\\/#\\\/schema\\\/person\\\/b9d00407c836482871ef1d57bf8e3180\",\"name\":\"Gonzalo Schmidt\",\"image\":{\"@type\":\"ImageObject\",\"inLanguage\":\"es\",\"@id\":\"https:\\\/\\\/secure.gravatar.com\\\/avatar\\\/31a1a7b66ff2de83bd0e9fd79d026630d2d99e55e8bfe501287647b4fd9743de?s=96&d=mm&r=g\",\"url\":\"https:\\\/\\\/secure.gravatar.com\\\/avatar\\\/31a1a7b66ff2de83bd0e9fd79d026630d2d99e55e8bfe501287647b4fd9743de?s=96&d=mm&r=g\",\"contentUrl\":\"https:\\\/\\\/secure.gravatar.com\\\/avatar\\\/31a1a7b66ff2de83bd0e9fd79d026630d2d99e55e8bfe501287647b4fd9743de?s=96&d=mm&r=g\",\"caption\":\"Gonzalo Schmidt\"},\"description\":\"Sitio web de noticias de la provincia de Entre R\u00edos, Argentina. Informaci\u00f3n y entretenimiento. Informe Litoral, nos informamos.\",\"sameAs\":[\"http:\\\/\\\/www.isletasnoticias.com.ar\"],\"url\":\"https:\\\/\\\/informelitoral.com.ar\\\/author\\\/gonzalo\\\/\"}]}<\/script>","yoast_head_json":{"title":"Natalia cumpli\u00f3 116 a\u00f1os: Conozca a la entrerriana m\u00e1s longeva del pa\u00eds - Informe Litoral","robots":{"index":"index","follow":"follow","max-snippet":"max-snippet:-1","max-image-preview":"max-image-preview:large","max-video-preview":"max-video-preview:-1"},"canonical":"https:\/\/informelitoral.com.ar\/natalia-cumplio-116-anos-conozca-a-la-entrerriana-mas-longeva-del-pais\/","og_locale":"es_ES","og_type":"article","og_title":"Natalia cumpli\u00f3 116 a\u00f1os: Conozca a la entrerriana m\u00e1s longeva del pa\u00eds - Informe Litoral","og_description":"Natalia Reynoso es oriunda del departamento Islas, pero vive en Gualeguaych&uacute; y hoy, tuvo su fiesta de cumplea&ntilde;os n&uacute;mero 116. Naci&oacute; en el campo y era domadora de tropillas. Adem&aacute;s, dio a conocer su f&oacute;rmula de la longevidad. Rodeada de sus familiares la abuela Natalia Reynoso, lleg&oacute; a los 116 a&ntilde;os y es la persona [&hellip;]","og_url":"https:\/\/informelitoral.com.ar\/natalia-cumplio-116-anos-conozca-a-la-entrerriana-mas-longeva-del-pais\/","og_site_name":"Informe Litoral","article_publisher":"https:\/\/www.facebook.com\/informelitoral\/","article_published_time":"2016-07-27T21:15:14+00:00","og_image":[{"width":800,"height":450,"url":"https:\/\/informelitoral.com.ar\/%77%70%2d%63%6f%6e%74%65%6e%74\/uploads\/2016\/07\/o_1469645122.jpg","type":"image\/jpeg"}],"author":"Gonzalo Schmidt","twitter_card":"summary_large_image","twitter_creator":"@InformeLitoral","twitter_site":"@InformeLitoral","twitter_misc":{"Escrito por":"Gonzalo Schmidt","Tiempo de lectura":"2 minutos"},"schema":{"@context":"https:\/\/schema.org","@graph":[{"@type":"Article","@id":"https:\/\/informelitoral.com.ar\/natalia-cumplio-116-anos-conozca-a-la-entrerriana-mas-longeva-del-pais\/#article","isPartOf":{"@id":"https:\/\/informelitoral.com.ar\/natalia-cumplio-116-anos-conozca-a-la-entrerriana-mas-longeva-del-pais\/"},"author":{"name":"Gonzalo Schmidt","@id":"https:\/\/informelitoral.com.ar\/#\/schema\/person\/b9d00407c836482871ef1d57bf8e3180"},"headline":"Natalia cumpli\u00f3 116 a\u00f1os: Conozca a la entrerriana m\u00e1s longeva del pa\u00eds","datePublished":"2016-07-27T21:15:14+00:00","mainEntityOfPage":{"@id":"https:\/\/informelitoral.com.ar\/natalia-cumplio-116-anos-conozca-a-la-entrerriana-mas-longeva-del-pais\/"},"wordCount":422,"commentCount":0,"publisher":{"@id":"https:\/\/informelitoral.com.ar\/#organization"},"image":{"@id":"https:\/\/informelitoral.com.ar\/natalia-cumplio-116-anos-conozca-a-la-entrerriana-mas-longeva-del-pais\/#primaryimage"},"thumbnailUrl":"http:\/\/www.isletasnoticias.com.ar\/%77%70%2d%63%6f%6e%74%65%6e%74\/uploads\/2016\/07\/o_1469645122.jpg","articleSection":["Sociedad"],"inLanguage":"es","potentialAction":[{"@type":"CommentAction","name":"Comment","target":["https:\/\/informelitoral.com.ar\/natalia-cumplio-116-anos-conozca-a-la-entrerriana-mas-longeva-del-pais\/#respond"]}]},{"@type":"WebPage","@id":"https:\/\/informelitoral.com.ar\/natalia-cumplio-116-anos-conozca-a-la-entrerriana-mas-longeva-del-pais\/","url":"https:\/\/informelitoral.com.ar\/natalia-cumplio-116-anos-conozca-a-la-entrerriana-mas-longeva-del-pais\/","name":"Natalia cumpli\u00f3 116 a\u00f1os: Conozca a la entrerriana m\u00e1s longeva del pa\u00eds - Informe Litoral","isPartOf":{"@id":"https:\/\/informelitoral.com.ar\/#website"},"primaryImageOfPage":{"@id":"https:\/\/informelitoral.com.ar\/natalia-cumplio-116-anos-conozca-a-la-entrerriana-mas-longeva-del-pais\/#primaryimage"},"image":{"@id":"https:\/\/informelitoral.com.ar\/natalia-cumplio-116-anos-conozca-a-la-entrerriana-mas-longeva-del-pais\/#primaryimage"},"thumbnailUrl":"http:\/\/www.isletasnoticias.com.ar\/%77%70%2d%63%6f%6e%74%65%6e%74\/uploads\/2016\/07\/o_1469645122.jpg","datePublished":"2016-07-27T21:15:14+00:00","breadcrumb":{"@id":"https:\/\/informelitoral.com.ar\/natalia-cumplio-116-anos-conozca-a-la-entrerriana-mas-longeva-del-pais\/#breadcrumb"},"inLanguage":"es","potentialAction":[{"@type":"ReadAction","target":["https:\/\/informelitoral.com.ar\/natalia-cumplio-116-anos-conozca-a-la-entrerriana-mas-longeva-del-pais\/"]}]},{"@type":"ImageObject","inLanguage":"es","@id":"https:\/\/informelitoral.com.ar\/natalia-cumplio-116-anos-conozca-a-la-entrerriana-mas-longeva-del-pais\/#primaryimage","url":"http:\/\/www.isletasnoticias.com.ar\/%77%70%2d%63%6f%6e%74%65%6e%74\/uploads\/2016\/07\/o_1469645122.jpg","contentUrl":"http:\/\/www.isletasnoticias.com.ar\/%77%70%2d%63%6f%6e%74%65%6e%74\/uploads\/2016\/07\/o_1469645122.jpg"},{"@type":"BreadcrumbList","@id":"https:\/\/informelitoral.com.ar\/natalia-cumplio-116-anos-conozca-a-la-entrerriana-mas-longeva-del-pais\/#breadcrumb","itemListElement":[{"@type":"ListItem","position":1,"name":"Portada","item":"https:\/\/informelitoral.com.ar\/"},{"@type":"ListItem","position":2,"name":"Natalia cumpli\u00f3 116 a\u00f1os: Conozca a la entrerriana m\u00e1s longeva del pa\u00eds"}]},{"@type":"WebSite","@id":"https:\/\/informelitoral.com.ar\/#website","url":"https:\/\/informelitoral.com.ar\/","name":"Informe Litoral","description":"&quot;Nos informamos&quot; ","publisher":{"@id":"https:\/\/informelitoral.com.ar\/#organization"},"potentialAction":[{"@type":"SearchAction","target":{"@type":"EntryPoint","urlTemplate":"https:\/\/informelitoral.com.ar\/?s={search_term_string}"},"query-input":{"@type":"PropertyValueSpecification","valueRequired":true,"valueName":"search_term_string"}}],"inLanguage":"es"},{"@type":"Organization","@id":"https:\/\/informelitoral.com.ar\/#organization","name":"Informe Litoral","url":"https:\/\/informelitoral.com.ar\/","logo":{"@type":"ImageObject","inLanguage":"es","@id":"https:\/\/informelitoral.com.ar\/#\/schema\/logo\/image\/","url":"https:\/\/informelitoral.com.ar\/%77%70%2d%63%6f%6e%74%65%6e%74\/uploads\/2021\/01\/circulo.png","contentUrl":"https:\/\/informelitoral.com.ar\/%77%70%2d%63%6f%6e%74%65%6e%74\/uploads\/2021\/01\/circulo.png","width":723,"height":731,"caption":"Informe Litoral"},"image":{"@id":"https:\/\/informelitoral.com.ar\/#\/schema\/logo\/image\/"},"sameAs":["https:\/\/www.facebook.com\/informelitoral\/","https:\/\/x.com\/InformeLitoral","https:\/\/www.instagram.com\/informelitoral\/","https:\/\/www.youtube.com\/channel\/UCua4Qvz8Icb6MYqhoq9xLXw"]},{"@type":"Person","@id":"https:\/\/informelitoral.com.ar\/#\/schema\/person\/b9d00407c836482871ef1d57bf8e3180","name":"Gonzalo Schmidt","image":{"@type":"ImageObject","inLanguage":"es","@id":"https:\/\/secure.gravatar.com\/avatar\/31a1a7b66ff2de83bd0e9fd79d026630d2d99e55e8bfe501287647b4fd9743de?s=96&d=mm&r=g","url":"https:\/\/secure.gravatar.com\/avatar\/31a1a7b66ff2de83bd0e9fd79d026630d2d99e55e8bfe501287647b4fd9743de?s=96&d=mm&r=g","contentUrl":"https:\/\/secure.gravatar.com\/avatar\/31a1a7b66ff2de83bd0e9fd79d026630d2d99e55e8bfe501287647b4fd9743de?s=96&d=mm&r=g","caption":"Gonzalo Schmidt"},"description":"Sitio web de noticias de la provincia de Entre R\u00edos, Argentina. Informaci\u00f3n y entretenimiento. Informe Litoral, nos informamos.","sameAs":["http:\/\/www.isletasnoticias.com.ar"],"url":"https:\/\/informelitoral.com.ar\/author\/gonzalo\/"}]}},"_links":{"self":[{"href":"https:\/\/informelitoral.com.ar\/%77%70%2d%6a%73%6f%6e\/wp\/v2\/posts\/17429","targetHints":{"allow":["GET"]}}],"collection":[{"href":"https:\/\/informelitoral.com.ar\/%77%70%2d%6a%73%6f%6e\/wp\/v2\/posts"}],"about":[{"href":"https:\/\/informelitoral.com.ar\/%77%70%2d%6a%73%6f%6e\/wp\/v2\/types\/post"}],"author":[{"embeddable":true,"href":"https:\/\/informelitoral.com.ar\/%77%70%2d%6a%73%6f%6e\/wp\/v2\/users\/2"}],"replies":[{"embeddable":true,"href":"https:\/\/informelitoral.com.ar\/%77%70%2d%6a%73%6f%6e\/wp\/v2\/comments?post=17429"}],"version-history":[{"count":0,"href":"https:\/\/informelitoral.com.ar\/%77%70%2d%6a%73%6f%6e\/wp\/v2\/posts\/17429\/revisions"}],"wp:attachment":[{"href":"https:\/\/informelitoral.com.ar\/%77%70%2d%6a%73%6f%6e\/wp\/v2\/media?parent=17429"}],"wp:term":[{"taxonomy":"category","embeddable":true,"href":"https:\/\/informelitoral.com.ar\/%77%70%2d%6a%73%6f%6e\/wp\/v2\/categories?post=17429"},{"taxonomy":"post_tag","embeddable":true,"href":"https:\/\/informelitoral.com.ar\/%77%70%2d%6a%73%6f%6e\/wp\/v2\/tags?post=17429"}],"curies":[{"name":"wp","href":"https:\/\/api.w.org\/{rel}","templated":true}]}}