{"id":17422,"date":"2016-07-27T09:16:46","date_gmt":"2016-07-27T12:16:46","guid":{"rendered":"http:\/\/www.isletasnoticias.com.ar\/?p=17422"},"modified":"2016-07-27T09:18:59","modified_gmt":"2016-07-27T12:18:59","slug":"buscan-generar-un-hecho-politico-que-destrabe-la-ley-de-comunas","status":"publish","type":"post","link":"https:\/\/informelitoral.com.ar\/buscan-generar-un-hecho-politico-que-destrabe-la-ley-de-comunas\/","title":{"rendered":"Buscan generar un hecho pol\u00edtico que destrabe la Ley de Comunas"},"content":{"rendered":"<p><strong>Diputados de Cambiemos reunir\u00e1n este jueves a los 53 presidentes de junta de ese sector pol\u00edtico para emitir una declaraci\u00f3n reclamando la norma que esperan desde 2008. <em>Bordet<\/em> dijo en junio que el gobierno trabajaba en un proyecto.<a href=\"http:\/\/www.isletasnoticias.com.ar\/%77%70%2d%63%6f%6e%74%65%6e%74\/uploads\/2016\/07\/12733655_1718772941691323_2244971552186452590_n.jpg\"><img loading=\"lazy\" decoding=\"async\" class=\"aligncenter wp-image-17423 size-full\" src=\"http:\/\/www.isletasnoticias.com.ar\/%77%70%2d%63%6f%6e%74%65%6e%74\/uploads\/2016\/07\/12733655_1718772941691323_2244971552186452590_n.jpg\" alt=\"12733655_1718772941691323_2244971552186452590_n\" width=\"960\" height=\"960\" srcset=\"https:\/\/informelitoral.com.ar\/%77%70%2d%63%6f%6e%74%65%6e%74\/uploads\/2016\/07\/12733655_1718772941691323_2244971552186452590_n.jpg 960w, https:\/\/informelitoral.com.ar\/%77%70%2d%63%6f%6e%74%65%6e%74\/uploads\/2016\/07\/12733655_1718772941691323_2244971552186452590_n-150x150.jpg 150w, https:\/\/informelitoral.com.ar\/%77%70%2d%63%6f%6e%74%65%6e%74\/uploads\/2016\/07\/12733655_1718772941691323_2244971552186452590_n-300x300.jpg 300w, https:\/\/informelitoral.com.ar\/%77%70%2d%63%6f%6e%74%65%6e%74\/uploads\/2016\/07\/12733655_1718772941691323_2244971552186452590_n-768x768.jpg 768w\" sizes=\"auto, (max-width: 960px) 100vw, 960px\" \/><\/a><\/strong><\/p>\n<p>El bloque de diputados de Cambiemos intentar\u00e1 generar un hecho pol\u00edtico que vuelva a poner en agenda la postergada sanci\u00f3n de la ley de comunas. Para ello convoc\u00f3 para el mi\u00e9rcoles a los 53 presidentes de juntas de gobierno de ese espacio, que se har\u00e1 en la sede partidaria. Estar\u00e1n all\u00ed tambi\u00e9n autoridades del radicalismo y otros referentes de la oposici\u00f3n.<\/p>\n<p>La idea es, claramente, volver a poner el tema en la agenda pol\u00edtica entrerriana. Los diputados m\u00e1s interesados en esto son los radicales, porque a la vez son radicales la casi totalidad de los presidentes de junta de ese sector.<\/p>\n<p>No se trata de una idea novedosa. Desde 2008, cuando se reform\u00f3 la Constituci\u00f3n de Entre R\u00edos, est\u00e1 pendiente la regulaci\u00f3n del art\u00edculo 246 de la carta magna provincial que se\u00f1ala que las comunas recibir\u00e1n un porcentaje no menor al 1% de la coparticipaci\u00f3n nacional y provincial, con lo que se abrir\u00eda una nueva etapa basada en la administraci\u00f3n de sus propios recursos.<\/p>\n<p>Si bien se presentaron varios proyectos, ninguno pas\u00f3 de la media sanci\u00f3n, b\u00e1sicamente porque el Poder Ejecutivo de turno no deseaba o no pod\u00eda cumplir con el env\u00edo de la coparticipaci\u00f3n a las 130 comunas aproximadamente que surgir\u00e1n de las 197 juntas de gobierno que hay en la provincia, tras la unificaci\u00f3n de algunas de ellas.<\/p>\n<p>Se estima que con la nueva ley se distribuir\u00edan m\u00e1s de 170 millones de pesos, de acuerdo a los mondos de coparticipaci\u00f3n de 2015; los que obviamente aumentar\u00e1n con la devoluci\u00f3n gradual del 15% de coparticipaci\u00f3n, que en 2016 es de tres puntos porcentuales.<\/p>\n<p>Actualmente espera en Diputados un proyecto que tiene media sanci\u00f3n del Senado, elaborado durante la gesti\u00f3n anterior por los senadores oficialistas C\u00e9sar Melchiori y Enrique Cresto. Existieron otros proyectos para regular la cuesti\u00f3n, los cuales fueron considerados para elaborar la norma que logr\u00f3 la aprobaci\u00f3n en el Senado, como por ejemplo el que impuls\u00f3 el diputado Diego Lara en junio de 2012; o el del diputado Jorge Bolz\u00e1n, presentado en junio de 2009. Ambos legisladores son oriundos de Paran\u00e1 Campa\u00f1a (de Mar\u00eda Grande el primero y de Segu\u00ed el segundo) que es la zona del Departamento Paran\u00e1 donde se ubican 36 juntas.<\/p>\n<p>La iniciativa de Cresto y Melchiori se aprob\u00f3 el 1\u00ba de abril de 2015 y se extiende en 62 art\u00edculos para determinar la forma de gobernar todo centro poblacional que vaya entre 200 y 1.500 personas y no est\u00e9 comprendido en ning\u00fan ejido municipal.<\/p>\n<p>A los legisladores de Cambiemos no los satisface completamente ese texto, pero tienen la intenci\u00f3n de tomarlo para avanzar en el debate, pensando incluso en que si le realizan modificaciones a la ley que el Senado vot\u00f3 el a\u00f1o pasado, podr\u00edan discutirlas con la nueva composici\u00f3n de la C\u00e1mara. Los anima el esp\u00edritu dialoguista del presidente del cuerpo, el vicegobernador Bahl, y de la mayor\u00eda de los senadores.<\/p>\n<p>Tambi\u00e9n saben que el di\u00e1logo y el consenso son indispensables para resolver la falta de fondos, que es la \u00fanica raz\u00f3n por la cual la creaci\u00f3n de las comunas tiene casi siete a\u00f1os de retraso, teniendo en cuenta que debi\u00f3 haberse aprobado en el a\u00f1o posterior a la jura de la Constituci\u00f3n reformada.<\/p>\n<p>No buscan los legisladores opositores poner a Gustavo Bordet en un brete insalvable, sino en todo caso, manejarle un poco la agenda. Igualmente, para el gobernador el tema no es nuevo. El 16 de junio, en Arroyo Bar\u00fa, le dijo a los vecinos de esa junta: \u00abEstamos buscando la forma m\u00e1s inteligente de reglamentar lo que est\u00e1 establecido en la Constituci\u00f3n para que las juntas de gobierno puedan tener la autonom\u00eda necesaria, el poder de decisi\u00f3n y fundamentalmente la estructura de ingresos que permitan generar m\u00e1s desarrollo en cada uno de los pueblos\u00bb.<\/p>\n<p>Este diario ya hab\u00eda publicado que uno de los objetivos del ministro de Gobierno, Mauro Urribarri, era lograr un acuerdo pol\u00edtico en torno de esa norma. El hijo del exgobernador Sergio Urribarri (oriundo de Bar\u00fa) hab\u00eda hablado p\u00fablicamente del tema con integrantes de juntas de gobierno del Departamento San Salvador, a quienes interioriz\u00f3 de la elaboraci\u00f3n de un marco normativo \u00abpara que las juntas de gobierno tengan su propio financiamiento\u00bb.<\/p>\n<p>Los legisladores de Cambiemos saben, entonces, que si el gobierno provincial no avanz\u00f3 m\u00e1s en el tema es por falta de fondos. Por ello, est\u00e1n dispuestos a buscar variantes y analizar diferentes posibilidades. Podr\u00eda discutirse, en este contexto, una conversi\u00f3n gradual de las juntas a comunas, empezando por las de mayor cantidad de poblaci\u00f3n, o por aquellas en las que las autoridades se eligen por el voto de los ciudadanos porque su territorio coincide con el distrito electoral.<\/p>\n<p>Cambiemos conduce varias juntas, especialmente en Paran\u00e1 Campa\u00f1a, Diamante o Federaci\u00f3n.<\/p>\n<p>En el plano de la valoraci\u00f3n pol\u00edtica, los diputados de Cambiemos entienden que este a\u00f1o hubo avances significativos en la Legislatura, producto de la armon\u00eda entre oficialismo y oposici\u00f3n. Citan, por ejemplo, lo que se avanz\u00f3 en la Ley de \u00c9tica o en la regulaci\u00f3n del Tribunal de Cuentas. Entienden, entonces, que en lo relativo a la Ley de Comunas podr\u00eda ocurrir lo mismo. <em>(Carlos Matteoda &#8211; UNO)<\/em><\/p>\n","protected":false},"excerpt":{"rendered":"<p>Diputados de Cambiemos reunir&aacute;n este jueves a los 53 presidentes de junta de ese sector pol&iacute;tico para emitir una declaraci&oacute;n reclamando la norma que esperan desde 2008. Bordet dijo en junio que el gobierno trabajaba en un proyecto. El bloque de diputados de Cambiemos intentar&aacute; generar un hecho pol&iacute;tico que vuelva a poner en agenda [&hellip;]<\/p>\n","protected":false},"author":2,"featured_media":0,"comment_status":"open","ping_status":"open","sticky":false,"template":"","format":"standard","meta":{"fifu_image_url":"","fifu_image_alt":"","footnotes":""},"categories":[6,4,16],"tags":[],"class_list":{"0":"post-17422","1":"post","2":"type-post","3":"status-publish","4":"format-standard","6":"category-entre-rios","7":"category-locales","8":"category-politi"},"yoast_head":"<title>Buscan generar un hecho pol\u00edtico que destrabe la Ley de Comunas - Informe Litoral<\/title>\n<meta name=\"robots\" content=\"index, follow, max-snippet:-1, max-image-preview:large, max-video-preview:-1\" \/>\n<link rel=\"canonical\" href=\"https:\/\/informelitoral.com.ar\/buscan-generar-un-hecho-politico-que-destrabe-la-ley-de-comunas\/\" \/>\n<meta property=\"og:locale\" content=\"es_ES\" \/>\n<meta property=\"og:type\" content=\"article\" \/>\n<meta property=\"og:title\" content=\"Buscan generar un hecho pol\u00edtico que destrabe la Ley de Comunas - Informe Litoral\" \/>\n<meta property=\"og:description\" content=\"Diputados de Cambiemos reunir&aacute;n este jueves a los 53 presidentes de junta de ese sector pol&iacute;tico para emitir una declaraci&oacute;n reclamando la norma que esperan desde 2008. Bordet dijo en junio que el gobierno trabajaba en un proyecto. El bloque de diputados de Cambiemos intentar&aacute; generar un hecho pol&iacute;tico que vuelva a poner en agenda [&hellip;]\" \/>\n<meta property=\"og:url\" content=\"https:\/\/informelitoral.com.ar\/buscan-generar-un-hecho-politico-que-destrabe-la-ley-de-comunas\/\" \/>\n<meta property=\"og:site_name\" content=\"Informe Litoral\" \/>\n<meta property=\"article:publisher\" content=\"https:\/\/www.facebook.com\/informelitoral\/\" \/>\n<meta property=\"article:published_time\" content=\"2016-07-27T12:16:46+00:00\" \/>\n<meta property=\"article:modified_time\" content=\"2016-07-27T12:18:59+00:00\" \/>\n<meta property=\"og:image\" content=\"https:\/\/informelitoral.com.ar\/%77%70%2d%63%6f%6e%74%65%6e%74\/uploads\/2016\/07\/12733655_1718772941691323_2244971552186452590_n.jpg\" \/>\n\t<meta property=\"og:image:width\" content=\"960\" \/>\n\t<meta property=\"og:image:height\" content=\"960\" \/>\n\t<meta property=\"og:image:type\" content=\"image\/jpeg\" \/>\n<meta name=\"author\" content=\"Gonzalo Schmidt\" \/>\n<meta name=\"twitter:card\" content=\"summary_large_image\" \/>\n<meta name=\"twitter:creator\" content=\"@InformeLitoral\" \/>\n<meta name=\"twitter:site\" content=\"@InformeLitoral\" \/>\n<meta name=\"twitter:label1\" content=\"Escrito por\" \/>\n\t<meta name=\"twitter:data1\" content=\"Gonzalo Schmidt\" \/>\n\t<meta name=\"twitter:label2\" content=\"Tiempo de lectura\" \/>\n\t<meta name=\"twitter:data2\" content=\"5 minutos\" \/>\n<script type=\"application\/ld+json\" class=\"yoast-schema-graph\">{\"@context\":\"https:\\\/\\\/schema.org\",\"@graph\":[{\"@type\":\"Article\",\"@id\":\"https:\\\/\\\/informelitoral.com.ar\\\/buscan-generar-un-hecho-politico-que-destrabe-la-ley-de-comunas\\\/#article\",\"isPartOf\":{\"@id\":\"https:\\\/\\\/informelitoral.com.ar\\\/buscan-generar-un-hecho-politico-que-destrabe-la-ley-de-comunas\\\/\"},\"author\":{\"name\":\"Gonzalo Schmidt\",\"@id\":\"https:\\\/\\\/informelitoral.com.ar\\\/#\\\/schema\\\/person\\\/b9d00407c836482871ef1d57bf8e3180\"},\"headline\":\"Buscan generar un hecho pol\u00edtico que destrabe la Ley de Comunas\",\"datePublished\":\"2016-07-27T12:16:46+00:00\",\"dateModified\":\"2016-07-27T12:18:59+00:00\",\"mainEntityOfPage\":{\"@id\":\"https:\\\/\\\/informelitoral.com.ar\\\/buscan-generar-un-hecho-politico-que-destrabe-la-ley-de-comunas\\\/\"},\"wordCount\":961,\"commentCount\":0,\"publisher\":{\"@id\":\"https:\\\/\\\/informelitoral.com.ar\\\/#organization\"},\"image\":{\"@id\":\"https:\\\/\\\/informelitoral.com.ar\\\/buscan-generar-un-hecho-politico-que-destrabe-la-ley-de-comunas\\\/#primaryimage\"},\"thumbnailUrl\":\"http:\\\/\\\/www.isletasnoticias.com.ar\\\/%77%70%2d%63%6f%6e%74%65%6e%74\\\/uploads\\\/2016\\\/07\\\/12733655_1718772941691323_2244971552186452590_n.jpg\",\"articleSection\":[\"Entre R\u00edos\",\"Isletas\",\"Politica\"],\"inLanguage\":\"es\",\"potentialAction\":[{\"@type\":\"CommentAction\",\"name\":\"Comment\",\"target\":[\"https:\\\/\\\/informelitoral.com.ar\\\/buscan-generar-un-hecho-politico-que-destrabe-la-ley-de-comunas\\\/#respond\"]}]},{\"@type\":\"WebPage\",\"@id\":\"https:\\\/\\\/informelitoral.com.ar\\\/buscan-generar-un-hecho-politico-que-destrabe-la-ley-de-comunas\\\/\",\"url\":\"https:\\\/\\\/informelitoral.com.ar\\\/buscan-generar-un-hecho-politico-que-destrabe-la-ley-de-comunas\\\/\",\"name\":\"Buscan generar un hecho pol\u00edtico que destrabe la Ley de Comunas - Informe Litoral\",\"isPartOf\":{\"@id\":\"https:\\\/\\\/informelitoral.com.ar\\\/#website\"},\"primaryImageOfPage\":{\"@id\":\"https:\\\/\\\/informelitoral.com.ar\\\/buscan-generar-un-hecho-politico-que-destrabe-la-ley-de-comunas\\\/#primaryimage\"},\"image\":{\"@id\":\"https:\\\/\\\/informelitoral.com.ar\\\/buscan-generar-un-hecho-politico-que-destrabe-la-ley-de-comunas\\\/#primaryimage\"},\"thumbnailUrl\":\"http:\\\/\\\/www.isletasnoticias.com.ar\\\/%77%70%2d%63%6f%6e%74%65%6e%74\\\/uploads\\\/2016\\\/07\\\/12733655_1718772941691323_2244971552186452590_n.jpg\",\"datePublished\":\"2016-07-27T12:16:46+00:00\",\"dateModified\":\"2016-07-27T12:18:59+00:00\",\"breadcrumb\":{\"@id\":\"https:\\\/\\\/informelitoral.com.ar\\\/buscan-generar-un-hecho-politico-que-destrabe-la-ley-de-comunas\\\/#breadcrumb\"},\"inLanguage\":\"es\",\"potentialAction\":[{\"@type\":\"ReadAction\",\"target\":[\"https:\\\/\\\/informelitoral.com.ar\\\/buscan-generar-un-hecho-politico-que-destrabe-la-ley-de-comunas\\\/\"]}]},{\"@type\":\"ImageObject\",\"inLanguage\":\"es\",\"@id\":\"https:\\\/\\\/informelitoral.com.ar\\\/buscan-generar-un-hecho-politico-que-destrabe-la-ley-de-comunas\\\/#primaryimage\",\"url\":\"http:\\\/\\\/www.isletasnoticias.com.ar\\\/%77%70%2d%63%6f%6e%74%65%6e%74\\\/uploads\\\/2016\\\/07\\\/12733655_1718772941691323_2244971552186452590_n.jpg\",\"contentUrl\":\"http:\\\/\\\/www.isletasnoticias.com.ar\\\/%77%70%2d%63%6f%6e%74%65%6e%74\\\/uploads\\\/2016\\\/07\\\/12733655_1718772941691323_2244971552186452590_n.jpg\"},{\"@type\":\"BreadcrumbList\",\"@id\":\"https:\\\/\\\/informelitoral.com.ar\\\/buscan-generar-un-hecho-politico-que-destrabe-la-ley-de-comunas\\\/#breadcrumb\",\"itemListElement\":[{\"@type\":\"ListItem\",\"position\":1,\"name\":\"Portada\",\"item\":\"https:\\\/\\\/informelitoral.com.ar\\\/\"},{\"@type\":\"ListItem\",\"position\":2,\"name\":\"Buscan generar un hecho pol\u00edtico que destrabe la Ley de Comunas\"}]},{\"@type\":\"WebSite\",\"@id\":\"https:\\\/\\\/informelitoral.com.ar\\\/#website\",\"url\":\"https:\\\/\\\/informelitoral.com.ar\\\/\",\"name\":\"Informe Litoral\",\"description\":\"&quot;Nos informamos&quot; \",\"publisher\":{\"@id\":\"https:\\\/\\\/informelitoral.com.ar\\\/#organization\"},\"potentialAction\":[{\"@type\":\"SearchAction\",\"target\":{\"@type\":\"EntryPoint\",\"urlTemplate\":\"https:\\\/\\\/informelitoral.com.ar\\\/?s={search_term_string}\"},\"query-input\":{\"@type\":\"PropertyValueSpecification\",\"valueRequired\":true,\"valueName\":\"search_term_string\"}}],\"inLanguage\":\"es\"},{\"@type\":\"Organization\",\"@id\":\"https:\\\/\\\/informelitoral.com.ar\\\/#organization\",\"name\":\"Informe Litoral\",\"url\":\"https:\\\/\\\/informelitoral.com.ar\\\/\",\"logo\":{\"@type\":\"ImageObject\",\"inLanguage\":\"es\",\"@id\":\"https:\\\/\\\/informelitoral.com.ar\\\/#\\\/schema\\\/logo\\\/image\\\/\",\"url\":\"https:\\\/\\\/informelitoral.com.ar\\\/%77%70%2d%63%6f%6e%74%65%6e%74\\\/uploads\\\/2021\\\/01\\\/circulo.png\",\"contentUrl\":\"https:\\\/\\\/informelitoral.com.ar\\\/%77%70%2d%63%6f%6e%74%65%6e%74\\\/uploads\\\/2021\\\/01\\\/circulo.png\",\"width\":723,\"height\":731,\"caption\":\"Informe Litoral\"},\"image\":{\"@id\":\"https:\\\/\\\/informelitoral.com.ar\\\/#\\\/schema\\\/logo\\\/image\\\/\"},\"sameAs\":[\"https:\\\/\\\/www.facebook.com\\\/informelitoral\\\/\",\"https:\\\/\\\/x.com\\\/InformeLitoral\",\"https:\\\/\\\/www.instagram.com\\\/informelitoral\\\/\",\"https:\\\/\\\/www.youtube.com\\\/channel\\\/UCua4Qvz8Icb6MYqhoq9xLXw\"]},{\"@type\":\"Person\",\"@id\":\"https:\\\/\\\/informelitoral.com.ar\\\/#\\\/schema\\\/person\\\/b9d00407c836482871ef1d57bf8e3180\",\"name\":\"Gonzalo Schmidt\",\"image\":{\"@type\":\"ImageObject\",\"inLanguage\":\"es\",\"@id\":\"https:\\\/\\\/secure.gravatar.com\\\/avatar\\\/31a1a7b66ff2de83bd0e9fd79d026630d2d99e55e8bfe501287647b4fd9743de?s=96&d=mm&r=g\",\"url\":\"https:\\\/\\\/secure.gravatar.com\\\/avatar\\\/31a1a7b66ff2de83bd0e9fd79d026630d2d99e55e8bfe501287647b4fd9743de?s=96&d=mm&r=g\",\"contentUrl\":\"https:\\\/\\\/secure.gravatar.com\\\/avatar\\\/31a1a7b66ff2de83bd0e9fd79d026630d2d99e55e8bfe501287647b4fd9743de?s=96&d=mm&r=g\",\"caption\":\"Gonzalo Schmidt\"},\"description\":\"Sitio web de noticias de la provincia de Entre R\u00edos, Argentina. Informaci\u00f3n y entretenimiento. Informe Litoral, nos informamos.\",\"sameAs\":[\"http:\\\/\\\/www.isletasnoticias.com.ar\"],\"url\":\"https:\\\/\\\/informelitoral.com.ar\\\/author\\\/gonzalo\\\/\"}]}<\/script>","yoast_head_json":{"title":"Buscan generar un hecho pol\u00edtico que destrabe la Ley de Comunas - Informe Litoral","robots":{"index":"index","follow":"follow","max-snippet":"max-snippet:-1","max-image-preview":"max-image-preview:large","max-video-preview":"max-video-preview:-1"},"canonical":"https:\/\/informelitoral.com.ar\/buscan-generar-un-hecho-politico-que-destrabe-la-ley-de-comunas\/","og_locale":"es_ES","og_type":"article","og_title":"Buscan generar un hecho pol\u00edtico que destrabe la Ley de Comunas - Informe Litoral","og_description":"Diputados de Cambiemos reunir&aacute;n este jueves a los 53 presidentes de junta de ese sector pol&iacute;tico para emitir una declaraci&oacute;n reclamando la norma que esperan desde 2008. Bordet dijo en junio que el gobierno trabajaba en un proyecto. El bloque de diputados de Cambiemos intentar&aacute; generar un hecho pol&iacute;tico que vuelva a poner en agenda [&hellip;]","og_url":"https:\/\/informelitoral.com.ar\/buscan-generar-un-hecho-politico-que-destrabe-la-ley-de-comunas\/","og_site_name":"Informe Litoral","article_publisher":"https:\/\/www.facebook.com\/informelitoral\/","article_published_time":"2016-07-27T12:16:46+00:00","article_modified_time":"2016-07-27T12:18:59+00:00","og_image":[{"width":960,"height":960,"url":"https:\/\/informelitoral.com.ar\/%77%70%2d%63%6f%6e%74%65%6e%74\/uploads\/2016\/07\/12733655_1718772941691323_2244971552186452590_n.jpg","type":"image\/jpeg"}],"author":"Gonzalo Schmidt","twitter_card":"summary_large_image","twitter_creator":"@InformeLitoral","twitter_site":"@InformeLitoral","twitter_misc":{"Escrito por":"Gonzalo Schmidt","Tiempo de lectura":"5 minutos"},"schema":{"@context":"https:\/\/schema.org","@graph":[{"@type":"Article","@id":"https:\/\/informelitoral.com.ar\/buscan-generar-un-hecho-politico-que-destrabe-la-ley-de-comunas\/#article","isPartOf":{"@id":"https:\/\/informelitoral.com.ar\/buscan-generar-un-hecho-politico-que-destrabe-la-ley-de-comunas\/"},"author":{"name":"Gonzalo Schmidt","@id":"https:\/\/informelitoral.com.ar\/#\/schema\/person\/b9d00407c836482871ef1d57bf8e3180"},"headline":"Buscan generar un hecho pol\u00edtico que destrabe la Ley de Comunas","datePublished":"2016-07-27T12:16:46+00:00","dateModified":"2016-07-27T12:18:59+00:00","mainEntityOfPage":{"@id":"https:\/\/informelitoral.com.ar\/buscan-generar-un-hecho-politico-que-destrabe-la-ley-de-comunas\/"},"wordCount":961,"commentCount":0,"publisher":{"@id":"https:\/\/informelitoral.com.ar\/#organization"},"image":{"@id":"https:\/\/informelitoral.com.ar\/buscan-generar-un-hecho-politico-que-destrabe-la-ley-de-comunas\/#primaryimage"},"thumbnailUrl":"http:\/\/www.isletasnoticias.com.ar\/%77%70%2d%63%6f%6e%74%65%6e%74\/uploads\/2016\/07\/12733655_1718772941691323_2244971552186452590_n.jpg","articleSection":["Entre R\u00edos","Isletas","Politica"],"inLanguage":"es","potentialAction":[{"@type":"CommentAction","name":"Comment","target":["https:\/\/informelitoral.com.ar\/buscan-generar-un-hecho-politico-que-destrabe-la-ley-de-comunas\/#respond"]}]},{"@type":"WebPage","@id":"https:\/\/informelitoral.com.ar\/buscan-generar-un-hecho-politico-que-destrabe-la-ley-de-comunas\/","url":"https:\/\/informelitoral.com.ar\/buscan-generar-un-hecho-politico-que-destrabe-la-ley-de-comunas\/","name":"Buscan generar un hecho pol\u00edtico que destrabe la Ley de Comunas - Informe Litoral","isPartOf":{"@id":"https:\/\/informelitoral.com.ar\/#website"},"primaryImageOfPage":{"@id":"https:\/\/informelitoral.com.ar\/buscan-generar-un-hecho-politico-que-destrabe-la-ley-de-comunas\/#primaryimage"},"image":{"@id":"https:\/\/informelitoral.com.ar\/buscan-generar-un-hecho-politico-que-destrabe-la-ley-de-comunas\/#primaryimage"},"thumbnailUrl":"http:\/\/www.isletasnoticias.com.ar\/%77%70%2d%63%6f%6e%74%65%6e%74\/uploads\/2016\/07\/12733655_1718772941691323_2244971552186452590_n.jpg","datePublished":"2016-07-27T12:16:46+00:00","dateModified":"2016-07-27T12:18:59+00:00","breadcrumb":{"@id":"https:\/\/informelitoral.com.ar\/buscan-generar-un-hecho-politico-que-destrabe-la-ley-de-comunas\/#breadcrumb"},"inLanguage":"es","potentialAction":[{"@type":"ReadAction","target":["https:\/\/informelitoral.com.ar\/buscan-generar-un-hecho-politico-que-destrabe-la-ley-de-comunas\/"]}]},{"@type":"ImageObject","inLanguage":"es","@id":"https:\/\/informelitoral.com.ar\/buscan-generar-un-hecho-politico-que-destrabe-la-ley-de-comunas\/#primaryimage","url":"http:\/\/www.isletasnoticias.com.ar\/%77%70%2d%63%6f%6e%74%65%6e%74\/uploads\/2016\/07\/12733655_1718772941691323_2244971552186452590_n.jpg","contentUrl":"http:\/\/www.isletasnoticias.com.ar\/%77%70%2d%63%6f%6e%74%65%6e%74\/uploads\/2016\/07\/12733655_1718772941691323_2244971552186452590_n.jpg"},{"@type":"BreadcrumbList","@id":"https:\/\/informelitoral.com.ar\/buscan-generar-un-hecho-politico-que-destrabe-la-ley-de-comunas\/#breadcrumb","itemListElement":[{"@type":"ListItem","position":1,"name":"Portada","item":"https:\/\/informelitoral.com.ar\/"},{"@type":"ListItem","position":2,"name":"Buscan generar un hecho pol\u00edtico que destrabe la Ley de Comunas"}]},{"@type":"WebSite","@id":"https:\/\/informelitoral.com.ar\/#website","url":"https:\/\/informelitoral.com.ar\/","name":"Informe Litoral","description":"&quot;Nos informamos&quot; ","publisher":{"@id":"https:\/\/informelitoral.com.ar\/#organization"},"potentialAction":[{"@type":"SearchAction","target":{"@type":"EntryPoint","urlTemplate":"https:\/\/informelitoral.com.ar\/?s={search_term_string}"},"query-input":{"@type":"PropertyValueSpecification","valueRequired":true,"valueName":"search_term_string"}}],"inLanguage":"es"},{"@type":"Organization","@id":"https:\/\/informelitoral.com.ar\/#organization","name":"Informe Litoral","url":"https:\/\/informelitoral.com.ar\/","logo":{"@type":"ImageObject","inLanguage":"es","@id":"https:\/\/informelitoral.com.ar\/#\/schema\/logo\/image\/","url":"https:\/\/informelitoral.com.ar\/%77%70%2d%63%6f%6e%74%65%6e%74\/uploads\/2021\/01\/circulo.png","contentUrl":"https:\/\/informelitoral.com.ar\/%77%70%2d%63%6f%6e%74%65%6e%74\/uploads\/2021\/01\/circulo.png","width":723,"height":731,"caption":"Informe Litoral"},"image":{"@id":"https:\/\/informelitoral.com.ar\/#\/schema\/logo\/image\/"},"sameAs":["https:\/\/www.facebook.com\/informelitoral\/","https:\/\/x.com\/InformeLitoral","https:\/\/www.instagram.com\/informelitoral\/","https:\/\/www.youtube.com\/channel\/UCua4Qvz8Icb6MYqhoq9xLXw"]},{"@type":"Person","@id":"https:\/\/informelitoral.com.ar\/#\/schema\/person\/b9d00407c836482871ef1d57bf8e3180","name":"Gonzalo Schmidt","image":{"@type":"ImageObject","inLanguage":"es","@id":"https:\/\/secure.gravatar.com\/avatar\/31a1a7b66ff2de83bd0e9fd79d026630d2d99e55e8bfe501287647b4fd9743de?s=96&d=mm&r=g","url":"https:\/\/secure.gravatar.com\/avatar\/31a1a7b66ff2de83bd0e9fd79d026630d2d99e55e8bfe501287647b4fd9743de?s=96&d=mm&r=g","contentUrl":"https:\/\/secure.gravatar.com\/avatar\/31a1a7b66ff2de83bd0e9fd79d026630d2d99e55e8bfe501287647b4fd9743de?s=96&d=mm&r=g","caption":"Gonzalo Schmidt"},"description":"Sitio web de noticias de la provincia de Entre R\u00edos, Argentina. Informaci\u00f3n y entretenimiento. Informe Litoral, nos informamos.","sameAs":["http:\/\/www.isletasnoticias.com.ar"],"url":"https:\/\/informelitoral.com.ar\/author\/gonzalo\/"}]}},"_links":{"self":[{"href":"https:\/\/informelitoral.com.ar\/%77%70%2d%6a%73%6f%6e\/wp\/v2\/posts\/17422","targetHints":{"allow":["GET"]}}],"collection":[{"href":"https:\/\/informelitoral.com.ar\/%77%70%2d%6a%73%6f%6e\/wp\/v2\/posts"}],"about":[{"href":"https:\/\/informelitoral.com.ar\/%77%70%2d%6a%73%6f%6e\/wp\/v2\/types\/post"}],"author":[{"embeddable":true,"href":"https:\/\/informelitoral.com.ar\/%77%70%2d%6a%73%6f%6e\/wp\/v2\/users\/2"}],"replies":[{"embeddable":true,"href":"https:\/\/informelitoral.com.ar\/%77%70%2d%6a%73%6f%6e\/wp\/v2\/comments?post=17422"}],"version-history":[{"count":0,"href":"https:\/\/informelitoral.com.ar\/%77%70%2d%6a%73%6f%6e\/wp\/v2\/posts\/17422\/revisions"}],"wp:attachment":[{"href":"https:\/\/informelitoral.com.ar\/%77%70%2d%6a%73%6f%6e\/wp\/v2\/media?parent=17422"}],"wp:term":[{"taxonomy":"category","embeddable":true,"href":"https:\/\/informelitoral.com.ar\/%77%70%2d%6a%73%6f%6e\/wp\/v2\/categories?post=17422"},{"taxonomy":"post_tag","embeddable":true,"href":"https:\/\/informelitoral.com.ar\/%77%70%2d%6a%73%6f%6e\/wp\/v2\/tags?post=17422"}],"curies":[{"name":"wp","href":"https:\/\/api.w.org\/{rel}","templated":true}]}}