{"id":17419,"date":"2016-07-27T09:10:34","date_gmt":"2016-07-27T12:10:34","guid":{"rendered":"http:\/\/www.isletasnoticias.com.ar\/?p=17419"},"modified":"2016-07-27T09:10:34","modified_gmt":"2016-07-27T12:10:34","slug":"la-prohibicion-del-cobro-de-plus-en-la-provincia-ya-es-ley","status":"publish","type":"post","link":"https:\/\/informelitoral.com.ar\/la-prohibicion-del-cobro-de-plus-en-la-provincia-ya-es-ley\/","title":{"rendered":"La prohibici\u00f3n del cobro de plus en la provincia ya es ley"},"content":{"rendered":"<p><strong>El senado acompa\u00f1\u00f3 la iniciativa que proh\u00edbe en todo el territorio entrerriano el cobro de plus \u00aba toda persona f\u00edsica y\/o jur\u00eddica como retribuci\u00f3n por los servicios prestados por los profesionales del arte de curar y las ramas anexas\u00bb.<a href=\"http:\/\/www.isletasnoticias.com.ar\/%77%70%2d%63%6f%6e%74%65%6e%74\/uploads\/2016\/07\/o_1469580581.jpg\"><img loading=\"lazy\" decoding=\"async\" class=\"aligncenter wp-image-17420 size-full\" src=\"http:\/\/www.isletasnoticias.com.ar\/%77%70%2d%63%6f%6e%74%65%6e%74\/uploads\/2016\/07\/o_1469580581.jpg\" alt=\"o_1469580581\" width=\"800\" height=\"450\" srcset=\"https:\/\/informelitoral.com.ar\/%77%70%2d%63%6f%6e%74%65%6e%74\/uploads\/2016\/07\/o_1469580581.jpg 800w, https:\/\/informelitoral.com.ar\/%77%70%2d%63%6f%6e%74%65%6e%74\/uploads\/2016\/07\/o_1469580581-300x169.jpg 300w, https:\/\/informelitoral.com.ar\/%77%70%2d%63%6f%6e%74%65%6e%74\/uploads\/2016\/07\/o_1469580581-768x432.jpg 768w\" sizes=\"auto, (max-width: 800px) 100vw, 800px\" \/><\/a><\/strong><\/p>\n<p>Es ley la prohibici\u00f3n del cobro de plus en Entre R\u00edos. El senador Giano explic\u00f3 que oportunamente esta iniciativa de Daniel Ruberto, fue acompa\u00f1ada por la unanimidad de los diputados que la trataron. Agreg\u00f3 que \u00abson los gremios lo que reciben en forma permanente denuncias sobre una pr\u00e1ctica que est\u00e1 fuera de todo convenio establecido entre profesionales y obras sociales\u00bb.<\/p>\n<article class=\"cont-cuerpo\">\n<section class=\"texto\">\u00abNaturalmente y m\u00e1s en este d\u00eda en que se recuerda a Eva Per\u00f3n, que tanto hizo por los trabajadores, consideramos que debemos aprobarlo, porque el cobra de plus constituye un hecho il\u00edcito\u00bb, enfatiz\u00f3 el legislador de Concordia, seg\u00fan reprodujo <em>Elonce.com<\/em><\/p>\n<p>A\u00f1adi\u00f3 que \u00abser\u00e1 una herramienta importante no solo para los trabajadores sino tambi\u00e9n para las obras sociales\u00bb. Consider\u00f3 que ser\u00e1 para defender al trabajador.<\/p>\n<p>Opin\u00f3 que \u00abhay violaci\u00f3n de un pacto hecho entre el profesional y la obra social, que ya tienen acordado un arancel, y el que cobra un plus, viola este compromiso\u00bb. Sum\u00f3 argumentos observando que si se cobra un plus, hay un pago en negro, lo que generar\u00eda una evasi\u00f3n que debe ser perseguida por ATER o AFIP.<\/p>\n<p>El senador dijo que avanzar en la prohibici\u00f3n, poner un poder de polic\u00eda, que trabajar\u00e1 con las organizaciones de los trabajadores, permitir\u00e1 aplicar sanciones \u00aba los que violan hasta la confianza de sus propias federaciones\u00bb.<\/p>\n<p>\u00abDamos un elemento para impedir que el cobro ocurra, con una herramienta y se fortalece la posici\u00f3n del Estado\u00bb, agreg\u00f3. Tambi\u00e9n mencion\u00f3 las reuniones mantenidas con gremios y autoridades del Ejecutivo.<\/p>\n<p>Por su parte el senador Raymundo Kisser, apoyando la iniciativa, dijo que hay cuestiones que aclarar, porque \u00abno debemos ser ingenuos. Es un texto que tiende a moralizar las prestaciones, pero el problema que se da es sumamente complejo. Hay ausencia de un plan de salud, que ha generado much\u00edsimos problemas en obras sociales, que no pueden afrontar mayores aranceles\u00bb.<\/p>\n<p>\u00abHay una realidad, un descontrol, un desbarajuste generalizado\u00bb, puntualiz\u00f3. Mencion\u00f3 la aparici\u00f3n del uso de la aparatolog\u00eda m\u00e9dica, la que seg\u00fan su opini\u00f3n, \u00abest\u00e1 fuera de control\u00bb. El senador de Paran\u00e1 dijo que para el uso de la aparatolog\u00eda, para evitar abusos, se puede tomar el ejemplo de Israel.<\/p>\n<p>Hizo hincapi\u00e9 en este uso y afirm\u00f3 que se puede hacer un despilfarro, en el abuso de la aplicaci\u00f3n de aparatolog\u00eda. \u00abOtro tema es que se debe apoyar el uso de gen\u00e9ricos\u00bb, argument\u00f3.<\/p>\n<p>Reclam\u00f3 que el Ejecutivo Nacional discuta con todos los sectores un plan integral de salud. \u00abTenemos dudas en cuanto a la aplicaci\u00f3n, queremos pensar que esto disminuir\u00e1 el abuso\u00bb, lanz\u00f3 ante sus pares, e hizo votos para que los actores del sistema vayan logrando terminar con un acto inmoral que ha motivado el reclamo de los gremios.<\/p>\n<p>El proyecto, ante la ruidosa aprobaci\u00f3n de los gremios, fue aprobado por unanimidad.<\/p>\n<p><b>El proyecto<\/b><br \/>\nEl proyecto de ley proh\u00edbe \u00aben todo el territorio de la Provincia de Entre R\u00edos el cobro de plus a toda persona f\u00edsica y\/o jur\u00eddica como retribuci\u00f3n por los servicios prestados por los profesionales del arte de curar y las ramas anexas\u00bb.<\/p>\n<p>Cabe mencionar que en el recinto estuvieron presentes trabajadores de diversos gremios que expresaron su apoyo a la iniciativa que ahora pasa al Ejecutivo para su promulgaci\u00f3n.<\/p>\n<p>El proyecto determina que \u00abla prohibici\u00f3n favorece a los afiliados beneficiarios de las leyes nacionales N\u00ba 23.660 y N\u00ba 23.661 y de la Ley Provincial N\u00ba 5326\/73 y sus modificatorias, siempre que el pago supere los aranceles fijados en convenios suscriptos entre la entidad y los profesionales m\u00e9dicos u organizaciones gremiales que los agrupen, como retribuci\u00f3n\u00bb.<\/p>\n<p>La prohibici\u00f3n comprende a las prestaciones cl\u00ednicas, sanatoriales, de diagn\u00f3stico y tratamiento y cualquier otra que se encuentre cubierta por las citadas leyes o convenios.<\/p>\n<p>El proyecto se encontraba en la C\u00e1mara Alta desde mediados de 2015. Posteriormente, en diciembre de ese a\u00f1o, se origin\u00f3 otra iniciativa que recibi\u00f3 media sanci\u00f3n y se encuentra con estado parlamentario en la C\u00e1mara de Diputados. Legisladores oficialistas de ambas C\u00e1maras acordaron avanzar con el proyecto originado en la C\u00e1mara Baja.<\/p>\n<p>Cabe mencionar que hace un mes hubo un encuentro en el que numerosos gremios dieron un fuerte apoyo a la iniciativa que hoy trat\u00f3 el Senado. En la sede de la Uni\u00f3n Obrera de la Construcci\u00f3n (UOCRA) hubo dirigentes del Sindicato de Mec\u00e1nicos y Afines del Transporte Automotor (SMATA), de la Uni\u00f3n de Trabajadores de Entidades Deportivas y Civiles (Utedyc), de la Asociaci\u00f3n de Personal Superior de la Municipalidad de Paran\u00e1 (APS), de la Federaci\u00f3n de Obreros de la Industria del Papel, del Sindicato de Empleados de Comercio (SEC) y de la Uni\u00f3n de Trabajadores del Turismo, Hoteleros y Gastron\u00f3micos (UTHGRA), entre otros.<\/p>\n<p>En esa ocasi\u00f3n estuvieron el Senador de Concordia, \u00c1ngel Giano y el diputado Ruberto.<\/p>\n<p>El proyecto surgi\u00f3 ante el reclamo constante de los beneficiarios del servicio de salud, por denuncias realizadas ante las distintas obras sociales del cobro indebido de los profesionales de la salud de un plus adicional para brindarles atenci\u00f3n m\u00e9dica.<\/p>\n<p>Eso llev\u00f3 a las obras sociales a actuar de manera conjunta y solicitar al Estado que tome medidas al respecto, que protejan al m\u00e1s d\u00e9bil -en este caso, el beneficiario- que en situaciones de extrema necesidad debe abonar una suma de dinero extra al profesional que ya es contratado por la obra social, acordando un precio por prestaci\u00f3n pero que sirvi\u00e9ndose de una situaci\u00f3n delicada obtiene r\u00e9dito econ\u00f3mico a su favor.<\/section>\n<\/article>\n<div class=\"herramientas fin-nota\"><\/div>\n","protected":false},"excerpt":{"rendered":"<p>El senado acompa&ntilde;&oacute; la iniciativa que proh&iacute;be en todo el territorio entrerriano el cobro de plus &laquo;a toda persona f&iacute;sica y\/o jur&iacute;dica como retribuci&oacute;n por los servicios prestados por los profesionales del arte de curar y las ramas anexas&raquo;. Es ley la prohibici&oacute;n del cobro de plus en Entre R&iacute;os. El senador Giano explic&oacute; que [&hellip;]<\/p>\n","protected":false},"author":2,"featured_media":0,"comment_status":"open","ping_status":"open","sticky":false,"template":"","format":"standard","meta":{"fifu_image_url":"","fifu_image_alt":"","footnotes":""},"categories":[6,16],"tags":[],"class_list":{"0":"post-17419","1":"post","2":"type-post","3":"status-publish","4":"format-standard","6":"category-entre-rios","7":"category-politi"},"yoast_head":"<title>La prohibici\u00f3n del cobro de plus en la provincia ya es ley - Informe Litoral<\/title>\n<meta name=\"robots\" content=\"index, follow, max-snippet:-1, max-image-preview:large, max-video-preview:-1\" \/>\n<link rel=\"canonical\" href=\"https:\/\/informelitoral.com.ar\/la-prohibicion-del-cobro-de-plus-en-la-provincia-ya-es-ley\/\" \/>\n<meta property=\"og:locale\" content=\"es_ES\" \/>\n<meta property=\"og:type\" content=\"article\" \/>\n<meta property=\"og:title\" content=\"La prohibici\u00f3n del cobro de plus en la provincia ya es ley - Informe Litoral\" \/>\n<meta property=\"og:description\" content=\"El senado acompa&ntilde;&oacute; la iniciativa que proh&iacute;be en todo el territorio entrerriano el cobro de plus &laquo;a toda persona f&iacute;sica y\/o jur&iacute;dica como retribuci&oacute;n por los servicios prestados por los profesionales del arte de curar y las ramas anexas&raquo;. Es ley la prohibici&oacute;n del cobro de plus en Entre R&iacute;os. El senador Giano explic&oacute; que [&hellip;]\" \/>\n<meta property=\"og:url\" content=\"https:\/\/informelitoral.com.ar\/la-prohibicion-del-cobro-de-plus-en-la-provincia-ya-es-ley\/\" \/>\n<meta property=\"og:site_name\" content=\"Informe Litoral\" \/>\n<meta property=\"article:publisher\" content=\"https:\/\/www.facebook.com\/informelitoral\/\" \/>\n<meta property=\"article:published_time\" content=\"2016-07-27T12:10:34+00:00\" \/>\n<meta property=\"og:image\" content=\"https:\/\/informelitoral.com.ar\/%77%70%2d%63%6f%6e%74%65%6e%74\/uploads\/2016\/07\/o_1469580581.jpg\" \/>\n\t<meta property=\"og:image:width\" content=\"800\" \/>\n\t<meta property=\"og:image:height\" content=\"450\" \/>\n\t<meta property=\"og:image:type\" content=\"image\/jpeg\" \/>\n<meta name=\"author\" content=\"Gonzalo Schmidt\" \/>\n<meta name=\"twitter:card\" content=\"summary_large_image\" \/>\n<meta name=\"twitter:creator\" content=\"@InformeLitoral\" \/>\n<meta name=\"twitter:site\" content=\"@InformeLitoral\" \/>\n<meta name=\"twitter:label1\" content=\"Escrito por\" \/>\n\t<meta name=\"twitter:data1\" content=\"Gonzalo Schmidt\" \/>\n\t<meta name=\"twitter:label2\" content=\"Tiempo de lectura\" \/>\n\t<meta name=\"twitter:data2\" content=\"5 minutos\" \/>\n<script type=\"application\/ld+json\" class=\"yoast-schema-graph\">{\"@context\":\"https:\\\/\\\/schema.org\",\"@graph\":[{\"@type\":\"Article\",\"@id\":\"https:\\\/\\\/informelitoral.com.ar\\\/la-prohibicion-del-cobro-de-plus-en-la-provincia-ya-es-ley\\\/#article\",\"isPartOf\":{\"@id\":\"https:\\\/\\\/informelitoral.com.ar\\\/la-prohibicion-del-cobro-de-plus-en-la-provincia-ya-es-ley\\\/\"},\"author\":{\"name\":\"Gonzalo Schmidt\",\"@id\":\"https:\\\/\\\/informelitoral.com.ar\\\/#\\\/schema\\\/person\\\/b9d00407c836482871ef1d57bf8e3180\"},\"headline\":\"La prohibici\u00f3n del cobro de plus en la provincia ya es ley\",\"datePublished\":\"2016-07-27T12:10:34+00:00\",\"mainEntityOfPage\":{\"@id\":\"https:\\\/\\\/informelitoral.com.ar\\\/la-prohibicion-del-cobro-de-plus-en-la-provincia-ya-es-ley\\\/\"},\"wordCount\":1011,\"commentCount\":0,\"publisher\":{\"@id\":\"https:\\\/\\\/informelitoral.com.ar\\\/#organization\"},\"image\":{\"@id\":\"https:\\\/\\\/informelitoral.com.ar\\\/la-prohibicion-del-cobro-de-plus-en-la-provincia-ya-es-ley\\\/#primaryimage\"},\"thumbnailUrl\":\"http:\\\/\\\/www.isletasnoticias.com.ar\\\/%77%70%2d%63%6f%6e%74%65%6e%74\\\/uploads\\\/2016\\\/07\\\/o_1469580581.jpg\",\"articleSection\":[\"Entre R\u00edos\",\"Politica\"],\"inLanguage\":\"es\",\"potentialAction\":[{\"@type\":\"CommentAction\",\"name\":\"Comment\",\"target\":[\"https:\\\/\\\/informelitoral.com.ar\\\/la-prohibicion-del-cobro-de-plus-en-la-provincia-ya-es-ley\\\/#respond\"]}]},{\"@type\":\"WebPage\",\"@id\":\"https:\\\/\\\/informelitoral.com.ar\\\/la-prohibicion-del-cobro-de-plus-en-la-provincia-ya-es-ley\\\/\",\"url\":\"https:\\\/\\\/informelitoral.com.ar\\\/la-prohibicion-del-cobro-de-plus-en-la-provincia-ya-es-ley\\\/\",\"name\":\"La prohibici\u00f3n del cobro de plus en la provincia ya es ley - Informe Litoral\",\"isPartOf\":{\"@id\":\"https:\\\/\\\/informelitoral.com.ar\\\/#website\"},\"primaryImageOfPage\":{\"@id\":\"https:\\\/\\\/informelitoral.com.ar\\\/la-prohibicion-del-cobro-de-plus-en-la-provincia-ya-es-ley\\\/#primaryimage\"},\"image\":{\"@id\":\"https:\\\/\\\/informelitoral.com.ar\\\/la-prohibicion-del-cobro-de-plus-en-la-provincia-ya-es-ley\\\/#primaryimage\"},\"thumbnailUrl\":\"http:\\\/\\\/www.isletasnoticias.com.ar\\\/%77%70%2d%63%6f%6e%74%65%6e%74\\\/uploads\\\/2016\\\/07\\\/o_1469580581.jpg\",\"datePublished\":\"2016-07-27T12:10:34+00:00\",\"breadcrumb\":{\"@id\":\"https:\\\/\\\/informelitoral.com.ar\\\/la-prohibicion-del-cobro-de-plus-en-la-provincia-ya-es-ley\\\/#breadcrumb\"},\"inLanguage\":\"es\",\"potentialAction\":[{\"@type\":\"ReadAction\",\"target\":[\"https:\\\/\\\/informelitoral.com.ar\\\/la-prohibicion-del-cobro-de-plus-en-la-provincia-ya-es-ley\\\/\"]}]},{\"@type\":\"ImageObject\",\"inLanguage\":\"es\",\"@id\":\"https:\\\/\\\/informelitoral.com.ar\\\/la-prohibicion-del-cobro-de-plus-en-la-provincia-ya-es-ley\\\/#primaryimage\",\"url\":\"http:\\\/\\\/www.isletasnoticias.com.ar\\\/%77%70%2d%63%6f%6e%74%65%6e%74\\\/uploads\\\/2016\\\/07\\\/o_1469580581.jpg\",\"contentUrl\":\"http:\\\/\\\/www.isletasnoticias.com.ar\\\/%77%70%2d%63%6f%6e%74%65%6e%74\\\/uploads\\\/2016\\\/07\\\/o_1469580581.jpg\"},{\"@type\":\"BreadcrumbList\",\"@id\":\"https:\\\/\\\/informelitoral.com.ar\\\/la-prohibicion-del-cobro-de-plus-en-la-provincia-ya-es-ley\\\/#breadcrumb\",\"itemListElement\":[{\"@type\":\"ListItem\",\"position\":1,\"name\":\"Portada\",\"item\":\"https:\\\/\\\/informelitoral.com.ar\\\/\"},{\"@type\":\"ListItem\",\"position\":2,\"name\":\"La prohibici\u00f3n del cobro de plus en la provincia ya es ley\"}]},{\"@type\":\"WebSite\",\"@id\":\"https:\\\/\\\/informelitoral.com.ar\\\/#website\",\"url\":\"https:\\\/\\\/informelitoral.com.ar\\\/\",\"name\":\"Informe Litoral\",\"description\":\"&quot;Nos informamos&quot; \",\"publisher\":{\"@id\":\"https:\\\/\\\/informelitoral.com.ar\\\/#organization\"},\"potentialAction\":[{\"@type\":\"SearchAction\",\"target\":{\"@type\":\"EntryPoint\",\"urlTemplate\":\"https:\\\/\\\/informelitoral.com.ar\\\/?s={search_term_string}\"},\"query-input\":{\"@type\":\"PropertyValueSpecification\",\"valueRequired\":true,\"valueName\":\"search_term_string\"}}],\"inLanguage\":\"es\"},{\"@type\":\"Organization\",\"@id\":\"https:\\\/\\\/informelitoral.com.ar\\\/#organization\",\"name\":\"Informe Litoral\",\"url\":\"https:\\\/\\\/informelitoral.com.ar\\\/\",\"logo\":{\"@type\":\"ImageObject\",\"inLanguage\":\"es\",\"@id\":\"https:\\\/\\\/informelitoral.com.ar\\\/#\\\/schema\\\/logo\\\/image\\\/\",\"url\":\"https:\\\/\\\/informelitoral.com.ar\\\/%77%70%2d%63%6f%6e%74%65%6e%74\\\/uploads\\\/2021\\\/01\\\/circulo.png\",\"contentUrl\":\"https:\\\/\\\/informelitoral.com.ar\\\/%77%70%2d%63%6f%6e%74%65%6e%74\\\/uploads\\\/2021\\\/01\\\/circulo.png\",\"width\":723,\"height\":731,\"caption\":\"Informe Litoral\"},\"image\":{\"@id\":\"https:\\\/\\\/informelitoral.com.ar\\\/#\\\/schema\\\/logo\\\/image\\\/\"},\"sameAs\":[\"https:\\\/\\\/www.facebook.com\\\/informelitoral\\\/\",\"https:\\\/\\\/x.com\\\/InformeLitoral\",\"https:\\\/\\\/www.instagram.com\\\/informelitoral\\\/\",\"https:\\\/\\\/www.youtube.com\\\/channel\\\/UCua4Qvz8Icb6MYqhoq9xLXw\"]},{\"@type\":\"Person\",\"@id\":\"https:\\\/\\\/informelitoral.com.ar\\\/#\\\/schema\\\/person\\\/b9d00407c836482871ef1d57bf8e3180\",\"name\":\"Gonzalo Schmidt\",\"image\":{\"@type\":\"ImageObject\",\"inLanguage\":\"es\",\"@id\":\"https:\\\/\\\/secure.gravatar.com\\\/avatar\\\/31a1a7b66ff2de83bd0e9fd79d026630d2d99e55e8bfe501287647b4fd9743de?s=96&d=mm&r=g\",\"url\":\"https:\\\/\\\/secure.gravatar.com\\\/avatar\\\/31a1a7b66ff2de83bd0e9fd79d026630d2d99e55e8bfe501287647b4fd9743de?s=96&d=mm&r=g\",\"contentUrl\":\"https:\\\/\\\/secure.gravatar.com\\\/avatar\\\/31a1a7b66ff2de83bd0e9fd79d026630d2d99e55e8bfe501287647b4fd9743de?s=96&d=mm&r=g\",\"caption\":\"Gonzalo Schmidt\"},\"description\":\"Sitio web de noticias de la provincia de Entre R\u00edos, Argentina. Informaci\u00f3n y entretenimiento. Informe Litoral, nos informamos.\",\"sameAs\":[\"http:\\\/\\\/www.isletasnoticias.com.ar\"],\"url\":\"https:\\\/\\\/informelitoral.com.ar\\\/author\\\/gonzalo\\\/\"}]}<\/script>","yoast_head_json":{"title":"La prohibici\u00f3n del cobro de plus en la provincia ya es ley - Informe Litoral","robots":{"index":"index","follow":"follow","max-snippet":"max-snippet:-1","max-image-preview":"max-image-preview:large","max-video-preview":"max-video-preview:-1"},"canonical":"https:\/\/informelitoral.com.ar\/la-prohibicion-del-cobro-de-plus-en-la-provincia-ya-es-ley\/","og_locale":"es_ES","og_type":"article","og_title":"La prohibici\u00f3n del cobro de plus en la provincia ya es ley - Informe Litoral","og_description":"El senado acompa&ntilde;&oacute; la iniciativa que proh&iacute;be en todo el territorio entrerriano el cobro de plus &laquo;a toda persona f&iacute;sica y\/o jur&iacute;dica como retribuci&oacute;n por los servicios prestados por los profesionales del arte de curar y las ramas anexas&raquo;. Es ley la prohibici&oacute;n del cobro de plus en Entre R&iacute;os. El senador Giano explic&oacute; que [&hellip;]","og_url":"https:\/\/informelitoral.com.ar\/la-prohibicion-del-cobro-de-plus-en-la-provincia-ya-es-ley\/","og_site_name":"Informe Litoral","article_publisher":"https:\/\/www.facebook.com\/informelitoral\/","article_published_time":"2016-07-27T12:10:34+00:00","og_image":[{"width":800,"height":450,"url":"https:\/\/informelitoral.com.ar\/%77%70%2d%63%6f%6e%74%65%6e%74\/uploads\/2016\/07\/o_1469580581.jpg","type":"image\/jpeg"}],"author":"Gonzalo Schmidt","twitter_card":"summary_large_image","twitter_creator":"@InformeLitoral","twitter_site":"@InformeLitoral","twitter_misc":{"Escrito por":"Gonzalo Schmidt","Tiempo de lectura":"5 minutos"},"schema":{"@context":"https:\/\/schema.org","@graph":[{"@type":"Article","@id":"https:\/\/informelitoral.com.ar\/la-prohibicion-del-cobro-de-plus-en-la-provincia-ya-es-ley\/#article","isPartOf":{"@id":"https:\/\/informelitoral.com.ar\/la-prohibicion-del-cobro-de-plus-en-la-provincia-ya-es-ley\/"},"author":{"name":"Gonzalo Schmidt","@id":"https:\/\/informelitoral.com.ar\/#\/schema\/person\/b9d00407c836482871ef1d57bf8e3180"},"headline":"La prohibici\u00f3n del cobro de plus en la provincia ya es ley","datePublished":"2016-07-27T12:10:34+00:00","mainEntityOfPage":{"@id":"https:\/\/informelitoral.com.ar\/la-prohibicion-del-cobro-de-plus-en-la-provincia-ya-es-ley\/"},"wordCount":1011,"commentCount":0,"publisher":{"@id":"https:\/\/informelitoral.com.ar\/#organization"},"image":{"@id":"https:\/\/informelitoral.com.ar\/la-prohibicion-del-cobro-de-plus-en-la-provincia-ya-es-ley\/#primaryimage"},"thumbnailUrl":"http:\/\/www.isletasnoticias.com.ar\/%77%70%2d%63%6f%6e%74%65%6e%74\/uploads\/2016\/07\/o_1469580581.jpg","articleSection":["Entre R\u00edos","Politica"],"inLanguage":"es","potentialAction":[{"@type":"CommentAction","name":"Comment","target":["https:\/\/informelitoral.com.ar\/la-prohibicion-del-cobro-de-plus-en-la-provincia-ya-es-ley\/#respond"]}]},{"@type":"WebPage","@id":"https:\/\/informelitoral.com.ar\/la-prohibicion-del-cobro-de-plus-en-la-provincia-ya-es-ley\/","url":"https:\/\/informelitoral.com.ar\/la-prohibicion-del-cobro-de-plus-en-la-provincia-ya-es-ley\/","name":"La prohibici\u00f3n del cobro de plus en la provincia ya es ley - Informe Litoral","isPartOf":{"@id":"https:\/\/informelitoral.com.ar\/#website"},"primaryImageOfPage":{"@id":"https:\/\/informelitoral.com.ar\/la-prohibicion-del-cobro-de-plus-en-la-provincia-ya-es-ley\/#primaryimage"},"image":{"@id":"https:\/\/informelitoral.com.ar\/la-prohibicion-del-cobro-de-plus-en-la-provincia-ya-es-ley\/#primaryimage"},"thumbnailUrl":"http:\/\/www.isletasnoticias.com.ar\/%77%70%2d%63%6f%6e%74%65%6e%74\/uploads\/2016\/07\/o_1469580581.jpg","datePublished":"2016-07-27T12:10:34+00:00","breadcrumb":{"@id":"https:\/\/informelitoral.com.ar\/la-prohibicion-del-cobro-de-plus-en-la-provincia-ya-es-ley\/#breadcrumb"},"inLanguage":"es","potentialAction":[{"@type":"ReadAction","target":["https:\/\/informelitoral.com.ar\/la-prohibicion-del-cobro-de-plus-en-la-provincia-ya-es-ley\/"]}]},{"@type":"ImageObject","inLanguage":"es","@id":"https:\/\/informelitoral.com.ar\/la-prohibicion-del-cobro-de-plus-en-la-provincia-ya-es-ley\/#primaryimage","url":"http:\/\/www.isletasnoticias.com.ar\/%77%70%2d%63%6f%6e%74%65%6e%74\/uploads\/2016\/07\/o_1469580581.jpg","contentUrl":"http:\/\/www.isletasnoticias.com.ar\/%77%70%2d%63%6f%6e%74%65%6e%74\/uploads\/2016\/07\/o_1469580581.jpg"},{"@type":"BreadcrumbList","@id":"https:\/\/informelitoral.com.ar\/la-prohibicion-del-cobro-de-plus-en-la-provincia-ya-es-ley\/#breadcrumb","itemListElement":[{"@type":"ListItem","position":1,"name":"Portada","item":"https:\/\/informelitoral.com.ar\/"},{"@type":"ListItem","position":2,"name":"La prohibici\u00f3n del cobro de plus en la provincia ya es ley"}]},{"@type":"WebSite","@id":"https:\/\/informelitoral.com.ar\/#website","url":"https:\/\/informelitoral.com.ar\/","name":"Informe Litoral","description":"&quot;Nos informamos&quot; ","publisher":{"@id":"https:\/\/informelitoral.com.ar\/#organization"},"potentialAction":[{"@type":"SearchAction","target":{"@type":"EntryPoint","urlTemplate":"https:\/\/informelitoral.com.ar\/?s={search_term_string}"},"query-input":{"@type":"PropertyValueSpecification","valueRequired":true,"valueName":"search_term_string"}}],"inLanguage":"es"},{"@type":"Organization","@id":"https:\/\/informelitoral.com.ar\/#organization","name":"Informe Litoral","url":"https:\/\/informelitoral.com.ar\/","logo":{"@type":"ImageObject","inLanguage":"es","@id":"https:\/\/informelitoral.com.ar\/#\/schema\/logo\/image\/","url":"https:\/\/informelitoral.com.ar\/%77%70%2d%63%6f%6e%74%65%6e%74\/uploads\/2021\/01\/circulo.png","contentUrl":"https:\/\/informelitoral.com.ar\/%77%70%2d%63%6f%6e%74%65%6e%74\/uploads\/2021\/01\/circulo.png","width":723,"height":731,"caption":"Informe Litoral"},"image":{"@id":"https:\/\/informelitoral.com.ar\/#\/schema\/logo\/image\/"},"sameAs":["https:\/\/www.facebook.com\/informelitoral\/","https:\/\/x.com\/InformeLitoral","https:\/\/www.instagram.com\/informelitoral\/","https:\/\/www.youtube.com\/channel\/UCua4Qvz8Icb6MYqhoq9xLXw"]},{"@type":"Person","@id":"https:\/\/informelitoral.com.ar\/#\/schema\/person\/b9d00407c836482871ef1d57bf8e3180","name":"Gonzalo Schmidt","image":{"@type":"ImageObject","inLanguage":"es","@id":"https:\/\/secure.gravatar.com\/avatar\/31a1a7b66ff2de83bd0e9fd79d026630d2d99e55e8bfe501287647b4fd9743de?s=96&d=mm&r=g","url":"https:\/\/secure.gravatar.com\/avatar\/31a1a7b66ff2de83bd0e9fd79d026630d2d99e55e8bfe501287647b4fd9743de?s=96&d=mm&r=g","contentUrl":"https:\/\/secure.gravatar.com\/avatar\/31a1a7b66ff2de83bd0e9fd79d026630d2d99e55e8bfe501287647b4fd9743de?s=96&d=mm&r=g","caption":"Gonzalo Schmidt"},"description":"Sitio web de noticias de la provincia de Entre R\u00edos, Argentina. Informaci\u00f3n y entretenimiento. Informe Litoral, nos informamos.","sameAs":["http:\/\/www.isletasnoticias.com.ar"],"url":"https:\/\/informelitoral.com.ar\/author\/gonzalo\/"}]}},"_links":{"self":[{"href":"https:\/\/informelitoral.com.ar\/%77%70%2d%6a%73%6f%6e\/wp\/v2\/posts\/17419","targetHints":{"allow":["GET"]}}],"collection":[{"href":"https:\/\/informelitoral.com.ar\/%77%70%2d%6a%73%6f%6e\/wp\/v2\/posts"}],"about":[{"href":"https:\/\/informelitoral.com.ar\/%77%70%2d%6a%73%6f%6e\/wp\/v2\/types\/post"}],"author":[{"embeddable":true,"href":"https:\/\/informelitoral.com.ar\/%77%70%2d%6a%73%6f%6e\/wp\/v2\/users\/2"}],"replies":[{"embeddable":true,"href":"https:\/\/informelitoral.com.ar\/%77%70%2d%6a%73%6f%6e\/wp\/v2\/comments?post=17419"}],"version-history":[{"count":0,"href":"https:\/\/informelitoral.com.ar\/%77%70%2d%6a%73%6f%6e\/wp\/v2\/posts\/17419\/revisions"}],"wp:attachment":[{"href":"https:\/\/informelitoral.com.ar\/%77%70%2d%6a%73%6f%6e\/wp\/v2\/media?parent=17419"}],"wp:term":[{"taxonomy":"category","embeddable":true,"href":"https:\/\/informelitoral.com.ar\/%77%70%2d%6a%73%6f%6e\/wp\/v2\/categories?post=17419"},{"taxonomy":"post_tag","embeddable":true,"href":"https:\/\/informelitoral.com.ar\/%77%70%2d%6a%73%6f%6e\/wp\/v2\/tags?post=17419"}],"curies":[{"name":"wp","href":"https:\/\/api.w.org\/{rel}","templated":true}]}}