{"id":17398,"date":"2016-07-26T15:53:26","date_gmt":"2016-07-26T18:53:26","guid":{"rendered":"http:\/\/www.isletasnoticias.com.ar\/?p=17398"},"modified":"2016-07-26T20:56:40","modified_gmt":"2016-07-26T23:56:40","slug":"se-nos-solicito-publicar-65-anos-de-servicio-y-amor","status":"publish","type":"post","link":"https:\/\/informelitoral.com.ar\/se-nos-solicito-publicar-65-anos-de-servicio-y-amor\/","title":{"rendered":"Se nos solicit\u00f3 publicar: \u00ab65 a\u00f1os de servicio y amor\u00bb"},"content":{"rendered":"<p><strong>La Hermana <em>Clara Ester Roskopf<\/em> cumpli\u00f3 65 a\u00f1os de vida religiosa. Actualmente se encuentra en el\u00a0Convento Cristo Rey en Esperanza, Santa Fe.<a href=\"http:\/\/www.isletasnoticias.com.ar\/%77%70%2d%63%6f%6e%74%65%6e%74\/uploads\/2016\/07\/Hna-Clara-Ester.jpg\"><img loading=\"lazy\" decoding=\"async\" class=\"size-medium wp-image-17399 alignright\" src=\"http:\/\/www.isletasnoticias.com.ar\/%77%70%2d%63%6f%6e%74%65%6e%74\/uploads\/2016\/07\/Hna-Clara-Ester-199x300.jpg\" alt=\"Hna Clara Ester\" width=\"199\" height=\"300\" srcset=\"https:\/\/informelitoral.com.ar\/%77%70%2d%63%6f%6e%74%65%6e%74\/uploads\/2016\/07\/Hna-Clara-Ester-199x300.jpg 199w, https:\/\/informelitoral.com.ar\/%77%70%2d%63%6f%6e%74%65%6e%74\/uploads\/2016\/07\/Hna-Clara-Ester.jpg 200w\" sizes=\"auto, (max-width: 199px) 100vw, 199px\" \/><\/a><\/strong><\/p>\n<p>\u00abLa querida Hermana <strong>Clara Ester Roskopf<\/strong> celebr\u00f3 con mucha alegr\u00eda sus 65 a\u00f1os de vida Consagrada como Religiosa de las\u00a0Misioneras Siervas del Esp\u00edritu Santo el pasado 24 de julio en el Convento Cristo Rey en Esperanza (Santa Fe).<\/p>\n<p>Su nombre original <strong>Teresa Catalina<\/strong>, naci\u00f3 un 5 de agosto del a\u00f1o 1929 en Aldea Mar\u00eda Luisa, ingresando a la Congregaci\u00f3n Misionera en 1948 y el 2 de agosto de 1951 hizo sus votos religiosos y desde all\u00ed comenz\u00f3 a recorrer largos caminos al Servicio de sus Hermanos.<\/p>\n<p>Desempe\u00f1\u00f3 sus tareas como enfermera y docente; y estando en la ciudad de Diamante fue quien\u00a0junto a la recordada Hermana Myria Heit y la Hermana Felisa, que actualmente se encuentra en Jujuy, buscaron incansablemente llevar La Palabra de Dios. Por esas cosas del destino en zonas de islas, \u00a0fue una de las\u00a0iniciadoras de la actual Escuela N\u00ba 103 &#8216;Ceibos Floridos&#8217; en Puerto Las Cuevas, all\u00e1 por el a\u00f1o 1968 y pujante para levantar la\u00a0Capilla San Miguel en Rinc\u00f3n Chico (Costa Doll).<\/p>\n<p>El mayor sue\u00f1o levantado luchando conseguir fondos\u00a0codo a codo con las\u00a0Hermanas nombradas construyendo la obra que las tendr\u00e1 presentes por siempre en la comunidad a Capilla\u00a0Nuestra Se\u00f1ora de Los Pobres.\u00a0Las comunidades de\u00a0Costa Grande; Distrito Doll, Costa Doll, Paraje Las Masitas, zonas de Islas en el Paranacito y Las Cuevas misma saben de sus sacrificios para llevar adelante\u00a0lo que hoy se conoce como &#8216;Complejo Educativo, Nuestra Se\u00f1ora de Los Pobres&#8217;.<a href=\"http:\/\/www.isletasnoticias.com.ar\/%77%70%2d%63%6f%6e%74%65%6e%74\/uploads\/2016\/07\/Hna-Clara-con-sus-docentes-de-la-Escuela-103-de-Las-Cuevas.jpg\"><img loading=\"lazy\" decoding=\"async\" class=\"size-medium wp-image-17400 alignright\" src=\"http:\/\/www.isletasnoticias.com.ar\/%77%70%2d%63%6f%6e%74%65%6e%74\/uploads\/2016\/07\/Hna-Clara-con-sus-docentes-de-la-Escuela-103-de-Las-Cuevas-300x297.jpg\" alt=\"Hna Clara con sus docentes de la Escuela 103 de Las Cuevas\" width=\"300\" height=\"297\" srcset=\"https:\/\/informelitoral.com.ar\/%77%70%2d%63%6f%6e%74%65%6e%74\/uploads\/2016\/07\/Hna-Clara-con-sus-docentes-de-la-Escuela-103-de-Las-Cuevas-300x297.jpg 300w, https:\/\/informelitoral.com.ar\/%77%70%2d%63%6f%6e%74%65%6e%74\/uploads\/2016\/07\/Hna-Clara-con-sus-docentes-de-la-Escuela-103-de-Las-Cuevas-150x150.jpg 150w, https:\/\/informelitoral.com.ar\/%77%70%2d%63%6f%6e%74%65%6e%74\/uploads\/2016\/07\/Hna-Clara-con-sus-docentes-de-la-Escuela-103-de-Las-Cuevas.jpg 542w\" sizes=\"auto, (max-width: 300px) 100vw, 300px\" \/><\/a><\/p>\n<p>En este \u00faltimo lugar estuvo alrededor de 25 a\u00f1os hasta que recibi\u00f3 destino a Or\u00e1n (Salta); volviendo a Concordia y luego Paran\u00e1, para desembarcar una vez m\u00e1s en su querida Las Cuevas luego de varios a\u00f1os distante del lugar. Es aqu\u00ed donde sufri\u00f3 una descompensaci\u00f3n en el a\u00f1o 2011 debiendo ser trasladada a Esperanza donde vive en el Hogar San Jos\u00e9.<\/p>\n<p>En todo este tiempo recibe visita de familiares y amigos a los que contagia a pesar de estar postrada, est\u00e1 muy l\u00facida y con quien entabla conversaci\u00f3n pregunta de las personas que recuerda y que han trabajado tanto en la misi\u00f3n como en actividades escolares; por eso este 24 de julio d\u00eda en que renov\u00f3 sus votos como religiosa estaba muy ansiosa y con su poca voz se hizo escuchar en la celebraci\u00f3n y recibiendo la bendici\u00f3n del Padre celebrante y el aplauso de los presentes en la capilla. Comparti\u00f3 gustosa el almuerzo y dialog\u00f3 con quien se acercaba a saludarla; realmente una fuerza inquebrantable que recibe del Don del Esp\u00edritu Santo que la acompa\u00f1a y la acompa\u00f1ar\u00e1 a\u00a0lo largo de sus d\u00edas.<\/p>\n<p>El 5 de agosto cumplir\u00e1 sus 87 a\u00f1os de vida y quienes hemos compartido algunos momentos junto a ella solo nos queda decirle &#8216;Gracias por este lindo ejemplo de vida que nos entregas y felicidades en este nuevo a\u00f1o que Dios y la Madre de Los Pobres te regalan'\u00bb. <em>Dar\u00edo L\u00f3pez.\u00a0<\/em><\/p>\n","protected":false},"excerpt":{"rendered":"<p>La Hermana Clara Ester Roskopf cumpli&oacute; 65 a&ntilde;os de vida religiosa. Actualmente se encuentra en el&nbsp;Convento Cristo Rey en Esperanza, Santa Fe. &laquo;La querida Hermana Clara Ester Roskopf celebr&oacute; con mucha alegr&iacute;a sus 65 a&ntilde;os de vida Consagrada como Religiosa de las&nbsp;Misioneras Siervas del Esp&iacute;ritu Santo el pasado 24 de julio en el Convento Cristo [&hellip;]<\/p>\n","protected":false},"author":2,"featured_media":0,"comment_status":"open","ping_status":"open","sticky":false,"template":"","format":"standard","meta":{"fifu_image_url":"","fifu_image_alt":"","footnotes":""},"categories":[9],"tags":[],"class_list":{"0":"post-17398","1":"post","2":"type-post","3":"status-publish","4":"format-standard","6":"category-sociedad"},"yoast_head":"<title>Se nos solicit\u00f3 publicar: &quot;65 a\u00f1os de servicio y amor&quot; - Informe Litoral<\/title>\n<meta name=\"robots\" content=\"index, follow, max-snippet:-1, max-image-preview:large, max-video-preview:-1\" \/>\n<link rel=\"canonical\" href=\"https:\/\/informelitoral.com.ar\/se-nos-solicito-publicar-65-anos-de-servicio-y-amor\/\" \/>\n<meta property=\"og:locale\" content=\"es_ES\" \/>\n<meta property=\"og:type\" content=\"article\" \/>\n<meta property=\"og:title\" content=\"Se nos solicit\u00f3 publicar: &quot;65 a\u00f1os de servicio y amor&quot; - Informe Litoral\" \/>\n<meta property=\"og:description\" content=\"La Hermana Clara Ester Roskopf cumpli&oacute; 65 a&ntilde;os de vida religiosa. Actualmente se encuentra en el&nbsp;Convento Cristo Rey en Esperanza, Santa Fe. &laquo;La querida Hermana Clara Ester Roskopf celebr&oacute; con mucha alegr&iacute;a sus 65 a&ntilde;os de vida Consagrada como Religiosa de las&nbsp;Misioneras Siervas del Esp&iacute;ritu Santo el pasado 24 de julio en el Convento Cristo [&hellip;]\" \/>\n<meta property=\"og:url\" content=\"https:\/\/informelitoral.com.ar\/se-nos-solicito-publicar-65-anos-de-servicio-y-amor\/\" \/>\n<meta property=\"og:site_name\" content=\"Informe Litoral\" \/>\n<meta property=\"article:publisher\" content=\"https:\/\/www.facebook.com\/informelitoral\/\" \/>\n<meta property=\"article:published_time\" content=\"2016-07-26T18:53:26+00:00\" \/>\n<meta property=\"article:modified_time\" content=\"2016-07-26T23:56:40+00:00\" \/>\n<meta property=\"og:image\" content=\"https:\/\/informelitoral.com.ar\/%77%70%2d%63%6f%6e%74%65%6e%74\/uploads\/2016\/07\/Hna-Clara-Ester.jpg\" \/>\n\t<meta property=\"og:image:width\" content=\"200\" \/>\n\t<meta property=\"og:image:height\" content=\"301\" \/>\n\t<meta property=\"og:image:type\" content=\"image\/jpeg\" \/>\n<meta name=\"author\" content=\"Gonzalo Schmidt\" \/>\n<meta name=\"twitter:card\" content=\"summary_large_image\" \/>\n<meta name=\"twitter:creator\" content=\"@InformeLitoral\" \/>\n<meta name=\"twitter:site\" content=\"@InformeLitoral\" \/>\n<meta name=\"twitter:label1\" content=\"Escrito por\" \/>\n\t<meta name=\"twitter:data1\" content=\"Gonzalo Schmidt\" \/>\n\t<meta name=\"twitter:label2\" content=\"Tiempo de lectura\" \/>\n\t<meta name=\"twitter:data2\" content=\"3 minutos\" \/>\n<script type=\"application\/ld+json\" class=\"yoast-schema-graph\">{\"@context\":\"https:\\\/\\\/schema.org\",\"@graph\":[{\"@type\":\"Article\",\"@id\":\"https:\\\/\\\/informelitoral.com.ar\\\/se-nos-solicito-publicar-65-anos-de-servicio-y-amor\\\/#article\",\"isPartOf\":{\"@id\":\"https:\\\/\\\/informelitoral.com.ar\\\/se-nos-solicito-publicar-65-anos-de-servicio-y-amor\\\/\"},\"author\":{\"name\":\"Gonzalo Schmidt\",\"@id\":\"https:\\\/\\\/informelitoral.com.ar\\\/#\\\/schema\\\/person\\\/b9d00407c836482871ef1d57bf8e3180\"},\"headline\":\"Se nos solicit\u00f3 publicar: \u00ab65 a\u00f1os de servicio y amor\u00bb\",\"datePublished\":\"2016-07-26T18:53:26+00:00\",\"dateModified\":\"2016-07-26T23:56:40+00:00\",\"mainEntityOfPage\":{\"@id\":\"https:\\\/\\\/informelitoral.com.ar\\\/se-nos-solicito-publicar-65-anos-de-servicio-y-amor\\\/\"},\"wordCount\":532,\"commentCount\":0,\"publisher\":{\"@id\":\"https:\\\/\\\/informelitoral.com.ar\\\/#organization\"},\"image\":{\"@id\":\"https:\\\/\\\/informelitoral.com.ar\\\/se-nos-solicito-publicar-65-anos-de-servicio-y-amor\\\/#primaryimage\"},\"thumbnailUrl\":\"http:\\\/\\\/www.isletasnoticias.com.ar\\\/%77%70%2d%63%6f%6e%74%65%6e%74\\\/uploads\\\/2016\\\/07\\\/Hna-Clara-Ester-199x300.jpg\",\"articleSection\":[\"Sociedad\"],\"inLanguage\":\"es\",\"potentialAction\":[{\"@type\":\"CommentAction\",\"name\":\"Comment\",\"target\":[\"https:\\\/\\\/informelitoral.com.ar\\\/se-nos-solicito-publicar-65-anos-de-servicio-y-amor\\\/#respond\"]}]},{\"@type\":\"WebPage\",\"@id\":\"https:\\\/\\\/informelitoral.com.ar\\\/se-nos-solicito-publicar-65-anos-de-servicio-y-amor\\\/\",\"url\":\"https:\\\/\\\/informelitoral.com.ar\\\/se-nos-solicito-publicar-65-anos-de-servicio-y-amor\\\/\",\"name\":\"Se nos solicit\u00f3 publicar: \\\"65 a\u00f1os de servicio y amor\\\" - Informe Litoral\",\"isPartOf\":{\"@id\":\"https:\\\/\\\/informelitoral.com.ar\\\/#website\"},\"primaryImageOfPage\":{\"@id\":\"https:\\\/\\\/informelitoral.com.ar\\\/se-nos-solicito-publicar-65-anos-de-servicio-y-amor\\\/#primaryimage\"},\"image\":{\"@id\":\"https:\\\/\\\/informelitoral.com.ar\\\/se-nos-solicito-publicar-65-anos-de-servicio-y-amor\\\/#primaryimage\"},\"thumbnailUrl\":\"http:\\\/\\\/www.isletasnoticias.com.ar\\\/%77%70%2d%63%6f%6e%74%65%6e%74\\\/uploads\\\/2016\\\/07\\\/Hna-Clara-Ester-199x300.jpg\",\"datePublished\":\"2016-07-26T18:53:26+00:00\",\"dateModified\":\"2016-07-26T23:56:40+00:00\",\"breadcrumb\":{\"@id\":\"https:\\\/\\\/informelitoral.com.ar\\\/se-nos-solicito-publicar-65-anos-de-servicio-y-amor\\\/#breadcrumb\"},\"inLanguage\":\"es\",\"potentialAction\":[{\"@type\":\"ReadAction\",\"target\":[\"https:\\\/\\\/informelitoral.com.ar\\\/se-nos-solicito-publicar-65-anos-de-servicio-y-amor\\\/\"]}]},{\"@type\":\"ImageObject\",\"inLanguage\":\"es\",\"@id\":\"https:\\\/\\\/informelitoral.com.ar\\\/se-nos-solicito-publicar-65-anos-de-servicio-y-amor\\\/#primaryimage\",\"url\":\"http:\\\/\\\/www.isletasnoticias.com.ar\\\/%77%70%2d%63%6f%6e%74%65%6e%74\\\/uploads\\\/2016\\\/07\\\/Hna-Clara-Ester-199x300.jpg\",\"contentUrl\":\"http:\\\/\\\/www.isletasnoticias.com.ar\\\/%77%70%2d%63%6f%6e%74%65%6e%74\\\/uploads\\\/2016\\\/07\\\/Hna-Clara-Ester-199x300.jpg\"},{\"@type\":\"BreadcrumbList\",\"@id\":\"https:\\\/\\\/informelitoral.com.ar\\\/se-nos-solicito-publicar-65-anos-de-servicio-y-amor\\\/#breadcrumb\",\"itemListElement\":[{\"@type\":\"ListItem\",\"position\":1,\"name\":\"Portada\",\"item\":\"https:\\\/\\\/informelitoral.com.ar\\\/\"},{\"@type\":\"ListItem\",\"position\":2,\"name\":\"Se nos solicit\u00f3 publicar: \u00ab65 a\u00f1os de servicio y amor\u00bb\"}]},{\"@type\":\"WebSite\",\"@id\":\"https:\\\/\\\/informelitoral.com.ar\\\/#website\",\"url\":\"https:\\\/\\\/informelitoral.com.ar\\\/\",\"name\":\"Informe Litoral\",\"description\":\"&quot;Nos informamos&quot; \",\"publisher\":{\"@id\":\"https:\\\/\\\/informelitoral.com.ar\\\/#organization\"},\"potentialAction\":[{\"@type\":\"SearchAction\",\"target\":{\"@type\":\"EntryPoint\",\"urlTemplate\":\"https:\\\/\\\/informelitoral.com.ar\\\/?s={search_term_string}\"},\"query-input\":{\"@type\":\"PropertyValueSpecification\",\"valueRequired\":true,\"valueName\":\"search_term_string\"}}],\"inLanguage\":\"es\"},{\"@type\":\"Organization\",\"@id\":\"https:\\\/\\\/informelitoral.com.ar\\\/#organization\",\"name\":\"Informe Litoral\",\"url\":\"https:\\\/\\\/informelitoral.com.ar\\\/\",\"logo\":{\"@type\":\"ImageObject\",\"inLanguage\":\"es\",\"@id\":\"https:\\\/\\\/informelitoral.com.ar\\\/#\\\/schema\\\/logo\\\/image\\\/\",\"url\":\"https:\\\/\\\/informelitoral.com.ar\\\/%77%70%2d%63%6f%6e%74%65%6e%74\\\/uploads\\\/2021\\\/01\\\/circulo.png\",\"contentUrl\":\"https:\\\/\\\/informelitoral.com.ar\\\/%77%70%2d%63%6f%6e%74%65%6e%74\\\/uploads\\\/2021\\\/01\\\/circulo.png\",\"width\":723,\"height\":731,\"caption\":\"Informe Litoral\"},\"image\":{\"@id\":\"https:\\\/\\\/informelitoral.com.ar\\\/#\\\/schema\\\/logo\\\/image\\\/\"},\"sameAs\":[\"https:\\\/\\\/www.facebook.com\\\/informelitoral\\\/\",\"https:\\\/\\\/x.com\\\/InformeLitoral\",\"https:\\\/\\\/www.instagram.com\\\/informelitoral\\\/\",\"https:\\\/\\\/www.youtube.com\\\/channel\\\/UCua4Qvz8Icb6MYqhoq9xLXw\"]},{\"@type\":\"Person\",\"@id\":\"https:\\\/\\\/informelitoral.com.ar\\\/#\\\/schema\\\/person\\\/b9d00407c836482871ef1d57bf8e3180\",\"name\":\"Gonzalo Schmidt\",\"image\":{\"@type\":\"ImageObject\",\"inLanguage\":\"es\",\"@id\":\"https:\\\/\\\/secure.gravatar.com\\\/avatar\\\/31a1a7b66ff2de83bd0e9fd79d026630d2d99e55e8bfe501287647b4fd9743de?s=96&d=mm&r=g\",\"url\":\"https:\\\/\\\/secure.gravatar.com\\\/avatar\\\/31a1a7b66ff2de83bd0e9fd79d026630d2d99e55e8bfe501287647b4fd9743de?s=96&d=mm&r=g\",\"contentUrl\":\"https:\\\/\\\/secure.gravatar.com\\\/avatar\\\/31a1a7b66ff2de83bd0e9fd79d026630d2d99e55e8bfe501287647b4fd9743de?s=96&d=mm&r=g\",\"caption\":\"Gonzalo Schmidt\"},\"description\":\"Sitio web de noticias de la provincia de Entre R\u00edos, Argentina. Informaci\u00f3n y entretenimiento. Informe Litoral, nos informamos.\",\"sameAs\":[\"http:\\\/\\\/www.isletasnoticias.com.ar\"],\"url\":\"https:\\\/\\\/informelitoral.com.ar\\\/author\\\/gonzalo\\\/\"}]}<\/script>","yoast_head_json":{"title":"Se nos solicit\u00f3 publicar: \"65 a\u00f1os de servicio y amor\" - Informe Litoral","robots":{"index":"index","follow":"follow","max-snippet":"max-snippet:-1","max-image-preview":"max-image-preview:large","max-video-preview":"max-video-preview:-1"},"canonical":"https:\/\/informelitoral.com.ar\/se-nos-solicito-publicar-65-anos-de-servicio-y-amor\/","og_locale":"es_ES","og_type":"article","og_title":"Se nos solicit\u00f3 publicar: \"65 a\u00f1os de servicio y amor\" - Informe Litoral","og_description":"La Hermana Clara Ester Roskopf cumpli&oacute; 65 a&ntilde;os de vida religiosa. Actualmente se encuentra en el&nbsp;Convento Cristo Rey en Esperanza, Santa Fe. &laquo;La querida Hermana Clara Ester Roskopf celebr&oacute; con mucha alegr&iacute;a sus 65 a&ntilde;os de vida Consagrada como Religiosa de las&nbsp;Misioneras Siervas del Esp&iacute;ritu Santo el pasado 24 de julio en el Convento Cristo [&hellip;]","og_url":"https:\/\/informelitoral.com.ar\/se-nos-solicito-publicar-65-anos-de-servicio-y-amor\/","og_site_name":"Informe Litoral","article_publisher":"https:\/\/www.facebook.com\/informelitoral\/","article_published_time":"2016-07-26T18:53:26+00:00","article_modified_time":"2016-07-26T23:56:40+00:00","og_image":[{"width":200,"height":301,"url":"https:\/\/informelitoral.com.ar\/%77%70%2d%63%6f%6e%74%65%6e%74\/uploads\/2016\/07\/Hna-Clara-Ester.jpg","type":"image\/jpeg"}],"author":"Gonzalo Schmidt","twitter_card":"summary_large_image","twitter_creator":"@InformeLitoral","twitter_site":"@InformeLitoral","twitter_misc":{"Escrito por":"Gonzalo Schmidt","Tiempo de lectura":"3 minutos"},"schema":{"@context":"https:\/\/schema.org","@graph":[{"@type":"Article","@id":"https:\/\/informelitoral.com.ar\/se-nos-solicito-publicar-65-anos-de-servicio-y-amor\/#article","isPartOf":{"@id":"https:\/\/informelitoral.com.ar\/se-nos-solicito-publicar-65-anos-de-servicio-y-amor\/"},"author":{"name":"Gonzalo Schmidt","@id":"https:\/\/informelitoral.com.ar\/#\/schema\/person\/b9d00407c836482871ef1d57bf8e3180"},"headline":"Se nos solicit\u00f3 publicar: \u00ab65 a\u00f1os de servicio y amor\u00bb","datePublished":"2016-07-26T18:53:26+00:00","dateModified":"2016-07-26T23:56:40+00:00","mainEntityOfPage":{"@id":"https:\/\/informelitoral.com.ar\/se-nos-solicito-publicar-65-anos-de-servicio-y-amor\/"},"wordCount":532,"commentCount":0,"publisher":{"@id":"https:\/\/informelitoral.com.ar\/#organization"},"image":{"@id":"https:\/\/informelitoral.com.ar\/se-nos-solicito-publicar-65-anos-de-servicio-y-amor\/#primaryimage"},"thumbnailUrl":"http:\/\/www.isletasnoticias.com.ar\/%77%70%2d%63%6f%6e%74%65%6e%74\/uploads\/2016\/07\/Hna-Clara-Ester-199x300.jpg","articleSection":["Sociedad"],"inLanguage":"es","potentialAction":[{"@type":"CommentAction","name":"Comment","target":["https:\/\/informelitoral.com.ar\/se-nos-solicito-publicar-65-anos-de-servicio-y-amor\/#respond"]}]},{"@type":"WebPage","@id":"https:\/\/informelitoral.com.ar\/se-nos-solicito-publicar-65-anos-de-servicio-y-amor\/","url":"https:\/\/informelitoral.com.ar\/se-nos-solicito-publicar-65-anos-de-servicio-y-amor\/","name":"Se nos solicit\u00f3 publicar: \"65 a\u00f1os de servicio y amor\" - Informe Litoral","isPartOf":{"@id":"https:\/\/informelitoral.com.ar\/#website"},"primaryImageOfPage":{"@id":"https:\/\/informelitoral.com.ar\/se-nos-solicito-publicar-65-anos-de-servicio-y-amor\/#primaryimage"},"image":{"@id":"https:\/\/informelitoral.com.ar\/se-nos-solicito-publicar-65-anos-de-servicio-y-amor\/#primaryimage"},"thumbnailUrl":"http:\/\/www.isletasnoticias.com.ar\/%77%70%2d%63%6f%6e%74%65%6e%74\/uploads\/2016\/07\/Hna-Clara-Ester-199x300.jpg","datePublished":"2016-07-26T18:53:26+00:00","dateModified":"2016-07-26T23:56:40+00:00","breadcrumb":{"@id":"https:\/\/informelitoral.com.ar\/se-nos-solicito-publicar-65-anos-de-servicio-y-amor\/#breadcrumb"},"inLanguage":"es","potentialAction":[{"@type":"ReadAction","target":["https:\/\/informelitoral.com.ar\/se-nos-solicito-publicar-65-anos-de-servicio-y-amor\/"]}]},{"@type":"ImageObject","inLanguage":"es","@id":"https:\/\/informelitoral.com.ar\/se-nos-solicito-publicar-65-anos-de-servicio-y-amor\/#primaryimage","url":"http:\/\/www.isletasnoticias.com.ar\/%77%70%2d%63%6f%6e%74%65%6e%74\/uploads\/2016\/07\/Hna-Clara-Ester-199x300.jpg","contentUrl":"http:\/\/www.isletasnoticias.com.ar\/%77%70%2d%63%6f%6e%74%65%6e%74\/uploads\/2016\/07\/Hna-Clara-Ester-199x300.jpg"},{"@type":"BreadcrumbList","@id":"https:\/\/informelitoral.com.ar\/se-nos-solicito-publicar-65-anos-de-servicio-y-amor\/#breadcrumb","itemListElement":[{"@type":"ListItem","position":1,"name":"Portada","item":"https:\/\/informelitoral.com.ar\/"},{"@type":"ListItem","position":2,"name":"Se nos solicit\u00f3 publicar: \u00ab65 a\u00f1os de servicio y amor\u00bb"}]},{"@type":"WebSite","@id":"https:\/\/informelitoral.com.ar\/#website","url":"https:\/\/informelitoral.com.ar\/","name":"Informe Litoral","description":"&quot;Nos informamos&quot; ","publisher":{"@id":"https:\/\/informelitoral.com.ar\/#organization"},"potentialAction":[{"@type":"SearchAction","target":{"@type":"EntryPoint","urlTemplate":"https:\/\/informelitoral.com.ar\/?s={search_term_string}"},"query-input":{"@type":"PropertyValueSpecification","valueRequired":true,"valueName":"search_term_string"}}],"inLanguage":"es"},{"@type":"Organization","@id":"https:\/\/informelitoral.com.ar\/#organization","name":"Informe Litoral","url":"https:\/\/informelitoral.com.ar\/","logo":{"@type":"ImageObject","inLanguage":"es","@id":"https:\/\/informelitoral.com.ar\/#\/schema\/logo\/image\/","url":"https:\/\/informelitoral.com.ar\/%77%70%2d%63%6f%6e%74%65%6e%74\/uploads\/2021\/01\/circulo.png","contentUrl":"https:\/\/informelitoral.com.ar\/%77%70%2d%63%6f%6e%74%65%6e%74\/uploads\/2021\/01\/circulo.png","width":723,"height":731,"caption":"Informe Litoral"},"image":{"@id":"https:\/\/informelitoral.com.ar\/#\/schema\/logo\/image\/"},"sameAs":["https:\/\/www.facebook.com\/informelitoral\/","https:\/\/x.com\/InformeLitoral","https:\/\/www.instagram.com\/informelitoral\/","https:\/\/www.youtube.com\/channel\/UCua4Qvz8Icb6MYqhoq9xLXw"]},{"@type":"Person","@id":"https:\/\/informelitoral.com.ar\/#\/schema\/person\/b9d00407c836482871ef1d57bf8e3180","name":"Gonzalo Schmidt","image":{"@type":"ImageObject","inLanguage":"es","@id":"https:\/\/secure.gravatar.com\/avatar\/31a1a7b66ff2de83bd0e9fd79d026630d2d99e55e8bfe501287647b4fd9743de?s=96&d=mm&r=g","url":"https:\/\/secure.gravatar.com\/avatar\/31a1a7b66ff2de83bd0e9fd79d026630d2d99e55e8bfe501287647b4fd9743de?s=96&d=mm&r=g","contentUrl":"https:\/\/secure.gravatar.com\/avatar\/31a1a7b66ff2de83bd0e9fd79d026630d2d99e55e8bfe501287647b4fd9743de?s=96&d=mm&r=g","caption":"Gonzalo Schmidt"},"description":"Sitio web de noticias de la provincia de Entre R\u00edos, Argentina. Informaci\u00f3n y entretenimiento. Informe Litoral, nos informamos.","sameAs":["http:\/\/www.isletasnoticias.com.ar"],"url":"https:\/\/informelitoral.com.ar\/author\/gonzalo\/"}]}},"_links":{"self":[{"href":"https:\/\/informelitoral.com.ar\/%77%70%2d%6a%73%6f%6e\/wp\/v2\/posts\/17398","targetHints":{"allow":["GET"]}}],"collection":[{"href":"https:\/\/informelitoral.com.ar\/%77%70%2d%6a%73%6f%6e\/wp\/v2\/posts"}],"about":[{"href":"https:\/\/informelitoral.com.ar\/%77%70%2d%6a%73%6f%6e\/wp\/v2\/types\/post"}],"author":[{"embeddable":true,"href":"https:\/\/informelitoral.com.ar\/%77%70%2d%6a%73%6f%6e\/wp\/v2\/users\/2"}],"replies":[{"embeddable":true,"href":"https:\/\/informelitoral.com.ar\/%77%70%2d%6a%73%6f%6e\/wp\/v2\/comments?post=17398"}],"version-history":[{"count":0,"href":"https:\/\/informelitoral.com.ar\/%77%70%2d%6a%73%6f%6e\/wp\/v2\/posts\/17398\/revisions"}],"wp:attachment":[{"href":"https:\/\/informelitoral.com.ar\/%77%70%2d%6a%73%6f%6e\/wp\/v2\/media?parent=17398"}],"wp:term":[{"taxonomy":"category","embeddable":true,"href":"https:\/\/informelitoral.com.ar\/%77%70%2d%6a%73%6f%6e\/wp\/v2\/categories?post=17398"},{"taxonomy":"post_tag","embeddable":true,"href":"https:\/\/informelitoral.com.ar\/%77%70%2d%6a%73%6f%6e\/wp\/v2\/tags?post=17398"}],"curies":[{"name":"wp","href":"https:\/\/api.w.org\/{rel}","templated":true}]}}