{"id":17395,"date":"2016-07-26T17:48:29","date_gmt":"2016-07-26T20:48:29","guid":{"rendered":"http:\/\/www.isletasnoticias.com.ar\/?p=17395"},"modified":"2016-07-26T17:48:29","modified_gmt":"2016-07-26T20:48:29","slug":"los-pasajes-de-colectivo-de-larga-distancia-sufrieron-un-aumento","status":"publish","type":"post","link":"https:\/\/informelitoral.com.ar\/los-pasajes-de-colectivo-de-larga-distancia-sufrieron-un-aumento\/","title":{"rendered":"Los pasajes de colectivo de larga distancia sufrieron un aumento"},"content":{"rendered":"<p><strong>Los pasajes para los servicios fuera de la provincia aumentaron entre un 12 y 14 por ciento. Como ejemplo, un viaje a Buenos Aires en bus semicama que costaba 550 pesos se elev\u00f3 a 630 pesos.<\/strong><\/p>\n<figure id=\"attachment_17396\" aria-describedby=\"caption-attachment-17396\" style=\"width: 576px\" class=\"wp-caption aligncenter\"><a href=\"http:\/\/www.isletasnoticias.com.ar\/%77%70%2d%63%6f%6e%74%65%6e%74\/uploads\/2016\/07\/13654420_866899523453751_8131794678192037878_n.jpg\"><img loading=\"lazy\" decoding=\"async\" class=\"wp-image-17396 size-full\" src=\"http:\/\/www.isletasnoticias.com.ar\/%77%70%2d%63%6f%6e%74%65%6e%74\/uploads\/2016\/07\/13654420_866899523453751_8131794678192037878_n.jpg\" alt=\"13654420_866899523453751_8131794678192037878_n\" width=\"576\" height=\"960\" srcset=\"https:\/\/informelitoral.com.ar\/%77%70%2d%63%6f%6e%74%65%6e%74\/uploads\/2016\/07\/13654420_866899523453751_8131794678192037878_n.jpg 576w, https:\/\/informelitoral.com.ar\/%77%70%2d%63%6f%6e%74%65%6e%74\/uploads\/2016\/07\/13654420_866899523453751_8131794678192037878_n-180x300.jpg 180w\" sizes=\"auto, (max-width: 576px) 100vw, 576px\" \/><\/a><figcaption id=\"caption-attachment-17396\" class=\"wp-caption-text\"><em><strong>Foto:<\/strong> Terminal de la ciudad de Paran\u00e1. (IN)<\/em><\/figcaption><\/figure>\n<p>La semana pasada, las l\u00edneas de transporte de larga distancia, es decir aquellas que prestan servicio hacia destinos fuera de la provincia de Entre R\u00edos, registraron una suba de entre un 12 y 14 por ciento, seg\u00fan la empresa.<\/p>\n<p>As\u00ed lo inform\u00f3 a <em>Elonce TV<\/em>, <strong>Dar\u00edo Acu\u00f1a<\/strong>, responsable de boleter\u00edas Zenit, quien explic\u00f3 que el aumento \u00abfue estipulado con el Gobierno como todos los a\u00f1os para antes de las vacaciones de invierno\u00bb. Y agreg\u00f3 que las empresas \u00abtrataron de aguantar e implementarlo cuando los pasajes sacados para las vacaciones ya estaban comprados, para poder trabajar mejor durante el receso\u00bb.<\/p>\n<p>Como s\u00f3lo se autoriz\u00f3 una parte de la suba, se estima que <b>antes de fin de a\u00f1o habr\u00eda otra suba<\/b>.<\/p>\n<p>Para dar un ejemplo, un pasaje hacia <b>Buenos Aires en bus semicama pas\u00f3 de 550 pesos a 630 pesos<\/b>; y en <b>bus cama de $630 a $720<\/b>. En tanto que un viaje <b>a C\u00f3rdoba, en semi cama que estaba en 418 pesos, con el aumento cuesta 478 pesos<\/b>. Estos son dos de los servicios m\u00e1s demandados.<\/p>\n<p>Respecto a la reacci\u00f3n de los pasajeros ante el aumento, Acu\u00f1a se\u00f1al\u00f3 que \u00abgeneralmente <b>la gente no se queja tanto como antes, como que est\u00e1 m\u00e1s acostumbrado a que todo aumente<\/b>; adem\u00e1s la mayor\u00eda tiene obligaciones para viajar\u00bb, afirm\u00f3.<\/p>\n<p>Consultado sobre las l\u00edneas provinciales, Acu\u00f1a record\u00f3 que en el mes de marzo sufrieron un importante aumento, y si bien \u00abno hay nada notificado\u00bb, a fin de a\u00f1o podr\u00edan tener una nueva suba.<\/p>\n<p>Finalmente, y al hacer un balance de las vacaciones de invierno, expres\u00f3 que \u00abnotamos un incremento en las ventas en cuanto a los montos, pero la cantidad de pasajeros fue un poco menos que el a\u00f1o pasado; pero teniendo en cuenta el primer semestre podemos decir que fue positivo\u00bb. (<i>Elonce.com)<\/i><\/p>\n","protected":false},"excerpt":{"rendered":"<p>Los pasajes para los servicios fuera de la provincia aumentaron entre un 12 y 14 por ciento. Como ejemplo, un viaje a Buenos Aires en bus semicama que costaba 550 pesos se elev&oacute; a 630 pesos. La semana pasada, las l&iacute;neas de transporte de larga distancia, es decir aquellas que prestan servicio hacia destinos fuera [&hellip;]<\/p>\n","protected":false},"author":2,"featured_media":0,"comment_status":"open","ping_status":"open","sticky":false,"template":"","format":"standard","meta":{"fifu_image_url":"","fifu_image_alt":"","footnotes":""},"categories":[6],"tags":[],"class_list":{"0":"post-17395","1":"post","2":"type-post","3":"status-publish","4":"format-standard","6":"category-entre-rios"},"yoast_head":"<title>Los pasajes de colectivo de larga distancia sufrieron un aumento - Informe Litoral<\/title>\n<meta name=\"robots\" content=\"index, follow, max-snippet:-1, max-image-preview:large, max-video-preview:-1\" \/>\n<link rel=\"canonical\" href=\"https:\/\/informelitoral.com.ar\/los-pasajes-de-colectivo-de-larga-distancia-sufrieron-un-aumento\/\" \/>\n<meta property=\"og:locale\" content=\"es_ES\" \/>\n<meta property=\"og:type\" content=\"article\" \/>\n<meta property=\"og:title\" content=\"Los pasajes de colectivo de larga distancia sufrieron un aumento - Informe Litoral\" \/>\n<meta property=\"og:description\" content=\"Los pasajes para los servicios fuera de la provincia aumentaron entre un 12 y 14 por ciento. Como ejemplo, un viaje a Buenos Aires en bus semicama que costaba 550 pesos se elev&oacute; a 630 pesos. La semana pasada, las l&iacute;neas de transporte de larga distancia, es decir aquellas que prestan servicio hacia destinos fuera [&hellip;]\" \/>\n<meta property=\"og:url\" content=\"https:\/\/informelitoral.com.ar\/los-pasajes-de-colectivo-de-larga-distancia-sufrieron-un-aumento\/\" \/>\n<meta property=\"og:site_name\" content=\"Informe Litoral\" \/>\n<meta property=\"article:publisher\" content=\"https:\/\/www.facebook.com\/informelitoral\/\" \/>\n<meta property=\"article:published_time\" content=\"2016-07-26T20:48:29+00:00\" \/>\n<meta property=\"og:image\" content=\"https:\/\/informelitoral.com.ar\/%77%70%2d%63%6f%6e%74%65%6e%74\/uploads\/2016\/07\/13654420_866899523453751_8131794678192037878_n.jpg\" \/>\n\t<meta property=\"og:image:width\" content=\"576\" \/>\n\t<meta property=\"og:image:height\" content=\"960\" \/>\n\t<meta property=\"og:image:type\" content=\"image\/jpeg\" \/>\n<meta name=\"author\" content=\"Gonzalo Schmidt\" \/>\n<meta name=\"twitter:card\" content=\"summary_large_image\" \/>\n<meta name=\"twitter:creator\" content=\"@InformeLitoral\" \/>\n<meta name=\"twitter:site\" content=\"@InformeLitoral\" \/>\n<meta name=\"twitter:label1\" content=\"Escrito por\" \/>\n\t<meta name=\"twitter:data1\" content=\"Gonzalo Schmidt\" \/>\n\t<meta name=\"twitter:label2\" content=\"Tiempo de lectura\" \/>\n\t<meta name=\"twitter:data2\" content=\"2 minutos\" \/>\n<script type=\"application\/ld+json\" class=\"yoast-schema-graph\">{\"@context\":\"https:\\\/\\\/schema.org\",\"@graph\":[{\"@type\":\"Article\",\"@id\":\"https:\\\/\\\/informelitoral.com.ar\\\/los-pasajes-de-colectivo-de-larga-distancia-sufrieron-un-aumento\\\/#article\",\"isPartOf\":{\"@id\":\"https:\\\/\\\/informelitoral.com.ar\\\/los-pasajes-de-colectivo-de-larga-distancia-sufrieron-un-aumento\\\/\"},\"author\":{\"name\":\"Gonzalo Schmidt\",\"@id\":\"https:\\\/\\\/informelitoral.com.ar\\\/#\\\/schema\\\/person\\\/b9d00407c836482871ef1d57bf8e3180\"},\"headline\":\"Los pasajes de colectivo de larga distancia sufrieron un aumento\",\"datePublished\":\"2016-07-26T20:48:29+00:00\",\"mainEntityOfPage\":{\"@id\":\"https:\\\/\\\/informelitoral.com.ar\\\/los-pasajes-de-colectivo-de-larga-distancia-sufrieron-un-aumento\\\/\"},\"wordCount\":370,\"commentCount\":0,\"publisher\":{\"@id\":\"https:\\\/\\\/informelitoral.com.ar\\\/#organization\"},\"image\":{\"@id\":\"https:\\\/\\\/informelitoral.com.ar\\\/los-pasajes-de-colectivo-de-larga-distancia-sufrieron-un-aumento\\\/#primaryimage\"},\"thumbnailUrl\":\"http:\\\/\\\/www.isletasnoticias.com.ar\\\/%77%70%2d%63%6f%6e%74%65%6e%74\\\/uploads\\\/2016\\\/07\\\/13654420_866899523453751_8131794678192037878_n.jpg\",\"articleSection\":[\"Entre R\u00edos\"],\"inLanguage\":\"es\",\"potentialAction\":[{\"@type\":\"CommentAction\",\"name\":\"Comment\",\"target\":[\"https:\\\/\\\/informelitoral.com.ar\\\/los-pasajes-de-colectivo-de-larga-distancia-sufrieron-un-aumento\\\/#respond\"]}]},{\"@type\":\"WebPage\",\"@id\":\"https:\\\/\\\/informelitoral.com.ar\\\/los-pasajes-de-colectivo-de-larga-distancia-sufrieron-un-aumento\\\/\",\"url\":\"https:\\\/\\\/informelitoral.com.ar\\\/los-pasajes-de-colectivo-de-larga-distancia-sufrieron-un-aumento\\\/\",\"name\":\"Los pasajes de colectivo de larga distancia sufrieron un aumento - Informe Litoral\",\"isPartOf\":{\"@id\":\"https:\\\/\\\/informelitoral.com.ar\\\/#website\"},\"primaryImageOfPage\":{\"@id\":\"https:\\\/\\\/informelitoral.com.ar\\\/los-pasajes-de-colectivo-de-larga-distancia-sufrieron-un-aumento\\\/#primaryimage\"},\"image\":{\"@id\":\"https:\\\/\\\/informelitoral.com.ar\\\/los-pasajes-de-colectivo-de-larga-distancia-sufrieron-un-aumento\\\/#primaryimage\"},\"thumbnailUrl\":\"http:\\\/\\\/www.isletasnoticias.com.ar\\\/%77%70%2d%63%6f%6e%74%65%6e%74\\\/uploads\\\/2016\\\/07\\\/13654420_866899523453751_8131794678192037878_n.jpg\",\"datePublished\":\"2016-07-26T20:48:29+00:00\",\"breadcrumb\":{\"@id\":\"https:\\\/\\\/informelitoral.com.ar\\\/los-pasajes-de-colectivo-de-larga-distancia-sufrieron-un-aumento\\\/#breadcrumb\"},\"inLanguage\":\"es\",\"potentialAction\":[{\"@type\":\"ReadAction\",\"target\":[\"https:\\\/\\\/informelitoral.com.ar\\\/los-pasajes-de-colectivo-de-larga-distancia-sufrieron-un-aumento\\\/\"]}]},{\"@type\":\"ImageObject\",\"inLanguage\":\"es\",\"@id\":\"https:\\\/\\\/informelitoral.com.ar\\\/los-pasajes-de-colectivo-de-larga-distancia-sufrieron-un-aumento\\\/#primaryimage\",\"url\":\"http:\\\/\\\/www.isletasnoticias.com.ar\\\/%77%70%2d%63%6f%6e%74%65%6e%74\\\/uploads\\\/2016\\\/07\\\/13654420_866899523453751_8131794678192037878_n.jpg\",\"contentUrl\":\"http:\\\/\\\/www.isletasnoticias.com.ar\\\/%77%70%2d%63%6f%6e%74%65%6e%74\\\/uploads\\\/2016\\\/07\\\/13654420_866899523453751_8131794678192037878_n.jpg\"},{\"@type\":\"BreadcrumbList\",\"@id\":\"https:\\\/\\\/informelitoral.com.ar\\\/los-pasajes-de-colectivo-de-larga-distancia-sufrieron-un-aumento\\\/#breadcrumb\",\"itemListElement\":[{\"@type\":\"ListItem\",\"position\":1,\"name\":\"Portada\",\"item\":\"https:\\\/\\\/informelitoral.com.ar\\\/\"},{\"@type\":\"ListItem\",\"position\":2,\"name\":\"Los pasajes de colectivo de larga distancia sufrieron un aumento\"}]},{\"@type\":\"WebSite\",\"@id\":\"https:\\\/\\\/informelitoral.com.ar\\\/#website\",\"url\":\"https:\\\/\\\/informelitoral.com.ar\\\/\",\"name\":\"Informe Litoral\",\"description\":\"&quot;Nos informamos&quot; \",\"publisher\":{\"@id\":\"https:\\\/\\\/informelitoral.com.ar\\\/#organization\"},\"potentialAction\":[{\"@type\":\"SearchAction\",\"target\":{\"@type\":\"EntryPoint\",\"urlTemplate\":\"https:\\\/\\\/informelitoral.com.ar\\\/?s={search_term_string}\"},\"query-input\":{\"@type\":\"PropertyValueSpecification\",\"valueRequired\":true,\"valueName\":\"search_term_string\"}}],\"inLanguage\":\"es\"},{\"@type\":\"Organization\",\"@id\":\"https:\\\/\\\/informelitoral.com.ar\\\/#organization\",\"name\":\"Informe Litoral\",\"url\":\"https:\\\/\\\/informelitoral.com.ar\\\/\",\"logo\":{\"@type\":\"ImageObject\",\"inLanguage\":\"es\",\"@id\":\"https:\\\/\\\/informelitoral.com.ar\\\/#\\\/schema\\\/logo\\\/image\\\/\",\"url\":\"https:\\\/\\\/informelitoral.com.ar\\\/%77%70%2d%63%6f%6e%74%65%6e%74\\\/uploads\\\/2021\\\/01\\\/circulo.png\",\"contentUrl\":\"https:\\\/\\\/informelitoral.com.ar\\\/%77%70%2d%63%6f%6e%74%65%6e%74\\\/uploads\\\/2021\\\/01\\\/circulo.png\",\"width\":723,\"height\":731,\"caption\":\"Informe Litoral\"},\"image\":{\"@id\":\"https:\\\/\\\/informelitoral.com.ar\\\/#\\\/schema\\\/logo\\\/image\\\/\"},\"sameAs\":[\"https:\\\/\\\/www.facebook.com\\\/informelitoral\\\/\",\"https:\\\/\\\/x.com\\\/InformeLitoral\",\"https:\\\/\\\/www.instagram.com\\\/informelitoral\\\/\",\"https:\\\/\\\/www.youtube.com\\\/channel\\\/UCua4Qvz8Icb6MYqhoq9xLXw\"]},{\"@type\":\"Person\",\"@id\":\"https:\\\/\\\/informelitoral.com.ar\\\/#\\\/schema\\\/person\\\/b9d00407c836482871ef1d57bf8e3180\",\"name\":\"Gonzalo Schmidt\",\"image\":{\"@type\":\"ImageObject\",\"inLanguage\":\"es\",\"@id\":\"https:\\\/\\\/secure.gravatar.com\\\/avatar\\\/31a1a7b66ff2de83bd0e9fd79d026630d2d99e55e8bfe501287647b4fd9743de?s=96&d=mm&r=g\",\"url\":\"https:\\\/\\\/secure.gravatar.com\\\/avatar\\\/31a1a7b66ff2de83bd0e9fd79d026630d2d99e55e8bfe501287647b4fd9743de?s=96&d=mm&r=g\",\"contentUrl\":\"https:\\\/\\\/secure.gravatar.com\\\/avatar\\\/31a1a7b66ff2de83bd0e9fd79d026630d2d99e55e8bfe501287647b4fd9743de?s=96&d=mm&r=g\",\"caption\":\"Gonzalo Schmidt\"},\"description\":\"Sitio web de noticias de la provincia de Entre R\u00edos, Argentina. Informaci\u00f3n y entretenimiento. Informe Litoral, nos informamos.\",\"sameAs\":[\"http:\\\/\\\/www.isletasnoticias.com.ar\"],\"url\":\"https:\\\/\\\/informelitoral.com.ar\\\/author\\\/gonzalo\\\/\"}]}<\/script>","yoast_head_json":{"title":"Los pasajes de colectivo de larga distancia sufrieron un aumento - Informe Litoral","robots":{"index":"index","follow":"follow","max-snippet":"max-snippet:-1","max-image-preview":"max-image-preview:large","max-video-preview":"max-video-preview:-1"},"canonical":"https:\/\/informelitoral.com.ar\/los-pasajes-de-colectivo-de-larga-distancia-sufrieron-un-aumento\/","og_locale":"es_ES","og_type":"article","og_title":"Los pasajes de colectivo de larga distancia sufrieron un aumento - Informe Litoral","og_description":"Los pasajes para los servicios fuera de la provincia aumentaron entre un 12 y 14 por ciento. Como ejemplo, un viaje a Buenos Aires en bus semicama que costaba 550 pesos se elev&oacute; a 630 pesos. La semana pasada, las l&iacute;neas de transporte de larga distancia, es decir aquellas que prestan servicio hacia destinos fuera [&hellip;]","og_url":"https:\/\/informelitoral.com.ar\/los-pasajes-de-colectivo-de-larga-distancia-sufrieron-un-aumento\/","og_site_name":"Informe Litoral","article_publisher":"https:\/\/www.facebook.com\/informelitoral\/","article_published_time":"2016-07-26T20:48:29+00:00","og_image":[{"width":576,"height":960,"url":"https:\/\/informelitoral.com.ar\/%77%70%2d%63%6f%6e%74%65%6e%74\/uploads\/2016\/07\/13654420_866899523453751_8131794678192037878_n.jpg","type":"image\/jpeg"}],"author":"Gonzalo Schmidt","twitter_card":"summary_large_image","twitter_creator":"@InformeLitoral","twitter_site":"@InformeLitoral","twitter_misc":{"Escrito por":"Gonzalo Schmidt","Tiempo de lectura":"2 minutos"},"schema":{"@context":"https:\/\/schema.org","@graph":[{"@type":"Article","@id":"https:\/\/informelitoral.com.ar\/los-pasajes-de-colectivo-de-larga-distancia-sufrieron-un-aumento\/#article","isPartOf":{"@id":"https:\/\/informelitoral.com.ar\/los-pasajes-de-colectivo-de-larga-distancia-sufrieron-un-aumento\/"},"author":{"name":"Gonzalo Schmidt","@id":"https:\/\/informelitoral.com.ar\/#\/schema\/person\/b9d00407c836482871ef1d57bf8e3180"},"headline":"Los pasajes de colectivo de larga distancia sufrieron un aumento","datePublished":"2016-07-26T20:48:29+00:00","mainEntityOfPage":{"@id":"https:\/\/informelitoral.com.ar\/los-pasajes-de-colectivo-de-larga-distancia-sufrieron-un-aumento\/"},"wordCount":370,"commentCount":0,"publisher":{"@id":"https:\/\/informelitoral.com.ar\/#organization"},"image":{"@id":"https:\/\/informelitoral.com.ar\/los-pasajes-de-colectivo-de-larga-distancia-sufrieron-un-aumento\/#primaryimage"},"thumbnailUrl":"http:\/\/www.isletasnoticias.com.ar\/%77%70%2d%63%6f%6e%74%65%6e%74\/uploads\/2016\/07\/13654420_866899523453751_8131794678192037878_n.jpg","articleSection":["Entre R\u00edos"],"inLanguage":"es","potentialAction":[{"@type":"CommentAction","name":"Comment","target":["https:\/\/informelitoral.com.ar\/los-pasajes-de-colectivo-de-larga-distancia-sufrieron-un-aumento\/#respond"]}]},{"@type":"WebPage","@id":"https:\/\/informelitoral.com.ar\/los-pasajes-de-colectivo-de-larga-distancia-sufrieron-un-aumento\/","url":"https:\/\/informelitoral.com.ar\/los-pasajes-de-colectivo-de-larga-distancia-sufrieron-un-aumento\/","name":"Los pasajes de colectivo de larga distancia sufrieron un aumento - Informe Litoral","isPartOf":{"@id":"https:\/\/informelitoral.com.ar\/#website"},"primaryImageOfPage":{"@id":"https:\/\/informelitoral.com.ar\/los-pasajes-de-colectivo-de-larga-distancia-sufrieron-un-aumento\/#primaryimage"},"image":{"@id":"https:\/\/informelitoral.com.ar\/los-pasajes-de-colectivo-de-larga-distancia-sufrieron-un-aumento\/#primaryimage"},"thumbnailUrl":"http:\/\/www.isletasnoticias.com.ar\/%77%70%2d%63%6f%6e%74%65%6e%74\/uploads\/2016\/07\/13654420_866899523453751_8131794678192037878_n.jpg","datePublished":"2016-07-26T20:48:29+00:00","breadcrumb":{"@id":"https:\/\/informelitoral.com.ar\/los-pasajes-de-colectivo-de-larga-distancia-sufrieron-un-aumento\/#breadcrumb"},"inLanguage":"es","potentialAction":[{"@type":"ReadAction","target":["https:\/\/informelitoral.com.ar\/los-pasajes-de-colectivo-de-larga-distancia-sufrieron-un-aumento\/"]}]},{"@type":"ImageObject","inLanguage":"es","@id":"https:\/\/informelitoral.com.ar\/los-pasajes-de-colectivo-de-larga-distancia-sufrieron-un-aumento\/#primaryimage","url":"http:\/\/www.isletasnoticias.com.ar\/%77%70%2d%63%6f%6e%74%65%6e%74\/uploads\/2016\/07\/13654420_866899523453751_8131794678192037878_n.jpg","contentUrl":"http:\/\/www.isletasnoticias.com.ar\/%77%70%2d%63%6f%6e%74%65%6e%74\/uploads\/2016\/07\/13654420_866899523453751_8131794678192037878_n.jpg"},{"@type":"BreadcrumbList","@id":"https:\/\/informelitoral.com.ar\/los-pasajes-de-colectivo-de-larga-distancia-sufrieron-un-aumento\/#breadcrumb","itemListElement":[{"@type":"ListItem","position":1,"name":"Portada","item":"https:\/\/informelitoral.com.ar\/"},{"@type":"ListItem","position":2,"name":"Los pasajes de colectivo de larga distancia sufrieron un aumento"}]},{"@type":"WebSite","@id":"https:\/\/informelitoral.com.ar\/#website","url":"https:\/\/informelitoral.com.ar\/","name":"Informe Litoral","description":"&quot;Nos informamos&quot; ","publisher":{"@id":"https:\/\/informelitoral.com.ar\/#organization"},"potentialAction":[{"@type":"SearchAction","target":{"@type":"EntryPoint","urlTemplate":"https:\/\/informelitoral.com.ar\/?s={search_term_string}"},"query-input":{"@type":"PropertyValueSpecification","valueRequired":true,"valueName":"search_term_string"}}],"inLanguage":"es"},{"@type":"Organization","@id":"https:\/\/informelitoral.com.ar\/#organization","name":"Informe Litoral","url":"https:\/\/informelitoral.com.ar\/","logo":{"@type":"ImageObject","inLanguage":"es","@id":"https:\/\/informelitoral.com.ar\/#\/schema\/logo\/image\/","url":"https:\/\/informelitoral.com.ar\/%77%70%2d%63%6f%6e%74%65%6e%74\/uploads\/2021\/01\/circulo.png","contentUrl":"https:\/\/informelitoral.com.ar\/%77%70%2d%63%6f%6e%74%65%6e%74\/uploads\/2021\/01\/circulo.png","width":723,"height":731,"caption":"Informe Litoral"},"image":{"@id":"https:\/\/informelitoral.com.ar\/#\/schema\/logo\/image\/"},"sameAs":["https:\/\/www.facebook.com\/informelitoral\/","https:\/\/x.com\/InformeLitoral","https:\/\/www.instagram.com\/informelitoral\/","https:\/\/www.youtube.com\/channel\/UCua4Qvz8Icb6MYqhoq9xLXw"]},{"@type":"Person","@id":"https:\/\/informelitoral.com.ar\/#\/schema\/person\/b9d00407c836482871ef1d57bf8e3180","name":"Gonzalo Schmidt","image":{"@type":"ImageObject","inLanguage":"es","@id":"https:\/\/secure.gravatar.com\/avatar\/31a1a7b66ff2de83bd0e9fd79d026630d2d99e55e8bfe501287647b4fd9743de?s=96&d=mm&r=g","url":"https:\/\/secure.gravatar.com\/avatar\/31a1a7b66ff2de83bd0e9fd79d026630d2d99e55e8bfe501287647b4fd9743de?s=96&d=mm&r=g","contentUrl":"https:\/\/secure.gravatar.com\/avatar\/31a1a7b66ff2de83bd0e9fd79d026630d2d99e55e8bfe501287647b4fd9743de?s=96&d=mm&r=g","caption":"Gonzalo Schmidt"},"description":"Sitio web de noticias de la provincia de Entre R\u00edos, Argentina. Informaci\u00f3n y entretenimiento. Informe Litoral, nos informamos.","sameAs":["http:\/\/www.isletasnoticias.com.ar"],"url":"https:\/\/informelitoral.com.ar\/author\/gonzalo\/"}]}},"_links":{"self":[{"href":"https:\/\/informelitoral.com.ar\/%77%70%2d%6a%73%6f%6e\/wp\/v2\/posts\/17395","targetHints":{"allow":["GET"]}}],"collection":[{"href":"https:\/\/informelitoral.com.ar\/%77%70%2d%6a%73%6f%6e\/wp\/v2\/posts"}],"about":[{"href":"https:\/\/informelitoral.com.ar\/%77%70%2d%6a%73%6f%6e\/wp\/v2\/types\/post"}],"author":[{"embeddable":true,"href":"https:\/\/informelitoral.com.ar\/%77%70%2d%6a%73%6f%6e\/wp\/v2\/users\/2"}],"replies":[{"embeddable":true,"href":"https:\/\/informelitoral.com.ar\/%77%70%2d%6a%73%6f%6e\/wp\/v2\/comments?post=17395"}],"version-history":[{"count":0,"href":"https:\/\/informelitoral.com.ar\/%77%70%2d%6a%73%6f%6e\/wp\/v2\/posts\/17395\/revisions"}],"wp:attachment":[{"href":"https:\/\/informelitoral.com.ar\/%77%70%2d%6a%73%6f%6e\/wp\/v2\/media?parent=17395"}],"wp:term":[{"taxonomy":"category","embeddable":true,"href":"https:\/\/informelitoral.com.ar\/%77%70%2d%6a%73%6f%6e\/wp\/v2\/categories?post=17395"},{"taxonomy":"post_tag","embeddable":true,"href":"https:\/\/informelitoral.com.ar\/%77%70%2d%6a%73%6f%6e\/wp\/v2\/tags?post=17395"}],"curies":[{"name":"wp","href":"https:\/\/api.w.org\/{rel}","templated":true}]}}