{"id":17392,"date":"2016-07-26T17:40:09","date_gmt":"2016-07-26T20:40:09","guid":{"rendered":"http:\/\/www.isletasnoticias.com.ar\/?p=17392"},"modified":"2016-07-26T17:40:09","modified_gmt":"2016-07-26T20:40:09","slug":"macri-presento-el-plan-para-la-erradicacion-de-la-violencia-contra-las-mujeres","status":"publish","type":"post","link":"https:\/\/informelitoral.com.ar\/macri-presento-el-plan-para-la-erradicacion-de-la-violencia-contra-las-mujeres\/","title":{"rendered":"Macri present\u00f3 el Plan para la Erradicaci\u00f3n de la Violencia contra las Mujeres"},"content":{"rendered":"<p><strong>\u00abTenemos que desterrar los patrones culturales que naturalizan la agresi\u00f3n a la mujer. Esto no es una tarea solo de un gobierno, sino de toda la sociedad\u00bb, afirm\u00f3 el presidente, <em>Mauricio Macri.<\/em> Promueve campa\u00f1as de concientizaci\u00f3n y educaci\u00f3n.<a href=\"http:\/\/www.isletasnoticias.com.ar\/%77%70%2d%63%6f%6e%74%65%6e%74\/uploads\/2016\/07\/o_1469559961.jpg\"><img loading=\"lazy\" decoding=\"async\" class=\"aligncenter wp-image-17393 size-full\" src=\"http:\/\/www.isletasnoticias.com.ar\/%77%70%2d%63%6f%6e%74%65%6e%74\/uploads\/2016\/07\/o_1469559961.jpg\" alt=\"o_1469559961\" width=\"800\" height=\"450\" srcset=\"https:\/\/informelitoral.com.ar\/%77%70%2d%63%6f%6e%74%65%6e%74\/uploads\/2016\/07\/o_1469559961.jpg 800w, https:\/\/informelitoral.com.ar\/%77%70%2d%63%6f%6e%74%65%6e%74\/uploads\/2016\/07\/o_1469559961-300x169.jpg 300w, https:\/\/informelitoral.com.ar\/%77%70%2d%63%6f%6e%74%65%6e%74\/uploads\/2016\/07\/o_1469559961-768x432.jpg 768w\" sizes=\"auto, (max-width: 800px) 100vw, 800px\" \/><\/a><\/strong><\/p>\n<p>El presidente <strong>Mauricio Macri<\/strong> lanz\u00f3 hoy el Plan Nacional de Acci\u00f3n para la Prevenci\u00f3n, Asistencia y Erradicaci\u00f3n de la Violencia contra las Mujeres, que garantiza atenci\u00f3n integral y contenci\u00f3n a las v\u00edctimas, y les pidi\u00f3 a todos los argentinos que asuman el compromiso de luchar contra esta problem\u00e1tica.<\/p>\n<p>\u00abTenemos que desterrar los patrones culturales que naturalizan la agresi\u00f3n a la mujer. Esto no es una tarea solo de un gobierno, sino de toda la sociedad\u00bb, afirm\u00f3 el Jefe de Estado al hacer la presentaci\u00f3n en el Sal\u00f3n Blanco de la Casa de Gobierno frente a familiares de v\u00edctimas de violencia de g\u00e9nero.<\/p>\n<p>El Jefe de Estado destac\u00f3 el hecho de que se hayan sumado a la iniciativa distintas gobernaciones, intendencias y organizaciones sociales, porque el objetivo es que el plan tenga un alcance federal para que haya protecci\u00f3n a la mujer en todos los distritos de la Argentina.<\/p>\n<p>\u00abSomos un pa\u00eds enorme, con distintas situaciones y con una diversidad cultural de la cual estamos orgullosos, y no podemos focalizar las soluciones solamente en los distritos centrales\u00bb, enfatiz\u00f3.<\/p>\n<p>Macri encabez\u00f3 el acto junto a la vicepresidente, Gabriela Michetti; la ministra de Desarrollo Social, Carolina Stanley, y la presidenta del Consejo Nacional de las Mujeres, Fabiana T\u00fa\u00f1ez, y ante la presencia de la gobernadora de la provincia de Buenos Aires, Mar\u00eda Eugenia Vidal, y el jefe de Gabinete, Marcos Pe\u00f1a.[youtube]https:\/\/www.youtube.com\/watch?v=OcXPhDy9w2M[\/youtube]<\/p>\n<p>El programa, que prev\u00e9 una inversi\u00f3n de 750 millones de pesos para los pr\u00f3ximos tres a\u00f1os, promueve medidas de fortalecimiento institucional y campa\u00f1as de concientizaci\u00f3n y educativas en el marco de una pol\u00edtica de prevenci\u00f3n.<\/p>\n<p>Contar\u00e1 con el aporte de equipos interdisciplinarios e incluir\u00e1, adem\u00e1s, la entrega de microcr\u00e9ditos para fomentar la autonom\u00eda econ\u00f3mica de las mujeres y la construcci\u00f3n de hogares de protecci\u00f3n.<\/p>\n<p>Macri remarc\u00f3 la importancia del acceso a la capacitaci\u00f3n y al cr\u00e9dito por parte de las v\u00edctimas para que puedan \u00abindependizarse de aquellas personas que las han sometido\u00bb.<br \/>\nAfirm\u00f3 que para erradicar ese flagelo \u00ablo m\u00e1s importante es que la educaci\u00f3n es parte del elemento fundamental\u00bb y se\u00f1al\u00f3 que \u00abnos enfrentamos a una dur\u00edsima realidad, ya que hay una v\u00edctima (mortal) cada 37 horas\u00bb.<\/p>\n<p>\u00abLlevamos a\u00f1os de que la violencia se reproduce y se potencia, y eso nos lleva a un estado de alienaci\u00f3n que no es el que nos permite construir, dar y compartir\u00bb, explic\u00f3.<\/p>\n<p>Michetti, quien habl\u00f3 previamente, dijo que la iniciativa \u00abempez\u00f3 siendo una necesidad y una demanda de la sociedad civil y ahora est\u00e1 siendo adoptada por toda la pol\u00edtica argentina\u00bb.<br \/>\nStanley, a su vez, resalt\u00f3 que \u00abeste plan nos permite ponernos en acci\u00f3n y dar respuestas concretas a algo que sufrimos las mujeres, pero que nos incluye a todos\u00bb.<\/p>\n<p>\u00abHab\u00eda una deuda con este plan que ahora estamos empezando a saldar porque el Presidente decidi\u00f3 que erradicar la violencia de g\u00e9nero contra las mujeres fuese una pol\u00edtica de Estado\u00bb, subray\u00f3.<\/p>\n<p>El Plan Nacional de Acci\u00f3n es una herramienta para sistematizar acciones y medidas a tomar, elaborar diagn\u00f3sticos, monitorear y evaluar el progreso y articular las l\u00edneas de acci\u00f3n con las provincias para alcanzar est\u00e1ndares de protecci\u00f3n y prevenci\u00f3n en todo el pa\u00eds.<\/p>\n<p>Incluye 69 medidas y 137 acciones para asistir integralmente a las mujeres en situaci\u00f3n de violencia, y establece adem\u00e1s la coordinaci\u00f3n constante con 50 instituciones y organismos p\u00fablicos, explic\u00f3 T\u00fa\u00f1ez.<\/p>\n<p>El objetivo es transformar la erradicaci\u00f3n de la violencia contra la mujer en una pol\u00edtica de Estado, para lo cual se convocar\u00e1 al trabajo conjunto de todos los poderes, las provincias, municipios, universidades, c\u00e1maras empresariales, sindicatos y organizaciones de la sociedad civil.<\/p>\n<p>El Poder Ejecutivo destinar\u00e1 750 millones de pesos entre 2017 y 2019 para cumplir con los objetivos fijados por la Ley 26.485 y responder a las obligaciones asumidas en los Tratados Internacionales de Derechos Humanos.<\/p>\n<p>Se realizar\u00e1n campa\u00f1as masivas de concientizaci\u00f3n sobre los derechos de las mujeres, y de difusi\u00f3n de la l\u00ednea 144 que brinda un servicio de informaci\u00f3n, orientaci\u00f3n y contenci\u00f3n nacional gratuito y disponible las 24 horas para dar asistencia en el momento frente a un cuadro de violencia.<\/p>\n<p>\u00abLlamen, conf\u00eden, denos la oportunidad de ayudarlas, porque realmente vamos a hacerlo bien y juntos vamos a sacarlas de esa situaci\u00f3n\u00bb, dijo Macri dirigi\u00e9ndose a aquellas personas que atraviesan por situaciones de violencia.<\/p>\n<p>Tambi\u00e9n se incorporar\u00e1 a la curr\u00edcula educativa de todos los niveles la perspectiva de g\u00e9nero y la tem\u00e1tica de la violencia, con el objetivo de revertir aquellos patrones culturales que naturalizan esos actos.<\/p>\n<p>\u00abNo nos tenemos que resignar a nada, si ponemos lo mejor de cada uno vamos a lograr una sociedad m\u00e1s igualitaria donde todos vamos a poder vivir en el amor y sin violencia\u00bb, subray\u00f3 Macri.<\/p>\n<p>El plan prev\u00e9 profundizar la contenci\u00f3n a las mujeres mediante atenci\u00f3n psicol\u00f3gica, asesoramiento jur\u00eddico y asistencia social, e impulsar la construcci\u00f3n de 36 nuevos hogares de la Red Nacional de Protecci\u00f3n Integral.<\/p>\n<p>Se implementar\u00e1n, adem\u00e1s, las tobilleras electr\u00f3nicas para garantizar que aquellas personas que recibieron una pena de restricci\u00f3n no violen la medida, en articulaci\u00f3n con los Ministerios de Seguridad y de Justicia.<\/p>\n<p>Por otro lado, se desarrollar\u00e1n servicios digitales de informaci\u00f3n y protecci\u00f3n para celulares, PC y tablets, en coordinaci\u00f3n con el Ministerio de Modernizaci\u00f3n.<\/p>\n<p>El Poder Ejecutivo nacional apoyar\u00e1 la creaci\u00f3n de \u00c1reas Mujer y Observatorios de G\u00e9nero en todo el pa\u00eds, y promover\u00e1 tareas de formaci\u00f3n sobre la prevenci\u00f3n de la violencia de g\u00e9nero que actualmente cobra la vida de una mujer cada 37 horas.<\/p>\n<p>Tambi\u00e9n se buscar\u00e1 fortalecer el sistema de estad\u00edsticas oficiales en ese sentido para que el Estado pueda brinde respuestas con m\u00e1s y mejor informaci\u00f3n.<\/p>\n<p>En 2015, el servicio de informaci\u00f3n (L\u00ednea 144) recibi\u00f3 un promedio de 300 llamadas por d\u00eda, de las cuales el 98,2 por ciento eran de mujeres; en el 87,3 por ciento de las comunicaciones el agresor era su pareja o ex pareja; en el 98,47 por ciento de las situaciones la violencia suced\u00eda dentro del hogar y en el 72,6 por ciento de los casos el tipo de violencia, adem\u00e1s de psicol\u00f3gica y simb\u00f3lica, era f\u00edsica.<\/p>\n","protected":false},"excerpt":{"rendered":"<p>&laquo;Tenemos que desterrar los patrones culturales que naturalizan la agresi&oacute;n a la mujer. Esto no es una tarea solo de un gobierno, sino de toda la sociedad&raquo;, afirm&oacute; el presidente, Mauricio Macri. Promueve campa&ntilde;as de concientizaci&oacute;n y educaci&oacute;n. El presidente Mauricio Macri lanz&oacute; hoy el Plan Nacional de Acci&oacute;n para la Prevenci&oacute;n, Asistencia y Erradicaci&oacute;n [&hellip;]<\/p>\n","protected":false},"author":2,"featured_media":0,"comment_status":"open","ping_status":"open","sticky":false,"template":"","format":"standard","meta":{"fifu_image_url":"","fifu_image_alt":"","footnotes":""},"categories":[7,16],"tags":[],"class_list":{"0":"post-17392","1":"post","2":"type-post","3":"status-publish","4":"format-standard","6":"category-nacionales","7":"category-politi"},"yoast_head":"<title>Macri present\u00f3 el Plan para la Erradicaci\u00f3n de la Violencia contra las Mujeres - Informe Litoral<\/title>\n<meta name=\"robots\" content=\"index, follow, max-snippet:-1, max-image-preview:large, max-video-preview:-1\" \/>\n<link rel=\"canonical\" href=\"https:\/\/informelitoral.com.ar\/macri-presento-el-plan-para-la-erradicacion-de-la-violencia-contra-las-mujeres\/\" \/>\n<meta property=\"og:locale\" content=\"es_ES\" \/>\n<meta property=\"og:type\" content=\"article\" \/>\n<meta property=\"og:title\" content=\"Macri present\u00f3 el Plan para la Erradicaci\u00f3n de la Violencia contra las Mujeres - Informe Litoral\" \/>\n<meta property=\"og:description\" content=\"&laquo;Tenemos que desterrar los patrones culturales que naturalizan la agresi&oacute;n a la mujer. Esto no es una tarea solo de un gobierno, sino de toda la sociedad&raquo;, afirm&oacute; el presidente, Mauricio Macri. Promueve campa&ntilde;as de concientizaci&oacute;n y educaci&oacute;n. El presidente Mauricio Macri lanz&oacute; hoy el Plan Nacional de Acci&oacute;n para la Prevenci&oacute;n, Asistencia y Erradicaci&oacute;n [&hellip;]\" \/>\n<meta property=\"og:url\" content=\"https:\/\/informelitoral.com.ar\/macri-presento-el-plan-para-la-erradicacion-de-la-violencia-contra-las-mujeres\/\" \/>\n<meta property=\"og:site_name\" content=\"Informe Litoral\" \/>\n<meta property=\"article:publisher\" content=\"https:\/\/www.facebook.com\/informelitoral\/\" \/>\n<meta property=\"article:published_time\" content=\"2016-07-26T20:40:09+00:00\" \/>\n<meta property=\"og:image\" content=\"https:\/\/informelitoral.com.ar\/%77%70%2d%63%6f%6e%74%65%6e%74\/uploads\/2016\/07\/o_1469559961.jpg\" \/>\n\t<meta property=\"og:image:width\" content=\"800\" \/>\n\t<meta property=\"og:image:height\" content=\"450\" \/>\n\t<meta property=\"og:image:type\" content=\"image\/jpeg\" \/>\n<meta name=\"author\" content=\"Gonzalo Schmidt\" \/>\n<meta name=\"twitter:card\" content=\"summary_large_image\" \/>\n<meta name=\"twitter:creator\" content=\"@InformeLitoral\" \/>\n<meta name=\"twitter:site\" content=\"@InformeLitoral\" \/>\n<meta name=\"twitter:label1\" content=\"Escrito por\" \/>\n\t<meta name=\"twitter:data1\" content=\"Gonzalo Schmidt\" \/>\n\t<meta name=\"twitter:label2\" content=\"Tiempo de lectura\" \/>\n\t<meta name=\"twitter:data2\" content=\"6 minutos\" \/>\n<script type=\"application\/ld+json\" class=\"yoast-schema-graph\">{\"@context\":\"https:\\\/\\\/schema.org\",\"@graph\":[{\"@type\":\"Article\",\"@id\":\"https:\\\/\\\/informelitoral.com.ar\\\/macri-presento-el-plan-para-la-erradicacion-de-la-violencia-contra-las-mujeres\\\/#article\",\"isPartOf\":{\"@id\":\"https:\\\/\\\/informelitoral.com.ar\\\/macri-presento-el-plan-para-la-erradicacion-de-la-violencia-contra-las-mujeres\\\/\"},\"author\":{\"name\":\"Gonzalo Schmidt\",\"@id\":\"https:\\\/\\\/informelitoral.com.ar\\\/#\\\/schema\\\/person\\\/b9d00407c836482871ef1d57bf8e3180\"},\"headline\":\"Macri present\u00f3 el Plan para la Erradicaci\u00f3n de la Violencia contra las Mujeres\",\"datePublished\":\"2016-07-26T20:40:09+00:00\",\"mainEntityOfPage\":{\"@id\":\"https:\\\/\\\/informelitoral.com.ar\\\/macri-presento-el-plan-para-la-erradicacion-de-la-violencia-contra-las-mujeres\\\/\"},\"wordCount\":1160,\"commentCount\":0,\"publisher\":{\"@id\":\"https:\\\/\\\/informelitoral.com.ar\\\/#organization\"},\"image\":{\"@id\":\"https:\\\/\\\/informelitoral.com.ar\\\/macri-presento-el-plan-para-la-erradicacion-de-la-violencia-contra-las-mujeres\\\/#primaryimage\"},\"thumbnailUrl\":\"http:\\\/\\\/www.isletasnoticias.com.ar\\\/%77%70%2d%63%6f%6e%74%65%6e%74\\\/uploads\\\/2016\\\/07\\\/o_1469559961.jpg\",\"articleSection\":[\"Nacionales\",\"Politica\"],\"inLanguage\":\"es\",\"potentialAction\":[{\"@type\":\"CommentAction\",\"name\":\"Comment\",\"target\":[\"https:\\\/\\\/informelitoral.com.ar\\\/macri-presento-el-plan-para-la-erradicacion-de-la-violencia-contra-las-mujeres\\\/#respond\"]}]},{\"@type\":\"WebPage\",\"@id\":\"https:\\\/\\\/informelitoral.com.ar\\\/macri-presento-el-plan-para-la-erradicacion-de-la-violencia-contra-las-mujeres\\\/\",\"url\":\"https:\\\/\\\/informelitoral.com.ar\\\/macri-presento-el-plan-para-la-erradicacion-de-la-violencia-contra-las-mujeres\\\/\",\"name\":\"Macri present\u00f3 el Plan para la Erradicaci\u00f3n de la Violencia contra las Mujeres - Informe Litoral\",\"isPartOf\":{\"@id\":\"https:\\\/\\\/informelitoral.com.ar\\\/#website\"},\"primaryImageOfPage\":{\"@id\":\"https:\\\/\\\/informelitoral.com.ar\\\/macri-presento-el-plan-para-la-erradicacion-de-la-violencia-contra-las-mujeres\\\/#primaryimage\"},\"image\":{\"@id\":\"https:\\\/\\\/informelitoral.com.ar\\\/macri-presento-el-plan-para-la-erradicacion-de-la-violencia-contra-las-mujeres\\\/#primaryimage\"},\"thumbnailUrl\":\"http:\\\/\\\/www.isletasnoticias.com.ar\\\/%77%70%2d%63%6f%6e%74%65%6e%74\\\/uploads\\\/2016\\\/07\\\/o_1469559961.jpg\",\"datePublished\":\"2016-07-26T20:40:09+00:00\",\"breadcrumb\":{\"@id\":\"https:\\\/\\\/informelitoral.com.ar\\\/macri-presento-el-plan-para-la-erradicacion-de-la-violencia-contra-las-mujeres\\\/#breadcrumb\"},\"inLanguage\":\"es\",\"potentialAction\":[{\"@type\":\"ReadAction\",\"target\":[\"https:\\\/\\\/informelitoral.com.ar\\\/macri-presento-el-plan-para-la-erradicacion-de-la-violencia-contra-las-mujeres\\\/\"]}]},{\"@type\":\"ImageObject\",\"inLanguage\":\"es\",\"@id\":\"https:\\\/\\\/informelitoral.com.ar\\\/macri-presento-el-plan-para-la-erradicacion-de-la-violencia-contra-las-mujeres\\\/#primaryimage\",\"url\":\"http:\\\/\\\/www.isletasnoticias.com.ar\\\/%77%70%2d%63%6f%6e%74%65%6e%74\\\/uploads\\\/2016\\\/07\\\/o_1469559961.jpg\",\"contentUrl\":\"http:\\\/\\\/www.isletasnoticias.com.ar\\\/%77%70%2d%63%6f%6e%74%65%6e%74\\\/uploads\\\/2016\\\/07\\\/o_1469559961.jpg\"},{\"@type\":\"BreadcrumbList\",\"@id\":\"https:\\\/\\\/informelitoral.com.ar\\\/macri-presento-el-plan-para-la-erradicacion-de-la-violencia-contra-las-mujeres\\\/#breadcrumb\",\"itemListElement\":[{\"@type\":\"ListItem\",\"position\":1,\"name\":\"Portada\",\"item\":\"https:\\\/\\\/informelitoral.com.ar\\\/\"},{\"@type\":\"ListItem\",\"position\":2,\"name\":\"Macri present\u00f3 el Plan para la Erradicaci\u00f3n de la Violencia contra las Mujeres\"}]},{\"@type\":\"WebSite\",\"@id\":\"https:\\\/\\\/informelitoral.com.ar\\\/#website\",\"url\":\"https:\\\/\\\/informelitoral.com.ar\\\/\",\"name\":\"Informe Litoral\",\"description\":\"&quot;Nos informamos&quot; \",\"publisher\":{\"@id\":\"https:\\\/\\\/informelitoral.com.ar\\\/#organization\"},\"potentialAction\":[{\"@type\":\"SearchAction\",\"target\":{\"@type\":\"EntryPoint\",\"urlTemplate\":\"https:\\\/\\\/informelitoral.com.ar\\\/?s={search_term_string}\"},\"query-input\":{\"@type\":\"PropertyValueSpecification\",\"valueRequired\":true,\"valueName\":\"search_term_string\"}}],\"inLanguage\":\"es\"},{\"@type\":\"Organization\",\"@id\":\"https:\\\/\\\/informelitoral.com.ar\\\/#organization\",\"name\":\"Informe Litoral\",\"url\":\"https:\\\/\\\/informelitoral.com.ar\\\/\",\"logo\":{\"@type\":\"ImageObject\",\"inLanguage\":\"es\",\"@id\":\"https:\\\/\\\/informelitoral.com.ar\\\/#\\\/schema\\\/logo\\\/image\\\/\",\"url\":\"https:\\\/\\\/informelitoral.com.ar\\\/%77%70%2d%63%6f%6e%74%65%6e%74\\\/uploads\\\/2021\\\/01\\\/circulo.png\",\"contentUrl\":\"https:\\\/\\\/informelitoral.com.ar\\\/%77%70%2d%63%6f%6e%74%65%6e%74\\\/uploads\\\/2021\\\/01\\\/circulo.png\",\"width\":723,\"height\":731,\"caption\":\"Informe Litoral\"},\"image\":{\"@id\":\"https:\\\/\\\/informelitoral.com.ar\\\/#\\\/schema\\\/logo\\\/image\\\/\"},\"sameAs\":[\"https:\\\/\\\/www.facebook.com\\\/informelitoral\\\/\",\"https:\\\/\\\/x.com\\\/InformeLitoral\",\"https:\\\/\\\/www.instagram.com\\\/informelitoral\\\/\",\"https:\\\/\\\/www.youtube.com\\\/channel\\\/UCua4Qvz8Icb6MYqhoq9xLXw\"]},{\"@type\":\"Person\",\"@id\":\"https:\\\/\\\/informelitoral.com.ar\\\/#\\\/schema\\\/person\\\/b9d00407c836482871ef1d57bf8e3180\",\"name\":\"Gonzalo Schmidt\",\"image\":{\"@type\":\"ImageObject\",\"inLanguage\":\"es\",\"@id\":\"https:\\\/\\\/secure.gravatar.com\\\/avatar\\\/31a1a7b66ff2de83bd0e9fd79d026630d2d99e55e8bfe501287647b4fd9743de?s=96&d=mm&r=g\",\"url\":\"https:\\\/\\\/secure.gravatar.com\\\/avatar\\\/31a1a7b66ff2de83bd0e9fd79d026630d2d99e55e8bfe501287647b4fd9743de?s=96&d=mm&r=g\",\"contentUrl\":\"https:\\\/\\\/secure.gravatar.com\\\/avatar\\\/31a1a7b66ff2de83bd0e9fd79d026630d2d99e55e8bfe501287647b4fd9743de?s=96&d=mm&r=g\",\"caption\":\"Gonzalo Schmidt\"},\"description\":\"Sitio web de noticias de la provincia de Entre R\u00edos, Argentina. Informaci\u00f3n y entretenimiento. Informe Litoral, nos informamos.\",\"sameAs\":[\"http:\\\/\\\/www.isletasnoticias.com.ar\"],\"url\":\"https:\\\/\\\/informelitoral.com.ar\\\/author\\\/gonzalo\\\/\"}]}<\/script>","yoast_head_json":{"title":"Macri present\u00f3 el Plan para la Erradicaci\u00f3n de la Violencia contra las Mujeres - Informe Litoral","robots":{"index":"index","follow":"follow","max-snippet":"max-snippet:-1","max-image-preview":"max-image-preview:large","max-video-preview":"max-video-preview:-1"},"canonical":"https:\/\/informelitoral.com.ar\/macri-presento-el-plan-para-la-erradicacion-de-la-violencia-contra-las-mujeres\/","og_locale":"es_ES","og_type":"article","og_title":"Macri present\u00f3 el Plan para la Erradicaci\u00f3n de la Violencia contra las Mujeres - Informe Litoral","og_description":"&laquo;Tenemos que desterrar los patrones culturales que naturalizan la agresi&oacute;n a la mujer. Esto no es una tarea solo de un gobierno, sino de toda la sociedad&raquo;, afirm&oacute; el presidente, Mauricio Macri. Promueve campa&ntilde;as de concientizaci&oacute;n y educaci&oacute;n. El presidente Mauricio Macri lanz&oacute; hoy el Plan Nacional de Acci&oacute;n para la Prevenci&oacute;n, Asistencia y Erradicaci&oacute;n [&hellip;]","og_url":"https:\/\/informelitoral.com.ar\/macri-presento-el-plan-para-la-erradicacion-de-la-violencia-contra-las-mujeres\/","og_site_name":"Informe Litoral","article_publisher":"https:\/\/www.facebook.com\/informelitoral\/","article_published_time":"2016-07-26T20:40:09+00:00","og_image":[{"width":800,"height":450,"url":"https:\/\/informelitoral.com.ar\/%77%70%2d%63%6f%6e%74%65%6e%74\/uploads\/2016\/07\/o_1469559961.jpg","type":"image\/jpeg"}],"author":"Gonzalo Schmidt","twitter_card":"summary_large_image","twitter_creator":"@InformeLitoral","twitter_site":"@InformeLitoral","twitter_misc":{"Escrito por":"Gonzalo Schmidt","Tiempo de lectura":"6 minutos"},"schema":{"@context":"https:\/\/schema.org","@graph":[{"@type":"Article","@id":"https:\/\/informelitoral.com.ar\/macri-presento-el-plan-para-la-erradicacion-de-la-violencia-contra-las-mujeres\/#article","isPartOf":{"@id":"https:\/\/informelitoral.com.ar\/macri-presento-el-plan-para-la-erradicacion-de-la-violencia-contra-las-mujeres\/"},"author":{"name":"Gonzalo Schmidt","@id":"https:\/\/informelitoral.com.ar\/#\/schema\/person\/b9d00407c836482871ef1d57bf8e3180"},"headline":"Macri present\u00f3 el Plan para la Erradicaci\u00f3n de la Violencia contra las Mujeres","datePublished":"2016-07-26T20:40:09+00:00","mainEntityOfPage":{"@id":"https:\/\/informelitoral.com.ar\/macri-presento-el-plan-para-la-erradicacion-de-la-violencia-contra-las-mujeres\/"},"wordCount":1160,"commentCount":0,"publisher":{"@id":"https:\/\/informelitoral.com.ar\/#organization"},"image":{"@id":"https:\/\/informelitoral.com.ar\/macri-presento-el-plan-para-la-erradicacion-de-la-violencia-contra-las-mujeres\/#primaryimage"},"thumbnailUrl":"http:\/\/www.isletasnoticias.com.ar\/%77%70%2d%63%6f%6e%74%65%6e%74\/uploads\/2016\/07\/o_1469559961.jpg","articleSection":["Nacionales","Politica"],"inLanguage":"es","potentialAction":[{"@type":"CommentAction","name":"Comment","target":["https:\/\/informelitoral.com.ar\/macri-presento-el-plan-para-la-erradicacion-de-la-violencia-contra-las-mujeres\/#respond"]}]},{"@type":"WebPage","@id":"https:\/\/informelitoral.com.ar\/macri-presento-el-plan-para-la-erradicacion-de-la-violencia-contra-las-mujeres\/","url":"https:\/\/informelitoral.com.ar\/macri-presento-el-plan-para-la-erradicacion-de-la-violencia-contra-las-mujeres\/","name":"Macri present\u00f3 el Plan para la Erradicaci\u00f3n de la Violencia contra las Mujeres - Informe Litoral","isPartOf":{"@id":"https:\/\/informelitoral.com.ar\/#website"},"primaryImageOfPage":{"@id":"https:\/\/informelitoral.com.ar\/macri-presento-el-plan-para-la-erradicacion-de-la-violencia-contra-las-mujeres\/#primaryimage"},"image":{"@id":"https:\/\/informelitoral.com.ar\/macri-presento-el-plan-para-la-erradicacion-de-la-violencia-contra-las-mujeres\/#primaryimage"},"thumbnailUrl":"http:\/\/www.isletasnoticias.com.ar\/%77%70%2d%63%6f%6e%74%65%6e%74\/uploads\/2016\/07\/o_1469559961.jpg","datePublished":"2016-07-26T20:40:09+00:00","breadcrumb":{"@id":"https:\/\/informelitoral.com.ar\/macri-presento-el-plan-para-la-erradicacion-de-la-violencia-contra-las-mujeres\/#breadcrumb"},"inLanguage":"es","potentialAction":[{"@type":"ReadAction","target":["https:\/\/informelitoral.com.ar\/macri-presento-el-plan-para-la-erradicacion-de-la-violencia-contra-las-mujeres\/"]}]},{"@type":"ImageObject","inLanguage":"es","@id":"https:\/\/informelitoral.com.ar\/macri-presento-el-plan-para-la-erradicacion-de-la-violencia-contra-las-mujeres\/#primaryimage","url":"http:\/\/www.isletasnoticias.com.ar\/%77%70%2d%63%6f%6e%74%65%6e%74\/uploads\/2016\/07\/o_1469559961.jpg","contentUrl":"http:\/\/www.isletasnoticias.com.ar\/%77%70%2d%63%6f%6e%74%65%6e%74\/uploads\/2016\/07\/o_1469559961.jpg"},{"@type":"BreadcrumbList","@id":"https:\/\/informelitoral.com.ar\/macri-presento-el-plan-para-la-erradicacion-de-la-violencia-contra-las-mujeres\/#breadcrumb","itemListElement":[{"@type":"ListItem","position":1,"name":"Portada","item":"https:\/\/informelitoral.com.ar\/"},{"@type":"ListItem","position":2,"name":"Macri present\u00f3 el Plan para la Erradicaci\u00f3n de la Violencia contra las Mujeres"}]},{"@type":"WebSite","@id":"https:\/\/informelitoral.com.ar\/#website","url":"https:\/\/informelitoral.com.ar\/","name":"Informe Litoral","description":"&quot;Nos informamos&quot; ","publisher":{"@id":"https:\/\/informelitoral.com.ar\/#organization"},"potentialAction":[{"@type":"SearchAction","target":{"@type":"EntryPoint","urlTemplate":"https:\/\/informelitoral.com.ar\/?s={search_term_string}"},"query-input":{"@type":"PropertyValueSpecification","valueRequired":true,"valueName":"search_term_string"}}],"inLanguage":"es"},{"@type":"Organization","@id":"https:\/\/informelitoral.com.ar\/#organization","name":"Informe Litoral","url":"https:\/\/informelitoral.com.ar\/","logo":{"@type":"ImageObject","inLanguage":"es","@id":"https:\/\/informelitoral.com.ar\/#\/schema\/logo\/image\/","url":"https:\/\/informelitoral.com.ar\/%77%70%2d%63%6f%6e%74%65%6e%74\/uploads\/2021\/01\/circulo.png","contentUrl":"https:\/\/informelitoral.com.ar\/%77%70%2d%63%6f%6e%74%65%6e%74\/uploads\/2021\/01\/circulo.png","width":723,"height":731,"caption":"Informe Litoral"},"image":{"@id":"https:\/\/informelitoral.com.ar\/#\/schema\/logo\/image\/"},"sameAs":["https:\/\/www.facebook.com\/informelitoral\/","https:\/\/x.com\/InformeLitoral","https:\/\/www.instagram.com\/informelitoral\/","https:\/\/www.youtube.com\/channel\/UCua4Qvz8Icb6MYqhoq9xLXw"]},{"@type":"Person","@id":"https:\/\/informelitoral.com.ar\/#\/schema\/person\/b9d00407c836482871ef1d57bf8e3180","name":"Gonzalo Schmidt","image":{"@type":"ImageObject","inLanguage":"es","@id":"https:\/\/secure.gravatar.com\/avatar\/31a1a7b66ff2de83bd0e9fd79d026630d2d99e55e8bfe501287647b4fd9743de?s=96&d=mm&r=g","url":"https:\/\/secure.gravatar.com\/avatar\/31a1a7b66ff2de83bd0e9fd79d026630d2d99e55e8bfe501287647b4fd9743de?s=96&d=mm&r=g","contentUrl":"https:\/\/secure.gravatar.com\/avatar\/31a1a7b66ff2de83bd0e9fd79d026630d2d99e55e8bfe501287647b4fd9743de?s=96&d=mm&r=g","caption":"Gonzalo Schmidt"},"description":"Sitio web de noticias de la provincia de Entre R\u00edos, Argentina. Informaci\u00f3n y entretenimiento. Informe Litoral, nos informamos.","sameAs":["http:\/\/www.isletasnoticias.com.ar"],"url":"https:\/\/informelitoral.com.ar\/author\/gonzalo\/"}]}},"_links":{"self":[{"href":"https:\/\/informelitoral.com.ar\/%77%70%2d%6a%73%6f%6e\/wp\/v2\/posts\/17392","targetHints":{"allow":["GET"]}}],"collection":[{"href":"https:\/\/informelitoral.com.ar\/%77%70%2d%6a%73%6f%6e\/wp\/v2\/posts"}],"about":[{"href":"https:\/\/informelitoral.com.ar\/%77%70%2d%6a%73%6f%6e\/wp\/v2\/types\/post"}],"author":[{"embeddable":true,"href":"https:\/\/informelitoral.com.ar\/%77%70%2d%6a%73%6f%6e\/wp\/v2\/users\/2"}],"replies":[{"embeddable":true,"href":"https:\/\/informelitoral.com.ar\/%77%70%2d%6a%73%6f%6e\/wp\/v2\/comments?post=17392"}],"version-history":[{"count":0,"href":"https:\/\/informelitoral.com.ar\/%77%70%2d%6a%73%6f%6e\/wp\/v2\/posts\/17392\/revisions"}],"wp:attachment":[{"href":"https:\/\/informelitoral.com.ar\/%77%70%2d%6a%73%6f%6e\/wp\/v2\/media?parent=17392"}],"wp:term":[{"taxonomy":"category","embeddable":true,"href":"https:\/\/informelitoral.com.ar\/%77%70%2d%6a%73%6f%6e\/wp\/v2\/categories?post=17392"},{"taxonomy":"post_tag","embeddable":true,"href":"https:\/\/informelitoral.com.ar\/%77%70%2d%6a%73%6f%6e\/wp\/v2\/tags?post=17392"}],"curies":[{"name":"wp","href":"https:\/\/api.w.org\/{rel}","templated":true}]}}