{"id":17388,"date":"2016-07-26T17:27:15","date_gmt":"2016-07-26T20:27:15","guid":{"rendered":"http:\/\/www.isletasnoticias.com.ar\/?p=17388"},"modified":"2016-07-26T17:31:53","modified_gmt":"2016-07-26T20:31:53","slug":"ramirez-se-presentara-el-programa-identidad-entrerriana","status":"publish","type":"post","link":"https:\/\/informelitoral.com.ar\/ramirez-se-presentara-el-programa-identidad-entrerriana\/","title":{"rendered":"Ram\u00edrez: se presentar\u00e1 el Programa Identidad Entrerriana"},"content":{"rendered":"<p><strong>Ser\u00e1 este jueves 28, \u00a0a partir de las 19.00 en la Casa Municipal de la Cultura. Disertar\u00e1 el <em>Lic. Carlos Mar\u00edn.<\/em> El programa bajo el lema \u00abHuellas Entrerrianas\u00bb &#8211; Bicentenario de la Independencia\u201d, depende del gobierno provincial y cuenta con el acompa\u00f1amiento del\u00a0Consejo Federal de Inversiones (CFI).<\/strong><\/p>\n<figure id=\"attachment_5694\" aria-describedby=\"caption-attachment-5694\" style=\"width: 557px\" class=\"wp-caption aligncenter\"><a href=\"http:\/\/www.isletasnoticias.com.ar\/%77%70%2d%63%6f%6e%74%65%6e%74\/uploads\/2014\/02\/casa_cultura.jpg\"><img loading=\"lazy\" decoding=\"async\" class=\"wp-image-5694 \" src=\"http:\/\/www.isletasnoticias.com.ar\/%77%70%2d%63%6f%6e%74%65%6e%74\/uploads\/2014\/02\/casa_cultura.jpg\" alt=\"casa_cultura\" width=\"557\" height=\"418\" srcset=\"https:\/\/informelitoral.com.ar\/%77%70%2d%63%6f%6e%74%65%6e%74\/uploads\/2014\/02\/casa_cultura.jpg 800w, https:\/\/informelitoral.com.ar\/%77%70%2d%63%6f%6e%74%65%6e%74\/uploads\/2014\/02\/casa_cultura-300x225.jpg 300w\" sizes=\"auto, (max-width: 557px) 100vw, 557px\" \/><\/a><figcaption id=\"caption-attachment-5694\" class=\"wp-caption-text\"><em><strong>Foto:<\/strong> El Programa Identidad Entrerriana se presentar\u00e1 este jueves a las 20 en la Casa de la Cultura. <\/em><\/figcaption><\/figure>\n<p>En el marco del Bicentenario de la Independencia, el pr\u00f3ximo jueves 28 de julio se presentar\u00e1 en General Ram\u00edrez, el ciclo Huellas Entrerrianas &#8211; Programa Identidad Entrerriana. La jornada comenzar\u00e1 a las 19.00 en la Casa Municipal de la Cultura con la disertaci\u00f3n del <strong>Lic. Carlos Mar\u00edn.<\/strong><\/p>\n<p>\u00abEl objetivo de estos encuentros es poder pensar sobre los dos siglos que han pasado desde 1816. En este sentido, se iniciar\u00e1 con un recorrido que desde el presente<span class=\"x_text_exposed_show\">\u00a0posibilite desandar un camino que conduzca hasta el per\u00edodo de Emancipaci\u00f3n, para regresar a la actualidad; pero con una mirada enriquecida con el aporte de elementos que permitan reflexionar, reconocernos y revalorizar lo que somos\u00bb, indica un texto enviado a la redacci\u00f3n de<strong><em> IN<\/em><\/strong> por parte del municipio.\u00a0<\/span><\/p>\n<div class=\"x_text_exposed_show\">\n<p><strong>Sobre el disertante:<\/strong><br \/>\nMar\u00edn es Licenciado en Comunicaci\u00f3n Social, con menci\u00f3n en Comunicaci\u00f3n Cultural, Educativa y Cient\u00edfica, graduado en la Facultad de Ciencias de la Educaci\u00f3n de la UNER. Es docente de la mencionada licenciatura y de la Licenciatura en Administraci\u00f3n P\u00fablica y Administraci\u00f3n de Empresas de la UADER y del Instituto Superior de Formaci\u00f3n Docente Cristo Redentor de Paran\u00e1.<\/p>\n<p>Adem\u00e1s, es autor de art\u00edculos editados en publicaciones universitarias y en revistas especializadas. Dentro de su campo profesional, se ha desempe\u00f1ado en medios gr\u00e1ficos, radiales y televisivos en Entre R\u00edos.<\/p>\n<\/div>\n","protected":false},"excerpt":{"rendered":"<p>Ser&aacute; este jueves 28, &nbsp;a partir de las 19.00 en la Casa Municipal de la Cultura. Disertar&aacute; el Lic. Carlos Mar&iacute;n. El programa bajo el lema &laquo;Huellas Entrerrianas&raquo; &ndash; Bicentenario de la Independencia&rdquo;, depende del gobierno provincial y cuenta con el acompa&ntilde;amiento del&nbsp;Consejo Federal de Inversiones (CFI). En el marco del Bicentenario de la Independencia, [&hellip;]<\/p>\n","protected":false},"author":2,"featured_media":0,"comment_status":"open","ping_status":"open","sticky":false,"template":"","format":"standard","meta":{"fifu_image_url":"","fifu_image_alt":"","footnotes":""},"categories":[5],"tags":[],"class_list":{"0":"post-17388","1":"post","2":"type-post","3":"status-publish","4":"format-standard","6":"category-zonales"},"yoast_head":"<title>Ram\u00edrez: se presentar\u00e1 el Programa Identidad Entrerriana - Informe Litoral<\/title>\n<meta name=\"robots\" content=\"index, follow, max-snippet:-1, max-image-preview:large, max-video-preview:-1\" \/>\n<link rel=\"canonical\" href=\"https:\/\/informelitoral.com.ar\/ramirez-se-presentara-el-programa-identidad-entrerriana\/\" \/>\n<meta property=\"og:locale\" content=\"es_ES\" \/>\n<meta property=\"og:type\" content=\"article\" \/>\n<meta property=\"og:title\" content=\"Ram\u00edrez: se presentar\u00e1 el Programa Identidad Entrerriana - Informe Litoral\" \/>\n<meta property=\"og:description\" content=\"Ser&aacute; este jueves 28, &nbsp;a partir de las 19.00 en la Casa Municipal de la Cultura. Disertar&aacute; el Lic. Carlos Mar&iacute;n. El programa bajo el lema &laquo;Huellas Entrerrianas&raquo; &ndash; Bicentenario de la Independencia&rdquo;, depende del gobierno provincial y cuenta con el acompa&ntilde;amiento del&nbsp;Consejo Federal de Inversiones (CFI). En el marco del Bicentenario de la Independencia, [&hellip;]\" \/>\n<meta property=\"og:url\" content=\"https:\/\/informelitoral.com.ar\/ramirez-se-presentara-el-programa-identidad-entrerriana\/\" \/>\n<meta property=\"og:site_name\" content=\"Informe Litoral\" \/>\n<meta property=\"article:publisher\" content=\"https:\/\/www.facebook.com\/informelitoral\/\" \/>\n<meta property=\"article:published_time\" content=\"2016-07-26T20:27:15+00:00\" \/>\n<meta property=\"article:modified_time\" content=\"2016-07-26T20:31:53+00:00\" \/>\n<meta property=\"og:image\" content=\"https:\/\/informelitoral.com.ar\/%77%70%2d%63%6f%6e%74%65%6e%74\/uploads\/2014\/02\/casa_cultura.jpg\" \/>\n\t<meta property=\"og:image:width\" content=\"800\" \/>\n\t<meta property=\"og:image:height\" content=\"600\" \/>\n\t<meta property=\"og:image:type\" content=\"image\/jpeg\" \/>\n<meta name=\"author\" content=\"Gonzalo Schmidt\" \/>\n<meta name=\"twitter:card\" content=\"summary_large_image\" \/>\n<meta name=\"twitter:creator\" content=\"@InformeLitoral\" \/>\n<meta name=\"twitter:site\" content=\"@InformeLitoral\" \/>\n<meta name=\"twitter:label1\" content=\"Escrito por\" \/>\n\t<meta name=\"twitter:data1\" content=\"Gonzalo Schmidt\" \/>\n\t<meta name=\"twitter:label2\" content=\"Tiempo de lectura\" \/>\n\t<meta name=\"twitter:data2\" content=\"2 minutos\" \/>\n<script type=\"application\/ld+json\" class=\"yoast-schema-graph\">{\"@context\":\"https:\\\/\\\/schema.org\",\"@graph\":[{\"@type\":\"Article\",\"@id\":\"https:\\\/\\\/informelitoral.com.ar\\\/ramirez-se-presentara-el-programa-identidad-entrerriana\\\/#article\",\"isPartOf\":{\"@id\":\"https:\\\/\\\/informelitoral.com.ar\\\/ramirez-se-presentara-el-programa-identidad-entrerriana\\\/\"},\"author\":{\"name\":\"Gonzalo Schmidt\",\"@id\":\"https:\\\/\\\/informelitoral.com.ar\\\/#\\\/schema\\\/person\\\/b9d00407c836482871ef1d57bf8e3180\"},\"headline\":\"Ram\u00edrez: se presentar\u00e1 el Programa Identidad Entrerriana\",\"datePublished\":\"2016-07-26T20:27:15+00:00\",\"dateModified\":\"2016-07-26T20:31:53+00:00\",\"mainEntityOfPage\":{\"@id\":\"https:\\\/\\\/informelitoral.com.ar\\\/ramirez-se-presentara-el-programa-identidad-entrerriana\\\/\"},\"wordCount\":313,\"commentCount\":0,\"publisher\":{\"@id\":\"https:\\\/\\\/informelitoral.com.ar\\\/#organization\"},\"image\":{\"@id\":\"https:\\\/\\\/informelitoral.com.ar\\\/ramirez-se-presentara-el-programa-identidad-entrerriana\\\/#primaryimage\"},\"thumbnailUrl\":\"http:\\\/\\\/www.isletasnoticias.com.ar\\\/%77%70%2d%63%6f%6e%74%65%6e%74\\\/uploads\\\/2014\\\/02\\\/casa_cultura.jpg\",\"articleSection\":[\"Departamento Diamante\"],\"inLanguage\":\"es\",\"potentialAction\":[{\"@type\":\"CommentAction\",\"name\":\"Comment\",\"target\":[\"https:\\\/\\\/informelitoral.com.ar\\\/ramirez-se-presentara-el-programa-identidad-entrerriana\\\/#respond\"]}]},{\"@type\":\"WebPage\",\"@id\":\"https:\\\/\\\/informelitoral.com.ar\\\/ramirez-se-presentara-el-programa-identidad-entrerriana\\\/\",\"url\":\"https:\\\/\\\/informelitoral.com.ar\\\/ramirez-se-presentara-el-programa-identidad-entrerriana\\\/\",\"name\":\"Ram\u00edrez: se presentar\u00e1 el Programa Identidad Entrerriana - Informe Litoral\",\"isPartOf\":{\"@id\":\"https:\\\/\\\/informelitoral.com.ar\\\/#website\"},\"primaryImageOfPage\":{\"@id\":\"https:\\\/\\\/informelitoral.com.ar\\\/ramirez-se-presentara-el-programa-identidad-entrerriana\\\/#primaryimage\"},\"image\":{\"@id\":\"https:\\\/\\\/informelitoral.com.ar\\\/ramirez-se-presentara-el-programa-identidad-entrerriana\\\/#primaryimage\"},\"thumbnailUrl\":\"http:\\\/\\\/www.isletasnoticias.com.ar\\\/%77%70%2d%63%6f%6e%74%65%6e%74\\\/uploads\\\/2014\\\/02\\\/casa_cultura.jpg\",\"datePublished\":\"2016-07-26T20:27:15+00:00\",\"dateModified\":\"2016-07-26T20:31:53+00:00\",\"breadcrumb\":{\"@id\":\"https:\\\/\\\/informelitoral.com.ar\\\/ramirez-se-presentara-el-programa-identidad-entrerriana\\\/#breadcrumb\"},\"inLanguage\":\"es\",\"potentialAction\":[{\"@type\":\"ReadAction\",\"target\":[\"https:\\\/\\\/informelitoral.com.ar\\\/ramirez-se-presentara-el-programa-identidad-entrerriana\\\/\"]}]},{\"@type\":\"ImageObject\",\"inLanguage\":\"es\",\"@id\":\"https:\\\/\\\/informelitoral.com.ar\\\/ramirez-se-presentara-el-programa-identidad-entrerriana\\\/#primaryimage\",\"url\":\"http:\\\/\\\/www.isletasnoticias.com.ar\\\/%77%70%2d%63%6f%6e%74%65%6e%74\\\/uploads\\\/2014\\\/02\\\/casa_cultura.jpg\",\"contentUrl\":\"http:\\\/\\\/www.isletasnoticias.com.ar\\\/%77%70%2d%63%6f%6e%74%65%6e%74\\\/uploads\\\/2014\\\/02\\\/casa_cultura.jpg\"},{\"@type\":\"BreadcrumbList\",\"@id\":\"https:\\\/\\\/informelitoral.com.ar\\\/ramirez-se-presentara-el-programa-identidad-entrerriana\\\/#breadcrumb\",\"itemListElement\":[{\"@type\":\"ListItem\",\"position\":1,\"name\":\"Portada\",\"item\":\"https:\\\/\\\/informelitoral.com.ar\\\/\"},{\"@type\":\"ListItem\",\"position\":2,\"name\":\"Ram\u00edrez: se presentar\u00e1 el Programa Identidad Entrerriana\"}]},{\"@type\":\"WebSite\",\"@id\":\"https:\\\/\\\/informelitoral.com.ar\\\/#website\",\"url\":\"https:\\\/\\\/informelitoral.com.ar\\\/\",\"name\":\"Informe Litoral\",\"description\":\"&quot;Nos informamos&quot; \",\"publisher\":{\"@id\":\"https:\\\/\\\/informelitoral.com.ar\\\/#organization\"},\"potentialAction\":[{\"@type\":\"SearchAction\",\"target\":{\"@type\":\"EntryPoint\",\"urlTemplate\":\"https:\\\/\\\/informelitoral.com.ar\\\/?s={search_term_string}\"},\"query-input\":{\"@type\":\"PropertyValueSpecification\",\"valueRequired\":true,\"valueName\":\"search_term_string\"}}],\"inLanguage\":\"es\"},{\"@type\":\"Organization\",\"@id\":\"https:\\\/\\\/informelitoral.com.ar\\\/#organization\",\"name\":\"Informe Litoral\",\"url\":\"https:\\\/\\\/informelitoral.com.ar\\\/\",\"logo\":{\"@type\":\"ImageObject\",\"inLanguage\":\"es\",\"@id\":\"https:\\\/\\\/informelitoral.com.ar\\\/#\\\/schema\\\/logo\\\/image\\\/\",\"url\":\"https:\\\/\\\/informelitoral.com.ar\\\/%77%70%2d%63%6f%6e%74%65%6e%74\\\/uploads\\\/2021\\\/01\\\/circulo.png\",\"contentUrl\":\"https:\\\/\\\/informelitoral.com.ar\\\/%77%70%2d%63%6f%6e%74%65%6e%74\\\/uploads\\\/2021\\\/01\\\/circulo.png\",\"width\":723,\"height\":731,\"caption\":\"Informe Litoral\"},\"image\":{\"@id\":\"https:\\\/\\\/informelitoral.com.ar\\\/#\\\/schema\\\/logo\\\/image\\\/\"},\"sameAs\":[\"https:\\\/\\\/www.facebook.com\\\/informelitoral\\\/\",\"https:\\\/\\\/x.com\\\/InformeLitoral\",\"https:\\\/\\\/www.instagram.com\\\/informelitoral\\\/\",\"https:\\\/\\\/www.youtube.com\\\/channel\\\/UCua4Qvz8Icb6MYqhoq9xLXw\"]},{\"@type\":\"Person\",\"@id\":\"https:\\\/\\\/informelitoral.com.ar\\\/#\\\/schema\\\/person\\\/b9d00407c836482871ef1d57bf8e3180\",\"name\":\"Gonzalo Schmidt\",\"image\":{\"@type\":\"ImageObject\",\"inLanguage\":\"es\",\"@id\":\"https:\\\/\\\/secure.gravatar.com\\\/avatar\\\/31a1a7b66ff2de83bd0e9fd79d026630d2d99e55e8bfe501287647b4fd9743de?s=96&d=mm&r=g\",\"url\":\"https:\\\/\\\/secure.gravatar.com\\\/avatar\\\/31a1a7b66ff2de83bd0e9fd79d026630d2d99e55e8bfe501287647b4fd9743de?s=96&d=mm&r=g\",\"contentUrl\":\"https:\\\/\\\/secure.gravatar.com\\\/avatar\\\/31a1a7b66ff2de83bd0e9fd79d026630d2d99e55e8bfe501287647b4fd9743de?s=96&d=mm&r=g\",\"caption\":\"Gonzalo Schmidt\"},\"description\":\"Sitio web de noticias de la provincia de Entre R\u00edos, Argentina. Informaci\u00f3n y entretenimiento. Informe Litoral, nos informamos.\",\"sameAs\":[\"http:\\\/\\\/www.isletasnoticias.com.ar\"],\"url\":\"https:\\\/\\\/informelitoral.com.ar\\\/author\\\/gonzalo\\\/\"}]}<\/script>","yoast_head_json":{"title":"Ram\u00edrez: se presentar\u00e1 el Programa Identidad Entrerriana - Informe Litoral","robots":{"index":"index","follow":"follow","max-snippet":"max-snippet:-1","max-image-preview":"max-image-preview:large","max-video-preview":"max-video-preview:-1"},"canonical":"https:\/\/informelitoral.com.ar\/ramirez-se-presentara-el-programa-identidad-entrerriana\/","og_locale":"es_ES","og_type":"article","og_title":"Ram\u00edrez: se presentar\u00e1 el Programa Identidad Entrerriana - Informe Litoral","og_description":"Ser&aacute; este jueves 28, &nbsp;a partir de las 19.00 en la Casa Municipal de la Cultura. Disertar&aacute; el Lic. Carlos Mar&iacute;n. El programa bajo el lema &laquo;Huellas Entrerrianas&raquo; &ndash; Bicentenario de la Independencia&rdquo;, depende del gobierno provincial y cuenta con el acompa&ntilde;amiento del&nbsp;Consejo Federal de Inversiones (CFI). En el marco del Bicentenario de la Independencia, [&hellip;]","og_url":"https:\/\/informelitoral.com.ar\/ramirez-se-presentara-el-programa-identidad-entrerriana\/","og_site_name":"Informe Litoral","article_publisher":"https:\/\/www.facebook.com\/informelitoral\/","article_published_time":"2016-07-26T20:27:15+00:00","article_modified_time":"2016-07-26T20:31:53+00:00","og_image":[{"width":800,"height":600,"url":"https:\/\/informelitoral.com.ar\/%77%70%2d%63%6f%6e%74%65%6e%74\/uploads\/2014\/02\/casa_cultura.jpg","type":"image\/jpeg"}],"author":"Gonzalo Schmidt","twitter_card":"summary_large_image","twitter_creator":"@InformeLitoral","twitter_site":"@InformeLitoral","twitter_misc":{"Escrito por":"Gonzalo Schmidt","Tiempo de lectura":"2 minutos"},"schema":{"@context":"https:\/\/schema.org","@graph":[{"@type":"Article","@id":"https:\/\/informelitoral.com.ar\/ramirez-se-presentara-el-programa-identidad-entrerriana\/#article","isPartOf":{"@id":"https:\/\/informelitoral.com.ar\/ramirez-se-presentara-el-programa-identidad-entrerriana\/"},"author":{"name":"Gonzalo Schmidt","@id":"https:\/\/informelitoral.com.ar\/#\/schema\/person\/b9d00407c836482871ef1d57bf8e3180"},"headline":"Ram\u00edrez: se presentar\u00e1 el Programa Identidad Entrerriana","datePublished":"2016-07-26T20:27:15+00:00","dateModified":"2016-07-26T20:31:53+00:00","mainEntityOfPage":{"@id":"https:\/\/informelitoral.com.ar\/ramirez-se-presentara-el-programa-identidad-entrerriana\/"},"wordCount":313,"commentCount":0,"publisher":{"@id":"https:\/\/informelitoral.com.ar\/#organization"},"image":{"@id":"https:\/\/informelitoral.com.ar\/ramirez-se-presentara-el-programa-identidad-entrerriana\/#primaryimage"},"thumbnailUrl":"http:\/\/www.isletasnoticias.com.ar\/%77%70%2d%63%6f%6e%74%65%6e%74\/uploads\/2014\/02\/casa_cultura.jpg","articleSection":["Departamento Diamante"],"inLanguage":"es","potentialAction":[{"@type":"CommentAction","name":"Comment","target":["https:\/\/informelitoral.com.ar\/ramirez-se-presentara-el-programa-identidad-entrerriana\/#respond"]}]},{"@type":"WebPage","@id":"https:\/\/informelitoral.com.ar\/ramirez-se-presentara-el-programa-identidad-entrerriana\/","url":"https:\/\/informelitoral.com.ar\/ramirez-se-presentara-el-programa-identidad-entrerriana\/","name":"Ram\u00edrez: se presentar\u00e1 el Programa Identidad Entrerriana - Informe Litoral","isPartOf":{"@id":"https:\/\/informelitoral.com.ar\/#website"},"primaryImageOfPage":{"@id":"https:\/\/informelitoral.com.ar\/ramirez-se-presentara-el-programa-identidad-entrerriana\/#primaryimage"},"image":{"@id":"https:\/\/informelitoral.com.ar\/ramirez-se-presentara-el-programa-identidad-entrerriana\/#primaryimage"},"thumbnailUrl":"http:\/\/www.isletasnoticias.com.ar\/%77%70%2d%63%6f%6e%74%65%6e%74\/uploads\/2014\/02\/casa_cultura.jpg","datePublished":"2016-07-26T20:27:15+00:00","dateModified":"2016-07-26T20:31:53+00:00","breadcrumb":{"@id":"https:\/\/informelitoral.com.ar\/ramirez-se-presentara-el-programa-identidad-entrerriana\/#breadcrumb"},"inLanguage":"es","potentialAction":[{"@type":"ReadAction","target":["https:\/\/informelitoral.com.ar\/ramirez-se-presentara-el-programa-identidad-entrerriana\/"]}]},{"@type":"ImageObject","inLanguage":"es","@id":"https:\/\/informelitoral.com.ar\/ramirez-se-presentara-el-programa-identidad-entrerriana\/#primaryimage","url":"http:\/\/www.isletasnoticias.com.ar\/%77%70%2d%63%6f%6e%74%65%6e%74\/uploads\/2014\/02\/casa_cultura.jpg","contentUrl":"http:\/\/www.isletasnoticias.com.ar\/%77%70%2d%63%6f%6e%74%65%6e%74\/uploads\/2014\/02\/casa_cultura.jpg"},{"@type":"BreadcrumbList","@id":"https:\/\/informelitoral.com.ar\/ramirez-se-presentara-el-programa-identidad-entrerriana\/#breadcrumb","itemListElement":[{"@type":"ListItem","position":1,"name":"Portada","item":"https:\/\/informelitoral.com.ar\/"},{"@type":"ListItem","position":2,"name":"Ram\u00edrez: se presentar\u00e1 el Programa Identidad Entrerriana"}]},{"@type":"WebSite","@id":"https:\/\/informelitoral.com.ar\/#website","url":"https:\/\/informelitoral.com.ar\/","name":"Informe Litoral","description":"&quot;Nos informamos&quot; ","publisher":{"@id":"https:\/\/informelitoral.com.ar\/#organization"},"potentialAction":[{"@type":"SearchAction","target":{"@type":"EntryPoint","urlTemplate":"https:\/\/informelitoral.com.ar\/?s={search_term_string}"},"query-input":{"@type":"PropertyValueSpecification","valueRequired":true,"valueName":"search_term_string"}}],"inLanguage":"es"},{"@type":"Organization","@id":"https:\/\/informelitoral.com.ar\/#organization","name":"Informe Litoral","url":"https:\/\/informelitoral.com.ar\/","logo":{"@type":"ImageObject","inLanguage":"es","@id":"https:\/\/informelitoral.com.ar\/#\/schema\/logo\/image\/","url":"https:\/\/informelitoral.com.ar\/%77%70%2d%63%6f%6e%74%65%6e%74\/uploads\/2021\/01\/circulo.png","contentUrl":"https:\/\/informelitoral.com.ar\/%77%70%2d%63%6f%6e%74%65%6e%74\/uploads\/2021\/01\/circulo.png","width":723,"height":731,"caption":"Informe Litoral"},"image":{"@id":"https:\/\/informelitoral.com.ar\/#\/schema\/logo\/image\/"},"sameAs":["https:\/\/www.facebook.com\/informelitoral\/","https:\/\/x.com\/InformeLitoral","https:\/\/www.instagram.com\/informelitoral\/","https:\/\/www.youtube.com\/channel\/UCua4Qvz8Icb6MYqhoq9xLXw"]},{"@type":"Person","@id":"https:\/\/informelitoral.com.ar\/#\/schema\/person\/b9d00407c836482871ef1d57bf8e3180","name":"Gonzalo Schmidt","image":{"@type":"ImageObject","inLanguage":"es","@id":"https:\/\/secure.gravatar.com\/avatar\/31a1a7b66ff2de83bd0e9fd79d026630d2d99e55e8bfe501287647b4fd9743de?s=96&d=mm&r=g","url":"https:\/\/secure.gravatar.com\/avatar\/31a1a7b66ff2de83bd0e9fd79d026630d2d99e55e8bfe501287647b4fd9743de?s=96&d=mm&r=g","contentUrl":"https:\/\/secure.gravatar.com\/avatar\/31a1a7b66ff2de83bd0e9fd79d026630d2d99e55e8bfe501287647b4fd9743de?s=96&d=mm&r=g","caption":"Gonzalo Schmidt"},"description":"Sitio web de noticias de la provincia de Entre R\u00edos, Argentina. Informaci\u00f3n y entretenimiento. Informe Litoral, nos informamos.","sameAs":["http:\/\/www.isletasnoticias.com.ar"],"url":"https:\/\/informelitoral.com.ar\/author\/gonzalo\/"}]}},"_links":{"self":[{"href":"https:\/\/informelitoral.com.ar\/%77%70%2d%6a%73%6f%6e\/wp\/v2\/posts\/17388","targetHints":{"allow":["GET"]}}],"collection":[{"href":"https:\/\/informelitoral.com.ar\/%77%70%2d%6a%73%6f%6e\/wp\/v2\/posts"}],"about":[{"href":"https:\/\/informelitoral.com.ar\/%77%70%2d%6a%73%6f%6e\/wp\/v2\/types\/post"}],"author":[{"embeddable":true,"href":"https:\/\/informelitoral.com.ar\/%77%70%2d%6a%73%6f%6e\/wp\/v2\/users\/2"}],"replies":[{"embeddable":true,"href":"https:\/\/informelitoral.com.ar\/%77%70%2d%6a%73%6f%6e\/wp\/v2\/comments?post=17388"}],"version-history":[{"count":0,"href":"https:\/\/informelitoral.com.ar\/%77%70%2d%6a%73%6f%6e\/wp\/v2\/posts\/17388\/revisions"}],"wp:attachment":[{"href":"https:\/\/informelitoral.com.ar\/%77%70%2d%6a%73%6f%6e\/wp\/v2\/media?parent=17388"}],"wp:term":[{"taxonomy":"category","embeddable":true,"href":"https:\/\/informelitoral.com.ar\/%77%70%2d%6a%73%6f%6e\/wp\/v2\/categories?post=17388"},{"taxonomy":"post_tag","embeddable":true,"href":"https:\/\/informelitoral.com.ar\/%77%70%2d%6a%73%6f%6e\/wp\/v2\/tags?post=17388"}],"curies":[{"name":"wp","href":"https:\/\/api.w.org\/{rel}","templated":true}]}}