{"id":17385,"date":"2016-07-26T08:22:21","date_gmt":"2016-07-26T11:22:21","guid":{"rendered":"http:\/\/www.isletasnoticias.com.ar\/?p=17385"},"modified":"2016-07-26T08:22:21","modified_gmt":"2016-07-26T11:22:21","slug":"por-que-el-aceite-es-cada-vez-mas-caro-y-los-supermercados-empezaron-a-racionarlo","status":"publish","type":"post","link":"https:\/\/informelitoral.com.ar\/por-que-el-aceite-es-cada-vez-mas-caro-y-los-supermercados-empezaron-a-racionarlo\/","title":{"rendered":"Por qu\u00e9 el aceite es cada vez m\u00e1s caro y los supermercados empezaron a racionarlo"},"content":{"rendered":"<p><strong>La explicaci\u00f3n detr\u00e1s de la fuerte suba de ese producto. \u00bfHay escasez o retenci\u00f3n de stock?<a href=\"http:\/\/www.isletasnoticias.com.ar\/%77%70%2d%63%6f%6e%74%65%6e%74\/uploads\/2016\/07\/descarga-12.jpg\"><img loading=\"lazy\" decoding=\"async\" class=\"aligncenter wp-image-17386 size-full\" src=\"http:\/\/www.isletasnoticias.com.ar\/%77%70%2d%63%6f%6e%74%65%6e%74\/uploads\/2016\/07\/descarga-12.jpg\" alt=\"descarga\" width=\"600\" height=\"337\" srcset=\"https:\/\/informelitoral.com.ar\/%77%70%2d%63%6f%6e%74%65%6e%74\/uploads\/2016\/07\/descarga-12.jpg 600w, https:\/\/informelitoral.com.ar\/%77%70%2d%63%6f%6e%74%65%6e%74\/uploads\/2016\/07\/descarga-12-300x169.jpg 300w\" sizes=\"auto, (max-width: 600px) 100vw, 600px\" \/><\/a><\/strong><\/p>\n<div class=\"row\">\n<div class=\" col-md-offset-1 col-md-10 col-xs-12 col-print-12\">\n<p class=\"element element-paragraph\"><strong>En junio se autoriz\u00f3 el primer aumento de precios de 20%, en julio se intensific\u00f3 a 25% y desde el inicio de agosto ser\u00e1 de otro 30 por ciento<\/strong>.<\/p>\n<\/div>\n<\/div>\n<div class=\"row\">\n<div class=\" col-md-offset-1 col-md-10 col-xs-12 col-print-12\">\n<p class=\"element element-paragraph\">En s\u00f3lo tres meses un componente importante en la canasta de hogares habr\u00e1 acumulado un encarecimiento de 95%, esto es virtualmente se duplic\u00f3, y no guarda relaci\u00f3n con la tasa de inflaci\u00f3n, y menos a\u00fan con la variaci\u00f3n de los costos de producci\u00f3n.<\/p>\n<\/div>\n<\/div>\n<div class=\"row\">\n<div class=\" col-md-offset-1 col-md-10 col-xs-12 col-print-12\">\n<p class=\"element element-paragraph\">Las raz\u00f3n de semejante aumento de precios para el segmento de los aceites de girasol, mezcla y de soja, que <strong>en la industria aseguran que representan no m\u00e1s del 20% del total del consumo de aceites comestibles<\/strong>, obedece a la ca\u00edda de un acuerdo que existi\u00f3 desde 2008 hasta fines de 2015 entre el Gobierno nacional y la industria aceitera argentina de asegurar un cupo fijo de venta para consumo y otro tanto para la exportaci\u00f3n, para esas variedades, por el cual se manten\u00eda congelado el precio final.<\/p>\n<p class=\"element element-paragraph\">Las nuevas autoridades de Cambiemos recibieron esa herencia y decidieron prorrogar el r\u00e9gimen, por cinco meses, pero desde junio acord\u00f3 con \u00a0la industria la liberaci\u00f3n gradual del precio al mercado final, con la autorizaci\u00f3n de tres aumentos escalonados que comenz\u00f3 con el 20% en el primer mes; 25% en julio y 30% desde el 1 de agosto pr\u00f3ximo.<\/p>\n<p class=\"element element-paragraph\">De ah\u00ed que, como ha ocurrido en los dos meses previos,<strong> el p\u00fablico multiplic\u00f3 su demanda a d\u00edas del nuevo ajuste,<\/strong> al punto que \u00aben algunos casos se registraron en dos d\u00edas ventas por el equivalente a lo que normalmente se despacha en poco m\u00e1s de siete\u00bb, dijo a <strong>Infobae<\/strong> Juan Vasco Mart\u00ednez, director ejecutivo de la Asociaci\u00f3n Supermercados Unidos.<\/p>\n<p class=\"element element-paragraph\">Ante semejante estampida de la b\u00fasqueda de las familias de los aceites de girasol, mezcla y soja, en esas l\u00edneas<span class=\"body-text-highlight\"> \u00abalgunos establecimientos debieron imponer cupos de ventas por cliente de hasta dos unidades de producto, para asegurarle la provisi\u00f3n a todos, porque no es intenci\u00f3n retener la mercader\u00eda\u00bb<\/span>, asegur\u00f3 el dirigente mercantil.<\/p>\n<div class=\"row\">\n<div class=\" col-md-offset-1 col-md-10 col-xs-12 col-print-12\">\n<p class=\"element element-paragraph\"><strong>-\u00bfHay escasez de oferta, o se est\u00e1 reteniendo producto a la espera de la remarcaci\u00f3n de precios?<\/strong><\/p>\n<\/div>\n<\/div>\n<div class=\"row\">\n<div class=\" col-md-offset-1 col-md-10 col-xs-12 col-print-12\">\n<p class=\"element element-paragraph\">-Juan Vasco Mart\u00ednez. Claramente hay escasez de producto, porque el <strong>acuerdo que se hab\u00eda firmado entre el Gobierno y la industria a fines de 2008 se fij\u00f3 en cantidades fijas, pero desde entonces no s\u00f3lo aument\u00f3 el consumo de un producto con precios regulados, sino que adem\u00e1s se expandieron todas las cadenas de supermercados<\/strong>, pero siguieron recibieron lo mismo para repartir entre m\u00e1s bocas.<\/p>\n<\/div>\n<\/div>\n<div class=\"row\">\n<div class=\" col-md-offset-1 col-md-10 col-xs-12 col-print-12\">\n<p class=\"element element-paragraph\"><strong>-\u00bfEsa restricci\u00f3n explica que se est\u00e9 frente a situaciones de cupos de ventas de hasta dos unidades de los aceites de girasol, mezclas y de soja?<\/strong><\/p>\n<\/div>\n<\/div>\n<div class=\"row\">\n<div class=\" col-md-offset-1 col-md-10 col-xs-12 col-print-12\">\n<p class=\"element element-paragraph\">-S\u00ed, pero en el caso de los socios e integrantes de ASU, que representan el 70% de la oferta total de las cadenas de supermercados, <strong>el racionamiento de las entregas se hace para asegurar la oferta a la mayor cantidad de clientes, sin ning\u00fan tipo de condicionamiento.<\/strong> Aunque hemos observado en otras cadenas no adheridas, y en peque\u00f1os locales del interior del pa\u00eds, que se avanz\u00f3 con las restricciones de ventas con la condici\u00f3n de compra de otros productos, como fideos o latas de tomates de empresas vinculadas.<\/p>\n<div class=\"row\">\n<div class=\" col-md-offset-1 col-md-10 col-xs-12 col-print-12\">\n<p class=\"element element-paragraph\"><strong>Defensa del Consumidor prev\u00e9 penalizar a quien condicione la venta del aceite a la compra de otro producto.<\/strong><\/p>\n<\/div>\n<\/div>\n<div class=\"row\">\n<div class=\" col-md-offset-1 col-md-10 col-xs-12 col-print-12\">\n<p class=\"element element-paragraph\">La Direcci\u00f3n Nacional de Defensa del Consumidor comunic\u00f3 que realizar\u00e1 mayores controles en todas las jurisdicciones del pa\u00eds en busca de detectar pr\u00e1cticas comerciales ilegales<span class=\"body-text-highlight\">\u00abporque se han identificado comercios en distintos puntos del pa\u00eds que ofrecen productos con venta supeditada a la compra de otro producto\u00bb<\/span>.<\/p>\n<\/div>\n<\/div>\n<div class=\"row\">\n<div class=\" col-md-offset-1 col-md-10 col-xs-12 col-print-12\">\n<p class=\"element element-paragraph\">Ante esta situaci\u00f3n, la Direcci\u00f3n Nacional de Defensa del Consumidor aclar\u00f3 que <span class=\"body-text-highlight\">\u00abla venta de un producto no puede estar supeditada a la compra de otro. La venta atada, que en los comercios se formaliza con un producto que obliga a comprar otro, es una pr\u00e1ctica comercial ilegal que viola la Ley de Defensa del Consumidor y la Ley de Lealtad Comercial\u00bb<\/span>.<\/p>\n<\/div>\n<\/div>\n<div class=\"row\">\n<div class=\" col-md-offset-1 col-md-10 col-xs-12 col-print-12\">\n<p class=\"element element-paragraph\">Y agrega, como servicio a las familias que \u00abante irregularidades en comercios,<strong> comunicarse con la l\u00ednea de consultas y reclamos de la Direcci\u00f3n Nacional de Defensa del Consumidor al 0-800-666-1518<\/strong> (l\u00ednea gratuita) o en las oficinas provinciales de cada jurisdicci\u00f3n\u00bb.<\/p>\n<\/div>\n<\/div>\n<div class=\"row\">\n<div class=\" col-md-offset-1 col-md-10 col-xs-12 col-print-12\">\n<p class=\"element element-paragraph\"><strong>Expectativa de normalizaci\u00f3n de los mercados<\/strong><\/p>\n<\/div>\n<\/div>\n<div class=\"row\">\n<div class=\" col-md-offset-1 col-md-10 col-xs-12 col-print-12\">\n<p class=\"element element-paragraph\">Con la eliminaci\u00f3n de las retenciones a la mayor parte de la producci\u00f3n agr\u00edcola, y baja gradual para el caso de la soja, junto a un r\u00e9gimen de tipo de cambio libre, se espera en la industria que tender\u00e1 a normalizarse la oferta y el consumo de aceites comestibles de girasol, mezcla y soja, el cual se estima que representa el 20% del total del rubro.<\/p>\n<\/div>\n<\/div>\n<div class=\"row\">\n<div class=\" col-md-offset-1 col-md-10 col-xs-12 col-print-12\">\n<p class=\"element element-paragraph\"><strong>ASU es la entidad que nuclea a las cadenas de supermercados m\u00e1s grandes del pa\u00eds<\/strong>, que representan el 70% del total, entre los que se destacan como socios fundadores: La Genovesa Supermercados, Supermercados Toledo, Coto CICSA, Supermercados Mas, Supermercado Zeta, Josimar S.A., Sociedad An\u00f3nima Importadora y Exportadora de la Patagonia (La An\u00f3nima), Wal-Mart Argentina, Supermercados La Econom\u00eda, H\u00edper Chascomus, Jumbo Retail Argentina, Gayma SRL, Mill\u00e1n S.A. (\u00c1tomo), Libertad S.A. e incluye asociados como Carrefour Argentina, D\u00eda Argentina S.A., Supermercados El Nene, Cadena Dar, Supermercados CLC, Supermercados Malambo, Supermercados Monarca, Supermercados La Reina, Supermercados Yaguane, Cordiez, La Gallega Supermercados, entre otros. (Por <em>Daniel Sticco<\/em>\u00a0para <em>Infobae<\/em>)<\/p>\n<\/div>\n<\/div>\n<\/div>\n<\/div>\n<\/div>\n<\/div>\n","protected":false},"excerpt":{"rendered":"<p>La explicaci&oacute;n detr&aacute;s de la fuerte suba de ese producto. &iquest;Hay escasez o retenci&oacute;n de stock? En junio se autoriz&oacute; el primer aumento de precios de 20%, en julio se intensific&oacute; a 25% y desde el inicio de agosto ser&aacute; de otro 30 por ciento. En s&oacute;lo tres meses un componente importante en la canasta [&hellip;]<\/p>\n","protected":false},"author":2,"featured_media":0,"comment_status":"open","ping_status":"open","sticky":false,"template":"","format":"standard","meta":{"fifu_image_url":"","fifu_image_alt":"","footnotes":""},"categories":[7],"tags":[],"class_list":{"0":"post-17385","1":"post","2":"type-post","3":"status-publish","4":"format-standard","6":"category-nacionales"},"yoast_head":"<title>Por qu\u00e9 el aceite es cada vez m\u00e1s caro y los supermercados empezaron a racionarlo - Informe Litoral<\/title>\n<meta name=\"robots\" content=\"index, follow, max-snippet:-1, max-image-preview:large, max-video-preview:-1\" \/>\n<link rel=\"canonical\" href=\"https:\/\/informelitoral.com.ar\/por-que-el-aceite-es-cada-vez-mas-caro-y-los-supermercados-empezaron-a-racionarlo\/\" \/>\n<meta property=\"og:locale\" content=\"es_ES\" \/>\n<meta property=\"og:type\" content=\"article\" \/>\n<meta property=\"og:title\" content=\"Por qu\u00e9 el aceite es cada vez m\u00e1s caro y los supermercados empezaron a racionarlo - Informe Litoral\" \/>\n<meta property=\"og:description\" content=\"La explicaci&oacute;n detr&aacute;s de la fuerte suba de ese producto. &iquest;Hay escasez o retenci&oacute;n de stock? En junio se autoriz&oacute; el primer aumento de precios de 20%, en julio se intensific&oacute; a 25% y desde el inicio de agosto ser&aacute; de otro 30 por ciento. En s&oacute;lo tres meses un componente importante en la canasta [&hellip;]\" \/>\n<meta property=\"og:url\" content=\"https:\/\/informelitoral.com.ar\/por-que-el-aceite-es-cada-vez-mas-caro-y-los-supermercados-empezaron-a-racionarlo\/\" \/>\n<meta property=\"og:site_name\" content=\"Informe Litoral\" \/>\n<meta property=\"article:publisher\" content=\"https:\/\/www.facebook.com\/informelitoral\/\" \/>\n<meta property=\"article:published_time\" content=\"2016-07-26T11:22:21+00:00\" \/>\n<meta property=\"og:image\" content=\"https:\/\/informelitoral.com.ar\/%77%70%2d%63%6f%6e%74%65%6e%74\/uploads\/2016\/07\/descarga-12.jpg\" \/>\n\t<meta property=\"og:image:width\" content=\"600\" \/>\n\t<meta property=\"og:image:height\" content=\"337\" \/>\n\t<meta property=\"og:image:type\" content=\"image\/jpeg\" \/>\n<meta name=\"author\" content=\"Gonzalo Schmidt\" \/>\n<meta name=\"twitter:card\" content=\"summary_large_image\" \/>\n<meta name=\"twitter:creator\" content=\"@InformeLitoral\" \/>\n<meta name=\"twitter:site\" content=\"@InformeLitoral\" \/>\n<meta name=\"twitter:label1\" content=\"Escrito por\" \/>\n\t<meta name=\"twitter:data1\" content=\"Gonzalo Schmidt\" \/>\n\t<meta name=\"twitter:label2\" content=\"Tiempo de lectura\" \/>\n\t<meta name=\"twitter:data2\" content=\"5 minutos\" \/>\n<script type=\"application\/ld+json\" class=\"yoast-schema-graph\">{\"@context\":\"https:\\\/\\\/schema.org\",\"@graph\":[{\"@type\":\"Article\",\"@id\":\"https:\\\/\\\/informelitoral.com.ar\\\/por-que-el-aceite-es-cada-vez-mas-caro-y-los-supermercados-empezaron-a-racionarlo\\\/#article\",\"isPartOf\":{\"@id\":\"https:\\\/\\\/informelitoral.com.ar\\\/por-que-el-aceite-es-cada-vez-mas-caro-y-los-supermercados-empezaron-a-racionarlo\\\/\"},\"author\":{\"name\":\"Gonzalo Schmidt\",\"@id\":\"https:\\\/\\\/informelitoral.com.ar\\\/#\\\/schema\\\/person\\\/b9d00407c836482871ef1d57bf8e3180\"},\"headline\":\"Por qu\u00e9 el aceite es cada vez m\u00e1s caro y los supermercados empezaron a racionarlo\",\"datePublished\":\"2016-07-26T11:22:21+00:00\",\"mainEntityOfPage\":{\"@id\":\"https:\\\/\\\/informelitoral.com.ar\\\/por-que-el-aceite-es-cada-vez-mas-caro-y-los-supermercados-empezaron-a-racionarlo\\\/\"},\"wordCount\":958,\"commentCount\":0,\"publisher\":{\"@id\":\"https:\\\/\\\/informelitoral.com.ar\\\/#organization\"},\"image\":{\"@id\":\"https:\\\/\\\/informelitoral.com.ar\\\/por-que-el-aceite-es-cada-vez-mas-caro-y-los-supermercados-empezaron-a-racionarlo\\\/#primaryimage\"},\"thumbnailUrl\":\"http:\\\/\\\/www.isletasnoticias.com.ar\\\/%77%70%2d%63%6f%6e%74%65%6e%74\\\/uploads\\\/2016\\\/07\\\/descarga-12.jpg\",\"articleSection\":[\"Nacionales\"],\"inLanguage\":\"es\",\"potentialAction\":[{\"@type\":\"CommentAction\",\"name\":\"Comment\",\"target\":[\"https:\\\/\\\/informelitoral.com.ar\\\/por-que-el-aceite-es-cada-vez-mas-caro-y-los-supermercados-empezaron-a-racionarlo\\\/#respond\"]}]},{\"@type\":\"WebPage\",\"@id\":\"https:\\\/\\\/informelitoral.com.ar\\\/por-que-el-aceite-es-cada-vez-mas-caro-y-los-supermercados-empezaron-a-racionarlo\\\/\",\"url\":\"https:\\\/\\\/informelitoral.com.ar\\\/por-que-el-aceite-es-cada-vez-mas-caro-y-los-supermercados-empezaron-a-racionarlo\\\/\",\"name\":\"Por qu\u00e9 el aceite es cada vez m\u00e1s caro y los supermercados empezaron a racionarlo - Informe Litoral\",\"isPartOf\":{\"@id\":\"https:\\\/\\\/informelitoral.com.ar\\\/#website\"},\"primaryImageOfPage\":{\"@id\":\"https:\\\/\\\/informelitoral.com.ar\\\/por-que-el-aceite-es-cada-vez-mas-caro-y-los-supermercados-empezaron-a-racionarlo\\\/#primaryimage\"},\"image\":{\"@id\":\"https:\\\/\\\/informelitoral.com.ar\\\/por-que-el-aceite-es-cada-vez-mas-caro-y-los-supermercados-empezaron-a-racionarlo\\\/#primaryimage\"},\"thumbnailUrl\":\"http:\\\/\\\/www.isletasnoticias.com.ar\\\/%77%70%2d%63%6f%6e%74%65%6e%74\\\/uploads\\\/2016\\\/07\\\/descarga-12.jpg\",\"datePublished\":\"2016-07-26T11:22:21+00:00\",\"breadcrumb\":{\"@id\":\"https:\\\/\\\/informelitoral.com.ar\\\/por-que-el-aceite-es-cada-vez-mas-caro-y-los-supermercados-empezaron-a-racionarlo\\\/#breadcrumb\"},\"inLanguage\":\"es\",\"potentialAction\":[{\"@type\":\"ReadAction\",\"target\":[\"https:\\\/\\\/informelitoral.com.ar\\\/por-que-el-aceite-es-cada-vez-mas-caro-y-los-supermercados-empezaron-a-racionarlo\\\/\"]}]},{\"@type\":\"ImageObject\",\"inLanguage\":\"es\",\"@id\":\"https:\\\/\\\/informelitoral.com.ar\\\/por-que-el-aceite-es-cada-vez-mas-caro-y-los-supermercados-empezaron-a-racionarlo\\\/#primaryimage\",\"url\":\"http:\\\/\\\/www.isletasnoticias.com.ar\\\/%77%70%2d%63%6f%6e%74%65%6e%74\\\/uploads\\\/2016\\\/07\\\/descarga-12.jpg\",\"contentUrl\":\"http:\\\/\\\/www.isletasnoticias.com.ar\\\/%77%70%2d%63%6f%6e%74%65%6e%74\\\/uploads\\\/2016\\\/07\\\/descarga-12.jpg\"},{\"@type\":\"BreadcrumbList\",\"@id\":\"https:\\\/\\\/informelitoral.com.ar\\\/por-que-el-aceite-es-cada-vez-mas-caro-y-los-supermercados-empezaron-a-racionarlo\\\/#breadcrumb\",\"itemListElement\":[{\"@type\":\"ListItem\",\"position\":1,\"name\":\"Portada\",\"item\":\"https:\\\/\\\/informelitoral.com.ar\\\/\"},{\"@type\":\"ListItem\",\"position\":2,\"name\":\"Por qu\u00e9 el aceite es cada vez m\u00e1s caro y los supermercados empezaron a racionarlo\"}]},{\"@type\":\"WebSite\",\"@id\":\"https:\\\/\\\/informelitoral.com.ar\\\/#website\",\"url\":\"https:\\\/\\\/informelitoral.com.ar\\\/\",\"name\":\"Informe Litoral\",\"description\":\"&quot;Nos informamos&quot; \",\"publisher\":{\"@id\":\"https:\\\/\\\/informelitoral.com.ar\\\/#organization\"},\"potentialAction\":[{\"@type\":\"SearchAction\",\"target\":{\"@type\":\"EntryPoint\",\"urlTemplate\":\"https:\\\/\\\/informelitoral.com.ar\\\/?s={search_term_string}\"},\"query-input\":{\"@type\":\"PropertyValueSpecification\",\"valueRequired\":true,\"valueName\":\"search_term_string\"}}],\"inLanguage\":\"es\"},{\"@type\":\"Organization\",\"@id\":\"https:\\\/\\\/informelitoral.com.ar\\\/#organization\",\"name\":\"Informe Litoral\",\"url\":\"https:\\\/\\\/informelitoral.com.ar\\\/\",\"logo\":{\"@type\":\"ImageObject\",\"inLanguage\":\"es\",\"@id\":\"https:\\\/\\\/informelitoral.com.ar\\\/#\\\/schema\\\/logo\\\/image\\\/\",\"url\":\"https:\\\/\\\/informelitoral.com.ar\\\/%77%70%2d%63%6f%6e%74%65%6e%74\\\/uploads\\\/2021\\\/01\\\/circulo.png\",\"contentUrl\":\"https:\\\/\\\/informelitoral.com.ar\\\/%77%70%2d%63%6f%6e%74%65%6e%74\\\/uploads\\\/2021\\\/01\\\/circulo.png\",\"width\":723,\"height\":731,\"caption\":\"Informe Litoral\"},\"image\":{\"@id\":\"https:\\\/\\\/informelitoral.com.ar\\\/#\\\/schema\\\/logo\\\/image\\\/\"},\"sameAs\":[\"https:\\\/\\\/www.facebook.com\\\/informelitoral\\\/\",\"https:\\\/\\\/x.com\\\/InformeLitoral\",\"https:\\\/\\\/www.instagram.com\\\/informelitoral\\\/\",\"https:\\\/\\\/www.youtube.com\\\/channel\\\/UCua4Qvz8Icb6MYqhoq9xLXw\"]},{\"@type\":\"Person\",\"@id\":\"https:\\\/\\\/informelitoral.com.ar\\\/#\\\/schema\\\/person\\\/b9d00407c836482871ef1d57bf8e3180\",\"name\":\"Gonzalo Schmidt\",\"image\":{\"@type\":\"ImageObject\",\"inLanguage\":\"es\",\"@id\":\"https:\\\/\\\/secure.gravatar.com\\\/avatar\\\/31a1a7b66ff2de83bd0e9fd79d026630d2d99e55e8bfe501287647b4fd9743de?s=96&d=mm&r=g\",\"url\":\"https:\\\/\\\/secure.gravatar.com\\\/avatar\\\/31a1a7b66ff2de83bd0e9fd79d026630d2d99e55e8bfe501287647b4fd9743de?s=96&d=mm&r=g\",\"contentUrl\":\"https:\\\/\\\/secure.gravatar.com\\\/avatar\\\/31a1a7b66ff2de83bd0e9fd79d026630d2d99e55e8bfe501287647b4fd9743de?s=96&d=mm&r=g\",\"caption\":\"Gonzalo Schmidt\"},\"description\":\"Sitio web de noticias de la provincia de Entre R\u00edos, Argentina. Informaci\u00f3n y entretenimiento. Informe Litoral, nos informamos.\",\"sameAs\":[\"http:\\\/\\\/www.isletasnoticias.com.ar\"],\"url\":\"https:\\\/\\\/informelitoral.com.ar\\\/author\\\/gonzalo\\\/\"}]}<\/script>","yoast_head_json":{"title":"Por qu\u00e9 el aceite es cada vez m\u00e1s caro y los supermercados empezaron a racionarlo - Informe Litoral","robots":{"index":"index","follow":"follow","max-snippet":"max-snippet:-1","max-image-preview":"max-image-preview:large","max-video-preview":"max-video-preview:-1"},"canonical":"https:\/\/informelitoral.com.ar\/por-que-el-aceite-es-cada-vez-mas-caro-y-los-supermercados-empezaron-a-racionarlo\/","og_locale":"es_ES","og_type":"article","og_title":"Por qu\u00e9 el aceite es cada vez m\u00e1s caro y los supermercados empezaron a racionarlo - Informe Litoral","og_description":"La explicaci&oacute;n detr&aacute;s de la fuerte suba de ese producto. &iquest;Hay escasez o retenci&oacute;n de stock? En junio se autoriz&oacute; el primer aumento de precios de 20%, en julio se intensific&oacute; a 25% y desde el inicio de agosto ser&aacute; de otro 30 por ciento. En s&oacute;lo tres meses un componente importante en la canasta [&hellip;]","og_url":"https:\/\/informelitoral.com.ar\/por-que-el-aceite-es-cada-vez-mas-caro-y-los-supermercados-empezaron-a-racionarlo\/","og_site_name":"Informe Litoral","article_publisher":"https:\/\/www.facebook.com\/informelitoral\/","article_published_time":"2016-07-26T11:22:21+00:00","og_image":[{"width":600,"height":337,"url":"https:\/\/informelitoral.com.ar\/%77%70%2d%63%6f%6e%74%65%6e%74\/uploads\/2016\/07\/descarga-12.jpg","type":"image\/jpeg"}],"author":"Gonzalo Schmidt","twitter_card":"summary_large_image","twitter_creator":"@InformeLitoral","twitter_site":"@InformeLitoral","twitter_misc":{"Escrito por":"Gonzalo Schmidt","Tiempo de lectura":"5 minutos"},"schema":{"@context":"https:\/\/schema.org","@graph":[{"@type":"Article","@id":"https:\/\/informelitoral.com.ar\/por-que-el-aceite-es-cada-vez-mas-caro-y-los-supermercados-empezaron-a-racionarlo\/#article","isPartOf":{"@id":"https:\/\/informelitoral.com.ar\/por-que-el-aceite-es-cada-vez-mas-caro-y-los-supermercados-empezaron-a-racionarlo\/"},"author":{"name":"Gonzalo Schmidt","@id":"https:\/\/informelitoral.com.ar\/#\/schema\/person\/b9d00407c836482871ef1d57bf8e3180"},"headline":"Por qu\u00e9 el aceite es cada vez m\u00e1s caro y los supermercados empezaron a racionarlo","datePublished":"2016-07-26T11:22:21+00:00","mainEntityOfPage":{"@id":"https:\/\/informelitoral.com.ar\/por-que-el-aceite-es-cada-vez-mas-caro-y-los-supermercados-empezaron-a-racionarlo\/"},"wordCount":958,"commentCount":0,"publisher":{"@id":"https:\/\/informelitoral.com.ar\/#organization"},"image":{"@id":"https:\/\/informelitoral.com.ar\/por-que-el-aceite-es-cada-vez-mas-caro-y-los-supermercados-empezaron-a-racionarlo\/#primaryimage"},"thumbnailUrl":"http:\/\/www.isletasnoticias.com.ar\/%77%70%2d%63%6f%6e%74%65%6e%74\/uploads\/2016\/07\/descarga-12.jpg","articleSection":["Nacionales"],"inLanguage":"es","potentialAction":[{"@type":"CommentAction","name":"Comment","target":["https:\/\/informelitoral.com.ar\/por-que-el-aceite-es-cada-vez-mas-caro-y-los-supermercados-empezaron-a-racionarlo\/#respond"]}]},{"@type":"WebPage","@id":"https:\/\/informelitoral.com.ar\/por-que-el-aceite-es-cada-vez-mas-caro-y-los-supermercados-empezaron-a-racionarlo\/","url":"https:\/\/informelitoral.com.ar\/por-que-el-aceite-es-cada-vez-mas-caro-y-los-supermercados-empezaron-a-racionarlo\/","name":"Por qu\u00e9 el aceite es cada vez m\u00e1s caro y los supermercados empezaron a racionarlo - Informe Litoral","isPartOf":{"@id":"https:\/\/informelitoral.com.ar\/#website"},"primaryImageOfPage":{"@id":"https:\/\/informelitoral.com.ar\/por-que-el-aceite-es-cada-vez-mas-caro-y-los-supermercados-empezaron-a-racionarlo\/#primaryimage"},"image":{"@id":"https:\/\/informelitoral.com.ar\/por-que-el-aceite-es-cada-vez-mas-caro-y-los-supermercados-empezaron-a-racionarlo\/#primaryimage"},"thumbnailUrl":"http:\/\/www.isletasnoticias.com.ar\/%77%70%2d%63%6f%6e%74%65%6e%74\/uploads\/2016\/07\/descarga-12.jpg","datePublished":"2016-07-26T11:22:21+00:00","breadcrumb":{"@id":"https:\/\/informelitoral.com.ar\/por-que-el-aceite-es-cada-vez-mas-caro-y-los-supermercados-empezaron-a-racionarlo\/#breadcrumb"},"inLanguage":"es","potentialAction":[{"@type":"ReadAction","target":["https:\/\/informelitoral.com.ar\/por-que-el-aceite-es-cada-vez-mas-caro-y-los-supermercados-empezaron-a-racionarlo\/"]}]},{"@type":"ImageObject","inLanguage":"es","@id":"https:\/\/informelitoral.com.ar\/por-que-el-aceite-es-cada-vez-mas-caro-y-los-supermercados-empezaron-a-racionarlo\/#primaryimage","url":"http:\/\/www.isletasnoticias.com.ar\/%77%70%2d%63%6f%6e%74%65%6e%74\/uploads\/2016\/07\/descarga-12.jpg","contentUrl":"http:\/\/www.isletasnoticias.com.ar\/%77%70%2d%63%6f%6e%74%65%6e%74\/uploads\/2016\/07\/descarga-12.jpg"},{"@type":"BreadcrumbList","@id":"https:\/\/informelitoral.com.ar\/por-que-el-aceite-es-cada-vez-mas-caro-y-los-supermercados-empezaron-a-racionarlo\/#breadcrumb","itemListElement":[{"@type":"ListItem","position":1,"name":"Portada","item":"https:\/\/informelitoral.com.ar\/"},{"@type":"ListItem","position":2,"name":"Por qu\u00e9 el aceite es cada vez m\u00e1s caro y los supermercados empezaron a racionarlo"}]},{"@type":"WebSite","@id":"https:\/\/informelitoral.com.ar\/#website","url":"https:\/\/informelitoral.com.ar\/","name":"Informe Litoral","description":"&quot;Nos informamos&quot; ","publisher":{"@id":"https:\/\/informelitoral.com.ar\/#organization"},"potentialAction":[{"@type":"SearchAction","target":{"@type":"EntryPoint","urlTemplate":"https:\/\/informelitoral.com.ar\/?s={search_term_string}"},"query-input":{"@type":"PropertyValueSpecification","valueRequired":true,"valueName":"search_term_string"}}],"inLanguage":"es"},{"@type":"Organization","@id":"https:\/\/informelitoral.com.ar\/#organization","name":"Informe Litoral","url":"https:\/\/informelitoral.com.ar\/","logo":{"@type":"ImageObject","inLanguage":"es","@id":"https:\/\/informelitoral.com.ar\/#\/schema\/logo\/image\/","url":"https:\/\/informelitoral.com.ar\/%77%70%2d%63%6f%6e%74%65%6e%74\/uploads\/2021\/01\/circulo.png","contentUrl":"https:\/\/informelitoral.com.ar\/%77%70%2d%63%6f%6e%74%65%6e%74\/uploads\/2021\/01\/circulo.png","width":723,"height":731,"caption":"Informe Litoral"},"image":{"@id":"https:\/\/informelitoral.com.ar\/#\/schema\/logo\/image\/"},"sameAs":["https:\/\/www.facebook.com\/informelitoral\/","https:\/\/x.com\/InformeLitoral","https:\/\/www.instagram.com\/informelitoral\/","https:\/\/www.youtube.com\/channel\/UCua4Qvz8Icb6MYqhoq9xLXw"]},{"@type":"Person","@id":"https:\/\/informelitoral.com.ar\/#\/schema\/person\/b9d00407c836482871ef1d57bf8e3180","name":"Gonzalo Schmidt","image":{"@type":"ImageObject","inLanguage":"es","@id":"https:\/\/secure.gravatar.com\/avatar\/31a1a7b66ff2de83bd0e9fd79d026630d2d99e55e8bfe501287647b4fd9743de?s=96&d=mm&r=g","url":"https:\/\/secure.gravatar.com\/avatar\/31a1a7b66ff2de83bd0e9fd79d026630d2d99e55e8bfe501287647b4fd9743de?s=96&d=mm&r=g","contentUrl":"https:\/\/secure.gravatar.com\/avatar\/31a1a7b66ff2de83bd0e9fd79d026630d2d99e55e8bfe501287647b4fd9743de?s=96&d=mm&r=g","caption":"Gonzalo Schmidt"},"description":"Sitio web de noticias de la provincia de Entre R\u00edos, Argentina. Informaci\u00f3n y entretenimiento. Informe Litoral, nos informamos.","sameAs":["http:\/\/www.isletasnoticias.com.ar"],"url":"https:\/\/informelitoral.com.ar\/author\/gonzalo\/"}]}},"_links":{"self":[{"href":"https:\/\/informelitoral.com.ar\/%77%70%2d%6a%73%6f%6e\/wp\/v2\/posts\/17385","targetHints":{"allow":["GET"]}}],"collection":[{"href":"https:\/\/informelitoral.com.ar\/%77%70%2d%6a%73%6f%6e\/wp\/v2\/posts"}],"about":[{"href":"https:\/\/informelitoral.com.ar\/%77%70%2d%6a%73%6f%6e\/wp\/v2\/types\/post"}],"author":[{"embeddable":true,"href":"https:\/\/informelitoral.com.ar\/%77%70%2d%6a%73%6f%6e\/wp\/v2\/users\/2"}],"replies":[{"embeddable":true,"href":"https:\/\/informelitoral.com.ar\/%77%70%2d%6a%73%6f%6e\/wp\/v2\/comments?post=17385"}],"version-history":[{"count":0,"href":"https:\/\/informelitoral.com.ar\/%77%70%2d%6a%73%6f%6e\/wp\/v2\/posts\/17385\/revisions"}],"wp:attachment":[{"href":"https:\/\/informelitoral.com.ar\/%77%70%2d%6a%73%6f%6e\/wp\/v2\/media?parent=17385"}],"wp:term":[{"taxonomy":"category","embeddable":true,"href":"https:\/\/informelitoral.com.ar\/%77%70%2d%6a%73%6f%6e\/wp\/v2\/categories?post=17385"},{"taxonomy":"post_tag","embeddable":true,"href":"https:\/\/informelitoral.com.ar\/%77%70%2d%6a%73%6f%6e\/wp\/v2\/tags?post=17385"}],"curies":[{"name":"wp","href":"https:\/\/api.w.org\/{rel}","templated":true}]}}