{"id":17382,"date":"2016-07-26T08:15:19","date_gmt":"2016-07-26T11:15:19","guid":{"rendered":"http:\/\/www.isletasnoticias.com.ar\/?p=17382"},"modified":"2016-07-26T08:15:19","modified_gmt":"2016-07-26T11:15:19","slug":"segundo-dia-de-paro-el-gobierno-afirma-que-dio-respuestas-concretas-a-demandas-de-docentes","status":"publish","type":"post","link":"https:\/\/informelitoral.com.ar\/segundo-dia-de-paro-el-gobierno-afirma-que-dio-respuestas-concretas-a-demandas-de-docentes\/","title":{"rendered":"Segundo d\u00eda de paro: el gobierno afirma que dio \u00abrespuestas concretas a demandas\u00bb de docentes"},"content":{"rendered":"<p><strong>El presidente del Consejo de Educaci\u00f3n de Entre R\u00edos, dijo que el acuerdo salarial concretado en marzo sigue vigente. Explic\u00f3 por qu\u00e9 no dictaron la conciliaci\u00f3n y adelant\u00f3 que por el ahora no hay previstas nuevas reuniones con el gremio.<a href=\"http:\/\/www.isletasnoticias.com.ar\/%77%70%2d%63%6f%6e%74%65%6e%74\/uploads\/2016\/07\/o_1469437716.jpg\"><img loading=\"lazy\" decoding=\"async\" class=\"aligncenter wp-image-17383 size-full\" src=\"http:\/\/www.isletasnoticias.com.ar\/%77%70%2d%63%6f%6e%74%65%6e%74\/uploads\/2016\/07\/o_1469437716.jpg\" alt=\"o_1469437716\" width=\"640\" height=\"360\" srcset=\"https:\/\/informelitoral.com.ar\/%77%70%2d%63%6f%6e%74%65%6e%74\/uploads\/2016\/07\/o_1469437716.jpg 640w, https:\/\/informelitoral.com.ar\/%77%70%2d%63%6f%6e%74%65%6e%74\/uploads\/2016\/07\/o_1469437716-300x169.jpg 300w\" sizes=\"auto, (max-width: 640px) 100vw, 640px\" \/><\/a><\/strong><\/p>\n<p>El presidente del Consejo General de Educaci\u00f3n opin\u00f3 sobre la decisi\u00f3n de Agmer de realizar un paro de actividades: \u00abLa verdad que me sorprendi\u00f3 porque todav\u00eda estamos dentro de lo establecido en el acuerdo firmado en marzo\u00bb.<\/p>\n<p>Interrogado acerca de por qu\u00e9 no dictaron la conciliaci\u00f3n si consideran que el paro no tiene raz\u00f3n de ser, <strong>Jos\u00e9 Luis Panozzo<\/strong> respondi\u00f3: \u00abNo quer\u00edamos judicializar el conflicto, pero que quede claro que cumplimos con todo lo acordado\u00bb.<\/p>\n<p>Tambi\u00e9n dijo que tras la medida de paro dispuesta, por el momento no hay previstas reuniones con el sindicato docente.<\/p>\n<p>Luego el funcionario insisti\u00f3 en que la suba salarial acordada a principios de a\u00f1o sigue vigente: \u00abTenemos vigente un acuerdo concretado en sede judicial en marzo, donde el Gobierno provincial estableci\u00f3 un aumento promedio del 37 por ciento\u00bb, dijo y sostuvo que \u00abel segundo tramo de ese aumento (que ronda el 13 por ciento) se percibe con los haberes del mes en curso, a pagar en agosto\u00bb.<\/p>\n<p>\u00abEn este sentido, el Gobierno provincial ha venido cumpliendo con lo establecido en el acuerdo salarial\u00bb, se\u00f1al\u00f3, al tiempo que destac\u00f3 que tambi\u00e9n se respondi\u00f3 al pedido de audiencia que hicieron los sindicatos docentes y, en este marco, el mi\u00e9rcoles pasado fueron recibidos por el Gobierno: all\u00ed se inform\u00f3 que una vez finalizada la paritaria estatal, se iba a volver a convocarlos para dar una respuesta y\/o propuesta\u00bb al pedio de recomposici\u00f3n que vienen pidiendo.<\/p>\n<p>Luego Panozzo destac\u00f3 que \u00abadem\u00e1s de cumplir con lo salarial, el Gobierno cumpli\u00f3 en otros aspectos con demandas presentadas por el sector docente\u00bb.<\/p>\n<p>En este sentido, enumer\u00f3: \u00abUna de las demandas m\u00e1s recurrentes era sobre el tema transporte escolar. En este marco, se ha saldado la deuda 2015 y hoy se est\u00e1 al d\u00eda con el 2016, garantizando el transporte escolar a todos los alumnos de la zona rural que lo necesitan\u00bb.<\/p>\n<p>\u00abPor otro lado, hace varios a\u00f1os que se ven\u00edan demandado motores para la lanchas del departamento Islas, y se compraron\u00bb, resalt\u00f3, al tiempo que tambi\u00e9n hizo menci\u00f3n a que \u00abdespu\u00e9s de ocho a\u00f1os, el CGE ha emitido y puesto en vigencia m\u00e1s de 65 mil credenciales de puntaje para el nivel secundario\u00bb.<\/p>\n<p>Record\u00f3 que otra de las demandas de los docentes ten\u00eda que ver con la realizaci\u00f3n de concursos para cubrir los cargos de supervisores de los distintos de los distintos niveles y modalidades: \u00ab\u00c9stos se han cubierto en su totalidad, mediante los \u00f3rdenes de m\u00e9rito correspondientes y de acuerdo a los listados vigentes que tiene el CGE\u00bb, inform\u00f3.<\/p>\n<p>Luego destac\u00f3 el avance en la conformaci\u00f3n de la comisi\u00f3n que trabajar\u00e1 en las modificaciones a la norma concursal e hizo hincapi\u00e9 en el funcionamiento de la comisi\u00f3n de viviendas: \u00abSe han entregado cientos de viviendas para los trabajadores de la educaci\u00f3n y otras est\u00e1n en ejecuci\u00f3n\u00bb.<\/p>\n<p>\u00abPodr\u00eda seguir enumerando todos los puntos. Este Gobierno encabezado por Gustavo Bordet desde el \u00ab10 de diciembre a la fecha ha dado se\u00f1ales de respuestas concretas a las demandas hist\u00f3ricas de los trabajadores de la educaci\u00f3n\u00bb, subray\u00f3 luego Jos\u00e9 Luis Panozzo en declaraciones a<em> APF, <\/em>seg\u00fan reprodujo<em> Elonce.com.<\/em><\/p>\n<p>Finalmente reconoci\u00f3 que \u00abhay cosas que faltan\u00bb y admiti\u00f3 que \u00abel proceso inflacionario fue m\u00e1s amplio del esperado\u00bb, pero asegur\u00f3: \u00abHay un Gobierno que ha manifestado la voluntad del dialogo y de ir encontrando consensos a partir de las diferencias\u00bb.<\/p>\n","protected":false},"excerpt":{"rendered":"<p>El presidente del Consejo de Educaci&oacute;n de Entre R&iacute;os, dijo que el acuerdo salarial concretado en marzo sigue vigente. Explic&oacute; por qu&eacute; no dictaron la conciliaci&oacute;n y adelant&oacute; que por el ahora no hay previstas nuevas reuniones con el gremio. El presidente del Consejo General de Educaci&oacute;n opin&oacute; sobre la decisi&oacute;n de Agmer de realizar [&hellip;]<\/p>\n","protected":false},"author":2,"featured_media":0,"comment_status":"open","ping_status":"open","sticky":false,"template":"","format":"standard","meta":{"fifu_image_url":"","fifu_image_alt":"","footnotes":""},"categories":[6,16],"tags":[],"class_list":{"0":"post-17382","1":"post","2":"type-post","3":"status-publish","4":"format-standard","6":"category-entre-rios","7":"category-politi"},"yoast_head":"<title>Segundo d\u00eda de paro: el gobierno afirma que dio &quot;respuestas concretas a demandas&quot; de docentes - Informe Litoral<\/title>\n<meta name=\"robots\" content=\"index, follow, max-snippet:-1, max-image-preview:large, max-video-preview:-1\" \/>\n<link rel=\"canonical\" href=\"https:\/\/informelitoral.com.ar\/segundo-dia-de-paro-el-gobierno-afirma-que-dio-respuestas-concretas-a-demandas-de-docentes\/\" \/>\n<meta property=\"og:locale\" content=\"es_ES\" \/>\n<meta property=\"og:type\" content=\"article\" \/>\n<meta property=\"og:title\" content=\"Segundo d\u00eda de paro: el gobierno afirma que dio &quot;respuestas concretas a demandas&quot; de docentes - Informe Litoral\" \/>\n<meta property=\"og:description\" content=\"El presidente del Consejo de Educaci&oacute;n de Entre R&iacute;os, dijo que el acuerdo salarial concretado en marzo sigue vigente. Explic&oacute; por qu&eacute; no dictaron la conciliaci&oacute;n y adelant&oacute; que por el ahora no hay previstas nuevas reuniones con el gremio. El presidente del Consejo General de Educaci&oacute;n opin&oacute; sobre la decisi&oacute;n de Agmer de realizar [&hellip;]\" \/>\n<meta property=\"og:url\" content=\"https:\/\/informelitoral.com.ar\/segundo-dia-de-paro-el-gobierno-afirma-que-dio-respuestas-concretas-a-demandas-de-docentes\/\" \/>\n<meta property=\"og:site_name\" content=\"Informe Litoral\" \/>\n<meta property=\"article:publisher\" content=\"https:\/\/www.facebook.com\/informelitoral\/\" \/>\n<meta property=\"article:published_time\" content=\"2016-07-26T11:15:19+00:00\" \/>\n<meta property=\"og:image\" content=\"https:\/\/informelitoral.com.ar\/%77%70%2d%63%6f%6e%74%65%6e%74\/uploads\/2016\/07\/o_1469437716.jpg\" \/>\n\t<meta property=\"og:image:width\" content=\"640\" \/>\n\t<meta property=\"og:image:height\" content=\"360\" \/>\n\t<meta property=\"og:image:type\" content=\"image\/jpeg\" \/>\n<meta name=\"author\" content=\"Gonzalo Schmidt\" \/>\n<meta name=\"twitter:card\" content=\"summary_large_image\" \/>\n<meta name=\"twitter:creator\" content=\"@InformeLitoral\" \/>\n<meta name=\"twitter:site\" content=\"@InformeLitoral\" \/>\n<meta name=\"twitter:label1\" content=\"Escrito por\" \/>\n\t<meta name=\"twitter:data1\" content=\"Gonzalo Schmidt\" \/>\n\t<meta name=\"twitter:label2\" content=\"Tiempo de lectura\" \/>\n\t<meta name=\"twitter:data2\" content=\"3 minutos\" \/>\n<script type=\"application\/ld+json\" class=\"yoast-schema-graph\">{\"@context\":\"https:\\\/\\\/schema.org\",\"@graph\":[{\"@type\":\"Article\",\"@id\":\"https:\\\/\\\/informelitoral.com.ar\\\/segundo-dia-de-paro-el-gobierno-afirma-que-dio-respuestas-concretas-a-demandas-de-docentes\\\/#article\",\"isPartOf\":{\"@id\":\"https:\\\/\\\/informelitoral.com.ar\\\/segundo-dia-de-paro-el-gobierno-afirma-que-dio-respuestas-concretas-a-demandas-de-docentes\\\/\"},\"author\":{\"name\":\"Gonzalo Schmidt\",\"@id\":\"https:\\\/\\\/informelitoral.com.ar\\\/#\\\/schema\\\/person\\\/b9d00407c836482871ef1d57bf8e3180\"},\"headline\":\"Segundo d\u00eda de paro: el gobierno afirma que dio \u00abrespuestas concretas a demandas\u00bb de docentes\",\"datePublished\":\"2016-07-26T11:15:19+00:00\",\"mainEntityOfPage\":{\"@id\":\"https:\\\/\\\/informelitoral.com.ar\\\/segundo-dia-de-paro-el-gobierno-afirma-que-dio-respuestas-concretas-a-demandas-de-docentes\\\/\"},\"wordCount\":645,\"commentCount\":0,\"publisher\":{\"@id\":\"https:\\\/\\\/informelitoral.com.ar\\\/#organization\"},\"image\":{\"@id\":\"https:\\\/\\\/informelitoral.com.ar\\\/segundo-dia-de-paro-el-gobierno-afirma-que-dio-respuestas-concretas-a-demandas-de-docentes\\\/#primaryimage\"},\"thumbnailUrl\":\"http:\\\/\\\/www.isletasnoticias.com.ar\\\/%77%70%2d%63%6f%6e%74%65%6e%74\\\/uploads\\\/2016\\\/07\\\/o_1469437716.jpg\",\"articleSection\":[\"Entre R\u00edos\",\"Politica\"],\"inLanguage\":\"es\",\"potentialAction\":[{\"@type\":\"CommentAction\",\"name\":\"Comment\",\"target\":[\"https:\\\/\\\/informelitoral.com.ar\\\/segundo-dia-de-paro-el-gobierno-afirma-que-dio-respuestas-concretas-a-demandas-de-docentes\\\/#respond\"]}]},{\"@type\":\"WebPage\",\"@id\":\"https:\\\/\\\/informelitoral.com.ar\\\/segundo-dia-de-paro-el-gobierno-afirma-que-dio-respuestas-concretas-a-demandas-de-docentes\\\/\",\"url\":\"https:\\\/\\\/informelitoral.com.ar\\\/segundo-dia-de-paro-el-gobierno-afirma-que-dio-respuestas-concretas-a-demandas-de-docentes\\\/\",\"name\":\"Segundo d\u00eda de paro: el gobierno afirma que dio \\\"respuestas concretas a demandas\\\" de docentes - Informe Litoral\",\"isPartOf\":{\"@id\":\"https:\\\/\\\/informelitoral.com.ar\\\/#website\"},\"primaryImageOfPage\":{\"@id\":\"https:\\\/\\\/informelitoral.com.ar\\\/segundo-dia-de-paro-el-gobierno-afirma-que-dio-respuestas-concretas-a-demandas-de-docentes\\\/#primaryimage\"},\"image\":{\"@id\":\"https:\\\/\\\/informelitoral.com.ar\\\/segundo-dia-de-paro-el-gobierno-afirma-que-dio-respuestas-concretas-a-demandas-de-docentes\\\/#primaryimage\"},\"thumbnailUrl\":\"http:\\\/\\\/www.isletasnoticias.com.ar\\\/%77%70%2d%63%6f%6e%74%65%6e%74\\\/uploads\\\/2016\\\/07\\\/o_1469437716.jpg\",\"datePublished\":\"2016-07-26T11:15:19+00:00\",\"breadcrumb\":{\"@id\":\"https:\\\/\\\/informelitoral.com.ar\\\/segundo-dia-de-paro-el-gobierno-afirma-que-dio-respuestas-concretas-a-demandas-de-docentes\\\/#breadcrumb\"},\"inLanguage\":\"es\",\"potentialAction\":[{\"@type\":\"ReadAction\",\"target\":[\"https:\\\/\\\/informelitoral.com.ar\\\/segundo-dia-de-paro-el-gobierno-afirma-que-dio-respuestas-concretas-a-demandas-de-docentes\\\/\"]}]},{\"@type\":\"ImageObject\",\"inLanguage\":\"es\",\"@id\":\"https:\\\/\\\/informelitoral.com.ar\\\/segundo-dia-de-paro-el-gobierno-afirma-que-dio-respuestas-concretas-a-demandas-de-docentes\\\/#primaryimage\",\"url\":\"http:\\\/\\\/www.isletasnoticias.com.ar\\\/%77%70%2d%63%6f%6e%74%65%6e%74\\\/uploads\\\/2016\\\/07\\\/o_1469437716.jpg\",\"contentUrl\":\"http:\\\/\\\/www.isletasnoticias.com.ar\\\/%77%70%2d%63%6f%6e%74%65%6e%74\\\/uploads\\\/2016\\\/07\\\/o_1469437716.jpg\"},{\"@type\":\"BreadcrumbList\",\"@id\":\"https:\\\/\\\/informelitoral.com.ar\\\/segundo-dia-de-paro-el-gobierno-afirma-que-dio-respuestas-concretas-a-demandas-de-docentes\\\/#breadcrumb\",\"itemListElement\":[{\"@type\":\"ListItem\",\"position\":1,\"name\":\"Portada\",\"item\":\"https:\\\/\\\/informelitoral.com.ar\\\/\"},{\"@type\":\"ListItem\",\"position\":2,\"name\":\"Segundo d\u00eda de paro: el gobierno afirma que dio \u00abrespuestas concretas a demandas\u00bb de docentes\"}]},{\"@type\":\"WebSite\",\"@id\":\"https:\\\/\\\/informelitoral.com.ar\\\/#website\",\"url\":\"https:\\\/\\\/informelitoral.com.ar\\\/\",\"name\":\"Informe Litoral\",\"description\":\"&quot;Nos informamos&quot; \",\"publisher\":{\"@id\":\"https:\\\/\\\/informelitoral.com.ar\\\/#organization\"},\"potentialAction\":[{\"@type\":\"SearchAction\",\"target\":{\"@type\":\"EntryPoint\",\"urlTemplate\":\"https:\\\/\\\/informelitoral.com.ar\\\/?s={search_term_string}\"},\"query-input\":{\"@type\":\"PropertyValueSpecification\",\"valueRequired\":true,\"valueName\":\"search_term_string\"}}],\"inLanguage\":\"es\"},{\"@type\":\"Organization\",\"@id\":\"https:\\\/\\\/informelitoral.com.ar\\\/#organization\",\"name\":\"Informe Litoral\",\"url\":\"https:\\\/\\\/informelitoral.com.ar\\\/\",\"logo\":{\"@type\":\"ImageObject\",\"inLanguage\":\"es\",\"@id\":\"https:\\\/\\\/informelitoral.com.ar\\\/#\\\/schema\\\/logo\\\/image\\\/\",\"url\":\"https:\\\/\\\/informelitoral.com.ar\\\/%77%70%2d%63%6f%6e%74%65%6e%74\\\/uploads\\\/2021\\\/01\\\/circulo.png\",\"contentUrl\":\"https:\\\/\\\/informelitoral.com.ar\\\/%77%70%2d%63%6f%6e%74%65%6e%74\\\/uploads\\\/2021\\\/01\\\/circulo.png\",\"width\":723,\"height\":731,\"caption\":\"Informe Litoral\"},\"image\":{\"@id\":\"https:\\\/\\\/informelitoral.com.ar\\\/#\\\/schema\\\/logo\\\/image\\\/\"},\"sameAs\":[\"https:\\\/\\\/www.facebook.com\\\/informelitoral\\\/\",\"https:\\\/\\\/x.com\\\/InformeLitoral\",\"https:\\\/\\\/www.instagram.com\\\/informelitoral\\\/\",\"https:\\\/\\\/www.youtube.com\\\/channel\\\/UCua4Qvz8Icb6MYqhoq9xLXw\"]},{\"@type\":\"Person\",\"@id\":\"https:\\\/\\\/informelitoral.com.ar\\\/#\\\/schema\\\/person\\\/b9d00407c836482871ef1d57bf8e3180\",\"name\":\"Gonzalo Schmidt\",\"image\":{\"@type\":\"ImageObject\",\"inLanguage\":\"es\",\"@id\":\"https:\\\/\\\/secure.gravatar.com\\\/avatar\\\/31a1a7b66ff2de83bd0e9fd79d026630d2d99e55e8bfe501287647b4fd9743de?s=96&d=mm&r=g\",\"url\":\"https:\\\/\\\/secure.gravatar.com\\\/avatar\\\/31a1a7b66ff2de83bd0e9fd79d026630d2d99e55e8bfe501287647b4fd9743de?s=96&d=mm&r=g\",\"contentUrl\":\"https:\\\/\\\/secure.gravatar.com\\\/avatar\\\/31a1a7b66ff2de83bd0e9fd79d026630d2d99e55e8bfe501287647b4fd9743de?s=96&d=mm&r=g\",\"caption\":\"Gonzalo Schmidt\"},\"description\":\"Sitio web de noticias de la provincia de Entre R\u00edos, Argentina. Informaci\u00f3n y entretenimiento. Informe Litoral, nos informamos.\",\"sameAs\":[\"http:\\\/\\\/www.isletasnoticias.com.ar\"],\"url\":\"https:\\\/\\\/informelitoral.com.ar\\\/author\\\/gonzalo\\\/\"}]}<\/script>","yoast_head_json":{"title":"Segundo d\u00eda de paro: el gobierno afirma que dio \"respuestas concretas a demandas\" de docentes - Informe Litoral","robots":{"index":"index","follow":"follow","max-snippet":"max-snippet:-1","max-image-preview":"max-image-preview:large","max-video-preview":"max-video-preview:-1"},"canonical":"https:\/\/informelitoral.com.ar\/segundo-dia-de-paro-el-gobierno-afirma-que-dio-respuestas-concretas-a-demandas-de-docentes\/","og_locale":"es_ES","og_type":"article","og_title":"Segundo d\u00eda de paro: el gobierno afirma que dio \"respuestas concretas a demandas\" de docentes - Informe Litoral","og_description":"El presidente del Consejo de Educaci&oacute;n de Entre R&iacute;os, dijo que el acuerdo salarial concretado en marzo sigue vigente. Explic&oacute; por qu&eacute; no dictaron la conciliaci&oacute;n y adelant&oacute; que por el ahora no hay previstas nuevas reuniones con el gremio. El presidente del Consejo General de Educaci&oacute;n opin&oacute; sobre la decisi&oacute;n de Agmer de realizar [&hellip;]","og_url":"https:\/\/informelitoral.com.ar\/segundo-dia-de-paro-el-gobierno-afirma-que-dio-respuestas-concretas-a-demandas-de-docentes\/","og_site_name":"Informe Litoral","article_publisher":"https:\/\/www.facebook.com\/informelitoral\/","article_published_time":"2016-07-26T11:15:19+00:00","og_image":[{"width":640,"height":360,"url":"https:\/\/informelitoral.com.ar\/%77%70%2d%63%6f%6e%74%65%6e%74\/uploads\/2016\/07\/o_1469437716.jpg","type":"image\/jpeg"}],"author":"Gonzalo Schmidt","twitter_card":"summary_large_image","twitter_creator":"@InformeLitoral","twitter_site":"@InformeLitoral","twitter_misc":{"Escrito por":"Gonzalo Schmidt","Tiempo de lectura":"3 minutos"},"schema":{"@context":"https:\/\/schema.org","@graph":[{"@type":"Article","@id":"https:\/\/informelitoral.com.ar\/segundo-dia-de-paro-el-gobierno-afirma-que-dio-respuestas-concretas-a-demandas-de-docentes\/#article","isPartOf":{"@id":"https:\/\/informelitoral.com.ar\/segundo-dia-de-paro-el-gobierno-afirma-que-dio-respuestas-concretas-a-demandas-de-docentes\/"},"author":{"name":"Gonzalo Schmidt","@id":"https:\/\/informelitoral.com.ar\/#\/schema\/person\/b9d00407c836482871ef1d57bf8e3180"},"headline":"Segundo d\u00eda de paro: el gobierno afirma que dio \u00abrespuestas concretas a demandas\u00bb de docentes","datePublished":"2016-07-26T11:15:19+00:00","mainEntityOfPage":{"@id":"https:\/\/informelitoral.com.ar\/segundo-dia-de-paro-el-gobierno-afirma-que-dio-respuestas-concretas-a-demandas-de-docentes\/"},"wordCount":645,"commentCount":0,"publisher":{"@id":"https:\/\/informelitoral.com.ar\/#organization"},"image":{"@id":"https:\/\/informelitoral.com.ar\/segundo-dia-de-paro-el-gobierno-afirma-que-dio-respuestas-concretas-a-demandas-de-docentes\/#primaryimage"},"thumbnailUrl":"http:\/\/www.isletasnoticias.com.ar\/%77%70%2d%63%6f%6e%74%65%6e%74\/uploads\/2016\/07\/o_1469437716.jpg","articleSection":["Entre R\u00edos","Politica"],"inLanguage":"es","potentialAction":[{"@type":"CommentAction","name":"Comment","target":["https:\/\/informelitoral.com.ar\/segundo-dia-de-paro-el-gobierno-afirma-que-dio-respuestas-concretas-a-demandas-de-docentes\/#respond"]}]},{"@type":"WebPage","@id":"https:\/\/informelitoral.com.ar\/segundo-dia-de-paro-el-gobierno-afirma-que-dio-respuestas-concretas-a-demandas-de-docentes\/","url":"https:\/\/informelitoral.com.ar\/segundo-dia-de-paro-el-gobierno-afirma-que-dio-respuestas-concretas-a-demandas-de-docentes\/","name":"Segundo d\u00eda de paro: el gobierno afirma que dio \"respuestas concretas a demandas\" de docentes - Informe Litoral","isPartOf":{"@id":"https:\/\/informelitoral.com.ar\/#website"},"primaryImageOfPage":{"@id":"https:\/\/informelitoral.com.ar\/segundo-dia-de-paro-el-gobierno-afirma-que-dio-respuestas-concretas-a-demandas-de-docentes\/#primaryimage"},"image":{"@id":"https:\/\/informelitoral.com.ar\/segundo-dia-de-paro-el-gobierno-afirma-que-dio-respuestas-concretas-a-demandas-de-docentes\/#primaryimage"},"thumbnailUrl":"http:\/\/www.isletasnoticias.com.ar\/%77%70%2d%63%6f%6e%74%65%6e%74\/uploads\/2016\/07\/o_1469437716.jpg","datePublished":"2016-07-26T11:15:19+00:00","breadcrumb":{"@id":"https:\/\/informelitoral.com.ar\/segundo-dia-de-paro-el-gobierno-afirma-que-dio-respuestas-concretas-a-demandas-de-docentes\/#breadcrumb"},"inLanguage":"es","potentialAction":[{"@type":"ReadAction","target":["https:\/\/informelitoral.com.ar\/segundo-dia-de-paro-el-gobierno-afirma-que-dio-respuestas-concretas-a-demandas-de-docentes\/"]}]},{"@type":"ImageObject","inLanguage":"es","@id":"https:\/\/informelitoral.com.ar\/segundo-dia-de-paro-el-gobierno-afirma-que-dio-respuestas-concretas-a-demandas-de-docentes\/#primaryimage","url":"http:\/\/www.isletasnoticias.com.ar\/%77%70%2d%63%6f%6e%74%65%6e%74\/uploads\/2016\/07\/o_1469437716.jpg","contentUrl":"http:\/\/www.isletasnoticias.com.ar\/%77%70%2d%63%6f%6e%74%65%6e%74\/uploads\/2016\/07\/o_1469437716.jpg"},{"@type":"BreadcrumbList","@id":"https:\/\/informelitoral.com.ar\/segundo-dia-de-paro-el-gobierno-afirma-que-dio-respuestas-concretas-a-demandas-de-docentes\/#breadcrumb","itemListElement":[{"@type":"ListItem","position":1,"name":"Portada","item":"https:\/\/informelitoral.com.ar\/"},{"@type":"ListItem","position":2,"name":"Segundo d\u00eda de paro: el gobierno afirma que dio \u00abrespuestas concretas a demandas\u00bb de docentes"}]},{"@type":"WebSite","@id":"https:\/\/informelitoral.com.ar\/#website","url":"https:\/\/informelitoral.com.ar\/","name":"Informe Litoral","description":"&quot;Nos informamos&quot; ","publisher":{"@id":"https:\/\/informelitoral.com.ar\/#organization"},"potentialAction":[{"@type":"SearchAction","target":{"@type":"EntryPoint","urlTemplate":"https:\/\/informelitoral.com.ar\/?s={search_term_string}"},"query-input":{"@type":"PropertyValueSpecification","valueRequired":true,"valueName":"search_term_string"}}],"inLanguage":"es"},{"@type":"Organization","@id":"https:\/\/informelitoral.com.ar\/#organization","name":"Informe Litoral","url":"https:\/\/informelitoral.com.ar\/","logo":{"@type":"ImageObject","inLanguage":"es","@id":"https:\/\/informelitoral.com.ar\/#\/schema\/logo\/image\/","url":"https:\/\/informelitoral.com.ar\/%77%70%2d%63%6f%6e%74%65%6e%74\/uploads\/2021\/01\/circulo.png","contentUrl":"https:\/\/informelitoral.com.ar\/%77%70%2d%63%6f%6e%74%65%6e%74\/uploads\/2021\/01\/circulo.png","width":723,"height":731,"caption":"Informe Litoral"},"image":{"@id":"https:\/\/informelitoral.com.ar\/#\/schema\/logo\/image\/"},"sameAs":["https:\/\/www.facebook.com\/informelitoral\/","https:\/\/x.com\/InformeLitoral","https:\/\/www.instagram.com\/informelitoral\/","https:\/\/www.youtube.com\/channel\/UCua4Qvz8Icb6MYqhoq9xLXw"]},{"@type":"Person","@id":"https:\/\/informelitoral.com.ar\/#\/schema\/person\/b9d00407c836482871ef1d57bf8e3180","name":"Gonzalo Schmidt","image":{"@type":"ImageObject","inLanguage":"es","@id":"https:\/\/secure.gravatar.com\/avatar\/31a1a7b66ff2de83bd0e9fd79d026630d2d99e55e8bfe501287647b4fd9743de?s=96&d=mm&r=g","url":"https:\/\/secure.gravatar.com\/avatar\/31a1a7b66ff2de83bd0e9fd79d026630d2d99e55e8bfe501287647b4fd9743de?s=96&d=mm&r=g","contentUrl":"https:\/\/secure.gravatar.com\/avatar\/31a1a7b66ff2de83bd0e9fd79d026630d2d99e55e8bfe501287647b4fd9743de?s=96&d=mm&r=g","caption":"Gonzalo Schmidt"},"description":"Sitio web de noticias de la provincia de Entre R\u00edos, Argentina. Informaci\u00f3n y entretenimiento. Informe Litoral, nos informamos.","sameAs":["http:\/\/www.isletasnoticias.com.ar"],"url":"https:\/\/informelitoral.com.ar\/author\/gonzalo\/"}]}},"_links":{"self":[{"href":"https:\/\/informelitoral.com.ar\/%77%70%2d%6a%73%6f%6e\/wp\/v2\/posts\/17382","targetHints":{"allow":["GET"]}}],"collection":[{"href":"https:\/\/informelitoral.com.ar\/%77%70%2d%6a%73%6f%6e\/wp\/v2\/posts"}],"about":[{"href":"https:\/\/informelitoral.com.ar\/%77%70%2d%6a%73%6f%6e\/wp\/v2\/types\/post"}],"author":[{"embeddable":true,"href":"https:\/\/informelitoral.com.ar\/%77%70%2d%6a%73%6f%6e\/wp\/v2\/users\/2"}],"replies":[{"embeddable":true,"href":"https:\/\/informelitoral.com.ar\/%77%70%2d%6a%73%6f%6e\/wp\/v2\/comments?post=17382"}],"version-history":[{"count":0,"href":"https:\/\/informelitoral.com.ar\/%77%70%2d%6a%73%6f%6e\/wp\/v2\/posts\/17382\/revisions"}],"wp:attachment":[{"href":"https:\/\/informelitoral.com.ar\/%77%70%2d%6a%73%6f%6e\/wp\/v2\/media?parent=17382"}],"wp:term":[{"taxonomy":"category","embeddable":true,"href":"https:\/\/informelitoral.com.ar\/%77%70%2d%6a%73%6f%6e\/wp\/v2\/categories?post=17382"},{"taxonomy":"post_tag","embeddable":true,"href":"https:\/\/informelitoral.com.ar\/%77%70%2d%6a%73%6f%6e\/wp\/v2\/tags?post=17382"}],"curies":[{"name":"wp","href":"https:\/\/api.w.org\/{rel}","templated":true}]}}