{"id":173806,"date":"2023-11-27T10:34:11","date_gmt":"2023-11-27T13:34:11","guid":{"rendered":"https:\/\/www.informelitoral.com.ar\/?p=173806"},"modified":"2023-11-27T23:17:48","modified_gmt":"2023-11-28T02:17:48","slug":"ballay-los-numeros-de-la-provincia-estan-en-perfecto-orden","status":"publish","type":"post","link":"https:\/\/informelitoral.com.ar\/ballay-los-numeros-de-la-provincia-estan-en-perfecto-orden\/","title":{"rendered":"Hugo Ballay: \u201clos n\u00fameros de la provincia est\u00e1n en perfecto orden\u00bb"},"content":{"rendered":"<p>\u201cGobernar no es lo mismo que hacer campa\u00f1a pol\u00edtica. Cuando asumimos la responsabilidad de administrar el destino de la provincia nos enfrentamos a contextos muy cambiantes. A pesar de eso, en Entre R\u00edos demostramos que con mesura, orden y responsabilidad se puede llevar a cabo un programa de desarrollo. A nosotros nos toc\u00f3 gobernar, primero, con un gobierno nacional que recort\u00f3 la obra p\u00fablica, las partidas de salud y educaci\u00f3n. Despu\u00e9s con una pandemia, y una <strong>sequ\u00eda hist\u00f3rica<\/strong>. Sin embargo no tuvimos mayores sobresaltos\u201d, explic\u00f3<strong> Ballay<\/strong>.<\/p>\n<p>El titular de la cartera econ\u00f3mica de la actual gesti\u00f3n respondi\u00f3 en ese sentido al gobernador electo <strong>Rogelio Frigerio<\/strong> y resalt\u00f3 que \u201clos n\u00fameros de la provincia est\u00e1n en perfecto orden\u201d.<\/p>\n<p><strong>Destac\u00f3 que \u201cle hemos suministrado al equipo econ\u00f3mico toda la informaci\u00f3n que nos requirieron, y lo seguiremos haciendo\u201d.<\/strong><\/p>\n<p>\u201cEstaremos pagando en unos d\u00edas nada m\u00e1s el sueldo de noviembre, con un incremento del 8,3 por ciento para los trabajadores activos y pasivos de la administraci\u00f3n p\u00fablica, con las proyecciones para cubrir el aguinaldo y los sueldos de diciembre, y dejamos a la gesti\u00f3n entrante un fondo de reserva de 47 millones de d\u00f3lares para hacer frente al pr\u00f3ximo vencimiento de deuda, de la cual ya hemos pagado una parte importante de capital e intereses\u201d, remarc\u00f3 Ballay.<\/p>\n<p>Asimismo, resalt\u00f3 que \u201ccon el nivel de actividad que tiene hoy la provincia, si la pr\u00f3xima gesti\u00f3n act\u00faa con la misma responsabilidad que trabajamos estos ocho a\u00f1os, no deber\u00eda tener ning\u00fan sobresalto para hacer frente a sus obligaciones\u201d.<\/p>\n<p>Por otra parte, Ballay aclar\u00f3 que <strong>\u201clos gobiernos provinciales no controlamos ninguna variable de \u00edndole nacional, y en ese sentido no podemos prever el impacto que significaron los cambios en el impuesto a las ganancias y la devoluci\u00f3n del IVA, ambos impuestos coparticipables. Es por eso que el actual gobernador, con mucha prudencia y responsabilidad, se sum\u00f3 al reclamo de otros mandatarios para que se instrumente de manera inmediata un mecanismo que compense a las provincias ante esa p\u00e9rdida\u201d.<\/strong><\/p>\n<p>Adem\u00e1s, el ministro de Econom\u00eda puso de relieve que \u201cfruto del di\u00e1logo que venimos manteniendo con los representantes de la gesti\u00f3n que comenzar\u00e1 el 10 de diciembre, y sus legisladores actuales, se introdujeron los cambios solicitados por ellos en el proyecto de <strong>presupuesto 2024<\/strong>, incluyendo, entre otras modificaciones, los art\u00edculos que ya hace algunos a\u00f1os nosotros decidimos eliminar y que permiten al ejecutivo endeudarse. Como ver\u00e1n: le estamos dando todas las herramientas que han solicitado para que lleven con \u00e9xito su gesti\u00f3n, porque de esa manera los que se benefician son los entrerrianos\u201d.<\/p>\n<p>\u201cDe nuestra parte siempre van a encontrar disposici\u00f3n para el di\u00e1logo y los acuerdos que permitan resolver los problemas. As\u00ed hemos trabajado, de manera arm\u00f3nica con legisladores e intendentes de la oposici\u00f3n, con los gremios y todos los sectores de nuestra sociedad estos ocho a\u00f1os. Esperamos que esta experiencia sea el punto de partida para ir por m\u00e1s para nuestra provincia, y que las nuevas autoridades no retrocedan en lo que las y los entrerrianos ya hemos conquistado\u201d, finaliz\u00f3 Ballay.<\/p>\n","protected":false},"excerpt":{"rendered":"<p>El ministro de Econom\u00eda de Entre R\u00edos, Hugo Ballay, explic\u00f3 que \u201clos n\u00fameros de la provincia est\u00e1n en perfecto orden\u201d, y que \u201cla pr\u00f3xima gesti\u00f3n deber\u00e1 actuar con la misma responsabilidad con que trabajamos estos ocho a\u00f1os\u201d. <\/p>\n","protected":false},"author":8,"featured_media":173812,"comment_status":"open","ping_status":"open","sticky":false,"template":"","format":"standard","meta":{"fifu_image_url":"","fifu_image_alt":"","footnotes":""},"categories":[16],"tags":[4141,1705,4516,949],"class_list":{"0":"post-173806","1":"post","2":"type-post","3":"status-publish","4":"format-standard","5":"has-post-thumbnail","7":"category-politi","8":"tag-hugo-ballay","9":"tag-ministro-de-economia","10":"tag-presupuesto-2024","11":"tag-rogelio-frigerio"},"yoast_head":"<title>Hugo Ballay: \u201clos n\u00fameros de la provincia est\u00e1n en perfecto orden&quot; - Informe Litoral<\/title>\n<meta name=\"robots\" content=\"index, follow, max-snippet:-1, max-image-preview:large, max-video-preview:-1\" \/>\n<link rel=\"canonical\" href=\"https:\/\/informelitoral.com.ar\/ballay-los-numeros-de-la-provincia-estan-en-perfecto-orden\/\" \/>\n<meta property=\"og:locale\" content=\"es_ES\" \/>\n<meta property=\"og:type\" content=\"article\" \/>\n<meta property=\"og:title\" content=\"Hugo Ballay: \u201clos n\u00fameros de la provincia est\u00e1n en perfecto orden&quot; - Informe Litoral\" \/>\n<meta property=\"og:description\" content=\"El ministro de Econom\u00eda de Entre R\u00edos, Hugo Ballay, explic\u00f3 que \u201clos n\u00fameros de la provincia est\u00e1n en perfecto orden\u201d, y que \u201cla pr\u00f3xima gesti\u00f3n deber\u00e1 actuar con la misma responsabilidad con que trabajamos estos ocho a\u00f1os\u201d.\" \/>\n<meta property=\"og:url\" content=\"https:\/\/informelitoral.com.ar\/ballay-los-numeros-de-la-provincia-estan-en-perfecto-orden\/\" \/>\n<meta property=\"og:site_name\" content=\"Informe Litoral\" \/>\n<meta property=\"article:publisher\" content=\"https:\/\/www.facebook.com\/informelitoral\/\" \/>\n<meta property=\"article:published_time\" content=\"2023-11-27T13:34:11+00:00\" \/>\n<meta property=\"article:modified_time\" content=\"2023-11-28T02:17:48+00:00\" \/>\n<meta property=\"og:image\" content=\"https:\/\/informelitoral.com.ar\/%77%70%2d%63%6f%6e%74%65%6e%74\/uploads\/2023\/11\/x_1671315323.jpg\" \/>\n\t<meta property=\"og:image:width\" content=\"1920\" \/>\n\t<meta property=\"og:image:height\" content=\"1280\" \/>\n\t<meta property=\"og:image:type\" content=\"image\/jpeg\" \/>\n<meta name=\"author\" content=\"Sebastian\" \/>\n<meta name=\"twitter:card\" content=\"summary_large_image\" \/>\n<meta name=\"twitter:creator\" content=\"@InformeLitoral\" \/>\n<meta name=\"twitter:site\" content=\"@InformeLitoral\" \/>\n<meta name=\"twitter:label1\" content=\"Escrito por\" \/>\n\t<meta name=\"twitter:data1\" content=\"Sebastian\" \/>\n\t<meta name=\"twitter:label2\" content=\"Tiempo de lectura\" \/>\n\t<meta name=\"twitter:data2\" content=\"3 minutos\" \/>\n<script type=\"application\/ld+json\" class=\"yoast-schema-graph\">{\"@context\":\"https:\\\/\\\/schema.org\",\"@graph\":[{\"@type\":\"Article\",\"@id\":\"https:\\\/\\\/informelitoral.com.ar\\\/ballay-los-numeros-de-la-provincia-estan-en-perfecto-orden\\\/#article\",\"isPartOf\":{\"@id\":\"https:\\\/\\\/informelitoral.com.ar\\\/ballay-los-numeros-de-la-provincia-estan-en-perfecto-orden\\\/\"},\"author\":{\"name\":\"Sebastian\",\"@id\":\"https:\\\/\\\/informelitoral.com.ar\\\/#\\\/schema\\\/person\\\/f05f9f461677119578717524b127d6d5\"},\"headline\":\"Hugo Ballay: \u201clos n\u00fameros de la provincia est\u00e1n en perfecto orden\u00bb\",\"datePublished\":\"2023-11-27T13:34:11+00:00\",\"dateModified\":\"2023-11-28T02:17:48+00:00\",\"mainEntityOfPage\":{\"@id\":\"https:\\\/\\\/informelitoral.com.ar\\\/ballay-los-numeros-de-la-provincia-estan-en-perfecto-orden\\\/\"},\"wordCount\":555,\"commentCount\":0,\"publisher\":{\"@id\":\"https:\\\/\\\/informelitoral.com.ar\\\/#organization\"},\"image\":{\"@id\":\"https:\\\/\\\/informelitoral.com.ar\\\/ballay-los-numeros-de-la-provincia-estan-en-perfecto-orden\\\/#primaryimage\"},\"thumbnailUrl\":\"https:\\\/\\\/informelitoral.com.ar\\\/%77%70%2d%63%6f%6e%74%65%6e%74\\\/uploads\\\/2023\\\/11\\\/x_1671315323.jpg\",\"keywords\":[\"Hugo Ballay\",\"Ministro de Econom\u00eda\",\"Presupuesto 2024\",\"Rogelio Frigerio\"],\"articleSection\":[\"Politica\"],\"inLanguage\":\"es\",\"potentialAction\":[{\"@type\":\"CommentAction\",\"name\":\"Comment\",\"target\":[\"https:\\\/\\\/informelitoral.com.ar\\\/ballay-los-numeros-de-la-provincia-estan-en-perfecto-orden\\\/#respond\"]}]},{\"@type\":\"WebPage\",\"@id\":\"https:\\\/\\\/informelitoral.com.ar\\\/ballay-los-numeros-de-la-provincia-estan-en-perfecto-orden\\\/\",\"url\":\"https:\\\/\\\/informelitoral.com.ar\\\/ballay-los-numeros-de-la-provincia-estan-en-perfecto-orden\\\/\",\"name\":\"Hugo Ballay: \u201clos n\u00fameros de la provincia est\u00e1n en perfecto orden\\\" - Informe Litoral\",\"isPartOf\":{\"@id\":\"https:\\\/\\\/informelitoral.com.ar\\\/#website\"},\"primaryImageOfPage\":{\"@id\":\"https:\\\/\\\/informelitoral.com.ar\\\/ballay-los-numeros-de-la-provincia-estan-en-perfecto-orden\\\/#primaryimage\"},\"image\":{\"@id\":\"https:\\\/\\\/informelitoral.com.ar\\\/ballay-los-numeros-de-la-provincia-estan-en-perfecto-orden\\\/#primaryimage\"},\"thumbnailUrl\":\"https:\\\/\\\/informelitoral.com.ar\\\/%77%70%2d%63%6f%6e%74%65%6e%74\\\/uploads\\\/2023\\\/11\\\/x_1671315323.jpg\",\"datePublished\":\"2023-11-27T13:34:11+00:00\",\"dateModified\":\"2023-11-28T02:17:48+00:00\",\"breadcrumb\":{\"@id\":\"https:\\\/\\\/informelitoral.com.ar\\\/ballay-los-numeros-de-la-provincia-estan-en-perfecto-orden\\\/#breadcrumb\"},\"inLanguage\":\"es\",\"potentialAction\":[{\"@type\":\"ReadAction\",\"target\":[\"https:\\\/\\\/informelitoral.com.ar\\\/ballay-los-numeros-de-la-provincia-estan-en-perfecto-orden\\\/\"]}]},{\"@type\":\"ImageObject\",\"inLanguage\":\"es\",\"@id\":\"https:\\\/\\\/informelitoral.com.ar\\\/ballay-los-numeros-de-la-provincia-estan-en-perfecto-orden\\\/#primaryimage\",\"url\":\"https:\\\/\\\/informelitoral.com.ar\\\/%77%70%2d%63%6f%6e%74%65%6e%74\\\/uploads\\\/2023\\\/11\\\/x_1671315323.jpg\",\"contentUrl\":\"https:\\\/\\\/informelitoral.com.ar\\\/%77%70%2d%63%6f%6e%74%65%6e%74\\\/uploads\\\/2023\\\/11\\\/x_1671315323.jpg\",\"width\":1920,\"height\":1280},{\"@type\":\"BreadcrumbList\",\"@id\":\"https:\\\/\\\/informelitoral.com.ar\\\/ballay-los-numeros-de-la-provincia-estan-en-perfecto-orden\\\/#breadcrumb\",\"itemListElement\":[{\"@type\":\"ListItem\",\"position\":1,\"name\":\"Portada\",\"item\":\"https:\\\/\\\/informelitoral.com.ar\\\/\"},{\"@type\":\"ListItem\",\"position\":2,\"name\":\"Hugo Ballay: \u201clos n\u00fameros de la provincia est\u00e1n en perfecto orden\u00bb\"}]},{\"@type\":\"WebSite\",\"@id\":\"https:\\\/\\\/informelitoral.com.ar\\\/#website\",\"url\":\"https:\\\/\\\/informelitoral.com.ar\\\/\",\"name\":\"Informe Litoral\",\"description\":\"&quot;Nos informamos&quot; \",\"publisher\":{\"@id\":\"https:\\\/\\\/informelitoral.com.ar\\\/#organization\"},\"potentialAction\":[{\"@type\":\"SearchAction\",\"target\":{\"@type\":\"EntryPoint\",\"urlTemplate\":\"https:\\\/\\\/informelitoral.com.ar\\\/?s={search_term_string}\"},\"query-input\":{\"@type\":\"PropertyValueSpecification\",\"valueRequired\":true,\"valueName\":\"search_term_string\"}}],\"inLanguage\":\"es\"},{\"@type\":\"Organization\",\"@id\":\"https:\\\/\\\/informelitoral.com.ar\\\/#organization\",\"name\":\"Informe Litoral\",\"url\":\"https:\\\/\\\/informelitoral.com.ar\\\/\",\"logo\":{\"@type\":\"ImageObject\",\"inLanguage\":\"es\",\"@id\":\"https:\\\/\\\/informelitoral.com.ar\\\/#\\\/schema\\\/logo\\\/image\\\/\",\"url\":\"https:\\\/\\\/informelitoral.com.ar\\\/%77%70%2d%63%6f%6e%74%65%6e%74\\\/uploads\\\/2021\\\/01\\\/circulo.png\",\"contentUrl\":\"https:\\\/\\\/informelitoral.com.ar\\\/%77%70%2d%63%6f%6e%74%65%6e%74\\\/uploads\\\/2021\\\/01\\\/circulo.png\",\"width\":723,\"height\":731,\"caption\":\"Informe Litoral\"},\"image\":{\"@id\":\"https:\\\/\\\/informelitoral.com.ar\\\/#\\\/schema\\\/logo\\\/image\\\/\"},\"sameAs\":[\"https:\\\/\\\/www.facebook.com\\\/informelitoral\\\/\",\"https:\\\/\\\/x.com\\\/InformeLitoral\",\"https:\\\/\\\/www.instagram.com\\\/informelitoral\\\/\",\"https:\\\/\\\/www.youtube.com\\\/channel\\\/UCua4Qvz8Icb6MYqhoq9xLXw\"]},{\"@type\":\"Person\",\"@id\":\"https:\\\/\\\/informelitoral.com.ar\\\/#\\\/schema\\\/person\\\/f05f9f461677119578717524b127d6d5\",\"name\":\"Sebastian\",\"image\":{\"@type\":\"ImageObject\",\"inLanguage\":\"es\",\"@id\":\"https:\\\/\\\/secure.gravatar.com\\\/avatar\\\/b71bf7481d447dfb9583c7f2798e7cc64de6efb9067b74633ed8c31059a3bd82?s=96&d=mm&r=g\",\"url\":\"https:\\\/\\\/secure.gravatar.com\\\/avatar\\\/b71bf7481d447dfb9583c7f2798e7cc64de6efb9067b74633ed8c31059a3bd82?s=96&d=mm&r=g\",\"contentUrl\":\"https:\\\/\\\/secure.gravatar.com\\\/avatar\\\/b71bf7481d447dfb9583c7f2798e7cc64de6efb9067b74633ed8c31059a3bd82?s=96&d=mm&r=g\",\"caption\":\"Sebastian\"},\"url\":\"https:\\\/\\\/informelitoral.com.ar\\\/author\\\/sebastian\\\/\"}]}<\/script>","yoast_head_json":{"title":"Hugo Ballay: \u201clos n\u00fameros de la provincia est\u00e1n en perfecto orden\" - Informe Litoral","robots":{"index":"index","follow":"follow","max-snippet":"max-snippet:-1","max-image-preview":"max-image-preview:large","max-video-preview":"max-video-preview:-1"},"canonical":"https:\/\/informelitoral.com.ar\/ballay-los-numeros-de-la-provincia-estan-en-perfecto-orden\/","og_locale":"es_ES","og_type":"article","og_title":"Hugo Ballay: \u201clos n\u00fameros de la provincia est\u00e1n en perfecto orden\" - Informe Litoral","og_description":"El ministro de Econom\u00eda de Entre R\u00edos, Hugo Ballay, explic\u00f3 que \u201clos n\u00fameros de la provincia est\u00e1n en perfecto orden\u201d, y que \u201cla pr\u00f3xima gesti\u00f3n deber\u00e1 actuar con la misma responsabilidad con que trabajamos estos ocho a\u00f1os\u201d.","og_url":"https:\/\/informelitoral.com.ar\/ballay-los-numeros-de-la-provincia-estan-en-perfecto-orden\/","og_site_name":"Informe Litoral","article_publisher":"https:\/\/www.facebook.com\/informelitoral\/","article_published_time":"2023-11-27T13:34:11+00:00","article_modified_time":"2023-11-28T02:17:48+00:00","og_image":[{"width":1920,"height":1280,"url":"https:\/\/informelitoral.com.ar\/%77%70%2d%63%6f%6e%74%65%6e%74\/uploads\/2023\/11\/x_1671315323.jpg","type":"image\/jpeg"}],"author":"Sebastian","twitter_card":"summary_large_image","twitter_creator":"@InformeLitoral","twitter_site":"@InformeLitoral","twitter_misc":{"Escrito por":"Sebastian","Tiempo de lectura":"3 minutos"},"schema":{"@context":"https:\/\/schema.org","@graph":[{"@type":"Article","@id":"https:\/\/informelitoral.com.ar\/ballay-los-numeros-de-la-provincia-estan-en-perfecto-orden\/#article","isPartOf":{"@id":"https:\/\/informelitoral.com.ar\/ballay-los-numeros-de-la-provincia-estan-en-perfecto-orden\/"},"author":{"name":"Sebastian","@id":"https:\/\/informelitoral.com.ar\/#\/schema\/person\/f05f9f461677119578717524b127d6d5"},"headline":"Hugo Ballay: \u201clos n\u00fameros de la provincia est\u00e1n en perfecto orden\u00bb","datePublished":"2023-11-27T13:34:11+00:00","dateModified":"2023-11-28T02:17:48+00:00","mainEntityOfPage":{"@id":"https:\/\/informelitoral.com.ar\/ballay-los-numeros-de-la-provincia-estan-en-perfecto-orden\/"},"wordCount":555,"commentCount":0,"publisher":{"@id":"https:\/\/informelitoral.com.ar\/#organization"},"image":{"@id":"https:\/\/informelitoral.com.ar\/ballay-los-numeros-de-la-provincia-estan-en-perfecto-orden\/#primaryimage"},"thumbnailUrl":"https:\/\/informelitoral.com.ar\/%77%70%2d%63%6f%6e%74%65%6e%74\/uploads\/2023\/11\/x_1671315323.jpg","keywords":["Hugo Ballay","Ministro de Econom\u00eda","Presupuesto 2024","Rogelio Frigerio"],"articleSection":["Politica"],"inLanguage":"es","potentialAction":[{"@type":"CommentAction","name":"Comment","target":["https:\/\/informelitoral.com.ar\/ballay-los-numeros-de-la-provincia-estan-en-perfecto-orden\/#respond"]}]},{"@type":"WebPage","@id":"https:\/\/informelitoral.com.ar\/ballay-los-numeros-de-la-provincia-estan-en-perfecto-orden\/","url":"https:\/\/informelitoral.com.ar\/ballay-los-numeros-de-la-provincia-estan-en-perfecto-orden\/","name":"Hugo Ballay: \u201clos n\u00fameros de la provincia est\u00e1n en perfecto orden\" - Informe Litoral","isPartOf":{"@id":"https:\/\/informelitoral.com.ar\/#website"},"primaryImageOfPage":{"@id":"https:\/\/informelitoral.com.ar\/ballay-los-numeros-de-la-provincia-estan-en-perfecto-orden\/#primaryimage"},"image":{"@id":"https:\/\/informelitoral.com.ar\/ballay-los-numeros-de-la-provincia-estan-en-perfecto-orden\/#primaryimage"},"thumbnailUrl":"https:\/\/informelitoral.com.ar\/%77%70%2d%63%6f%6e%74%65%6e%74\/uploads\/2023\/11\/x_1671315323.jpg","datePublished":"2023-11-27T13:34:11+00:00","dateModified":"2023-11-28T02:17:48+00:00","breadcrumb":{"@id":"https:\/\/informelitoral.com.ar\/ballay-los-numeros-de-la-provincia-estan-en-perfecto-orden\/#breadcrumb"},"inLanguage":"es","potentialAction":[{"@type":"ReadAction","target":["https:\/\/informelitoral.com.ar\/ballay-los-numeros-de-la-provincia-estan-en-perfecto-orden\/"]}]},{"@type":"ImageObject","inLanguage":"es","@id":"https:\/\/informelitoral.com.ar\/ballay-los-numeros-de-la-provincia-estan-en-perfecto-orden\/#primaryimage","url":"https:\/\/informelitoral.com.ar\/%77%70%2d%63%6f%6e%74%65%6e%74\/uploads\/2023\/11\/x_1671315323.jpg","contentUrl":"https:\/\/informelitoral.com.ar\/%77%70%2d%63%6f%6e%74%65%6e%74\/uploads\/2023\/11\/x_1671315323.jpg","width":1920,"height":1280},{"@type":"BreadcrumbList","@id":"https:\/\/informelitoral.com.ar\/ballay-los-numeros-de-la-provincia-estan-en-perfecto-orden\/#breadcrumb","itemListElement":[{"@type":"ListItem","position":1,"name":"Portada","item":"https:\/\/informelitoral.com.ar\/"},{"@type":"ListItem","position":2,"name":"Hugo Ballay: \u201clos n\u00fameros de la provincia est\u00e1n en perfecto orden\u00bb"}]},{"@type":"WebSite","@id":"https:\/\/informelitoral.com.ar\/#website","url":"https:\/\/informelitoral.com.ar\/","name":"Informe Litoral","description":"&quot;Nos informamos&quot; ","publisher":{"@id":"https:\/\/informelitoral.com.ar\/#organization"},"potentialAction":[{"@type":"SearchAction","target":{"@type":"EntryPoint","urlTemplate":"https:\/\/informelitoral.com.ar\/?s={search_term_string}"},"query-input":{"@type":"PropertyValueSpecification","valueRequired":true,"valueName":"search_term_string"}}],"inLanguage":"es"},{"@type":"Organization","@id":"https:\/\/informelitoral.com.ar\/#organization","name":"Informe Litoral","url":"https:\/\/informelitoral.com.ar\/","logo":{"@type":"ImageObject","inLanguage":"es","@id":"https:\/\/informelitoral.com.ar\/#\/schema\/logo\/image\/","url":"https:\/\/informelitoral.com.ar\/%77%70%2d%63%6f%6e%74%65%6e%74\/uploads\/2021\/01\/circulo.png","contentUrl":"https:\/\/informelitoral.com.ar\/%77%70%2d%63%6f%6e%74%65%6e%74\/uploads\/2021\/01\/circulo.png","width":723,"height":731,"caption":"Informe Litoral"},"image":{"@id":"https:\/\/informelitoral.com.ar\/#\/schema\/logo\/image\/"},"sameAs":["https:\/\/www.facebook.com\/informelitoral\/","https:\/\/x.com\/InformeLitoral","https:\/\/www.instagram.com\/informelitoral\/","https:\/\/www.youtube.com\/channel\/UCua4Qvz8Icb6MYqhoq9xLXw"]},{"@type":"Person","@id":"https:\/\/informelitoral.com.ar\/#\/schema\/person\/f05f9f461677119578717524b127d6d5","name":"Sebastian","image":{"@type":"ImageObject","inLanguage":"es","@id":"https:\/\/secure.gravatar.com\/avatar\/b71bf7481d447dfb9583c7f2798e7cc64de6efb9067b74633ed8c31059a3bd82?s=96&d=mm&r=g","url":"https:\/\/secure.gravatar.com\/avatar\/b71bf7481d447dfb9583c7f2798e7cc64de6efb9067b74633ed8c31059a3bd82?s=96&d=mm&r=g","contentUrl":"https:\/\/secure.gravatar.com\/avatar\/b71bf7481d447dfb9583c7f2798e7cc64de6efb9067b74633ed8c31059a3bd82?s=96&d=mm&r=g","caption":"Sebastian"},"url":"https:\/\/informelitoral.com.ar\/author\/sebastian\/"}]}},"_links":{"self":[{"href":"https:\/\/informelitoral.com.ar\/%77%70%2d%6a%73%6f%6e\/wp\/v2\/posts\/173806","targetHints":{"allow":["GET"]}}],"collection":[{"href":"https:\/\/informelitoral.com.ar\/%77%70%2d%6a%73%6f%6e\/wp\/v2\/posts"}],"about":[{"href":"https:\/\/informelitoral.com.ar\/%77%70%2d%6a%73%6f%6e\/wp\/v2\/types\/post"}],"author":[{"embeddable":true,"href":"https:\/\/informelitoral.com.ar\/%77%70%2d%6a%73%6f%6e\/wp\/v2\/users\/8"}],"replies":[{"embeddable":true,"href":"https:\/\/informelitoral.com.ar\/%77%70%2d%6a%73%6f%6e\/wp\/v2\/comments?post=173806"}],"version-history":[{"count":0,"href":"https:\/\/informelitoral.com.ar\/%77%70%2d%6a%73%6f%6e\/wp\/v2\/posts\/173806\/revisions"}],"wp:featuredmedia":[{"embeddable":true,"href":"https:\/\/informelitoral.com.ar\/%77%70%2d%6a%73%6f%6e\/wp\/v2\/media\/173812"}],"wp:attachment":[{"href":"https:\/\/informelitoral.com.ar\/%77%70%2d%6a%73%6f%6e\/wp\/v2\/media?parent=173806"}],"wp:term":[{"taxonomy":"category","embeddable":true,"href":"https:\/\/informelitoral.com.ar\/%77%70%2d%6a%73%6f%6e\/wp\/v2\/categories?post=173806"},{"taxonomy":"post_tag","embeddable":true,"href":"https:\/\/informelitoral.com.ar\/%77%70%2d%6a%73%6f%6e\/wp\/v2\/tags?post=173806"}],"curies":[{"name":"wp","href":"https:\/\/api.w.org\/{rel}","templated":true}]}}