{"id":17379,"date":"2016-07-26T08:07:49","date_gmt":"2016-07-26T11:07:49","guid":{"rendered":"http:\/\/www.isletasnoticias.com.ar\/?p=17379"},"modified":"2016-07-26T08:07:49","modified_gmt":"2016-07-26T11:07:49","slug":"universitarios-entrerrianos-disconformes-con-las-politicas-de-macri","status":"publish","type":"post","link":"https:\/\/informelitoral.com.ar\/universitarios-entrerrianos-disconformes-con-las-politicas-de-macri\/","title":{"rendered":"Universitarios entrerrianos disconformes con las pol\u00edticas de Macri"},"content":{"rendered":"<p><strong>Desde las diferentes vertientes pol\u00edticas de militancia estudiantil se\u00f1alan de modo negativo \u00abel ajuste\u00bb implementado desde el gobierno nacional de <em>Mauricio Macri,<\/em> que incluye recortes en la educaci\u00f3n formal e informal en todos los niveles. En lo que va de 2016 ya hubo conflictos con docentes y movilizaciones por m\u00e1s presupuesto para las casas de estudio nacionales.<a href=\"http:\/\/www.isletasnoticias.com.ar\/%77%70%2d%63%6f%6e%74%65%6e%74\/uploads\/2016\/07\/ParoDocentesUniversitariosUniversidadUnerFacultadCienciasdelaEducaci\u00f3n.jpg\"><img loading=\"lazy\" decoding=\"async\" class=\"aligncenter wp-image-17380 size-full\" src=\"http:\/\/www.isletasnoticias.com.ar\/%77%70%2d%63%6f%6e%74%65%6e%74\/uploads\/2016\/07\/ParoDocentesUniversitariosUniversidadUnerFacultadCienciasdelaEducaci\u00f3n.jpg\" alt=\"ParoDocentesUniversitariosUniversidadUnerFacultadCienciasdelaEducaci\u00f3n\" width=\"900\" height=\"527\" srcset=\"https:\/\/informelitoral.com.ar\/%77%70%2d%63%6f%6e%74%65%6e%74\/uploads\/2016\/07\/ParoDocentesUniversitariosUniversidadUnerFacultadCienciasdelaEducaci\u00f3n.jpg 900w, https:\/\/informelitoral.com.ar\/%77%70%2d%63%6f%6e%74%65%6e%74\/uploads\/2016\/07\/ParoDocentesUniversitariosUniversidadUnerFacultadCienciasdelaEducaci\u00f3n-300x176.jpg 300w, https:\/\/informelitoral.com.ar\/%77%70%2d%63%6f%6e%74%65%6e%74\/uploads\/2016\/07\/ParoDocentesUniversitariosUniversidadUnerFacultadCienciasdelaEducaci\u00f3n-768x450.jpg 768w\" sizes=\"auto, (max-width: 900px) 100vw, 900px\" \/><\/a> <\/strong><\/p>\n<p>Los estudiantes universitarios transitan actualmente un camino que presenta m\u00e1s dudas que certezas. Desde la asunci\u00f3n de <em>Cambiemos\u00a0<\/em>al frente del Ejecutivo nacional, el plan de ajuste general implementado ha incluido recortes en el plano educativo. Esto incluy\u00f3 una paritaria con docentes universitarios que present\u00f3 medidas de fuerza y movilizaciones en las que se reclam\u00f3 mayor presupuesto para las casas de estudio.<\/p>\n<p>\u201cEl gobierno macrista es el gobierno de los Ceos\u201d se\u00f1al\u00f3 <strong>Gina Turtula<\/strong>, integrante del Frente Universitario de Estudiantes en Luchas (Fuel), una agrupaci\u00f3n del a Facultad de Ciencias de la Educaci\u00f3n (FCE) de la Universidad Nacional de Entre R\u00edos (UNER), integrada por militantes de izquierda, algunos de ellos enrolados en partidos como el Movimiento Socialista de los Trabajadores (MST), el Partido Comunista Revolucionario (PCR) y el Partido del Trabajo y el Pueblo (PTP).<\/p>\n<p>\u201cMacri dej\u00f3 en claro desde el principio para qui\u00e9n gobierna: le quit\u00f3 las retenciones a la megaminer\u00eda contaminante, a la vez que aplic\u00f3 ajustes brutales contra el pueblo. Estas pol\u00edticas se han llevado adelante con la complicidad de los gobiernos provinciales y los partidos tradicionales, como el Partido Justicialista y la Uni\u00f3n C\u00edvica Radical\u201d, dijo la estudiante. Si bien desde el Fuel critican duramente la gesti\u00f3n macrista, consideran que en realidad \u201ces una continuidad de las pol\u00edticas aplicadas durante el kirchnerismo\u201d, indic\u00f3.<\/p>\n<p>Turtula sostuvo adem\u00e1s que \u201clas movilizaciones universitarias y los cacerolazos contra los tarifazos demuestran que los sectores populares, los j\u00f3venes y los trabajadores van a estar en la calle poni\u00e9ndole un freno a sus pol\u00edticas entreguistas y antipopulares. En este camino seguiremos construyendo la mayor unidad para frenar el ajuste\u201d. Y finaliz\u00f3: \u201cel ajuste tambi\u00e9n se sinti\u00f3 en la universidad, donde hubo recortes en el presupuesto y se debatieron paritarias docentes a la baja. Es una verg\u00fcenza que discutamos la educaci\u00f3n en t\u00e9rminos de si alcanza o no el presupuesto para pagar la luz\u201d.<\/p>\n<p>En el mismo sentido, <strong>Florencia Bauer<\/strong>, militante del Movimiento Nacional Reformista (MNR), brazo universitario del Partido Socialista (PS), sostuvo que \u201clos estudiantes no pueden ignorar el actual contexto nacional. Vivimos en carne propia las decisiones tomadas por el actual gobierno Nacional respecto no s\u00f3lo a lo econ\u00f3mico sino a lo social\u201d. La joven, quien estudia Ciencias Pol\u00edticas en la Facultad de Trabajo Social (FTS) en la UNER, remarc\u00f3 que \u201cel recorte presupuestario en las universidades p\u00fablicas, la precarizaci\u00f3n laboral, el aumento de las rentas para las empresas mineras, las modificaciones en la Ley de Tierras y los tarifaozos son pol\u00edticas que van en concordancia con la ideolog\u00eda de este gobierno, que no piensa en absoluto en los m\u00e1s desfavorecidos\u201d.<\/p>\n<p>Bauer se\u00f1al\u00f3 por \u00faltimo que \u201cpodemos ver como el festejo a la competencia es la nueva vedette en la escena p\u00fablica. El individualismo es uno de los valores fundamentales de la sociedad capitalista, en este sentido, el premio al m\u00e9rito personal en lo que uno se proponga lejos est\u00e1 de enaltecer los valores de solidaridad y de cooperaci\u00f3n. Nos duele, como ciudadanos y universitarios, porque lo sentimos en carne propia.<\/p>\n<p><strong>William Vernackt<\/strong> es militante del Frente Uader <em>Entre Todos<\/em>, una agrupaci\u00f3n kirchnerista que participa de la vida democr\u00e1tica de la Universidad Aut\u00f3noma de Entre R\u00edos (Uader). El joven calific\u00f3 como \u201cdevastador\u201d al programa pol\u00edtico de <em>Cambiemos<\/em>, a quien acus\u00f3 de avasallar derechos civiles y humanos: \u201cdespidos masivos en el sector p\u00fablico y privado, tarifazos en los servicios b\u00e1sicos que impactan de lleno en la clase trabajadora, represi\u00f3n de la protesta social, proyectos de financiaci\u00f3n irrisorios hacia la milicia, desmantelamiento de programas como el Conectar igualdad, Qunita y FiNES van de la mano con la indiferencia demostrada h\u00a0 Finalmente los que m\u00e1s nos compromete es la indiferencia hacia las instituciones p\u00fablicas de la educaci\u00f3n y la salud\u201d.<\/p>\n<p>Para Vernackt el futuro de los estudiantes es, al menos, incierto: \u201cvivimos en un clima de total desconcierto. En esto \u00faltimos meses se ha recortado el presupuesto de becas, insumos y programas relacionados a la educaci\u00f3n y formaci\u00f3n. El ejemplo m\u00e1s claro son las becas nacionales y el programa Progresar, que al d\u00eda de hoy no sabemos c\u00f3mo va a continuar y del cual ya han sido dados de baja cientos de estudiantes, muchos de los cuales acced\u00edan por primera vez a la educaci\u00f3n superior\u201d. <em>(AIM Digital)<\/em><\/p>\n","protected":false},"excerpt":{"rendered":"<p>Desde las diferentes vertientes pol&iacute;ticas de militancia estudiantil se&ntilde;alan de modo negativo &laquo;el ajuste&raquo; implementado desde el gobierno nacional de Mauricio Macri, que incluye recortes en la educaci&oacute;n formal e informal en todos los niveles. En lo que va de 2016 ya hubo conflictos con docentes y movilizaciones por m&aacute;s presupuesto para las casas de [&hellip;]<\/p>\n","protected":false},"author":2,"featured_media":0,"comment_status":"open","ping_status":"open","sticky":false,"template":"","format":"standard","meta":{"fifu_image_url":"","fifu_image_alt":"","footnotes":""},"categories":[6,16],"tags":[],"class_list":{"0":"post-17379","1":"post","2":"type-post","3":"status-publish","4":"format-standard","6":"category-entre-rios","7":"category-politi"},"yoast_head":"<title>Universitarios entrerrianos disconformes con las pol\u00edticas de Macri - Informe Litoral<\/title>\n<meta name=\"robots\" content=\"index, follow, max-snippet:-1, max-image-preview:large, max-video-preview:-1\" \/>\n<link rel=\"canonical\" href=\"https:\/\/informelitoral.com.ar\/universitarios-entrerrianos-disconformes-con-las-politicas-de-macri\/\" \/>\n<meta property=\"og:locale\" content=\"es_ES\" \/>\n<meta property=\"og:type\" content=\"article\" \/>\n<meta property=\"og:title\" content=\"Universitarios entrerrianos disconformes con las pol\u00edticas de Macri - Informe Litoral\" \/>\n<meta property=\"og:description\" content=\"Desde las diferentes vertientes pol&iacute;ticas de militancia estudiantil se&ntilde;alan de modo negativo &laquo;el ajuste&raquo; implementado desde el gobierno nacional de Mauricio Macri, que incluye recortes en la educaci&oacute;n formal e informal en todos los niveles. En lo que va de 2016 ya hubo conflictos con docentes y movilizaciones por m&aacute;s presupuesto para las casas de [&hellip;]\" \/>\n<meta property=\"og:url\" content=\"https:\/\/informelitoral.com.ar\/universitarios-entrerrianos-disconformes-con-las-politicas-de-macri\/\" \/>\n<meta property=\"og:site_name\" content=\"Informe Litoral\" \/>\n<meta property=\"article:publisher\" content=\"https:\/\/www.facebook.com\/informelitoral\/\" \/>\n<meta property=\"article:published_time\" content=\"2016-07-26T11:07:49+00:00\" \/>\n<meta name=\"author\" content=\"Gonzalo Schmidt\" \/>\n<meta name=\"twitter:card\" content=\"summary_large_image\" \/>\n<meta name=\"twitter:creator\" content=\"@InformeLitoral\" \/>\n<meta name=\"twitter:site\" content=\"@InformeLitoral\" \/>\n<meta name=\"twitter:label1\" content=\"Escrito por\" \/>\n\t<meta name=\"twitter:data1\" content=\"Gonzalo Schmidt\" \/>\n\t<meta name=\"twitter:label2\" content=\"Tiempo de lectura\" \/>\n\t<meta name=\"twitter:data2\" content=\"4 minutos\" \/>\n<script type=\"application\/ld+json\" class=\"yoast-schema-graph\">{\"@context\":\"https:\\\/\\\/schema.org\",\"@graph\":[{\"@type\":\"Article\",\"@id\":\"https:\\\/\\\/informelitoral.com.ar\\\/universitarios-entrerrianos-disconformes-con-las-politicas-de-macri\\\/#article\",\"isPartOf\":{\"@id\":\"https:\\\/\\\/informelitoral.com.ar\\\/universitarios-entrerrianos-disconformes-con-las-politicas-de-macri\\\/\"},\"author\":{\"name\":\"Gonzalo Schmidt\",\"@id\":\"https:\\\/\\\/informelitoral.com.ar\\\/#\\\/schema\\\/person\\\/b9d00407c836482871ef1d57bf8e3180\"},\"headline\":\"Universitarios entrerrianos disconformes con las pol\u00edticas de Macri\",\"datePublished\":\"2016-07-26T11:07:49+00:00\",\"mainEntityOfPage\":{\"@id\":\"https:\\\/\\\/informelitoral.com.ar\\\/universitarios-entrerrianos-disconformes-con-las-politicas-de-macri\\\/\"},\"wordCount\":824,\"commentCount\":0,\"publisher\":{\"@id\":\"https:\\\/\\\/informelitoral.com.ar\\\/#organization\"},\"articleSection\":[\"Entre R\u00edos\",\"Politica\"],\"inLanguage\":\"es\",\"potentialAction\":[{\"@type\":\"CommentAction\",\"name\":\"Comment\",\"target\":[\"https:\\\/\\\/informelitoral.com.ar\\\/universitarios-entrerrianos-disconformes-con-las-politicas-de-macri\\\/#respond\"]}]},{\"@type\":\"WebPage\",\"@id\":\"https:\\\/\\\/informelitoral.com.ar\\\/universitarios-entrerrianos-disconformes-con-las-politicas-de-macri\\\/\",\"url\":\"https:\\\/\\\/informelitoral.com.ar\\\/universitarios-entrerrianos-disconformes-con-las-politicas-de-macri\\\/\",\"name\":\"Universitarios entrerrianos disconformes con las pol\u00edticas de Macri - Informe Litoral\",\"isPartOf\":{\"@id\":\"https:\\\/\\\/informelitoral.com.ar\\\/#website\"},\"datePublished\":\"2016-07-26T11:07:49+00:00\",\"breadcrumb\":{\"@id\":\"https:\\\/\\\/informelitoral.com.ar\\\/universitarios-entrerrianos-disconformes-con-las-politicas-de-macri\\\/#breadcrumb\"},\"inLanguage\":\"es\",\"potentialAction\":[{\"@type\":\"ReadAction\",\"target\":[\"https:\\\/\\\/informelitoral.com.ar\\\/universitarios-entrerrianos-disconformes-con-las-politicas-de-macri\\\/\"]}]},{\"@type\":\"BreadcrumbList\",\"@id\":\"https:\\\/\\\/informelitoral.com.ar\\\/universitarios-entrerrianos-disconformes-con-las-politicas-de-macri\\\/#breadcrumb\",\"itemListElement\":[{\"@type\":\"ListItem\",\"position\":1,\"name\":\"Portada\",\"item\":\"https:\\\/\\\/informelitoral.com.ar\\\/\"},{\"@type\":\"ListItem\",\"position\":2,\"name\":\"Universitarios entrerrianos disconformes con las pol\u00edticas de Macri\"}]},{\"@type\":\"WebSite\",\"@id\":\"https:\\\/\\\/informelitoral.com.ar\\\/#website\",\"url\":\"https:\\\/\\\/informelitoral.com.ar\\\/\",\"name\":\"Informe Litoral\",\"description\":\"&quot;Nos informamos&quot; \",\"publisher\":{\"@id\":\"https:\\\/\\\/informelitoral.com.ar\\\/#organization\"},\"potentialAction\":[{\"@type\":\"SearchAction\",\"target\":{\"@type\":\"EntryPoint\",\"urlTemplate\":\"https:\\\/\\\/informelitoral.com.ar\\\/?s={search_term_string}\"},\"query-input\":{\"@type\":\"PropertyValueSpecification\",\"valueRequired\":true,\"valueName\":\"search_term_string\"}}],\"inLanguage\":\"es\"},{\"@type\":\"Organization\",\"@id\":\"https:\\\/\\\/informelitoral.com.ar\\\/#organization\",\"name\":\"Informe Litoral\",\"url\":\"https:\\\/\\\/informelitoral.com.ar\\\/\",\"logo\":{\"@type\":\"ImageObject\",\"inLanguage\":\"es\",\"@id\":\"https:\\\/\\\/informelitoral.com.ar\\\/#\\\/schema\\\/logo\\\/image\\\/\",\"url\":\"https:\\\/\\\/informelitoral.com.ar\\\/%77%70%2d%63%6f%6e%74%65%6e%74\\\/uploads\\\/2021\\\/01\\\/circulo.png\",\"contentUrl\":\"https:\\\/\\\/informelitoral.com.ar\\\/%77%70%2d%63%6f%6e%74%65%6e%74\\\/uploads\\\/2021\\\/01\\\/circulo.png\",\"width\":723,\"height\":731,\"caption\":\"Informe Litoral\"},\"image\":{\"@id\":\"https:\\\/\\\/informelitoral.com.ar\\\/#\\\/schema\\\/logo\\\/image\\\/\"},\"sameAs\":[\"https:\\\/\\\/www.facebook.com\\\/informelitoral\\\/\",\"https:\\\/\\\/x.com\\\/InformeLitoral\",\"https:\\\/\\\/www.instagram.com\\\/informelitoral\\\/\",\"https:\\\/\\\/www.youtube.com\\\/channel\\\/UCua4Qvz8Icb6MYqhoq9xLXw\"]},{\"@type\":\"Person\",\"@id\":\"https:\\\/\\\/informelitoral.com.ar\\\/#\\\/schema\\\/person\\\/b9d00407c836482871ef1d57bf8e3180\",\"name\":\"Gonzalo Schmidt\",\"image\":{\"@type\":\"ImageObject\",\"inLanguage\":\"es\",\"@id\":\"https:\\\/\\\/secure.gravatar.com\\\/avatar\\\/31a1a7b66ff2de83bd0e9fd79d026630d2d99e55e8bfe501287647b4fd9743de?s=96&d=mm&r=g\",\"url\":\"https:\\\/\\\/secure.gravatar.com\\\/avatar\\\/31a1a7b66ff2de83bd0e9fd79d026630d2d99e55e8bfe501287647b4fd9743de?s=96&d=mm&r=g\",\"contentUrl\":\"https:\\\/\\\/secure.gravatar.com\\\/avatar\\\/31a1a7b66ff2de83bd0e9fd79d026630d2d99e55e8bfe501287647b4fd9743de?s=96&d=mm&r=g\",\"caption\":\"Gonzalo Schmidt\"},\"description\":\"Sitio web de noticias de la provincia de Entre R\u00edos, Argentina. Informaci\u00f3n y entretenimiento. Informe Litoral, nos informamos.\",\"sameAs\":[\"http:\\\/\\\/www.isletasnoticias.com.ar\"],\"url\":\"https:\\\/\\\/informelitoral.com.ar\\\/author\\\/gonzalo\\\/\"}]}<\/script>","yoast_head_json":{"title":"Universitarios entrerrianos disconformes con las pol\u00edticas de Macri - Informe Litoral","robots":{"index":"index","follow":"follow","max-snippet":"max-snippet:-1","max-image-preview":"max-image-preview:large","max-video-preview":"max-video-preview:-1"},"canonical":"https:\/\/informelitoral.com.ar\/universitarios-entrerrianos-disconformes-con-las-politicas-de-macri\/","og_locale":"es_ES","og_type":"article","og_title":"Universitarios entrerrianos disconformes con las pol\u00edticas de Macri - Informe Litoral","og_description":"Desde las diferentes vertientes pol&iacute;ticas de militancia estudiantil se&ntilde;alan de modo negativo &laquo;el ajuste&raquo; implementado desde el gobierno nacional de Mauricio Macri, que incluye recortes en la educaci&oacute;n formal e informal en todos los niveles. En lo que va de 2016 ya hubo conflictos con docentes y movilizaciones por m&aacute;s presupuesto para las casas de [&hellip;]","og_url":"https:\/\/informelitoral.com.ar\/universitarios-entrerrianos-disconformes-con-las-politicas-de-macri\/","og_site_name":"Informe Litoral","article_publisher":"https:\/\/www.facebook.com\/informelitoral\/","article_published_time":"2016-07-26T11:07:49+00:00","author":"Gonzalo Schmidt","twitter_card":"summary_large_image","twitter_creator":"@InformeLitoral","twitter_site":"@InformeLitoral","twitter_misc":{"Escrito por":"Gonzalo Schmidt","Tiempo de lectura":"4 minutos"},"schema":{"@context":"https:\/\/schema.org","@graph":[{"@type":"Article","@id":"https:\/\/informelitoral.com.ar\/universitarios-entrerrianos-disconformes-con-las-politicas-de-macri\/#article","isPartOf":{"@id":"https:\/\/informelitoral.com.ar\/universitarios-entrerrianos-disconformes-con-las-politicas-de-macri\/"},"author":{"name":"Gonzalo Schmidt","@id":"https:\/\/informelitoral.com.ar\/#\/schema\/person\/b9d00407c836482871ef1d57bf8e3180"},"headline":"Universitarios entrerrianos disconformes con las pol\u00edticas de Macri","datePublished":"2016-07-26T11:07:49+00:00","mainEntityOfPage":{"@id":"https:\/\/informelitoral.com.ar\/universitarios-entrerrianos-disconformes-con-las-politicas-de-macri\/"},"wordCount":824,"commentCount":0,"publisher":{"@id":"https:\/\/informelitoral.com.ar\/#organization"},"articleSection":["Entre R\u00edos","Politica"],"inLanguage":"es","potentialAction":[{"@type":"CommentAction","name":"Comment","target":["https:\/\/informelitoral.com.ar\/universitarios-entrerrianos-disconformes-con-las-politicas-de-macri\/#respond"]}]},{"@type":"WebPage","@id":"https:\/\/informelitoral.com.ar\/universitarios-entrerrianos-disconformes-con-las-politicas-de-macri\/","url":"https:\/\/informelitoral.com.ar\/universitarios-entrerrianos-disconformes-con-las-politicas-de-macri\/","name":"Universitarios entrerrianos disconformes con las pol\u00edticas de Macri - Informe Litoral","isPartOf":{"@id":"https:\/\/informelitoral.com.ar\/#website"},"datePublished":"2016-07-26T11:07:49+00:00","breadcrumb":{"@id":"https:\/\/informelitoral.com.ar\/universitarios-entrerrianos-disconformes-con-las-politicas-de-macri\/#breadcrumb"},"inLanguage":"es","potentialAction":[{"@type":"ReadAction","target":["https:\/\/informelitoral.com.ar\/universitarios-entrerrianos-disconformes-con-las-politicas-de-macri\/"]}]},{"@type":"BreadcrumbList","@id":"https:\/\/informelitoral.com.ar\/universitarios-entrerrianos-disconformes-con-las-politicas-de-macri\/#breadcrumb","itemListElement":[{"@type":"ListItem","position":1,"name":"Portada","item":"https:\/\/informelitoral.com.ar\/"},{"@type":"ListItem","position":2,"name":"Universitarios entrerrianos disconformes con las pol\u00edticas de Macri"}]},{"@type":"WebSite","@id":"https:\/\/informelitoral.com.ar\/#website","url":"https:\/\/informelitoral.com.ar\/","name":"Informe Litoral","description":"&quot;Nos informamos&quot; ","publisher":{"@id":"https:\/\/informelitoral.com.ar\/#organization"},"potentialAction":[{"@type":"SearchAction","target":{"@type":"EntryPoint","urlTemplate":"https:\/\/informelitoral.com.ar\/?s={search_term_string}"},"query-input":{"@type":"PropertyValueSpecification","valueRequired":true,"valueName":"search_term_string"}}],"inLanguage":"es"},{"@type":"Organization","@id":"https:\/\/informelitoral.com.ar\/#organization","name":"Informe Litoral","url":"https:\/\/informelitoral.com.ar\/","logo":{"@type":"ImageObject","inLanguage":"es","@id":"https:\/\/informelitoral.com.ar\/#\/schema\/logo\/image\/","url":"https:\/\/informelitoral.com.ar\/%77%70%2d%63%6f%6e%74%65%6e%74\/uploads\/2021\/01\/circulo.png","contentUrl":"https:\/\/informelitoral.com.ar\/%77%70%2d%63%6f%6e%74%65%6e%74\/uploads\/2021\/01\/circulo.png","width":723,"height":731,"caption":"Informe Litoral"},"image":{"@id":"https:\/\/informelitoral.com.ar\/#\/schema\/logo\/image\/"},"sameAs":["https:\/\/www.facebook.com\/informelitoral\/","https:\/\/x.com\/InformeLitoral","https:\/\/www.instagram.com\/informelitoral\/","https:\/\/www.youtube.com\/channel\/UCua4Qvz8Icb6MYqhoq9xLXw"]},{"@type":"Person","@id":"https:\/\/informelitoral.com.ar\/#\/schema\/person\/b9d00407c836482871ef1d57bf8e3180","name":"Gonzalo Schmidt","image":{"@type":"ImageObject","inLanguage":"es","@id":"https:\/\/secure.gravatar.com\/avatar\/31a1a7b66ff2de83bd0e9fd79d026630d2d99e55e8bfe501287647b4fd9743de?s=96&d=mm&r=g","url":"https:\/\/secure.gravatar.com\/avatar\/31a1a7b66ff2de83bd0e9fd79d026630d2d99e55e8bfe501287647b4fd9743de?s=96&d=mm&r=g","contentUrl":"https:\/\/secure.gravatar.com\/avatar\/31a1a7b66ff2de83bd0e9fd79d026630d2d99e55e8bfe501287647b4fd9743de?s=96&d=mm&r=g","caption":"Gonzalo Schmidt"},"description":"Sitio web de noticias de la provincia de Entre R\u00edos, Argentina. Informaci\u00f3n y entretenimiento. Informe Litoral, nos informamos.","sameAs":["http:\/\/www.isletasnoticias.com.ar"],"url":"https:\/\/informelitoral.com.ar\/author\/gonzalo\/"}]}},"_links":{"self":[{"href":"https:\/\/informelitoral.com.ar\/%77%70%2d%6a%73%6f%6e\/wp\/v2\/posts\/17379","targetHints":{"allow":["GET"]}}],"collection":[{"href":"https:\/\/informelitoral.com.ar\/%77%70%2d%6a%73%6f%6e\/wp\/v2\/posts"}],"about":[{"href":"https:\/\/informelitoral.com.ar\/%77%70%2d%6a%73%6f%6e\/wp\/v2\/types\/post"}],"author":[{"embeddable":true,"href":"https:\/\/informelitoral.com.ar\/%77%70%2d%6a%73%6f%6e\/wp\/v2\/users\/2"}],"replies":[{"embeddable":true,"href":"https:\/\/informelitoral.com.ar\/%77%70%2d%6a%73%6f%6e\/wp\/v2\/comments?post=17379"}],"version-history":[{"count":0,"href":"https:\/\/informelitoral.com.ar\/%77%70%2d%6a%73%6f%6e\/wp\/v2\/posts\/17379\/revisions"}],"wp:attachment":[{"href":"https:\/\/informelitoral.com.ar\/%77%70%2d%6a%73%6f%6e\/wp\/v2\/media?parent=17379"}],"wp:term":[{"taxonomy":"category","embeddable":true,"href":"https:\/\/informelitoral.com.ar\/%77%70%2d%6a%73%6f%6e\/wp\/v2\/categories?post=17379"},{"taxonomy":"post_tag","embeddable":true,"href":"https:\/\/informelitoral.com.ar\/%77%70%2d%6a%73%6f%6e\/wp\/v2\/tags?post=17379"}],"curies":[{"name":"wp","href":"https:\/\/api.w.org\/{rel}","templated":true}]}}