{"id":173748,"date":"2023-11-27T07:59:55","date_gmt":"2023-11-27T10:59:55","guid":{"rendered":"https:\/\/www.informelitoral.com.ar\/?p=173748"},"modified":"2023-11-27T23:27:34","modified_gmt":"2023-11-28T02:27:34","slug":"inflacion-en-la-semana-previa-al-balotaje-hubo-suba-del-43","status":"publish","type":"post","link":"https:\/\/informelitoral.com.ar\/inflacion-en-la-semana-previa-al-balotaje-hubo-suba-del-43\/","title":{"rendered":"Inflaci\u00f3n: en la semana previa al balotaje, hubo suba del 4,3%"},"content":{"rendered":"<p><b>La tercera semana de noviembre, la semana previa al balotaje que dio ganador a Javier Milei, cerr\u00f3 con una inflaci\u00f3n de 4,3% en alimentos y bebidas<\/b>\u00a0seg\u00fan report\u00f3 la consultora LCG. Expectativa por las medidas econ\u00f3micas mientras el presidente electo define a su Gabinete.<\/p>\n<p><b>Eso significa que el aumento de precios en alimentos marc\u00f3 una aceleraci\u00f3n de 2,7 puntos porcentuales respecto a la semana previa<\/b>. En tanto, la suba promedia el 10% en las \u00faltimas 4 semanas y 11,8% punta a punta en el mismo per\u00edodo. En lo que va del mes, se acumula un 8,1% de inflaci\u00f3n, seg\u00fan lo que reporta una de las consultoras m\u00e1s conocidas por los agentes econ\u00f3micos.<\/p>\n<p>Con amplias diferencias entre categor\u00edas, l\u00e1cteos aport\u00f3 el 23% de la variaci\u00f3n total, seguido por el rubro \u00abcomidas listas\u00bb que compens\u00f3 la ca\u00edda de la semana previa.<\/p>\n<p><strong>Inflaci\u00f3n: cu\u00e1les fueron los alimentos que m\u00e1s aumentaron<\/strong><\/p>\n<p><b>Comidas para llevar: 9,5%<br \/>\nProductos l\u00e1cteos y huevos: 7,3%<br \/>\nBebidas e infusiones para consumir en el hogar: 5,9%<br \/>\nProductos de panificaci\u00f3n, cereales y pastas: 5,9%<br \/>\nAceites: 4,1%<br \/>\nVerduras: 1,9%<br \/>\nCarnes: 1,5%<br \/>\nCondimentos y otros productos: 1,1%<br \/>\nFrutas: 0,7%<br \/>\nAz\u00facar, miel, dulces y cacao: 0,4%.<\/b><\/p>\n<p>En otro punto del informe, destacan que pese a no liderar los aumentos semanales, Carnes, panificados y bebidas explican el 64% de la inflaci\u00f3n mensual (6,4 p.p).<\/p>\n<h5><strong>Cu\u00e1nto marc\u00f3 la inflaci\u00f3n del Gobierno<\/strong><\/h5>\n<p>Seg\u00fan la Secretar\u00eda de Pol\u00edtica Econ\u00f3mica, a cargo de Gabriel Rubinstein, el \u00edndice de inflaci\u00f3n para la semana del 13 y el 19 de noviembre se situ\u00f3 en un 2,3%.<\/p>\n<p>Este dato, la primera despu\u00e9s del balotaje, mostr\u00f3 un aumento por encima del promedio en frutas y verduras, con incrementos superiores al 7%. Esta tendencia se observa tras una medici\u00f3n previa que arroj\u00f3 un aumento del 2,2%, tal como inform\u00f3 \u00c1mbito.<\/p>\n<p>Seg\u00fan los datos presentados por la Secretar\u00eda de Pol\u00edtica Econ\u00f3mica, la primera medici\u00f3n de noviembre registr\u00f3 un 2,3% en los primeros d\u00edas del mes, seguido por un 2,2% en la segunda medici\u00f3n. El informe m\u00e1s reciente, publicado este viernes, confirm\u00f3 un aumento del 2,3% entre el 13 y el 19 de noviembre.<\/p>\n<p><strong>El an\u00e1lisis semanal destac\u00f3 un aumento significativo en dos rubros:<\/strong><\/p>\n<p>Verduras: 12%.<br \/>\nFrutas: 7,4%.<br \/>\nAlimentos y bebidas de almac\u00e9n: 2,3%.<br \/>\nEn contraste, categor\u00edas como carnes, indumentaria y productos regulados se situaron por debajo del promedio, experimentando aumentos del 2,1%, un 1,6% y un 0,3%, respectivamente.<\/p>\n","protected":false},"excerpt":{"rendered":"<p>En lo que respecta a la tercera semana de noviembre, un estudio privado dio a conocer que la inflaci\u00f3n fue del orden del 4,3%. Todav\u00eda resta saber lo que ser\u00e1 la cuarta antes de iniciar diciembre.<\/p>\n","protected":false},"author":8,"featured_media":86646,"comment_status":"open","ping_status":"open","sticky":false,"template":"","format":"standard","meta":{"fifu_image_url":"","fifu_image_alt":"","footnotes":""},"categories":[1594,7],"tags":[95,449],"class_list":{"0":"post-173748","1":"post","2":"type-post","3":"status-publish","4":"format-standard","5":"has-post-thumbnail","7":"category-economia","8":"category-nacionales","9":"tag-inflacion","10":"tag-supermercado"},"yoast_head":"<title>Inflaci\u00f3n: en la semana previa al balotaje, hubo suba del 4,3% - Informe Litoral<\/title>\n<meta name=\"robots\" content=\"index, follow, max-snippet:-1, max-image-preview:large, max-video-preview:-1\" \/>\n<link rel=\"canonical\" href=\"https:\/\/informelitoral.com.ar\/inflacion-en-la-semana-previa-al-balotaje-hubo-suba-del-43\/\" \/>\n<meta property=\"og:locale\" content=\"es_ES\" \/>\n<meta property=\"og:type\" content=\"article\" \/>\n<meta property=\"og:title\" content=\"Inflaci\u00f3n: en la semana previa al balotaje, hubo suba del 4,3% - Informe Litoral\" \/>\n<meta property=\"og:description\" content=\"En lo que respecta a la tercera semana de noviembre, un estudio privado dio a conocer que la inflaci\u00f3n fue del orden del 4,3%. Todav\u00eda resta saber lo que ser\u00e1 la cuarta antes de iniciar diciembre.\" \/>\n<meta property=\"og:url\" content=\"https:\/\/informelitoral.com.ar\/inflacion-en-la-semana-previa-al-balotaje-hubo-suba-del-43\/\" \/>\n<meta property=\"og:site_name\" content=\"Informe Litoral\" \/>\n<meta property=\"article:publisher\" content=\"https:\/\/www.facebook.com\/informelitoral\/\" \/>\n<meta property=\"article:published_time\" content=\"2023-11-27T10:59:55+00:00\" \/>\n<meta property=\"article:modified_time\" content=\"2023-11-28T02:27:34+00:00\" \/>\n<meta property=\"og:image\" content=\"https:\/\/informelitoral.com.ar\/%77%70%2d%63%6f%6e%74%65%6e%74\/uploads\/2022\/09\/supermercado-tienda.jpeg\" \/>\n\t<meta property=\"og:image:width\" content=\"606\" \/>\n\t<meta property=\"og:image:height\" content=\"387\" \/>\n\t<meta property=\"og:image:type\" content=\"image\/jpeg\" \/>\n<meta name=\"author\" content=\"Sebastian\" \/>\n<meta name=\"twitter:card\" content=\"summary_large_image\" \/>\n<meta name=\"twitter:creator\" content=\"@InformeLitoral\" \/>\n<meta name=\"twitter:site\" content=\"@InformeLitoral\" \/>\n<meta name=\"twitter:label1\" content=\"Escrito por\" \/>\n\t<meta name=\"twitter:data1\" content=\"Sebastian\" \/>\n\t<meta name=\"twitter:label2\" content=\"Tiempo de lectura\" \/>\n\t<meta name=\"twitter:data2\" content=\"2 minutos\" \/>\n<script type=\"application\/ld+json\" class=\"yoast-schema-graph\">{\"@context\":\"https:\\\/\\\/schema.org\",\"@graph\":[{\"@type\":\"Article\",\"@id\":\"https:\\\/\\\/informelitoral.com.ar\\\/inflacion-en-la-semana-previa-al-balotaje-hubo-suba-del-43\\\/#article\",\"isPartOf\":{\"@id\":\"https:\\\/\\\/informelitoral.com.ar\\\/inflacion-en-la-semana-previa-al-balotaje-hubo-suba-del-43\\\/\"},\"author\":{\"name\":\"Sebastian\",\"@id\":\"https:\\\/\\\/informelitoral.com.ar\\\/#\\\/schema\\\/person\\\/f05f9f461677119578717524b127d6d5\"},\"headline\":\"Inflaci\u00f3n: en la semana previa al balotaje, hubo suba del 4,3%\",\"datePublished\":\"2023-11-27T10:59:55+00:00\",\"dateModified\":\"2023-11-28T02:27:34+00:00\",\"mainEntityOfPage\":{\"@id\":\"https:\\\/\\\/informelitoral.com.ar\\\/inflacion-en-la-semana-previa-al-balotaje-hubo-suba-del-43\\\/\"},\"wordCount\":409,\"commentCount\":0,\"publisher\":{\"@id\":\"https:\\\/\\\/informelitoral.com.ar\\\/#organization\"},\"image\":{\"@id\":\"https:\\\/\\\/informelitoral.com.ar\\\/inflacion-en-la-semana-previa-al-balotaje-hubo-suba-del-43\\\/#primaryimage\"},\"thumbnailUrl\":\"https:\\\/\\\/informelitoral.com.ar\\\/%77%70%2d%63%6f%6e%74%65%6e%74\\\/uploads\\\/2022\\\/09\\\/supermercado-tienda.jpeg\",\"keywords\":[\"Inflaci\u00f3n\",\"Supermercado\"],\"articleSection\":[\"Econom\u00eda\",\"Nacionales\"],\"inLanguage\":\"es\",\"potentialAction\":[{\"@type\":\"CommentAction\",\"name\":\"Comment\",\"target\":[\"https:\\\/\\\/informelitoral.com.ar\\\/inflacion-en-la-semana-previa-al-balotaje-hubo-suba-del-43\\\/#respond\"]}]},{\"@type\":\"WebPage\",\"@id\":\"https:\\\/\\\/informelitoral.com.ar\\\/inflacion-en-la-semana-previa-al-balotaje-hubo-suba-del-43\\\/\",\"url\":\"https:\\\/\\\/informelitoral.com.ar\\\/inflacion-en-la-semana-previa-al-balotaje-hubo-suba-del-43\\\/\",\"name\":\"Inflaci\u00f3n: en la semana previa al balotaje, hubo suba del 4,3% - Informe Litoral\",\"isPartOf\":{\"@id\":\"https:\\\/\\\/informelitoral.com.ar\\\/#website\"},\"primaryImageOfPage\":{\"@id\":\"https:\\\/\\\/informelitoral.com.ar\\\/inflacion-en-la-semana-previa-al-balotaje-hubo-suba-del-43\\\/#primaryimage\"},\"image\":{\"@id\":\"https:\\\/\\\/informelitoral.com.ar\\\/inflacion-en-la-semana-previa-al-balotaje-hubo-suba-del-43\\\/#primaryimage\"},\"thumbnailUrl\":\"https:\\\/\\\/informelitoral.com.ar\\\/%77%70%2d%63%6f%6e%74%65%6e%74\\\/uploads\\\/2022\\\/09\\\/supermercado-tienda.jpeg\",\"datePublished\":\"2023-11-27T10:59:55+00:00\",\"dateModified\":\"2023-11-28T02:27:34+00:00\",\"breadcrumb\":{\"@id\":\"https:\\\/\\\/informelitoral.com.ar\\\/inflacion-en-la-semana-previa-al-balotaje-hubo-suba-del-43\\\/#breadcrumb\"},\"inLanguage\":\"es\",\"potentialAction\":[{\"@type\":\"ReadAction\",\"target\":[\"https:\\\/\\\/informelitoral.com.ar\\\/inflacion-en-la-semana-previa-al-balotaje-hubo-suba-del-43\\\/\"]}]},{\"@type\":\"ImageObject\",\"inLanguage\":\"es\",\"@id\":\"https:\\\/\\\/informelitoral.com.ar\\\/inflacion-en-la-semana-previa-al-balotaje-hubo-suba-del-43\\\/#primaryimage\",\"url\":\"https:\\\/\\\/informelitoral.com.ar\\\/%77%70%2d%63%6f%6e%74%65%6e%74\\\/uploads\\\/2022\\\/09\\\/supermercado-tienda.jpeg\",\"contentUrl\":\"https:\\\/\\\/informelitoral.com.ar\\\/%77%70%2d%63%6f%6e%74%65%6e%74\\\/uploads\\\/2022\\\/09\\\/supermercado-tienda.jpeg\",\"width\":606,\"height\":387},{\"@type\":\"BreadcrumbList\",\"@id\":\"https:\\\/\\\/informelitoral.com.ar\\\/inflacion-en-la-semana-previa-al-balotaje-hubo-suba-del-43\\\/#breadcrumb\",\"itemListElement\":[{\"@type\":\"ListItem\",\"position\":1,\"name\":\"Portada\",\"item\":\"https:\\\/\\\/informelitoral.com.ar\\\/\"},{\"@type\":\"ListItem\",\"position\":2,\"name\":\"Inflaci\u00f3n: en la semana previa al balotaje, hubo suba del 4,3%\"}]},{\"@type\":\"WebSite\",\"@id\":\"https:\\\/\\\/informelitoral.com.ar\\\/#website\",\"url\":\"https:\\\/\\\/informelitoral.com.ar\\\/\",\"name\":\"Informe Litoral\",\"description\":\"&quot;Nos informamos&quot; \",\"publisher\":{\"@id\":\"https:\\\/\\\/informelitoral.com.ar\\\/#organization\"},\"potentialAction\":[{\"@type\":\"SearchAction\",\"target\":{\"@type\":\"EntryPoint\",\"urlTemplate\":\"https:\\\/\\\/informelitoral.com.ar\\\/?s={search_term_string}\"},\"query-input\":{\"@type\":\"PropertyValueSpecification\",\"valueRequired\":true,\"valueName\":\"search_term_string\"}}],\"inLanguage\":\"es\"},{\"@type\":\"Organization\",\"@id\":\"https:\\\/\\\/informelitoral.com.ar\\\/#organization\",\"name\":\"Informe Litoral\",\"url\":\"https:\\\/\\\/informelitoral.com.ar\\\/\",\"logo\":{\"@type\":\"ImageObject\",\"inLanguage\":\"es\",\"@id\":\"https:\\\/\\\/informelitoral.com.ar\\\/#\\\/schema\\\/logo\\\/image\\\/\",\"url\":\"https:\\\/\\\/informelitoral.com.ar\\\/%77%70%2d%63%6f%6e%74%65%6e%74\\\/uploads\\\/2021\\\/01\\\/circulo.png\",\"contentUrl\":\"https:\\\/\\\/informelitoral.com.ar\\\/%77%70%2d%63%6f%6e%74%65%6e%74\\\/uploads\\\/2021\\\/01\\\/circulo.png\",\"width\":723,\"height\":731,\"caption\":\"Informe Litoral\"},\"image\":{\"@id\":\"https:\\\/\\\/informelitoral.com.ar\\\/#\\\/schema\\\/logo\\\/image\\\/\"},\"sameAs\":[\"https:\\\/\\\/www.facebook.com\\\/informelitoral\\\/\",\"https:\\\/\\\/x.com\\\/InformeLitoral\",\"https:\\\/\\\/www.instagram.com\\\/informelitoral\\\/\",\"https:\\\/\\\/www.youtube.com\\\/channel\\\/UCua4Qvz8Icb6MYqhoq9xLXw\"]},{\"@type\":\"Person\",\"@id\":\"https:\\\/\\\/informelitoral.com.ar\\\/#\\\/schema\\\/person\\\/f05f9f461677119578717524b127d6d5\",\"name\":\"Sebastian\",\"image\":{\"@type\":\"ImageObject\",\"inLanguage\":\"es\",\"@id\":\"https:\\\/\\\/secure.gravatar.com\\\/avatar\\\/b71bf7481d447dfb9583c7f2798e7cc64de6efb9067b74633ed8c31059a3bd82?s=96&d=mm&r=g\",\"url\":\"https:\\\/\\\/secure.gravatar.com\\\/avatar\\\/b71bf7481d447dfb9583c7f2798e7cc64de6efb9067b74633ed8c31059a3bd82?s=96&d=mm&r=g\",\"contentUrl\":\"https:\\\/\\\/secure.gravatar.com\\\/avatar\\\/b71bf7481d447dfb9583c7f2798e7cc64de6efb9067b74633ed8c31059a3bd82?s=96&d=mm&r=g\",\"caption\":\"Sebastian\"},\"url\":\"https:\\\/\\\/informelitoral.com.ar\\\/author\\\/sebastian\\\/\"}]}<\/script>","yoast_head_json":{"title":"Inflaci\u00f3n: en la semana previa al balotaje, hubo suba del 4,3% - Informe Litoral","robots":{"index":"index","follow":"follow","max-snippet":"max-snippet:-1","max-image-preview":"max-image-preview:large","max-video-preview":"max-video-preview:-1"},"canonical":"https:\/\/informelitoral.com.ar\/inflacion-en-la-semana-previa-al-balotaje-hubo-suba-del-43\/","og_locale":"es_ES","og_type":"article","og_title":"Inflaci\u00f3n: en la semana previa al balotaje, hubo suba del 4,3% - Informe Litoral","og_description":"En lo que respecta a la tercera semana de noviembre, un estudio privado dio a conocer que la inflaci\u00f3n fue del orden del 4,3%. Todav\u00eda resta saber lo que ser\u00e1 la cuarta antes de iniciar diciembre.","og_url":"https:\/\/informelitoral.com.ar\/inflacion-en-la-semana-previa-al-balotaje-hubo-suba-del-43\/","og_site_name":"Informe Litoral","article_publisher":"https:\/\/www.facebook.com\/informelitoral\/","article_published_time":"2023-11-27T10:59:55+00:00","article_modified_time":"2023-11-28T02:27:34+00:00","og_image":[{"width":606,"height":387,"url":"https:\/\/informelitoral.com.ar\/%77%70%2d%63%6f%6e%74%65%6e%74\/uploads\/2022\/09\/supermercado-tienda.jpeg","type":"image\/jpeg"}],"author":"Sebastian","twitter_card":"summary_large_image","twitter_creator":"@InformeLitoral","twitter_site":"@InformeLitoral","twitter_misc":{"Escrito por":"Sebastian","Tiempo de lectura":"2 minutos"},"schema":{"@context":"https:\/\/schema.org","@graph":[{"@type":"Article","@id":"https:\/\/informelitoral.com.ar\/inflacion-en-la-semana-previa-al-balotaje-hubo-suba-del-43\/#article","isPartOf":{"@id":"https:\/\/informelitoral.com.ar\/inflacion-en-la-semana-previa-al-balotaje-hubo-suba-del-43\/"},"author":{"name":"Sebastian","@id":"https:\/\/informelitoral.com.ar\/#\/schema\/person\/f05f9f461677119578717524b127d6d5"},"headline":"Inflaci\u00f3n: en la semana previa al balotaje, hubo suba del 4,3%","datePublished":"2023-11-27T10:59:55+00:00","dateModified":"2023-11-28T02:27:34+00:00","mainEntityOfPage":{"@id":"https:\/\/informelitoral.com.ar\/inflacion-en-la-semana-previa-al-balotaje-hubo-suba-del-43\/"},"wordCount":409,"commentCount":0,"publisher":{"@id":"https:\/\/informelitoral.com.ar\/#organization"},"image":{"@id":"https:\/\/informelitoral.com.ar\/inflacion-en-la-semana-previa-al-balotaje-hubo-suba-del-43\/#primaryimage"},"thumbnailUrl":"https:\/\/informelitoral.com.ar\/%77%70%2d%63%6f%6e%74%65%6e%74\/uploads\/2022\/09\/supermercado-tienda.jpeg","keywords":["Inflaci\u00f3n","Supermercado"],"articleSection":["Econom\u00eda","Nacionales"],"inLanguage":"es","potentialAction":[{"@type":"CommentAction","name":"Comment","target":["https:\/\/informelitoral.com.ar\/inflacion-en-la-semana-previa-al-balotaje-hubo-suba-del-43\/#respond"]}]},{"@type":"WebPage","@id":"https:\/\/informelitoral.com.ar\/inflacion-en-la-semana-previa-al-balotaje-hubo-suba-del-43\/","url":"https:\/\/informelitoral.com.ar\/inflacion-en-la-semana-previa-al-balotaje-hubo-suba-del-43\/","name":"Inflaci\u00f3n: en la semana previa al balotaje, hubo suba del 4,3% - Informe Litoral","isPartOf":{"@id":"https:\/\/informelitoral.com.ar\/#website"},"primaryImageOfPage":{"@id":"https:\/\/informelitoral.com.ar\/inflacion-en-la-semana-previa-al-balotaje-hubo-suba-del-43\/#primaryimage"},"image":{"@id":"https:\/\/informelitoral.com.ar\/inflacion-en-la-semana-previa-al-balotaje-hubo-suba-del-43\/#primaryimage"},"thumbnailUrl":"https:\/\/informelitoral.com.ar\/%77%70%2d%63%6f%6e%74%65%6e%74\/uploads\/2022\/09\/supermercado-tienda.jpeg","datePublished":"2023-11-27T10:59:55+00:00","dateModified":"2023-11-28T02:27:34+00:00","breadcrumb":{"@id":"https:\/\/informelitoral.com.ar\/inflacion-en-la-semana-previa-al-balotaje-hubo-suba-del-43\/#breadcrumb"},"inLanguage":"es","potentialAction":[{"@type":"ReadAction","target":["https:\/\/informelitoral.com.ar\/inflacion-en-la-semana-previa-al-balotaje-hubo-suba-del-43\/"]}]},{"@type":"ImageObject","inLanguage":"es","@id":"https:\/\/informelitoral.com.ar\/inflacion-en-la-semana-previa-al-balotaje-hubo-suba-del-43\/#primaryimage","url":"https:\/\/informelitoral.com.ar\/%77%70%2d%63%6f%6e%74%65%6e%74\/uploads\/2022\/09\/supermercado-tienda.jpeg","contentUrl":"https:\/\/informelitoral.com.ar\/%77%70%2d%63%6f%6e%74%65%6e%74\/uploads\/2022\/09\/supermercado-tienda.jpeg","width":606,"height":387},{"@type":"BreadcrumbList","@id":"https:\/\/informelitoral.com.ar\/inflacion-en-la-semana-previa-al-balotaje-hubo-suba-del-43\/#breadcrumb","itemListElement":[{"@type":"ListItem","position":1,"name":"Portada","item":"https:\/\/informelitoral.com.ar\/"},{"@type":"ListItem","position":2,"name":"Inflaci\u00f3n: en la semana previa al balotaje, hubo suba del 4,3%"}]},{"@type":"WebSite","@id":"https:\/\/informelitoral.com.ar\/#website","url":"https:\/\/informelitoral.com.ar\/","name":"Informe Litoral","description":"&quot;Nos informamos&quot; ","publisher":{"@id":"https:\/\/informelitoral.com.ar\/#organization"},"potentialAction":[{"@type":"SearchAction","target":{"@type":"EntryPoint","urlTemplate":"https:\/\/informelitoral.com.ar\/?s={search_term_string}"},"query-input":{"@type":"PropertyValueSpecification","valueRequired":true,"valueName":"search_term_string"}}],"inLanguage":"es"},{"@type":"Organization","@id":"https:\/\/informelitoral.com.ar\/#organization","name":"Informe Litoral","url":"https:\/\/informelitoral.com.ar\/","logo":{"@type":"ImageObject","inLanguage":"es","@id":"https:\/\/informelitoral.com.ar\/#\/schema\/logo\/image\/","url":"https:\/\/informelitoral.com.ar\/%77%70%2d%63%6f%6e%74%65%6e%74\/uploads\/2021\/01\/circulo.png","contentUrl":"https:\/\/informelitoral.com.ar\/%77%70%2d%63%6f%6e%74%65%6e%74\/uploads\/2021\/01\/circulo.png","width":723,"height":731,"caption":"Informe Litoral"},"image":{"@id":"https:\/\/informelitoral.com.ar\/#\/schema\/logo\/image\/"},"sameAs":["https:\/\/www.facebook.com\/informelitoral\/","https:\/\/x.com\/InformeLitoral","https:\/\/www.instagram.com\/informelitoral\/","https:\/\/www.youtube.com\/channel\/UCua4Qvz8Icb6MYqhoq9xLXw"]},{"@type":"Person","@id":"https:\/\/informelitoral.com.ar\/#\/schema\/person\/f05f9f461677119578717524b127d6d5","name":"Sebastian","image":{"@type":"ImageObject","inLanguage":"es","@id":"https:\/\/secure.gravatar.com\/avatar\/b71bf7481d447dfb9583c7f2798e7cc64de6efb9067b74633ed8c31059a3bd82?s=96&d=mm&r=g","url":"https:\/\/secure.gravatar.com\/avatar\/b71bf7481d447dfb9583c7f2798e7cc64de6efb9067b74633ed8c31059a3bd82?s=96&d=mm&r=g","contentUrl":"https:\/\/secure.gravatar.com\/avatar\/b71bf7481d447dfb9583c7f2798e7cc64de6efb9067b74633ed8c31059a3bd82?s=96&d=mm&r=g","caption":"Sebastian"},"url":"https:\/\/informelitoral.com.ar\/author\/sebastian\/"}]}},"_links":{"self":[{"href":"https:\/\/informelitoral.com.ar\/%77%70%2d%6a%73%6f%6e\/wp\/v2\/posts\/173748","targetHints":{"allow":["GET"]}}],"collection":[{"href":"https:\/\/informelitoral.com.ar\/%77%70%2d%6a%73%6f%6e\/wp\/v2\/posts"}],"about":[{"href":"https:\/\/informelitoral.com.ar\/%77%70%2d%6a%73%6f%6e\/wp\/v2\/types\/post"}],"author":[{"embeddable":true,"href":"https:\/\/informelitoral.com.ar\/%77%70%2d%6a%73%6f%6e\/wp\/v2\/users\/8"}],"replies":[{"embeddable":true,"href":"https:\/\/informelitoral.com.ar\/%77%70%2d%6a%73%6f%6e\/wp\/v2\/comments?post=173748"}],"version-history":[{"count":0,"href":"https:\/\/informelitoral.com.ar\/%77%70%2d%6a%73%6f%6e\/wp\/v2\/posts\/173748\/revisions"}],"wp:featuredmedia":[{"embeddable":true,"href":"https:\/\/informelitoral.com.ar\/%77%70%2d%6a%73%6f%6e\/wp\/v2\/media\/86646"}],"wp:attachment":[{"href":"https:\/\/informelitoral.com.ar\/%77%70%2d%6a%73%6f%6e\/wp\/v2\/media?parent=173748"}],"wp:term":[{"taxonomy":"category","embeddable":true,"href":"https:\/\/informelitoral.com.ar\/%77%70%2d%6a%73%6f%6e\/wp\/v2\/categories?post=173748"},{"taxonomy":"post_tag","embeddable":true,"href":"https:\/\/informelitoral.com.ar\/%77%70%2d%6a%73%6f%6e\/wp\/v2\/tags?post=173748"}],"curies":[{"name":"wp","href":"https:\/\/api.w.org\/{rel}","templated":true}]}}