{"id":173739,"date":"2023-11-27T07:57:22","date_gmt":"2023-11-27T10:57:22","guid":{"rendered":"https:\/\/www.informelitoral.com.ar\/?p=173739"},"modified":"2023-11-27T23:28:37","modified_gmt":"2023-11-28T02:28:37","slug":"monotributo-como-quedaran-las-escalas-de-facturacion-y-las-cuotas-desde-enero","status":"publish","type":"post","link":"https:\/\/informelitoral.com.ar\/monotributo-como-quedaran-las-escalas-de-facturacion-y-las-cuotas-desde-enero\/","title":{"rendered":"Monotributo: c\u00f3mo quedar\u00e1n las escalas de facturaci\u00f3n y las cuotas desde enero"},"content":{"rendered":"<p>La\u00a0<b>facturaci\u00f3n anual en la categor\u00eda m\u00e1xima del monotributo ser\u00e1<\/b>, a partir de enero de 2024, de aproximadamente\u00a0<b>$16.957.898 en la actividad de comercializaci\u00f3n de bienes y de alrededor de $11.916.360 si el contribuyente se dedica a la prestaci\u00f3n de servicios<\/b>.<\/p>\n<p>Si bien los nuevos montos no han sido oficializados, las estimaciones surgen de aplicarles a los valores actuales un reajuste seg\u00fan el esquema de actualizaciones establecido en la normativa vigente.<\/p>\n<p>El incremento de los montos de ingresos permitidos se ubica muy por debajo del nivel de inflaci\u00f3n, situaci\u00f3n que incrementa el riesgo para los contribuyentes de que la Administraci\u00f3n Federal de Ingresos P\u00fablicos (AFIP) los excluya del sistema simplificado por no cumplir con los requisitos, y quedar encuadrados en el r\u00e9gimen impositivo general, m\u00e1s oneroso y burocr\u00e1tico, aun cuando en algunos casos los ingresos recibidos por la actividad sean, en t\u00e9rminos de poder adquisitivo, m\u00e1s bajos que antes.<\/p>\n<p>De acuerdo con la normativa vigente para la actualizaci\u00f3n, los topes de ingresos m\u00ednimos y m\u00e1ximos que definen los par\u00e1metros de cada categor\u00eda, y tambi\u00e9n los topes de facturaci\u00f3n que permiten estar en el sistema subir\u00e1n un 49,02%, mientras que los importes a pagar por el impuesto integrado y los aportes al sistema jubilatorio y a la obra social aumentar\u00e1n un 110,9%.<\/p>\n<p>As\u00ed, en las\u00a0<b>categor\u00edas A y B<\/b>\u00a0-las m\u00e1s bajas- el componente tributario ser\u00e1 de $1.049 para el caso de compraventa de bienes y de $2.019 en el caso de prestaci\u00f3n de servicios, aproximadamente; el aporte jubilatorio se ubicar\u00e1 en $4.623 y de $5.085, y el pago para la obra social subir\u00e1 a $6.457 (en este caso, la cifra es igual para las dos categor\u00edas).\u00a0<b>Para quienes deben abonar los tres componentes, la cifra total es de $12.128 en la categor\u00eda A y de $13.562 en la B<\/b>.<\/p>\n<p>Seg\u00fan el mecanismo establecido por ley que rige desde 2018, las variables del esquema del monotributo se incrementan en el inicio de cada a\u00f1o, en un porcentaje igual al acumulado por el \u00edndice de movilidad jubilatoria de los doce meses previos. Este a\u00f1o, los haberes previsionales tendr\u00e1n un reajuste de 110,9% seg\u00fan la f\u00f3rmula de actualizaciones. Es un \u00edndice que se ubica muy por debajo del aumento general de precios que, seg\u00fan se desprende del Relevamiento de Expectativas de Mercado del Banco Central, cerrar\u00e1 el a\u00f1o en un nivel cercano al 200%.<\/p>\n<p>Los incrementos diferenciales se deben al mecanismo legal que habilita al Poder Ejecutivo a aplicar una actualizaci\u00f3n parcial en julio. Mientras que los aportes pagados por los monotributistas hasta diciembre de este a\u00f1o son los mismos que abonaban al iniciarse el a\u00f1o, los topes de facturaci\u00f3n ya sufrieron una modificaci\u00f3n.<\/p>\n<p>Por esa raz\u00f3n, en los reajustes previstos para enero se aplican diferentes proporciones. La suba de los ingresos permitidos a mitad de a\u00f1o fue de un porcentaje equivalente a la movilidad jubilatoria del primer semestre, de 41,52%. Por eso, ahora se prev\u00e9 que habr\u00e1 un aumento de 49,02%, que es la suba de haberes acumulada cuando se considera el reajuste concretado en septiembre (de 23,29%) y el anunciado para diciembre (de 20,87%).<\/p>\n<p><b>Nuevos par\u00e1metros por categor\u00eda<\/b><br \/>\nEn el caso de los ingresos m\u00e1ximos permitidos, con la actualizaci\u00f3n estimada funci\u00f3n del mecanismo legal, los valores aproximados ser\u00edan los siguientes.\u00a0<b>Categor\u00eda A: $2.108.279; B: $3.133.928; C: $4.387.500; D: $5.449.072; E: $6.416.502; F: $8.020.627; G: $9.624.753; H (escal\u00f3n m\u00e1s alto para la prestaci\u00f3n de servicios): $11.916.360<\/b>. En las tres categor\u00edas en las que solo se admite a quienes se dedican a la venta de cosas muebles, los ingresos topes ser\u00edan de $13.337.157 (H); $15.285.024 (I), y $16.957.898 (K).<\/p>\n<figure class=\"embed\"><img decoding=\"async\" title=\"\" src=\"https:\/\/elonce-media.elonce.com\/fotos-nuevo\/2023\/08\/29\/o_1693334994.jpg\" alt=\"\" width=\"640\" \/><\/figure>\n<p>Adem\u00e1s de esos topes, tambi\u00e9n suben (en este caso, un 110,9%, ya que no hab\u00edan sido actualizados en julio), los importes de los alquileres devengados anualmente, correspondientes a inmuebles afectados a la actividad, para poder estar en cada categor\u00eda. En los escalones m\u00e1s altos la cifra alcanzar\u00e1 $1.941.785. Y, adem\u00e1s, el precio unitario m\u00e1ximo que puede tener un producto comercializado por un monotributista se incrementa de $85.627 a $180.589.<\/p>\n<p><b>Cuota mensual<\/b><br \/>\nLos importes a pagar mensualmente, en tanto, ser\u00edan los siguientes para quienes tienen la obligaci\u00f3n de abonar el impuesto integrado, jubilaci\u00f3n y obra social.\u00a0<b>Categor\u00eda C: $15.503 (servicios), $15.241 (comercio); D: $19.498 y $19.066 respectivamente; E: $26.946 y $24.526; F: $33.137 y $29.223; G: $38.695 y $33.440; H: $66.111 y $56.402 respectivamente. En los tres escalones m\u00e1s altos esos importes totales ser\u00edan de $81.122 (categor\u00eda I); $93.619 (J), y $106.964 (categor\u00eda K)<\/b>.<\/p>\n<p>Individualmente, seg\u00fan el componente de pagos, la actualizaci\u00f3n marca que el monto del impuesto se mover\u00e1 entre $1.048 y $72.817, seg\u00fan la categor\u00eda. El aporte jubilatorio ser\u00e1 de entre $4.623 (categor\u00eda A) y $11.991 (categor\u00eda K), en tanto que el pago para el sistema de salud tendr\u00e1 un monto de $6.457 para quienes est\u00e1n en el escal\u00f3n m\u00e1s bajo y de $22.156 para los categorizados en el tramo m\u00e1s elevado.<\/p>\n<p>Por otra parte, los asalariados, los menores de 18 a\u00f1os, las personas que se anotaron en el monotributo por el alquiler de sus bienes muebles o inmuebles y los jubilados que accedieron a su prestaci\u00f3n antes de julio de 1994 mantienen un r\u00e9gimen diferencial por ser aportantes al sistema por fuera del monotributo. Los contribuyentes mencionados, se encuentran liberados de ingresar los pagos para el r\u00e9gimen jubilatorio y para la obra social (los jubilados, sin importar el momento del retiro, no aportan a la obra social).<\/p>\n<p>A la vez, los monotributistas de las categor\u00edas A y B est\u00e1n exentos de pagar el impuesto integrado (y s\u00ed deben aportar al sistema jubilatorio y al de salud) siempre que no tengan un empleo bajo relaci\u00f3n de dependencia, una jubilaci\u00f3n o una pensi\u00f3n, ni est\u00e9n en la conducci\u00f3n o direcci\u00f3n de sociedades, ni alquilen sus bienes, ni se dediquen a inversiones financieras.<\/p>\n<p><b>Recategorizaci\u00f3n semestral<\/b><br \/>\nEn enero regir\u00e1, adem\u00e1s, el primer per\u00edodo de recategorizaci\u00f3n obligatoria de 2024. Es el tr\u00e1mite por el cual cada monotributista debe observar la facturaci\u00f3n de los 12 meses previos y, en caso de hacer falta, reubicarse en la tabla de las categor\u00edas que responden a diferentes rangos de ingresos. Para eso, deber\u00e1n evaluar su situaci\u00f3n mediante el cuadro con los valores ya actualizados que publique AFIP, y que a\u00fan no fue oficializado.<\/p>\n","protected":false},"excerpt":{"rendered":"<p>En enero se actualizar\u00e1n los par\u00e1metros m\u00e1ximos admitidos en cada categor\u00eda en un 49%, en tanto que los montos a pagar, congelados durante 2023, aumentar\u00e1n un 110,9%.<\/p>\n","protected":false},"author":8,"featured_media":60285,"comment_status":"open","ping_status":"open","sticky":false,"template":"","format":"standard","meta":{"fifu_image_url":"","fifu_image_alt":"","footnotes":""},"categories":[1594,7],"tags":[158,605],"class_list":{"0":"post-173739","1":"post","2":"type-post","3":"status-publish","4":"format-standard","5":"has-post-thumbnail","7":"category-economia","8":"category-nacionales","9":"tag-afip","10":"tag-monotributo"},"yoast_head":"<title>Monotributo: c\u00f3mo quedar\u00e1n las escalas de facturaci\u00f3n y las cuotas desde enero - Informe Litoral<\/title>\n<meta name=\"robots\" content=\"index, follow, max-snippet:-1, max-image-preview:large, max-video-preview:-1\" \/>\n<link rel=\"canonical\" href=\"https:\/\/informelitoral.com.ar\/monotributo-como-quedaran-las-escalas-de-facturacion-y-las-cuotas-desde-enero\/\" \/>\n<meta property=\"og:locale\" content=\"es_ES\" \/>\n<meta property=\"og:type\" content=\"article\" \/>\n<meta property=\"og:title\" content=\"Monotributo: c\u00f3mo quedar\u00e1n las escalas de facturaci\u00f3n y las cuotas desde enero - Informe Litoral\" \/>\n<meta property=\"og:description\" content=\"En enero se actualizar\u00e1n los par\u00e1metros m\u00e1ximos admitidos en cada categor\u00eda en un 49%, en tanto que los montos a pagar, congelados durante 2023, aumentar\u00e1n un 110,9%.\" \/>\n<meta property=\"og:url\" content=\"https:\/\/informelitoral.com.ar\/monotributo-como-quedaran-las-escalas-de-facturacion-y-las-cuotas-desde-enero\/\" \/>\n<meta property=\"og:site_name\" content=\"Informe Litoral\" \/>\n<meta property=\"article:publisher\" content=\"https:\/\/www.facebook.com\/informelitoral\/\" \/>\n<meta property=\"article:published_time\" content=\"2023-11-27T10:57:22+00:00\" \/>\n<meta property=\"article:modified_time\" content=\"2023-11-28T02:28:37+00:00\" \/>\n<meta property=\"og:image\" content=\"https:\/\/informelitoral.com.ar\/%77%70%2d%63%6f%6e%74%65%6e%74\/uploads\/2021\/05\/monotributo.jpg\" \/>\n\t<meta property=\"og:image:width\" content=\"945\" \/>\n\t<meta property=\"og:image:height\" content=\"532\" \/>\n\t<meta property=\"og:image:type\" content=\"image\/jpeg\" \/>\n<meta name=\"author\" content=\"Sebastian\" \/>\n<meta name=\"twitter:card\" content=\"summary_large_image\" \/>\n<meta name=\"twitter:creator\" content=\"@InformeLitoral\" \/>\n<meta name=\"twitter:site\" content=\"@InformeLitoral\" \/>\n<meta name=\"twitter:label1\" content=\"Escrito por\" \/>\n\t<meta name=\"twitter:data1\" content=\"Sebastian\" \/>\n\t<meta name=\"twitter:label2\" content=\"Tiempo de lectura\" \/>\n\t<meta name=\"twitter:data2\" content=\"5 minutos\" \/>\n<script type=\"application\/ld+json\" class=\"yoast-schema-graph\">{\"@context\":\"https:\\\/\\\/schema.org\",\"@graph\":[{\"@type\":\"Article\",\"@id\":\"https:\\\/\\\/informelitoral.com.ar\\\/monotributo-como-quedaran-las-escalas-de-facturacion-y-las-cuotas-desde-enero\\\/#article\",\"isPartOf\":{\"@id\":\"https:\\\/\\\/informelitoral.com.ar\\\/monotributo-como-quedaran-las-escalas-de-facturacion-y-las-cuotas-desde-enero\\\/\"},\"author\":{\"name\":\"Sebastian\",\"@id\":\"https:\\\/\\\/informelitoral.com.ar\\\/#\\\/schema\\\/person\\\/f05f9f461677119578717524b127d6d5\"},\"headline\":\"Monotributo: c\u00f3mo quedar\u00e1n las escalas de facturaci\u00f3n y las cuotas desde enero\",\"datePublished\":\"2023-11-27T10:57:22+00:00\",\"dateModified\":\"2023-11-28T02:28:37+00:00\",\"mainEntityOfPage\":{\"@id\":\"https:\\\/\\\/informelitoral.com.ar\\\/monotributo-como-quedaran-las-escalas-de-facturacion-y-las-cuotas-desde-enero\\\/\"},\"wordCount\":1091,\"commentCount\":0,\"publisher\":{\"@id\":\"https:\\\/\\\/informelitoral.com.ar\\\/#organization\"},\"image\":{\"@id\":\"https:\\\/\\\/informelitoral.com.ar\\\/monotributo-como-quedaran-las-escalas-de-facturacion-y-las-cuotas-desde-enero\\\/#primaryimage\"},\"thumbnailUrl\":\"https:\\\/\\\/informelitoral.com.ar\\\/%77%70%2d%63%6f%6e%74%65%6e%74\\\/uploads\\\/2021\\\/05\\\/monotributo.jpg\",\"keywords\":[\"AFIP\",\"Monotributo\"],\"articleSection\":[\"Econom\u00eda\",\"Nacionales\"],\"inLanguage\":\"es\",\"potentialAction\":[{\"@type\":\"CommentAction\",\"name\":\"Comment\",\"target\":[\"https:\\\/\\\/informelitoral.com.ar\\\/monotributo-como-quedaran-las-escalas-de-facturacion-y-las-cuotas-desde-enero\\\/#respond\"]}]},{\"@type\":\"WebPage\",\"@id\":\"https:\\\/\\\/informelitoral.com.ar\\\/monotributo-como-quedaran-las-escalas-de-facturacion-y-las-cuotas-desde-enero\\\/\",\"url\":\"https:\\\/\\\/informelitoral.com.ar\\\/monotributo-como-quedaran-las-escalas-de-facturacion-y-las-cuotas-desde-enero\\\/\",\"name\":\"Monotributo: c\u00f3mo quedar\u00e1n las escalas de facturaci\u00f3n y las cuotas desde enero - Informe Litoral\",\"isPartOf\":{\"@id\":\"https:\\\/\\\/informelitoral.com.ar\\\/#website\"},\"primaryImageOfPage\":{\"@id\":\"https:\\\/\\\/informelitoral.com.ar\\\/monotributo-como-quedaran-las-escalas-de-facturacion-y-las-cuotas-desde-enero\\\/#primaryimage\"},\"image\":{\"@id\":\"https:\\\/\\\/informelitoral.com.ar\\\/monotributo-como-quedaran-las-escalas-de-facturacion-y-las-cuotas-desde-enero\\\/#primaryimage\"},\"thumbnailUrl\":\"https:\\\/\\\/informelitoral.com.ar\\\/%77%70%2d%63%6f%6e%74%65%6e%74\\\/uploads\\\/2021\\\/05\\\/monotributo.jpg\",\"datePublished\":\"2023-11-27T10:57:22+00:00\",\"dateModified\":\"2023-11-28T02:28:37+00:00\",\"breadcrumb\":{\"@id\":\"https:\\\/\\\/informelitoral.com.ar\\\/monotributo-como-quedaran-las-escalas-de-facturacion-y-las-cuotas-desde-enero\\\/#breadcrumb\"},\"inLanguage\":\"es\",\"potentialAction\":[{\"@type\":\"ReadAction\",\"target\":[\"https:\\\/\\\/informelitoral.com.ar\\\/monotributo-como-quedaran-las-escalas-de-facturacion-y-las-cuotas-desde-enero\\\/\"]}]},{\"@type\":\"ImageObject\",\"inLanguage\":\"es\",\"@id\":\"https:\\\/\\\/informelitoral.com.ar\\\/monotributo-como-quedaran-las-escalas-de-facturacion-y-las-cuotas-desde-enero\\\/#primaryimage\",\"url\":\"https:\\\/\\\/informelitoral.com.ar\\\/%77%70%2d%63%6f%6e%74%65%6e%74\\\/uploads\\\/2021\\\/05\\\/monotributo.jpg\",\"contentUrl\":\"https:\\\/\\\/informelitoral.com.ar\\\/%77%70%2d%63%6f%6e%74%65%6e%74\\\/uploads\\\/2021\\\/05\\\/monotributo.jpg\",\"width\":945,\"height\":532},{\"@type\":\"BreadcrumbList\",\"@id\":\"https:\\\/\\\/informelitoral.com.ar\\\/monotributo-como-quedaran-las-escalas-de-facturacion-y-las-cuotas-desde-enero\\\/#breadcrumb\",\"itemListElement\":[{\"@type\":\"ListItem\",\"position\":1,\"name\":\"Portada\",\"item\":\"https:\\\/\\\/informelitoral.com.ar\\\/\"},{\"@type\":\"ListItem\",\"position\":2,\"name\":\"Monotributo: c\u00f3mo quedar\u00e1n las escalas de facturaci\u00f3n y las cuotas desde enero\"}]},{\"@type\":\"WebSite\",\"@id\":\"https:\\\/\\\/informelitoral.com.ar\\\/#website\",\"url\":\"https:\\\/\\\/informelitoral.com.ar\\\/\",\"name\":\"Informe Litoral\",\"description\":\"&quot;Nos informamos&quot; \",\"publisher\":{\"@id\":\"https:\\\/\\\/informelitoral.com.ar\\\/#organization\"},\"potentialAction\":[{\"@type\":\"SearchAction\",\"target\":{\"@type\":\"EntryPoint\",\"urlTemplate\":\"https:\\\/\\\/informelitoral.com.ar\\\/?s={search_term_string}\"},\"query-input\":{\"@type\":\"PropertyValueSpecification\",\"valueRequired\":true,\"valueName\":\"search_term_string\"}}],\"inLanguage\":\"es\"},{\"@type\":\"Organization\",\"@id\":\"https:\\\/\\\/informelitoral.com.ar\\\/#organization\",\"name\":\"Informe Litoral\",\"url\":\"https:\\\/\\\/informelitoral.com.ar\\\/\",\"logo\":{\"@type\":\"ImageObject\",\"inLanguage\":\"es\",\"@id\":\"https:\\\/\\\/informelitoral.com.ar\\\/#\\\/schema\\\/logo\\\/image\\\/\",\"url\":\"https:\\\/\\\/informelitoral.com.ar\\\/%77%70%2d%63%6f%6e%74%65%6e%74\\\/uploads\\\/2021\\\/01\\\/circulo.png\",\"contentUrl\":\"https:\\\/\\\/informelitoral.com.ar\\\/%77%70%2d%63%6f%6e%74%65%6e%74\\\/uploads\\\/2021\\\/01\\\/circulo.png\",\"width\":723,\"height\":731,\"caption\":\"Informe Litoral\"},\"image\":{\"@id\":\"https:\\\/\\\/informelitoral.com.ar\\\/#\\\/schema\\\/logo\\\/image\\\/\"},\"sameAs\":[\"https:\\\/\\\/www.facebook.com\\\/informelitoral\\\/\",\"https:\\\/\\\/x.com\\\/InformeLitoral\",\"https:\\\/\\\/www.instagram.com\\\/informelitoral\\\/\",\"https:\\\/\\\/www.youtube.com\\\/channel\\\/UCua4Qvz8Icb6MYqhoq9xLXw\"]},{\"@type\":\"Person\",\"@id\":\"https:\\\/\\\/informelitoral.com.ar\\\/#\\\/schema\\\/person\\\/f05f9f461677119578717524b127d6d5\",\"name\":\"Sebastian\",\"image\":{\"@type\":\"ImageObject\",\"inLanguage\":\"es\",\"@id\":\"https:\\\/\\\/secure.gravatar.com\\\/avatar\\\/b71bf7481d447dfb9583c7f2798e7cc64de6efb9067b74633ed8c31059a3bd82?s=96&d=mm&r=g\",\"url\":\"https:\\\/\\\/secure.gravatar.com\\\/avatar\\\/b71bf7481d447dfb9583c7f2798e7cc64de6efb9067b74633ed8c31059a3bd82?s=96&d=mm&r=g\",\"contentUrl\":\"https:\\\/\\\/secure.gravatar.com\\\/avatar\\\/b71bf7481d447dfb9583c7f2798e7cc64de6efb9067b74633ed8c31059a3bd82?s=96&d=mm&r=g\",\"caption\":\"Sebastian\"},\"url\":\"https:\\\/\\\/informelitoral.com.ar\\\/author\\\/sebastian\\\/\"}]}<\/script>","yoast_head_json":{"title":"Monotributo: c\u00f3mo quedar\u00e1n las escalas de facturaci\u00f3n y las cuotas desde enero - Informe Litoral","robots":{"index":"index","follow":"follow","max-snippet":"max-snippet:-1","max-image-preview":"max-image-preview:large","max-video-preview":"max-video-preview:-1"},"canonical":"https:\/\/informelitoral.com.ar\/monotributo-como-quedaran-las-escalas-de-facturacion-y-las-cuotas-desde-enero\/","og_locale":"es_ES","og_type":"article","og_title":"Monotributo: c\u00f3mo quedar\u00e1n las escalas de facturaci\u00f3n y las cuotas desde enero - Informe Litoral","og_description":"En enero se actualizar\u00e1n los par\u00e1metros m\u00e1ximos admitidos en cada categor\u00eda en un 49%, en tanto que los montos a pagar, congelados durante 2023, aumentar\u00e1n un 110,9%.","og_url":"https:\/\/informelitoral.com.ar\/monotributo-como-quedaran-las-escalas-de-facturacion-y-las-cuotas-desde-enero\/","og_site_name":"Informe Litoral","article_publisher":"https:\/\/www.facebook.com\/informelitoral\/","article_published_time":"2023-11-27T10:57:22+00:00","article_modified_time":"2023-11-28T02:28:37+00:00","og_image":[{"width":945,"height":532,"url":"https:\/\/informelitoral.com.ar\/%77%70%2d%63%6f%6e%74%65%6e%74\/uploads\/2021\/05\/monotributo.jpg","type":"image\/jpeg"}],"author":"Sebastian","twitter_card":"summary_large_image","twitter_creator":"@InformeLitoral","twitter_site":"@InformeLitoral","twitter_misc":{"Escrito por":"Sebastian","Tiempo de lectura":"5 minutos"},"schema":{"@context":"https:\/\/schema.org","@graph":[{"@type":"Article","@id":"https:\/\/informelitoral.com.ar\/monotributo-como-quedaran-las-escalas-de-facturacion-y-las-cuotas-desde-enero\/#article","isPartOf":{"@id":"https:\/\/informelitoral.com.ar\/monotributo-como-quedaran-las-escalas-de-facturacion-y-las-cuotas-desde-enero\/"},"author":{"name":"Sebastian","@id":"https:\/\/informelitoral.com.ar\/#\/schema\/person\/f05f9f461677119578717524b127d6d5"},"headline":"Monotributo: c\u00f3mo quedar\u00e1n las escalas de facturaci\u00f3n y las cuotas desde enero","datePublished":"2023-11-27T10:57:22+00:00","dateModified":"2023-11-28T02:28:37+00:00","mainEntityOfPage":{"@id":"https:\/\/informelitoral.com.ar\/monotributo-como-quedaran-las-escalas-de-facturacion-y-las-cuotas-desde-enero\/"},"wordCount":1091,"commentCount":0,"publisher":{"@id":"https:\/\/informelitoral.com.ar\/#organization"},"image":{"@id":"https:\/\/informelitoral.com.ar\/monotributo-como-quedaran-las-escalas-de-facturacion-y-las-cuotas-desde-enero\/#primaryimage"},"thumbnailUrl":"https:\/\/informelitoral.com.ar\/%77%70%2d%63%6f%6e%74%65%6e%74\/uploads\/2021\/05\/monotributo.jpg","keywords":["AFIP","Monotributo"],"articleSection":["Econom\u00eda","Nacionales"],"inLanguage":"es","potentialAction":[{"@type":"CommentAction","name":"Comment","target":["https:\/\/informelitoral.com.ar\/monotributo-como-quedaran-las-escalas-de-facturacion-y-las-cuotas-desde-enero\/#respond"]}]},{"@type":"WebPage","@id":"https:\/\/informelitoral.com.ar\/monotributo-como-quedaran-las-escalas-de-facturacion-y-las-cuotas-desde-enero\/","url":"https:\/\/informelitoral.com.ar\/monotributo-como-quedaran-las-escalas-de-facturacion-y-las-cuotas-desde-enero\/","name":"Monotributo: c\u00f3mo quedar\u00e1n las escalas de facturaci\u00f3n y las cuotas desde enero - Informe Litoral","isPartOf":{"@id":"https:\/\/informelitoral.com.ar\/#website"},"primaryImageOfPage":{"@id":"https:\/\/informelitoral.com.ar\/monotributo-como-quedaran-las-escalas-de-facturacion-y-las-cuotas-desde-enero\/#primaryimage"},"image":{"@id":"https:\/\/informelitoral.com.ar\/monotributo-como-quedaran-las-escalas-de-facturacion-y-las-cuotas-desde-enero\/#primaryimage"},"thumbnailUrl":"https:\/\/informelitoral.com.ar\/%77%70%2d%63%6f%6e%74%65%6e%74\/uploads\/2021\/05\/monotributo.jpg","datePublished":"2023-11-27T10:57:22+00:00","dateModified":"2023-11-28T02:28:37+00:00","breadcrumb":{"@id":"https:\/\/informelitoral.com.ar\/monotributo-como-quedaran-las-escalas-de-facturacion-y-las-cuotas-desde-enero\/#breadcrumb"},"inLanguage":"es","potentialAction":[{"@type":"ReadAction","target":["https:\/\/informelitoral.com.ar\/monotributo-como-quedaran-las-escalas-de-facturacion-y-las-cuotas-desde-enero\/"]}]},{"@type":"ImageObject","inLanguage":"es","@id":"https:\/\/informelitoral.com.ar\/monotributo-como-quedaran-las-escalas-de-facturacion-y-las-cuotas-desde-enero\/#primaryimage","url":"https:\/\/informelitoral.com.ar\/%77%70%2d%63%6f%6e%74%65%6e%74\/uploads\/2021\/05\/monotributo.jpg","contentUrl":"https:\/\/informelitoral.com.ar\/%77%70%2d%63%6f%6e%74%65%6e%74\/uploads\/2021\/05\/monotributo.jpg","width":945,"height":532},{"@type":"BreadcrumbList","@id":"https:\/\/informelitoral.com.ar\/monotributo-como-quedaran-las-escalas-de-facturacion-y-las-cuotas-desde-enero\/#breadcrumb","itemListElement":[{"@type":"ListItem","position":1,"name":"Portada","item":"https:\/\/informelitoral.com.ar\/"},{"@type":"ListItem","position":2,"name":"Monotributo: c\u00f3mo quedar\u00e1n las escalas de facturaci\u00f3n y las cuotas desde enero"}]},{"@type":"WebSite","@id":"https:\/\/informelitoral.com.ar\/#website","url":"https:\/\/informelitoral.com.ar\/","name":"Informe Litoral","description":"&quot;Nos informamos&quot; ","publisher":{"@id":"https:\/\/informelitoral.com.ar\/#organization"},"potentialAction":[{"@type":"SearchAction","target":{"@type":"EntryPoint","urlTemplate":"https:\/\/informelitoral.com.ar\/?s={search_term_string}"},"query-input":{"@type":"PropertyValueSpecification","valueRequired":true,"valueName":"search_term_string"}}],"inLanguage":"es"},{"@type":"Organization","@id":"https:\/\/informelitoral.com.ar\/#organization","name":"Informe Litoral","url":"https:\/\/informelitoral.com.ar\/","logo":{"@type":"ImageObject","inLanguage":"es","@id":"https:\/\/informelitoral.com.ar\/#\/schema\/logo\/image\/","url":"https:\/\/informelitoral.com.ar\/%77%70%2d%63%6f%6e%74%65%6e%74\/uploads\/2021\/01\/circulo.png","contentUrl":"https:\/\/informelitoral.com.ar\/%77%70%2d%63%6f%6e%74%65%6e%74\/uploads\/2021\/01\/circulo.png","width":723,"height":731,"caption":"Informe Litoral"},"image":{"@id":"https:\/\/informelitoral.com.ar\/#\/schema\/logo\/image\/"},"sameAs":["https:\/\/www.facebook.com\/informelitoral\/","https:\/\/x.com\/InformeLitoral","https:\/\/www.instagram.com\/informelitoral\/","https:\/\/www.youtube.com\/channel\/UCua4Qvz8Icb6MYqhoq9xLXw"]},{"@type":"Person","@id":"https:\/\/informelitoral.com.ar\/#\/schema\/person\/f05f9f461677119578717524b127d6d5","name":"Sebastian","image":{"@type":"ImageObject","inLanguage":"es","@id":"https:\/\/secure.gravatar.com\/avatar\/b71bf7481d447dfb9583c7f2798e7cc64de6efb9067b74633ed8c31059a3bd82?s=96&d=mm&r=g","url":"https:\/\/secure.gravatar.com\/avatar\/b71bf7481d447dfb9583c7f2798e7cc64de6efb9067b74633ed8c31059a3bd82?s=96&d=mm&r=g","contentUrl":"https:\/\/secure.gravatar.com\/avatar\/b71bf7481d447dfb9583c7f2798e7cc64de6efb9067b74633ed8c31059a3bd82?s=96&d=mm&r=g","caption":"Sebastian"},"url":"https:\/\/informelitoral.com.ar\/author\/sebastian\/"}]}},"_links":{"self":[{"href":"https:\/\/informelitoral.com.ar\/%77%70%2d%6a%73%6f%6e\/wp\/v2\/posts\/173739","targetHints":{"allow":["GET"]}}],"collection":[{"href":"https:\/\/informelitoral.com.ar\/%77%70%2d%6a%73%6f%6e\/wp\/v2\/posts"}],"about":[{"href":"https:\/\/informelitoral.com.ar\/%77%70%2d%6a%73%6f%6e\/wp\/v2\/types\/post"}],"author":[{"embeddable":true,"href":"https:\/\/informelitoral.com.ar\/%77%70%2d%6a%73%6f%6e\/wp\/v2\/users\/8"}],"replies":[{"embeddable":true,"href":"https:\/\/informelitoral.com.ar\/%77%70%2d%6a%73%6f%6e\/wp\/v2\/comments?post=173739"}],"version-history":[{"count":0,"href":"https:\/\/informelitoral.com.ar\/%77%70%2d%6a%73%6f%6e\/wp\/v2\/posts\/173739\/revisions"}],"wp:featuredmedia":[{"embeddable":true,"href":"https:\/\/informelitoral.com.ar\/%77%70%2d%6a%73%6f%6e\/wp\/v2\/media\/60285"}],"wp:attachment":[{"href":"https:\/\/informelitoral.com.ar\/%77%70%2d%6a%73%6f%6e\/wp\/v2\/media?parent=173739"}],"wp:term":[{"taxonomy":"category","embeddable":true,"href":"https:\/\/informelitoral.com.ar\/%77%70%2d%6a%73%6f%6e\/wp\/v2\/categories?post=173739"},{"taxonomy":"post_tag","embeddable":true,"href":"https:\/\/informelitoral.com.ar\/%77%70%2d%6a%73%6f%6e\/wp\/v2\/tags?post=173739"}],"curies":[{"name":"wp","href":"https:\/\/api.w.org\/{rel}","templated":true}]}}