{"id":17372,"date":"2016-07-26T07:45:57","date_gmt":"2016-07-26T10:45:57","guid":{"rendered":"http:\/\/www.isletasnoticias.com.ar\/?p=17372"},"modified":"2016-07-26T07:45:57","modified_gmt":"2016-07-26T10:45:57","slug":"la-provincia-y-el-cfi-acordaron-una-agenda-comun-de-apoyo-a-los-sectores-productivos","status":"publish","type":"post","link":"https:\/\/informelitoral.com.ar\/la-provincia-y-el-cfi-acordaron-una-agenda-comun-de-apoyo-a-los-sectores-productivos\/","title":{"rendered":"La provincia y el CFI acordaron una agenda com\u00fan de apoyo a los sectores productivos"},"content":{"rendered":"<p><strong>Fueron m\u00e1s de 200 los productores, empresarios, industriales y comerciantes que recibieron acompa\u00f1amiento del Consejo Federal de Inversiones (CFI) con cr\u00e9ditos a tasa cero para afrontar las consecuencias de la emergencia h\u00eddrica que afect\u00f3 a la provincia a principio de a\u00f1o. Ahora se podr\u00e1 acceder a cr\u00e9ditos pos emergencia con montos que superan los 1,5 millones de pesos.<a href=\"http:\/\/www.isletasnoticias.com.ar\/%77%70%2d%63%6f%6e%74%65%6e%74\/uploads\/2016\/07\/b_1469459420.jpg\"><img loading=\"lazy\" decoding=\"async\" class=\"aligncenter wp-image-17373 size-full\" src=\"http:\/\/www.isletasnoticias.com.ar\/%77%70%2d%63%6f%6e%74%65%6e%74\/uploads\/2016\/07\/b_1469459420.jpg\" alt=\"b_1469459420\" width=\"492\" height=\"329\" srcset=\"https:\/\/informelitoral.com.ar\/%77%70%2d%63%6f%6e%74%65%6e%74\/uploads\/2016\/07\/b_1469459420.jpg 492w, https:\/\/informelitoral.com.ar\/%77%70%2d%63%6f%6e%74%65%6e%74\/uploads\/2016\/07\/b_1469459420-300x201.jpg 300w\" sizes=\"auto, (max-width: 492px) 100vw, 492px\" \/><\/a> <\/strong><\/p>\n<p>Al respecto, el gobernador <strong>Gustavo Bordet<\/strong> y el coordinador de Unidad Operadora Provincial del CFI,<strong> Rolando Kaehler<\/strong>, mantuvieron una reuni\u00f3n en la que se acord\u00f3 una agenda com\u00fan de trabajo y se habl\u00f3 sobre las asistencias t\u00e9cnicas que ofrece ese organismo.<\/p>\n<p>\u00abFue una reuni\u00f3n de trabajo muy amena y en la que ya se empez\u00f3 a planificar para 2017\u00bb, sostuvo Kaehler este lunes, al finalizar el encuentro que mantuvo con el mandatario entrerriano y en el que dialogaron \u00absobre el funcionamiento en general del Consejo Federal de Inversiones en la provincia y sobre los cr\u00e9ditos otorgados en todo el territorio ante las emergencias\u00bb.<\/p>\n<p>Kaehler indic\u00f3 que se cubrieron todas las solicitudes de cr\u00e9ditos para afrontar las consecuencias de la emergencia h\u00eddrica. \u00abAtendimos demandas de comercios, que habitualmente no se hace, pero en esta ocasi\u00f3n s\u00ed, producci\u00f3n y turismo, entre otros sectores. Ahora estamos atendiendo lo que concierne a las zonas rurales que son cr\u00e9ditos para el sector productivo\u00bb, acot\u00f3.<\/p>\n<p>\u00abSigue habiendo cr\u00e9ditos. Hemos promocionado los cr\u00e9ditos en todos los departamentos en los que nos hemos encontrados con referentes de municipios, juntas de gobierno, organizaciones agropecuarias y de diferentes sectores pol\u00edticos. Fue un trabajo importante y estamos satisfechos. Quedan recursos, no muchos, pero quedan\u00bb, precis\u00f3.<\/p>\n<p>El coordinador de Unidad Operadora Provincial del CFI coment\u00f3 luego que \u00abse est\u00e1 con la l\u00ednea post emergencia que es volver al crecimiento y desarrollo sobre los cuales tambi\u00e9n se trabaja. Son otros montos. Los de emergencia son hasta de 100.000 pesos a tasa cero, y en \u00e9stos son de hasta 1,55 millones de pesos con una tasa de 18 por ciento, garant\u00eda, etc\u00e9tera. Son los cr\u00e9ditos que m\u00e1s motorizaron a la provincia, la ocupaci\u00f3n de mano de obra y desarrollo econ\u00f3mico\u00bb, se\u00f1al\u00f3.<\/p>\n<p>\u00abTenemos la suerte que Entre R\u00edos es la provincia del pa\u00eds que m\u00e1s cr\u00e9dito otorga y que tiene la cobranza m\u00e1s ordenada de todas las jurisdicciones\u00bb, remarc\u00f3.<\/p>\n<p>Otro de los ejes del encuentro tuvo que ver con las asistencias t\u00e9cnicas que ofrece el organismo federal a la provincia. En ese marco, coment\u00f3 los resultados del Programa Identidad del Bicentenario que fue encarado desde CFI con la colaboraci\u00f3n y el trabajo de profesionales locales. \u00abPr\u00e1cticamente est\u00e1 concluido. Se invirtieron alrededor de 2 millones de pesos, con resultados bastante satisfactorios\u00bb, dijo. Tambi\u00e9n se refiri\u00f3 al acompa\u00f1amientos que se est\u00e1 haciendo en Victoria con un proyecto de agua, de parque industrial en San Salvador, el borde costero de La Paz, entre otras iniciativas, adem\u00e1s del apoyo a ciertos eventos como la fiesta del chamam\u00e9, el motoencuentro y pr\u00f3ximamente la fiesta de la avicultura.<\/p>\n<p>Por \u00faltimo, adelant\u00f3 que se est\u00e1 trabajando en un video con el testimonio de aquellos a los que se les otorg\u00f3 cr\u00e9ditos del CFI y un acto en el que se entregar\u00e1 certificados a los que recibieron cr\u00e9ditos de diversos sectores.<\/p>\n","protected":false},"excerpt":{"rendered":"<p>Fueron m&aacute;s de 200 los productores, empresarios, industriales y comerciantes que recibieron acompa&ntilde;amiento del Consejo Federal de Inversiones (CFI) con cr&eacute;ditos a tasa cero para afrontar las consecuencias de la emergencia h&iacute;drica que afect&oacute; a la provincia a principio de a&ntilde;o. Ahora se podr&aacute; acceder a cr&eacute;ditos pos emergencia con montos que superan los 1,5 [&hellip;]<\/p>\n","protected":false},"author":2,"featured_media":0,"comment_status":"open","ping_status":"open","sticky":false,"template":"","format":"standard","meta":{"fifu_image_url":"","fifu_image_alt":"","footnotes":""},"categories":[6,16],"tags":[],"class_list":{"0":"post-17372","1":"post","2":"type-post","3":"status-publish","4":"format-standard","6":"category-entre-rios","7":"category-politi"},"yoast_head":"<title>La provincia y el CFI acordaron una agenda com\u00fan de apoyo a los sectores productivos - Informe Litoral<\/title>\n<meta name=\"robots\" content=\"index, follow, max-snippet:-1, max-image-preview:large, max-video-preview:-1\" \/>\n<link rel=\"canonical\" href=\"https:\/\/informelitoral.com.ar\/la-provincia-y-el-cfi-acordaron-una-agenda-comun-de-apoyo-a-los-sectores-productivos\/\" \/>\n<meta property=\"og:locale\" content=\"es_ES\" \/>\n<meta property=\"og:type\" content=\"article\" \/>\n<meta property=\"og:title\" content=\"La provincia y el CFI acordaron una agenda com\u00fan de apoyo a los sectores productivos - Informe Litoral\" \/>\n<meta property=\"og:description\" content=\"Fueron m&aacute;s de 200 los productores, empresarios, industriales y comerciantes que recibieron acompa&ntilde;amiento del Consejo Federal de Inversiones (CFI) con cr&eacute;ditos a tasa cero para afrontar las consecuencias de la emergencia h&iacute;drica que afect&oacute; a la provincia a principio de a&ntilde;o. Ahora se podr&aacute; acceder a cr&eacute;ditos pos emergencia con montos que superan los 1,5 [&hellip;]\" \/>\n<meta property=\"og:url\" content=\"https:\/\/informelitoral.com.ar\/la-provincia-y-el-cfi-acordaron-una-agenda-comun-de-apoyo-a-los-sectores-productivos\/\" \/>\n<meta property=\"og:site_name\" content=\"Informe Litoral\" \/>\n<meta property=\"article:publisher\" content=\"https:\/\/www.facebook.com\/informelitoral\/\" \/>\n<meta property=\"article:published_time\" content=\"2016-07-26T10:45:57+00:00\" \/>\n<meta property=\"og:image\" content=\"https:\/\/informelitoral.com.ar\/%77%70%2d%63%6f%6e%74%65%6e%74\/uploads\/2016\/07\/b_1469459420.jpg\" \/>\n\t<meta property=\"og:image:width\" content=\"492\" \/>\n\t<meta property=\"og:image:height\" content=\"329\" \/>\n\t<meta property=\"og:image:type\" content=\"image\/jpeg\" \/>\n<meta name=\"author\" content=\"Gonzalo Schmidt\" \/>\n<meta name=\"twitter:card\" content=\"summary_large_image\" \/>\n<meta name=\"twitter:creator\" content=\"@InformeLitoral\" \/>\n<meta name=\"twitter:site\" content=\"@InformeLitoral\" \/>\n<meta name=\"twitter:label1\" content=\"Escrito por\" \/>\n\t<meta name=\"twitter:data1\" content=\"Gonzalo Schmidt\" \/>\n\t<meta name=\"twitter:label2\" content=\"Tiempo de lectura\" \/>\n\t<meta name=\"twitter:data2\" content=\"3 minutos\" \/>\n<script type=\"application\/ld+json\" class=\"yoast-schema-graph\">{\"@context\":\"https:\\\/\\\/schema.org\",\"@graph\":[{\"@type\":\"Article\",\"@id\":\"https:\\\/\\\/informelitoral.com.ar\\\/la-provincia-y-el-cfi-acordaron-una-agenda-comun-de-apoyo-a-los-sectores-productivos\\\/#article\",\"isPartOf\":{\"@id\":\"https:\\\/\\\/informelitoral.com.ar\\\/la-provincia-y-el-cfi-acordaron-una-agenda-comun-de-apoyo-a-los-sectores-productivos\\\/\"},\"author\":{\"name\":\"Gonzalo Schmidt\",\"@id\":\"https:\\\/\\\/informelitoral.com.ar\\\/#\\\/schema\\\/person\\\/b9d00407c836482871ef1d57bf8e3180\"},\"headline\":\"La provincia y el CFI acordaron una agenda com\u00fan de apoyo a los sectores productivos\",\"datePublished\":\"2016-07-26T10:45:57+00:00\",\"mainEntityOfPage\":{\"@id\":\"https:\\\/\\\/informelitoral.com.ar\\\/la-provincia-y-el-cfi-acordaron-una-agenda-comun-de-apoyo-a-los-sectores-productivos\\\/\"},\"wordCount\":577,\"commentCount\":0,\"publisher\":{\"@id\":\"https:\\\/\\\/informelitoral.com.ar\\\/#organization\"},\"image\":{\"@id\":\"https:\\\/\\\/informelitoral.com.ar\\\/la-provincia-y-el-cfi-acordaron-una-agenda-comun-de-apoyo-a-los-sectores-productivos\\\/#primaryimage\"},\"thumbnailUrl\":\"http:\\\/\\\/www.isletasnoticias.com.ar\\\/%77%70%2d%63%6f%6e%74%65%6e%74\\\/uploads\\\/2016\\\/07\\\/b_1469459420.jpg\",\"articleSection\":[\"Entre R\u00edos\",\"Politica\"],\"inLanguage\":\"es\",\"potentialAction\":[{\"@type\":\"CommentAction\",\"name\":\"Comment\",\"target\":[\"https:\\\/\\\/informelitoral.com.ar\\\/la-provincia-y-el-cfi-acordaron-una-agenda-comun-de-apoyo-a-los-sectores-productivos\\\/#respond\"]}]},{\"@type\":\"WebPage\",\"@id\":\"https:\\\/\\\/informelitoral.com.ar\\\/la-provincia-y-el-cfi-acordaron-una-agenda-comun-de-apoyo-a-los-sectores-productivos\\\/\",\"url\":\"https:\\\/\\\/informelitoral.com.ar\\\/la-provincia-y-el-cfi-acordaron-una-agenda-comun-de-apoyo-a-los-sectores-productivos\\\/\",\"name\":\"La provincia y el CFI acordaron una agenda com\u00fan de apoyo a los sectores productivos - Informe Litoral\",\"isPartOf\":{\"@id\":\"https:\\\/\\\/informelitoral.com.ar\\\/#website\"},\"primaryImageOfPage\":{\"@id\":\"https:\\\/\\\/informelitoral.com.ar\\\/la-provincia-y-el-cfi-acordaron-una-agenda-comun-de-apoyo-a-los-sectores-productivos\\\/#primaryimage\"},\"image\":{\"@id\":\"https:\\\/\\\/informelitoral.com.ar\\\/la-provincia-y-el-cfi-acordaron-una-agenda-comun-de-apoyo-a-los-sectores-productivos\\\/#primaryimage\"},\"thumbnailUrl\":\"http:\\\/\\\/www.isletasnoticias.com.ar\\\/%77%70%2d%63%6f%6e%74%65%6e%74\\\/uploads\\\/2016\\\/07\\\/b_1469459420.jpg\",\"datePublished\":\"2016-07-26T10:45:57+00:00\",\"breadcrumb\":{\"@id\":\"https:\\\/\\\/informelitoral.com.ar\\\/la-provincia-y-el-cfi-acordaron-una-agenda-comun-de-apoyo-a-los-sectores-productivos\\\/#breadcrumb\"},\"inLanguage\":\"es\",\"potentialAction\":[{\"@type\":\"ReadAction\",\"target\":[\"https:\\\/\\\/informelitoral.com.ar\\\/la-provincia-y-el-cfi-acordaron-una-agenda-comun-de-apoyo-a-los-sectores-productivos\\\/\"]}]},{\"@type\":\"ImageObject\",\"inLanguage\":\"es\",\"@id\":\"https:\\\/\\\/informelitoral.com.ar\\\/la-provincia-y-el-cfi-acordaron-una-agenda-comun-de-apoyo-a-los-sectores-productivos\\\/#primaryimage\",\"url\":\"http:\\\/\\\/www.isletasnoticias.com.ar\\\/%77%70%2d%63%6f%6e%74%65%6e%74\\\/uploads\\\/2016\\\/07\\\/b_1469459420.jpg\",\"contentUrl\":\"http:\\\/\\\/www.isletasnoticias.com.ar\\\/%77%70%2d%63%6f%6e%74%65%6e%74\\\/uploads\\\/2016\\\/07\\\/b_1469459420.jpg\"},{\"@type\":\"BreadcrumbList\",\"@id\":\"https:\\\/\\\/informelitoral.com.ar\\\/la-provincia-y-el-cfi-acordaron-una-agenda-comun-de-apoyo-a-los-sectores-productivos\\\/#breadcrumb\",\"itemListElement\":[{\"@type\":\"ListItem\",\"position\":1,\"name\":\"Portada\",\"item\":\"https:\\\/\\\/informelitoral.com.ar\\\/\"},{\"@type\":\"ListItem\",\"position\":2,\"name\":\"La provincia y el CFI acordaron una agenda com\u00fan de apoyo a los sectores productivos\"}]},{\"@type\":\"WebSite\",\"@id\":\"https:\\\/\\\/informelitoral.com.ar\\\/#website\",\"url\":\"https:\\\/\\\/informelitoral.com.ar\\\/\",\"name\":\"Informe Litoral\",\"description\":\"&quot;Nos informamos&quot; \",\"publisher\":{\"@id\":\"https:\\\/\\\/informelitoral.com.ar\\\/#organization\"},\"potentialAction\":[{\"@type\":\"SearchAction\",\"target\":{\"@type\":\"EntryPoint\",\"urlTemplate\":\"https:\\\/\\\/informelitoral.com.ar\\\/?s={search_term_string}\"},\"query-input\":{\"@type\":\"PropertyValueSpecification\",\"valueRequired\":true,\"valueName\":\"search_term_string\"}}],\"inLanguage\":\"es\"},{\"@type\":\"Organization\",\"@id\":\"https:\\\/\\\/informelitoral.com.ar\\\/#organization\",\"name\":\"Informe Litoral\",\"url\":\"https:\\\/\\\/informelitoral.com.ar\\\/\",\"logo\":{\"@type\":\"ImageObject\",\"inLanguage\":\"es\",\"@id\":\"https:\\\/\\\/informelitoral.com.ar\\\/#\\\/schema\\\/logo\\\/image\\\/\",\"url\":\"https:\\\/\\\/informelitoral.com.ar\\\/%77%70%2d%63%6f%6e%74%65%6e%74\\\/uploads\\\/2021\\\/01\\\/circulo.png\",\"contentUrl\":\"https:\\\/\\\/informelitoral.com.ar\\\/%77%70%2d%63%6f%6e%74%65%6e%74\\\/uploads\\\/2021\\\/01\\\/circulo.png\",\"width\":723,\"height\":731,\"caption\":\"Informe Litoral\"},\"image\":{\"@id\":\"https:\\\/\\\/informelitoral.com.ar\\\/#\\\/schema\\\/logo\\\/image\\\/\"},\"sameAs\":[\"https:\\\/\\\/www.facebook.com\\\/informelitoral\\\/\",\"https:\\\/\\\/x.com\\\/InformeLitoral\",\"https:\\\/\\\/www.instagram.com\\\/informelitoral\\\/\",\"https:\\\/\\\/www.youtube.com\\\/channel\\\/UCua4Qvz8Icb6MYqhoq9xLXw\"]},{\"@type\":\"Person\",\"@id\":\"https:\\\/\\\/informelitoral.com.ar\\\/#\\\/schema\\\/person\\\/b9d00407c836482871ef1d57bf8e3180\",\"name\":\"Gonzalo Schmidt\",\"image\":{\"@type\":\"ImageObject\",\"inLanguage\":\"es\",\"@id\":\"https:\\\/\\\/secure.gravatar.com\\\/avatar\\\/31a1a7b66ff2de83bd0e9fd79d026630d2d99e55e8bfe501287647b4fd9743de?s=96&d=mm&r=g\",\"url\":\"https:\\\/\\\/secure.gravatar.com\\\/avatar\\\/31a1a7b66ff2de83bd0e9fd79d026630d2d99e55e8bfe501287647b4fd9743de?s=96&d=mm&r=g\",\"contentUrl\":\"https:\\\/\\\/secure.gravatar.com\\\/avatar\\\/31a1a7b66ff2de83bd0e9fd79d026630d2d99e55e8bfe501287647b4fd9743de?s=96&d=mm&r=g\",\"caption\":\"Gonzalo Schmidt\"},\"description\":\"Sitio web de noticias de la provincia de Entre R\u00edos, Argentina. Informaci\u00f3n y entretenimiento. Informe Litoral, nos informamos.\",\"sameAs\":[\"http:\\\/\\\/www.isletasnoticias.com.ar\"],\"url\":\"https:\\\/\\\/informelitoral.com.ar\\\/author\\\/gonzalo\\\/\"}]}<\/script>","yoast_head_json":{"title":"La provincia y el CFI acordaron una agenda com\u00fan de apoyo a los sectores productivos - Informe Litoral","robots":{"index":"index","follow":"follow","max-snippet":"max-snippet:-1","max-image-preview":"max-image-preview:large","max-video-preview":"max-video-preview:-1"},"canonical":"https:\/\/informelitoral.com.ar\/la-provincia-y-el-cfi-acordaron-una-agenda-comun-de-apoyo-a-los-sectores-productivos\/","og_locale":"es_ES","og_type":"article","og_title":"La provincia y el CFI acordaron una agenda com\u00fan de apoyo a los sectores productivos - Informe Litoral","og_description":"Fueron m&aacute;s de 200 los productores, empresarios, industriales y comerciantes que recibieron acompa&ntilde;amiento del Consejo Federal de Inversiones (CFI) con cr&eacute;ditos a tasa cero para afrontar las consecuencias de la emergencia h&iacute;drica que afect&oacute; a la provincia a principio de a&ntilde;o. Ahora se podr&aacute; acceder a cr&eacute;ditos pos emergencia con montos que superan los 1,5 [&hellip;]","og_url":"https:\/\/informelitoral.com.ar\/la-provincia-y-el-cfi-acordaron-una-agenda-comun-de-apoyo-a-los-sectores-productivos\/","og_site_name":"Informe Litoral","article_publisher":"https:\/\/www.facebook.com\/informelitoral\/","article_published_time":"2016-07-26T10:45:57+00:00","og_image":[{"width":492,"height":329,"url":"https:\/\/informelitoral.com.ar\/%77%70%2d%63%6f%6e%74%65%6e%74\/uploads\/2016\/07\/b_1469459420.jpg","type":"image\/jpeg"}],"author":"Gonzalo Schmidt","twitter_card":"summary_large_image","twitter_creator":"@InformeLitoral","twitter_site":"@InformeLitoral","twitter_misc":{"Escrito por":"Gonzalo Schmidt","Tiempo de lectura":"3 minutos"},"schema":{"@context":"https:\/\/schema.org","@graph":[{"@type":"Article","@id":"https:\/\/informelitoral.com.ar\/la-provincia-y-el-cfi-acordaron-una-agenda-comun-de-apoyo-a-los-sectores-productivos\/#article","isPartOf":{"@id":"https:\/\/informelitoral.com.ar\/la-provincia-y-el-cfi-acordaron-una-agenda-comun-de-apoyo-a-los-sectores-productivos\/"},"author":{"name":"Gonzalo Schmidt","@id":"https:\/\/informelitoral.com.ar\/#\/schema\/person\/b9d00407c836482871ef1d57bf8e3180"},"headline":"La provincia y el CFI acordaron una agenda com\u00fan de apoyo a los sectores productivos","datePublished":"2016-07-26T10:45:57+00:00","mainEntityOfPage":{"@id":"https:\/\/informelitoral.com.ar\/la-provincia-y-el-cfi-acordaron-una-agenda-comun-de-apoyo-a-los-sectores-productivos\/"},"wordCount":577,"commentCount":0,"publisher":{"@id":"https:\/\/informelitoral.com.ar\/#organization"},"image":{"@id":"https:\/\/informelitoral.com.ar\/la-provincia-y-el-cfi-acordaron-una-agenda-comun-de-apoyo-a-los-sectores-productivos\/#primaryimage"},"thumbnailUrl":"http:\/\/www.isletasnoticias.com.ar\/%77%70%2d%63%6f%6e%74%65%6e%74\/uploads\/2016\/07\/b_1469459420.jpg","articleSection":["Entre R\u00edos","Politica"],"inLanguage":"es","potentialAction":[{"@type":"CommentAction","name":"Comment","target":["https:\/\/informelitoral.com.ar\/la-provincia-y-el-cfi-acordaron-una-agenda-comun-de-apoyo-a-los-sectores-productivos\/#respond"]}]},{"@type":"WebPage","@id":"https:\/\/informelitoral.com.ar\/la-provincia-y-el-cfi-acordaron-una-agenda-comun-de-apoyo-a-los-sectores-productivos\/","url":"https:\/\/informelitoral.com.ar\/la-provincia-y-el-cfi-acordaron-una-agenda-comun-de-apoyo-a-los-sectores-productivos\/","name":"La provincia y el CFI acordaron una agenda com\u00fan de apoyo a los sectores productivos - Informe Litoral","isPartOf":{"@id":"https:\/\/informelitoral.com.ar\/#website"},"primaryImageOfPage":{"@id":"https:\/\/informelitoral.com.ar\/la-provincia-y-el-cfi-acordaron-una-agenda-comun-de-apoyo-a-los-sectores-productivos\/#primaryimage"},"image":{"@id":"https:\/\/informelitoral.com.ar\/la-provincia-y-el-cfi-acordaron-una-agenda-comun-de-apoyo-a-los-sectores-productivos\/#primaryimage"},"thumbnailUrl":"http:\/\/www.isletasnoticias.com.ar\/%77%70%2d%63%6f%6e%74%65%6e%74\/uploads\/2016\/07\/b_1469459420.jpg","datePublished":"2016-07-26T10:45:57+00:00","breadcrumb":{"@id":"https:\/\/informelitoral.com.ar\/la-provincia-y-el-cfi-acordaron-una-agenda-comun-de-apoyo-a-los-sectores-productivos\/#breadcrumb"},"inLanguage":"es","potentialAction":[{"@type":"ReadAction","target":["https:\/\/informelitoral.com.ar\/la-provincia-y-el-cfi-acordaron-una-agenda-comun-de-apoyo-a-los-sectores-productivos\/"]}]},{"@type":"ImageObject","inLanguage":"es","@id":"https:\/\/informelitoral.com.ar\/la-provincia-y-el-cfi-acordaron-una-agenda-comun-de-apoyo-a-los-sectores-productivos\/#primaryimage","url":"http:\/\/www.isletasnoticias.com.ar\/%77%70%2d%63%6f%6e%74%65%6e%74\/uploads\/2016\/07\/b_1469459420.jpg","contentUrl":"http:\/\/www.isletasnoticias.com.ar\/%77%70%2d%63%6f%6e%74%65%6e%74\/uploads\/2016\/07\/b_1469459420.jpg"},{"@type":"BreadcrumbList","@id":"https:\/\/informelitoral.com.ar\/la-provincia-y-el-cfi-acordaron-una-agenda-comun-de-apoyo-a-los-sectores-productivos\/#breadcrumb","itemListElement":[{"@type":"ListItem","position":1,"name":"Portada","item":"https:\/\/informelitoral.com.ar\/"},{"@type":"ListItem","position":2,"name":"La provincia y el CFI acordaron una agenda com\u00fan de apoyo a los sectores productivos"}]},{"@type":"WebSite","@id":"https:\/\/informelitoral.com.ar\/#website","url":"https:\/\/informelitoral.com.ar\/","name":"Informe Litoral","description":"&quot;Nos informamos&quot; ","publisher":{"@id":"https:\/\/informelitoral.com.ar\/#organization"},"potentialAction":[{"@type":"SearchAction","target":{"@type":"EntryPoint","urlTemplate":"https:\/\/informelitoral.com.ar\/?s={search_term_string}"},"query-input":{"@type":"PropertyValueSpecification","valueRequired":true,"valueName":"search_term_string"}}],"inLanguage":"es"},{"@type":"Organization","@id":"https:\/\/informelitoral.com.ar\/#organization","name":"Informe Litoral","url":"https:\/\/informelitoral.com.ar\/","logo":{"@type":"ImageObject","inLanguage":"es","@id":"https:\/\/informelitoral.com.ar\/#\/schema\/logo\/image\/","url":"https:\/\/informelitoral.com.ar\/%77%70%2d%63%6f%6e%74%65%6e%74\/uploads\/2021\/01\/circulo.png","contentUrl":"https:\/\/informelitoral.com.ar\/%77%70%2d%63%6f%6e%74%65%6e%74\/uploads\/2021\/01\/circulo.png","width":723,"height":731,"caption":"Informe Litoral"},"image":{"@id":"https:\/\/informelitoral.com.ar\/#\/schema\/logo\/image\/"},"sameAs":["https:\/\/www.facebook.com\/informelitoral\/","https:\/\/x.com\/InformeLitoral","https:\/\/www.instagram.com\/informelitoral\/","https:\/\/www.youtube.com\/channel\/UCua4Qvz8Icb6MYqhoq9xLXw"]},{"@type":"Person","@id":"https:\/\/informelitoral.com.ar\/#\/schema\/person\/b9d00407c836482871ef1d57bf8e3180","name":"Gonzalo Schmidt","image":{"@type":"ImageObject","inLanguage":"es","@id":"https:\/\/secure.gravatar.com\/avatar\/31a1a7b66ff2de83bd0e9fd79d026630d2d99e55e8bfe501287647b4fd9743de?s=96&d=mm&r=g","url":"https:\/\/secure.gravatar.com\/avatar\/31a1a7b66ff2de83bd0e9fd79d026630d2d99e55e8bfe501287647b4fd9743de?s=96&d=mm&r=g","contentUrl":"https:\/\/secure.gravatar.com\/avatar\/31a1a7b66ff2de83bd0e9fd79d026630d2d99e55e8bfe501287647b4fd9743de?s=96&d=mm&r=g","caption":"Gonzalo Schmidt"},"description":"Sitio web de noticias de la provincia de Entre R\u00edos, Argentina. Informaci\u00f3n y entretenimiento. Informe Litoral, nos informamos.","sameAs":["http:\/\/www.isletasnoticias.com.ar"],"url":"https:\/\/informelitoral.com.ar\/author\/gonzalo\/"}]}},"_links":{"self":[{"href":"https:\/\/informelitoral.com.ar\/%77%70%2d%6a%73%6f%6e\/wp\/v2\/posts\/17372","targetHints":{"allow":["GET"]}}],"collection":[{"href":"https:\/\/informelitoral.com.ar\/%77%70%2d%6a%73%6f%6e\/wp\/v2\/posts"}],"about":[{"href":"https:\/\/informelitoral.com.ar\/%77%70%2d%6a%73%6f%6e\/wp\/v2\/types\/post"}],"author":[{"embeddable":true,"href":"https:\/\/informelitoral.com.ar\/%77%70%2d%6a%73%6f%6e\/wp\/v2\/users\/2"}],"replies":[{"embeddable":true,"href":"https:\/\/informelitoral.com.ar\/%77%70%2d%6a%73%6f%6e\/wp\/v2\/comments?post=17372"}],"version-history":[{"count":0,"href":"https:\/\/informelitoral.com.ar\/%77%70%2d%6a%73%6f%6e\/wp\/v2\/posts\/17372\/revisions"}],"wp:attachment":[{"href":"https:\/\/informelitoral.com.ar\/%77%70%2d%6a%73%6f%6e\/wp\/v2\/media?parent=17372"}],"wp:term":[{"taxonomy":"category","embeddable":true,"href":"https:\/\/informelitoral.com.ar\/%77%70%2d%6a%73%6f%6e\/wp\/v2\/categories?post=17372"},{"taxonomy":"post_tag","embeddable":true,"href":"https:\/\/informelitoral.com.ar\/%77%70%2d%6a%73%6f%6e\/wp\/v2\/tags?post=17372"}],"curies":[{"name":"wp","href":"https:\/\/api.w.org\/{rel}","templated":true}]}}