{"id":17359,"date":"2016-07-25T06:14:47","date_gmt":"2016-07-25T09:14:47","guid":{"rendered":"http:\/\/www.isletasnoticias.com.ar\/?p=17359"},"modified":"2016-07-25T08:19:20","modified_gmt":"2016-07-25T11:19:20","slug":"pena-aclaro-que-no-esta-en-agenda-subir-la-edad-jubilatoria","status":"publish","type":"post","link":"https:\/\/informelitoral.com.ar\/pena-aclaro-que-no-esta-en-agenda-subir-la-edad-jubilatoria\/","title":{"rendered":"Pe\u00f1a aclar\u00f3 que \u201cno est\u00e1 en agenda\u201d subir la edad jubilatoria"},"content":{"rendered":"<p><strong>El Jefe de Gabinete tambi\u00e9n dijo que \u201ces importante crear una comisi\u00f3n para debatir el futuro del sistema\u201d.<a href=\"http:\/\/www.isletasnoticias.com.ar\/%77%70%2d%63%6f%6e%74%65%6e%74\/uploads\/2016\/07\/Marcos-Gabinete-Foto-Noel-Smart_CLAIMA20160710_0015_28.jpg\"><img loading=\"lazy\" decoding=\"async\" class=\"aligncenter wp-image-17360 size-full\" src=\"http:\/\/www.isletasnoticias.com.ar\/%77%70%2d%63%6f%6e%74%65%6e%74\/uploads\/2016\/07\/Marcos-Gabinete-Foto-Noel-Smart_CLAIMA20160710_0015_28.jpg\" alt=\"Marcos-Gabinete-Foto-Noel-Smart_CLAIMA20160710_0015_28\" width=\"600\" height=\"338\" srcset=\"https:\/\/informelitoral.com.ar\/%77%70%2d%63%6f%6e%74%65%6e%74\/uploads\/2016\/07\/Marcos-Gabinete-Foto-Noel-Smart_CLAIMA20160710_0015_28.jpg 600w, https:\/\/informelitoral.com.ar\/%77%70%2d%63%6f%6e%74%65%6e%74\/uploads\/2016\/07\/Marcos-Gabinete-Foto-Noel-Smart_CLAIMA20160710_0015_28-300x169.jpg 300w\" sizes=\"auto, (max-width: 600px) 100vw, 600px\" \/><\/a><\/strong><span style=\"line-height: 1.55;\">Tras los dichos del titular del PAMI que se interpretaron como un gesto en pos de aumentar la edad jubilatoria m\u00e1s all\u00e1 de los 65, el jefe de Gabinete, Marcos Pe\u00f1a, afirm\u00f3 ayer que el asunto no est\u00e1 en la \u201cagenda\u201d del Gobierno y que el funcionario lo hab\u00eda planteado como \u201cun tema m\u00e9dico\u201d.<\/span><\/p>\n<p>Sin embargo el jefe de ministros aclar\u00f3 que el t\u00f3pico \u201cs\u00ed se ha planteado en la ley de reparaci\u00f3n hist\u00f3rica de los jubilados\u201d, y reforz\u00f3 la idea de que \u201ces importante crear una comisi\u00f3n para debatir el futuro del sistema previsional\u201d.<\/p>\n<p>Pe\u00f1a se refer\u00eda a que el proyecto de ley \u201cPrograma de Reparaci\u00f3n Hist\u00f3rica para Jubilados y Pensionados\u201d, contempla la creaci\u00f3n del Consejo de Sustentabilidad Previsional, para garantizar la solvencia y justicia del sistema.<\/p>\n<p>La semana pasada el director del PAMI, Carlos Regazzoni, hab\u00eda afirmado en un reportaje con La Naci\u00f3n que \u201cla medicina dice que lo mejor es seguir trabajando porque es lo que mejor mantiene la cabeza\u201d. Al respecto, Pe\u00f1a aclar\u00f3 en una entrevista en el diario el Tribuno de Salta, que \u201clo plante\u00f3 como un tema m\u00e9dico, como m\u00e9dico que es. Hoy por hoy, nosotros no hemos planteado ese debate, aunque donde s\u00ed se ha planteado es en la ley de reparaci\u00f3n hist\u00f3rica de los jubilados\u201d.<\/p>\n<p>Y agreg\u00f3: \u201ces importante crear una comisi\u00f3n para debatir el futuro del sistema previsional, pero no hay ning\u00fan punto en este momento de agenda con la edad\u201d.<\/p>\n<p>El debate sobre la edad jubilatoria es bastante antiguo, y se dio sobre todo en Europa debido a que su poblaci\u00f3n envejec\u00eda m\u00e1s. Pero en Am\u00e9rica Latina, Argentina no envejeci\u00f3 a las mismas tasas que la regi\u00f3n: era hace 25 a\u00f1os el segundo m\u00e1s envejecido, y hoy est\u00e1 en el s\u00e9ptimo lugar.<\/p>\n<p>Seg\u00fan estimaciones, a nuestro pa\u00eds le quedan 20 a\u00f1os para que su poblaci\u00f3n se haga vieja, y la proporci\u00f3n de personas en edad de trabajar en relaci\u00f3n con la poblaci\u00f3n total es m\u00e1xima, por lo que se cuenta con \u201cun bono demogr\u00e1fico\u201d, con el que el pa\u00eds podr\u00eda hacerse rico antes que viejo, seg\u00fan el economista Jos\u00e9 Mar\u00eda Fanelli.<\/p>\n<p>En los \u00faltimos a\u00f1os a partir de la extensi\u00f3n de la esperanza de vida y la complicaciones econ\u00f3micas, ha aumentado en algunos pa\u00edses la edad jubilatoria. Por ejemplo: en Espa\u00f1a (67), en Francia (62), y en Italia (66). En 2012 el FMI hab\u00eda desatado la pol\u00e9mica al afirmar que una longevidad inesperada constitu\u00eda \u201cun riesgo financiero\u201d.<\/p>\n<p>\u201cNo alcanza con una comisi\u00f3n, debe haber un debate de cara a la sociedad con todas las fuerzas pol\u00edticas\u201d, afirm\u00f3 a <em>Clar\u00edn<\/em> Eugenio Semino, Defensor de la Tercera Edad.<\/p>\n<p>El funcionario explic\u00f3 que la financiaci\u00f3n de las jubilaciones proviene del trabajo y de los impuestos. \u201cEl gravamen que m\u00e1s aporta es el IVA, que es el impuesto que m\u00e1s afecta a los pobres. Imaginen la sustentabilidad de un sistema previsional en donde los pobres financian a los pobres jubilados\u201d, evalu\u00f3.<\/p>\n<p>En este sentido, se\u00f1al\u00f3 que \u201cantes de cuestionar la variable edad, me preguntar\u00eda por los que aportan cero a las jubilaciones: la renta financiera, la minera y el juego\u201d, concluy\u00f3 Semino.<\/p>\n","protected":false},"excerpt":{"rendered":"<p>El Jefe de Gabinete tambi&eacute;n dijo que &ldquo;es importante crear una comisi&oacute;n para debatir el futuro del sistema&rdquo;.Tras los dichos del titular del PAMI que se interpretaron como un gesto en pos de aumentar la edad jubilatoria m&aacute;s all&aacute; de los 65, el jefe de Gabinete, Marcos Pe&ntilde;a, afirm&oacute; ayer que el asunto no est&aacute; [&hellip;]<\/p>\n","protected":false},"author":2,"featured_media":0,"comment_status":"open","ping_status":"open","sticky":false,"template":"","format":"standard","meta":{"fifu_image_url":"","fifu_image_alt":"","footnotes":""},"categories":[7],"tags":[],"class_list":{"0":"post-17359","1":"post","2":"type-post","3":"status-publish","4":"format-standard","6":"category-nacionales"},"yoast_head":"<title>Pe\u00f1a aclar\u00f3 que \u201cno est\u00e1 en agenda\u201d subir la edad jubilatoria - Informe Litoral<\/title>\n<meta name=\"robots\" content=\"index, follow, max-snippet:-1, max-image-preview:large, max-video-preview:-1\" \/>\n<link rel=\"canonical\" href=\"https:\/\/informelitoral.com.ar\/pena-aclaro-que-no-esta-en-agenda-subir-la-edad-jubilatoria\/\" \/>\n<meta property=\"og:locale\" content=\"es_ES\" \/>\n<meta property=\"og:type\" content=\"article\" \/>\n<meta property=\"og:title\" content=\"Pe\u00f1a aclar\u00f3 que \u201cno est\u00e1 en agenda\u201d subir la edad jubilatoria - Informe Litoral\" \/>\n<meta property=\"og:description\" content=\"El Jefe de Gabinete tambi&eacute;n dijo que &ldquo;es importante crear una comisi&oacute;n para debatir el futuro del sistema&rdquo;.Tras los dichos del titular del PAMI que se interpretaron como un gesto en pos de aumentar la edad jubilatoria m&aacute;s all&aacute; de los 65, el jefe de Gabinete, Marcos Pe&ntilde;a, afirm&oacute; ayer que el asunto no est&aacute; [&hellip;]\" \/>\n<meta property=\"og:url\" content=\"https:\/\/informelitoral.com.ar\/pena-aclaro-que-no-esta-en-agenda-subir-la-edad-jubilatoria\/\" \/>\n<meta property=\"og:site_name\" content=\"Informe Litoral\" \/>\n<meta property=\"article:publisher\" content=\"https:\/\/www.facebook.com\/informelitoral\/\" \/>\n<meta property=\"article:published_time\" content=\"2016-07-25T09:14:47+00:00\" \/>\n<meta property=\"article:modified_time\" content=\"2016-07-25T11:19:20+00:00\" \/>\n<meta property=\"og:image\" content=\"https:\/\/informelitoral.com.ar\/%77%70%2d%63%6f%6e%74%65%6e%74\/uploads\/2016\/07\/Marcos-Gabinete-Foto-Noel-Smart_CLAIMA20160710_0015_28.jpg\" \/>\n\t<meta property=\"og:image:width\" content=\"600\" \/>\n\t<meta property=\"og:image:height\" content=\"338\" \/>\n\t<meta property=\"og:image:type\" content=\"image\/jpeg\" \/>\n<meta name=\"author\" content=\"Gonzalo Schmidt\" \/>\n<meta name=\"twitter:card\" content=\"summary_large_image\" \/>\n<meta name=\"twitter:creator\" content=\"@InformeLitoral\" \/>\n<meta name=\"twitter:site\" content=\"@InformeLitoral\" \/>\n<meta name=\"twitter:label1\" content=\"Escrito por\" \/>\n\t<meta name=\"twitter:data1\" content=\"Gonzalo Schmidt\" \/>\n\t<meta name=\"twitter:label2\" content=\"Tiempo de lectura\" \/>\n\t<meta name=\"twitter:data2\" content=\"3 minutos\" \/>\n<script type=\"application\/ld+json\" class=\"yoast-schema-graph\">{\"@context\":\"https:\\\/\\\/schema.org\",\"@graph\":[{\"@type\":\"Article\",\"@id\":\"https:\\\/\\\/informelitoral.com.ar\\\/pena-aclaro-que-no-esta-en-agenda-subir-la-edad-jubilatoria\\\/#article\",\"isPartOf\":{\"@id\":\"https:\\\/\\\/informelitoral.com.ar\\\/pena-aclaro-que-no-esta-en-agenda-subir-la-edad-jubilatoria\\\/\"},\"author\":{\"name\":\"Gonzalo Schmidt\",\"@id\":\"https:\\\/\\\/informelitoral.com.ar\\\/#\\\/schema\\\/person\\\/b9d00407c836482871ef1d57bf8e3180\"},\"headline\":\"Pe\u00f1a aclar\u00f3 que \u201cno est\u00e1 en agenda\u201d subir la edad jubilatoria\",\"datePublished\":\"2016-07-25T09:14:47+00:00\",\"dateModified\":\"2016-07-25T11:19:20+00:00\",\"mainEntityOfPage\":{\"@id\":\"https:\\\/\\\/informelitoral.com.ar\\\/pena-aclaro-que-no-esta-en-agenda-subir-la-edad-jubilatoria\\\/\"},\"wordCount\":602,\"commentCount\":0,\"publisher\":{\"@id\":\"https:\\\/\\\/informelitoral.com.ar\\\/#organization\"},\"image\":{\"@id\":\"https:\\\/\\\/informelitoral.com.ar\\\/pena-aclaro-que-no-esta-en-agenda-subir-la-edad-jubilatoria\\\/#primaryimage\"},\"thumbnailUrl\":\"http:\\\/\\\/www.isletasnoticias.com.ar\\\/%77%70%2d%63%6f%6e%74%65%6e%74\\\/uploads\\\/2016\\\/07\\\/Marcos-Gabinete-Foto-Noel-Smart_CLAIMA20160710_0015_28.jpg\",\"articleSection\":[\"Nacionales\"],\"inLanguage\":\"es\",\"potentialAction\":[{\"@type\":\"CommentAction\",\"name\":\"Comment\",\"target\":[\"https:\\\/\\\/informelitoral.com.ar\\\/pena-aclaro-que-no-esta-en-agenda-subir-la-edad-jubilatoria\\\/#respond\"]}]},{\"@type\":\"WebPage\",\"@id\":\"https:\\\/\\\/informelitoral.com.ar\\\/pena-aclaro-que-no-esta-en-agenda-subir-la-edad-jubilatoria\\\/\",\"url\":\"https:\\\/\\\/informelitoral.com.ar\\\/pena-aclaro-que-no-esta-en-agenda-subir-la-edad-jubilatoria\\\/\",\"name\":\"Pe\u00f1a aclar\u00f3 que \u201cno est\u00e1 en agenda\u201d subir la edad jubilatoria - Informe Litoral\",\"isPartOf\":{\"@id\":\"https:\\\/\\\/informelitoral.com.ar\\\/#website\"},\"primaryImageOfPage\":{\"@id\":\"https:\\\/\\\/informelitoral.com.ar\\\/pena-aclaro-que-no-esta-en-agenda-subir-la-edad-jubilatoria\\\/#primaryimage\"},\"image\":{\"@id\":\"https:\\\/\\\/informelitoral.com.ar\\\/pena-aclaro-que-no-esta-en-agenda-subir-la-edad-jubilatoria\\\/#primaryimage\"},\"thumbnailUrl\":\"http:\\\/\\\/www.isletasnoticias.com.ar\\\/%77%70%2d%63%6f%6e%74%65%6e%74\\\/uploads\\\/2016\\\/07\\\/Marcos-Gabinete-Foto-Noel-Smart_CLAIMA20160710_0015_28.jpg\",\"datePublished\":\"2016-07-25T09:14:47+00:00\",\"dateModified\":\"2016-07-25T11:19:20+00:00\",\"breadcrumb\":{\"@id\":\"https:\\\/\\\/informelitoral.com.ar\\\/pena-aclaro-que-no-esta-en-agenda-subir-la-edad-jubilatoria\\\/#breadcrumb\"},\"inLanguage\":\"es\",\"potentialAction\":[{\"@type\":\"ReadAction\",\"target\":[\"https:\\\/\\\/informelitoral.com.ar\\\/pena-aclaro-que-no-esta-en-agenda-subir-la-edad-jubilatoria\\\/\"]}]},{\"@type\":\"ImageObject\",\"inLanguage\":\"es\",\"@id\":\"https:\\\/\\\/informelitoral.com.ar\\\/pena-aclaro-que-no-esta-en-agenda-subir-la-edad-jubilatoria\\\/#primaryimage\",\"url\":\"http:\\\/\\\/www.isletasnoticias.com.ar\\\/%77%70%2d%63%6f%6e%74%65%6e%74\\\/uploads\\\/2016\\\/07\\\/Marcos-Gabinete-Foto-Noel-Smart_CLAIMA20160710_0015_28.jpg\",\"contentUrl\":\"http:\\\/\\\/www.isletasnoticias.com.ar\\\/%77%70%2d%63%6f%6e%74%65%6e%74\\\/uploads\\\/2016\\\/07\\\/Marcos-Gabinete-Foto-Noel-Smart_CLAIMA20160710_0015_28.jpg\"},{\"@type\":\"BreadcrumbList\",\"@id\":\"https:\\\/\\\/informelitoral.com.ar\\\/pena-aclaro-que-no-esta-en-agenda-subir-la-edad-jubilatoria\\\/#breadcrumb\",\"itemListElement\":[{\"@type\":\"ListItem\",\"position\":1,\"name\":\"Portada\",\"item\":\"https:\\\/\\\/informelitoral.com.ar\\\/\"},{\"@type\":\"ListItem\",\"position\":2,\"name\":\"Pe\u00f1a aclar\u00f3 que \u201cno est\u00e1 en agenda\u201d subir la edad jubilatoria\"}]},{\"@type\":\"WebSite\",\"@id\":\"https:\\\/\\\/informelitoral.com.ar\\\/#website\",\"url\":\"https:\\\/\\\/informelitoral.com.ar\\\/\",\"name\":\"Informe Litoral\",\"description\":\"&quot;Nos informamos&quot; \",\"publisher\":{\"@id\":\"https:\\\/\\\/informelitoral.com.ar\\\/#organization\"},\"potentialAction\":[{\"@type\":\"SearchAction\",\"target\":{\"@type\":\"EntryPoint\",\"urlTemplate\":\"https:\\\/\\\/informelitoral.com.ar\\\/?s={search_term_string}\"},\"query-input\":{\"@type\":\"PropertyValueSpecification\",\"valueRequired\":true,\"valueName\":\"search_term_string\"}}],\"inLanguage\":\"es\"},{\"@type\":\"Organization\",\"@id\":\"https:\\\/\\\/informelitoral.com.ar\\\/#organization\",\"name\":\"Informe Litoral\",\"url\":\"https:\\\/\\\/informelitoral.com.ar\\\/\",\"logo\":{\"@type\":\"ImageObject\",\"inLanguage\":\"es\",\"@id\":\"https:\\\/\\\/informelitoral.com.ar\\\/#\\\/schema\\\/logo\\\/image\\\/\",\"url\":\"https:\\\/\\\/informelitoral.com.ar\\\/%77%70%2d%63%6f%6e%74%65%6e%74\\\/uploads\\\/2021\\\/01\\\/circulo.png\",\"contentUrl\":\"https:\\\/\\\/informelitoral.com.ar\\\/%77%70%2d%63%6f%6e%74%65%6e%74\\\/uploads\\\/2021\\\/01\\\/circulo.png\",\"width\":723,\"height\":731,\"caption\":\"Informe Litoral\"},\"image\":{\"@id\":\"https:\\\/\\\/informelitoral.com.ar\\\/#\\\/schema\\\/logo\\\/image\\\/\"},\"sameAs\":[\"https:\\\/\\\/www.facebook.com\\\/informelitoral\\\/\",\"https:\\\/\\\/x.com\\\/InformeLitoral\",\"https:\\\/\\\/www.instagram.com\\\/informelitoral\\\/\",\"https:\\\/\\\/www.youtube.com\\\/channel\\\/UCua4Qvz8Icb6MYqhoq9xLXw\"]},{\"@type\":\"Person\",\"@id\":\"https:\\\/\\\/informelitoral.com.ar\\\/#\\\/schema\\\/person\\\/b9d00407c836482871ef1d57bf8e3180\",\"name\":\"Gonzalo Schmidt\",\"image\":{\"@type\":\"ImageObject\",\"inLanguage\":\"es\",\"@id\":\"https:\\\/\\\/secure.gravatar.com\\\/avatar\\\/31a1a7b66ff2de83bd0e9fd79d026630d2d99e55e8bfe501287647b4fd9743de?s=96&d=mm&r=g\",\"url\":\"https:\\\/\\\/secure.gravatar.com\\\/avatar\\\/31a1a7b66ff2de83bd0e9fd79d026630d2d99e55e8bfe501287647b4fd9743de?s=96&d=mm&r=g\",\"contentUrl\":\"https:\\\/\\\/secure.gravatar.com\\\/avatar\\\/31a1a7b66ff2de83bd0e9fd79d026630d2d99e55e8bfe501287647b4fd9743de?s=96&d=mm&r=g\",\"caption\":\"Gonzalo Schmidt\"},\"description\":\"Sitio web de noticias de la provincia de Entre R\u00edos, Argentina. Informaci\u00f3n y entretenimiento. Informe Litoral, nos informamos.\",\"sameAs\":[\"http:\\\/\\\/www.isletasnoticias.com.ar\"],\"url\":\"https:\\\/\\\/informelitoral.com.ar\\\/author\\\/gonzalo\\\/\"}]}<\/script>","yoast_head_json":{"title":"Pe\u00f1a aclar\u00f3 que \u201cno est\u00e1 en agenda\u201d subir la edad jubilatoria - Informe Litoral","robots":{"index":"index","follow":"follow","max-snippet":"max-snippet:-1","max-image-preview":"max-image-preview:large","max-video-preview":"max-video-preview:-1"},"canonical":"https:\/\/informelitoral.com.ar\/pena-aclaro-que-no-esta-en-agenda-subir-la-edad-jubilatoria\/","og_locale":"es_ES","og_type":"article","og_title":"Pe\u00f1a aclar\u00f3 que \u201cno est\u00e1 en agenda\u201d subir la edad jubilatoria - Informe Litoral","og_description":"El Jefe de Gabinete tambi&eacute;n dijo que &ldquo;es importante crear una comisi&oacute;n para debatir el futuro del sistema&rdquo;.Tras los dichos del titular del PAMI que se interpretaron como un gesto en pos de aumentar la edad jubilatoria m&aacute;s all&aacute; de los 65, el jefe de Gabinete, Marcos Pe&ntilde;a, afirm&oacute; ayer que el asunto no est&aacute; [&hellip;]","og_url":"https:\/\/informelitoral.com.ar\/pena-aclaro-que-no-esta-en-agenda-subir-la-edad-jubilatoria\/","og_site_name":"Informe Litoral","article_publisher":"https:\/\/www.facebook.com\/informelitoral\/","article_published_time":"2016-07-25T09:14:47+00:00","article_modified_time":"2016-07-25T11:19:20+00:00","og_image":[{"width":600,"height":338,"url":"https:\/\/informelitoral.com.ar\/%77%70%2d%63%6f%6e%74%65%6e%74\/uploads\/2016\/07\/Marcos-Gabinete-Foto-Noel-Smart_CLAIMA20160710_0015_28.jpg","type":"image\/jpeg"}],"author":"Gonzalo Schmidt","twitter_card":"summary_large_image","twitter_creator":"@InformeLitoral","twitter_site":"@InformeLitoral","twitter_misc":{"Escrito por":"Gonzalo Schmidt","Tiempo de lectura":"3 minutos"},"schema":{"@context":"https:\/\/schema.org","@graph":[{"@type":"Article","@id":"https:\/\/informelitoral.com.ar\/pena-aclaro-que-no-esta-en-agenda-subir-la-edad-jubilatoria\/#article","isPartOf":{"@id":"https:\/\/informelitoral.com.ar\/pena-aclaro-que-no-esta-en-agenda-subir-la-edad-jubilatoria\/"},"author":{"name":"Gonzalo Schmidt","@id":"https:\/\/informelitoral.com.ar\/#\/schema\/person\/b9d00407c836482871ef1d57bf8e3180"},"headline":"Pe\u00f1a aclar\u00f3 que \u201cno est\u00e1 en agenda\u201d subir la edad jubilatoria","datePublished":"2016-07-25T09:14:47+00:00","dateModified":"2016-07-25T11:19:20+00:00","mainEntityOfPage":{"@id":"https:\/\/informelitoral.com.ar\/pena-aclaro-que-no-esta-en-agenda-subir-la-edad-jubilatoria\/"},"wordCount":602,"commentCount":0,"publisher":{"@id":"https:\/\/informelitoral.com.ar\/#organization"},"image":{"@id":"https:\/\/informelitoral.com.ar\/pena-aclaro-que-no-esta-en-agenda-subir-la-edad-jubilatoria\/#primaryimage"},"thumbnailUrl":"http:\/\/www.isletasnoticias.com.ar\/%77%70%2d%63%6f%6e%74%65%6e%74\/uploads\/2016\/07\/Marcos-Gabinete-Foto-Noel-Smart_CLAIMA20160710_0015_28.jpg","articleSection":["Nacionales"],"inLanguage":"es","potentialAction":[{"@type":"CommentAction","name":"Comment","target":["https:\/\/informelitoral.com.ar\/pena-aclaro-que-no-esta-en-agenda-subir-la-edad-jubilatoria\/#respond"]}]},{"@type":"WebPage","@id":"https:\/\/informelitoral.com.ar\/pena-aclaro-que-no-esta-en-agenda-subir-la-edad-jubilatoria\/","url":"https:\/\/informelitoral.com.ar\/pena-aclaro-que-no-esta-en-agenda-subir-la-edad-jubilatoria\/","name":"Pe\u00f1a aclar\u00f3 que \u201cno est\u00e1 en agenda\u201d subir la edad jubilatoria - Informe Litoral","isPartOf":{"@id":"https:\/\/informelitoral.com.ar\/#website"},"primaryImageOfPage":{"@id":"https:\/\/informelitoral.com.ar\/pena-aclaro-que-no-esta-en-agenda-subir-la-edad-jubilatoria\/#primaryimage"},"image":{"@id":"https:\/\/informelitoral.com.ar\/pena-aclaro-que-no-esta-en-agenda-subir-la-edad-jubilatoria\/#primaryimage"},"thumbnailUrl":"http:\/\/www.isletasnoticias.com.ar\/%77%70%2d%63%6f%6e%74%65%6e%74\/uploads\/2016\/07\/Marcos-Gabinete-Foto-Noel-Smart_CLAIMA20160710_0015_28.jpg","datePublished":"2016-07-25T09:14:47+00:00","dateModified":"2016-07-25T11:19:20+00:00","breadcrumb":{"@id":"https:\/\/informelitoral.com.ar\/pena-aclaro-que-no-esta-en-agenda-subir-la-edad-jubilatoria\/#breadcrumb"},"inLanguage":"es","potentialAction":[{"@type":"ReadAction","target":["https:\/\/informelitoral.com.ar\/pena-aclaro-que-no-esta-en-agenda-subir-la-edad-jubilatoria\/"]}]},{"@type":"ImageObject","inLanguage":"es","@id":"https:\/\/informelitoral.com.ar\/pena-aclaro-que-no-esta-en-agenda-subir-la-edad-jubilatoria\/#primaryimage","url":"http:\/\/www.isletasnoticias.com.ar\/%77%70%2d%63%6f%6e%74%65%6e%74\/uploads\/2016\/07\/Marcos-Gabinete-Foto-Noel-Smart_CLAIMA20160710_0015_28.jpg","contentUrl":"http:\/\/www.isletasnoticias.com.ar\/%77%70%2d%63%6f%6e%74%65%6e%74\/uploads\/2016\/07\/Marcos-Gabinete-Foto-Noel-Smart_CLAIMA20160710_0015_28.jpg"},{"@type":"BreadcrumbList","@id":"https:\/\/informelitoral.com.ar\/pena-aclaro-que-no-esta-en-agenda-subir-la-edad-jubilatoria\/#breadcrumb","itemListElement":[{"@type":"ListItem","position":1,"name":"Portada","item":"https:\/\/informelitoral.com.ar\/"},{"@type":"ListItem","position":2,"name":"Pe\u00f1a aclar\u00f3 que \u201cno est\u00e1 en agenda\u201d subir la edad jubilatoria"}]},{"@type":"WebSite","@id":"https:\/\/informelitoral.com.ar\/#website","url":"https:\/\/informelitoral.com.ar\/","name":"Informe Litoral","description":"&quot;Nos informamos&quot; ","publisher":{"@id":"https:\/\/informelitoral.com.ar\/#organization"},"potentialAction":[{"@type":"SearchAction","target":{"@type":"EntryPoint","urlTemplate":"https:\/\/informelitoral.com.ar\/?s={search_term_string}"},"query-input":{"@type":"PropertyValueSpecification","valueRequired":true,"valueName":"search_term_string"}}],"inLanguage":"es"},{"@type":"Organization","@id":"https:\/\/informelitoral.com.ar\/#organization","name":"Informe Litoral","url":"https:\/\/informelitoral.com.ar\/","logo":{"@type":"ImageObject","inLanguage":"es","@id":"https:\/\/informelitoral.com.ar\/#\/schema\/logo\/image\/","url":"https:\/\/informelitoral.com.ar\/%77%70%2d%63%6f%6e%74%65%6e%74\/uploads\/2021\/01\/circulo.png","contentUrl":"https:\/\/informelitoral.com.ar\/%77%70%2d%63%6f%6e%74%65%6e%74\/uploads\/2021\/01\/circulo.png","width":723,"height":731,"caption":"Informe Litoral"},"image":{"@id":"https:\/\/informelitoral.com.ar\/#\/schema\/logo\/image\/"},"sameAs":["https:\/\/www.facebook.com\/informelitoral\/","https:\/\/x.com\/InformeLitoral","https:\/\/www.instagram.com\/informelitoral\/","https:\/\/www.youtube.com\/channel\/UCua4Qvz8Icb6MYqhoq9xLXw"]},{"@type":"Person","@id":"https:\/\/informelitoral.com.ar\/#\/schema\/person\/b9d00407c836482871ef1d57bf8e3180","name":"Gonzalo Schmidt","image":{"@type":"ImageObject","inLanguage":"es","@id":"https:\/\/secure.gravatar.com\/avatar\/31a1a7b66ff2de83bd0e9fd79d026630d2d99e55e8bfe501287647b4fd9743de?s=96&d=mm&r=g","url":"https:\/\/secure.gravatar.com\/avatar\/31a1a7b66ff2de83bd0e9fd79d026630d2d99e55e8bfe501287647b4fd9743de?s=96&d=mm&r=g","contentUrl":"https:\/\/secure.gravatar.com\/avatar\/31a1a7b66ff2de83bd0e9fd79d026630d2d99e55e8bfe501287647b4fd9743de?s=96&d=mm&r=g","caption":"Gonzalo Schmidt"},"description":"Sitio web de noticias de la provincia de Entre R\u00edos, Argentina. Informaci\u00f3n y entretenimiento. Informe Litoral, nos informamos.","sameAs":["http:\/\/www.isletasnoticias.com.ar"],"url":"https:\/\/informelitoral.com.ar\/author\/gonzalo\/"}]}},"_links":{"self":[{"href":"https:\/\/informelitoral.com.ar\/%77%70%2d%6a%73%6f%6e\/wp\/v2\/posts\/17359","targetHints":{"allow":["GET"]}}],"collection":[{"href":"https:\/\/informelitoral.com.ar\/%77%70%2d%6a%73%6f%6e\/wp\/v2\/posts"}],"about":[{"href":"https:\/\/informelitoral.com.ar\/%77%70%2d%6a%73%6f%6e\/wp\/v2\/types\/post"}],"author":[{"embeddable":true,"href":"https:\/\/informelitoral.com.ar\/%77%70%2d%6a%73%6f%6e\/wp\/v2\/users\/2"}],"replies":[{"embeddable":true,"href":"https:\/\/informelitoral.com.ar\/%77%70%2d%6a%73%6f%6e\/wp\/v2\/comments?post=17359"}],"version-history":[{"count":0,"href":"https:\/\/informelitoral.com.ar\/%77%70%2d%6a%73%6f%6e\/wp\/v2\/posts\/17359\/revisions"}],"wp:attachment":[{"href":"https:\/\/informelitoral.com.ar\/%77%70%2d%6a%73%6f%6e\/wp\/v2\/media?parent=17359"}],"wp:term":[{"taxonomy":"category","embeddable":true,"href":"https:\/\/informelitoral.com.ar\/%77%70%2d%6a%73%6f%6e\/wp\/v2\/categories?post=17359"},{"taxonomy":"post_tag","embeddable":true,"href":"https:\/\/informelitoral.com.ar\/%77%70%2d%6a%73%6f%6e\/wp\/v2\/tags?post=17359"}],"curies":[{"name":"wp","href":"https:\/\/api.w.org\/{rel}","templated":true}]}}