{"id":17356,"date":"2016-07-25T08:12:59","date_gmt":"2016-07-25T11:12:59","guid":{"rendered":"http:\/\/www.isletasnoticias.com.ar\/?p=17356"},"modified":"2016-07-25T08:12:59","modified_gmt":"2016-07-25T11:12:59","slug":"ponen-en-marcha-el-plan-de-pago-a-mas-de-24-millones-de-jubilados","status":"publish","type":"post","link":"https:\/\/informelitoral.com.ar\/ponen-en-marcha-el-plan-de-pago-a-mas-de-24-millones-de-jubilados\/","title":{"rendered":"Ponen en marcha el plan de pago a m\u00e1s de 2,4 millones de jubilados"},"content":{"rendered":"<p><strong>La Anses habilitar\u00e1 esta semana un sistema de consultas por Internet para que cada interesado sepa si acceder\u00e1 al reajuste y al cobro de los juicios; la oferta, en septiembre.<a href=\"http:\/\/www.isletasnoticias.com.ar\/%77%70%2d%63%6f%6e%74%65%6e%74\/uploads\/2016\/07\/cartel-anses-655x437.jpg\"><img loading=\"lazy\" decoding=\"async\" class=\"aligncenter wp-image-17357 size-full\" src=\"http:\/\/www.isletasnoticias.com.ar\/%77%70%2d%63%6f%6e%74%65%6e%74\/uploads\/2016\/07\/cartel-anses-655x437.jpg\" alt=\"cartel-anses-655x437\" width=\"655\" height=\"437\" srcset=\"https:\/\/informelitoral.com.ar\/%77%70%2d%63%6f%6e%74%65%6e%74\/uploads\/2016\/07\/cartel-anses-655x437.jpg 655w, https:\/\/informelitoral.com.ar\/%77%70%2d%63%6f%6e%74%65%6e%74\/uploads\/2016\/07\/cartel-anses-655x437-300x200.jpg 300w\" sizes=\"auto, (max-width: 655px) 100vw, 655px\" \/><\/a><\/strong><\/p>\n<section class=\"texto\">Esta semana, cada jubilado podr\u00e1 saber si est\u00e1 incluido o no en el plan de reajuste de haberes y pago de juicios que pondr\u00e1 en marcha la Administraci\u00f3n Nacional de la Seguridad Social (Anses), establecido por la ley 27.260, que fue publicada el viernes pasado en el Bolet\u00edn Oficial.<\/p>\n<p>Seg\u00fan inform\u00f3 el organismo encargado de pagar las jubilaciones, se habilitar\u00e1 una p\u00e1gina de Internet en la que, si se ingresa con una clave personal, se obtendr\u00e1 esa informaci\u00f3n. Esto ocurrir\u00e1 apenas se publique la reglamentaci\u00f3n de la ley referida al programa de \u00abreparaci\u00f3n hist\u00f3rica\u00bb con los jubilados.<\/p>\n<p>En esta primera etapa, s\u00f3lo se notificar\u00e1 si alguien es alcanzado o no por el plan, que ser\u00e1 de adhesi\u00f3n voluntaria. En los casos en que la persona no sea beneficiada, seg\u00fan explicaron en la Anses, podr\u00e1 pedir una entrevista para consultar las razones de la exclusi\u00f3n. El plan alcanza a unos 2,4 millones de jubilados.<\/p>\n<p>Para saber cu\u00e1l es la oferta que har\u00e1 en cada caso el Gobierno (es decir, cu\u00e1l ser\u00eda el nuevo ingreso mensual y, si correspondiera, el monto de la retroactividad), se deber\u00e1 esperar hasta septiembre. S\u00f3lo a partir de ese mes los jubilados contar\u00e1n con informaci\u00f3n suficiente para poder analizar la conveniencia de adherir o no al plan. En caso de aceptar, habr\u00e1 que suscribir un acuerdo que deber\u00e1 ser homologado por un juez del fuero de la seguridad social.<\/p>\n<p>Tanto para recibir los datos como para poder suscribir luego el acuerdo, los jubilados deben cumplir con una serie de tr\u00e1mites y requisitos.<\/p>\n<p><b>El primer tr\u00e1mite es ingresar a la p\u00e1gina de Internet <a href=\"http:\/\/www.anses.gob.ar\/\" target=\"_blank\">www.anses.gob.ar<\/a> para generar una clave personal<\/b>. \u00c9sta se obtiene completando datos en la Web (hay que hacer clic en la solapa que dice Mi Anses). Para validar la clave elegida, el sistema hace tres preguntas relacionadas con la vida laboral o el cobro de beneficios de la persona interesada. Si se responde todo correctamente, se habilita el c\u00f3digo sin necesidad de ir personalmente a una oficina de la Anses. Una vez en la p\u00e1gina, se deber\u00e1n verificar los datos personales y de contacto que aparecen consignados.<\/p>\n<p><b>Otro requisito es registrar la huella digital<\/b>, algo que m\u00e1s de 3 millones de pasivos ya hicieron en el banco donde cobran habitualmente sus haberes. De no haberlo hecho, y si el banco todav\u00eda no tiene el sistema habilitado, el camino es recurrir a alguna unidad de atenci\u00f3n de la Anses habilitada para este tr\u00e1mite (no todas lo est\u00e1n). El organismo tambi\u00e9n est\u00e1 gestionando acuerdos con las entidades bancarias que habilitaron ya el sistema de la huella para que puedan recurrir all\u00ed los jubilados que cobran en otros lugares.<\/p>\n<p>\u00c9ste es un paso ineludible para adherirse al plan, porque la firma del acuerdo se har\u00e1 \u00abcon el dedo\u00bb: se utilizar\u00e1n las huellas digitales del beneficiario y de su abogado (por tanto, los profesionales tambi\u00e9n deber\u00e1n hacer antes el empadronamiento).<\/p>\n<p>\u00bfCu\u00e1ntos jubilados est\u00e1n alcanzados por el plan? Seg\u00fan ya inform\u00f3 la Anses, se trata de m\u00e1s de 2,4 millones de personas. De ellas, 60.000 tienen sentencia judicial firme; otras 400.000 tienen su demanda en tr\u00e1mite, y el grupo m\u00e1s numeroso, de unos 2 millones de personas, es el de quienes no se presentaron a la Justicia, pero se les reconoce que cobran menos de lo que deber\u00edan, si se toma en cuenta lo dicho por los jueces de la Corte Suprema en sus fallos.<\/p>\n<p>Las sentencias a las que se busca dar cumplimiento con este plan son cuatro, aunque las que abarcan a m\u00e1s personas son dos: el caso Badaro, que estableci\u00f3 que todas las jubilaciones debieron haber aumentado entre 2002 y 2006 no menos que la variaci\u00f3n que tuvo un \u00edndice salarial; y Elliff, una causa en la cual se determin\u00f3 que deben actualizarse los valores hist\u00f3ricos de las remuneraciones de los \u00faltimos 10 a\u00f1os de vida laboral de la persona, que son considerados en el c\u00e1lculo del haber inicial. Las otras dos causas son \u00abS\u00e1nchez\u00bb y \u00abMonz\u00f3\u00bb.<\/p>\n<p><b>En el rec\u00e1lculo del haber inicial, se actualizar\u00e1n los salarios de los \u00faltimos diez a\u00f1os\u00a0<\/b>trabajados en funci\u00f3n de la evoluci\u00f3n que tuvo un \u00edndice llamado remuneraci\u00f3n imponible promedio de los trabajadores estables (Ripte), que publica la cartera laboral. Los jueces previsionales, en cambio, disponen en sus fallos, y a partir del caso Elliff (en el que, seg\u00fan destacan en la Anses, se reconoce como una facultad del organismo elegir un par\u00e1metro de ajuste), la utilizaci\u00f3n del \u00edndice de salarios b\u00e1sicos de la industria y la construcci\u00f3n (Isbic), que tuvo por lo general una variaci\u00f3n m\u00e1s alta. Esto determinar\u00e1 diferencias entre lo que est\u00e1 pr\u00f3ximo a ofrecer el Gobierno y lo que podr\u00eda conseguirse en un juicio.<\/p>\n<p>Otra diferencia surgir\u00e1, en algunos casos, por el hecho de que el plan de reparaci\u00f3n aplicar\u00e1 un tope, que es el haber m\u00e1ximo que rige para el sistema. Ese valor hoy es de $ 36.330 mensuales y se elevar\u00e1 en septiembre por el r\u00e9gimen de movilidad.<\/p>\n<p>Un factor a tener en cuenta al analizar la aceptaci\u00f3n o no del plan -que, seg\u00fan c\u00e1lculos de la Anses, derivar\u00e1 en una mejora promedio del ingreso de un 40%- es en qu\u00e9 estado est\u00e1 el juicio, en caso de exisitir. Y el hecho de que se cuente o no con una sentencia firme. En el Gobierno afirman que, a la par de la implementaci\u00f3n de este plan, continuar\u00e1n liquidando los fallos que le van llegando desde la Justicia, y para lo cual este a\u00f1o se presupuestaron $ 12.500 millones.<\/p>\n<p><b>El programa contempla el reconocimiento de una retroactividad sin l\u00edmite temporal para quienes tengan sentencia firme, en tanto que ese pago se limitar\u00e1 a cuatro a\u00f1os en el caso de quienes est\u00e9n con un juicio en tr\u00e1mite<\/b> (se cuentan dos a\u00f1os hacia atr\u00e1s desde el momento de la notificaci\u00f3n de la demanda a la Anses, m\u00e1s el tiempo que haya transcurrido luego).<\/p>\n<p>Los montos retroactivos (que surgen de la diferencia entre lo que se debi\u00f3 haber cobrado seg\u00fan el nuevo c\u00e1lculo y lo que se cobr\u00f3 efectivamente) se percibir\u00e1n de la siguiente manera: 50% en efectivo y 50% en cuotas trimestrales que se pagar\u00e1n durante 3 a\u00f1os y ser\u00e1n actualizadas cada 6 meses por el \u00edndice de movilidad.<\/p>\n<p>Para quienes no iniciaron juicio hasta el 30 de mayo pasado, no habr\u00e1 retroactividades. El nuevo haber ser\u00e1 reconocido desde la fecha de aceptaci\u00f3n formal de la propuesta, aunque la fecha de inicio del cobro depender\u00e1 de cu\u00e1nto demore el paso de la homologaci\u00f3n judicial.<\/p>\n<h5>C\u00f3mo funcionar\u00e1 el sistema<\/h5>\n<p><b>Paso a paso para hacer la consulta<\/b><\/p>\n<p><i>Inicio de la consulta en internet: ingresar a <a href=\"http:\/\/www.anses.gob.ar\/\" target=\"_blank\">www.anses.gob.ar<\/a> y tras clickear en el apartado Mi Anses, generar una clave de la seguridad social<\/p>\n<p>Datos para actualizar: clickear en el \u00edcono de Contacto (este \u00edcono representa un peque\u00f1o tel\u00e9fono) y actualizar los datos personales<\/p>\n<p>Registro de huella digital: si a\u00fan no lo hizo, registrar la huella digital en el banco donde cobra los haberes o en alguna oficina de atenci\u00f3n de la Anses<\/p>\n<p>Consulta sobre el ajuste: consultar en la p\u00e1gina si corresponder\u00e1 o no un reajuste del haber<\/p>\n<p>Firma del acuerdo: en septiembre, al conocer la oferta de pago, se podr\u00e1 aceptar el acuerdo; se firmar\u00e1 con la huella digital del beneficiario y de su abogado<\/p>\n<p>Paso por el juzgado: el acuerdo se transferir\u00e1 por v\u00eda electr\u00f3nica al fuero de la seguridad social, donde un juez deber\u00e1 homologarlo<\/p>\n<p>Listo para el cobro: se empezar\u00e1 a cobrar el haber actualizado y, de corresponder, el 50% de la retroactividad; el 50% restante se cobrar\u00e1 en cuotas<\/i><\/p>\n<h5>Qui\u00e9nes quedan al margen del programa<\/h5>\n<p>Al estar espec\u00edficamente referido a dar cumplimiento a cuatro sentencias de la Corte Suprema de Justicia, el plan de recomposici\u00f3n de ingresos previsionales no contempla a la totalidad de los jubilados y pensionados que est\u00e1n en el r\u00e9gimen nacional gestionado por la Anses.<\/p>\n<p>Quedan al margen, l\u00f3gicamente, los pasivos que ya hicieron juicios por estas causas y cobraron sus sentencias. Tambi\u00e9n, quienes obtuvieron la prestaci\u00f3n a trav\u00e9s de la moratoria sin tener aportes previos, y quienes est\u00e1n jubilados por reg\u00edmenes especiales, como el caso de los magistrados y funcionarios del Poder Judicial. O bien quienes est\u00e1n en actividades con leyes particulares para el retiro, como el caso del servicio exterior. Tampoco corresponde para varios reg\u00edmenes referidos a docentes ni a quienes cobran pensiones que provienen del eliminado sistema de capitalizaci\u00f3n (AFJP), si es que en su ingreso no hay un componente del sistema de reparto.<\/p>\n<p>Entre quienes hab\u00edan obtenido ingresos en el r\u00e9gimen de capitalizaci\u00f3n quedaron perjudicados, tras la estatizaci\u00f3n del sistema, quienes cobran rentas vitalicias de una compa\u00f1\u00eda de seguros de retiro (esa era una de las modalidades posibles de cobro que ten\u00eda el sistema). En estos casos hoy no se garantiza el haber m\u00ednimo ni se aplica la movilidad, es decir, los dos aumentos que se dan en el a\u00f1o, en los meses de marzo y septiembre. La Corte Suprema ya se expidi\u00f3 y determin\u00f3 que a esas personas s\u00ed se les deben reconocer esos derechos. Sin embargo, esas sentencias quedaron al margen del radar del actual programa de reparaci\u00f3n. En la Anses aseguran que analizar\u00e1n el tema para dar una respuesta en una etapa posterior.<\/p>\n<p><b>Quienes s\u00ed est\u00e1n incluidos en el plan son quienes se jubilaron por las leyes 18.037, 18.038 y 24.241 y est\u00e1n alcanzados por la ley 26.417, de movilidad<\/b>. Claro que es el an\u00e1lisis de cada situaci\u00f3n lo que luego determina el alcance del plan. <em>(<span class=\"fuente\">La Naci\u00f3n)<\/span><\/em><\/section>\n","protected":false},"excerpt":{"rendered":"<p>La Anses habilitar&aacute; esta semana un sistema de consultas por Internet para que cada interesado sepa si acceder&aacute; al reajuste y al cobro de los juicios; la oferta, en septiembre. Esta semana, cada jubilado podr&aacute; saber si est&aacute; incluido o no en el plan de reajuste de haberes y pago de juicios que pondr&aacute; en [&hellip;]<\/p>\n","protected":false},"author":2,"featured_media":0,"comment_status":"open","ping_status":"open","sticky":false,"template":"","format":"standard","meta":{"fifu_image_url":"","fifu_image_alt":"","footnotes":""},"categories":[7],"tags":[],"class_list":{"0":"post-17356","1":"post","2":"type-post","3":"status-publish","4":"format-standard","6":"category-nacionales"},"yoast_head":"<title>Ponen en marcha el plan de pago a m\u00e1s de 2,4 millones de jubilados - Informe Litoral<\/title>\n<meta name=\"robots\" content=\"index, follow, max-snippet:-1, max-image-preview:large, max-video-preview:-1\" \/>\n<link rel=\"canonical\" href=\"https:\/\/informelitoral.com.ar\/ponen-en-marcha-el-plan-de-pago-a-mas-de-24-millones-de-jubilados\/\" \/>\n<meta property=\"og:locale\" content=\"es_ES\" \/>\n<meta property=\"og:type\" content=\"article\" \/>\n<meta property=\"og:title\" content=\"Ponen en marcha el plan de pago a m\u00e1s de 2,4 millones de jubilados - Informe Litoral\" \/>\n<meta property=\"og:description\" content=\"La Anses habilitar&aacute; esta semana un sistema de consultas por Internet para que cada interesado sepa si acceder&aacute; al reajuste y al cobro de los juicios; la oferta, en septiembre. Esta semana, cada jubilado podr&aacute; saber si est&aacute; incluido o no en el plan de reajuste de haberes y pago de juicios que pondr&aacute; en [&hellip;]\" \/>\n<meta property=\"og:url\" content=\"https:\/\/informelitoral.com.ar\/ponen-en-marcha-el-plan-de-pago-a-mas-de-24-millones-de-jubilados\/\" \/>\n<meta property=\"og:site_name\" content=\"Informe Litoral\" \/>\n<meta property=\"article:publisher\" content=\"https:\/\/www.facebook.com\/informelitoral\/\" \/>\n<meta property=\"article:published_time\" content=\"2016-07-25T11:12:59+00:00\" \/>\n<meta property=\"og:image\" content=\"https:\/\/informelitoral.com.ar\/%77%70%2d%63%6f%6e%74%65%6e%74\/uploads\/2016\/07\/cartel-anses-655x437.jpg\" \/>\n\t<meta property=\"og:image:width\" content=\"655\" \/>\n\t<meta property=\"og:image:height\" content=\"437\" \/>\n\t<meta property=\"og:image:type\" content=\"image\/jpeg\" \/>\n<meta name=\"author\" content=\"Gonzalo Schmidt\" \/>\n<meta name=\"twitter:card\" content=\"summary_large_image\" \/>\n<meta name=\"twitter:creator\" content=\"@InformeLitoral\" \/>\n<meta name=\"twitter:site\" content=\"@InformeLitoral\" \/>\n<meta name=\"twitter:label1\" content=\"Escrito por\" \/>\n\t<meta name=\"twitter:data1\" content=\"Gonzalo Schmidt\" \/>\n\t<meta name=\"twitter:label2\" content=\"Tiempo de lectura\" \/>\n\t<meta name=\"twitter:data2\" content=\"9 minutos\" \/>\n<script type=\"application\/ld+json\" class=\"yoast-schema-graph\">{\"@context\":\"https:\\\/\\\/schema.org\",\"@graph\":[{\"@type\":\"Article\",\"@id\":\"https:\\\/\\\/informelitoral.com.ar\\\/ponen-en-marcha-el-plan-de-pago-a-mas-de-24-millones-de-jubilados\\\/#article\",\"isPartOf\":{\"@id\":\"https:\\\/\\\/informelitoral.com.ar\\\/ponen-en-marcha-el-plan-de-pago-a-mas-de-24-millones-de-jubilados\\\/\"},\"author\":{\"name\":\"Gonzalo Schmidt\",\"@id\":\"https:\\\/\\\/informelitoral.com.ar\\\/#\\\/schema\\\/person\\\/b9d00407c836482871ef1d57bf8e3180\"},\"headline\":\"Ponen en marcha el plan de pago a m\u00e1s de 2,4 millones de jubilados\",\"datePublished\":\"2016-07-25T11:12:59+00:00\",\"mainEntityOfPage\":{\"@id\":\"https:\\\/\\\/informelitoral.com.ar\\\/ponen-en-marcha-el-plan-de-pago-a-mas-de-24-millones-de-jubilados\\\/\"},\"wordCount\":1719,\"commentCount\":0,\"publisher\":{\"@id\":\"https:\\\/\\\/informelitoral.com.ar\\\/#organization\"},\"image\":{\"@id\":\"https:\\\/\\\/informelitoral.com.ar\\\/ponen-en-marcha-el-plan-de-pago-a-mas-de-24-millones-de-jubilados\\\/#primaryimage\"},\"thumbnailUrl\":\"http:\\\/\\\/www.isletasnoticias.com.ar\\\/%77%70%2d%63%6f%6e%74%65%6e%74\\\/uploads\\\/2016\\\/07\\\/cartel-anses-655x437.jpg\",\"articleSection\":[\"Nacionales\"],\"inLanguage\":\"es\",\"potentialAction\":[{\"@type\":\"CommentAction\",\"name\":\"Comment\",\"target\":[\"https:\\\/\\\/informelitoral.com.ar\\\/ponen-en-marcha-el-plan-de-pago-a-mas-de-24-millones-de-jubilados\\\/#respond\"]}]},{\"@type\":\"WebPage\",\"@id\":\"https:\\\/\\\/informelitoral.com.ar\\\/ponen-en-marcha-el-plan-de-pago-a-mas-de-24-millones-de-jubilados\\\/\",\"url\":\"https:\\\/\\\/informelitoral.com.ar\\\/ponen-en-marcha-el-plan-de-pago-a-mas-de-24-millones-de-jubilados\\\/\",\"name\":\"Ponen en marcha el plan de pago a m\u00e1s de 2,4 millones de jubilados - Informe Litoral\",\"isPartOf\":{\"@id\":\"https:\\\/\\\/informelitoral.com.ar\\\/#website\"},\"primaryImageOfPage\":{\"@id\":\"https:\\\/\\\/informelitoral.com.ar\\\/ponen-en-marcha-el-plan-de-pago-a-mas-de-24-millones-de-jubilados\\\/#primaryimage\"},\"image\":{\"@id\":\"https:\\\/\\\/informelitoral.com.ar\\\/ponen-en-marcha-el-plan-de-pago-a-mas-de-24-millones-de-jubilados\\\/#primaryimage\"},\"thumbnailUrl\":\"http:\\\/\\\/www.isletasnoticias.com.ar\\\/%77%70%2d%63%6f%6e%74%65%6e%74\\\/uploads\\\/2016\\\/07\\\/cartel-anses-655x437.jpg\",\"datePublished\":\"2016-07-25T11:12:59+00:00\",\"breadcrumb\":{\"@id\":\"https:\\\/\\\/informelitoral.com.ar\\\/ponen-en-marcha-el-plan-de-pago-a-mas-de-24-millones-de-jubilados\\\/#breadcrumb\"},\"inLanguage\":\"es\",\"potentialAction\":[{\"@type\":\"ReadAction\",\"target\":[\"https:\\\/\\\/informelitoral.com.ar\\\/ponen-en-marcha-el-plan-de-pago-a-mas-de-24-millones-de-jubilados\\\/\"]}]},{\"@type\":\"ImageObject\",\"inLanguage\":\"es\",\"@id\":\"https:\\\/\\\/informelitoral.com.ar\\\/ponen-en-marcha-el-plan-de-pago-a-mas-de-24-millones-de-jubilados\\\/#primaryimage\",\"url\":\"http:\\\/\\\/www.isletasnoticias.com.ar\\\/%77%70%2d%63%6f%6e%74%65%6e%74\\\/uploads\\\/2016\\\/07\\\/cartel-anses-655x437.jpg\",\"contentUrl\":\"http:\\\/\\\/www.isletasnoticias.com.ar\\\/%77%70%2d%63%6f%6e%74%65%6e%74\\\/uploads\\\/2016\\\/07\\\/cartel-anses-655x437.jpg\"},{\"@type\":\"BreadcrumbList\",\"@id\":\"https:\\\/\\\/informelitoral.com.ar\\\/ponen-en-marcha-el-plan-de-pago-a-mas-de-24-millones-de-jubilados\\\/#breadcrumb\",\"itemListElement\":[{\"@type\":\"ListItem\",\"position\":1,\"name\":\"Portada\",\"item\":\"https:\\\/\\\/informelitoral.com.ar\\\/\"},{\"@type\":\"ListItem\",\"position\":2,\"name\":\"Ponen en marcha el plan de pago a m\u00e1s de 2,4 millones de jubilados\"}]},{\"@type\":\"WebSite\",\"@id\":\"https:\\\/\\\/informelitoral.com.ar\\\/#website\",\"url\":\"https:\\\/\\\/informelitoral.com.ar\\\/\",\"name\":\"Informe Litoral\",\"description\":\"&quot;Nos informamos&quot; \",\"publisher\":{\"@id\":\"https:\\\/\\\/informelitoral.com.ar\\\/#organization\"},\"potentialAction\":[{\"@type\":\"SearchAction\",\"target\":{\"@type\":\"EntryPoint\",\"urlTemplate\":\"https:\\\/\\\/informelitoral.com.ar\\\/?s={search_term_string}\"},\"query-input\":{\"@type\":\"PropertyValueSpecification\",\"valueRequired\":true,\"valueName\":\"search_term_string\"}}],\"inLanguage\":\"es\"},{\"@type\":\"Organization\",\"@id\":\"https:\\\/\\\/informelitoral.com.ar\\\/#organization\",\"name\":\"Informe Litoral\",\"url\":\"https:\\\/\\\/informelitoral.com.ar\\\/\",\"logo\":{\"@type\":\"ImageObject\",\"inLanguage\":\"es\",\"@id\":\"https:\\\/\\\/informelitoral.com.ar\\\/#\\\/schema\\\/logo\\\/image\\\/\",\"url\":\"https:\\\/\\\/informelitoral.com.ar\\\/%77%70%2d%63%6f%6e%74%65%6e%74\\\/uploads\\\/2021\\\/01\\\/circulo.png\",\"contentUrl\":\"https:\\\/\\\/informelitoral.com.ar\\\/%77%70%2d%63%6f%6e%74%65%6e%74\\\/uploads\\\/2021\\\/01\\\/circulo.png\",\"width\":723,\"height\":731,\"caption\":\"Informe Litoral\"},\"image\":{\"@id\":\"https:\\\/\\\/informelitoral.com.ar\\\/#\\\/schema\\\/logo\\\/image\\\/\"},\"sameAs\":[\"https:\\\/\\\/www.facebook.com\\\/informelitoral\\\/\",\"https:\\\/\\\/x.com\\\/InformeLitoral\",\"https:\\\/\\\/www.instagram.com\\\/informelitoral\\\/\",\"https:\\\/\\\/www.youtube.com\\\/channel\\\/UCua4Qvz8Icb6MYqhoq9xLXw\"]},{\"@type\":\"Person\",\"@id\":\"https:\\\/\\\/informelitoral.com.ar\\\/#\\\/schema\\\/person\\\/b9d00407c836482871ef1d57bf8e3180\",\"name\":\"Gonzalo Schmidt\",\"image\":{\"@type\":\"ImageObject\",\"inLanguage\":\"es\",\"@id\":\"https:\\\/\\\/secure.gravatar.com\\\/avatar\\\/31a1a7b66ff2de83bd0e9fd79d026630d2d99e55e8bfe501287647b4fd9743de?s=96&d=mm&r=g\",\"url\":\"https:\\\/\\\/secure.gravatar.com\\\/avatar\\\/31a1a7b66ff2de83bd0e9fd79d026630d2d99e55e8bfe501287647b4fd9743de?s=96&d=mm&r=g\",\"contentUrl\":\"https:\\\/\\\/secure.gravatar.com\\\/avatar\\\/31a1a7b66ff2de83bd0e9fd79d026630d2d99e55e8bfe501287647b4fd9743de?s=96&d=mm&r=g\",\"caption\":\"Gonzalo Schmidt\"},\"description\":\"Sitio web de noticias de la provincia de Entre R\u00edos, Argentina. Informaci\u00f3n y entretenimiento. Informe Litoral, nos informamos.\",\"sameAs\":[\"http:\\\/\\\/www.isletasnoticias.com.ar\"],\"url\":\"https:\\\/\\\/informelitoral.com.ar\\\/author\\\/gonzalo\\\/\"}]}<\/script>","yoast_head_json":{"title":"Ponen en marcha el plan de pago a m\u00e1s de 2,4 millones de jubilados - Informe Litoral","robots":{"index":"index","follow":"follow","max-snippet":"max-snippet:-1","max-image-preview":"max-image-preview:large","max-video-preview":"max-video-preview:-1"},"canonical":"https:\/\/informelitoral.com.ar\/ponen-en-marcha-el-plan-de-pago-a-mas-de-24-millones-de-jubilados\/","og_locale":"es_ES","og_type":"article","og_title":"Ponen en marcha el plan de pago a m\u00e1s de 2,4 millones de jubilados - Informe Litoral","og_description":"La Anses habilitar&aacute; esta semana un sistema de consultas por Internet para que cada interesado sepa si acceder&aacute; al reajuste y al cobro de los juicios; la oferta, en septiembre. Esta semana, cada jubilado podr&aacute; saber si est&aacute; incluido o no en el plan de reajuste de haberes y pago de juicios que pondr&aacute; en [&hellip;]","og_url":"https:\/\/informelitoral.com.ar\/ponen-en-marcha-el-plan-de-pago-a-mas-de-24-millones-de-jubilados\/","og_site_name":"Informe Litoral","article_publisher":"https:\/\/www.facebook.com\/informelitoral\/","article_published_time":"2016-07-25T11:12:59+00:00","og_image":[{"width":655,"height":437,"url":"https:\/\/informelitoral.com.ar\/%77%70%2d%63%6f%6e%74%65%6e%74\/uploads\/2016\/07\/cartel-anses-655x437.jpg","type":"image\/jpeg"}],"author":"Gonzalo Schmidt","twitter_card":"summary_large_image","twitter_creator":"@InformeLitoral","twitter_site":"@InformeLitoral","twitter_misc":{"Escrito por":"Gonzalo Schmidt","Tiempo de lectura":"9 minutos"},"schema":{"@context":"https:\/\/schema.org","@graph":[{"@type":"Article","@id":"https:\/\/informelitoral.com.ar\/ponen-en-marcha-el-plan-de-pago-a-mas-de-24-millones-de-jubilados\/#article","isPartOf":{"@id":"https:\/\/informelitoral.com.ar\/ponen-en-marcha-el-plan-de-pago-a-mas-de-24-millones-de-jubilados\/"},"author":{"name":"Gonzalo Schmidt","@id":"https:\/\/informelitoral.com.ar\/#\/schema\/person\/b9d00407c836482871ef1d57bf8e3180"},"headline":"Ponen en marcha el plan de pago a m\u00e1s de 2,4 millones de jubilados","datePublished":"2016-07-25T11:12:59+00:00","mainEntityOfPage":{"@id":"https:\/\/informelitoral.com.ar\/ponen-en-marcha-el-plan-de-pago-a-mas-de-24-millones-de-jubilados\/"},"wordCount":1719,"commentCount":0,"publisher":{"@id":"https:\/\/informelitoral.com.ar\/#organization"},"image":{"@id":"https:\/\/informelitoral.com.ar\/ponen-en-marcha-el-plan-de-pago-a-mas-de-24-millones-de-jubilados\/#primaryimage"},"thumbnailUrl":"http:\/\/www.isletasnoticias.com.ar\/%77%70%2d%63%6f%6e%74%65%6e%74\/uploads\/2016\/07\/cartel-anses-655x437.jpg","articleSection":["Nacionales"],"inLanguage":"es","potentialAction":[{"@type":"CommentAction","name":"Comment","target":["https:\/\/informelitoral.com.ar\/ponen-en-marcha-el-plan-de-pago-a-mas-de-24-millones-de-jubilados\/#respond"]}]},{"@type":"WebPage","@id":"https:\/\/informelitoral.com.ar\/ponen-en-marcha-el-plan-de-pago-a-mas-de-24-millones-de-jubilados\/","url":"https:\/\/informelitoral.com.ar\/ponen-en-marcha-el-plan-de-pago-a-mas-de-24-millones-de-jubilados\/","name":"Ponen en marcha el plan de pago a m\u00e1s de 2,4 millones de jubilados - Informe Litoral","isPartOf":{"@id":"https:\/\/informelitoral.com.ar\/#website"},"primaryImageOfPage":{"@id":"https:\/\/informelitoral.com.ar\/ponen-en-marcha-el-plan-de-pago-a-mas-de-24-millones-de-jubilados\/#primaryimage"},"image":{"@id":"https:\/\/informelitoral.com.ar\/ponen-en-marcha-el-plan-de-pago-a-mas-de-24-millones-de-jubilados\/#primaryimage"},"thumbnailUrl":"http:\/\/www.isletasnoticias.com.ar\/%77%70%2d%63%6f%6e%74%65%6e%74\/uploads\/2016\/07\/cartel-anses-655x437.jpg","datePublished":"2016-07-25T11:12:59+00:00","breadcrumb":{"@id":"https:\/\/informelitoral.com.ar\/ponen-en-marcha-el-plan-de-pago-a-mas-de-24-millones-de-jubilados\/#breadcrumb"},"inLanguage":"es","potentialAction":[{"@type":"ReadAction","target":["https:\/\/informelitoral.com.ar\/ponen-en-marcha-el-plan-de-pago-a-mas-de-24-millones-de-jubilados\/"]}]},{"@type":"ImageObject","inLanguage":"es","@id":"https:\/\/informelitoral.com.ar\/ponen-en-marcha-el-plan-de-pago-a-mas-de-24-millones-de-jubilados\/#primaryimage","url":"http:\/\/www.isletasnoticias.com.ar\/%77%70%2d%63%6f%6e%74%65%6e%74\/uploads\/2016\/07\/cartel-anses-655x437.jpg","contentUrl":"http:\/\/www.isletasnoticias.com.ar\/%77%70%2d%63%6f%6e%74%65%6e%74\/uploads\/2016\/07\/cartel-anses-655x437.jpg"},{"@type":"BreadcrumbList","@id":"https:\/\/informelitoral.com.ar\/ponen-en-marcha-el-plan-de-pago-a-mas-de-24-millones-de-jubilados\/#breadcrumb","itemListElement":[{"@type":"ListItem","position":1,"name":"Portada","item":"https:\/\/informelitoral.com.ar\/"},{"@type":"ListItem","position":2,"name":"Ponen en marcha el plan de pago a m\u00e1s de 2,4 millones de jubilados"}]},{"@type":"WebSite","@id":"https:\/\/informelitoral.com.ar\/#website","url":"https:\/\/informelitoral.com.ar\/","name":"Informe Litoral","description":"&quot;Nos informamos&quot; ","publisher":{"@id":"https:\/\/informelitoral.com.ar\/#organization"},"potentialAction":[{"@type":"SearchAction","target":{"@type":"EntryPoint","urlTemplate":"https:\/\/informelitoral.com.ar\/?s={search_term_string}"},"query-input":{"@type":"PropertyValueSpecification","valueRequired":true,"valueName":"search_term_string"}}],"inLanguage":"es"},{"@type":"Organization","@id":"https:\/\/informelitoral.com.ar\/#organization","name":"Informe Litoral","url":"https:\/\/informelitoral.com.ar\/","logo":{"@type":"ImageObject","inLanguage":"es","@id":"https:\/\/informelitoral.com.ar\/#\/schema\/logo\/image\/","url":"https:\/\/informelitoral.com.ar\/%77%70%2d%63%6f%6e%74%65%6e%74\/uploads\/2021\/01\/circulo.png","contentUrl":"https:\/\/informelitoral.com.ar\/%77%70%2d%63%6f%6e%74%65%6e%74\/uploads\/2021\/01\/circulo.png","width":723,"height":731,"caption":"Informe Litoral"},"image":{"@id":"https:\/\/informelitoral.com.ar\/#\/schema\/logo\/image\/"},"sameAs":["https:\/\/www.facebook.com\/informelitoral\/","https:\/\/x.com\/InformeLitoral","https:\/\/www.instagram.com\/informelitoral\/","https:\/\/www.youtube.com\/channel\/UCua4Qvz8Icb6MYqhoq9xLXw"]},{"@type":"Person","@id":"https:\/\/informelitoral.com.ar\/#\/schema\/person\/b9d00407c836482871ef1d57bf8e3180","name":"Gonzalo Schmidt","image":{"@type":"ImageObject","inLanguage":"es","@id":"https:\/\/secure.gravatar.com\/avatar\/31a1a7b66ff2de83bd0e9fd79d026630d2d99e55e8bfe501287647b4fd9743de?s=96&d=mm&r=g","url":"https:\/\/secure.gravatar.com\/avatar\/31a1a7b66ff2de83bd0e9fd79d026630d2d99e55e8bfe501287647b4fd9743de?s=96&d=mm&r=g","contentUrl":"https:\/\/secure.gravatar.com\/avatar\/31a1a7b66ff2de83bd0e9fd79d026630d2d99e55e8bfe501287647b4fd9743de?s=96&d=mm&r=g","caption":"Gonzalo Schmidt"},"description":"Sitio web de noticias de la provincia de Entre R\u00edos, Argentina. Informaci\u00f3n y entretenimiento. Informe Litoral, nos informamos.","sameAs":["http:\/\/www.isletasnoticias.com.ar"],"url":"https:\/\/informelitoral.com.ar\/author\/gonzalo\/"}]}},"_links":{"self":[{"href":"https:\/\/informelitoral.com.ar\/%77%70%2d%6a%73%6f%6e\/wp\/v2\/posts\/17356","targetHints":{"allow":["GET"]}}],"collection":[{"href":"https:\/\/informelitoral.com.ar\/%77%70%2d%6a%73%6f%6e\/wp\/v2\/posts"}],"about":[{"href":"https:\/\/informelitoral.com.ar\/%77%70%2d%6a%73%6f%6e\/wp\/v2\/types\/post"}],"author":[{"embeddable":true,"href":"https:\/\/informelitoral.com.ar\/%77%70%2d%6a%73%6f%6e\/wp\/v2\/users\/2"}],"replies":[{"embeddable":true,"href":"https:\/\/informelitoral.com.ar\/%77%70%2d%6a%73%6f%6e\/wp\/v2\/comments?post=17356"}],"version-history":[{"count":0,"href":"https:\/\/informelitoral.com.ar\/%77%70%2d%6a%73%6f%6e\/wp\/v2\/posts\/17356\/revisions"}],"wp:attachment":[{"href":"https:\/\/informelitoral.com.ar\/%77%70%2d%6a%73%6f%6e\/wp\/v2\/media?parent=17356"}],"wp:term":[{"taxonomy":"category","embeddable":true,"href":"https:\/\/informelitoral.com.ar\/%77%70%2d%6a%73%6f%6e\/wp\/v2\/categories?post=17356"},{"taxonomy":"post_tag","embeddable":true,"href":"https:\/\/informelitoral.com.ar\/%77%70%2d%6a%73%6f%6e\/wp\/v2\/tags?post=17356"}],"curies":[{"name":"wp","href":"https:\/\/api.w.org\/{rel}","templated":true}]}}