{"id":17353,"date":"2016-07-25T07:57:53","date_gmt":"2016-07-25T10:57:53","guid":{"rendered":"http:\/\/www.isletasnoticias.com.ar\/?p=17353"},"modified":"2016-07-25T07:57:53","modified_gmt":"2016-07-25T10:57:53","slug":"rosario-el-congreso-de-aapresid-hara-foco-en-el-relevamiento-de-malezas-a-nivel-nacional-rem","status":"publish","type":"post","link":"https:\/\/informelitoral.com.ar\/rosario-el-congreso-de-aapresid-hara-foco-en-el-relevamiento-de-malezas-a-nivel-nacional-rem\/","title":{"rendered":"Rosario: el Congreso de Aapresid har\u00e1 foco en el Relevamiento de Malezas a nivel nacional (REM)"},"content":{"rendered":"<p><strong>Resiliar prepara una alta gama de opciones y el REM ser\u00e1 una parte fundamental. Desde la entidad ya advirtieron que \u201cen esta primera etapa de las nuevas pol\u00edticas agropecuarias, tendr\u00e1n una tendencia a atenuarse por la inminente rotaci\u00f3n de cultivos y herbicidas\u201d.<a href=\"http:\/\/www.isletasnoticias.com.ar\/%77%70%2d%63%6f%6e%74%65%6e%74\/uploads\/2016\/07\/i24845-malezas-960.jpg\"><img loading=\"lazy\" decoding=\"async\" class=\"aligncenter wp-image-17354 size-full\" src=\"http:\/\/www.isletasnoticias.com.ar\/%77%70%2d%63%6f%6e%74%65%6e%74\/uploads\/2016\/07\/i24845-malezas-960.jpg\" alt=\"i24845-malezas-960\" width=\"631\" height=\"280\" srcset=\"https:\/\/informelitoral.com.ar\/%77%70%2d%63%6f%6e%74%65%6e%74\/uploads\/2016\/07\/i24845-malezas-960.jpg 631w, https:\/\/informelitoral.com.ar\/%77%70%2d%63%6f%6e%74%65%6e%74\/uploads\/2016\/07\/i24845-malezas-960-300x133.jpg 300w\" sizes=\"auto, (max-width: 631px) 100vw, 631px\" \/><\/a><\/strong><\/p>\n<p>Aapresid, pondr\u00e1 a valor en su XXIV Congreso \u201cResiliar\u201d, el rol de REM en el relevamiento de malezas a nivel nacional que en esta primera etapa de la nuevas pol\u00edticas agropecuarias, tendr\u00e1n una tendencia a atenuarse por la inminente rotaci\u00f3n de cultivos y herbicidas.<\/p>\n<p>As\u00ed lo considera el <strong>Ing. Mart\u00edn Marzetti<\/strong>, gerente de la Red de Conocimiento de Malezas Resistentes (REM) de Aapresid, quien recomend\u00f3 un previo an\u00e1lisis de la situaci\u00f3n de cada establecimiento productivo, y en los que respecta a los productores agropecuarios, la preparaci\u00f3n para incrementar los niveles de inversi\u00f3n para su control, durante las pr\u00f3ximas campa\u00f1as.<\/p>\n<p>Es decir, varios analistas coinciden que el pr\u00f3ximo Congreso de Aapresid \u00abResiliar\u00bb que tendr\u00e1 lugar del 3 al 5 de agosto en Rosario, ser\u00e1 un centro de canalizaci\u00f3n de informaci\u00f3n disponible, para mejorar y optimizar la utilizaci\u00f3n de productos, conocimiento, monitoreos de cultivo y otros aspectos vinculados con el manejo.<\/p>\n<p>Resiliar, contar\u00e1 con una gran cantidad de talleres especiales, pero el elemento m\u00e1s fuerte lo dar\u00e1 el Ph D Fabi\u00e1n Menalled, profesor en Ecolog\u00eda y Manejo de malezas en la Universidad de Montana, EEUU, quien traer\u00e1 como alternativa para el control de malezas, un sistema que complementa a lo qu\u00edmico.<\/p>\n<p>\u201cEs innovador, porque forma parte de una visi\u00f3n que ayuda a repensar los sistemas de producci\u00f3n en Argentina, y muchos lo consideran como un herramienta que se est\u00e1 necesitando\u201d, reconoce Marzetti.<\/p>\n<p>Fabi\u00e1n Menalled, abrir\u00e1 el debate sobre un manejo ecol\u00f3gico, evolutivo de malezas y explicar\u00e1 cuales son las pr\u00e1cticas -adem\u00e1s de las qu\u00edmicas- que se encuentran disponibles. La respuesta, parte dela crisis emergente de resistencia y las posibilidades se centran en integrar pr\u00e1cticas culturales, mec\u00e1nicas y biol\u00f3gicas, sin disminuir los rendimientos agr\u00edcolas y retornos econ\u00f3micos.<\/p>\n<p><strong>Otros m\u00e9todos<\/strong><\/p>\n<p>Si bien el control qu\u00edmico va a continuar, Marzetti reconoce otros elementos. \u201cHay una mirada ecol\u00f3gica, que nos muestra como las malezas se adaptan -en forma r\u00e1pida- a los agroqu\u00edmicos, y hay m\u00e9todos alternativos que permiten mantener a raya su propagaci\u00f3n\u201d.<\/p>\n<p>Por ahora, los registros indican que el problema de malezas (en el mundo) sigue creciendo. Se produce de manera constante, en la agricultura extensiva y ha generado una se\u00f1al de alerta para aquellos que pensaron durante 2 d\u00e9cadas, que los controles se hac\u00edan con muy poco dinero y tiempo.<\/p>\n<p>En este aspecto, Resiliar mostrar\u00e1 por donde pasa la nueva organizaci\u00f3n del agro. Cu\u00e1les son las nuevas figuras que necesitan en establecimientos agropecuarios. Tal vez, el nacimiento de\u00a0 una figura y especializaci\u00f3n en monitoreos, junto a la capacitaci\u00f3n permanente y continua de los administradores de cada campo.<\/p>\n<p>El XXIV Congreso Aapresid, se prepara para dar respuesta al productor sobre los problemas que necesitan soluci\u00f3n al d\u00eda siguiente. Los talleres ser\u00e1n eje para las problem\u00e1ticas disruptivas vinculadas con todas malezas existentes en el pa\u00eds, reconocimiento de especies, mejoras en las aplicaciones, cultivos de cobertura y monitoreos, entre los principales puntos, que se relacionan a las decisiones inmediatas.<\/p>\n<p>Por ahora, las estimaciones de REM, reflejan\u00a0 el camino hacia un nivel de equilibrio, por medio de un incremento en los costos o una mayor inversi\u00f3n de manejo en los cultivos.<\/p>\n<p>\u201cLos que se adapten m\u00e1s r\u00e1pido en este carrera, llegaran a ver resultados, en pocos a\u00f1os. El productor debe saber que no todo se compra en un envase. Si no comprende bien para qu\u00e9 sirve, sus propiedades de uso y combinaci\u00f3n con otros elementos, malgasta recursos. La inversi\u00f3n tiene que pasar por el conocimiento, esa siempre fue la \u00fanica forma. La que Resiliar intentar\u00e1 compartir en este a\u00f1o\u201d.<em> (Infocampo)<\/em><\/p>\n","protected":false},"excerpt":{"rendered":"<p>Resiliar prepara una alta gama de opciones y el REM ser&aacute; una parte fundamental. Desde la entidad ya advirtieron que &ldquo;en esta primera etapa de las nuevas pol&iacute;ticas agropecuarias, tendr&aacute;n una tendencia a atenuarse por la inminente rotaci&oacute;n de cultivos y herbicidas&rdquo;. Aapresid, pondr&aacute; a valor en su XXIV Congreso &ldquo;Resiliar&rdquo;, el rol de REM [&hellip;]<\/p>\n","protected":false},"author":2,"featured_media":0,"comment_status":"open","ping_status":"open","sticky":false,"template":"","format":"standard","meta":{"fifu_image_url":"","fifu_image_alt":"","footnotes":""},"categories":[10],"tags":[],"class_list":{"0":"post-17353","1":"post","2":"type-post","3":"status-publish","4":"format-standard","6":"category-campo"},"yoast_head":"<title>Rosario: el Congreso de Aapresid har\u00e1 foco en el Relevamiento de Malezas a nivel nacional (REM) - Informe Litoral<\/title>\n<meta name=\"robots\" content=\"index, follow, max-snippet:-1, max-image-preview:large, max-video-preview:-1\" \/>\n<link rel=\"canonical\" href=\"https:\/\/informelitoral.com.ar\/rosario-el-congreso-de-aapresid-hara-foco-en-el-relevamiento-de-malezas-a-nivel-nacional-rem\/\" \/>\n<meta property=\"og:locale\" content=\"es_ES\" \/>\n<meta property=\"og:type\" content=\"article\" \/>\n<meta property=\"og:title\" content=\"Rosario: el Congreso de Aapresid har\u00e1 foco en el Relevamiento de Malezas a nivel nacional (REM) - Informe Litoral\" \/>\n<meta property=\"og:description\" content=\"Resiliar prepara una alta gama de opciones y el REM ser&aacute; una parte fundamental. Desde la entidad ya advirtieron que &ldquo;en esta primera etapa de las nuevas pol&iacute;ticas agropecuarias, tendr&aacute;n una tendencia a atenuarse por la inminente rotaci&oacute;n de cultivos y herbicidas&rdquo;. Aapresid, pondr&aacute; a valor en su XXIV Congreso &ldquo;Resiliar&rdquo;, el rol de REM [&hellip;]\" \/>\n<meta property=\"og:url\" content=\"https:\/\/informelitoral.com.ar\/rosario-el-congreso-de-aapresid-hara-foco-en-el-relevamiento-de-malezas-a-nivel-nacional-rem\/\" \/>\n<meta property=\"og:site_name\" content=\"Informe Litoral\" \/>\n<meta property=\"article:publisher\" content=\"https:\/\/www.facebook.com\/informelitoral\/\" \/>\n<meta property=\"article:published_time\" content=\"2016-07-25T10:57:53+00:00\" \/>\n<meta property=\"og:image\" content=\"https:\/\/informelitoral.com.ar\/%77%70%2d%63%6f%6e%74%65%6e%74\/uploads\/2016\/07\/i24845-malezas-960.jpg\" \/>\n\t<meta property=\"og:image:width\" content=\"631\" \/>\n\t<meta property=\"og:image:height\" content=\"280\" \/>\n\t<meta property=\"og:image:type\" content=\"image\/jpeg\" \/>\n<meta name=\"author\" content=\"Gonzalo Schmidt\" \/>\n<meta name=\"twitter:card\" content=\"summary_large_image\" \/>\n<meta name=\"twitter:creator\" content=\"@InformeLitoral\" \/>\n<meta name=\"twitter:site\" content=\"@InformeLitoral\" \/>\n<meta name=\"twitter:label1\" content=\"Escrito por\" \/>\n\t<meta name=\"twitter:data1\" content=\"Gonzalo Schmidt\" \/>\n\t<meta name=\"twitter:label2\" content=\"Tiempo de lectura\" \/>\n\t<meta name=\"twitter:data2\" content=\"3 minutos\" \/>\n<script type=\"application\/ld+json\" class=\"yoast-schema-graph\">{\"@context\":\"https:\\\/\\\/schema.org\",\"@graph\":[{\"@type\":\"Article\",\"@id\":\"https:\\\/\\\/informelitoral.com.ar\\\/rosario-el-congreso-de-aapresid-hara-foco-en-el-relevamiento-de-malezas-a-nivel-nacional-rem\\\/#article\",\"isPartOf\":{\"@id\":\"https:\\\/\\\/informelitoral.com.ar\\\/rosario-el-congreso-de-aapresid-hara-foco-en-el-relevamiento-de-malezas-a-nivel-nacional-rem\\\/\"},\"author\":{\"name\":\"Gonzalo Schmidt\",\"@id\":\"https:\\\/\\\/informelitoral.com.ar\\\/#\\\/schema\\\/person\\\/b9d00407c836482871ef1d57bf8e3180\"},\"headline\":\"Rosario: el Congreso de Aapresid har\u00e1 foco en el Relevamiento de Malezas a nivel nacional (REM)\",\"datePublished\":\"2016-07-25T10:57:53+00:00\",\"mainEntityOfPage\":{\"@id\":\"https:\\\/\\\/informelitoral.com.ar\\\/rosario-el-congreso-de-aapresid-hara-foco-en-el-relevamiento-de-malezas-a-nivel-nacional-rem\\\/\"},\"wordCount\":696,\"commentCount\":0,\"publisher\":{\"@id\":\"https:\\\/\\\/informelitoral.com.ar\\\/#organization\"},\"image\":{\"@id\":\"https:\\\/\\\/informelitoral.com.ar\\\/rosario-el-congreso-de-aapresid-hara-foco-en-el-relevamiento-de-malezas-a-nivel-nacional-rem\\\/#primaryimage\"},\"thumbnailUrl\":\"http:\\\/\\\/www.isletasnoticias.com.ar\\\/%77%70%2d%63%6f%6e%74%65%6e%74\\\/uploads\\\/2016\\\/07\\\/i24845-malezas-960.jpg\",\"articleSection\":[\"Campo\"],\"inLanguage\":\"es\",\"potentialAction\":[{\"@type\":\"CommentAction\",\"name\":\"Comment\",\"target\":[\"https:\\\/\\\/informelitoral.com.ar\\\/rosario-el-congreso-de-aapresid-hara-foco-en-el-relevamiento-de-malezas-a-nivel-nacional-rem\\\/#respond\"]}]},{\"@type\":\"WebPage\",\"@id\":\"https:\\\/\\\/informelitoral.com.ar\\\/rosario-el-congreso-de-aapresid-hara-foco-en-el-relevamiento-de-malezas-a-nivel-nacional-rem\\\/\",\"url\":\"https:\\\/\\\/informelitoral.com.ar\\\/rosario-el-congreso-de-aapresid-hara-foco-en-el-relevamiento-de-malezas-a-nivel-nacional-rem\\\/\",\"name\":\"Rosario: el Congreso de Aapresid har\u00e1 foco en el Relevamiento de Malezas a nivel nacional (REM) - Informe Litoral\",\"isPartOf\":{\"@id\":\"https:\\\/\\\/informelitoral.com.ar\\\/#website\"},\"primaryImageOfPage\":{\"@id\":\"https:\\\/\\\/informelitoral.com.ar\\\/rosario-el-congreso-de-aapresid-hara-foco-en-el-relevamiento-de-malezas-a-nivel-nacional-rem\\\/#primaryimage\"},\"image\":{\"@id\":\"https:\\\/\\\/informelitoral.com.ar\\\/rosario-el-congreso-de-aapresid-hara-foco-en-el-relevamiento-de-malezas-a-nivel-nacional-rem\\\/#primaryimage\"},\"thumbnailUrl\":\"http:\\\/\\\/www.isletasnoticias.com.ar\\\/%77%70%2d%63%6f%6e%74%65%6e%74\\\/uploads\\\/2016\\\/07\\\/i24845-malezas-960.jpg\",\"datePublished\":\"2016-07-25T10:57:53+00:00\",\"breadcrumb\":{\"@id\":\"https:\\\/\\\/informelitoral.com.ar\\\/rosario-el-congreso-de-aapresid-hara-foco-en-el-relevamiento-de-malezas-a-nivel-nacional-rem\\\/#breadcrumb\"},\"inLanguage\":\"es\",\"potentialAction\":[{\"@type\":\"ReadAction\",\"target\":[\"https:\\\/\\\/informelitoral.com.ar\\\/rosario-el-congreso-de-aapresid-hara-foco-en-el-relevamiento-de-malezas-a-nivel-nacional-rem\\\/\"]}]},{\"@type\":\"ImageObject\",\"inLanguage\":\"es\",\"@id\":\"https:\\\/\\\/informelitoral.com.ar\\\/rosario-el-congreso-de-aapresid-hara-foco-en-el-relevamiento-de-malezas-a-nivel-nacional-rem\\\/#primaryimage\",\"url\":\"http:\\\/\\\/www.isletasnoticias.com.ar\\\/%77%70%2d%63%6f%6e%74%65%6e%74\\\/uploads\\\/2016\\\/07\\\/i24845-malezas-960.jpg\",\"contentUrl\":\"http:\\\/\\\/www.isletasnoticias.com.ar\\\/%77%70%2d%63%6f%6e%74%65%6e%74\\\/uploads\\\/2016\\\/07\\\/i24845-malezas-960.jpg\"},{\"@type\":\"BreadcrumbList\",\"@id\":\"https:\\\/\\\/informelitoral.com.ar\\\/rosario-el-congreso-de-aapresid-hara-foco-en-el-relevamiento-de-malezas-a-nivel-nacional-rem\\\/#breadcrumb\",\"itemListElement\":[{\"@type\":\"ListItem\",\"position\":1,\"name\":\"Portada\",\"item\":\"https:\\\/\\\/informelitoral.com.ar\\\/\"},{\"@type\":\"ListItem\",\"position\":2,\"name\":\"Rosario: el Congreso de Aapresid har\u00e1 foco en el Relevamiento de Malezas a nivel nacional (REM)\"}]},{\"@type\":\"WebSite\",\"@id\":\"https:\\\/\\\/informelitoral.com.ar\\\/#website\",\"url\":\"https:\\\/\\\/informelitoral.com.ar\\\/\",\"name\":\"Informe Litoral\",\"description\":\"&quot;Nos informamos&quot; \",\"publisher\":{\"@id\":\"https:\\\/\\\/informelitoral.com.ar\\\/#organization\"},\"potentialAction\":[{\"@type\":\"SearchAction\",\"target\":{\"@type\":\"EntryPoint\",\"urlTemplate\":\"https:\\\/\\\/informelitoral.com.ar\\\/?s={search_term_string}\"},\"query-input\":{\"@type\":\"PropertyValueSpecification\",\"valueRequired\":true,\"valueName\":\"search_term_string\"}}],\"inLanguage\":\"es\"},{\"@type\":\"Organization\",\"@id\":\"https:\\\/\\\/informelitoral.com.ar\\\/#organization\",\"name\":\"Informe Litoral\",\"url\":\"https:\\\/\\\/informelitoral.com.ar\\\/\",\"logo\":{\"@type\":\"ImageObject\",\"inLanguage\":\"es\",\"@id\":\"https:\\\/\\\/informelitoral.com.ar\\\/#\\\/schema\\\/logo\\\/image\\\/\",\"url\":\"https:\\\/\\\/informelitoral.com.ar\\\/%77%70%2d%63%6f%6e%74%65%6e%74\\\/uploads\\\/2021\\\/01\\\/circulo.png\",\"contentUrl\":\"https:\\\/\\\/informelitoral.com.ar\\\/%77%70%2d%63%6f%6e%74%65%6e%74\\\/uploads\\\/2021\\\/01\\\/circulo.png\",\"width\":723,\"height\":731,\"caption\":\"Informe Litoral\"},\"image\":{\"@id\":\"https:\\\/\\\/informelitoral.com.ar\\\/#\\\/schema\\\/logo\\\/image\\\/\"},\"sameAs\":[\"https:\\\/\\\/www.facebook.com\\\/informelitoral\\\/\",\"https:\\\/\\\/x.com\\\/InformeLitoral\",\"https:\\\/\\\/www.instagram.com\\\/informelitoral\\\/\",\"https:\\\/\\\/www.youtube.com\\\/channel\\\/UCua4Qvz8Icb6MYqhoq9xLXw\"]},{\"@type\":\"Person\",\"@id\":\"https:\\\/\\\/informelitoral.com.ar\\\/#\\\/schema\\\/person\\\/b9d00407c836482871ef1d57bf8e3180\",\"name\":\"Gonzalo Schmidt\",\"image\":{\"@type\":\"ImageObject\",\"inLanguage\":\"es\",\"@id\":\"https:\\\/\\\/secure.gravatar.com\\\/avatar\\\/31a1a7b66ff2de83bd0e9fd79d026630d2d99e55e8bfe501287647b4fd9743de?s=96&d=mm&r=g\",\"url\":\"https:\\\/\\\/secure.gravatar.com\\\/avatar\\\/31a1a7b66ff2de83bd0e9fd79d026630d2d99e55e8bfe501287647b4fd9743de?s=96&d=mm&r=g\",\"contentUrl\":\"https:\\\/\\\/secure.gravatar.com\\\/avatar\\\/31a1a7b66ff2de83bd0e9fd79d026630d2d99e55e8bfe501287647b4fd9743de?s=96&d=mm&r=g\",\"caption\":\"Gonzalo Schmidt\"},\"description\":\"Sitio web de noticias de la provincia de Entre R\u00edos, Argentina. Informaci\u00f3n y entretenimiento. Informe Litoral, nos informamos.\",\"sameAs\":[\"http:\\\/\\\/www.isletasnoticias.com.ar\"],\"url\":\"https:\\\/\\\/informelitoral.com.ar\\\/author\\\/gonzalo\\\/\"}]}<\/script>","yoast_head_json":{"title":"Rosario: el Congreso de Aapresid har\u00e1 foco en el Relevamiento de Malezas a nivel nacional (REM) - Informe Litoral","robots":{"index":"index","follow":"follow","max-snippet":"max-snippet:-1","max-image-preview":"max-image-preview:large","max-video-preview":"max-video-preview:-1"},"canonical":"https:\/\/informelitoral.com.ar\/rosario-el-congreso-de-aapresid-hara-foco-en-el-relevamiento-de-malezas-a-nivel-nacional-rem\/","og_locale":"es_ES","og_type":"article","og_title":"Rosario: el Congreso de Aapresid har\u00e1 foco en el Relevamiento de Malezas a nivel nacional (REM) - Informe Litoral","og_description":"Resiliar prepara una alta gama de opciones y el REM ser&aacute; una parte fundamental. Desde la entidad ya advirtieron que &ldquo;en esta primera etapa de las nuevas pol&iacute;ticas agropecuarias, tendr&aacute;n una tendencia a atenuarse por la inminente rotaci&oacute;n de cultivos y herbicidas&rdquo;. Aapresid, pondr&aacute; a valor en su XXIV Congreso &ldquo;Resiliar&rdquo;, el rol de REM [&hellip;]","og_url":"https:\/\/informelitoral.com.ar\/rosario-el-congreso-de-aapresid-hara-foco-en-el-relevamiento-de-malezas-a-nivel-nacional-rem\/","og_site_name":"Informe Litoral","article_publisher":"https:\/\/www.facebook.com\/informelitoral\/","article_published_time":"2016-07-25T10:57:53+00:00","og_image":[{"width":631,"height":280,"url":"https:\/\/informelitoral.com.ar\/%77%70%2d%63%6f%6e%74%65%6e%74\/uploads\/2016\/07\/i24845-malezas-960.jpg","type":"image\/jpeg"}],"author":"Gonzalo Schmidt","twitter_card":"summary_large_image","twitter_creator":"@InformeLitoral","twitter_site":"@InformeLitoral","twitter_misc":{"Escrito por":"Gonzalo Schmidt","Tiempo de lectura":"3 minutos"},"schema":{"@context":"https:\/\/schema.org","@graph":[{"@type":"Article","@id":"https:\/\/informelitoral.com.ar\/rosario-el-congreso-de-aapresid-hara-foco-en-el-relevamiento-de-malezas-a-nivel-nacional-rem\/#article","isPartOf":{"@id":"https:\/\/informelitoral.com.ar\/rosario-el-congreso-de-aapresid-hara-foco-en-el-relevamiento-de-malezas-a-nivel-nacional-rem\/"},"author":{"name":"Gonzalo Schmidt","@id":"https:\/\/informelitoral.com.ar\/#\/schema\/person\/b9d00407c836482871ef1d57bf8e3180"},"headline":"Rosario: el Congreso de Aapresid har\u00e1 foco en el Relevamiento de Malezas a nivel nacional (REM)","datePublished":"2016-07-25T10:57:53+00:00","mainEntityOfPage":{"@id":"https:\/\/informelitoral.com.ar\/rosario-el-congreso-de-aapresid-hara-foco-en-el-relevamiento-de-malezas-a-nivel-nacional-rem\/"},"wordCount":696,"commentCount":0,"publisher":{"@id":"https:\/\/informelitoral.com.ar\/#organization"},"image":{"@id":"https:\/\/informelitoral.com.ar\/rosario-el-congreso-de-aapresid-hara-foco-en-el-relevamiento-de-malezas-a-nivel-nacional-rem\/#primaryimage"},"thumbnailUrl":"http:\/\/www.isletasnoticias.com.ar\/%77%70%2d%63%6f%6e%74%65%6e%74\/uploads\/2016\/07\/i24845-malezas-960.jpg","articleSection":["Campo"],"inLanguage":"es","potentialAction":[{"@type":"CommentAction","name":"Comment","target":["https:\/\/informelitoral.com.ar\/rosario-el-congreso-de-aapresid-hara-foco-en-el-relevamiento-de-malezas-a-nivel-nacional-rem\/#respond"]}]},{"@type":"WebPage","@id":"https:\/\/informelitoral.com.ar\/rosario-el-congreso-de-aapresid-hara-foco-en-el-relevamiento-de-malezas-a-nivel-nacional-rem\/","url":"https:\/\/informelitoral.com.ar\/rosario-el-congreso-de-aapresid-hara-foco-en-el-relevamiento-de-malezas-a-nivel-nacional-rem\/","name":"Rosario: el Congreso de Aapresid har\u00e1 foco en el Relevamiento de Malezas a nivel nacional (REM) - Informe Litoral","isPartOf":{"@id":"https:\/\/informelitoral.com.ar\/#website"},"primaryImageOfPage":{"@id":"https:\/\/informelitoral.com.ar\/rosario-el-congreso-de-aapresid-hara-foco-en-el-relevamiento-de-malezas-a-nivel-nacional-rem\/#primaryimage"},"image":{"@id":"https:\/\/informelitoral.com.ar\/rosario-el-congreso-de-aapresid-hara-foco-en-el-relevamiento-de-malezas-a-nivel-nacional-rem\/#primaryimage"},"thumbnailUrl":"http:\/\/www.isletasnoticias.com.ar\/%77%70%2d%63%6f%6e%74%65%6e%74\/uploads\/2016\/07\/i24845-malezas-960.jpg","datePublished":"2016-07-25T10:57:53+00:00","breadcrumb":{"@id":"https:\/\/informelitoral.com.ar\/rosario-el-congreso-de-aapresid-hara-foco-en-el-relevamiento-de-malezas-a-nivel-nacional-rem\/#breadcrumb"},"inLanguage":"es","potentialAction":[{"@type":"ReadAction","target":["https:\/\/informelitoral.com.ar\/rosario-el-congreso-de-aapresid-hara-foco-en-el-relevamiento-de-malezas-a-nivel-nacional-rem\/"]}]},{"@type":"ImageObject","inLanguage":"es","@id":"https:\/\/informelitoral.com.ar\/rosario-el-congreso-de-aapresid-hara-foco-en-el-relevamiento-de-malezas-a-nivel-nacional-rem\/#primaryimage","url":"http:\/\/www.isletasnoticias.com.ar\/%77%70%2d%63%6f%6e%74%65%6e%74\/uploads\/2016\/07\/i24845-malezas-960.jpg","contentUrl":"http:\/\/www.isletasnoticias.com.ar\/%77%70%2d%63%6f%6e%74%65%6e%74\/uploads\/2016\/07\/i24845-malezas-960.jpg"},{"@type":"BreadcrumbList","@id":"https:\/\/informelitoral.com.ar\/rosario-el-congreso-de-aapresid-hara-foco-en-el-relevamiento-de-malezas-a-nivel-nacional-rem\/#breadcrumb","itemListElement":[{"@type":"ListItem","position":1,"name":"Portada","item":"https:\/\/informelitoral.com.ar\/"},{"@type":"ListItem","position":2,"name":"Rosario: el Congreso de Aapresid har\u00e1 foco en el Relevamiento de Malezas a nivel nacional (REM)"}]},{"@type":"WebSite","@id":"https:\/\/informelitoral.com.ar\/#website","url":"https:\/\/informelitoral.com.ar\/","name":"Informe Litoral","description":"&quot;Nos informamos&quot; ","publisher":{"@id":"https:\/\/informelitoral.com.ar\/#organization"},"potentialAction":[{"@type":"SearchAction","target":{"@type":"EntryPoint","urlTemplate":"https:\/\/informelitoral.com.ar\/?s={search_term_string}"},"query-input":{"@type":"PropertyValueSpecification","valueRequired":true,"valueName":"search_term_string"}}],"inLanguage":"es"},{"@type":"Organization","@id":"https:\/\/informelitoral.com.ar\/#organization","name":"Informe Litoral","url":"https:\/\/informelitoral.com.ar\/","logo":{"@type":"ImageObject","inLanguage":"es","@id":"https:\/\/informelitoral.com.ar\/#\/schema\/logo\/image\/","url":"https:\/\/informelitoral.com.ar\/%77%70%2d%63%6f%6e%74%65%6e%74\/uploads\/2021\/01\/circulo.png","contentUrl":"https:\/\/informelitoral.com.ar\/%77%70%2d%63%6f%6e%74%65%6e%74\/uploads\/2021\/01\/circulo.png","width":723,"height":731,"caption":"Informe Litoral"},"image":{"@id":"https:\/\/informelitoral.com.ar\/#\/schema\/logo\/image\/"},"sameAs":["https:\/\/www.facebook.com\/informelitoral\/","https:\/\/x.com\/InformeLitoral","https:\/\/www.instagram.com\/informelitoral\/","https:\/\/www.youtube.com\/channel\/UCua4Qvz8Icb6MYqhoq9xLXw"]},{"@type":"Person","@id":"https:\/\/informelitoral.com.ar\/#\/schema\/person\/b9d00407c836482871ef1d57bf8e3180","name":"Gonzalo Schmidt","image":{"@type":"ImageObject","inLanguage":"es","@id":"https:\/\/secure.gravatar.com\/avatar\/31a1a7b66ff2de83bd0e9fd79d026630d2d99e55e8bfe501287647b4fd9743de?s=96&d=mm&r=g","url":"https:\/\/secure.gravatar.com\/avatar\/31a1a7b66ff2de83bd0e9fd79d026630d2d99e55e8bfe501287647b4fd9743de?s=96&d=mm&r=g","contentUrl":"https:\/\/secure.gravatar.com\/avatar\/31a1a7b66ff2de83bd0e9fd79d026630d2d99e55e8bfe501287647b4fd9743de?s=96&d=mm&r=g","caption":"Gonzalo Schmidt"},"description":"Sitio web de noticias de la provincia de Entre R\u00edos, Argentina. Informaci\u00f3n y entretenimiento. Informe Litoral, nos informamos.","sameAs":["http:\/\/www.isletasnoticias.com.ar"],"url":"https:\/\/informelitoral.com.ar\/author\/gonzalo\/"}]}},"_links":{"self":[{"href":"https:\/\/informelitoral.com.ar\/%77%70%2d%6a%73%6f%6e\/wp\/v2\/posts\/17353","targetHints":{"allow":["GET"]}}],"collection":[{"href":"https:\/\/informelitoral.com.ar\/%77%70%2d%6a%73%6f%6e\/wp\/v2\/posts"}],"about":[{"href":"https:\/\/informelitoral.com.ar\/%77%70%2d%6a%73%6f%6e\/wp\/v2\/types\/post"}],"author":[{"embeddable":true,"href":"https:\/\/informelitoral.com.ar\/%77%70%2d%6a%73%6f%6e\/wp\/v2\/users\/2"}],"replies":[{"embeddable":true,"href":"https:\/\/informelitoral.com.ar\/%77%70%2d%6a%73%6f%6e\/wp\/v2\/comments?post=17353"}],"version-history":[{"count":0,"href":"https:\/\/informelitoral.com.ar\/%77%70%2d%6a%73%6f%6e\/wp\/v2\/posts\/17353\/revisions"}],"wp:attachment":[{"href":"https:\/\/informelitoral.com.ar\/%77%70%2d%6a%73%6f%6e\/wp\/v2\/media?parent=17353"}],"wp:term":[{"taxonomy":"category","embeddable":true,"href":"https:\/\/informelitoral.com.ar\/%77%70%2d%6a%73%6f%6e\/wp\/v2\/categories?post=17353"},{"taxonomy":"post_tag","embeddable":true,"href":"https:\/\/informelitoral.com.ar\/%77%70%2d%6a%73%6f%6e\/wp\/v2\/tags?post=17353"}],"curies":[{"name":"wp","href":"https:\/\/api.w.org\/{rel}","templated":true}]}}