{"id":17350,"date":"2016-07-25T07:45:03","date_gmt":"2016-07-25T10:45:03","guid":{"rendered":"http:\/\/www.isletasnoticias.com.ar\/?p=17350"},"modified":"2016-07-25T07:45:03","modified_gmt":"2016-07-25T10:45:03","slug":"las-clases-no-comienzan-en-siete-provincias","status":"publish","type":"post","link":"https:\/\/informelitoral.com.ar\/las-clases-no-comienzan-en-siete-provincias\/","title":{"rendered":"Las clases no comienzan en siete provincias"},"content":{"rendered":"<p><strong>En Misiones, Catamarca, Chubut, Chaco, Tierra del Fuego, Buenos Aires, Santa Cruz y Entre R\u00edos no reinician las clases por paro docente. En nuestra provincia, Agmer confirm\u00f3 huelga por 48 horas para este lunes y martes.<a href=\"http:\/\/www.isletasnoticias.com.ar\/%77%70%2d%63%6f%6e%74%65%6e%74\/uploads\/2016\/07\/o_1425078410.jpg\"><img loading=\"lazy\" decoding=\"async\" class=\"aligncenter wp-image-17351 size-full\" src=\"http:\/\/www.isletasnoticias.com.ar\/%77%70%2d%63%6f%6e%74%65%6e%74\/uploads\/2016\/07\/o_1425078410.jpg\" alt=\"o_1425078410\" width=\"640\" height=\"360\" srcset=\"https:\/\/informelitoral.com.ar\/%77%70%2d%63%6f%6e%74%65%6e%74\/uploads\/2016\/07\/o_1425078410.jpg 640w, https:\/\/informelitoral.com.ar\/%77%70%2d%63%6f%6e%74%65%6e%74\/uploads\/2016\/07\/o_1425078410-300x169.jpg 300w\" sizes=\"auto, (max-width: 640px) 100vw, 640px\" \/><\/a><\/strong><\/p>\n<p>La Federaci\u00f3n Nacional Docente, enrolada en la CTA que conduce Pablo Micheli, anunci\u00f3 que no retomar\u00e1 el ciclo lectivo luego de las vacaciones en las provincias de Buenos Aires, Catamarca, Chaco, Chubut, Entre R\u00edos, Santa Cruz y Tierra del Fuego. La medida se resolvi\u00f3 luego de una reuni\u00f3n del Consejo Directivo, en la que se vot\u00f3 por llamar a un paro nacional.<\/p>\n<p>En un comunicado, la federaci\u00f3n argument\u00f3 la decisi\u00f3n a partir de \u00abla ca\u00edda del poder adquisitivo del salario, la precarizaci\u00f3n de las condiciones laborales, las carencias edilicias, en los comedores, transporte, mobiliario o becas; la persecuci\u00f3n y judicializaci\u00f3n a los que luchan, m\u00e1s los despidos de contratados y congelamiento de vacantes\u00bb. Seg\u00fan sus autoridades, \u00abson condiciones que dificultan la labor docente para enfrentar la crisis m\u00e1s general del sistema educativo atravesado, adem\u00e1s, por una creciente deserci\u00f3n escolar\u00bb.<\/p>\n<p>En el caso de Catamarca, la Asociaci\u00f3n de Trabajadores de la Educaci\u00f3n de esa provincia (ATECA) explic\u00f3 que se uni\u00f3 a la medida de fuerza porque \u00abno se convoc\u00f3 a los gremios para tratar la cuesti\u00f3n salarial\u00bb.<\/p>\n<p>A pesar de esta postura, el ministro de Educaci\u00f3n catamarque\u00f1o, Daniel Guti\u00e9rrez, anunci\u00f3 que los docentes \u00absufrir\u00e1n descuentos en sus haberes por los d\u00edas no trabajados\u00bb.<\/p>\n<p>\u00abNo observamos ninguna situaci\u00f3n que amerite la interrupci\u00f3n de la contraprestaci\u00f3n laboral\u00bb, por lo que \u00abnuevamente el inter\u00e9s de los docentes se ver\u00e1 da\u00f1ado por exclusiva decisi\u00f3n de ATECA, que sufrir\u00e1n descuentos en sus haberes por los d\u00edas no trabajados\u00bb, asegur\u00f3 Guti\u00e9rrez, seg\u00fan <em>El Diario.<\/em><\/p>\n<p>En tanto, desde la FND promueven \u00abun paro nacional de docentes y estatales para el jueves 11 de agosto junto a ATE y dem\u00e1s sectores, con movilizaci\u00f3n\u00bb, reprodujo <em>Informe Digital.<\/em><\/p>\n<p>El viernes, las Asociaci\u00f3n Gremial del Magisterio de Entre R\u00edos (Agmer) aprob\u00f3 un paro de 48 horas para este lunes y martes y otro de 24 horas en suspenso con fecha a confirmar.<\/p>\n","protected":false},"excerpt":{"rendered":"<p>En Misiones, Catamarca, Chubut, Chaco, Tierra del Fuego, Buenos Aires, Santa Cruz y Entre R&iacute;os no reinician las clases por paro docente. En nuestra provincia, Agmer confirm&oacute; huelga por 48 horas para este lunes y martes. La Federaci&oacute;n Nacional Docente, enrolada en la CTA que conduce Pablo Micheli, anunci&oacute; que no retomar&aacute; el ciclo lectivo [&hellip;]<\/p>\n","protected":false},"author":2,"featured_media":0,"comment_status":"open","ping_status":"open","sticky":false,"template":"","format":"standard","meta":{"fifu_image_url":"","fifu_image_alt":"","footnotes":""},"categories":[7],"tags":[],"class_list":{"0":"post-17350","1":"post","2":"type-post","3":"status-publish","4":"format-standard","6":"category-nacionales"},"yoast_head":"<title>Las clases no comienzan en siete provincias - Informe Litoral<\/title>\n<meta name=\"robots\" content=\"index, follow, max-snippet:-1, max-image-preview:large, max-video-preview:-1\" \/>\n<link rel=\"canonical\" href=\"https:\/\/informelitoral.com.ar\/las-clases-no-comienzan-en-siete-provincias\/\" \/>\n<meta property=\"og:locale\" content=\"es_ES\" \/>\n<meta property=\"og:type\" content=\"article\" \/>\n<meta property=\"og:title\" content=\"Las clases no comienzan en siete provincias - Informe Litoral\" \/>\n<meta property=\"og:description\" content=\"En Misiones, Catamarca, Chubut, Chaco, Tierra del Fuego, Buenos Aires, Santa Cruz y Entre R&iacute;os no reinician las clases por paro docente. En nuestra provincia, Agmer confirm&oacute; huelga por 48 horas para este lunes y martes. La Federaci&oacute;n Nacional Docente, enrolada en la CTA que conduce Pablo Micheli, anunci&oacute; que no retomar&aacute; el ciclo lectivo [&hellip;]\" \/>\n<meta property=\"og:url\" content=\"https:\/\/informelitoral.com.ar\/las-clases-no-comienzan-en-siete-provincias\/\" \/>\n<meta property=\"og:site_name\" content=\"Informe Litoral\" \/>\n<meta property=\"article:publisher\" content=\"https:\/\/www.facebook.com\/informelitoral\/\" \/>\n<meta property=\"article:published_time\" content=\"2016-07-25T10:45:03+00:00\" \/>\n<meta property=\"og:image\" content=\"https:\/\/informelitoral.com.ar\/%77%70%2d%63%6f%6e%74%65%6e%74\/uploads\/2016\/07\/o_1425078410.jpg\" \/>\n\t<meta property=\"og:image:width\" content=\"640\" \/>\n\t<meta property=\"og:image:height\" content=\"360\" \/>\n\t<meta property=\"og:image:type\" content=\"image\/jpeg\" \/>\n<meta name=\"author\" content=\"Gonzalo Schmidt\" \/>\n<meta name=\"twitter:card\" content=\"summary_large_image\" \/>\n<meta name=\"twitter:creator\" content=\"@InformeLitoral\" \/>\n<meta name=\"twitter:site\" content=\"@InformeLitoral\" \/>\n<meta name=\"twitter:label1\" content=\"Escrito por\" \/>\n\t<meta name=\"twitter:data1\" content=\"Gonzalo Schmidt\" \/>\n\t<meta name=\"twitter:label2\" content=\"Tiempo de lectura\" \/>\n\t<meta name=\"twitter:data2\" content=\"2 minutos\" \/>\n<script type=\"application\/ld+json\" class=\"yoast-schema-graph\">{\"@context\":\"https:\\\/\\\/schema.org\",\"@graph\":[{\"@type\":\"Article\",\"@id\":\"https:\\\/\\\/informelitoral.com.ar\\\/las-clases-no-comienzan-en-siete-provincias\\\/#article\",\"isPartOf\":{\"@id\":\"https:\\\/\\\/informelitoral.com.ar\\\/las-clases-no-comienzan-en-siete-provincias\\\/\"},\"author\":{\"name\":\"Gonzalo Schmidt\",\"@id\":\"https:\\\/\\\/informelitoral.com.ar\\\/#\\\/schema\\\/person\\\/b9d00407c836482871ef1d57bf8e3180\"},\"headline\":\"Las clases no comienzan en siete provincias\",\"datePublished\":\"2016-07-25T10:45:03+00:00\",\"mainEntityOfPage\":{\"@id\":\"https:\\\/\\\/informelitoral.com.ar\\\/las-clases-no-comienzan-en-siete-provincias\\\/\"},\"wordCount\":386,\"commentCount\":0,\"publisher\":{\"@id\":\"https:\\\/\\\/informelitoral.com.ar\\\/#organization\"},\"image\":{\"@id\":\"https:\\\/\\\/informelitoral.com.ar\\\/las-clases-no-comienzan-en-siete-provincias\\\/#primaryimage\"},\"thumbnailUrl\":\"http:\\\/\\\/www.isletasnoticias.com.ar\\\/%77%70%2d%63%6f%6e%74%65%6e%74\\\/uploads\\\/2016\\\/07\\\/o_1425078410.jpg\",\"articleSection\":[\"Nacionales\"],\"inLanguage\":\"es\",\"potentialAction\":[{\"@type\":\"CommentAction\",\"name\":\"Comment\",\"target\":[\"https:\\\/\\\/informelitoral.com.ar\\\/las-clases-no-comienzan-en-siete-provincias\\\/#respond\"]}]},{\"@type\":\"WebPage\",\"@id\":\"https:\\\/\\\/informelitoral.com.ar\\\/las-clases-no-comienzan-en-siete-provincias\\\/\",\"url\":\"https:\\\/\\\/informelitoral.com.ar\\\/las-clases-no-comienzan-en-siete-provincias\\\/\",\"name\":\"Las clases no comienzan en siete provincias - Informe Litoral\",\"isPartOf\":{\"@id\":\"https:\\\/\\\/informelitoral.com.ar\\\/#website\"},\"primaryImageOfPage\":{\"@id\":\"https:\\\/\\\/informelitoral.com.ar\\\/las-clases-no-comienzan-en-siete-provincias\\\/#primaryimage\"},\"image\":{\"@id\":\"https:\\\/\\\/informelitoral.com.ar\\\/las-clases-no-comienzan-en-siete-provincias\\\/#primaryimage\"},\"thumbnailUrl\":\"http:\\\/\\\/www.isletasnoticias.com.ar\\\/%77%70%2d%63%6f%6e%74%65%6e%74\\\/uploads\\\/2016\\\/07\\\/o_1425078410.jpg\",\"datePublished\":\"2016-07-25T10:45:03+00:00\",\"breadcrumb\":{\"@id\":\"https:\\\/\\\/informelitoral.com.ar\\\/las-clases-no-comienzan-en-siete-provincias\\\/#breadcrumb\"},\"inLanguage\":\"es\",\"potentialAction\":[{\"@type\":\"ReadAction\",\"target\":[\"https:\\\/\\\/informelitoral.com.ar\\\/las-clases-no-comienzan-en-siete-provincias\\\/\"]}]},{\"@type\":\"ImageObject\",\"inLanguage\":\"es\",\"@id\":\"https:\\\/\\\/informelitoral.com.ar\\\/las-clases-no-comienzan-en-siete-provincias\\\/#primaryimage\",\"url\":\"http:\\\/\\\/www.isletasnoticias.com.ar\\\/%77%70%2d%63%6f%6e%74%65%6e%74\\\/uploads\\\/2016\\\/07\\\/o_1425078410.jpg\",\"contentUrl\":\"http:\\\/\\\/www.isletasnoticias.com.ar\\\/%77%70%2d%63%6f%6e%74%65%6e%74\\\/uploads\\\/2016\\\/07\\\/o_1425078410.jpg\"},{\"@type\":\"BreadcrumbList\",\"@id\":\"https:\\\/\\\/informelitoral.com.ar\\\/las-clases-no-comienzan-en-siete-provincias\\\/#breadcrumb\",\"itemListElement\":[{\"@type\":\"ListItem\",\"position\":1,\"name\":\"Portada\",\"item\":\"https:\\\/\\\/informelitoral.com.ar\\\/\"},{\"@type\":\"ListItem\",\"position\":2,\"name\":\"Las clases no comienzan en siete provincias\"}]},{\"@type\":\"WebSite\",\"@id\":\"https:\\\/\\\/informelitoral.com.ar\\\/#website\",\"url\":\"https:\\\/\\\/informelitoral.com.ar\\\/\",\"name\":\"Informe Litoral\",\"description\":\"&quot;Nos informamos&quot; \",\"publisher\":{\"@id\":\"https:\\\/\\\/informelitoral.com.ar\\\/#organization\"},\"potentialAction\":[{\"@type\":\"SearchAction\",\"target\":{\"@type\":\"EntryPoint\",\"urlTemplate\":\"https:\\\/\\\/informelitoral.com.ar\\\/?s={search_term_string}\"},\"query-input\":{\"@type\":\"PropertyValueSpecification\",\"valueRequired\":true,\"valueName\":\"search_term_string\"}}],\"inLanguage\":\"es\"},{\"@type\":\"Organization\",\"@id\":\"https:\\\/\\\/informelitoral.com.ar\\\/#organization\",\"name\":\"Informe Litoral\",\"url\":\"https:\\\/\\\/informelitoral.com.ar\\\/\",\"logo\":{\"@type\":\"ImageObject\",\"inLanguage\":\"es\",\"@id\":\"https:\\\/\\\/informelitoral.com.ar\\\/#\\\/schema\\\/logo\\\/image\\\/\",\"url\":\"https:\\\/\\\/informelitoral.com.ar\\\/%77%70%2d%63%6f%6e%74%65%6e%74\\\/uploads\\\/2021\\\/01\\\/circulo.png\",\"contentUrl\":\"https:\\\/\\\/informelitoral.com.ar\\\/%77%70%2d%63%6f%6e%74%65%6e%74\\\/uploads\\\/2021\\\/01\\\/circulo.png\",\"width\":723,\"height\":731,\"caption\":\"Informe Litoral\"},\"image\":{\"@id\":\"https:\\\/\\\/informelitoral.com.ar\\\/#\\\/schema\\\/logo\\\/image\\\/\"},\"sameAs\":[\"https:\\\/\\\/www.facebook.com\\\/informelitoral\\\/\",\"https:\\\/\\\/x.com\\\/InformeLitoral\",\"https:\\\/\\\/www.instagram.com\\\/informelitoral\\\/\",\"https:\\\/\\\/www.youtube.com\\\/channel\\\/UCua4Qvz8Icb6MYqhoq9xLXw\"]},{\"@type\":\"Person\",\"@id\":\"https:\\\/\\\/informelitoral.com.ar\\\/#\\\/schema\\\/person\\\/b9d00407c836482871ef1d57bf8e3180\",\"name\":\"Gonzalo Schmidt\",\"image\":{\"@type\":\"ImageObject\",\"inLanguage\":\"es\",\"@id\":\"https:\\\/\\\/secure.gravatar.com\\\/avatar\\\/31a1a7b66ff2de83bd0e9fd79d026630d2d99e55e8bfe501287647b4fd9743de?s=96&d=mm&r=g\",\"url\":\"https:\\\/\\\/secure.gravatar.com\\\/avatar\\\/31a1a7b66ff2de83bd0e9fd79d026630d2d99e55e8bfe501287647b4fd9743de?s=96&d=mm&r=g\",\"contentUrl\":\"https:\\\/\\\/secure.gravatar.com\\\/avatar\\\/31a1a7b66ff2de83bd0e9fd79d026630d2d99e55e8bfe501287647b4fd9743de?s=96&d=mm&r=g\",\"caption\":\"Gonzalo Schmidt\"},\"description\":\"Sitio web de noticias de la provincia de Entre R\u00edos, Argentina. Informaci\u00f3n y entretenimiento. Informe Litoral, nos informamos.\",\"sameAs\":[\"http:\\\/\\\/www.isletasnoticias.com.ar\"],\"url\":\"https:\\\/\\\/informelitoral.com.ar\\\/author\\\/gonzalo\\\/\"}]}<\/script>","yoast_head_json":{"title":"Las clases no comienzan en siete provincias - Informe Litoral","robots":{"index":"index","follow":"follow","max-snippet":"max-snippet:-1","max-image-preview":"max-image-preview:large","max-video-preview":"max-video-preview:-1"},"canonical":"https:\/\/informelitoral.com.ar\/las-clases-no-comienzan-en-siete-provincias\/","og_locale":"es_ES","og_type":"article","og_title":"Las clases no comienzan en siete provincias - Informe Litoral","og_description":"En Misiones, Catamarca, Chubut, Chaco, Tierra del Fuego, Buenos Aires, Santa Cruz y Entre R&iacute;os no reinician las clases por paro docente. En nuestra provincia, Agmer confirm&oacute; huelga por 48 horas para este lunes y martes. La Federaci&oacute;n Nacional Docente, enrolada en la CTA que conduce Pablo Micheli, anunci&oacute; que no retomar&aacute; el ciclo lectivo [&hellip;]","og_url":"https:\/\/informelitoral.com.ar\/las-clases-no-comienzan-en-siete-provincias\/","og_site_name":"Informe Litoral","article_publisher":"https:\/\/www.facebook.com\/informelitoral\/","article_published_time":"2016-07-25T10:45:03+00:00","og_image":[{"width":640,"height":360,"url":"https:\/\/informelitoral.com.ar\/%77%70%2d%63%6f%6e%74%65%6e%74\/uploads\/2016\/07\/o_1425078410.jpg","type":"image\/jpeg"}],"author":"Gonzalo Schmidt","twitter_card":"summary_large_image","twitter_creator":"@InformeLitoral","twitter_site":"@InformeLitoral","twitter_misc":{"Escrito por":"Gonzalo Schmidt","Tiempo de lectura":"2 minutos"},"schema":{"@context":"https:\/\/schema.org","@graph":[{"@type":"Article","@id":"https:\/\/informelitoral.com.ar\/las-clases-no-comienzan-en-siete-provincias\/#article","isPartOf":{"@id":"https:\/\/informelitoral.com.ar\/las-clases-no-comienzan-en-siete-provincias\/"},"author":{"name":"Gonzalo Schmidt","@id":"https:\/\/informelitoral.com.ar\/#\/schema\/person\/b9d00407c836482871ef1d57bf8e3180"},"headline":"Las clases no comienzan en siete provincias","datePublished":"2016-07-25T10:45:03+00:00","mainEntityOfPage":{"@id":"https:\/\/informelitoral.com.ar\/las-clases-no-comienzan-en-siete-provincias\/"},"wordCount":386,"commentCount":0,"publisher":{"@id":"https:\/\/informelitoral.com.ar\/#organization"},"image":{"@id":"https:\/\/informelitoral.com.ar\/las-clases-no-comienzan-en-siete-provincias\/#primaryimage"},"thumbnailUrl":"http:\/\/www.isletasnoticias.com.ar\/%77%70%2d%63%6f%6e%74%65%6e%74\/uploads\/2016\/07\/o_1425078410.jpg","articleSection":["Nacionales"],"inLanguage":"es","potentialAction":[{"@type":"CommentAction","name":"Comment","target":["https:\/\/informelitoral.com.ar\/las-clases-no-comienzan-en-siete-provincias\/#respond"]}]},{"@type":"WebPage","@id":"https:\/\/informelitoral.com.ar\/las-clases-no-comienzan-en-siete-provincias\/","url":"https:\/\/informelitoral.com.ar\/las-clases-no-comienzan-en-siete-provincias\/","name":"Las clases no comienzan en siete provincias - Informe Litoral","isPartOf":{"@id":"https:\/\/informelitoral.com.ar\/#website"},"primaryImageOfPage":{"@id":"https:\/\/informelitoral.com.ar\/las-clases-no-comienzan-en-siete-provincias\/#primaryimage"},"image":{"@id":"https:\/\/informelitoral.com.ar\/las-clases-no-comienzan-en-siete-provincias\/#primaryimage"},"thumbnailUrl":"http:\/\/www.isletasnoticias.com.ar\/%77%70%2d%63%6f%6e%74%65%6e%74\/uploads\/2016\/07\/o_1425078410.jpg","datePublished":"2016-07-25T10:45:03+00:00","breadcrumb":{"@id":"https:\/\/informelitoral.com.ar\/las-clases-no-comienzan-en-siete-provincias\/#breadcrumb"},"inLanguage":"es","potentialAction":[{"@type":"ReadAction","target":["https:\/\/informelitoral.com.ar\/las-clases-no-comienzan-en-siete-provincias\/"]}]},{"@type":"ImageObject","inLanguage":"es","@id":"https:\/\/informelitoral.com.ar\/las-clases-no-comienzan-en-siete-provincias\/#primaryimage","url":"http:\/\/www.isletasnoticias.com.ar\/%77%70%2d%63%6f%6e%74%65%6e%74\/uploads\/2016\/07\/o_1425078410.jpg","contentUrl":"http:\/\/www.isletasnoticias.com.ar\/%77%70%2d%63%6f%6e%74%65%6e%74\/uploads\/2016\/07\/o_1425078410.jpg"},{"@type":"BreadcrumbList","@id":"https:\/\/informelitoral.com.ar\/las-clases-no-comienzan-en-siete-provincias\/#breadcrumb","itemListElement":[{"@type":"ListItem","position":1,"name":"Portada","item":"https:\/\/informelitoral.com.ar\/"},{"@type":"ListItem","position":2,"name":"Las clases no comienzan en siete provincias"}]},{"@type":"WebSite","@id":"https:\/\/informelitoral.com.ar\/#website","url":"https:\/\/informelitoral.com.ar\/","name":"Informe Litoral","description":"&quot;Nos informamos&quot; ","publisher":{"@id":"https:\/\/informelitoral.com.ar\/#organization"},"potentialAction":[{"@type":"SearchAction","target":{"@type":"EntryPoint","urlTemplate":"https:\/\/informelitoral.com.ar\/?s={search_term_string}"},"query-input":{"@type":"PropertyValueSpecification","valueRequired":true,"valueName":"search_term_string"}}],"inLanguage":"es"},{"@type":"Organization","@id":"https:\/\/informelitoral.com.ar\/#organization","name":"Informe Litoral","url":"https:\/\/informelitoral.com.ar\/","logo":{"@type":"ImageObject","inLanguage":"es","@id":"https:\/\/informelitoral.com.ar\/#\/schema\/logo\/image\/","url":"https:\/\/informelitoral.com.ar\/%77%70%2d%63%6f%6e%74%65%6e%74\/uploads\/2021\/01\/circulo.png","contentUrl":"https:\/\/informelitoral.com.ar\/%77%70%2d%63%6f%6e%74%65%6e%74\/uploads\/2021\/01\/circulo.png","width":723,"height":731,"caption":"Informe Litoral"},"image":{"@id":"https:\/\/informelitoral.com.ar\/#\/schema\/logo\/image\/"},"sameAs":["https:\/\/www.facebook.com\/informelitoral\/","https:\/\/x.com\/InformeLitoral","https:\/\/www.instagram.com\/informelitoral\/","https:\/\/www.youtube.com\/channel\/UCua4Qvz8Icb6MYqhoq9xLXw"]},{"@type":"Person","@id":"https:\/\/informelitoral.com.ar\/#\/schema\/person\/b9d00407c836482871ef1d57bf8e3180","name":"Gonzalo Schmidt","image":{"@type":"ImageObject","inLanguage":"es","@id":"https:\/\/secure.gravatar.com\/avatar\/31a1a7b66ff2de83bd0e9fd79d026630d2d99e55e8bfe501287647b4fd9743de?s=96&d=mm&r=g","url":"https:\/\/secure.gravatar.com\/avatar\/31a1a7b66ff2de83bd0e9fd79d026630d2d99e55e8bfe501287647b4fd9743de?s=96&d=mm&r=g","contentUrl":"https:\/\/secure.gravatar.com\/avatar\/31a1a7b66ff2de83bd0e9fd79d026630d2d99e55e8bfe501287647b4fd9743de?s=96&d=mm&r=g","caption":"Gonzalo Schmidt"},"description":"Sitio web de noticias de la provincia de Entre R\u00edos, Argentina. Informaci\u00f3n y entretenimiento. Informe Litoral, nos informamos.","sameAs":["http:\/\/www.isletasnoticias.com.ar"],"url":"https:\/\/informelitoral.com.ar\/author\/gonzalo\/"}]}},"_links":{"self":[{"href":"https:\/\/informelitoral.com.ar\/%77%70%2d%6a%73%6f%6e\/wp\/v2\/posts\/17350","targetHints":{"allow":["GET"]}}],"collection":[{"href":"https:\/\/informelitoral.com.ar\/%77%70%2d%6a%73%6f%6e\/wp\/v2\/posts"}],"about":[{"href":"https:\/\/informelitoral.com.ar\/%77%70%2d%6a%73%6f%6e\/wp\/v2\/types\/post"}],"author":[{"embeddable":true,"href":"https:\/\/informelitoral.com.ar\/%77%70%2d%6a%73%6f%6e\/wp\/v2\/users\/2"}],"replies":[{"embeddable":true,"href":"https:\/\/informelitoral.com.ar\/%77%70%2d%6a%73%6f%6e\/wp\/v2\/comments?post=17350"}],"version-history":[{"count":0,"href":"https:\/\/informelitoral.com.ar\/%77%70%2d%6a%73%6f%6e\/wp\/v2\/posts\/17350\/revisions"}],"wp:attachment":[{"href":"https:\/\/informelitoral.com.ar\/%77%70%2d%6a%73%6f%6e\/wp\/v2\/media?parent=17350"}],"wp:term":[{"taxonomy":"category","embeddable":true,"href":"https:\/\/informelitoral.com.ar\/%77%70%2d%6a%73%6f%6e\/wp\/v2\/categories?post=17350"},{"taxonomy":"post_tag","embeddable":true,"href":"https:\/\/informelitoral.com.ar\/%77%70%2d%6a%73%6f%6e\/wp\/v2\/tags?post=17350"}],"curies":[{"name":"wp","href":"https:\/\/api.w.org\/{rel}","templated":true}]}}