{"id":173462,"date":"2023-11-23T10:13:01","date_gmt":"2023-11-23T13:13:01","guid":{"rendered":"https:\/\/www.informelitoral.com.ar\/?p=173462"},"modified":"2023-11-23T21:30:18","modified_gmt":"2023-11-24T00:30:18","slug":"la-sequia-continua-afectando-las-operaciones-en-entre-rios","status":"publish","type":"post","link":"https:\/\/informelitoral.com.ar\/la-sequia-continua-afectando-las-operaciones-en-entre-rios\/","title":{"rendered":"La sequ\u00eda contin\u00faa afectando las operaciones en Entre R\u00edos"},"content":{"rendered":"<p>El Programa de Incremento Exportador (PIE), conocido popularmente como \u201cd\u00f3lar soja\u201d o \u201cd\u00f3lar agro\u201d, ha sido implementado en varias ocasiones. Las primeras dos etapas abarcaron \u00fanicamente la soja, para luego incorporar otros cultivos como las econom\u00edas regionales. El ma\u00edz se sum\u00f3 a finales de julio del a\u00f1o en curso y, finalmente el 23 de octubre, mediante el Decreto 549\/2023, se extendi\u00f3 el programa a todas las exportaciones. La paridad resultante se basa en el tipo de cambio mayorista en un 70%, y el 30% restante se determina a trav\u00e9s del mercado financiero (CCL).<\/p>\n<p><img decoding=\"async\" src=\"https:\/\/www.bolsacer.org.ar\/img\/nota_20231122_grafico1.jpg\" alt=\"\" border=\"0\" \/><\/p>\n<p>Para analizar el impacto de estas medidas en los \u00faltimos meses, se utilizaron datos de las operaciones finales registradas en la base de datos de SIO-Granos desde septiembre hasta el viernes 17 de septiembre, fecha en la que finaliz\u00f3 la cotizaci\u00f3n 70-30. Estas operaciones fueron filtradas por el origen de procedencia de la mercader\u00eda, Entre R\u00edos, e incluyeron contratos de compraventa y canje, sumando las rectificaciones y restando las anulaciones. No se consideraron las operaciones de fijaci\u00f3n de precios.<\/p>\n<p>En el caso de la soja, durante el per\u00edodo analizado, se registraron cerca de 1.000 operaciones, involucrando un volumen de alrededor de 140.000 toneladas. Sin embargo, esta cifra representa una disminuci\u00f3n del 71% en comparaci\u00f3n con el mismo per\u00edodo del a\u00f1o anterior. Esta ca\u00edda est\u00e1 relacionada directamente con la disminuci\u00f3n masiva de la producci\u00f3n de soja en la provincia, consecuencia de una sequ\u00eda hist\u00f3rica experimentada a principios de a\u00f1o.<\/p>\n<p><img decoding=\"async\" src=\"https:\/\/www.bolsacer.org.ar\/img\/nota_20231122_grafico2.jpg\" alt=\"\" border=\"0\" \/><\/p>\n<p>Por otro lado, desde julio, las exportaciones de ma\u00edz estuvieron sujetas a un tipo de cambio diferencial, que luego no tuvo efecto debido a una devaluaci\u00f3n del 20% en el d\u00f3lar oficial tras las elecciones PASO (Primarias Abiertas Simult\u00e1neas y Obligatorias). Esto cambi\u00f3 nuevamente el 24 de octubre con la implementaci\u00f3n del \u201cd\u00f3lar fernet\u201d en todas las exportaciones de bienes, incluyendo ma\u00edz.<\/p>\n<p><img decoding=\"async\" src=\"https:\/\/www.bolsacer.org.ar\/img\/nota_20231122_grafico3.jpg\" alt=\"\" border=\"0\" \/><\/p>\n<p>En cuanto al trigo, noviembre ha marcado el comienzo de la cosecha en la provincia. En el per\u00edodo analizado, las operaciones superaron las 1.000, representando un aumento significativo en comparaci\u00f3n con las 800 operaciones registradas en el mismo per\u00edodo del a\u00f1o anterior. Este incremento en los negocios con el cereal, en t\u00e9rminos de volumen de mercader\u00eda, representa m\u00e1s del 70%.<\/p>\n<p><img decoding=\"async\" src=\"https:\/\/www.bolsacer.org.ar\/img\/nota_20231122_grafico4.jpg\" alt=\"\" border=\"0\" \/><\/p>\n<p>En lo que va del presente mes, la mayor parte de las negociaciones han estado impulsadas por el trigo de la nueva cosecha, representando m\u00e1s del 76% de las operaciones. Esto contrasta con el 24% restante, que pertenece a la cosecha anterior, destacando as\u00ed la predominancia de la nueva cosecha en las transacciones comerciales de la provincia.<\/p>\n","protected":false},"excerpt":{"rendered":"<p>Las toneladas de soja negociadas se encuentran un 71% por debajo del a\u00f1o anterior, es un dato que se desprende del informe elaborado por el Departamento Econ\u00f3mico de la Bolsa de Cereales de Entre R\u00edos, en el que se analizan las operaciones en el mercado agr\u00edcola en Entre R\u00edos.<\/p>\n","protected":false},"author":8,"featured_media":125194,"comment_status":"open","ping_status":"open","sticky":false,"template":"","format":"standard","meta":{"fifu_image_url":"","fifu_image_alt":"","footnotes":""},"categories":[10],"tags":[3486,3879,59],"class_list":{"0":"post-173462","1":"post","2":"type-post","3":"status-publish","4":"format-standard","5":"has-post-thumbnail","7":"category-campo","8":"tag-bolsa-de-cereales-de-entre-rios","9":"tag-dolar-soja","10":"tag-sequia"},"yoast_head":"<title>La sequ\u00eda contin\u00faa afectando las operaciones en Entre R\u00edos - Informe Litoral<\/title>\n<meta name=\"robots\" content=\"index, follow, max-snippet:-1, max-image-preview:large, max-video-preview:-1\" \/>\n<link rel=\"canonical\" href=\"https:\/\/informelitoral.com.ar\/la-sequia-continua-afectando-las-operaciones-en-entre-rios\/\" \/>\n<meta property=\"og:locale\" content=\"es_ES\" \/>\n<meta property=\"og:type\" content=\"article\" \/>\n<meta property=\"og:title\" content=\"La sequ\u00eda contin\u00faa afectando las operaciones en Entre R\u00edos - Informe Litoral\" \/>\n<meta property=\"og:description\" content=\"Las toneladas de soja negociadas se encuentran un 71% por debajo del a\u00f1o anterior, es un dato que se desprende del informe elaborado por el Departamento Econ\u00f3mico de la Bolsa de Cereales de Entre R\u00edos, en el que se analizan las operaciones en el mercado agr\u00edcola en Entre R\u00edos.\" \/>\n<meta property=\"og:url\" content=\"https:\/\/informelitoral.com.ar\/la-sequia-continua-afectando-las-operaciones-en-entre-rios\/\" \/>\n<meta property=\"og:site_name\" content=\"Informe Litoral\" \/>\n<meta property=\"article:publisher\" content=\"https:\/\/www.facebook.com\/informelitoral\/\" \/>\n<meta property=\"article:published_time\" content=\"2023-11-23T13:13:01+00:00\" \/>\n<meta property=\"article:modified_time\" content=\"2023-11-24T00:30:18+00:00\" \/>\n<meta property=\"og:image\" content=\"https:\/\/informelitoral.com.ar\/%77%70%2d%63%6f%6e%74%65%6e%74\/uploads\/2023\/03\/soja-sequia.jpg\" \/>\n\t<meta property=\"og:image:width\" content=\"600\" \/>\n\t<meta property=\"og:image:height\" content=\"400\" \/>\n\t<meta property=\"og:image:type\" content=\"image\/jpeg\" \/>\n<meta name=\"author\" content=\"Sebastian\" \/>\n<meta name=\"twitter:card\" content=\"summary_large_image\" \/>\n<meta name=\"twitter:creator\" content=\"@InformeLitoral\" \/>\n<meta name=\"twitter:site\" content=\"@InformeLitoral\" \/>\n<meta name=\"twitter:label1\" content=\"Escrito por\" \/>\n\t<meta name=\"twitter:data1\" content=\"Sebastian\" \/>\n\t<meta name=\"twitter:label2\" content=\"Tiempo de lectura\" \/>\n\t<meta name=\"twitter:data2\" content=\"2 minutos\" \/>\n<script type=\"application\/ld+json\" class=\"yoast-schema-graph\">{\"@context\":\"https:\\\/\\\/schema.org\",\"@graph\":[{\"@type\":\"Article\",\"@id\":\"https:\\\/\\\/informelitoral.com.ar\\\/la-sequia-continua-afectando-las-operaciones-en-entre-rios\\\/#article\",\"isPartOf\":{\"@id\":\"https:\\\/\\\/informelitoral.com.ar\\\/la-sequia-continua-afectando-las-operaciones-en-entre-rios\\\/\"},\"author\":{\"name\":\"Sebastian\",\"@id\":\"https:\\\/\\\/informelitoral.com.ar\\\/#\\\/schema\\\/person\\\/f05f9f461677119578717524b127d6d5\"},\"headline\":\"La sequ\u00eda contin\u00faa afectando las operaciones en Entre R\u00edos\",\"datePublished\":\"2023-11-23T13:13:01+00:00\",\"dateModified\":\"2023-11-24T00:30:18+00:00\",\"mainEntityOfPage\":{\"@id\":\"https:\\\/\\\/informelitoral.com.ar\\\/la-sequia-continua-afectando-las-operaciones-en-entre-rios\\\/\"},\"wordCount\":453,\"commentCount\":0,\"publisher\":{\"@id\":\"https:\\\/\\\/informelitoral.com.ar\\\/#organization\"},\"image\":{\"@id\":\"https:\\\/\\\/informelitoral.com.ar\\\/la-sequia-continua-afectando-las-operaciones-en-entre-rios\\\/#primaryimage\"},\"thumbnailUrl\":\"https:\\\/\\\/informelitoral.com.ar\\\/%77%70%2d%63%6f%6e%74%65%6e%74\\\/uploads\\\/2023\\\/03\\\/soja-sequia.jpg\",\"keywords\":[\"Bolsa de Cereales de Entre R\u00edos\",\"Dolar soja\",\"Sequ\u00eda\"],\"articleSection\":[\"Campo\"],\"inLanguage\":\"es\",\"potentialAction\":[{\"@type\":\"CommentAction\",\"name\":\"Comment\",\"target\":[\"https:\\\/\\\/informelitoral.com.ar\\\/la-sequia-continua-afectando-las-operaciones-en-entre-rios\\\/#respond\"]}]},{\"@type\":\"WebPage\",\"@id\":\"https:\\\/\\\/informelitoral.com.ar\\\/la-sequia-continua-afectando-las-operaciones-en-entre-rios\\\/\",\"url\":\"https:\\\/\\\/informelitoral.com.ar\\\/la-sequia-continua-afectando-las-operaciones-en-entre-rios\\\/\",\"name\":\"La sequ\u00eda contin\u00faa afectando las operaciones en Entre R\u00edos - Informe Litoral\",\"isPartOf\":{\"@id\":\"https:\\\/\\\/informelitoral.com.ar\\\/#website\"},\"primaryImageOfPage\":{\"@id\":\"https:\\\/\\\/informelitoral.com.ar\\\/la-sequia-continua-afectando-las-operaciones-en-entre-rios\\\/#primaryimage\"},\"image\":{\"@id\":\"https:\\\/\\\/informelitoral.com.ar\\\/la-sequia-continua-afectando-las-operaciones-en-entre-rios\\\/#primaryimage\"},\"thumbnailUrl\":\"https:\\\/\\\/informelitoral.com.ar\\\/%77%70%2d%63%6f%6e%74%65%6e%74\\\/uploads\\\/2023\\\/03\\\/soja-sequia.jpg\",\"datePublished\":\"2023-11-23T13:13:01+00:00\",\"dateModified\":\"2023-11-24T00:30:18+00:00\",\"breadcrumb\":{\"@id\":\"https:\\\/\\\/informelitoral.com.ar\\\/la-sequia-continua-afectando-las-operaciones-en-entre-rios\\\/#breadcrumb\"},\"inLanguage\":\"es\",\"potentialAction\":[{\"@type\":\"ReadAction\",\"target\":[\"https:\\\/\\\/informelitoral.com.ar\\\/la-sequia-continua-afectando-las-operaciones-en-entre-rios\\\/\"]}]},{\"@type\":\"ImageObject\",\"inLanguage\":\"es\",\"@id\":\"https:\\\/\\\/informelitoral.com.ar\\\/la-sequia-continua-afectando-las-operaciones-en-entre-rios\\\/#primaryimage\",\"url\":\"https:\\\/\\\/informelitoral.com.ar\\\/%77%70%2d%63%6f%6e%74%65%6e%74\\\/uploads\\\/2023\\\/03\\\/soja-sequia.jpg\",\"contentUrl\":\"https:\\\/\\\/informelitoral.com.ar\\\/%77%70%2d%63%6f%6e%74%65%6e%74\\\/uploads\\\/2023\\\/03\\\/soja-sequia.jpg\",\"width\":600,\"height\":400},{\"@type\":\"BreadcrumbList\",\"@id\":\"https:\\\/\\\/informelitoral.com.ar\\\/la-sequia-continua-afectando-las-operaciones-en-entre-rios\\\/#breadcrumb\",\"itemListElement\":[{\"@type\":\"ListItem\",\"position\":1,\"name\":\"Portada\",\"item\":\"https:\\\/\\\/informelitoral.com.ar\\\/\"},{\"@type\":\"ListItem\",\"position\":2,\"name\":\"La sequ\u00eda contin\u00faa afectando las operaciones en Entre R\u00edos\"}]},{\"@type\":\"WebSite\",\"@id\":\"https:\\\/\\\/informelitoral.com.ar\\\/#website\",\"url\":\"https:\\\/\\\/informelitoral.com.ar\\\/\",\"name\":\"Informe Litoral\",\"description\":\"&quot;Nos informamos&quot; \",\"publisher\":{\"@id\":\"https:\\\/\\\/informelitoral.com.ar\\\/#organization\"},\"potentialAction\":[{\"@type\":\"SearchAction\",\"target\":{\"@type\":\"EntryPoint\",\"urlTemplate\":\"https:\\\/\\\/informelitoral.com.ar\\\/?s={search_term_string}\"},\"query-input\":{\"@type\":\"PropertyValueSpecification\",\"valueRequired\":true,\"valueName\":\"search_term_string\"}}],\"inLanguage\":\"es\"},{\"@type\":\"Organization\",\"@id\":\"https:\\\/\\\/informelitoral.com.ar\\\/#organization\",\"name\":\"Informe Litoral\",\"url\":\"https:\\\/\\\/informelitoral.com.ar\\\/\",\"logo\":{\"@type\":\"ImageObject\",\"inLanguage\":\"es\",\"@id\":\"https:\\\/\\\/informelitoral.com.ar\\\/#\\\/schema\\\/logo\\\/image\\\/\",\"url\":\"https:\\\/\\\/informelitoral.com.ar\\\/%77%70%2d%63%6f%6e%74%65%6e%74\\\/uploads\\\/2021\\\/01\\\/circulo.png\",\"contentUrl\":\"https:\\\/\\\/informelitoral.com.ar\\\/%77%70%2d%63%6f%6e%74%65%6e%74\\\/uploads\\\/2021\\\/01\\\/circulo.png\",\"width\":723,\"height\":731,\"caption\":\"Informe Litoral\"},\"image\":{\"@id\":\"https:\\\/\\\/informelitoral.com.ar\\\/#\\\/schema\\\/logo\\\/image\\\/\"},\"sameAs\":[\"https:\\\/\\\/www.facebook.com\\\/informelitoral\\\/\",\"https:\\\/\\\/x.com\\\/InformeLitoral\",\"https:\\\/\\\/www.instagram.com\\\/informelitoral\\\/\",\"https:\\\/\\\/www.youtube.com\\\/channel\\\/UCua4Qvz8Icb6MYqhoq9xLXw\"]},{\"@type\":\"Person\",\"@id\":\"https:\\\/\\\/informelitoral.com.ar\\\/#\\\/schema\\\/person\\\/f05f9f461677119578717524b127d6d5\",\"name\":\"Sebastian\",\"image\":{\"@type\":\"ImageObject\",\"inLanguage\":\"es\",\"@id\":\"https:\\\/\\\/secure.gravatar.com\\\/avatar\\\/b71bf7481d447dfb9583c7f2798e7cc64de6efb9067b74633ed8c31059a3bd82?s=96&d=mm&r=g\",\"url\":\"https:\\\/\\\/secure.gravatar.com\\\/avatar\\\/b71bf7481d447dfb9583c7f2798e7cc64de6efb9067b74633ed8c31059a3bd82?s=96&d=mm&r=g\",\"contentUrl\":\"https:\\\/\\\/secure.gravatar.com\\\/avatar\\\/b71bf7481d447dfb9583c7f2798e7cc64de6efb9067b74633ed8c31059a3bd82?s=96&d=mm&r=g\",\"caption\":\"Sebastian\"},\"url\":\"https:\\\/\\\/informelitoral.com.ar\\\/author\\\/sebastian\\\/\"}]}<\/script>","yoast_head_json":{"title":"La sequ\u00eda contin\u00faa afectando las operaciones en Entre R\u00edos - Informe Litoral","robots":{"index":"index","follow":"follow","max-snippet":"max-snippet:-1","max-image-preview":"max-image-preview:large","max-video-preview":"max-video-preview:-1"},"canonical":"https:\/\/informelitoral.com.ar\/la-sequia-continua-afectando-las-operaciones-en-entre-rios\/","og_locale":"es_ES","og_type":"article","og_title":"La sequ\u00eda contin\u00faa afectando las operaciones en Entre R\u00edos - Informe Litoral","og_description":"Las toneladas de soja negociadas se encuentran un 71% por debajo del a\u00f1o anterior, es un dato que se desprende del informe elaborado por el Departamento Econ\u00f3mico de la Bolsa de Cereales de Entre R\u00edos, en el que se analizan las operaciones en el mercado agr\u00edcola en Entre R\u00edos.","og_url":"https:\/\/informelitoral.com.ar\/la-sequia-continua-afectando-las-operaciones-en-entre-rios\/","og_site_name":"Informe Litoral","article_publisher":"https:\/\/www.facebook.com\/informelitoral\/","article_published_time":"2023-11-23T13:13:01+00:00","article_modified_time":"2023-11-24T00:30:18+00:00","og_image":[{"width":600,"height":400,"url":"https:\/\/informelitoral.com.ar\/%77%70%2d%63%6f%6e%74%65%6e%74\/uploads\/2023\/03\/soja-sequia.jpg","type":"image\/jpeg"}],"author":"Sebastian","twitter_card":"summary_large_image","twitter_creator":"@InformeLitoral","twitter_site":"@InformeLitoral","twitter_misc":{"Escrito por":"Sebastian","Tiempo de lectura":"2 minutos"},"schema":{"@context":"https:\/\/schema.org","@graph":[{"@type":"Article","@id":"https:\/\/informelitoral.com.ar\/la-sequia-continua-afectando-las-operaciones-en-entre-rios\/#article","isPartOf":{"@id":"https:\/\/informelitoral.com.ar\/la-sequia-continua-afectando-las-operaciones-en-entre-rios\/"},"author":{"name":"Sebastian","@id":"https:\/\/informelitoral.com.ar\/#\/schema\/person\/f05f9f461677119578717524b127d6d5"},"headline":"La sequ\u00eda contin\u00faa afectando las operaciones en Entre R\u00edos","datePublished":"2023-11-23T13:13:01+00:00","dateModified":"2023-11-24T00:30:18+00:00","mainEntityOfPage":{"@id":"https:\/\/informelitoral.com.ar\/la-sequia-continua-afectando-las-operaciones-en-entre-rios\/"},"wordCount":453,"commentCount":0,"publisher":{"@id":"https:\/\/informelitoral.com.ar\/#organization"},"image":{"@id":"https:\/\/informelitoral.com.ar\/la-sequia-continua-afectando-las-operaciones-en-entre-rios\/#primaryimage"},"thumbnailUrl":"https:\/\/informelitoral.com.ar\/%77%70%2d%63%6f%6e%74%65%6e%74\/uploads\/2023\/03\/soja-sequia.jpg","keywords":["Bolsa de Cereales de Entre R\u00edos","Dolar soja","Sequ\u00eda"],"articleSection":["Campo"],"inLanguage":"es","potentialAction":[{"@type":"CommentAction","name":"Comment","target":["https:\/\/informelitoral.com.ar\/la-sequia-continua-afectando-las-operaciones-en-entre-rios\/#respond"]}]},{"@type":"WebPage","@id":"https:\/\/informelitoral.com.ar\/la-sequia-continua-afectando-las-operaciones-en-entre-rios\/","url":"https:\/\/informelitoral.com.ar\/la-sequia-continua-afectando-las-operaciones-en-entre-rios\/","name":"La sequ\u00eda contin\u00faa afectando las operaciones en Entre R\u00edos - Informe Litoral","isPartOf":{"@id":"https:\/\/informelitoral.com.ar\/#website"},"primaryImageOfPage":{"@id":"https:\/\/informelitoral.com.ar\/la-sequia-continua-afectando-las-operaciones-en-entre-rios\/#primaryimage"},"image":{"@id":"https:\/\/informelitoral.com.ar\/la-sequia-continua-afectando-las-operaciones-en-entre-rios\/#primaryimage"},"thumbnailUrl":"https:\/\/informelitoral.com.ar\/%77%70%2d%63%6f%6e%74%65%6e%74\/uploads\/2023\/03\/soja-sequia.jpg","datePublished":"2023-11-23T13:13:01+00:00","dateModified":"2023-11-24T00:30:18+00:00","breadcrumb":{"@id":"https:\/\/informelitoral.com.ar\/la-sequia-continua-afectando-las-operaciones-en-entre-rios\/#breadcrumb"},"inLanguage":"es","potentialAction":[{"@type":"ReadAction","target":["https:\/\/informelitoral.com.ar\/la-sequia-continua-afectando-las-operaciones-en-entre-rios\/"]}]},{"@type":"ImageObject","inLanguage":"es","@id":"https:\/\/informelitoral.com.ar\/la-sequia-continua-afectando-las-operaciones-en-entre-rios\/#primaryimage","url":"https:\/\/informelitoral.com.ar\/%77%70%2d%63%6f%6e%74%65%6e%74\/uploads\/2023\/03\/soja-sequia.jpg","contentUrl":"https:\/\/informelitoral.com.ar\/%77%70%2d%63%6f%6e%74%65%6e%74\/uploads\/2023\/03\/soja-sequia.jpg","width":600,"height":400},{"@type":"BreadcrumbList","@id":"https:\/\/informelitoral.com.ar\/la-sequia-continua-afectando-las-operaciones-en-entre-rios\/#breadcrumb","itemListElement":[{"@type":"ListItem","position":1,"name":"Portada","item":"https:\/\/informelitoral.com.ar\/"},{"@type":"ListItem","position":2,"name":"La sequ\u00eda contin\u00faa afectando las operaciones en Entre R\u00edos"}]},{"@type":"WebSite","@id":"https:\/\/informelitoral.com.ar\/#website","url":"https:\/\/informelitoral.com.ar\/","name":"Informe Litoral","description":"&quot;Nos informamos&quot; ","publisher":{"@id":"https:\/\/informelitoral.com.ar\/#organization"},"potentialAction":[{"@type":"SearchAction","target":{"@type":"EntryPoint","urlTemplate":"https:\/\/informelitoral.com.ar\/?s={search_term_string}"},"query-input":{"@type":"PropertyValueSpecification","valueRequired":true,"valueName":"search_term_string"}}],"inLanguage":"es"},{"@type":"Organization","@id":"https:\/\/informelitoral.com.ar\/#organization","name":"Informe Litoral","url":"https:\/\/informelitoral.com.ar\/","logo":{"@type":"ImageObject","inLanguage":"es","@id":"https:\/\/informelitoral.com.ar\/#\/schema\/logo\/image\/","url":"https:\/\/informelitoral.com.ar\/%77%70%2d%63%6f%6e%74%65%6e%74\/uploads\/2021\/01\/circulo.png","contentUrl":"https:\/\/informelitoral.com.ar\/%77%70%2d%63%6f%6e%74%65%6e%74\/uploads\/2021\/01\/circulo.png","width":723,"height":731,"caption":"Informe Litoral"},"image":{"@id":"https:\/\/informelitoral.com.ar\/#\/schema\/logo\/image\/"},"sameAs":["https:\/\/www.facebook.com\/informelitoral\/","https:\/\/x.com\/InformeLitoral","https:\/\/www.instagram.com\/informelitoral\/","https:\/\/www.youtube.com\/channel\/UCua4Qvz8Icb6MYqhoq9xLXw"]},{"@type":"Person","@id":"https:\/\/informelitoral.com.ar\/#\/schema\/person\/f05f9f461677119578717524b127d6d5","name":"Sebastian","image":{"@type":"ImageObject","inLanguage":"es","@id":"https:\/\/secure.gravatar.com\/avatar\/b71bf7481d447dfb9583c7f2798e7cc64de6efb9067b74633ed8c31059a3bd82?s=96&d=mm&r=g","url":"https:\/\/secure.gravatar.com\/avatar\/b71bf7481d447dfb9583c7f2798e7cc64de6efb9067b74633ed8c31059a3bd82?s=96&d=mm&r=g","contentUrl":"https:\/\/secure.gravatar.com\/avatar\/b71bf7481d447dfb9583c7f2798e7cc64de6efb9067b74633ed8c31059a3bd82?s=96&d=mm&r=g","caption":"Sebastian"},"url":"https:\/\/informelitoral.com.ar\/author\/sebastian\/"}]}},"_links":{"self":[{"href":"https:\/\/informelitoral.com.ar\/%77%70%2d%6a%73%6f%6e\/wp\/v2\/posts\/173462","targetHints":{"allow":["GET"]}}],"collection":[{"href":"https:\/\/informelitoral.com.ar\/%77%70%2d%6a%73%6f%6e\/wp\/v2\/posts"}],"about":[{"href":"https:\/\/informelitoral.com.ar\/%77%70%2d%6a%73%6f%6e\/wp\/v2\/types\/post"}],"author":[{"embeddable":true,"href":"https:\/\/informelitoral.com.ar\/%77%70%2d%6a%73%6f%6e\/wp\/v2\/users\/8"}],"replies":[{"embeddable":true,"href":"https:\/\/informelitoral.com.ar\/%77%70%2d%6a%73%6f%6e\/wp\/v2\/comments?post=173462"}],"version-history":[{"count":0,"href":"https:\/\/informelitoral.com.ar\/%77%70%2d%6a%73%6f%6e\/wp\/v2\/posts\/173462\/revisions"}],"wp:featuredmedia":[{"embeddable":true,"href":"https:\/\/informelitoral.com.ar\/%77%70%2d%6a%73%6f%6e\/wp\/v2\/media\/125194"}],"wp:attachment":[{"href":"https:\/\/informelitoral.com.ar\/%77%70%2d%6a%73%6f%6e\/wp\/v2\/media?parent=173462"}],"wp:term":[{"taxonomy":"category","embeddable":true,"href":"https:\/\/informelitoral.com.ar\/%77%70%2d%6a%73%6f%6e\/wp\/v2\/categories?post=173462"},{"taxonomy":"post_tag","embeddable":true,"href":"https:\/\/informelitoral.com.ar\/%77%70%2d%6a%73%6f%6e\/wp\/v2\/tags?post=173462"}],"curies":[{"name":"wp","href":"https:\/\/api.w.org\/{rel}","templated":true}]}}