{"id":173438,"date":"2023-11-23T08:58:45","date_gmt":"2023-11-23T11:58:45","guid":{"rendered":"https:\/\/www.informelitoral.com.ar\/?p=173438"},"modified":"2023-11-23T21:54:20","modified_gmt":"2023-11-24T00:54:20","slug":"sancionaron-proyectos-de-ley-de-claudia-gieco-productos-medicos-y-los-aromitos","status":"publish","type":"post","link":"https:\/\/informelitoral.com.ar\/sancionaron-proyectos-de-ley-de-claudia-gieco-productos-medicos-y-los-aromitos\/","title":{"rendered":"Sancionaron proyectos de Ley de Claudia Gieco: productos m\u00e9dicos y Los Aromitos"},"content":{"rendered":"<div id=\"mvp-content-main\" class=\"left relative\">\n<p>Se trata de la sanci\u00f3n de la Ley de Fabricaci\u00f3n de Productos M\u00e9dicos, que busca regular la fabricaci\u00f3n, producci\u00f3n y comercializaci\u00f3n de productos m\u00e9dicos en Entre R\u00edos. Por otro lado, se sancion\u00f3 la creaci\u00f3n de la reserva \u00c1rea Natural Protegida Los Aromitos, en Colonia Ensayo, departamento Diamante.<\/p>\n<p>Al t\u00e9rmino de la sesi\u00f3n, la senadora <strong>Claudia Gieco<\/strong> manifest\u00f3 su agrado por el resultado del debate legislativo. \u201cSe trata de dos proyectos en los que trabajamos muy concienzudamente, tratando de mejorar la calidad de vida con ambas ideas; por un lado la regulaci\u00f3n en la fabricaci\u00f3n, producci\u00f3n y comercializaci\u00f3n de productos m\u00e9dicos; y por el otro un nuevo espacio relacionado con la preservaci\u00f3n del ambiente, en este caso de \u00edndole privado, por lo que agradezco a todos los que han intervenido en estas ideas, apoy\u00e1ndolas, nutri\u00e9ndolas de otras miradas de manera de fortalecer nuestra tarea legislativa\u201d, dijo.<\/p>\n<p><strong>Ley de productos m\u00e9dicos<\/strong><\/p>\n<p>\u201cSobre la base de preceptos constitucionales, en donde el medicamento es un bien social b\u00e1sico, es deber del Estado regular y fiscalizar el circuito de producci\u00f3n, comercializaci\u00f3n y consumo de \u00e9stos y de los productos alimenticios, tecnolog\u00eda m\u00e9dica y acredita los servicios en salud. La ley propender\u00e1 a jerarquizar el nivel de atenci\u00f3n y mejorar la calidad de tiempo completo de los productos m\u00e9dicos, esa es la idea central\u201d, coment\u00f3 Claudia Gieco.<\/p>\n<p>La legisladora cont\u00f3 que actualmente la provincia controla los alimentos, medicamentos y parcialmente productos m\u00e9dicos descartables y algunos est\u00e9riles, pero los fabricantes de productos m\u00e9dicos que quieran radicarse o funcionan en nuestra provincia no cuentan con un marco legal que regule su actividad. Por eso, agradeci\u00f3 \u201ca todos los profesionales y colegios que participaron de la construcci\u00f3n de esta ley en la etapa de consultas, cuando el proyecto fue desarrollado, en la instancia de las reuniones de Comisi\u00f3n de ambas C\u00e1maras, donde pudieron expresar sus inquietudes\u201d.<\/p>\n<p>\u201cLos pocos fabricantes habilitados por ANMAT comercializan directamente sus productos a cualquier parte de la Argentina menos en Entre R\u00edos, donde la ley de farmacias los obliga a vender a trav\u00e9s de droguer\u00edas o farmacias, encareciendo los costos a los entrerrianos y perjudicando a los fabricantes\u201d, dijo. Y destac\u00f3: \u201cCon esta nueva ley, la salud de los entrerrianos estar\u00e1 m\u00e1s garantizada, porque brinda herramientas t\u00e9cnicas, legales y econ\u00f3micas al Estado para que poder cumplir con dicho prop\u00f3sito\u201d.<\/p>\n<p><strong>Los Aromitos<\/strong><\/p>\n<p>La legisladora diamantina coment\u00f3 que el \u00c1rea Natural Protegida Los Aromitos, es una reserva de 10 hect\u00e1reas, ubicada en Colonia Ensayo, donde funciona un emprendimiento familiar que cuenta con la producci\u00f3n y venta de vinos.<\/p>\n<p>\u201dEl establecimiento promueve desde hace algunos a\u00f1os el turismo ecoenogastron\u00f3mico, que combina eventos culturales y musicales, degustaci\u00f3n de vinos y comidas locales con un recorrido por el monte nativo, que tiene un muy buen estado de conservaci\u00f3n\u201d, detall\u00f3. El mismo cuenta con una poblaci\u00f3n de guaviy\u00fa (Myrcianthes pungens), \u00e1rbol nativo que est\u00e1 en peligro de extinci\u00f3n.<\/p>\n<figure class=\"wp-block-image size-full\"><img loading=\"lazy\" decoding=\"async\" class=\"wp-image-21279 lazy-loaded lazyautosizes ls-is-cached lazyloaded\" src=\"https:\/\/vallemarianoticias.com\/%77%70%2d%63%6f%6e%74%65%6e%74\/uploads\/2023\/11\/los-aromitos-b.jpg\" sizes=\"auto, 740px\" srcset=\"https:\/\/vallemarianoticias.com\/%77%70%2d%63%6f%6e%74%65%6e%74\/uploads\/2023\/11\/los-aromitos-b.jpg 1200w, https:\/\/vallemarianoticias.com\/%77%70%2d%63%6f%6e%74%65%6e%74\/uploads\/2023\/11\/los-aromitos-b-768x512.jpg 768w, https:\/\/vallemarianoticias.com\/%77%70%2d%63%6f%6e%74%65%6e%74\/uploads\/2023\/11\/los-aromitos-b-320x213.jpg 320w, https:\/\/vallemarianoticias.com\/%77%70%2d%63%6f%6e%74%65%6e%74\/uploads\/2023\/11\/los-aromitos-b-640x427.jpg 640w, https:\/\/vallemarianoticias.com\/%77%70%2d%63%6f%6e%74%65%6e%74\/uploads\/2023\/11\/los-aromitos-b-360x240.jpg 360w, https:\/\/vallemarianoticias.com\/%77%70%2d%63%6f%6e%74%65%6e%74\/uploads\/2023\/11\/los-aromitos-b-720x480.jpg 720w, https:\/\/vallemarianoticias.com\/%77%70%2d%63%6f%6e%74%65%6e%74\/uploads\/2023\/11\/los-aromitos-b-1080x720.jpg 1080w, https:\/\/vallemarianoticias.com\/%77%70%2d%63%6f%6e%74%65%6e%74\/uploads\/2023\/11\/los-aromitos-b-800x533.jpg 800w, https:\/\/vallemarianoticias.com\/%77%70%2d%63%6f%6e%74%65%6e%74\/uploads\/2023\/11\/los-aromitos-b-1024x683.jpg 1024w\" alt=\"\" width=\"1200\" height=\"800\" data-src=\"https:\/\/vallemarianoticias.com\/%77%70%2d%63%6f%6e%74%65%6e%74\/uploads\/2023\/11\/los-aromitos-b.jpg\" data-srcset=\"https:\/\/vallemarianoticias.com\/%77%70%2d%63%6f%6e%74%65%6e%74\/uploads\/2023\/11\/los-aromitos-b.jpg 1200w, https:\/\/vallemarianoticias.com\/%77%70%2d%63%6f%6e%74%65%6e%74\/uploads\/2023\/11\/los-aromitos-b-768x512.jpg 768w, https:\/\/vallemarianoticias.com\/%77%70%2d%63%6f%6e%74%65%6e%74\/uploads\/2023\/11\/los-aromitos-b-320x213.jpg 320w, https:\/\/vallemarianoticias.com\/%77%70%2d%63%6f%6e%74%65%6e%74\/uploads\/2023\/11\/los-aromitos-b-640x427.jpg 640w, https:\/\/vallemarianoticias.com\/%77%70%2d%63%6f%6e%74%65%6e%74\/uploads\/2023\/11\/los-aromitos-b-360x240.jpg 360w, https:\/\/vallemarianoticias.com\/%77%70%2d%63%6f%6e%74%65%6e%74\/uploads\/2023\/11\/los-aromitos-b-720x480.jpg 720w, https:\/\/vallemarianoticias.com\/%77%70%2d%63%6f%6e%74%65%6e%74\/uploads\/2023\/11\/los-aromitos-b-1080x720.jpg 1080w, https:\/\/vallemarianoticias.com\/%77%70%2d%63%6f%6e%74%65%6e%74\/uploads\/2023\/11\/los-aromitos-b-800x533.jpg 800w, https:\/\/vallemarianoticias.com\/%77%70%2d%63%6f%6e%74%65%6e%74\/uploads\/2023\/11\/los-aromitos-b-1024x683.jpg 1024w\" data-sizes=\"auto\" data-eio-rwidth=\"1200\" data-eio-rheight=\"800\" \/><\/figure>\n<p>La ley asigna al \u00e1rea la categor\u00eda de Reserva Natural de Uso M\u00faltiple de acuerdo a lo establecido en el Cap\u00edtulo VII, art\u00edculo 22 del Decreto 2609\/22 teniendo en cuenta las caracter\u00edsticas de donde est\u00e1 emplazada y el tipo de actividades que se realizan.<\/p>\n<p>\u201cDurante mi tarea legislativa puse especial \u00e9nfasis en algunos temas, y uno es el ambiental. Este tipo de acciones, obedecen a la necesidad de preservar, reconocer y hacer conocer los bienes naturales que poseemos. En ese sentido, trat\u00e1ndose de un emprendimiento privado, no puedo dejar de agradecer la gran tarea que desarrollan y la predisposici\u00f3n para hacer el espacio en que vivimos un poco m\u00e1s amigable con el ambiente\u201d, destac\u00f3.<\/p>\n<\/div>\n","protected":false},"excerpt":{"rendered":"<p>Durante la sesi\u00f3n de este mi\u00e9rcoles, la C\u00e1mara de Diputados de la Provincia, aprob\u00f3 dos\u00a0 proyectos de la senadora por el departamento Diamante, que ya ten\u00edan media sanci\u00f3n de la C\u00e1mara alta.<\/p>\n","protected":false},"author":8,"featured_media":55038,"comment_status":"open","ping_status":"open","sticky":false,"template":"","format":"standard","meta":{"fifu_image_url":"","fifu_image_alt":"","footnotes":""},"categories":[5,16],"tags":[1037,563,4031,103,492,3397],"class_list":{"0":"post-173438","1":"post","2":"type-post","3":"status-publish","4":"format-standard","5":"has-post-thumbnail","7":"category-zonales","8":"category-politi","9":"tag-claudia-gieco","10":"tag-colonia-ensayo","11":"tag-los-aromitos","12":"tag-medicamentos","13":"tag-proyecto-de-ley","14":"tag-sancion-de-ley"},"yoast_head":"<title>Sancionaron proyectos de Ley de Claudia Gieco: productos m\u00e9dicos y Los Aromitos - Informe Litoral<\/title>\n<meta name=\"robots\" content=\"index, follow, max-snippet:-1, max-image-preview:large, max-video-preview:-1\" \/>\n<link rel=\"canonical\" href=\"https:\/\/informelitoral.com.ar\/sancionaron-proyectos-de-ley-de-claudia-gieco-productos-medicos-y-los-aromitos\/\" \/>\n<meta property=\"og:locale\" content=\"es_ES\" \/>\n<meta property=\"og:type\" content=\"article\" \/>\n<meta property=\"og:title\" content=\"Sancionaron proyectos de Ley de Claudia Gieco: productos m\u00e9dicos y Los Aromitos - Informe Litoral\" \/>\n<meta property=\"og:description\" content=\"Durante la sesi\u00f3n de este mi\u00e9rcoles, la C\u00e1mara de Diputados de la Provincia, aprob\u00f3 dos\u00a0 proyectos de la senadora por el departamento Diamante, que ya ten\u00edan media sanci\u00f3n de la C\u00e1mara alta.\" \/>\n<meta property=\"og:url\" content=\"https:\/\/informelitoral.com.ar\/sancionaron-proyectos-de-ley-de-claudia-gieco-productos-medicos-y-los-aromitos\/\" \/>\n<meta property=\"og:site_name\" content=\"Informe Litoral\" \/>\n<meta property=\"article:publisher\" content=\"https:\/\/www.facebook.com\/informelitoral\/\" \/>\n<meta property=\"article:published_time\" content=\"2023-11-23T11:58:45+00:00\" \/>\n<meta property=\"article:modified_time\" content=\"2023-11-24T00:54:20+00:00\" \/>\n<meta property=\"og:image\" content=\"https:\/\/informelitoral.com.ar\/%77%70%2d%63%6f%6e%74%65%6e%74\/uploads\/2020\/12\/claudia-gieco.jpg\" \/>\n\t<meta property=\"og:image:width\" content=\"1024\" \/>\n\t<meta property=\"og:image:height\" content=\"652\" \/>\n\t<meta property=\"og:image:type\" content=\"image\/jpeg\" \/>\n<meta name=\"author\" content=\"Sebastian\" \/>\n<meta name=\"twitter:card\" content=\"summary_large_image\" \/>\n<meta name=\"twitter:creator\" content=\"@InformeLitoral\" \/>\n<meta name=\"twitter:site\" content=\"@InformeLitoral\" \/>\n<meta name=\"twitter:label1\" content=\"Escrito por\" \/>\n\t<meta name=\"twitter:data1\" content=\"Sebastian\" \/>\n\t<meta name=\"twitter:label2\" content=\"Tiempo de lectura\" \/>\n\t<meta name=\"twitter:data2\" content=\"3 minutos\" \/>\n<script type=\"application\/ld+json\" class=\"yoast-schema-graph\">{\"@context\":\"https:\\\/\\\/schema.org\",\"@graph\":[{\"@type\":\"Article\",\"@id\":\"https:\\\/\\\/informelitoral.com.ar\\\/sancionaron-proyectos-de-ley-de-claudia-gieco-productos-medicos-y-los-aromitos\\\/#article\",\"isPartOf\":{\"@id\":\"https:\\\/\\\/informelitoral.com.ar\\\/sancionaron-proyectos-de-ley-de-claudia-gieco-productos-medicos-y-los-aromitos\\\/\"},\"author\":{\"name\":\"Sebastian\",\"@id\":\"https:\\\/\\\/informelitoral.com.ar\\\/#\\\/schema\\\/person\\\/f05f9f461677119578717524b127d6d5\"},\"headline\":\"Sancionaron proyectos de Ley de Claudia Gieco: productos m\u00e9dicos y Los Aromitos\",\"datePublished\":\"2023-11-23T11:58:45+00:00\",\"dateModified\":\"2023-11-24T00:54:20+00:00\",\"mainEntityOfPage\":{\"@id\":\"https:\\\/\\\/informelitoral.com.ar\\\/sancionaron-proyectos-de-ley-de-claudia-gieco-productos-medicos-y-los-aromitos\\\/\"},\"wordCount\":657,\"commentCount\":0,\"publisher\":{\"@id\":\"https:\\\/\\\/informelitoral.com.ar\\\/#organization\"},\"image\":{\"@id\":\"https:\\\/\\\/informelitoral.com.ar\\\/sancionaron-proyectos-de-ley-de-claudia-gieco-productos-medicos-y-los-aromitos\\\/#primaryimage\"},\"thumbnailUrl\":\"https:\\\/\\\/informelitoral.com.ar\\\/%77%70%2d%63%6f%6e%74%65%6e%74\\\/uploads\\\/2020\\\/12\\\/claudia-gieco.jpg\",\"keywords\":[\"Claudia Gieco\",\"Colonia Ensayo\",\"Los Aromitos\",\"Medicamentos\",\"Proyecto de Ley\",\"Sanci\u00f3n de Ley\"],\"articleSection\":[\"Departamento Diamante\",\"Politica\"],\"inLanguage\":\"es\",\"potentialAction\":[{\"@type\":\"CommentAction\",\"name\":\"Comment\",\"target\":[\"https:\\\/\\\/informelitoral.com.ar\\\/sancionaron-proyectos-de-ley-de-claudia-gieco-productos-medicos-y-los-aromitos\\\/#respond\"]}]},{\"@type\":\"WebPage\",\"@id\":\"https:\\\/\\\/informelitoral.com.ar\\\/sancionaron-proyectos-de-ley-de-claudia-gieco-productos-medicos-y-los-aromitos\\\/\",\"url\":\"https:\\\/\\\/informelitoral.com.ar\\\/sancionaron-proyectos-de-ley-de-claudia-gieco-productos-medicos-y-los-aromitos\\\/\",\"name\":\"Sancionaron proyectos de Ley de Claudia Gieco: productos m\u00e9dicos y Los Aromitos - Informe Litoral\",\"isPartOf\":{\"@id\":\"https:\\\/\\\/informelitoral.com.ar\\\/#website\"},\"primaryImageOfPage\":{\"@id\":\"https:\\\/\\\/informelitoral.com.ar\\\/sancionaron-proyectos-de-ley-de-claudia-gieco-productos-medicos-y-los-aromitos\\\/#primaryimage\"},\"image\":{\"@id\":\"https:\\\/\\\/informelitoral.com.ar\\\/sancionaron-proyectos-de-ley-de-claudia-gieco-productos-medicos-y-los-aromitos\\\/#primaryimage\"},\"thumbnailUrl\":\"https:\\\/\\\/informelitoral.com.ar\\\/%77%70%2d%63%6f%6e%74%65%6e%74\\\/uploads\\\/2020\\\/12\\\/claudia-gieco.jpg\",\"datePublished\":\"2023-11-23T11:58:45+00:00\",\"dateModified\":\"2023-11-24T00:54:20+00:00\",\"breadcrumb\":{\"@id\":\"https:\\\/\\\/informelitoral.com.ar\\\/sancionaron-proyectos-de-ley-de-claudia-gieco-productos-medicos-y-los-aromitos\\\/#breadcrumb\"},\"inLanguage\":\"es\",\"potentialAction\":[{\"@type\":\"ReadAction\",\"target\":[\"https:\\\/\\\/informelitoral.com.ar\\\/sancionaron-proyectos-de-ley-de-claudia-gieco-productos-medicos-y-los-aromitos\\\/\"]}]},{\"@type\":\"ImageObject\",\"inLanguage\":\"es\",\"@id\":\"https:\\\/\\\/informelitoral.com.ar\\\/sancionaron-proyectos-de-ley-de-claudia-gieco-productos-medicos-y-los-aromitos\\\/#primaryimage\",\"url\":\"https:\\\/\\\/informelitoral.com.ar\\\/%77%70%2d%63%6f%6e%74%65%6e%74\\\/uploads\\\/2020\\\/12\\\/claudia-gieco.jpg\",\"contentUrl\":\"https:\\\/\\\/informelitoral.com.ar\\\/%77%70%2d%63%6f%6e%74%65%6e%74\\\/uploads\\\/2020\\\/12\\\/claudia-gieco.jpg\",\"width\":1024,\"height\":652},{\"@type\":\"BreadcrumbList\",\"@id\":\"https:\\\/\\\/informelitoral.com.ar\\\/sancionaron-proyectos-de-ley-de-claudia-gieco-productos-medicos-y-los-aromitos\\\/#breadcrumb\",\"itemListElement\":[{\"@type\":\"ListItem\",\"position\":1,\"name\":\"Portada\",\"item\":\"https:\\\/\\\/informelitoral.com.ar\\\/\"},{\"@type\":\"ListItem\",\"position\":2,\"name\":\"Sancionaron proyectos de Ley de Claudia Gieco: productos m\u00e9dicos y Los Aromitos\"}]},{\"@type\":\"WebSite\",\"@id\":\"https:\\\/\\\/informelitoral.com.ar\\\/#website\",\"url\":\"https:\\\/\\\/informelitoral.com.ar\\\/\",\"name\":\"Informe Litoral\",\"description\":\"&quot;Nos informamos&quot; \",\"publisher\":{\"@id\":\"https:\\\/\\\/informelitoral.com.ar\\\/#organization\"},\"potentialAction\":[{\"@type\":\"SearchAction\",\"target\":{\"@type\":\"EntryPoint\",\"urlTemplate\":\"https:\\\/\\\/informelitoral.com.ar\\\/?s={search_term_string}\"},\"query-input\":{\"@type\":\"PropertyValueSpecification\",\"valueRequired\":true,\"valueName\":\"search_term_string\"}}],\"inLanguage\":\"es\"},{\"@type\":\"Organization\",\"@id\":\"https:\\\/\\\/informelitoral.com.ar\\\/#organization\",\"name\":\"Informe Litoral\",\"url\":\"https:\\\/\\\/informelitoral.com.ar\\\/\",\"logo\":{\"@type\":\"ImageObject\",\"inLanguage\":\"es\",\"@id\":\"https:\\\/\\\/informelitoral.com.ar\\\/#\\\/schema\\\/logo\\\/image\\\/\",\"url\":\"https:\\\/\\\/informelitoral.com.ar\\\/%77%70%2d%63%6f%6e%74%65%6e%74\\\/uploads\\\/2021\\\/01\\\/circulo.png\",\"contentUrl\":\"https:\\\/\\\/informelitoral.com.ar\\\/%77%70%2d%63%6f%6e%74%65%6e%74\\\/uploads\\\/2021\\\/01\\\/circulo.png\",\"width\":723,\"height\":731,\"caption\":\"Informe Litoral\"},\"image\":{\"@id\":\"https:\\\/\\\/informelitoral.com.ar\\\/#\\\/schema\\\/logo\\\/image\\\/\"},\"sameAs\":[\"https:\\\/\\\/www.facebook.com\\\/informelitoral\\\/\",\"https:\\\/\\\/x.com\\\/InformeLitoral\",\"https:\\\/\\\/www.instagram.com\\\/informelitoral\\\/\",\"https:\\\/\\\/www.youtube.com\\\/channel\\\/UCua4Qvz8Icb6MYqhoq9xLXw\"]},{\"@type\":\"Person\",\"@id\":\"https:\\\/\\\/informelitoral.com.ar\\\/#\\\/schema\\\/person\\\/f05f9f461677119578717524b127d6d5\",\"name\":\"Sebastian\",\"image\":{\"@type\":\"ImageObject\",\"inLanguage\":\"es\",\"@id\":\"https:\\\/\\\/secure.gravatar.com\\\/avatar\\\/b71bf7481d447dfb9583c7f2798e7cc64de6efb9067b74633ed8c31059a3bd82?s=96&d=mm&r=g\",\"url\":\"https:\\\/\\\/secure.gravatar.com\\\/avatar\\\/b71bf7481d447dfb9583c7f2798e7cc64de6efb9067b74633ed8c31059a3bd82?s=96&d=mm&r=g\",\"contentUrl\":\"https:\\\/\\\/secure.gravatar.com\\\/avatar\\\/b71bf7481d447dfb9583c7f2798e7cc64de6efb9067b74633ed8c31059a3bd82?s=96&d=mm&r=g\",\"caption\":\"Sebastian\"},\"url\":\"https:\\\/\\\/informelitoral.com.ar\\\/author\\\/sebastian\\\/\"}]}<\/script>","yoast_head_json":{"title":"Sancionaron proyectos de Ley de Claudia Gieco: productos m\u00e9dicos y Los Aromitos - Informe Litoral","robots":{"index":"index","follow":"follow","max-snippet":"max-snippet:-1","max-image-preview":"max-image-preview:large","max-video-preview":"max-video-preview:-1"},"canonical":"https:\/\/informelitoral.com.ar\/sancionaron-proyectos-de-ley-de-claudia-gieco-productos-medicos-y-los-aromitos\/","og_locale":"es_ES","og_type":"article","og_title":"Sancionaron proyectos de Ley de Claudia Gieco: productos m\u00e9dicos y Los Aromitos - Informe Litoral","og_description":"Durante la sesi\u00f3n de este mi\u00e9rcoles, la C\u00e1mara de Diputados de la Provincia, aprob\u00f3 dos\u00a0 proyectos de la senadora por el departamento Diamante, que ya ten\u00edan media sanci\u00f3n de la C\u00e1mara alta.","og_url":"https:\/\/informelitoral.com.ar\/sancionaron-proyectos-de-ley-de-claudia-gieco-productos-medicos-y-los-aromitos\/","og_site_name":"Informe Litoral","article_publisher":"https:\/\/www.facebook.com\/informelitoral\/","article_published_time":"2023-11-23T11:58:45+00:00","article_modified_time":"2023-11-24T00:54:20+00:00","og_image":[{"width":1024,"height":652,"url":"https:\/\/informelitoral.com.ar\/%77%70%2d%63%6f%6e%74%65%6e%74\/uploads\/2020\/12\/claudia-gieco.jpg","type":"image\/jpeg"}],"author":"Sebastian","twitter_card":"summary_large_image","twitter_creator":"@InformeLitoral","twitter_site":"@InformeLitoral","twitter_misc":{"Escrito por":"Sebastian","Tiempo de lectura":"3 minutos"},"schema":{"@context":"https:\/\/schema.org","@graph":[{"@type":"Article","@id":"https:\/\/informelitoral.com.ar\/sancionaron-proyectos-de-ley-de-claudia-gieco-productos-medicos-y-los-aromitos\/#article","isPartOf":{"@id":"https:\/\/informelitoral.com.ar\/sancionaron-proyectos-de-ley-de-claudia-gieco-productos-medicos-y-los-aromitos\/"},"author":{"name":"Sebastian","@id":"https:\/\/informelitoral.com.ar\/#\/schema\/person\/f05f9f461677119578717524b127d6d5"},"headline":"Sancionaron proyectos de Ley de Claudia Gieco: productos m\u00e9dicos y Los Aromitos","datePublished":"2023-11-23T11:58:45+00:00","dateModified":"2023-11-24T00:54:20+00:00","mainEntityOfPage":{"@id":"https:\/\/informelitoral.com.ar\/sancionaron-proyectos-de-ley-de-claudia-gieco-productos-medicos-y-los-aromitos\/"},"wordCount":657,"commentCount":0,"publisher":{"@id":"https:\/\/informelitoral.com.ar\/#organization"},"image":{"@id":"https:\/\/informelitoral.com.ar\/sancionaron-proyectos-de-ley-de-claudia-gieco-productos-medicos-y-los-aromitos\/#primaryimage"},"thumbnailUrl":"https:\/\/informelitoral.com.ar\/%77%70%2d%63%6f%6e%74%65%6e%74\/uploads\/2020\/12\/claudia-gieco.jpg","keywords":["Claudia Gieco","Colonia Ensayo","Los Aromitos","Medicamentos","Proyecto de Ley","Sanci\u00f3n de Ley"],"articleSection":["Departamento Diamante","Politica"],"inLanguage":"es","potentialAction":[{"@type":"CommentAction","name":"Comment","target":["https:\/\/informelitoral.com.ar\/sancionaron-proyectos-de-ley-de-claudia-gieco-productos-medicos-y-los-aromitos\/#respond"]}]},{"@type":"WebPage","@id":"https:\/\/informelitoral.com.ar\/sancionaron-proyectos-de-ley-de-claudia-gieco-productos-medicos-y-los-aromitos\/","url":"https:\/\/informelitoral.com.ar\/sancionaron-proyectos-de-ley-de-claudia-gieco-productos-medicos-y-los-aromitos\/","name":"Sancionaron proyectos de Ley de Claudia Gieco: productos m\u00e9dicos y Los Aromitos - Informe Litoral","isPartOf":{"@id":"https:\/\/informelitoral.com.ar\/#website"},"primaryImageOfPage":{"@id":"https:\/\/informelitoral.com.ar\/sancionaron-proyectos-de-ley-de-claudia-gieco-productos-medicos-y-los-aromitos\/#primaryimage"},"image":{"@id":"https:\/\/informelitoral.com.ar\/sancionaron-proyectos-de-ley-de-claudia-gieco-productos-medicos-y-los-aromitos\/#primaryimage"},"thumbnailUrl":"https:\/\/informelitoral.com.ar\/%77%70%2d%63%6f%6e%74%65%6e%74\/uploads\/2020\/12\/claudia-gieco.jpg","datePublished":"2023-11-23T11:58:45+00:00","dateModified":"2023-11-24T00:54:20+00:00","breadcrumb":{"@id":"https:\/\/informelitoral.com.ar\/sancionaron-proyectos-de-ley-de-claudia-gieco-productos-medicos-y-los-aromitos\/#breadcrumb"},"inLanguage":"es","potentialAction":[{"@type":"ReadAction","target":["https:\/\/informelitoral.com.ar\/sancionaron-proyectos-de-ley-de-claudia-gieco-productos-medicos-y-los-aromitos\/"]}]},{"@type":"ImageObject","inLanguage":"es","@id":"https:\/\/informelitoral.com.ar\/sancionaron-proyectos-de-ley-de-claudia-gieco-productos-medicos-y-los-aromitos\/#primaryimage","url":"https:\/\/informelitoral.com.ar\/%77%70%2d%63%6f%6e%74%65%6e%74\/uploads\/2020\/12\/claudia-gieco.jpg","contentUrl":"https:\/\/informelitoral.com.ar\/%77%70%2d%63%6f%6e%74%65%6e%74\/uploads\/2020\/12\/claudia-gieco.jpg","width":1024,"height":652},{"@type":"BreadcrumbList","@id":"https:\/\/informelitoral.com.ar\/sancionaron-proyectos-de-ley-de-claudia-gieco-productos-medicos-y-los-aromitos\/#breadcrumb","itemListElement":[{"@type":"ListItem","position":1,"name":"Portada","item":"https:\/\/informelitoral.com.ar\/"},{"@type":"ListItem","position":2,"name":"Sancionaron proyectos de Ley de Claudia Gieco: productos m\u00e9dicos y Los Aromitos"}]},{"@type":"WebSite","@id":"https:\/\/informelitoral.com.ar\/#website","url":"https:\/\/informelitoral.com.ar\/","name":"Informe Litoral","description":"&quot;Nos informamos&quot; ","publisher":{"@id":"https:\/\/informelitoral.com.ar\/#organization"},"potentialAction":[{"@type":"SearchAction","target":{"@type":"EntryPoint","urlTemplate":"https:\/\/informelitoral.com.ar\/?s={search_term_string}"},"query-input":{"@type":"PropertyValueSpecification","valueRequired":true,"valueName":"search_term_string"}}],"inLanguage":"es"},{"@type":"Organization","@id":"https:\/\/informelitoral.com.ar\/#organization","name":"Informe Litoral","url":"https:\/\/informelitoral.com.ar\/","logo":{"@type":"ImageObject","inLanguage":"es","@id":"https:\/\/informelitoral.com.ar\/#\/schema\/logo\/image\/","url":"https:\/\/informelitoral.com.ar\/%77%70%2d%63%6f%6e%74%65%6e%74\/uploads\/2021\/01\/circulo.png","contentUrl":"https:\/\/informelitoral.com.ar\/%77%70%2d%63%6f%6e%74%65%6e%74\/uploads\/2021\/01\/circulo.png","width":723,"height":731,"caption":"Informe Litoral"},"image":{"@id":"https:\/\/informelitoral.com.ar\/#\/schema\/logo\/image\/"},"sameAs":["https:\/\/www.facebook.com\/informelitoral\/","https:\/\/x.com\/InformeLitoral","https:\/\/www.instagram.com\/informelitoral\/","https:\/\/www.youtube.com\/channel\/UCua4Qvz8Icb6MYqhoq9xLXw"]},{"@type":"Person","@id":"https:\/\/informelitoral.com.ar\/#\/schema\/person\/f05f9f461677119578717524b127d6d5","name":"Sebastian","image":{"@type":"ImageObject","inLanguage":"es","@id":"https:\/\/secure.gravatar.com\/avatar\/b71bf7481d447dfb9583c7f2798e7cc64de6efb9067b74633ed8c31059a3bd82?s=96&d=mm&r=g","url":"https:\/\/secure.gravatar.com\/avatar\/b71bf7481d447dfb9583c7f2798e7cc64de6efb9067b74633ed8c31059a3bd82?s=96&d=mm&r=g","contentUrl":"https:\/\/secure.gravatar.com\/avatar\/b71bf7481d447dfb9583c7f2798e7cc64de6efb9067b74633ed8c31059a3bd82?s=96&d=mm&r=g","caption":"Sebastian"},"url":"https:\/\/informelitoral.com.ar\/author\/sebastian\/"}]}},"_links":{"self":[{"href":"https:\/\/informelitoral.com.ar\/%77%70%2d%6a%73%6f%6e\/wp\/v2\/posts\/173438","targetHints":{"allow":["GET"]}}],"collection":[{"href":"https:\/\/informelitoral.com.ar\/%77%70%2d%6a%73%6f%6e\/wp\/v2\/posts"}],"about":[{"href":"https:\/\/informelitoral.com.ar\/%77%70%2d%6a%73%6f%6e\/wp\/v2\/types\/post"}],"author":[{"embeddable":true,"href":"https:\/\/informelitoral.com.ar\/%77%70%2d%6a%73%6f%6e\/wp\/v2\/users\/8"}],"replies":[{"embeddable":true,"href":"https:\/\/informelitoral.com.ar\/%77%70%2d%6a%73%6f%6e\/wp\/v2\/comments?post=173438"}],"version-history":[{"count":0,"href":"https:\/\/informelitoral.com.ar\/%77%70%2d%6a%73%6f%6e\/wp\/v2\/posts\/173438\/revisions"}],"wp:featuredmedia":[{"embeddable":true,"href":"https:\/\/informelitoral.com.ar\/%77%70%2d%6a%73%6f%6e\/wp\/v2\/media\/55038"}],"wp:attachment":[{"href":"https:\/\/informelitoral.com.ar\/%77%70%2d%6a%73%6f%6e\/wp\/v2\/media?parent=173438"}],"wp:term":[{"taxonomy":"category","embeddable":true,"href":"https:\/\/informelitoral.com.ar\/%77%70%2d%6a%73%6f%6e\/wp\/v2\/categories?post=173438"},{"taxonomy":"post_tag","embeddable":true,"href":"https:\/\/informelitoral.com.ar\/%77%70%2d%6a%73%6f%6e\/wp\/v2\/tags?post=173438"}],"curies":[{"name":"wp","href":"https:\/\/api.w.org\/{rel}","templated":true}]}}