{"id":173409,"date":"2023-11-23T08:12:55","date_gmt":"2023-11-23T11:12:55","guid":{"rendered":"https:\/\/www.informelitoral.com.ar\/?p=173409"},"modified":"2023-11-23T22:01:41","modified_gmt":"2023-11-24T01:01:41","slug":"alta-ya-empleadores-podran-dar-de-alta-a-sus-trabajadores-en-sus-celulares","status":"publish","type":"post","link":"https:\/\/informelitoral.com.ar\/alta-ya-empleadores-podran-dar-de-alta-a-sus-trabajadores-en-sus-celulares\/","title":{"rendered":"\u201cAlta YA\u201d: empleadores podr\u00e1n dar de alta a sus trabajadores en sus celulares"},"content":{"rendered":"<section class=\"texto\">Los empleadores podr\u00e1n registrar las altas de sus trabajadores con sus celulares a trav\u00e9s de la nueva opci\u00f3n \u201cAlta YA\u201d que estar\u00e1 disponible en la app Mi AFIP.La nueva funcionalidad fue formalizada por la Administraci\u00f3n Federal de Ingresos P\u00fablicos (AFIP) a trav\u00e9s de la Resoluci\u00f3n General 5448\/2023, publicada hoy en el Bolet\u00edn Oficial.<\/p>\n<p>La nueva opci\u00f3n permitir\u00e1 a los empleadores \u201ccomunicar de manera definitiva o provisoria las altas de cada uno de los trabajadores que incorporen a su n\u00f3mina de personal\u201d, a trav\u00e9s de dos m\u00f3dulos denominados \u201calta definitiva\u201d y \u201calta provisoria\u201d.<\/p>\n<p>Para acceder a esta funcionalidad, los empleadores deber\u00e1n contar con Clave Fiscal habilitada y tener actualizados sus datos en el sistema Simplificaci\u00f3n Registral, incluyendo fecha de inicio de actividad, domicilio, convenios colectivos de trabajo y obra social.<\/p>\n<p>Para el alta provisoria, bastar\u00e1 con suministrar el CUIT del empleador, CUIL del trabajador, domicilio de explotaci\u00f3n de la actividad, actividad econ\u00f3mica y fecha de inicio de la relaci\u00f3n laboral.<\/p>\n<p>Al finalizar la carga de datos, la app emitir\u00e1 una constancia del registro del mismo estilo al que ya se obtiene en el sitio web de escritorio de la AFIP<\/p>\n<p>Quienes realizaron un alta provisoria por particularidades de la actividad, tendr\u00e1n cinco d\u00edas corridos para realizar la definitiva. De lo contrario, ser\u00e1 anulado de manera autom\u00e1tica.<\/p>\n<p>Adem\u00e1s de la app Mi AFIP, los empleadores podr\u00e1n seguir realizando este tr\u00e1mite por computadora a trav\u00e9s del sitio afip.gob.ar.<\/p>\n<p>\u201cEs objetivo permanente de este organismo, simplificar y facilitar la realizaci\u00f3n de los tr\u00e1mites y procedimientos mediante la optimizaci\u00f3n de recursos tecnol\u00f3gicos que garanticen la integridad, transparencia y seguridad de la informaci\u00f3n\u201d, se\u00f1alan los considerandos.<\/p>\n<\/section>\n","protected":false},"excerpt":{"rendered":"<p>Los empleadores deber\u00e1n contar con Clave Fiscal habilitada y tener actualizados sus datos en el sistema Simplificaci\u00f3n Registral, incluyendo fecha de inicio de actividad, domicilio, convenios colectivos de trabajo y obra social.<\/p>\n","protected":false},"author":8,"featured_media":49380,"comment_status":"open","ping_status":"open","sticky":false,"template":"","format":"standard","meta":{"fifu_image_url":"","fifu_image_alt":"","footnotes":""},"categories":[1594,7],"tags":[158],"class_list":{"0":"post-173409","1":"post","2":"type-post","3":"status-publish","4":"format-standard","5":"has-post-thumbnail","7":"category-economia","8":"category-nacionales","9":"tag-afip"},"yoast_head":"<title>\u201cAlta YA\u201d: empleadores podr\u00e1n dar de alta a sus trabajadores en sus celulares - Informe Litoral<\/title>\n<meta name=\"robots\" content=\"index, follow, max-snippet:-1, max-image-preview:large, max-video-preview:-1\" \/>\n<link rel=\"canonical\" href=\"https:\/\/informelitoral.com.ar\/alta-ya-empleadores-podran-dar-de-alta-a-sus-trabajadores-en-sus-celulares\/\" \/>\n<meta property=\"og:locale\" content=\"es_ES\" \/>\n<meta property=\"og:type\" content=\"article\" \/>\n<meta property=\"og:title\" content=\"\u201cAlta YA\u201d: empleadores podr\u00e1n dar de alta a sus trabajadores en sus celulares - Informe Litoral\" \/>\n<meta property=\"og:description\" content=\"Los empleadores deber\u00e1n contar con Clave Fiscal habilitada y tener actualizados sus datos en el sistema Simplificaci\u00f3n Registral, incluyendo fecha de inicio de actividad, domicilio, convenios colectivos de trabajo y obra social.\" \/>\n<meta property=\"og:url\" content=\"https:\/\/informelitoral.com.ar\/alta-ya-empleadores-podran-dar-de-alta-a-sus-trabajadores-en-sus-celulares\/\" \/>\n<meta property=\"og:site_name\" content=\"Informe Litoral\" \/>\n<meta property=\"article:publisher\" content=\"https:\/\/www.facebook.com\/informelitoral\/\" \/>\n<meta property=\"article:published_time\" content=\"2023-11-23T11:12:55+00:00\" \/>\n<meta property=\"article:modified_time\" content=\"2023-11-24T01:01:41+00:00\" \/>\n<meta property=\"og:image\" content=\"https:\/\/informelitoral.com.ar\/%77%70%2d%63%6f%6e%74%65%6e%74\/uploads\/2020\/09\/Afip.jpg\" \/>\n\t<meta property=\"og:image:width\" content=\"1330\" \/>\n\t<meta property=\"og:image:height\" content=\"880\" \/>\n\t<meta property=\"og:image:type\" content=\"image\/jpeg\" \/>\n<meta name=\"author\" content=\"Sebastian\" \/>\n<meta name=\"twitter:card\" content=\"summary_large_image\" \/>\n<meta name=\"twitter:creator\" content=\"@InformeLitoral\" \/>\n<meta name=\"twitter:site\" content=\"@InformeLitoral\" \/>\n<meta name=\"twitter:label1\" content=\"Escrito por\" \/>\n\t<meta name=\"twitter:data1\" content=\"Sebastian\" \/>\n\t<meta name=\"twitter:label2\" content=\"Tiempo de lectura\" \/>\n\t<meta name=\"twitter:data2\" content=\"2 minutos\" \/>\n<script type=\"application\/ld+json\" class=\"yoast-schema-graph\">{\"@context\":\"https:\\\/\\\/schema.org\",\"@graph\":[{\"@type\":\"Article\",\"@id\":\"https:\\\/\\\/informelitoral.com.ar\\\/alta-ya-empleadores-podran-dar-de-alta-a-sus-trabajadores-en-sus-celulares\\\/#article\",\"isPartOf\":{\"@id\":\"https:\\\/\\\/informelitoral.com.ar\\\/alta-ya-empleadores-podran-dar-de-alta-a-sus-trabajadores-en-sus-celulares\\\/\"},\"author\":{\"name\":\"Sebastian\",\"@id\":\"https:\\\/\\\/informelitoral.com.ar\\\/#\\\/schema\\\/person\\\/f05f9f461677119578717524b127d6d5\"},\"headline\":\"\u201cAlta YA\u201d: empleadores podr\u00e1n dar de alta a sus trabajadores en sus celulares\",\"datePublished\":\"2023-11-23T11:12:55+00:00\",\"dateModified\":\"2023-11-24T01:01:41+00:00\",\"mainEntityOfPage\":{\"@id\":\"https:\\\/\\\/informelitoral.com.ar\\\/alta-ya-empleadores-podran-dar-de-alta-a-sus-trabajadores-en-sus-celulares\\\/\"},\"wordCount\":316,\"commentCount\":0,\"publisher\":{\"@id\":\"https:\\\/\\\/informelitoral.com.ar\\\/#organization\"},\"image\":{\"@id\":\"https:\\\/\\\/informelitoral.com.ar\\\/alta-ya-empleadores-podran-dar-de-alta-a-sus-trabajadores-en-sus-celulares\\\/#primaryimage\"},\"thumbnailUrl\":\"https:\\\/\\\/informelitoral.com.ar\\\/%77%70%2d%63%6f%6e%74%65%6e%74\\\/uploads\\\/2020\\\/09\\\/Afip.jpg\",\"keywords\":[\"AFIP\"],\"articleSection\":[\"Econom\u00eda\",\"Nacionales\"],\"inLanguage\":\"es\",\"potentialAction\":[{\"@type\":\"CommentAction\",\"name\":\"Comment\",\"target\":[\"https:\\\/\\\/informelitoral.com.ar\\\/alta-ya-empleadores-podran-dar-de-alta-a-sus-trabajadores-en-sus-celulares\\\/#respond\"]}]},{\"@type\":\"WebPage\",\"@id\":\"https:\\\/\\\/informelitoral.com.ar\\\/alta-ya-empleadores-podran-dar-de-alta-a-sus-trabajadores-en-sus-celulares\\\/\",\"url\":\"https:\\\/\\\/informelitoral.com.ar\\\/alta-ya-empleadores-podran-dar-de-alta-a-sus-trabajadores-en-sus-celulares\\\/\",\"name\":\"\u201cAlta YA\u201d: empleadores podr\u00e1n dar de alta a sus trabajadores en sus celulares - Informe Litoral\",\"isPartOf\":{\"@id\":\"https:\\\/\\\/informelitoral.com.ar\\\/#website\"},\"primaryImageOfPage\":{\"@id\":\"https:\\\/\\\/informelitoral.com.ar\\\/alta-ya-empleadores-podran-dar-de-alta-a-sus-trabajadores-en-sus-celulares\\\/#primaryimage\"},\"image\":{\"@id\":\"https:\\\/\\\/informelitoral.com.ar\\\/alta-ya-empleadores-podran-dar-de-alta-a-sus-trabajadores-en-sus-celulares\\\/#primaryimage\"},\"thumbnailUrl\":\"https:\\\/\\\/informelitoral.com.ar\\\/%77%70%2d%63%6f%6e%74%65%6e%74\\\/uploads\\\/2020\\\/09\\\/Afip.jpg\",\"datePublished\":\"2023-11-23T11:12:55+00:00\",\"dateModified\":\"2023-11-24T01:01:41+00:00\",\"breadcrumb\":{\"@id\":\"https:\\\/\\\/informelitoral.com.ar\\\/alta-ya-empleadores-podran-dar-de-alta-a-sus-trabajadores-en-sus-celulares\\\/#breadcrumb\"},\"inLanguage\":\"es\",\"potentialAction\":[{\"@type\":\"ReadAction\",\"target\":[\"https:\\\/\\\/informelitoral.com.ar\\\/alta-ya-empleadores-podran-dar-de-alta-a-sus-trabajadores-en-sus-celulares\\\/\"]}]},{\"@type\":\"ImageObject\",\"inLanguage\":\"es\",\"@id\":\"https:\\\/\\\/informelitoral.com.ar\\\/alta-ya-empleadores-podran-dar-de-alta-a-sus-trabajadores-en-sus-celulares\\\/#primaryimage\",\"url\":\"https:\\\/\\\/informelitoral.com.ar\\\/%77%70%2d%63%6f%6e%74%65%6e%74\\\/uploads\\\/2020\\\/09\\\/Afip.jpg\",\"contentUrl\":\"https:\\\/\\\/informelitoral.com.ar\\\/%77%70%2d%63%6f%6e%74%65%6e%74\\\/uploads\\\/2020\\\/09\\\/Afip.jpg\",\"width\":1330,\"height\":880},{\"@type\":\"BreadcrumbList\",\"@id\":\"https:\\\/\\\/informelitoral.com.ar\\\/alta-ya-empleadores-podran-dar-de-alta-a-sus-trabajadores-en-sus-celulares\\\/#breadcrumb\",\"itemListElement\":[{\"@type\":\"ListItem\",\"position\":1,\"name\":\"Portada\",\"item\":\"https:\\\/\\\/informelitoral.com.ar\\\/\"},{\"@type\":\"ListItem\",\"position\":2,\"name\":\"\u201cAlta YA\u201d: empleadores podr\u00e1n dar de alta a sus trabajadores en sus celulares\"}]},{\"@type\":\"WebSite\",\"@id\":\"https:\\\/\\\/informelitoral.com.ar\\\/#website\",\"url\":\"https:\\\/\\\/informelitoral.com.ar\\\/\",\"name\":\"Informe Litoral\",\"description\":\"&quot;Nos informamos&quot; \",\"publisher\":{\"@id\":\"https:\\\/\\\/informelitoral.com.ar\\\/#organization\"},\"potentialAction\":[{\"@type\":\"SearchAction\",\"target\":{\"@type\":\"EntryPoint\",\"urlTemplate\":\"https:\\\/\\\/informelitoral.com.ar\\\/?s={search_term_string}\"},\"query-input\":{\"@type\":\"PropertyValueSpecification\",\"valueRequired\":true,\"valueName\":\"search_term_string\"}}],\"inLanguage\":\"es\"},{\"@type\":\"Organization\",\"@id\":\"https:\\\/\\\/informelitoral.com.ar\\\/#organization\",\"name\":\"Informe Litoral\",\"url\":\"https:\\\/\\\/informelitoral.com.ar\\\/\",\"logo\":{\"@type\":\"ImageObject\",\"inLanguage\":\"es\",\"@id\":\"https:\\\/\\\/informelitoral.com.ar\\\/#\\\/schema\\\/logo\\\/image\\\/\",\"url\":\"https:\\\/\\\/informelitoral.com.ar\\\/%77%70%2d%63%6f%6e%74%65%6e%74\\\/uploads\\\/2021\\\/01\\\/circulo.png\",\"contentUrl\":\"https:\\\/\\\/informelitoral.com.ar\\\/%77%70%2d%63%6f%6e%74%65%6e%74\\\/uploads\\\/2021\\\/01\\\/circulo.png\",\"width\":723,\"height\":731,\"caption\":\"Informe Litoral\"},\"image\":{\"@id\":\"https:\\\/\\\/informelitoral.com.ar\\\/#\\\/schema\\\/logo\\\/image\\\/\"},\"sameAs\":[\"https:\\\/\\\/www.facebook.com\\\/informelitoral\\\/\",\"https:\\\/\\\/x.com\\\/InformeLitoral\",\"https:\\\/\\\/www.instagram.com\\\/informelitoral\\\/\",\"https:\\\/\\\/www.youtube.com\\\/channel\\\/UCua4Qvz8Icb6MYqhoq9xLXw\"]},{\"@type\":\"Person\",\"@id\":\"https:\\\/\\\/informelitoral.com.ar\\\/#\\\/schema\\\/person\\\/f05f9f461677119578717524b127d6d5\",\"name\":\"Sebastian\",\"image\":{\"@type\":\"ImageObject\",\"inLanguage\":\"es\",\"@id\":\"https:\\\/\\\/secure.gravatar.com\\\/avatar\\\/b71bf7481d447dfb9583c7f2798e7cc64de6efb9067b74633ed8c31059a3bd82?s=96&d=mm&r=g\",\"url\":\"https:\\\/\\\/secure.gravatar.com\\\/avatar\\\/b71bf7481d447dfb9583c7f2798e7cc64de6efb9067b74633ed8c31059a3bd82?s=96&d=mm&r=g\",\"contentUrl\":\"https:\\\/\\\/secure.gravatar.com\\\/avatar\\\/b71bf7481d447dfb9583c7f2798e7cc64de6efb9067b74633ed8c31059a3bd82?s=96&d=mm&r=g\",\"caption\":\"Sebastian\"},\"url\":\"https:\\\/\\\/informelitoral.com.ar\\\/author\\\/sebastian\\\/\"}]}<\/script>","yoast_head_json":{"title":"\u201cAlta YA\u201d: empleadores podr\u00e1n dar de alta a sus trabajadores en sus celulares - Informe Litoral","robots":{"index":"index","follow":"follow","max-snippet":"max-snippet:-1","max-image-preview":"max-image-preview:large","max-video-preview":"max-video-preview:-1"},"canonical":"https:\/\/informelitoral.com.ar\/alta-ya-empleadores-podran-dar-de-alta-a-sus-trabajadores-en-sus-celulares\/","og_locale":"es_ES","og_type":"article","og_title":"\u201cAlta YA\u201d: empleadores podr\u00e1n dar de alta a sus trabajadores en sus celulares - Informe Litoral","og_description":"Los empleadores deber\u00e1n contar con Clave Fiscal habilitada y tener actualizados sus datos en el sistema Simplificaci\u00f3n Registral, incluyendo fecha de inicio de actividad, domicilio, convenios colectivos de trabajo y obra social.","og_url":"https:\/\/informelitoral.com.ar\/alta-ya-empleadores-podran-dar-de-alta-a-sus-trabajadores-en-sus-celulares\/","og_site_name":"Informe Litoral","article_publisher":"https:\/\/www.facebook.com\/informelitoral\/","article_published_time":"2023-11-23T11:12:55+00:00","article_modified_time":"2023-11-24T01:01:41+00:00","og_image":[{"width":1330,"height":880,"url":"https:\/\/informelitoral.com.ar\/%77%70%2d%63%6f%6e%74%65%6e%74\/uploads\/2020\/09\/Afip.jpg","type":"image\/jpeg"}],"author":"Sebastian","twitter_card":"summary_large_image","twitter_creator":"@InformeLitoral","twitter_site":"@InformeLitoral","twitter_misc":{"Escrito por":"Sebastian","Tiempo de lectura":"2 minutos"},"schema":{"@context":"https:\/\/schema.org","@graph":[{"@type":"Article","@id":"https:\/\/informelitoral.com.ar\/alta-ya-empleadores-podran-dar-de-alta-a-sus-trabajadores-en-sus-celulares\/#article","isPartOf":{"@id":"https:\/\/informelitoral.com.ar\/alta-ya-empleadores-podran-dar-de-alta-a-sus-trabajadores-en-sus-celulares\/"},"author":{"name":"Sebastian","@id":"https:\/\/informelitoral.com.ar\/#\/schema\/person\/f05f9f461677119578717524b127d6d5"},"headline":"\u201cAlta YA\u201d: empleadores podr\u00e1n dar de alta a sus trabajadores en sus celulares","datePublished":"2023-11-23T11:12:55+00:00","dateModified":"2023-11-24T01:01:41+00:00","mainEntityOfPage":{"@id":"https:\/\/informelitoral.com.ar\/alta-ya-empleadores-podran-dar-de-alta-a-sus-trabajadores-en-sus-celulares\/"},"wordCount":316,"commentCount":0,"publisher":{"@id":"https:\/\/informelitoral.com.ar\/#organization"},"image":{"@id":"https:\/\/informelitoral.com.ar\/alta-ya-empleadores-podran-dar-de-alta-a-sus-trabajadores-en-sus-celulares\/#primaryimage"},"thumbnailUrl":"https:\/\/informelitoral.com.ar\/%77%70%2d%63%6f%6e%74%65%6e%74\/uploads\/2020\/09\/Afip.jpg","keywords":["AFIP"],"articleSection":["Econom\u00eda","Nacionales"],"inLanguage":"es","potentialAction":[{"@type":"CommentAction","name":"Comment","target":["https:\/\/informelitoral.com.ar\/alta-ya-empleadores-podran-dar-de-alta-a-sus-trabajadores-en-sus-celulares\/#respond"]}]},{"@type":"WebPage","@id":"https:\/\/informelitoral.com.ar\/alta-ya-empleadores-podran-dar-de-alta-a-sus-trabajadores-en-sus-celulares\/","url":"https:\/\/informelitoral.com.ar\/alta-ya-empleadores-podran-dar-de-alta-a-sus-trabajadores-en-sus-celulares\/","name":"\u201cAlta YA\u201d: empleadores podr\u00e1n dar de alta a sus trabajadores en sus celulares - Informe Litoral","isPartOf":{"@id":"https:\/\/informelitoral.com.ar\/#website"},"primaryImageOfPage":{"@id":"https:\/\/informelitoral.com.ar\/alta-ya-empleadores-podran-dar-de-alta-a-sus-trabajadores-en-sus-celulares\/#primaryimage"},"image":{"@id":"https:\/\/informelitoral.com.ar\/alta-ya-empleadores-podran-dar-de-alta-a-sus-trabajadores-en-sus-celulares\/#primaryimage"},"thumbnailUrl":"https:\/\/informelitoral.com.ar\/%77%70%2d%63%6f%6e%74%65%6e%74\/uploads\/2020\/09\/Afip.jpg","datePublished":"2023-11-23T11:12:55+00:00","dateModified":"2023-11-24T01:01:41+00:00","breadcrumb":{"@id":"https:\/\/informelitoral.com.ar\/alta-ya-empleadores-podran-dar-de-alta-a-sus-trabajadores-en-sus-celulares\/#breadcrumb"},"inLanguage":"es","potentialAction":[{"@type":"ReadAction","target":["https:\/\/informelitoral.com.ar\/alta-ya-empleadores-podran-dar-de-alta-a-sus-trabajadores-en-sus-celulares\/"]}]},{"@type":"ImageObject","inLanguage":"es","@id":"https:\/\/informelitoral.com.ar\/alta-ya-empleadores-podran-dar-de-alta-a-sus-trabajadores-en-sus-celulares\/#primaryimage","url":"https:\/\/informelitoral.com.ar\/%77%70%2d%63%6f%6e%74%65%6e%74\/uploads\/2020\/09\/Afip.jpg","contentUrl":"https:\/\/informelitoral.com.ar\/%77%70%2d%63%6f%6e%74%65%6e%74\/uploads\/2020\/09\/Afip.jpg","width":1330,"height":880},{"@type":"BreadcrumbList","@id":"https:\/\/informelitoral.com.ar\/alta-ya-empleadores-podran-dar-de-alta-a-sus-trabajadores-en-sus-celulares\/#breadcrumb","itemListElement":[{"@type":"ListItem","position":1,"name":"Portada","item":"https:\/\/informelitoral.com.ar\/"},{"@type":"ListItem","position":2,"name":"\u201cAlta YA\u201d: empleadores podr\u00e1n dar de alta a sus trabajadores en sus celulares"}]},{"@type":"WebSite","@id":"https:\/\/informelitoral.com.ar\/#website","url":"https:\/\/informelitoral.com.ar\/","name":"Informe Litoral","description":"&quot;Nos informamos&quot; ","publisher":{"@id":"https:\/\/informelitoral.com.ar\/#organization"},"potentialAction":[{"@type":"SearchAction","target":{"@type":"EntryPoint","urlTemplate":"https:\/\/informelitoral.com.ar\/?s={search_term_string}"},"query-input":{"@type":"PropertyValueSpecification","valueRequired":true,"valueName":"search_term_string"}}],"inLanguage":"es"},{"@type":"Organization","@id":"https:\/\/informelitoral.com.ar\/#organization","name":"Informe Litoral","url":"https:\/\/informelitoral.com.ar\/","logo":{"@type":"ImageObject","inLanguage":"es","@id":"https:\/\/informelitoral.com.ar\/#\/schema\/logo\/image\/","url":"https:\/\/informelitoral.com.ar\/%77%70%2d%63%6f%6e%74%65%6e%74\/uploads\/2021\/01\/circulo.png","contentUrl":"https:\/\/informelitoral.com.ar\/%77%70%2d%63%6f%6e%74%65%6e%74\/uploads\/2021\/01\/circulo.png","width":723,"height":731,"caption":"Informe Litoral"},"image":{"@id":"https:\/\/informelitoral.com.ar\/#\/schema\/logo\/image\/"},"sameAs":["https:\/\/www.facebook.com\/informelitoral\/","https:\/\/x.com\/InformeLitoral","https:\/\/www.instagram.com\/informelitoral\/","https:\/\/www.youtube.com\/channel\/UCua4Qvz8Icb6MYqhoq9xLXw"]},{"@type":"Person","@id":"https:\/\/informelitoral.com.ar\/#\/schema\/person\/f05f9f461677119578717524b127d6d5","name":"Sebastian","image":{"@type":"ImageObject","inLanguage":"es","@id":"https:\/\/secure.gravatar.com\/avatar\/b71bf7481d447dfb9583c7f2798e7cc64de6efb9067b74633ed8c31059a3bd82?s=96&d=mm&r=g","url":"https:\/\/secure.gravatar.com\/avatar\/b71bf7481d447dfb9583c7f2798e7cc64de6efb9067b74633ed8c31059a3bd82?s=96&d=mm&r=g","contentUrl":"https:\/\/secure.gravatar.com\/avatar\/b71bf7481d447dfb9583c7f2798e7cc64de6efb9067b74633ed8c31059a3bd82?s=96&d=mm&r=g","caption":"Sebastian"},"url":"https:\/\/informelitoral.com.ar\/author\/sebastian\/"}]}},"_links":{"self":[{"href":"https:\/\/informelitoral.com.ar\/%77%70%2d%6a%73%6f%6e\/wp\/v2\/posts\/173409","targetHints":{"allow":["GET"]}}],"collection":[{"href":"https:\/\/informelitoral.com.ar\/%77%70%2d%6a%73%6f%6e\/wp\/v2\/posts"}],"about":[{"href":"https:\/\/informelitoral.com.ar\/%77%70%2d%6a%73%6f%6e\/wp\/v2\/types\/post"}],"author":[{"embeddable":true,"href":"https:\/\/informelitoral.com.ar\/%77%70%2d%6a%73%6f%6e\/wp\/v2\/users\/8"}],"replies":[{"embeddable":true,"href":"https:\/\/informelitoral.com.ar\/%77%70%2d%6a%73%6f%6e\/wp\/v2\/comments?post=173409"}],"version-history":[{"count":0,"href":"https:\/\/informelitoral.com.ar\/%77%70%2d%6a%73%6f%6e\/wp\/v2\/posts\/173409\/revisions"}],"wp:featuredmedia":[{"embeddable":true,"href":"https:\/\/informelitoral.com.ar\/%77%70%2d%6a%73%6f%6e\/wp\/v2\/media\/49380"}],"wp:attachment":[{"href":"https:\/\/informelitoral.com.ar\/%77%70%2d%6a%73%6f%6e\/wp\/v2\/media?parent=173409"}],"wp:term":[{"taxonomy":"category","embeddable":true,"href":"https:\/\/informelitoral.com.ar\/%77%70%2d%6a%73%6f%6e\/wp\/v2\/categories?post=173409"},{"taxonomy":"post_tag","embeddable":true,"href":"https:\/\/informelitoral.com.ar\/%77%70%2d%6a%73%6f%6e\/wp\/v2\/tags?post=173409"}],"curies":[{"name":"wp","href":"https:\/\/api.w.org\/{rel}","templated":true}]}}