{"id":17340,"date":"2016-07-22T08:23:46","date_gmt":"2016-07-22T11:23:46","guid":{"rendered":"http:\/\/www.isletasnoticias.com.ar\/?p=17340"},"modified":"2016-07-22T08:23:46","modified_gmt":"2016-07-22T11:23:46","slug":"recrudece-la-polemica-por-el-estado-de-los-caminos-entrerrianos","status":"publish","type":"post","link":"https:\/\/informelitoral.com.ar\/recrudece-la-polemica-por-el-estado-de-los-caminos-entrerrianos\/","title":{"rendered":"Recrudece la pol\u00e9mica por el estado de los caminos entrerrianos"},"content":{"rendered":"<p><strong>Desde la federaci\u00f3n que agrupa a ruralistas aseguran que el 80% est\u00e1 en malas condiciones. Vialidad Provincial dice todo lo contrario y su titular afirma que en el organismo \u00abno hay ning\u00fan cargo pol\u00edtico\u00bb.<a href=\"http:\/\/www.isletasnoticias.com.ar\/%77%70%2d%63%6f%6e%74%65%6e%74\/uploads\/2016\/07\/o_1469051574.jpg\"><img loading=\"lazy\" decoding=\"async\" class=\"aligncenter wp-image-17341 size-full\" src=\"http:\/\/www.isletasnoticias.com.ar\/%77%70%2d%63%6f%6e%74%65%6e%74\/uploads\/2016\/07\/o_1469051574.jpg\" alt=\"o_1469051574\" width=\"640\" height=\"360\" srcset=\"https:\/\/informelitoral.com.ar\/%77%70%2d%63%6f%6e%74%65%6e%74\/uploads\/2016\/07\/o_1469051574.jpg 640w, https:\/\/informelitoral.com.ar\/%77%70%2d%63%6f%6e%74%65%6e%74\/uploads\/2016\/07\/o_1469051574-300x169.jpg 300w\" sizes=\"auto, (max-width: 640px) 100vw, 640px\" \/><\/a><\/strong><\/p>\n<p>Los cruces por el estado de los caminos rurales de la provincia contin\u00faan. Luego de que la Sociedad Rural de La Paz decidiera no invitar a Gustavo Bordet a su exposici\u00f3n, alegando la mala condici\u00f3n de las rutas de la producci\u00f3n entrerriana y apuntando fuerte contra la Direcci\u00f3n Provincial de Vialidad -situaci\u00f3n que el Gobernador esquiv\u00f3 sutilmente\u2013 los que sumaron su voz a la pol\u00e9mica son el vicepresidente de la Confederaci\u00f3n Rurales de Argentina de Entre R\u00edos \u2013Farer-,Jorge Chemes, y el jefe de la DPV, Juan Carlos Lallana.<\/p>\n<p>\u00abEs una situaci\u00f3n sumamente dram\u00e1tica, precisamos recomponer el 80% de la red vial. Y no vemos la capacidad desde la DPV para avanzar en el tema\u00bb sostuvo Chemes. El ruralista agreg\u00f3 que \u00abhay que repensar un sistema vial agropecuario diferente. Tenemos caminos de hace 50 a\u00f1os y una realidad productiva diferente, es decir, nunca se acutalizaron las rutas\u00bb.<\/p>\n<section class=\"texto\">Chemes remarc\u00f3 que, si bien el Estado los escucha, no ven una soluci\u00f3n en el corto plazo: \u00abVemos que la DPV con las m\u00e1quinas que tiene y la forma en la que trabaja es dif\u00edcil que pueda resolver algo. Nosotros necesitamos nuevos consensos que permitan que sea el productor el que se haga cargo de los caminos\u00bb.<\/p>\n<p>Para finalizar, el funcionario de Farer subray\u00f3 que, si bien est\u00e1 de acuerdo con la visi\u00f3n en torno a la red vial que sostiene la SRA, no comparte su decisi\u00f3n de no invitar a Bordet a su exposici\u00f3n: \u00abTendr\u00eda que haber ido. Y en todo caso hacerle ah\u00ed los planteos. Este gobierno nos ha abierto las puertas y se ha abierto al di\u00e1logo con el sector agropecuario, situaci\u00f3n que antes no ocurr\u00eda.<\/p>\n<p>Lallana, por su parte, desestim\u00f3 el porcentaje lanzado por Chemes, aludiendo justamente lo contrario: \u00abTenemos el 85% de los caminos recuperados, en \u00f3ptimas condiciones\u00bb.<\/p>\n<p>El funcionario apunt\u00f3 adem\u00e1s: \u00abDespu\u00e9s de las lluvias hubo 23.600 kil\u00f3metros de caminos secundarios y terciarios que salimos a mejorar. Y lo hicimos con fondos propios. Porque ac\u00e1 no lleg\u00f3 ning\u00fan peso de lo que prometi\u00f3 la Naci\u00f3n\u00bb.<\/p>\n<p>Por \u00faltimo, Lallana contest\u00f3 las acusaciones de la SRA de La Paz en torno a la capacidad de los funcionarios de Vialidad: \u00abLamento que est\u00e9n desinformados. Los funcionarios de la DPV son trabajadores de carrera. No hay ning\u00fan cargo pol\u00edtico\u00bb. <em>(<span class=\"fuente\">9 Ahora)<\/span><\/em><\/section>\n","protected":false},"excerpt":{"rendered":"<p>Desde la federaci&oacute;n que agrupa a ruralistas aseguran que el 80% est&aacute; en malas condiciones. Vialidad Provincial dice todo lo contrario y su titular afirma que en el organismo &laquo;no hay ning&uacute;n cargo pol&iacute;tico&raquo;. Los cruces por el estado de los caminos rurales de la provincia contin&uacute;an. Luego de que la Sociedad Rural de La [&hellip;]<\/p>\n","protected":false},"author":2,"featured_media":0,"comment_status":"open","ping_status":"open","sticky":false,"template":"","format":"standard","meta":{"fifu_image_url":"","fifu_image_alt":"","footnotes":""},"categories":[10,6],"tags":[],"class_list":{"0":"post-17340","1":"post","2":"type-post","3":"status-publish","4":"format-standard","6":"category-campo","7":"category-entre-rios"},"yoast_head":"<title>Recrudece la pol\u00e9mica por el estado de los caminos entrerrianos - Informe Litoral<\/title>\n<meta name=\"robots\" content=\"index, follow, max-snippet:-1, max-image-preview:large, max-video-preview:-1\" \/>\n<link rel=\"canonical\" href=\"https:\/\/informelitoral.com.ar\/recrudece-la-polemica-por-el-estado-de-los-caminos-entrerrianos\/\" \/>\n<meta property=\"og:locale\" content=\"es_ES\" \/>\n<meta property=\"og:type\" content=\"article\" \/>\n<meta property=\"og:title\" content=\"Recrudece la pol\u00e9mica por el estado de los caminos entrerrianos - Informe Litoral\" \/>\n<meta property=\"og:description\" content=\"Desde la federaci&oacute;n que agrupa a ruralistas aseguran que el 80% est&aacute; en malas condiciones. Vialidad Provincial dice todo lo contrario y su titular afirma que en el organismo &laquo;no hay ning&uacute;n cargo pol&iacute;tico&raquo;. Los cruces por el estado de los caminos rurales de la provincia contin&uacute;an. Luego de que la Sociedad Rural de La [&hellip;]\" \/>\n<meta property=\"og:url\" content=\"https:\/\/informelitoral.com.ar\/recrudece-la-polemica-por-el-estado-de-los-caminos-entrerrianos\/\" \/>\n<meta property=\"og:site_name\" content=\"Informe Litoral\" \/>\n<meta property=\"article:publisher\" content=\"https:\/\/www.facebook.com\/informelitoral\/\" \/>\n<meta property=\"article:published_time\" content=\"2016-07-22T11:23:46+00:00\" \/>\n<meta property=\"og:image\" content=\"https:\/\/informelitoral.com.ar\/%77%70%2d%63%6f%6e%74%65%6e%74\/uploads\/2016\/07\/o_1469051574.jpg\" \/>\n\t<meta property=\"og:image:width\" content=\"640\" \/>\n\t<meta property=\"og:image:height\" content=\"360\" \/>\n\t<meta property=\"og:image:type\" content=\"image\/jpeg\" \/>\n<meta name=\"author\" content=\"Gonzalo Schmidt\" \/>\n<meta name=\"twitter:card\" content=\"summary_large_image\" \/>\n<meta name=\"twitter:creator\" content=\"@InformeLitoral\" \/>\n<meta name=\"twitter:site\" content=\"@InformeLitoral\" \/>\n<meta name=\"twitter:label1\" content=\"Escrito por\" \/>\n\t<meta name=\"twitter:data1\" content=\"Gonzalo Schmidt\" \/>\n\t<meta name=\"twitter:label2\" content=\"Tiempo de lectura\" \/>\n\t<meta name=\"twitter:data2\" content=\"2 minutos\" \/>\n<script type=\"application\/ld+json\" class=\"yoast-schema-graph\">{\"@context\":\"https:\\\/\\\/schema.org\",\"@graph\":[{\"@type\":\"Article\",\"@id\":\"https:\\\/\\\/informelitoral.com.ar\\\/recrudece-la-polemica-por-el-estado-de-los-caminos-entrerrianos\\\/#article\",\"isPartOf\":{\"@id\":\"https:\\\/\\\/informelitoral.com.ar\\\/recrudece-la-polemica-por-el-estado-de-los-caminos-entrerrianos\\\/\"},\"author\":{\"name\":\"Gonzalo Schmidt\",\"@id\":\"https:\\\/\\\/informelitoral.com.ar\\\/#\\\/schema\\\/person\\\/b9d00407c836482871ef1d57bf8e3180\"},\"headline\":\"Recrudece la pol\u00e9mica por el estado de los caminos entrerrianos\",\"datePublished\":\"2016-07-22T11:23:46+00:00\",\"mainEntityOfPage\":{\"@id\":\"https:\\\/\\\/informelitoral.com.ar\\\/recrudece-la-polemica-por-el-estado-de-los-caminos-entrerrianos\\\/\"},\"wordCount\":452,\"commentCount\":0,\"publisher\":{\"@id\":\"https:\\\/\\\/informelitoral.com.ar\\\/#organization\"},\"image\":{\"@id\":\"https:\\\/\\\/informelitoral.com.ar\\\/recrudece-la-polemica-por-el-estado-de-los-caminos-entrerrianos\\\/#primaryimage\"},\"thumbnailUrl\":\"http:\\\/\\\/www.isletasnoticias.com.ar\\\/%77%70%2d%63%6f%6e%74%65%6e%74\\\/uploads\\\/2016\\\/07\\\/o_1469051574.jpg\",\"articleSection\":[\"Campo\",\"Entre R\u00edos\"],\"inLanguage\":\"es\",\"potentialAction\":[{\"@type\":\"CommentAction\",\"name\":\"Comment\",\"target\":[\"https:\\\/\\\/informelitoral.com.ar\\\/recrudece-la-polemica-por-el-estado-de-los-caminos-entrerrianos\\\/#respond\"]}]},{\"@type\":\"WebPage\",\"@id\":\"https:\\\/\\\/informelitoral.com.ar\\\/recrudece-la-polemica-por-el-estado-de-los-caminos-entrerrianos\\\/\",\"url\":\"https:\\\/\\\/informelitoral.com.ar\\\/recrudece-la-polemica-por-el-estado-de-los-caminos-entrerrianos\\\/\",\"name\":\"Recrudece la pol\u00e9mica por el estado de los caminos entrerrianos - Informe Litoral\",\"isPartOf\":{\"@id\":\"https:\\\/\\\/informelitoral.com.ar\\\/#website\"},\"primaryImageOfPage\":{\"@id\":\"https:\\\/\\\/informelitoral.com.ar\\\/recrudece-la-polemica-por-el-estado-de-los-caminos-entrerrianos\\\/#primaryimage\"},\"image\":{\"@id\":\"https:\\\/\\\/informelitoral.com.ar\\\/recrudece-la-polemica-por-el-estado-de-los-caminos-entrerrianos\\\/#primaryimage\"},\"thumbnailUrl\":\"http:\\\/\\\/www.isletasnoticias.com.ar\\\/%77%70%2d%63%6f%6e%74%65%6e%74\\\/uploads\\\/2016\\\/07\\\/o_1469051574.jpg\",\"datePublished\":\"2016-07-22T11:23:46+00:00\",\"breadcrumb\":{\"@id\":\"https:\\\/\\\/informelitoral.com.ar\\\/recrudece-la-polemica-por-el-estado-de-los-caminos-entrerrianos\\\/#breadcrumb\"},\"inLanguage\":\"es\",\"potentialAction\":[{\"@type\":\"ReadAction\",\"target\":[\"https:\\\/\\\/informelitoral.com.ar\\\/recrudece-la-polemica-por-el-estado-de-los-caminos-entrerrianos\\\/\"]}]},{\"@type\":\"ImageObject\",\"inLanguage\":\"es\",\"@id\":\"https:\\\/\\\/informelitoral.com.ar\\\/recrudece-la-polemica-por-el-estado-de-los-caminos-entrerrianos\\\/#primaryimage\",\"url\":\"http:\\\/\\\/www.isletasnoticias.com.ar\\\/%77%70%2d%63%6f%6e%74%65%6e%74\\\/uploads\\\/2016\\\/07\\\/o_1469051574.jpg\",\"contentUrl\":\"http:\\\/\\\/www.isletasnoticias.com.ar\\\/%77%70%2d%63%6f%6e%74%65%6e%74\\\/uploads\\\/2016\\\/07\\\/o_1469051574.jpg\"},{\"@type\":\"BreadcrumbList\",\"@id\":\"https:\\\/\\\/informelitoral.com.ar\\\/recrudece-la-polemica-por-el-estado-de-los-caminos-entrerrianos\\\/#breadcrumb\",\"itemListElement\":[{\"@type\":\"ListItem\",\"position\":1,\"name\":\"Portada\",\"item\":\"https:\\\/\\\/informelitoral.com.ar\\\/\"},{\"@type\":\"ListItem\",\"position\":2,\"name\":\"Recrudece la pol\u00e9mica por el estado de los caminos entrerrianos\"}]},{\"@type\":\"WebSite\",\"@id\":\"https:\\\/\\\/informelitoral.com.ar\\\/#website\",\"url\":\"https:\\\/\\\/informelitoral.com.ar\\\/\",\"name\":\"Informe Litoral\",\"description\":\"&quot;Nos informamos&quot; \",\"publisher\":{\"@id\":\"https:\\\/\\\/informelitoral.com.ar\\\/#organization\"},\"potentialAction\":[{\"@type\":\"SearchAction\",\"target\":{\"@type\":\"EntryPoint\",\"urlTemplate\":\"https:\\\/\\\/informelitoral.com.ar\\\/?s={search_term_string}\"},\"query-input\":{\"@type\":\"PropertyValueSpecification\",\"valueRequired\":true,\"valueName\":\"search_term_string\"}}],\"inLanguage\":\"es\"},{\"@type\":\"Organization\",\"@id\":\"https:\\\/\\\/informelitoral.com.ar\\\/#organization\",\"name\":\"Informe Litoral\",\"url\":\"https:\\\/\\\/informelitoral.com.ar\\\/\",\"logo\":{\"@type\":\"ImageObject\",\"inLanguage\":\"es\",\"@id\":\"https:\\\/\\\/informelitoral.com.ar\\\/#\\\/schema\\\/logo\\\/image\\\/\",\"url\":\"https:\\\/\\\/informelitoral.com.ar\\\/%77%70%2d%63%6f%6e%74%65%6e%74\\\/uploads\\\/2021\\\/01\\\/circulo.png\",\"contentUrl\":\"https:\\\/\\\/informelitoral.com.ar\\\/%77%70%2d%63%6f%6e%74%65%6e%74\\\/uploads\\\/2021\\\/01\\\/circulo.png\",\"width\":723,\"height\":731,\"caption\":\"Informe Litoral\"},\"image\":{\"@id\":\"https:\\\/\\\/informelitoral.com.ar\\\/#\\\/schema\\\/logo\\\/image\\\/\"},\"sameAs\":[\"https:\\\/\\\/www.facebook.com\\\/informelitoral\\\/\",\"https:\\\/\\\/x.com\\\/InformeLitoral\",\"https:\\\/\\\/www.instagram.com\\\/informelitoral\\\/\",\"https:\\\/\\\/www.youtube.com\\\/channel\\\/UCua4Qvz8Icb6MYqhoq9xLXw\"]},{\"@type\":\"Person\",\"@id\":\"https:\\\/\\\/informelitoral.com.ar\\\/#\\\/schema\\\/person\\\/b9d00407c836482871ef1d57bf8e3180\",\"name\":\"Gonzalo Schmidt\",\"image\":{\"@type\":\"ImageObject\",\"inLanguage\":\"es\",\"@id\":\"https:\\\/\\\/secure.gravatar.com\\\/avatar\\\/31a1a7b66ff2de83bd0e9fd79d026630d2d99e55e8bfe501287647b4fd9743de?s=96&d=mm&r=g\",\"url\":\"https:\\\/\\\/secure.gravatar.com\\\/avatar\\\/31a1a7b66ff2de83bd0e9fd79d026630d2d99e55e8bfe501287647b4fd9743de?s=96&d=mm&r=g\",\"contentUrl\":\"https:\\\/\\\/secure.gravatar.com\\\/avatar\\\/31a1a7b66ff2de83bd0e9fd79d026630d2d99e55e8bfe501287647b4fd9743de?s=96&d=mm&r=g\",\"caption\":\"Gonzalo Schmidt\"},\"description\":\"Sitio web de noticias de la provincia de Entre R\u00edos, Argentina. Informaci\u00f3n y entretenimiento. Informe Litoral, nos informamos.\",\"sameAs\":[\"http:\\\/\\\/www.isletasnoticias.com.ar\"],\"url\":\"https:\\\/\\\/informelitoral.com.ar\\\/author\\\/gonzalo\\\/\"}]}<\/script>","yoast_head_json":{"title":"Recrudece la pol\u00e9mica por el estado de los caminos entrerrianos - Informe Litoral","robots":{"index":"index","follow":"follow","max-snippet":"max-snippet:-1","max-image-preview":"max-image-preview:large","max-video-preview":"max-video-preview:-1"},"canonical":"https:\/\/informelitoral.com.ar\/recrudece-la-polemica-por-el-estado-de-los-caminos-entrerrianos\/","og_locale":"es_ES","og_type":"article","og_title":"Recrudece la pol\u00e9mica por el estado de los caminos entrerrianos - Informe Litoral","og_description":"Desde la federaci&oacute;n que agrupa a ruralistas aseguran que el 80% est&aacute; en malas condiciones. Vialidad Provincial dice todo lo contrario y su titular afirma que en el organismo &laquo;no hay ning&uacute;n cargo pol&iacute;tico&raquo;. Los cruces por el estado de los caminos rurales de la provincia contin&uacute;an. Luego de que la Sociedad Rural de La [&hellip;]","og_url":"https:\/\/informelitoral.com.ar\/recrudece-la-polemica-por-el-estado-de-los-caminos-entrerrianos\/","og_site_name":"Informe Litoral","article_publisher":"https:\/\/www.facebook.com\/informelitoral\/","article_published_time":"2016-07-22T11:23:46+00:00","og_image":[{"width":640,"height":360,"url":"https:\/\/informelitoral.com.ar\/%77%70%2d%63%6f%6e%74%65%6e%74\/uploads\/2016\/07\/o_1469051574.jpg","type":"image\/jpeg"}],"author":"Gonzalo Schmidt","twitter_card":"summary_large_image","twitter_creator":"@InformeLitoral","twitter_site":"@InformeLitoral","twitter_misc":{"Escrito por":"Gonzalo Schmidt","Tiempo de lectura":"2 minutos"},"schema":{"@context":"https:\/\/schema.org","@graph":[{"@type":"Article","@id":"https:\/\/informelitoral.com.ar\/recrudece-la-polemica-por-el-estado-de-los-caminos-entrerrianos\/#article","isPartOf":{"@id":"https:\/\/informelitoral.com.ar\/recrudece-la-polemica-por-el-estado-de-los-caminos-entrerrianos\/"},"author":{"name":"Gonzalo Schmidt","@id":"https:\/\/informelitoral.com.ar\/#\/schema\/person\/b9d00407c836482871ef1d57bf8e3180"},"headline":"Recrudece la pol\u00e9mica por el estado de los caminos entrerrianos","datePublished":"2016-07-22T11:23:46+00:00","mainEntityOfPage":{"@id":"https:\/\/informelitoral.com.ar\/recrudece-la-polemica-por-el-estado-de-los-caminos-entrerrianos\/"},"wordCount":452,"commentCount":0,"publisher":{"@id":"https:\/\/informelitoral.com.ar\/#organization"},"image":{"@id":"https:\/\/informelitoral.com.ar\/recrudece-la-polemica-por-el-estado-de-los-caminos-entrerrianos\/#primaryimage"},"thumbnailUrl":"http:\/\/www.isletasnoticias.com.ar\/%77%70%2d%63%6f%6e%74%65%6e%74\/uploads\/2016\/07\/o_1469051574.jpg","articleSection":["Campo","Entre R\u00edos"],"inLanguage":"es","potentialAction":[{"@type":"CommentAction","name":"Comment","target":["https:\/\/informelitoral.com.ar\/recrudece-la-polemica-por-el-estado-de-los-caminos-entrerrianos\/#respond"]}]},{"@type":"WebPage","@id":"https:\/\/informelitoral.com.ar\/recrudece-la-polemica-por-el-estado-de-los-caminos-entrerrianos\/","url":"https:\/\/informelitoral.com.ar\/recrudece-la-polemica-por-el-estado-de-los-caminos-entrerrianos\/","name":"Recrudece la pol\u00e9mica por el estado de los caminos entrerrianos - Informe Litoral","isPartOf":{"@id":"https:\/\/informelitoral.com.ar\/#website"},"primaryImageOfPage":{"@id":"https:\/\/informelitoral.com.ar\/recrudece-la-polemica-por-el-estado-de-los-caminos-entrerrianos\/#primaryimage"},"image":{"@id":"https:\/\/informelitoral.com.ar\/recrudece-la-polemica-por-el-estado-de-los-caminos-entrerrianos\/#primaryimage"},"thumbnailUrl":"http:\/\/www.isletasnoticias.com.ar\/%77%70%2d%63%6f%6e%74%65%6e%74\/uploads\/2016\/07\/o_1469051574.jpg","datePublished":"2016-07-22T11:23:46+00:00","breadcrumb":{"@id":"https:\/\/informelitoral.com.ar\/recrudece-la-polemica-por-el-estado-de-los-caminos-entrerrianos\/#breadcrumb"},"inLanguage":"es","potentialAction":[{"@type":"ReadAction","target":["https:\/\/informelitoral.com.ar\/recrudece-la-polemica-por-el-estado-de-los-caminos-entrerrianos\/"]}]},{"@type":"ImageObject","inLanguage":"es","@id":"https:\/\/informelitoral.com.ar\/recrudece-la-polemica-por-el-estado-de-los-caminos-entrerrianos\/#primaryimage","url":"http:\/\/www.isletasnoticias.com.ar\/%77%70%2d%63%6f%6e%74%65%6e%74\/uploads\/2016\/07\/o_1469051574.jpg","contentUrl":"http:\/\/www.isletasnoticias.com.ar\/%77%70%2d%63%6f%6e%74%65%6e%74\/uploads\/2016\/07\/o_1469051574.jpg"},{"@type":"BreadcrumbList","@id":"https:\/\/informelitoral.com.ar\/recrudece-la-polemica-por-el-estado-de-los-caminos-entrerrianos\/#breadcrumb","itemListElement":[{"@type":"ListItem","position":1,"name":"Portada","item":"https:\/\/informelitoral.com.ar\/"},{"@type":"ListItem","position":2,"name":"Recrudece la pol\u00e9mica por el estado de los caminos entrerrianos"}]},{"@type":"WebSite","@id":"https:\/\/informelitoral.com.ar\/#website","url":"https:\/\/informelitoral.com.ar\/","name":"Informe Litoral","description":"&quot;Nos informamos&quot; ","publisher":{"@id":"https:\/\/informelitoral.com.ar\/#organization"},"potentialAction":[{"@type":"SearchAction","target":{"@type":"EntryPoint","urlTemplate":"https:\/\/informelitoral.com.ar\/?s={search_term_string}"},"query-input":{"@type":"PropertyValueSpecification","valueRequired":true,"valueName":"search_term_string"}}],"inLanguage":"es"},{"@type":"Organization","@id":"https:\/\/informelitoral.com.ar\/#organization","name":"Informe Litoral","url":"https:\/\/informelitoral.com.ar\/","logo":{"@type":"ImageObject","inLanguage":"es","@id":"https:\/\/informelitoral.com.ar\/#\/schema\/logo\/image\/","url":"https:\/\/informelitoral.com.ar\/%77%70%2d%63%6f%6e%74%65%6e%74\/uploads\/2021\/01\/circulo.png","contentUrl":"https:\/\/informelitoral.com.ar\/%77%70%2d%63%6f%6e%74%65%6e%74\/uploads\/2021\/01\/circulo.png","width":723,"height":731,"caption":"Informe Litoral"},"image":{"@id":"https:\/\/informelitoral.com.ar\/#\/schema\/logo\/image\/"},"sameAs":["https:\/\/www.facebook.com\/informelitoral\/","https:\/\/x.com\/InformeLitoral","https:\/\/www.instagram.com\/informelitoral\/","https:\/\/www.youtube.com\/channel\/UCua4Qvz8Icb6MYqhoq9xLXw"]},{"@type":"Person","@id":"https:\/\/informelitoral.com.ar\/#\/schema\/person\/b9d00407c836482871ef1d57bf8e3180","name":"Gonzalo Schmidt","image":{"@type":"ImageObject","inLanguage":"es","@id":"https:\/\/secure.gravatar.com\/avatar\/31a1a7b66ff2de83bd0e9fd79d026630d2d99e55e8bfe501287647b4fd9743de?s=96&d=mm&r=g","url":"https:\/\/secure.gravatar.com\/avatar\/31a1a7b66ff2de83bd0e9fd79d026630d2d99e55e8bfe501287647b4fd9743de?s=96&d=mm&r=g","contentUrl":"https:\/\/secure.gravatar.com\/avatar\/31a1a7b66ff2de83bd0e9fd79d026630d2d99e55e8bfe501287647b4fd9743de?s=96&d=mm&r=g","caption":"Gonzalo Schmidt"},"description":"Sitio web de noticias de la provincia de Entre R\u00edos, Argentina. Informaci\u00f3n y entretenimiento. Informe Litoral, nos informamos.","sameAs":["http:\/\/www.isletasnoticias.com.ar"],"url":"https:\/\/informelitoral.com.ar\/author\/gonzalo\/"}]}},"_links":{"self":[{"href":"https:\/\/informelitoral.com.ar\/%77%70%2d%6a%73%6f%6e\/wp\/v2\/posts\/17340","targetHints":{"allow":["GET"]}}],"collection":[{"href":"https:\/\/informelitoral.com.ar\/%77%70%2d%6a%73%6f%6e\/wp\/v2\/posts"}],"about":[{"href":"https:\/\/informelitoral.com.ar\/%77%70%2d%6a%73%6f%6e\/wp\/v2\/types\/post"}],"author":[{"embeddable":true,"href":"https:\/\/informelitoral.com.ar\/%77%70%2d%6a%73%6f%6e\/wp\/v2\/users\/2"}],"replies":[{"embeddable":true,"href":"https:\/\/informelitoral.com.ar\/%77%70%2d%6a%73%6f%6e\/wp\/v2\/comments?post=17340"}],"version-history":[{"count":0,"href":"https:\/\/informelitoral.com.ar\/%77%70%2d%6a%73%6f%6e\/wp\/v2\/posts\/17340\/revisions"}],"wp:attachment":[{"href":"https:\/\/informelitoral.com.ar\/%77%70%2d%6a%73%6f%6e\/wp\/v2\/media?parent=17340"}],"wp:term":[{"taxonomy":"category","embeddable":true,"href":"https:\/\/informelitoral.com.ar\/%77%70%2d%6a%73%6f%6e\/wp\/v2\/categories?post=17340"},{"taxonomy":"post_tag","embeddable":true,"href":"https:\/\/informelitoral.com.ar\/%77%70%2d%6a%73%6f%6e\/wp\/v2\/tags?post=17340"}],"curies":[{"name":"wp","href":"https:\/\/api.w.org\/{rel}","templated":true}]}}