{"id":173399,"date":"2023-11-23T08:09:51","date_gmt":"2023-11-23T11:09:51","guid":{"rendered":"https:\/\/www.informelitoral.com.ar\/?p=173399"},"modified":"2023-11-23T22:16:38","modified_gmt":"2023-11-24T01:16:38","slug":"supermercadistas-sostienen-que-sus-precios-dependen-de-los-proveedores","status":"publish","type":"post","link":"https:\/\/informelitoral.com.ar\/supermercadistas-sostienen-que-sus-precios-dependen-de-los-proveedores\/","title":{"rendered":"Supermercadistas sostienen que sus precios \u00abdependen de los proveedores\u00bb"},"content":{"rendered":"<p>En respuesta a la reciente remarcaci\u00f3n con subas de hasta el 50%, la Red de Supermercados Argentinos, integradas por la C\u00e1mara Argentina de Supermercados y la Federaci\u00f3n Argentina de Supermercados y Autoservicios, public\u00f3 un comunicado llamando a los a los formadores de precios que respeten los acuerdos alcanzados con el Gobierno Nacional para evitar incrementos excesivos en productos de consumo masivo.<\/p>\n<p>\u00abConsiderando la situaci\u00f3n actual en la que se registran fuertes aumentos de precios, los integrantes de la C\u00e1mara Argentina de Supermercados y la Federaci\u00f3n Argentina de Supermercados y Autoservicios destacamos la necesidad de proceder con extrema prudencia\u00bb, dice el texto difundido a trav\u00e9s de las redes sociales y distintos canales.<\/p>\n<p>A trav\u00e9s del documento, los supermercados indicaron que \u00abno podemos perder de vista que, en definitiva, los perjudicados por los aumentos excesivos de precios son los consumidores, la gente que debe enfrentar esta situaci\u00f3n con baj\u00edsimos niveles de ingresos\u00bb.<\/p>\n<p>Sostuvieron que los supermercadistas \u00abno son formadores de precios\u00bb sino que dependen \u00abtotal y exclusivamente\u00bb de los precios que fijan los proveedores, a quienes pidieron respetar las pautas fijadas con el Gobierno.<\/p>\n<p>\u00abLamentablemente nos veremos obligados a no recibir aquellos productos cuyos precios excedan los l\u00edmites de los aumentos establecidos por la Secretar\u00eda de Comercio de la Naci\u00f3n, en defensa de los bolsillos de nuestros clientes\u00bb, indica el comunicado.<\/p>\n<p>Por \u00faltimo, el texto reconoce la incertidumbre que genera la transici\u00f3n entre el gobierno saliente y entrante y se\u00f1ala que desde el sector seguir\u00e1n trabajando junto a toda la cadena pensando en \u00abla gente que necesita los productos que les ofrecemos\u00bb.<\/p>\n","protected":false},"excerpt":{"rendered":"<p>La Red de Supermercados Argentinos, integradas por la C\u00e1mara Argentina de Supermercados y la Federaci\u00f3n Argentina de Supermercados y Autoservicios, llama a los proveedores a respetar acuerdos alcanzados con el gobierno.<\/p>\n","protected":false},"author":8,"featured_media":75470,"comment_status":"open","ping_status":"open","sticky":false,"template":"","format":"standard","meta":{"fifu_image_url":"","fifu_image_alt":"","footnotes":""},"categories":[1594,7],"tags":[95,32,449,310],"class_list":{"0":"post-173399","1":"post","2":"type-post","3":"status-publish","4":"format-standard","5":"has-post-thumbnail","7":"category-economia","8":"category-nacionales","9":"tag-inflacion","10":"tag-precios","11":"tag-supermercado","12":"tag-supermercados"},"yoast_head":"<title>Supermercadistas sostienen que sus precios &quot;dependen de los proveedores&quot; - Informe Litoral<\/title>\n<meta name=\"robots\" content=\"index, follow, max-snippet:-1, max-image-preview:large, max-video-preview:-1\" \/>\n<link rel=\"canonical\" href=\"https:\/\/informelitoral.com.ar\/supermercadistas-sostienen-que-sus-precios-dependen-de-los-proveedores\/\" \/>\n<meta property=\"og:locale\" content=\"es_ES\" \/>\n<meta property=\"og:type\" content=\"article\" \/>\n<meta property=\"og:title\" content=\"Supermercadistas sostienen que sus precios &quot;dependen de los proveedores&quot; - Informe Litoral\" \/>\n<meta property=\"og:description\" content=\"La Red de Supermercados Argentinos, integradas por la C\u00e1mara Argentina de Supermercados y la Federaci\u00f3n Argentina de Supermercados y Autoservicios, llama a los proveedores a respetar acuerdos alcanzados con el gobierno.\" \/>\n<meta property=\"og:url\" content=\"https:\/\/informelitoral.com.ar\/supermercadistas-sostienen-que-sus-precios-dependen-de-los-proveedores\/\" \/>\n<meta property=\"og:site_name\" content=\"Informe Litoral\" \/>\n<meta property=\"article:publisher\" content=\"https:\/\/www.facebook.com\/informelitoral\/\" \/>\n<meta property=\"article:published_time\" content=\"2023-11-23T11:09:51+00:00\" \/>\n<meta property=\"article:modified_time\" content=\"2023-11-24T01:16:38+00:00\" \/>\n<meta property=\"og:image\" content=\"https:\/\/informelitoral.com.ar\/%77%70%2d%63%6f%6e%74%65%6e%74\/uploads\/2022\/04\/carro-compra-supermercado-recurso-dreamstime.jpg\" \/>\n\t<meta property=\"og:image:width\" content=\"770\" \/>\n\t<meta property=\"og:image:height\" content=\"420\" \/>\n\t<meta property=\"og:image:type\" content=\"image\/jpeg\" \/>\n<meta name=\"author\" content=\"Sebastian\" \/>\n<meta name=\"twitter:card\" content=\"summary_large_image\" \/>\n<meta name=\"twitter:creator\" content=\"@InformeLitoral\" \/>\n<meta name=\"twitter:site\" content=\"@InformeLitoral\" \/>\n<meta name=\"twitter:label1\" content=\"Escrito por\" \/>\n\t<meta name=\"twitter:data1\" content=\"Sebastian\" \/>\n\t<meta name=\"twitter:label2\" content=\"Tiempo de lectura\" \/>\n\t<meta name=\"twitter:data2\" content=\"1 minuto\" \/>\n<script type=\"application\/ld+json\" class=\"yoast-schema-graph\">{\"@context\":\"https:\\\/\\\/schema.org\",\"@graph\":[{\"@type\":\"Article\",\"@id\":\"https:\\\/\\\/informelitoral.com.ar\\\/supermercadistas-sostienen-que-sus-precios-dependen-de-los-proveedores\\\/#article\",\"isPartOf\":{\"@id\":\"https:\\\/\\\/informelitoral.com.ar\\\/supermercadistas-sostienen-que-sus-precios-dependen-de-los-proveedores\\\/\"},\"author\":{\"name\":\"Sebastian\",\"@id\":\"https:\\\/\\\/informelitoral.com.ar\\\/#\\\/schema\\\/person\\\/f05f9f461677119578717524b127d6d5\"},\"headline\":\"Supermercadistas sostienen que sus precios \u00abdependen de los proveedores\u00bb\",\"datePublished\":\"2023-11-23T11:09:51+00:00\",\"dateModified\":\"2023-11-24T01:16:38+00:00\",\"mainEntityOfPage\":{\"@id\":\"https:\\\/\\\/informelitoral.com.ar\\\/supermercadistas-sostienen-que-sus-precios-dependen-de-los-proveedores\\\/\"},\"wordCount\":284,\"commentCount\":0,\"publisher\":{\"@id\":\"https:\\\/\\\/informelitoral.com.ar\\\/#organization\"},\"image\":{\"@id\":\"https:\\\/\\\/informelitoral.com.ar\\\/supermercadistas-sostienen-que-sus-precios-dependen-de-los-proveedores\\\/#primaryimage\"},\"thumbnailUrl\":\"https:\\\/\\\/informelitoral.com.ar\\\/%77%70%2d%63%6f%6e%74%65%6e%74\\\/uploads\\\/2022\\\/04\\\/carro-compra-supermercado-recurso-dreamstime.jpg\",\"keywords\":[\"Inflaci\u00f3n\",\"precios\",\"Supermercado\",\"Supermercados\"],\"articleSection\":[\"Econom\u00eda\",\"Nacionales\"],\"inLanguage\":\"es\",\"potentialAction\":[{\"@type\":\"CommentAction\",\"name\":\"Comment\",\"target\":[\"https:\\\/\\\/informelitoral.com.ar\\\/supermercadistas-sostienen-que-sus-precios-dependen-de-los-proveedores\\\/#respond\"]}]},{\"@type\":\"WebPage\",\"@id\":\"https:\\\/\\\/informelitoral.com.ar\\\/supermercadistas-sostienen-que-sus-precios-dependen-de-los-proveedores\\\/\",\"url\":\"https:\\\/\\\/informelitoral.com.ar\\\/supermercadistas-sostienen-que-sus-precios-dependen-de-los-proveedores\\\/\",\"name\":\"Supermercadistas sostienen que sus precios \\\"dependen de los proveedores\\\" - Informe Litoral\",\"isPartOf\":{\"@id\":\"https:\\\/\\\/informelitoral.com.ar\\\/#website\"},\"primaryImageOfPage\":{\"@id\":\"https:\\\/\\\/informelitoral.com.ar\\\/supermercadistas-sostienen-que-sus-precios-dependen-de-los-proveedores\\\/#primaryimage\"},\"image\":{\"@id\":\"https:\\\/\\\/informelitoral.com.ar\\\/supermercadistas-sostienen-que-sus-precios-dependen-de-los-proveedores\\\/#primaryimage\"},\"thumbnailUrl\":\"https:\\\/\\\/informelitoral.com.ar\\\/%77%70%2d%63%6f%6e%74%65%6e%74\\\/uploads\\\/2022\\\/04\\\/carro-compra-supermercado-recurso-dreamstime.jpg\",\"datePublished\":\"2023-11-23T11:09:51+00:00\",\"dateModified\":\"2023-11-24T01:16:38+00:00\",\"breadcrumb\":{\"@id\":\"https:\\\/\\\/informelitoral.com.ar\\\/supermercadistas-sostienen-que-sus-precios-dependen-de-los-proveedores\\\/#breadcrumb\"},\"inLanguage\":\"es\",\"potentialAction\":[{\"@type\":\"ReadAction\",\"target\":[\"https:\\\/\\\/informelitoral.com.ar\\\/supermercadistas-sostienen-que-sus-precios-dependen-de-los-proveedores\\\/\"]}]},{\"@type\":\"ImageObject\",\"inLanguage\":\"es\",\"@id\":\"https:\\\/\\\/informelitoral.com.ar\\\/supermercadistas-sostienen-que-sus-precios-dependen-de-los-proveedores\\\/#primaryimage\",\"url\":\"https:\\\/\\\/informelitoral.com.ar\\\/%77%70%2d%63%6f%6e%74%65%6e%74\\\/uploads\\\/2022\\\/04\\\/carro-compra-supermercado-recurso-dreamstime.jpg\",\"contentUrl\":\"https:\\\/\\\/informelitoral.com.ar\\\/%77%70%2d%63%6f%6e%74%65%6e%74\\\/uploads\\\/2022\\\/04\\\/carro-compra-supermercado-recurso-dreamstime.jpg\",\"width\":770,\"height\":420},{\"@type\":\"BreadcrumbList\",\"@id\":\"https:\\\/\\\/informelitoral.com.ar\\\/supermercadistas-sostienen-que-sus-precios-dependen-de-los-proveedores\\\/#breadcrumb\",\"itemListElement\":[{\"@type\":\"ListItem\",\"position\":1,\"name\":\"Portada\",\"item\":\"https:\\\/\\\/informelitoral.com.ar\\\/\"},{\"@type\":\"ListItem\",\"position\":2,\"name\":\"Supermercadistas sostienen que sus precios \u00abdependen de los proveedores\u00bb\"}]},{\"@type\":\"WebSite\",\"@id\":\"https:\\\/\\\/informelitoral.com.ar\\\/#website\",\"url\":\"https:\\\/\\\/informelitoral.com.ar\\\/\",\"name\":\"Informe Litoral\",\"description\":\"&quot;Nos informamos&quot; \",\"publisher\":{\"@id\":\"https:\\\/\\\/informelitoral.com.ar\\\/#organization\"},\"potentialAction\":[{\"@type\":\"SearchAction\",\"target\":{\"@type\":\"EntryPoint\",\"urlTemplate\":\"https:\\\/\\\/informelitoral.com.ar\\\/?s={search_term_string}\"},\"query-input\":{\"@type\":\"PropertyValueSpecification\",\"valueRequired\":true,\"valueName\":\"search_term_string\"}}],\"inLanguage\":\"es\"},{\"@type\":\"Organization\",\"@id\":\"https:\\\/\\\/informelitoral.com.ar\\\/#organization\",\"name\":\"Informe Litoral\",\"url\":\"https:\\\/\\\/informelitoral.com.ar\\\/\",\"logo\":{\"@type\":\"ImageObject\",\"inLanguage\":\"es\",\"@id\":\"https:\\\/\\\/informelitoral.com.ar\\\/#\\\/schema\\\/logo\\\/image\\\/\",\"url\":\"https:\\\/\\\/informelitoral.com.ar\\\/%77%70%2d%63%6f%6e%74%65%6e%74\\\/uploads\\\/2021\\\/01\\\/circulo.png\",\"contentUrl\":\"https:\\\/\\\/informelitoral.com.ar\\\/%77%70%2d%63%6f%6e%74%65%6e%74\\\/uploads\\\/2021\\\/01\\\/circulo.png\",\"width\":723,\"height\":731,\"caption\":\"Informe Litoral\"},\"image\":{\"@id\":\"https:\\\/\\\/informelitoral.com.ar\\\/#\\\/schema\\\/logo\\\/image\\\/\"},\"sameAs\":[\"https:\\\/\\\/www.facebook.com\\\/informelitoral\\\/\",\"https:\\\/\\\/x.com\\\/InformeLitoral\",\"https:\\\/\\\/www.instagram.com\\\/informelitoral\\\/\",\"https:\\\/\\\/www.youtube.com\\\/channel\\\/UCua4Qvz8Icb6MYqhoq9xLXw\"]},{\"@type\":\"Person\",\"@id\":\"https:\\\/\\\/informelitoral.com.ar\\\/#\\\/schema\\\/person\\\/f05f9f461677119578717524b127d6d5\",\"name\":\"Sebastian\",\"image\":{\"@type\":\"ImageObject\",\"inLanguage\":\"es\",\"@id\":\"https:\\\/\\\/secure.gravatar.com\\\/avatar\\\/b71bf7481d447dfb9583c7f2798e7cc64de6efb9067b74633ed8c31059a3bd82?s=96&d=mm&r=g\",\"url\":\"https:\\\/\\\/secure.gravatar.com\\\/avatar\\\/b71bf7481d447dfb9583c7f2798e7cc64de6efb9067b74633ed8c31059a3bd82?s=96&d=mm&r=g\",\"contentUrl\":\"https:\\\/\\\/secure.gravatar.com\\\/avatar\\\/b71bf7481d447dfb9583c7f2798e7cc64de6efb9067b74633ed8c31059a3bd82?s=96&d=mm&r=g\",\"caption\":\"Sebastian\"},\"url\":\"https:\\\/\\\/informelitoral.com.ar\\\/author\\\/sebastian\\\/\"}]}<\/script>","yoast_head_json":{"title":"Supermercadistas sostienen que sus precios \"dependen de los proveedores\" - Informe Litoral","robots":{"index":"index","follow":"follow","max-snippet":"max-snippet:-1","max-image-preview":"max-image-preview:large","max-video-preview":"max-video-preview:-1"},"canonical":"https:\/\/informelitoral.com.ar\/supermercadistas-sostienen-que-sus-precios-dependen-de-los-proveedores\/","og_locale":"es_ES","og_type":"article","og_title":"Supermercadistas sostienen que sus precios \"dependen de los proveedores\" - Informe Litoral","og_description":"La Red de Supermercados Argentinos, integradas por la C\u00e1mara Argentina de Supermercados y la Federaci\u00f3n Argentina de Supermercados y Autoservicios, llama a los proveedores a respetar acuerdos alcanzados con el gobierno.","og_url":"https:\/\/informelitoral.com.ar\/supermercadistas-sostienen-que-sus-precios-dependen-de-los-proveedores\/","og_site_name":"Informe Litoral","article_publisher":"https:\/\/www.facebook.com\/informelitoral\/","article_published_time":"2023-11-23T11:09:51+00:00","article_modified_time":"2023-11-24T01:16:38+00:00","og_image":[{"width":770,"height":420,"url":"https:\/\/informelitoral.com.ar\/%77%70%2d%63%6f%6e%74%65%6e%74\/uploads\/2022\/04\/carro-compra-supermercado-recurso-dreamstime.jpg","type":"image\/jpeg"}],"author":"Sebastian","twitter_card":"summary_large_image","twitter_creator":"@InformeLitoral","twitter_site":"@InformeLitoral","twitter_misc":{"Escrito por":"Sebastian","Tiempo de lectura":"1 minuto"},"schema":{"@context":"https:\/\/schema.org","@graph":[{"@type":"Article","@id":"https:\/\/informelitoral.com.ar\/supermercadistas-sostienen-que-sus-precios-dependen-de-los-proveedores\/#article","isPartOf":{"@id":"https:\/\/informelitoral.com.ar\/supermercadistas-sostienen-que-sus-precios-dependen-de-los-proveedores\/"},"author":{"name":"Sebastian","@id":"https:\/\/informelitoral.com.ar\/#\/schema\/person\/f05f9f461677119578717524b127d6d5"},"headline":"Supermercadistas sostienen que sus precios \u00abdependen de los proveedores\u00bb","datePublished":"2023-11-23T11:09:51+00:00","dateModified":"2023-11-24T01:16:38+00:00","mainEntityOfPage":{"@id":"https:\/\/informelitoral.com.ar\/supermercadistas-sostienen-que-sus-precios-dependen-de-los-proveedores\/"},"wordCount":284,"commentCount":0,"publisher":{"@id":"https:\/\/informelitoral.com.ar\/#organization"},"image":{"@id":"https:\/\/informelitoral.com.ar\/supermercadistas-sostienen-que-sus-precios-dependen-de-los-proveedores\/#primaryimage"},"thumbnailUrl":"https:\/\/informelitoral.com.ar\/%77%70%2d%63%6f%6e%74%65%6e%74\/uploads\/2022\/04\/carro-compra-supermercado-recurso-dreamstime.jpg","keywords":["Inflaci\u00f3n","precios","Supermercado","Supermercados"],"articleSection":["Econom\u00eda","Nacionales"],"inLanguage":"es","potentialAction":[{"@type":"CommentAction","name":"Comment","target":["https:\/\/informelitoral.com.ar\/supermercadistas-sostienen-que-sus-precios-dependen-de-los-proveedores\/#respond"]}]},{"@type":"WebPage","@id":"https:\/\/informelitoral.com.ar\/supermercadistas-sostienen-que-sus-precios-dependen-de-los-proveedores\/","url":"https:\/\/informelitoral.com.ar\/supermercadistas-sostienen-que-sus-precios-dependen-de-los-proveedores\/","name":"Supermercadistas sostienen que sus precios \"dependen de los proveedores\" - Informe Litoral","isPartOf":{"@id":"https:\/\/informelitoral.com.ar\/#website"},"primaryImageOfPage":{"@id":"https:\/\/informelitoral.com.ar\/supermercadistas-sostienen-que-sus-precios-dependen-de-los-proveedores\/#primaryimage"},"image":{"@id":"https:\/\/informelitoral.com.ar\/supermercadistas-sostienen-que-sus-precios-dependen-de-los-proveedores\/#primaryimage"},"thumbnailUrl":"https:\/\/informelitoral.com.ar\/%77%70%2d%63%6f%6e%74%65%6e%74\/uploads\/2022\/04\/carro-compra-supermercado-recurso-dreamstime.jpg","datePublished":"2023-11-23T11:09:51+00:00","dateModified":"2023-11-24T01:16:38+00:00","breadcrumb":{"@id":"https:\/\/informelitoral.com.ar\/supermercadistas-sostienen-que-sus-precios-dependen-de-los-proveedores\/#breadcrumb"},"inLanguage":"es","potentialAction":[{"@type":"ReadAction","target":["https:\/\/informelitoral.com.ar\/supermercadistas-sostienen-que-sus-precios-dependen-de-los-proveedores\/"]}]},{"@type":"ImageObject","inLanguage":"es","@id":"https:\/\/informelitoral.com.ar\/supermercadistas-sostienen-que-sus-precios-dependen-de-los-proveedores\/#primaryimage","url":"https:\/\/informelitoral.com.ar\/%77%70%2d%63%6f%6e%74%65%6e%74\/uploads\/2022\/04\/carro-compra-supermercado-recurso-dreamstime.jpg","contentUrl":"https:\/\/informelitoral.com.ar\/%77%70%2d%63%6f%6e%74%65%6e%74\/uploads\/2022\/04\/carro-compra-supermercado-recurso-dreamstime.jpg","width":770,"height":420},{"@type":"BreadcrumbList","@id":"https:\/\/informelitoral.com.ar\/supermercadistas-sostienen-que-sus-precios-dependen-de-los-proveedores\/#breadcrumb","itemListElement":[{"@type":"ListItem","position":1,"name":"Portada","item":"https:\/\/informelitoral.com.ar\/"},{"@type":"ListItem","position":2,"name":"Supermercadistas sostienen que sus precios \u00abdependen de los proveedores\u00bb"}]},{"@type":"WebSite","@id":"https:\/\/informelitoral.com.ar\/#website","url":"https:\/\/informelitoral.com.ar\/","name":"Informe Litoral","description":"&quot;Nos informamos&quot; ","publisher":{"@id":"https:\/\/informelitoral.com.ar\/#organization"},"potentialAction":[{"@type":"SearchAction","target":{"@type":"EntryPoint","urlTemplate":"https:\/\/informelitoral.com.ar\/?s={search_term_string}"},"query-input":{"@type":"PropertyValueSpecification","valueRequired":true,"valueName":"search_term_string"}}],"inLanguage":"es"},{"@type":"Organization","@id":"https:\/\/informelitoral.com.ar\/#organization","name":"Informe Litoral","url":"https:\/\/informelitoral.com.ar\/","logo":{"@type":"ImageObject","inLanguage":"es","@id":"https:\/\/informelitoral.com.ar\/#\/schema\/logo\/image\/","url":"https:\/\/informelitoral.com.ar\/%77%70%2d%63%6f%6e%74%65%6e%74\/uploads\/2021\/01\/circulo.png","contentUrl":"https:\/\/informelitoral.com.ar\/%77%70%2d%63%6f%6e%74%65%6e%74\/uploads\/2021\/01\/circulo.png","width":723,"height":731,"caption":"Informe Litoral"},"image":{"@id":"https:\/\/informelitoral.com.ar\/#\/schema\/logo\/image\/"},"sameAs":["https:\/\/www.facebook.com\/informelitoral\/","https:\/\/x.com\/InformeLitoral","https:\/\/www.instagram.com\/informelitoral\/","https:\/\/www.youtube.com\/channel\/UCua4Qvz8Icb6MYqhoq9xLXw"]},{"@type":"Person","@id":"https:\/\/informelitoral.com.ar\/#\/schema\/person\/f05f9f461677119578717524b127d6d5","name":"Sebastian","image":{"@type":"ImageObject","inLanguage":"es","@id":"https:\/\/secure.gravatar.com\/avatar\/b71bf7481d447dfb9583c7f2798e7cc64de6efb9067b74633ed8c31059a3bd82?s=96&d=mm&r=g","url":"https:\/\/secure.gravatar.com\/avatar\/b71bf7481d447dfb9583c7f2798e7cc64de6efb9067b74633ed8c31059a3bd82?s=96&d=mm&r=g","contentUrl":"https:\/\/secure.gravatar.com\/avatar\/b71bf7481d447dfb9583c7f2798e7cc64de6efb9067b74633ed8c31059a3bd82?s=96&d=mm&r=g","caption":"Sebastian"},"url":"https:\/\/informelitoral.com.ar\/author\/sebastian\/"}]}},"_links":{"self":[{"href":"https:\/\/informelitoral.com.ar\/%77%70%2d%6a%73%6f%6e\/wp\/v2\/posts\/173399","targetHints":{"allow":["GET"]}}],"collection":[{"href":"https:\/\/informelitoral.com.ar\/%77%70%2d%6a%73%6f%6e\/wp\/v2\/posts"}],"about":[{"href":"https:\/\/informelitoral.com.ar\/%77%70%2d%6a%73%6f%6e\/wp\/v2\/types\/post"}],"author":[{"embeddable":true,"href":"https:\/\/informelitoral.com.ar\/%77%70%2d%6a%73%6f%6e\/wp\/v2\/users\/8"}],"replies":[{"embeddable":true,"href":"https:\/\/informelitoral.com.ar\/%77%70%2d%6a%73%6f%6e\/wp\/v2\/comments?post=173399"}],"version-history":[{"count":0,"href":"https:\/\/informelitoral.com.ar\/%77%70%2d%6a%73%6f%6e\/wp\/v2\/posts\/173399\/revisions"}],"wp:featuredmedia":[{"embeddable":true,"href":"https:\/\/informelitoral.com.ar\/%77%70%2d%6a%73%6f%6e\/wp\/v2\/media\/75470"}],"wp:attachment":[{"href":"https:\/\/informelitoral.com.ar\/%77%70%2d%6a%73%6f%6e\/wp\/v2\/media?parent=173399"}],"wp:term":[{"taxonomy":"category","embeddable":true,"href":"https:\/\/informelitoral.com.ar\/%77%70%2d%6a%73%6f%6e\/wp\/v2\/categories?post=173399"},{"taxonomy":"post_tag","embeddable":true,"href":"https:\/\/informelitoral.com.ar\/%77%70%2d%6a%73%6f%6e\/wp\/v2\/tags?post=173399"}],"curies":[{"name":"wp","href":"https:\/\/api.w.org\/{rel}","templated":true}]}}