{"id":17333,"date":"2016-07-22T07:51:23","date_gmt":"2016-07-22T10:51:23","guid":{"rendered":"http:\/\/www.isletasnoticias.com.ar\/?p=17333"},"modified":"2016-07-22T07:51:23","modified_gmt":"2016-07-22T10:51:23","slug":"congreso-de-agmer-la-mayoria-avalaria-no-reiniciar-las-clases-el-lunes","status":"publish","type":"post","link":"https:\/\/informelitoral.com.ar\/congreso-de-agmer-la-mayoria-avalaria-no-reiniciar-las-clases-el-lunes\/","title":{"rendered":"Congreso de Agmer: la mayor\u00eda avalar\u00eda no reiniciar las clases el lunes"},"content":{"rendered":"<p><strong>Los congresales votar\u00edan hoy un paro de 24 horas para el lunes, aunque las medidas de fuerza se ampliar\u00edan con huelgas \u00aben suspenso\u00bb al aguardo de la negociaci\u00f3n salarial con el Gobierno.<a href=\"http:\/\/www.isletasnoticias.com.ar\/%77%70%2d%63%6f%6e%74%65%6e%74\/uploads\/2016\/07\/o_1463098293.jpg\"><img loading=\"lazy\" decoding=\"async\" class=\"aligncenter wp-image-17334 size-full\" src=\"http:\/\/www.isletasnoticias.com.ar\/%77%70%2d%63%6f%6e%74%65%6e%74\/uploads\/2016\/07\/o_1463098293.jpg\" alt=\"o_1463098293\" width=\"800\" height=\"450\" srcset=\"https:\/\/informelitoral.com.ar\/%77%70%2d%63%6f%6e%74%65%6e%74\/uploads\/2016\/07\/o_1463098293.jpg 800w, https:\/\/informelitoral.com.ar\/%77%70%2d%63%6f%6e%74%65%6e%74\/uploads\/2016\/07\/o_1463098293-300x169.jpg 300w, https:\/\/informelitoral.com.ar\/%77%70%2d%63%6f%6e%74%65%6e%74\/uploads\/2016\/07\/o_1463098293-768x432.jpg 768w\" sizes=\"auto, (max-width: 800px) 100vw, 800px\" \/><\/a><\/strong><\/p>\n<p>La Asociaci\u00f3n Gremial del Magisterio de Entre R\u00edos (Agmer) definir\u00e1 hoy, en la Escuela Normal Rural Almafuerte, de La Picada, si el lunes los docentes se reintegran al aula o inician una medida de fuerza que podr\u00eda entorpecer la vuelta a clases en la provincia luego de dos semanas de receso.<\/p>\n<p>El martes 5 de este mes, en Col\u00f3n, el plenario de secretarios generales del gremio emplaz\u00f3 al gobierno provincial a presentar una oferta salarial antes del congreso de este viernes. Pero lo \u00fanico que hubo fue una convocatoria, el mi\u00e9rcoles, en Casa de Gobierno.<\/p>\n<p>Pero en ese \u00e1mbito se habl\u00f3 m\u00e1s de las dificultades financieras que atraviesa la provincia antes que de las reales posibilidades de acceder a lo que piden los sindicatos de los maestros.<\/p>\n<p>\u00abHay un acuerdo paritario vigente que estamos cumpliendo. Reconocemos el deterioro del salario por el fen\u00f3meno inflacionario, estamos dispuestos a realizar los m\u00e1ximos esfuerzos para atender esa demanda atendiendo a la cr\u00edtica situaci\u00f3n financiera de la provincia. Del mismo modo que esperamos el normal inicio de las clases este lunes\u00bb, dijo el ministro de Gobierno, Mauro Urribarri.<\/p>\n<p>La definici\u00f3n se dar\u00e1 hoy al cabo del congreso de La Picada, aunque ayer, de acuerdo a un sondeo realizado por <i>El Diario<\/i>, lo que se impondr\u00eda es el no inicio del ciclo lectivo con la aplicaci\u00f3n de un paro que, en principio, ser\u00eda de 24 horas. Aunque la medida de fuerza podr\u00eda extenderse durante m\u00e1s d\u00edas.<\/p>\n<p>Entre las nueve seccionales que conduce la Lista Integraci\u00f3n, mayoritaria en el mayor sindicato docente de la provincia, se discutieron tres alternativas: a) \u00abquemar naves\u00bb y aplicar un paro por tiempo indeterminado; dar \u00abun plazo\u00bb al Gobierno y volver normalmente a clase luego del receso; o aplicar un camino \u00abintermedio\u00bb, con un paro el lunes y dejar \u00abparos en suspenso\u00bb a la espera de la negociaci\u00f3n con el Ejecutivo para conocer la propuesta salarial que anunciaron las autoridades.<\/p>\n<p>Finalmente, se impondr\u00eda entre la mayor\u00eda de los congresales la postura intermedia, seg\u00fan confiaron fuentes del sector, public\u00f3 <em>Elonce.com.<\/em><\/p>\n<p>\u00abEl lunes no empiezan las clases\u00bb, confi\u00f3, directo, un dirigente de Agmer, luego de evaluar los mandatos surgidos durante la tarde de ayer en la mayor\u00eda de las seccionales del gremio.<\/p>\n<p>Agmer acord\u00f3 en marzo una suba promedio del 36% para los docentes, pero ahora sostiene que la devaluaci\u00f3n y la inflaci\u00f3n han enjuagado aquella mejora. Y han reclamado al Gobierno que reabra la negociaci\u00f3n salarial para el segundo semestre en la provincia.<\/p>\n<p>\u00abTal como venimos planteando, la cuesti\u00f3n salarial sigue irresuelta y es responsabilidad del Gobierno entrerriano dar una respuesta a la demanda docente. Si bien a principios de a\u00f1o se acept\u00f3 una propuesta salarial, se declar\u00f3 a la misma como insuficiente y se dej\u00f3 sentado que se exigir\u00eda una nueva negociaci\u00f3n salarial para el segundo semestre. El impacto de la inflaci\u00f3n sobre los bolsillos de los trabajadores fue muy duro en lo que va del a\u00f1o; no se cumplieron las previsiones del gobierno nacional de una inflaci\u00f3n del 25% y el mismo ministro de Econom\u00eda de la Naci\u00f3n reconoce que la inflaci\u00f3n se ubica por encima del 40%\u00bb, dice el texto que aprob\u00f3 el \u00faltimo plenario de secretarios generales de Agmer.<\/p>\n<p>En marzo, cuando el Gobierno cerr\u00f3 el acuerdo salarial con los docentes en la provincia, se dispuso una mejora en blanco del 29% promedio, aunque con la incorporaci\u00f3n del incremento sobre el Fondo Nacional de Incentivo Docente (Fonid) -que pas\u00f3 de $510 a $1.210- el aumento salarial para los maestros fue del 36%; en el caso del cargo testigo, el maestro de grado sin antig\u00fcedad, el aumento result\u00f3 del 37%.<\/p>\n<p>De ese modo, el m\u00ednimo garantizado de bolsillo, pas\u00f3 de $6.800 a $8.225; y en agosto pr\u00f3ximo, ser\u00e1 de $9.329.<\/p>\n<p>Ahora, Agmer pretende subir de nuevo ese piso salarial en funci\u00f3n de la p\u00e9rdida de poder adquisitivo del salario. Aunque en la audiencia del mi\u00e9rcoles, el ministro de Econom\u00eda, Hugo Ballay, desalent\u00f3 cualquier petici\u00f3n. Dijo que las finanzas de las provincias est\u00e1n en su peor momento, y que en el primer semestre, los gastos crecieron un 60%, mientras que los ingresos aumentaron un 26%, por lo cual se ha incrementado el d\u00e9ficit, a la vez que han disminuido los recursos coparticipables que provee la Naci\u00f3n.<\/p>\n","protected":false},"excerpt":{"rendered":"<p>Los congresales votar&iacute;an hoy un paro de 24 horas para el lunes, aunque las medidas de fuerza se ampliar&iacute;an con huelgas &laquo;en suspenso&raquo; al aguardo de la negociaci&oacute;n salarial con el Gobierno. La Asociaci&oacute;n Gremial del Magisterio de Entre R&iacute;os (Agmer) definir&aacute; hoy, en la Escuela Normal Rural Almafuerte, de La Picada, si el lunes [&hellip;]<\/p>\n","protected":false},"author":2,"featured_media":0,"comment_status":"open","ping_status":"open","sticky":false,"template":"","format":"standard","meta":{"fifu_image_url":"","fifu_image_alt":"","footnotes":""},"categories":[6],"tags":[],"class_list":{"0":"post-17333","1":"post","2":"type-post","3":"status-publish","4":"format-standard","6":"category-entre-rios"},"yoast_head":"<title>Congreso de Agmer: la mayor\u00eda avalar\u00eda no reiniciar las clases el lunes - Informe Litoral<\/title>\n<meta name=\"robots\" content=\"index, follow, max-snippet:-1, max-image-preview:large, max-video-preview:-1\" \/>\n<link rel=\"canonical\" href=\"https:\/\/informelitoral.com.ar\/congreso-de-agmer-la-mayoria-avalaria-no-reiniciar-las-clases-el-lunes\/\" \/>\n<meta property=\"og:locale\" content=\"es_ES\" \/>\n<meta property=\"og:type\" content=\"article\" \/>\n<meta property=\"og:title\" content=\"Congreso de Agmer: la mayor\u00eda avalar\u00eda no reiniciar las clases el lunes - Informe Litoral\" \/>\n<meta property=\"og:description\" content=\"Los congresales votar&iacute;an hoy un paro de 24 horas para el lunes, aunque las medidas de fuerza se ampliar&iacute;an con huelgas &laquo;en suspenso&raquo; al aguardo de la negociaci&oacute;n salarial con el Gobierno. La Asociaci&oacute;n Gremial del Magisterio de Entre R&iacute;os (Agmer) definir&aacute; hoy, en la Escuela Normal Rural Almafuerte, de La Picada, si el lunes [&hellip;]\" \/>\n<meta property=\"og:url\" content=\"https:\/\/informelitoral.com.ar\/congreso-de-agmer-la-mayoria-avalaria-no-reiniciar-las-clases-el-lunes\/\" \/>\n<meta property=\"og:site_name\" content=\"Informe Litoral\" \/>\n<meta property=\"article:publisher\" content=\"https:\/\/www.facebook.com\/informelitoral\/\" \/>\n<meta property=\"article:published_time\" content=\"2016-07-22T10:51:23+00:00\" \/>\n<meta property=\"og:image\" content=\"https:\/\/informelitoral.com.ar\/%77%70%2d%63%6f%6e%74%65%6e%74\/uploads\/2016\/07\/o_1463098293.jpg\" \/>\n\t<meta property=\"og:image:width\" content=\"800\" \/>\n\t<meta property=\"og:image:height\" content=\"450\" \/>\n\t<meta property=\"og:image:type\" content=\"image\/jpeg\" \/>\n<meta name=\"author\" content=\"Gonzalo Schmidt\" \/>\n<meta name=\"twitter:card\" content=\"summary_large_image\" \/>\n<meta name=\"twitter:creator\" content=\"@InformeLitoral\" \/>\n<meta name=\"twitter:site\" content=\"@InformeLitoral\" \/>\n<meta name=\"twitter:label1\" content=\"Escrito por\" \/>\n\t<meta name=\"twitter:data1\" content=\"Gonzalo Schmidt\" \/>\n\t<meta name=\"twitter:label2\" content=\"Tiempo de lectura\" \/>\n\t<meta name=\"twitter:data2\" content=\"4 minutos\" \/>\n<script type=\"application\/ld+json\" class=\"yoast-schema-graph\">{\"@context\":\"https:\\\/\\\/schema.org\",\"@graph\":[{\"@type\":\"Article\",\"@id\":\"https:\\\/\\\/informelitoral.com.ar\\\/congreso-de-agmer-la-mayoria-avalaria-no-reiniciar-las-clases-el-lunes\\\/#article\",\"isPartOf\":{\"@id\":\"https:\\\/\\\/informelitoral.com.ar\\\/congreso-de-agmer-la-mayoria-avalaria-no-reiniciar-las-clases-el-lunes\\\/\"},\"author\":{\"name\":\"Gonzalo Schmidt\",\"@id\":\"https:\\\/\\\/informelitoral.com.ar\\\/#\\\/schema\\\/person\\\/b9d00407c836482871ef1d57bf8e3180\"},\"headline\":\"Congreso de Agmer: la mayor\u00eda avalar\u00eda no reiniciar las clases el lunes\",\"datePublished\":\"2016-07-22T10:51:23+00:00\",\"mainEntityOfPage\":{\"@id\":\"https:\\\/\\\/informelitoral.com.ar\\\/congreso-de-agmer-la-mayoria-avalaria-no-reiniciar-las-clases-el-lunes\\\/\"},\"wordCount\":789,\"commentCount\":0,\"publisher\":{\"@id\":\"https:\\\/\\\/informelitoral.com.ar\\\/#organization\"},\"image\":{\"@id\":\"https:\\\/\\\/informelitoral.com.ar\\\/congreso-de-agmer-la-mayoria-avalaria-no-reiniciar-las-clases-el-lunes\\\/#primaryimage\"},\"thumbnailUrl\":\"http:\\\/\\\/www.isletasnoticias.com.ar\\\/%77%70%2d%63%6f%6e%74%65%6e%74\\\/uploads\\\/2016\\\/07\\\/o_1463098293.jpg\",\"articleSection\":[\"Entre R\u00edos\"],\"inLanguage\":\"es\",\"potentialAction\":[{\"@type\":\"CommentAction\",\"name\":\"Comment\",\"target\":[\"https:\\\/\\\/informelitoral.com.ar\\\/congreso-de-agmer-la-mayoria-avalaria-no-reiniciar-las-clases-el-lunes\\\/#respond\"]}]},{\"@type\":\"WebPage\",\"@id\":\"https:\\\/\\\/informelitoral.com.ar\\\/congreso-de-agmer-la-mayoria-avalaria-no-reiniciar-las-clases-el-lunes\\\/\",\"url\":\"https:\\\/\\\/informelitoral.com.ar\\\/congreso-de-agmer-la-mayoria-avalaria-no-reiniciar-las-clases-el-lunes\\\/\",\"name\":\"Congreso de Agmer: la mayor\u00eda avalar\u00eda no reiniciar las clases el lunes - Informe Litoral\",\"isPartOf\":{\"@id\":\"https:\\\/\\\/informelitoral.com.ar\\\/#website\"},\"primaryImageOfPage\":{\"@id\":\"https:\\\/\\\/informelitoral.com.ar\\\/congreso-de-agmer-la-mayoria-avalaria-no-reiniciar-las-clases-el-lunes\\\/#primaryimage\"},\"image\":{\"@id\":\"https:\\\/\\\/informelitoral.com.ar\\\/congreso-de-agmer-la-mayoria-avalaria-no-reiniciar-las-clases-el-lunes\\\/#primaryimage\"},\"thumbnailUrl\":\"http:\\\/\\\/www.isletasnoticias.com.ar\\\/%77%70%2d%63%6f%6e%74%65%6e%74\\\/uploads\\\/2016\\\/07\\\/o_1463098293.jpg\",\"datePublished\":\"2016-07-22T10:51:23+00:00\",\"breadcrumb\":{\"@id\":\"https:\\\/\\\/informelitoral.com.ar\\\/congreso-de-agmer-la-mayoria-avalaria-no-reiniciar-las-clases-el-lunes\\\/#breadcrumb\"},\"inLanguage\":\"es\",\"potentialAction\":[{\"@type\":\"ReadAction\",\"target\":[\"https:\\\/\\\/informelitoral.com.ar\\\/congreso-de-agmer-la-mayoria-avalaria-no-reiniciar-las-clases-el-lunes\\\/\"]}]},{\"@type\":\"ImageObject\",\"inLanguage\":\"es\",\"@id\":\"https:\\\/\\\/informelitoral.com.ar\\\/congreso-de-agmer-la-mayoria-avalaria-no-reiniciar-las-clases-el-lunes\\\/#primaryimage\",\"url\":\"http:\\\/\\\/www.isletasnoticias.com.ar\\\/%77%70%2d%63%6f%6e%74%65%6e%74\\\/uploads\\\/2016\\\/07\\\/o_1463098293.jpg\",\"contentUrl\":\"http:\\\/\\\/www.isletasnoticias.com.ar\\\/%77%70%2d%63%6f%6e%74%65%6e%74\\\/uploads\\\/2016\\\/07\\\/o_1463098293.jpg\"},{\"@type\":\"BreadcrumbList\",\"@id\":\"https:\\\/\\\/informelitoral.com.ar\\\/congreso-de-agmer-la-mayoria-avalaria-no-reiniciar-las-clases-el-lunes\\\/#breadcrumb\",\"itemListElement\":[{\"@type\":\"ListItem\",\"position\":1,\"name\":\"Portada\",\"item\":\"https:\\\/\\\/informelitoral.com.ar\\\/\"},{\"@type\":\"ListItem\",\"position\":2,\"name\":\"Congreso de Agmer: la mayor\u00eda avalar\u00eda no reiniciar las clases el lunes\"}]},{\"@type\":\"WebSite\",\"@id\":\"https:\\\/\\\/informelitoral.com.ar\\\/#website\",\"url\":\"https:\\\/\\\/informelitoral.com.ar\\\/\",\"name\":\"Informe Litoral\",\"description\":\"&quot;Nos informamos&quot; \",\"publisher\":{\"@id\":\"https:\\\/\\\/informelitoral.com.ar\\\/#organization\"},\"potentialAction\":[{\"@type\":\"SearchAction\",\"target\":{\"@type\":\"EntryPoint\",\"urlTemplate\":\"https:\\\/\\\/informelitoral.com.ar\\\/?s={search_term_string}\"},\"query-input\":{\"@type\":\"PropertyValueSpecification\",\"valueRequired\":true,\"valueName\":\"search_term_string\"}}],\"inLanguage\":\"es\"},{\"@type\":\"Organization\",\"@id\":\"https:\\\/\\\/informelitoral.com.ar\\\/#organization\",\"name\":\"Informe Litoral\",\"url\":\"https:\\\/\\\/informelitoral.com.ar\\\/\",\"logo\":{\"@type\":\"ImageObject\",\"inLanguage\":\"es\",\"@id\":\"https:\\\/\\\/informelitoral.com.ar\\\/#\\\/schema\\\/logo\\\/image\\\/\",\"url\":\"https:\\\/\\\/informelitoral.com.ar\\\/%77%70%2d%63%6f%6e%74%65%6e%74\\\/uploads\\\/2021\\\/01\\\/circulo.png\",\"contentUrl\":\"https:\\\/\\\/informelitoral.com.ar\\\/%77%70%2d%63%6f%6e%74%65%6e%74\\\/uploads\\\/2021\\\/01\\\/circulo.png\",\"width\":723,\"height\":731,\"caption\":\"Informe Litoral\"},\"image\":{\"@id\":\"https:\\\/\\\/informelitoral.com.ar\\\/#\\\/schema\\\/logo\\\/image\\\/\"},\"sameAs\":[\"https:\\\/\\\/www.facebook.com\\\/informelitoral\\\/\",\"https:\\\/\\\/x.com\\\/InformeLitoral\",\"https:\\\/\\\/www.instagram.com\\\/informelitoral\\\/\",\"https:\\\/\\\/www.youtube.com\\\/channel\\\/UCua4Qvz8Icb6MYqhoq9xLXw\"]},{\"@type\":\"Person\",\"@id\":\"https:\\\/\\\/informelitoral.com.ar\\\/#\\\/schema\\\/person\\\/b9d00407c836482871ef1d57bf8e3180\",\"name\":\"Gonzalo Schmidt\",\"image\":{\"@type\":\"ImageObject\",\"inLanguage\":\"es\",\"@id\":\"https:\\\/\\\/secure.gravatar.com\\\/avatar\\\/31a1a7b66ff2de83bd0e9fd79d026630d2d99e55e8bfe501287647b4fd9743de?s=96&d=mm&r=g\",\"url\":\"https:\\\/\\\/secure.gravatar.com\\\/avatar\\\/31a1a7b66ff2de83bd0e9fd79d026630d2d99e55e8bfe501287647b4fd9743de?s=96&d=mm&r=g\",\"contentUrl\":\"https:\\\/\\\/secure.gravatar.com\\\/avatar\\\/31a1a7b66ff2de83bd0e9fd79d026630d2d99e55e8bfe501287647b4fd9743de?s=96&d=mm&r=g\",\"caption\":\"Gonzalo Schmidt\"},\"description\":\"Sitio web de noticias de la provincia de Entre R\u00edos, Argentina. Informaci\u00f3n y entretenimiento. Informe Litoral, nos informamos.\",\"sameAs\":[\"http:\\\/\\\/www.isletasnoticias.com.ar\"],\"url\":\"https:\\\/\\\/informelitoral.com.ar\\\/author\\\/gonzalo\\\/\"}]}<\/script>","yoast_head_json":{"title":"Congreso de Agmer: la mayor\u00eda avalar\u00eda no reiniciar las clases el lunes - Informe Litoral","robots":{"index":"index","follow":"follow","max-snippet":"max-snippet:-1","max-image-preview":"max-image-preview:large","max-video-preview":"max-video-preview:-1"},"canonical":"https:\/\/informelitoral.com.ar\/congreso-de-agmer-la-mayoria-avalaria-no-reiniciar-las-clases-el-lunes\/","og_locale":"es_ES","og_type":"article","og_title":"Congreso de Agmer: la mayor\u00eda avalar\u00eda no reiniciar las clases el lunes - Informe Litoral","og_description":"Los congresales votar&iacute;an hoy un paro de 24 horas para el lunes, aunque las medidas de fuerza se ampliar&iacute;an con huelgas &laquo;en suspenso&raquo; al aguardo de la negociaci&oacute;n salarial con el Gobierno. La Asociaci&oacute;n Gremial del Magisterio de Entre R&iacute;os (Agmer) definir&aacute; hoy, en la Escuela Normal Rural Almafuerte, de La Picada, si el lunes [&hellip;]","og_url":"https:\/\/informelitoral.com.ar\/congreso-de-agmer-la-mayoria-avalaria-no-reiniciar-las-clases-el-lunes\/","og_site_name":"Informe Litoral","article_publisher":"https:\/\/www.facebook.com\/informelitoral\/","article_published_time":"2016-07-22T10:51:23+00:00","og_image":[{"width":800,"height":450,"url":"https:\/\/informelitoral.com.ar\/%77%70%2d%63%6f%6e%74%65%6e%74\/uploads\/2016\/07\/o_1463098293.jpg","type":"image\/jpeg"}],"author":"Gonzalo Schmidt","twitter_card":"summary_large_image","twitter_creator":"@InformeLitoral","twitter_site":"@InformeLitoral","twitter_misc":{"Escrito por":"Gonzalo Schmidt","Tiempo de lectura":"4 minutos"},"schema":{"@context":"https:\/\/schema.org","@graph":[{"@type":"Article","@id":"https:\/\/informelitoral.com.ar\/congreso-de-agmer-la-mayoria-avalaria-no-reiniciar-las-clases-el-lunes\/#article","isPartOf":{"@id":"https:\/\/informelitoral.com.ar\/congreso-de-agmer-la-mayoria-avalaria-no-reiniciar-las-clases-el-lunes\/"},"author":{"name":"Gonzalo Schmidt","@id":"https:\/\/informelitoral.com.ar\/#\/schema\/person\/b9d00407c836482871ef1d57bf8e3180"},"headline":"Congreso de Agmer: la mayor\u00eda avalar\u00eda no reiniciar las clases el lunes","datePublished":"2016-07-22T10:51:23+00:00","mainEntityOfPage":{"@id":"https:\/\/informelitoral.com.ar\/congreso-de-agmer-la-mayoria-avalaria-no-reiniciar-las-clases-el-lunes\/"},"wordCount":789,"commentCount":0,"publisher":{"@id":"https:\/\/informelitoral.com.ar\/#organization"},"image":{"@id":"https:\/\/informelitoral.com.ar\/congreso-de-agmer-la-mayoria-avalaria-no-reiniciar-las-clases-el-lunes\/#primaryimage"},"thumbnailUrl":"http:\/\/www.isletasnoticias.com.ar\/%77%70%2d%63%6f%6e%74%65%6e%74\/uploads\/2016\/07\/o_1463098293.jpg","articleSection":["Entre R\u00edos"],"inLanguage":"es","potentialAction":[{"@type":"CommentAction","name":"Comment","target":["https:\/\/informelitoral.com.ar\/congreso-de-agmer-la-mayoria-avalaria-no-reiniciar-las-clases-el-lunes\/#respond"]}]},{"@type":"WebPage","@id":"https:\/\/informelitoral.com.ar\/congreso-de-agmer-la-mayoria-avalaria-no-reiniciar-las-clases-el-lunes\/","url":"https:\/\/informelitoral.com.ar\/congreso-de-agmer-la-mayoria-avalaria-no-reiniciar-las-clases-el-lunes\/","name":"Congreso de Agmer: la mayor\u00eda avalar\u00eda no reiniciar las clases el lunes - Informe Litoral","isPartOf":{"@id":"https:\/\/informelitoral.com.ar\/#website"},"primaryImageOfPage":{"@id":"https:\/\/informelitoral.com.ar\/congreso-de-agmer-la-mayoria-avalaria-no-reiniciar-las-clases-el-lunes\/#primaryimage"},"image":{"@id":"https:\/\/informelitoral.com.ar\/congreso-de-agmer-la-mayoria-avalaria-no-reiniciar-las-clases-el-lunes\/#primaryimage"},"thumbnailUrl":"http:\/\/www.isletasnoticias.com.ar\/%77%70%2d%63%6f%6e%74%65%6e%74\/uploads\/2016\/07\/o_1463098293.jpg","datePublished":"2016-07-22T10:51:23+00:00","breadcrumb":{"@id":"https:\/\/informelitoral.com.ar\/congreso-de-agmer-la-mayoria-avalaria-no-reiniciar-las-clases-el-lunes\/#breadcrumb"},"inLanguage":"es","potentialAction":[{"@type":"ReadAction","target":["https:\/\/informelitoral.com.ar\/congreso-de-agmer-la-mayoria-avalaria-no-reiniciar-las-clases-el-lunes\/"]}]},{"@type":"ImageObject","inLanguage":"es","@id":"https:\/\/informelitoral.com.ar\/congreso-de-agmer-la-mayoria-avalaria-no-reiniciar-las-clases-el-lunes\/#primaryimage","url":"http:\/\/www.isletasnoticias.com.ar\/%77%70%2d%63%6f%6e%74%65%6e%74\/uploads\/2016\/07\/o_1463098293.jpg","contentUrl":"http:\/\/www.isletasnoticias.com.ar\/%77%70%2d%63%6f%6e%74%65%6e%74\/uploads\/2016\/07\/o_1463098293.jpg"},{"@type":"BreadcrumbList","@id":"https:\/\/informelitoral.com.ar\/congreso-de-agmer-la-mayoria-avalaria-no-reiniciar-las-clases-el-lunes\/#breadcrumb","itemListElement":[{"@type":"ListItem","position":1,"name":"Portada","item":"https:\/\/informelitoral.com.ar\/"},{"@type":"ListItem","position":2,"name":"Congreso de Agmer: la mayor\u00eda avalar\u00eda no reiniciar las clases el lunes"}]},{"@type":"WebSite","@id":"https:\/\/informelitoral.com.ar\/#website","url":"https:\/\/informelitoral.com.ar\/","name":"Informe Litoral","description":"&quot;Nos informamos&quot; ","publisher":{"@id":"https:\/\/informelitoral.com.ar\/#organization"},"potentialAction":[{"@type":"SearchAction","target":{"@type":"EntryPoint","urlTemplate":"https:\/\/informelitoral.com.ar\/?s={search_term_string}"},"query-input":{"@type":"PropertyValueSpecification","valueRequired":true,"valueName":"search_term_string"}}],"inLanguage":"es"},{"@type":"Organization","@id":"https:\/\/informelitoral.com.ar\/#organization","name":"Informe Litoral","url":"https:\/\/informelitoral.com.ar\/","logo":{"@type":"ImageObject","inLanguage":"es","@id":"https:\/\/informelitoral.com.ar\/#\/schema\/logo\/image\/","url":"https:\/\/informelitoral.com.ar\/%77%70%2d%63%6f%6e%74%65%6e%74\/uploads\/2021\/01\/circulo.png","contentUrl":"https:\/\/informelitoral.com.ar\/%77%70%2d%63%6f%6e%74%65%6e%74\/uploads\/2021\/01\/circulo.png","width":723,"height":731,"caption":"Informe Litoral"},"image":{"@id":"https:\/\/informelitoral.com.ar\/#\/schema\/logo\/image\/"},"sameAs":["https:\/\/www.facebook.com\/informelitoral\/","https:\/\/x.com\/InformeLitoral","https:\/\/www.instagram.com\/informelitoral\/","https:\/\/www.youtube.com\/channel\/UCua4Qvz8Icb6MYqhoq9xLXw"]},{"@type":"Person","@id":"https:\/\/informelitoral.com.ar\/#\/schema\/person\/b9d00407c836482871ef1d57bf8e3180","name":"Gonzalo Schmidt","image":{"@type":"ImageObject","inLanguage":"es","@id":"https:\/\/secure.gravatar.com\/avatar\/31a1a7b66ff2de83bd0e9fd79d026630d2d99e55e8bfe501287647b4fd9743de?s=96&d=mm&r=g","url":"https:\/\/secure.gravatar.com\/avatar\/31a1a7b66ff2de83bd0e9fd79d026630d2d99e55e8bfe501287647b4fd9743de?s=96&d=mm&r=g","contentUrl":"https:\/\/secure.gravatar.com\/avatar\/31a1a7b66ff2de83bd0e9fd79d026630d2d99e55e8bfe501287647b4fd9743de?s=96&d=mm&r=g","caption":"Gonzalo Schmidt"},"description":"Sitio web de noticias de la provincia de Entre R\u00edos, Argentina. Informaci\u00f3n y entretenimiento. Informe Litoral, nos informamos.","sameAs":["http:\/\/www.isletasnoticias.com.ar"],"url":"https:\/\/informelitoral.com.ar\/author\/gonzalo\/"}]}},"_links":{"self":[{"href":"https:\/\/informelitoral.com.ar\/%77%70%2d%6a%73%6f%6e\/wp\/v2\/posts\/17333","targetHints":{"allow":["GET"]}}],"collection":[{"href":"https:\/\/informelitoral.com.ar\/%77%70%2d%6a%73%6f%6e\/wp\/v2\/posts"}],"about":[{"href":"https:\/\/informelitoral.com.ar\/%77%70%2d%6a%73%6f%6e\/wp\/v2\/types\/post"}],"author":[{"embeddable":true,"href":"https:\/\/informelitoral.com.ar\/%77%70%2d%6a%73%6f%6e\/wp\/v2\/users\/2"}],"replies":[{"embeddable":true,"href":"https:\/\/informelitoral.com.ar\/%77%70%2d%6a%73%6f%6e\/wp\/v2\/comments?post=17333"}],"version-history":[{"count":0,"href":"https:\/\/informelitoral.com.ar\/%77%70%2d%6a%73%6f%6e\/wp\/v2\/posts\/17333\/revisions"}],"wp:attachment":[{"href":"https:\/\/informelitoral.com.ar\/%77%70%2d%6a%73%6f%6e\/wp\/v2\/media?parent=17333"}],"wp:term":[{"taxonomy":"category","embeddable":true,"href":"https:\/\/informelitoral.com.ar\/%77%70%2d%6a%73%6f%6e\/wp\/v2\/categories?post=17333"},{"taxonomy":"post_tag","embeddable":true,"href":"https:\/\/informelitoral.com.ar\/%77%70%2d%6a%73%6f%6e\/wp\/v2\/tags?post=17333"}],"curies":[{"name":"wp","href":"https:\/\/api.w.org\/{rel}","templated":true}]}}