{"id":17330,"date":"2016-07-22T07:42:42","date_gmt":"2016-07-22T10:42:42","guid":{"rendered":"http:\/\/www.isletasnoticias.com.ar\/?p=17330"},"modified":"2016-07-22T07:42:42","modified_gmt":"2016-07-22T10:42:42","slug":"ya-se-cubrio-el-826-de-trigo-del-total-del-area-proyectada-a-nivel-nacional","status":"publish","type":"post","link":"https:\/\/informelitoral.com.ar\/ya-se-cubrio-el-826-de-trigo-del-total-del-area-proyectada-a-nivel-nacional\/","title":{"rendered":"Ya se cubri\u00f3 el 82,6% de trigo del total del \u00e1rea proyectada a nivel nacional"},"content":{"rendered":"<p><strong>Seg\u00fan la Bolsa de Cereales de Buenos Aires, \u201ca la fecha, el avance de siembra logr\u00f3 cubrir el 82,6 % de las 4.400.000 hect\u00e1reas a\u00fan proyectadas para la campa\u00f1a 2016\/17\u201d.<a href=\"http:\/\/www.isletasnoticias.com.ar\/%77%70%2d%63%6f%6e%74%65%6e%74\/uploads\/2016\/07\/maxresdefault.jpg\"><img loading=\"lazy\" decoding=\"async\" class=\"aligncenter wp-image-17331 size-large\" src=\"http:\/\/www.isletasnoticias.com.ar\/%77%70%2d%63%6f%6e%74%65%6e%74\/uploads\/2016\/07\/maxresdefault-1024x576.jpg\" alt=\"maxresdefault\" width=\"600\" height=\"338\" srcset=\"https:\/\/informelitoral.com.ar\/%77%70%2d%63%6f%6e%74%65%6e%74\/uploads\/2016\/07\/maxresdefault-1024x576.jpg 1024w, https:\/\/informelitoral.com.ar\/%77%70%2d%63%6f%6e%74%65%6e%74\/uploads\/2016\/07\/maxresdefault-300x169.jpg 300w, https:\/\/informelitoral.com.ar\/%77%70%2d%63%6f%6e%74%65%6e%74\/uploads\/2016\/07\/maxresdefault-768x432.jpg 768w, https:\/\/informelitoral.com.ar\/%77%70%2d%63%6f%6e%74%65%6e%74\/uploads\/2016\/07\/maxresdefault.jpg 1920w\" sizes=\"auto, (max-width: 600px) 100vw, 600px\" \/><\/a><\/strong><\/p>\n<p>El Panorama Agr\u00edcola Semanal que elabora la Bolsa de Cereales de Buenos Aires estim\u00f3 que \u201clos excesos de humedad, el estado de los caminos para acceder a los lotes y la falta de piso presente en gran parte del centro y sur del \u00e1rea agr\u00edcola, contin\u00faan demorando las labores de implantaci\u00f3n de trigo, registrando un avance intersemanal de s\u00f3lo 3,3 puntos porcentuales. A la fecha, el avance de siembra logr\u00f3 cubrir el 82,6 % de las 4.400.000 hect\u00e1reas a\u00fan proyectadas para la campa\u00f1a 2016\/17, manteniendo un retraso en comparaci\u00f3n al ciclo previo de -11,2 puntos porcentuales. En el sur de Buenos Aires, donde se concentran la mayor cantidad de lotes para ser implantados con el cereal, el retraso interanual super\u00f3 durante la \u00faltima semana el -30 %. Si bien la ventana \u00f3ptima para la incorporaci\u00f3n de nuevos lotes se extender\u00eda hasta el mes de agosto, en caso que las labores no cobren mayor fluidez durante los pr\u00f3ximos d\u00edas, no se descarta la posibilidad de registrar nuevas modificaciones sobre la intenci\u00f3n de siembra en el centro, sudeste y sudoeste de Buenos Aires\u201d.<\/p>\n<p>\u201cA su vez, en el norte del pa\u00eds, sobre las regiones NOA y NEA, la condici\u00f3n de humedad escaza que se present\u00f3 durante la siembra del cereal provoc\u00f3 emergencias heterog\u00e9neas en gran parte de la regi\u00f3n. En cuanto a los lotes implantados en fechas tempranas, los mismos se encuentran desarrollando los primeros macollos, mientras que lotes tard\u00edos aun diferencian entre 2 y 4 hojas (V2-V4). La presi\u00f3n de sanidad es baja, relev\u00e1ndose presencia de pulg\u00f3n y trips en lotes puntuales de la localidad de Villa \u00c1ngela\u201d, detalla el informe de la BCBA.<\/p>\n<p>Por otra parte, \u201cen el Centro-Norte de C\u00f3rdoba la siembra de los \u00faltimos cuadros se encuentra demorada por las precipitaciones registradas a principio del mes, provocando p\u00e9rdidas en el stand plantas sobre los ambientes bajos. Situaci\u00f3n similar ocurre en el Centro-Norte de Santa Fe, donde ya se habr\u00eda implantado el 97 % de la superficie estimada para la regi\u00f3n. Sobre el norte de Santa Fe, se realizaci\u00f3n aplicaciones nitrogenadas en lotes tempranos con el fin de alcanzar los par\u00e1metros de calidad\u201d, inform\u00f3 el PAS.<\/p>\n<p><img loading=\"lazy\" decoding=\"async\" src=\"http:\/\/infocampo.com.ar\/application\/output\/adjuntos\/banners\/c3c707aec864975664d57912a77d6bce.png\" alt=\"\" width=\"585\" height=\"466\" \/>\u201cEn paralelo, en los N\u00facleos Norte y Sur, los lotes de trigo desarrollan las primeras etapas vegetativas bajo condiciones de humedad y sanidad \u00f3ptima, mientras que las sembradoras avanzan sobre los lotes que sufrieron mayores excesos h\u00eddricos. En el Centro-Este de Entre R\u00edos, se retomaron con las labores de siembra luego de 20 d\u00edas sin actividad, registr\u00e1ndose en lotes implantados p\u00e9rdidas de \u00e1rea producto de los excesos de humedad que obligaron a ciertos productores a realizar tareas de resiembra\u201d, analiza el informe de la BCBA que reprodujo <em>Infocampo.<\/em><\/p>\n<p>Y finaliz\u00f3: \u201cSobre el Norte de La Pampa-Oeste de Buenos Aires, el avance de la cosecha de soja y ma\u00edz permiti\u00f3 liberar lotes para la implantaci\u00f3n del cereal, donde la intenci\u00f3n de siembra se mantiene acorde a nuestras primeras proyecciones para la regi\u00f3n.\u00a0 En contraposici\u00f3n, en los n\u00facleos trigueros del sur bonaerense, si bien restan pocos lotes de soja para ser trillados y permitir la liberaci\u00f3n del lote para la campa\u00f1a fina, la siembra avanza muy lentamente producto de los excesos h\u00eddricos prolongados. A su vez, los lotes que se lograron implantar sobre el comienzo de la ventana \u00f3ptima de siembra, transitan etapas desde emergencia hasta diferenciaci\u00f3n foliar, en \u00f3ptimas condiciones de sanidad y humedad\u201d.<\/p>\n","protected":false},"excerpt":{"rendered":"<p>Seg&uacute;n la Bolsa de Cereales de Buenos Aires, &ldquo;a la fecha, el avance de siembra logr&oacute; cubrir el 82,6 % de las 4.400.000 hect&aacute;reas a&uacute;n proyectadas para la campa&ntilde;a 2016\/17&rdquo;. El Panorama Agr&iacute;cola Semanal que elabora la Bolsa de Cereales de Buenos Aires estim&oacute; que &ldquo;los excesos de humedad, el estado de los caminos para [&hellip;]<\/p>\n","protected":false},"author":2,"featured_media":0,"comment_status":"open","ping_status":"open","sticky":false,"template":"","format":"standard","meta":{"fifu_image_url":"","fifu_image_alt":"","footnotes":""},"categories":[10],"tags":[],"class_list":{"0":"post-17330","1":"post","2":"type-post","3":"status-publish","4":"format-standard","6":"category-campo"},"yoast_head":"<title>Ya se cubri\u00f3 el 82,6% de trigo del total del \u00e1rea proyectada a nivel nacional - Informe Litoral<\/title>\n<meta name=\"robots\" content=\"index, follow, max-snippet:-1, max-image-preview:large, max-video-preview:-1\" \/>\n<link rel=\"canonical\" href=\"https:\/\/informelitoral.com.ar\/ya-se-cubrio-el-826-de-trigo-del-total-del-area-proyectada-a-nivel-nacional\/\" \/>\n<meta property=\"og:locale\" content=\"es_ES\" \/>\n<meta property=\"og:type\" content=\"article\" \/>\n<meta property=\"og:title\" content=\"Ya se cubri\u00f3 el 82,6% de trigo del total del \u00e1rea proyectada a nivel nacional - Informe Litoral\" \/>\n<meta property=\"og:description\" content=\"Seg&uacute;n la Bolsa de Cereales de Buenos Aires, &ldquo;a la fecha, el avance de siembra logr&oacute; cubrir el 82,6 % de las 4.400.000 hect&aacute;reas a&uacute;n proyectadas para la campa&ntilde;a 2016\/17&rdquo;. El Panorama Agr&iacute;cola Semanal que elabora la Bolsa de Cereales de Buenos Aires estim&oacute; que &ldquo;los excesos de humedad, el estado de los caminos para [&hellip;]\" \/>\n<meta property=\"og:url\" content=\"https:\/\/informelitoral.com.ar\/ya-se-cubrio-el-826-de-trigo-del-total-del-area-proyectada-a-nivel-nacional\/\" \/>\n<meta property=\"og:site_name\" content=\"Informe Litoral\" \/>\n<meta property=\"article:publisher\" content=\"https:\/\/www.facebook.com\/informelitoral\/\" \/>\n<meta property=\"article:published_time\" content=\"2016-07-22T10:42:42+00:00\" \/>\n<meta property=\"og:image\" content=\"https:\/\/informelitoral.com.ar\/%77%70%2d%63%6f%6e%74%65%6e%74\/uploads\/2016\/07\/maxresdefault.jpg\" \/>\n\t<meta property=\"og:image:width\" content=\"1920\" \/>\n\t<meta property=\"og:image:height\" content=\"1080\" \/>\n\t<meta property=\"og:image:type\" content=\"image\/jpeg\" \/>\n<meta name=\"author\" content=\"Gonzalo Schmidt\" \/>\n<meta name=\"twitter:card\" content=\"summary_large_image\" \/>\n<meta name=\"twitter:creator\" content=\"@InformeLitoral\" \/>\n<meta name=\"twitter:site\" content=\"@InformeLitoral\" \/>\n<meta name=\"twitter:label1\" content=\"Escrito por\" \/>\n\t<meta name=\"twitter:data1\" content=\"Gonzalo Schmidt\" \/>\n\t<meta name=\"twitter:label2\" content=\"Tiempo de lectura\" \/>\n\t<meta name=\"twitter:data2\" content=\"3 minutos\" \/>\n<script type=\"application\/ld+json\" class=\"yoast-schema-graph\">{\"@context\":\"https:\\\/\\\/schema.org\",\"@graph\":[{\"@type\":\"Article\",\"@id\":\"https:\\\/\\\/informelitoral.com.ar\\\/ya-se-cubrio-el-826-de-trigo-del-total-del-area-proyectada-a-nivel-nacional\\\/#article\",\"isPartOf\":{\"@id\":\"https:\\\/\\\/informelitoral.com.ar\\\/ya-se-cubrio-el-826-de-trigo-del-total-del-area-proyectada-a-nivel-nacional\\\/\"},\"author\":{\"name\":\"Gonzalo Schmidt\",\"@id\":\"https:\\\/\\\/informelitoral.com.ar\\\/#\\\/schema\\\/person\\\/b9d00407c836482871ef1d57bf8e3180\"},\"headline\":\"Ya se cubri\u00f3 el 82,6% de trigo del total del \u00e1rea proyectada a nivel nacional\",\"datePublished\":\"2016-07-22T10:42:42+00:00\",\"mainEntityOfPage\":{\"@id\":\"https:\\\/\\\/informelitoral.com.ar\\\/ya-se-cubrio-el-826-de-trigo-del-total-del-area-proyectada-a-nivel-nacional\\\/\"},\"wordCount\":639,\"commentCount\":0,\"publisher\":{\"@id\":\"https:\\\/\\\/informelitoral.com.ar\\\/#organization\"},\"image\":{\"@id\":\"https:\\\/\\\/informelitoral.com.ar\\\/ya-se-cubrio-el-826-de-trigo-del-total-del-area-proyectada-a-nivel-nacional\\\/#primaryimage\"},\"thumbnailUrl\":\"http:\\\/\\\/www.isletasnoticias.com.ar\\\/%77%70%2d%63%6f%6e%74%65%6e%74\\\/uploads\\\/2016\\\/07\\\/maxresdefault-1024x576.jpg\",\"articleSection\":[\"Campo\"],\"inLanguage\":\"es\",\"potentialAction\":[{\"@type\":\"CommentAction\",\"name\":\"Comment\",\"target\":[\"https:\\\/\\\/informelitoral.com.ar\\\/ya-se-cubrio-el-826-de-trigo-del-total-del-area-proyectada-a-nivel-nacional\\\/#respond\"]}]},{\"@type\":\"WebPage\",\"@id\":\"https:\\\/\\\/informelitoral.com.ar\\\/ya-se-cubrio-el-826-de-trigo-del-total-del-area-proyectada-a-nivel-nacional\\\/\",\"url\":\"https:\\\/\\\/informelitoral.com.ar\\\/ya-se-cubrio-el-826-de-trigo-del-total-del-area-proyectada-a-nivel-nacional\\\/\",\"name\":\"Ya se cubri\u00f3 el 82,6% de trigo del total del \u00e1rea proyectada a nivel nacional - Informe Litoral\",\"isPartOf\":{\"@id\":\"https:\\\/\\\/informelitoral.com.ar\\\/#website\"},\"primaryImageOfPage\":{\"@id\":\"https:\\\/\\\/informelitoral.com.ar\\\/ya-se-cubrio-el-826-de-trigo-del-total-del-area-proyectada-a-nivel-nacional\\\/#primaryimage\"},\"image\":{\"@id\":\"https:\\\/\\\/informelitoral.com.ar\\\/ya-se-cubrio-el-826-de-trigo-del-total-del-area-proyectada-a-nivel-nacional\\\/#primaryimage\"},\"thumbnailUrl\":\"http:\\\/\\\/www.isletasnoticias.com.ar\\\/%77%70%2d%63%6f%6e%74%65%6e%74\\\/uploads\\\/2016\\\/07\\\/maxresdefault-1024x576.jpg\",\"datePublished\":\"2016-07-22T10:42:42+00:00\",\"breadcrumb\":{\"@id\":\"https:\\\/\\\/informelitoral.com.ar\\\/ya-se-cubrio-el-826-de-trigo-del-total-del-area-proyectada-a-nivel-nacional\\\/#breadcrumb\"},\"inLanguage\":\"es\",\"potentialAction\":[{\"@type\":\"ReadAction\",\"target\":[\"https:\\\/\\\/informelitoral.com.ar\\\/ya-se-cubrio-el-826-de-trigo-del-total-del-area-proyectada-a-nivel-nacional\\\/\"]}]},{\"@type\":\"ImageObject\",\"inLanguage\":\"es\",\"@id\":\"https:\\\/\\\/informelitoral.com.ar\\\/ya-se-cubrio-el-826-de-trigo-del-total-del-area-proyectada-a-nivel-nacional\\\/#primaryimage\",\"url\":\"http:\\\/\\\/www.isletasnoticias.com.ar\\\/%77%70%2d%63%6f%6e%74%65%6e%74\\\/uploads\\\/2016\\\/07\\\/maxresdefault-1024x576.jpg\",\"contentUrl\":\"http:\\\/\\\/www.isletasnoticias.com.ar\\\/%77%70%2d%63%6f%6e%74%65%6e%74\\\/uploads\\\/2016\\\/07\\\/maxresdefault-1024x576.jpg\"},{\"@type\":\"BreadcrumbList\",\"@id\":\"https:\\\/\\\/informelitoral.com.ar\\\/ya-se-cubrio-el-826-de-trigo-del-total-del-area-proyectada-a-nivel-nacional\\\/#breadcrumb\",\"itemListElement\":[{\"@type\":\"ListItem\",\"position\":1,\"name\":\"Portada\",\"item\":\"https:\\\/\\\/informelitoral.com.ar\\\/\"},{\"@type\":\"ListItem\",\"position\":2,\"name\":\"Ya se cubri\u00f3 el 82,6% de trigo del total del \u00e1rea proyectada a nivel nacional\"}]},{\"@type\":\"WebSite\",\"@id\":\"https:\\\/\\\/informelitoral.com.ar\\\/#website\",\"url\":\"https:\\\/\\\/informelitoral.com.ar\\\/\",\"name\":\"Informe Litoral\",\"description\":\"&quot;Nos informamos&quot; \",\"publisher\":{\"@id\":\"https:\\\/\\\/informelitoral.com.ar\\\/#organization\"},\"potentialAction\":[{\"@type\":\"SearchAction\",\"target\":{\"@type\":\"EntryPoint\",\"urlTemplate\":\"https:\\\/\\\/informelitoral.com.ar\\\/?s={search_term_string}\"},\"query-input\":{\"@type\":\"PropertyValueSpecification\",\"valueRequired\":true,\"valueName\":\"search_term_string\"}}],\"inLanguage\":\"es\"},{\"@type\":\"Organization\",\"@id\":\"https:\\\/\\\/informelitoral.com.ar\\\/#organization\",\"name\":\"Informe Litoral\",\"url\":\"https:\\\/\\\/informelitoral.com.ar\\\/\",\"logo\":{\"@type\":\"ImageObject\",\"inLanguage\":\"es\",\"@id\":\"https:\\\/\\\/informelitoral.com.ar\\\/#\\\/schema\\\/logo\\\/image\\\/\",\"url\":\"https:\\\/\\\/informelitoral.com.ar\\\/%77%70%2d%63%6f%6e%74%65%6e%74\\\/uploads\\\/2021\\\/01\\\/circulo.png\",\"contentUrl\":\"https:\\\/\\\/informelitoral.com.ar\\\/%77%70%2d%63%6f%6e%74%65%6e%74\\\/uploads\\\/2021\\\/01\\\/circulo.png\",\"width\":723,\"height\":731,\"caption\":\"Informe Litoral\"},\"image\":{\"@id\":\"https:\\\/\\\/informelitoral.com.ar\\\/#\\\/schema\\\/logo\\\/image\\\/\"},\"sameAs\":[\"https:\\\/\\\/www.facebook.com\\\/informelitoral\\\/\",\"https:\\\/\\\/x.com\\\/InformeLitoral\",\"https:\\\/\\\/www.instagram.com\\\/informelitoral\\\/\",\"https:\\\/\\\/www.youtube.com\\\/channel\\\/UCua4Qvz8Icb6MYqhoq9xLXw\"]},{\"@type\":\"Person\",\"@id\":\"https:\\\/\\\/informelitoral.com.ar\\\/#\\\/schema\\\/person\\\/b9d00407c836482871ef1d57bf8e3180\",\"name\":\"Gonzalo Schmidt\",\"image\":{\"@type\":\"ImageObject\",\"inLanguage\":\"es\",\"@id\":\"https:\\\/\\\/secure.gravatar.com\\\/avatar\\\/31a1a7b66ff2de83bd0e9fd79d026630d2d99e55e8bfe501287647b4fd9743de?s=96&d=mm&r=g\",\"url\":\"https:\\\/\\\/secure.gravatar.com\\\/avatar\\\/31a1a7b66ff2de83bd0e9fd79d026630d2d99e55e8bfe501287647b4fd9743de?s=96&d=mm&r=g\",\"contentUrl\":\"https:\\\/\\\/secure.gravatar.com\\\/avatar\\\/31a1a7b66ff2de83bd0e9fd79d026630d2d99e55e8bfe501287647b4fd9743de?s=96&d=mm&r=g\",\"caption\":\"Gonzalo Schmidt\"},\"description\":\"Sitio web de noticias de la provincia de Entre R\u00edos, Argentina. Informaci\u00f3n y entretenimiento. Informe Litoral, nos informamos.\",\"sameAs\":[\"http:\\\/\\\/www.isletasnoticias.com.ar\"],\"url\":\"https:\\\/\\\/informelitoral.com.ar\\\/author\\\/gonzalo\\\/\"}]}<\/script>","yoast_head_json":{"title":"Ya se cubri\u00f3 el 82,6% de trigo del total del \u00e1rea proyectada a nivel nacional - Informe Litoral","robots":{"index":"index","follow":"follow","max-snippet":"max-snippet:-1","max-image-preview":"max-image-preview:large","max-video-preview":"max-video-preview:-1"},"canonical":"https:\/\/informelitoral.com.ar\/ya-se-cubrio-el-826-de-trigo-del-total-del-area-proyectada-a-nivel-nacional\/","og_locale":"es_ES","og_type":"article","og_title":"Ya se cubri\u00f3 el 82,6% de trigo del total del \u00e1rea proyectada a nivel nacional - Informe Litoral","og_description":"Seg&uacute;n la Bolsa de Cereales de Buenos Aires, &ldquo;a la fecha, el avance de siembra logr&oacute; cubrir el 82,6 % de las 4.400.000 hect&aacute;reas a&uacute;n proyectadas para la campa&ntilde;a 2016\/17&rdquo;. El Panorama Agr&iacute;cola Semanal que elabora la Bolsa de Cereales de Buenos Aires estim&oacute; que &ldquo;los excesos de humedad, el estado de los caminos para [&hellip;]","og_url":"https:\/\/informelitoral.com.ar\/ya-se-cubrio-el-826-de-trigo-del-total-del-area-proyectada-a-nivel-nacional\/","og_site_name":"Informe Litoral","article_publisher":"https:\/\/www.facebook.com\/informelitoral\/","article_published_time":"2016-07-22T10:42:42+00:00","og_image":[{"width":1920,"height":1080,"url":"https:\/\/informelitoral.com.ar\/%77%70%2d%63%6f%6e%74%65%6e%74\/uploads\/2016\/07\/maxresdefault.jpg","type":"image\/jpeg"}],"author":"Gonzalo Schmidt","twitter_card":"summary_large_image","twitter_creator":"@InformeLitoral","twitter_site":"@InformeLitoral","twitter_misc":{"Escrito por":"Gonzalo Schmidt","Tiempo de lectura":"3 minutos"},"schema":{"@context":"https:\/\/schema.org","@graph":[{"@type":"Article","@id":"https:\/\/informelitoral.com.ar\/ya-se-cubrio-el-826-de-trigo-del-total-del-area-proyectada-a-nivel-nacional\/#article","isPartOf":{"@id":"https:\/\/informelitoral.com.ar\/ya-se-cubrio-el-826-de-trigo-del-total-del-area-proyectada-a-nivel-nacional\/"},"author":{"name":"Gonzalo Schmidt","@id":"https:\/\/informelitoral.com.ar\/#\/schema\/person\/b9d00407c836482871ef1d57bf8e3180"},"headline":"Ya se cubri\u00f3 el 82,6% de trigo del total del \u00e1rea proyectada a nivel nacional","datePublished":"2016-07-22T10:42:42+00:00","mainEntityOfPage":{"@id":"https:\/\/informelitoral.com.ar\/ya-se-cubrio-el-826-de-trigo-del-total-del-area-proyectada-a-nivel-nacional\/"},"wordCount":639,"commentCount":0,"publisher":{"@id":"https:\/\/informelitoral.com.ar\/#organization"},"image":{"@id":"https:\/\/informelitoral.com.ar\/ya-se-cubrio-el-826-de-trigo-del-total-del-area-proyectada-a-nivel-nacional\/#primaryimage"},"thumbnailUrl":"http:\/\/www.isletasnoticias.com.ar\/%77%70%2d%63%6f%6e%74%65%6e%74\/uploads\/2016\/07\/maxresdefault-1024x576.jpg","articleSection":["Campo"],"inLanguage":"es","potentialAction":[{"@type":"CommentAction","name":"Comment","target":["https:\/\/informelitoral.com.ar\/ya-se-cubrio-el-826-de-trigo-del-total-del-area-proyectada-a-nivel-nacional\/#respond"]}]},{"@type":"WebPage","@id":"https:\/\/informelitoral.com.ar\/ya-se-cubrio-el-826-de-trigo-del-total-del-area-proyectada-a-nivel-nacional\/","url":"https:\/\/informelitoral.com.ar\/ya-se-cubrio-el-826-de-trigo-del-total-del-area-proyectada-a-nivel-nacional\/","name":"Ya se cubri\u00f3 el 82,6% de trigo del total del \u00e1rea proyectada a nivel nacional - Informe Litoral","isPartOf":{"@id":"https:\/\/informelitoral.com.ar\/#website"},"primaryImageOfPage":{"@id":"https:\/\/informelitoral.com.ar\/ya-se-cubrio-el-826-de-trigo-del-total-del-area-proyectada-a-nivel-nacional\/#primaryimage"},"image":{"@id":"https:\/\/informelitoral.com.ar\/ya-se-cubrio-el-826-de-trigo-del-total-del-area-proyectada-a-nivel-nacional\/#primaryimage"},"thumbnailUrl":"http:\/\/www.isletasnoticias.com.ar\/%77%70%2d%63%6f%6e%74%65%6e%74\/uploads\/2016\/07\/maxresdefault-1024x576.jpg","datePublished":"2016-07-22T10:42:42+00:00","breadcrumb":{"@id":"https:\/\/informelitoral.com.ar\/ya-se-cubrio-el-826-de-trigo-del-total-del-area-proyectada-a-nivel-nacional\/#breadcrumb"},"inLanguage":"es","potentialAction":[{"@type":"ReadAction","target":["https:\/\/informelitoral.com.ar\/ya-se-cubrio-el-826-de-trigo-del-total-del-area-proyectada-a-nivel-nacional\/"]}]},{"@type":"ImageObject","inLanguage":"es","@id":"https:\/\/informelitoral.com.ar\/ya-se-cubrio-el-826-de-trigo-del-total-del-area-proyectada-a-nivel-nacional\/#primaryimage","url":"http:\/\/www.isletasnoticias.com.ar\/%77%70%2d%63%6f%6e%74%65%6e%74\/uploads\/2016\/07\/maxresdefault-1024x576.jpg","contentUrl":"http:\/\/www.isletasnoticias.com.ar\/%77%70%2d%63%6f%6e%74%65%6e%74\/uploads\/2016\/07\/maxresdefault-1024x576.jpg"},{"@type":"BreadcrumbList","@id":"https:\/\/informelitoral.com.ar\/ya-se-cubrio-el-826-de-trigo-del-total-del-area-proyectada-a-nivel-nacional\/#breadcrumb","itemListElement":[{"@type":"ListItem","position":1,"name":"Portada","item":"https:\/\/informelitoral.com.ar\/"},{"@type":"ListItem","position":2,"name":"Ya se cubri\u00f3 el 82,6% de trigo del total del \u00e1rea proyectada a nivel nacional"}]},{"@type":"WebSite","@id":"https:\/\/informelitoral.com.ar\/#website","url":"https:\/\/informelitoral.com.ar\/","name":"Informe Litoral","description":"&quot;Nos informamos&quot; ","publisher":{"@id":"https:\/\/informelitoral.com.ar\/#organization"},"potentialAction":[{"@type":"SearchAction","target":{"@type":"EntryPoint","urlTemplate":"https:\/\/informelitoral.com.ar\/?s={search_term_string}"},"query-input":{"@type":"PropertyValueSpecification","valueRequired":true,"valueName":"search_term_string"}}],"inLanguage":"es"},{"@type":"Organization","@id":"https:\/\/informelitoral.com.ar\/#organization","name":"Informe Litoral","url":"https:\/\/informelitoral.com.ar\/","logo":{"@type":"ImageObject","inLanguage":"es","@id":"https:\/\/informelitoral.com.ar\/#\/schema\/logo\/image\/","url":"https:\/\/informelitoral.com.ar\/%77%70%2d%63%6f%6e%74%65%6e%74\/uploads\/2021\/01\/circulo.png","contentUrl":"https:\/\/informelitoral.com.ar\/%77%70%2d%63%6f%6e%74%65%6e%74\/uploads\/2021\/01\/circulo.png","width":723,"height":731,"caption":"Informe Litoral"},"image":{"@id":"https:\/\/informelitoral.com.ar\/#\/schema\/logo\/image\/"},"sameAs":["https:\/\/www.facebook.com\/informelitoral\/","https:\/\/x.com\/InformeLitoral","https:\/\/www.instagram.com\/informelitoral\/","https:\/\/www.youtube.com\/channel\/UCua4Qvz8Icb6MYqhoq9xLXw"]},{"@type":"Person","@id":"https:\/\/informelitoral.com.ar\/#\/schema\/person\/b9d00407c836482871ef1d57bf8e3180","name":"Gonzalo Schmidt","image":{"@type":"ImageObject","inLanguage":"es","@id":"https:\/\/secure.gravatar.com\/avatar\/31a1a7b66ff2de83bd0e9fd79d026630d2d99e55e8bfe501287647b4fd9743de?s=96&d=mm&r=g","url":"https:\/\/secure.gravatar.com\/avatar\/31a1a7b66ff2de83bd0e9fd79d026630d2d99e55e8bfe501287647b4fd9743de?s=96&d=mm&r=g","contentUrl":"https:\/\/secure.gravatar.com\/avatar\/31a1a7b66ff2de83bd0e9fd79d026630d2d99e55e8bfe501287647b4fd9743de?s=96&d=mm&r=g","caption":"Gonzalo Schmidt"},"description":"Sitio web de noticias de la provincia de Entre R\u00edos, Argentina. Informaci\u00f3n y entretenimiento. Informe Litoral, nos informamos.","sameAs":["http:\/\/www.isletasnoticias.com.ar"],"url":"https:\/\/informelitoral.com.ar\/author\/gonzalo\/"}]}},"_links":{"self":[{"href":"https:\/\/informelitoral.com.ar\/%77%70%2d%6a%73%6f%6e\/wp\/v2\/posts\/17330","targetHints":{"allow":["GET"]}}],"collection":[{"href":"https:\/\/informelitoral.com.ar\/%77%70%2d%6a%73%6f%6e\/wp\/v2\/posts"}],"about":[{"href":"https:\/\/informelitoral.com.ar\/%77%70%2d%6a%73%6f%6e\/wp\/v2\/types\/post"}],"author":[{"embeddable":true,"href":"https:\/\/informelitoral.com.ar\/%77%70%2d%6a%73%6f%6e\/wp\/v2\/users\/2"}],"replies":[{"embeddable":true,"href":"https:\/\/informelitoral.com.ar\/%77%70%2d%6a%73%6f%6e\/wp\/v2\/comments?post=17330"}],"version-history":[{"count":0,"href":"https:\/\/informelitoral.com.ar\/%77%70%2d%6a%73%6f%6e\/wp\/v2\/posts\/17330\/revisions"}],"wp:attachment":[{"href":"https:\/\/informelitoral.com.ar\/%77%70%2d%6a%73%6f%6e\/wp\/v2\/media?parent=17330"}],"wp:term":[{"taxonomy":"category","embeddable":true,"href":"https:\/\/informelitoral.com.ar\/%77%70%2d%6a%73%6f%6e\/wp\/v2\/categories?post=17330"},{"taxonomy":"post_tag","embeddable":true,"href":"https:\/\/informelitoral.com.ar\/%77%70%2d%6a%73%6f%6e\/wp\/v2\/tags?post=17330"}],"curies":[{"name":"wp","href":"https:\/\/api.w.org\/{rel}","templated":true}]}}