{"id":17312,"date":"2016-07-21T16:49:53","date_gmt":"2016-07-21T19:49:53","guid":{"rendered":"http:\/\/www.isletasnoticias.com.ar\/?p=17312"},"modified":"2016-07-21T16:49:53","modified_gmt":"2016-07-21T19:49:53","slug":"revelaron-que-la-cuenca-del-rio-parana-esta-contaminada","status":"publish","type":"post","link":"https:\/\/informelitoral.com.ar\/revelaron-que-la-cuenca-del-rio-parana-esta-contaminada\/","title":{"rendered":"Revelaron que la cuenca del r\u00edo Paran\u00e1 est\u00e1 contaminada"},"content":{"rendered":"<p><strong>Es la conclusi\u00f3n a la que llegaron un grupo de cient\u00edficos argentinos en un estudio que publicaron en una revista internacional. El principal contaminante es el glifosato.<a href=\"http:\/\/www.isletasnoticias.com.ar\/%77%70%2d%63%6f%6e%74%65%6e%74\/uploads\/2016\/07\/o_1469076783.jpg\"><img loading=\"lazy\" decoding=\"async\" class=\"aligncenter wp-image-17313 size-full\" src=\"http:\/\/www.isletasnoticias.com.ar\/%77%70%2d%63%6f%6e%74%65%6e%74\/uploads\/2016\/07\/o_1469076783.jpg\" alt=\"o_1469076783\" width=\"640\" height=\"360\" srcset=\"https:\/\/informelitoral.com.ar\/%77%70%2d%63%6f%6e%74%65%6e%74\/uploads\/2016\/07\/o_1469076783.jpg 640w, https:\/\/informelitoral.com.ar\/%77%70%2d%63%6f%6e%74%65%6e%74\/uploads\/2016\/07\/o_1469076783-300x169.jpg 300w\" sizes=\"auto, (max-width: 640px) 100vw, 640px\" \/><\/a><\/strong><\/p>\n<section class=\"texto\">La cuenca del r\u00edo Paran\u00e1, considerada la segunda m\u00e1s importante de Sudam\u00e9rica detr\u00e1s de la que comprende al Amazonas, est\u00e1 altamente contaminada con el herbicida glifosato o AMPA, su degradaci\u00f3n.<\/p>\n<p>A esa conclusi\u00f3n arribaron cient\u00edficos argentinos en un estudio que acaba de ser publicado por la revista internacional Environmental Monitoring and Assessment.<\/p>\n<p>El trabajo, que lleva la firma de, entre otros, Alicia Ronco y Dami\u00e1n Marino, investigadores del Conicet, expone que el Paran\u00e1 recibe una carga contaminante de sus afluentes sobre todo en las zonas donde se realiza agricultura intensiva mediante la f\u00f3rmula que combina semillas transg\u00e9nicas, agroqu\u00edmicos y siembra directa.<\/p>\n<p>La investigaci\u00f3n, llevada a cabo entre los a\u00f1os 2011 y 2012, destaca que el herbicida y su metabolito se concentran mayormente en los sedimentos de los cursos de agua que alimentan precisamente al Paran\u00e1.<\/p>\n<p>Mediante testeos concretados en 23 puntos espec\u00edficos del r\u00edo en cuesti\u00f3n, el Paraguay y sus afluentes, los cient\u00edficos ubicaron altas concentraciones del plaguicida sobre todo en el lecho de estas corrientes.<\/p>\n<p>El monitoreo arroj\u00f3, contundente, que la contaminaci\u00f3n m\u00e1s alta de glifosato corresponde al r\u00edo Luj\u00e1n. Tambi\u00e9n los resultados fueron alarmantes en los tramos del Paran\u00e1 que comprenden a las provincias de Santa Fe y Entre R\u00edos. Para el equipo que llev\u00f3 a cabo la experiencia, esto es consecuencia directa de las actividades agr\u00edcolas que se realizan en toda esa \u00e1rea del pa\u00eds.<\/p>\n<p>En di\u00e1logo con <em>Adelanto 24,<\/em> Marino explic\u00f3 que el estudio \u00abcomenz\u00f3 en el Pilcomayo y fue realizado en colaboraci\u00f3n con Prefectura Naval. Se midieron todas las desembocaduras de los r\u00edos que alimentan al Paran\u00e1\u00bb.<\/p>\n<p>\u00abLa carga de glifosato aument\u00f3 a partir de la zona centro de la provincia de Santa Fe, con concentraciones muy elevadas en afluentes como el arroyo Saladillo. Los niveles que medimos en muchos casos dieron m\u00e1s elevados que los cotejados directamente en campos de soja\u00bb, enfatiz\u00f3.<\/p>\n<p>El estudio tambi\u00e9n detect\u00f3 fuerte carga de glifosato y AMPA en canales y arroyos del sureste de la provincia de Buenos Aires.<\/p>\n<p>De acuerdo al trabajo, el 66 por ciento de las muestras de sedimentos registr\u00f3 una pauta elevada del plaguicida en esa \u00e1rea, mientras que ya en la medici\u00f3n aplicada al agua el 35 y 33 por ciento de las tomas dieron positivo en glifosato y AMPA, respectivamente. \u00abEl sedimento del arroyo Saladillo exhibe una alta y letal toxicidad\u00bb, precisa el documento.<\/p>\n<p>La investigaci\u00f3n citada es la primera que se realiza en la cuenca del Paran\u00e1 y, precisa el monitoreo, \u00ablos resultados revelaron una mayor concentraci\u00f3n de estos compuestos en los tramos medio e inferior del r\u00edo, por afluentes de regiones donde se hace agricultura intensiva\u00bb.<\/p>\n<p>Seg\u00fan Marino, el inconveniente que origina esta concentraci\u00f3n en el lecho del r\u00edo y sus afluentes radica en el car\u00e1cter anaer\u00f3bico del punto donde se acumula el glifosato.<\/p>\n<p>\u00abSe detect\u00f3 sulfuro, y el problema es que opera como un agente que no permite la degradaci\u00f3n normal a trav\u00e9s de microorganismos. La falta de ox\u00edgeno que origina el v\u00ednculo entre el glifosato y el sulfuro hace que el herbicida perdure en el tiempo. La falta de organismos que oxiden, derivada de esta combinaci\u00f3n que hallamos en los lechos, origina que el glifosato siga acumul\u00e1ndose\u00bb, argument\u00f3.<\/p>\n<p>El cient\u00edfico sostuvo que buena parte de la incorporaci\u00f3n del plaguicida a las aguas surge del escurrido de las lluvias que caen sobre los campos productivos.<\/p>\n<p>\u00abEl glifosato es poco af\u00edn a permanecer en el agua, por eso lo detectamos muy poco en el centro del r\u00edo. Pero s\u00ed se adhiere en el fondo, se acumula en el barro. En tanto los materiales tienden a movilizarse hacia las costas, entonces tenemos un lodo en tr\u00e1nsito que luego se acumula en las playas\u00bb, indic\u00f3.<\/p>\n<p>En marzo de 2015, la Agencia Internacional para la Investigaci\u00f3n del C\u00e1ncer (IARC), vinculada a la Organizaci\u00f3n Mundial de la Salud (OMS), declar\u00f3 que existe evidencia suficiente para vincular al glifosato con, precisamente, la proliferaci\u00f3n del c\u00e1ncer.<\/p>\n<p>En la Argentina el herbicida representa, por lejos, el pesticida m\u00e1s utilizado en la producci\u00f3n agr\u00edcola: de acuerdo a n\u00fameros de la industria, de los casi 300 millones de litros de agroqu\u00edmicos que se fumigan por a\u00f1o, m\u00e1s de la mitad corresponden al herbicida creado por la multinacional Monsanto. <em>(<span class=\"fuente\">Revista An\u00e1lisis)<\/span><\/em><\/section>\n","protected":false},"excerpt":{"rendered":"<p>Es la conclusi&oacute;n a la que llegaron un grupo de cient&iacute;ficos argentinos en un estudio que publicaron en una revista internacional. El principal contaminante es el glifosato. La cuenca del r&iacute;o Paran&aacute;, considerada la segunda m&aacute;s importante de Sudam&eacute;rica detr&aacute;s de la que comprende al Amazonas, est&aacute; altamente contaminada con el herbicida glifosato o AMPA, [&hellip;]<\/p>\n","protected":false},"author":2,"featured_media":0,"comment_status":"open","ping_status":"open","sticky":false,"template":"","format":"standard","meta":{"fifu_image_url":"","fifu_image_alt":"","footnotes":""},"categories":[10,6],"tags":[],"class_list":{"0":"post-17312","1":"post","2":"type-post","3":"status-publish","4":"format-standard","6":"category-campo","7":"category-entre-rios"},"yoast_head":"<title>Revelaron que la cuenca del r\u00edo Paran\u00e1 est\u00e1 contaminada - Informe Litoral<\/title>\n<meta name=\"robots\" content=\"index, follow, max-snippet:-1, max-image-preview:large, max-video-preview:-1\" \/>\n<link rel=\"canonical\" href=\"https:\/\/informelitoral.com.ar\/revelaron-que-la-cuenca-del-rio-parana-esta-contaminada\/\" \/>\n<meta property=\"og:locale\" content=\"es_ES\" \/>\n<meta property=\"og:type\" content=\"article\" \/>\n<meta property=\"og:title\" content=\"Revelaron que la cuenca del r\u00edo Paran\u00e1 est\u00e1 contaminada - Informe Litoral\" \/>\n<meta property=\"og:description\" content=\"Es la conclusi&oacute;n a la que llegaron un grupo de cient&iacute;ficos argentinos en un estudio que publicaron en una revista internacional. El principal contaminante es el glifosato. La cuenca del r&iacute;o Paran&aacute;, considerada la segunda m&aacute;s importante de Sudam&eacute;rica detr&aacute;s de la que comprende al Amazonas, est&aacute; altamente contaminada con el herbicida glifosato o AMPA, [&hellip;]\" \/>\n<meta property=\"og:url\" content=\"https:\/\/informelitoral.com.ar\/revelaron-que-la-cuenca-del-rio-parana-esta-contaminada\/\" \/>\n<meta property=\"og:site_name\" content=\"Informe Litoral\" \/>\n<meta property=\"article:publisher\" content=\"https:\/\/www.facebook.com\/informelitoral\/\" \/>\n<meta property=\"article:published_time\" content=\"2016-07-21T19:49:53+00:00\" \/>\n<meta property=\"og:image\" content=\"https:\/\/informelitoral.com.ar\/%77%70%2d%63%6f%6e%74%65%6e%74\/uploads\/2016\/07\/o_1469076783.jpg\" \/>\n\t<meta property=\"og:image:width\" content=\"640\" \/>\n\t<meta property=\"og:image:height\" content=\"360\" \/>\n\t<meta property=\"og:image:type\" content=\"image\/jpeg\" \/>\n<meta name=\"author\" content=\"Gonzalo Schmidt\" \/>\n<meta name=\"twitter:card\" content=\"summary_large_image\" \/>\n<meta name=\"twitter:creator\" content=\"@InformeLitoral\" \/>\n<meta name=\"twitter:site\" content=\"@InformeLitoral\" \/>\n<meta name=\"twitter:label1\" content=\"Escrito por\" \/>\n\t<meta name=\"twitter:data1\" content=\"Gonzalo Schmidt\" \/>\n\t<meta name=\"twitter:label2\" content=\"Tiempo de lectura\" \/>\n\t<meta name=\"twitter:data2\" content=\"4 minutos\" \/>\n<script type=\"application\/ld+json\" class=\"yoast-schema-graph\">{\"@context\":\"https:\\\/\\\/schema.org\",\"@graph\":[{\"@type\":\"Article\",\"@id\":\"https:\\\/\\\/informelitoral.com.ar\\\/revelaron-que-la-cuenca-del-rio-parana-esta-contaminada\\\/#article\",\"isPartOf\":{\"@id\":\"https:\\\/\\\/informelitoral.com.ar\\\/revelaron-que-la-cuenca-del-rio-parana-esta-contaminada\\\/\"},\"author\":{\"name\":\"Gonzalo Schmidt\",\"@id\":\"https:\\\/\\\/informelitoral.com.ar\\\/#\\\/schema\\\/person\\\/b9d00407c836482871ef1d57bf8e3180\"},\"headline\":\"Revelaron que la cuenca del r\u00edo Paran\u00e1 est\u00e1 contaminada\",\"datePublished\":\"2016-07-21T19:49:53+00:00\",\"mainEntityOfPage\":{\"@id\":\"https:\\\/\\\/informelitoral.com.ar\\\/revelaron-que-la-cuenca-del-rio-parana-esta-contaminada\\\/\"},\"wordCount\":793,\"commentCount\":0,\"publisher\":{\"@id\":\"https:\\\/\\\/informelitoral.com.ar\\\/#organization\"},\"image\":{\"@id\":\"https:\\\/\\\/informelitoral.com.ar\\\/revelaron-que-la-cuenca-del-rio-parana-esta-contaminada\\\/#primaryimage\"},\"thumbnailUrl\":\"http:\\\/\\\/www.isletasnoticias.com.ar\\\/%77%70%2d%63%6f%6e%74%65%6e%74\\\/uploads\\\/2016\\\/07\\\/o_1469076783.jpg\",\"articleSection\":[\"Campo\",\"Entre R\u00edos\"],\"inLanguage\":\"es\",\"potentialAction\":[{\"@type\":\"CommentAction\",\"name\":\"Comment\",\"target\":[\"https:\\\/\\\/informelitoral.com.ar\\\/revelaron-que-la-cuenca-del-rio-parana-esta-contaminada\\\/#respond\"]}]},{\"@type\":\"WebPage\",\"@id\":\"https:\\\/\\\/informelitoral.com.ar\\\/revelaron-que-la-cuenca-del-rio-parana-esta-contaminada\\\/\",\"url\":\"https:\\\/\\\/informelitoral.com.ar\\\/revelaron-que-la-cuenca-del-rio-parana-esta-contaminada\\\/\",\"name\":\"Revelaron que la cuenca del r\u00edo Paran\u00e1 est\u00e1 contaminada - Informe Litoral\",\"isPartOf\":{\"@id\":\"https:\\\/\\\/informelitoral.com.ar\\\/#website\"},\"primaryImageOfPage\":{\"@id\":\"https:\\\/\\\/informelitoral.com.ar\\\/revelaron-que-la-cuenca-del-rio-parana-esta-contaminada\\\/#primaryimage\"},\"image\":{\"@id\":\"https:\\\/\\\/informelitoral.com.ar\\\/revelaron-que-la-cuenca-del-rio-parana-esta-contaminada\\\/#primaryimage\"},\"thumbnailUrl\":\"http:\\\/\\\/www.isletasnoticias.com.ar\\\/%77%70%2d%63%6f%6e%74%65%6e%74\\\/uploads\\\/2016\\\/07\\\/o_1469076783.jpg\",\"datePublished\":\"2016-07-21T19:49:53+00:00\",\"breadcrumb\":{\"@id\":\"https:\\\/\\\/informelitoral.com.ar\\\/revelaron-que-la-cuenca-del-rio-parana-esta-contaminada\\\/#breadcrumb\"},\"inLanguage\":\"es\",\"potentialAction\":[{\"@type\":\"ReadAction\",\"target\":[\"https:\\\/\\\/informelitoral.com.ar\\\/revelaron-que-la-cuenca-del-rio-parana-esta-contaminada\\\/\"]}]},{\"@type\":\"ImageObject\",\"inLanguage\":\"es\",\"@id\":\"https:\\\/\\\/informelitoral.com.ar\\\/revelaron-que-la-cuenca-del-rio-parana-esta-contaminada\\\/#primaryimage\",\"url\":\"http:\\\/\\\/www.isletasnoticias.com.ar\\\/%77%70%2d%63%6f%6e%74%65%6e%74\\\/uploads\\\/2016\\\/07\\\/o_1469076783.jpg\",\"contentUrl\":\"http:\\\/\\\/www.isletasnoticias.com.ar\\\/%77%70%2d%63%6f%6e%74%65%6e%74\\\/uploads\\\/2016\\\/07\\\/o_1469076783.jpg\"},{\"@type\":\"BreadcrumbList\",\"@id\":\"https:\\\/\\\/informelitoral.com.ar\\\/revelaron-que-la-cuenca-del-rio-parana-esta-contaminada\\\/#breadcrumb\",\"itemListElement\":[{\"@type\":\"ListItem\",\"position\":1,\"name\":\"Portada\",\"item\":\"https:\\\/\\\/informelitoral.com.ar\\\/\"},{\"@type\":\"ListItem\",\"position\":2,\"name\":\"Revelaron que la cuenca del r\u00edo Paran\u00e1 est\u00e1 contaminada\"}]},{\"@type\":\"WebSite\",\"@id\":\"https:\\\/\\\/informelitoral.com.ar\\\/#website\",\"url\":\"https:\\\/\\\/informelitoral.com.ar\\\/\",\"name\":\"Informe Litoral\",\"description\":\"&quot;Nos informamos&quot; \",\"publisher\":{\"@id\":\"https:\\\/\\\/informelitoral.com.ar\\\/#organization\"},\"potentialAction\":[{\"@type\":\"SearchAction\",\"target\":{\"@type\":\"EntryPoint\",\"urlTemplate\":\"https:\\\/\\\/informelitoral.com.ar\\\/?s={search_term_string}\"},\"query-input\":{\"@type\":\"PropertyValueSpecification\",\"valueRequired\":true,\"valueName\":\"search_term_string\"}}],\"inLanguage\":\"es\"},{\"@type\":\"Organization\",\"@id\":\"https:\\\/\\\/informelitoral.com.ar\\\/#organization\",\"name\":\"Informe Litoral\",\"url\":\"https:\\\/\\\/informelitoral.com.ar\\\/\",\"logo\":{\"@type\":\"ImageObject\",\"inLanguage\":\"es\",\"@id\":\"https:\\\/\\\/informelitoral.com.ar\\\/#\\\/schema\\\/logo\\\/image\\\/\",\"url\":\"https:\\\/\\\/informelitoral.com.ar\\\/%77%70%2d%63%6f%6e%74%65%6e%74\\\/uploads\\\/2021\\\/01\\\/circulo.png\",\"contentUrl\":\"https:\\\/\\\/informelitoral.com.ar\\\/%77%70%2d%63%6f%6e%74%65%6e%74\\\/uploads\\\/2021\\\/01\\\/circulo.png\",\"width\":723,\"height\":731,\"caption\":\"Informe Litoral\"},\"image\":{\"@id\":\"https:\\\/\\\/informelitoral.com.ar\\\/#\\\/schema\\\/logo\\\/image\\\/\"},\"sameAs\":[\"https:\\\/\\\/www.facebook.com\\\/informelitoral\\\/\",\"https:\\\/\\\/x.com\\\/InformeLitoral\",\"https:\\\/\\\/www.instagram.com\\\/informelitoral\\\/\",\"https:\\\/\\\/www.youtube.com\\\/channel\\\/UCua4Qvz8Icb6MYqhoq9xLXw\"]},{\"@type\":\"Person\",\"@id\":\"https:\\\/\\\/informelitoral.com.ar\\\/#\\\/schema\\\/person\\\/b9d00407c836482871ef1d57bf8e3180\",\"name\":\"Gonzalo Schmidt\",\"image\":{\"@type\":\"ImageObject\",\"inLanguage\":\"es\",\"@id\":\"https:\\\/\\\/secure.gravatar.com\\\/avatar\\\/31a1a7b66ff2de83bd0e9fd79d026630d2d99e55e8bfe501287647b4fd9743de?s=96&d=mm&r=g\",\"url\":\"https:\\\/\\\/secure.gravatar.com\\\/avatar\\\/31a1a7b66ff2de83bd0e9fd79d026630d2d99e55e8bfe501287647b4fd9743de?s=96&d=mm&r=g\",\"contentUrl\":\"https:\\\/\\\/secure.gravatar.com\\\/avatar\\\/31a1a7b66ff2de83bd0e9fd79d026630d2d99e55e8bfe501287647b4fd9743de?s=96&d=mm&r=g\",\"caption\":\"Gonzalo Schmidt\"},\"description\":\"Sitio web de noticias de la provincia de Entre R\u00edos, Argentina. Informaci\u00f3n y entretenimiento. Informe Litoral, nos informamos.\",\"sameAs\":[\"http:\\\/\\\/www.isletasnoticias.com.ar\"],\"url\":\"https:\\\/\\\/informelitoral.com.ar\\\/author\\\/gonzalo\\\/\"}]}<\/script>","yoast_head_json":{"title":"Revelaron que la cuenca del r\u00edo Paran\u00e1 est\u00e1 contaminada - Informe Litoral","robots":{"index":"index","follow":"follow","max-snippet":"max-snippet:-1","max-image-preview":"max-image-preview:large","max-video-preview":"max-video-preview:-1"},"canonical":"https:\/\/informelitoral.com.ar\/revelaron-que-la-cuenca-del-rio-parana-esta-contaminada\/","og_locale":"es_ES","og_type":"article","og_title":"Revelaron que la cuenca del r\u00edo Paran\u00e1 est\u00e1 contaminada - Informe Litoral","og_description":"Es la conclusi&oacute;n a la que llegaron un grupo de cient&iacute;ficos argentinos en un estudio que publicaron en una revista internacional. El principal contaminante es el glifosato. La cuenca del r&iacute;o Paran&aacute;, considerada la segunda m&aacute;s importante de Sudam&eacute;rica detr&aacute;s de la que comprende al Amazonas, est&aacute; altamente contaminada con el herbicida glifosato o AMPA, [&hellip;]","og_url":"https:\/\/informelitoral.com.ar\/revelaron-que-la-cuenca-del-rio-parana-esta-contaminada\/","og_site_name":"Informe Litoral","article_publisher":"https:\/\/www.facebook.com\/informelitoral\/","article_published_time":"2016-07-21T19:49:53+00:00","og_image":[{"width":640,"height":360,"url":"https:\/\/informelitoral.com.ar\/%77%70%2d%63%6f%6e%74%65%6e%74\/uploads\/2016\/07\/o_1469076783.jpg","type":"image\/jpeg"}],"author":"Gonzalo Schmidt","twitter_card":"summary_large_image","twitter_creator":"@InformeLitoral","twitter_site":"@InformeLitoral","twitter_misc":{"Escrito por":"Gonzalo Schmidt","Tiempo de lectura":"4 minutos"},"schema":{"@context":"https:\/\/schema.org","@graph":[{"@type":"Article","@id":"https:\/\/informelitoral.com.ar\/revelaron-que-la-cuenca-del-rio-parana-esta-contaminada\/#article","isPartOf":{"@id":"https:\/\/informelitoral.com.ar\/revelaron-que-la-cuenca-del-rio-parana-esta-contaminada\/"},"author":{"name":"Gonzalo Schmidt","@id":"https:\/\/informelitoral.com.ar\/#\/schema\/person\/b9d00407c836482871ef1d57bf8e3180"},"headline":"Revelaron que la cuenca del r\u00edo Paran\u00e1 est\u00e1 contaminada","datePublished":"2016-07-21T19:49:53+00:00","mainEntityOfPage":{"@id":"https:\/\/informelitoral.com.ar\/revelaron-que-la-cuenca-del-rio-parana-esta-contaminada\/"},"wordCount":793,"commentCount":0,"publisher":{"@id":"https:\/\/informelitoral.com.ar\/#organization"},"image":{"@id":"https:\/\/informelitoral.com.ar\/revelaron-que-la-cuenca-del-rio-parana-esta-contaminada\/#primaryimage"},"thumbnailUrl":"http:\/\/www.isletasnoticias.com.ar\/%77%70%2d%63%6f%6e%74%65%6e%74\/uploads\/2016\/07\/o_1469076783.jpg","articleSection":["Campo","Entre R\u00edos"],"inLanguage":"es","potentialAction":[{"@type":"CommentAction","name":"Comment","target":["https:\/\/informelitoral.com.ar\/revelaron-que-la-cuenca-del-rio-parana-esta-contaminada\/#respond"]}]},{"@type":"WebPage","@id":"https:\/\/informelitoral.com.ar\/revelaron-que-la-cuenca-del-rio-parana-esta-contaminada\/","url":"https:\/\/informelitoral.com.ar\/revelaron-que-la-cuenca-del-rio-parana-esta-contaminada\/","name":"Revelaron que la cuenca del r\u00edo Paran\u00e1 est\u00e1 contaminada - Informe Litoral","isPartOf":{"@id":"https:\/\/informelitoral.com.ar\/#website"},"primaryImageOfPage":{"@id":"https:\/\/informelitoral.com.ar\/revelaron-que-la-cuenca-del-rio-parana-esta-contaminada\/#primaryimage"},"image":{"@id":"https:\/\/informelitoral.com.ar\/revelaron-que-la-cuenca-del-rio-parana-esta-contaminada\/#primaryimage"},"thumbnailUrl":"http:\/\/www.isletasnoticias.com.ar\/%77%70%2d%63%6f%6e%74%65%6e%74\/uploads\/2016\/07\/o_1469076783.jpg","datePublished":"2016-07-21T19:49:53+00:00","breadcrumb":{"@id":"https:\/\/informelitoral.com.ar\/revelaron-que-la-cuenca-del-rio-parana-esta-contaminada\/#breadcrumb"},"inLanguage":"es","potentialAction":[{"@type":"ReadAction","target":["https:\/\/informelitoral.com.ar\/revelaron-que-la-cuenca-del-rio-parana-esta-contaminada\/"]}]},{"@type":"ImageObject","inLanguage":"es","@id":"https:\/\/informelitoral.com.ar\/revelaron-que-la-cuenca-del-rio-parana-esta-contaminada\/#primaryimage","url":"http:\/\/www.isletasnoticias.com.ar\/%77%70%2d%63%6f%6e%74%65%6e%74\/uploads\/2016\/07\/o_1469076783.jpg","contentUrl":"http:\/\/www.isletasnoticias.com.ar\/%77%70%2d%63%6f%6e%74%65%6e%74\/uploads\/2016\/07\/o_1469076783.jpg"},{"@type":"BreadcrumbList","@id":"https:\/\/informelitoral.com.ar\/revelaron-que-la-cuenca-del-rio-parana-esta-contaminada\/#breadcrumb","itemListElement":[{"@type":"ListItem","position":1,"name":"Portada","item":"https:\/\/informelitoral.com.ar\/"},{"@type":"ListItem","position":2,"name":"Revelaron que la cuenca del r\u00edo Paran\u00e1 est\u00e1 contaminada"}]},{"@type":"WebSite","@id":"https:\/\/informelitoral.com.ar\/#website","url":"https:\/\/informelitoral.com.ar\/","name":"Informe Litoral","description":"&quot;Nos informamos&quot; ","publisher":{"@id":"https:\/\/informelitoral.com.ar\/#organization"},"potentialAction":[{"@type":"SearchAction","target":{"@type":"EntryPoint","urlTemplate":"https:\/\/informelitoral.com.ar\/?s={search_term_string}"},"query-input":{"@type":"PropertyValueSpecification","valueRequired":true,"valueName":"search_term_string"}}],"inLanguage":"es"},{"@type":"Organization","@id":"https:\/\/informelitoral.com.ar\/#organization","name":"Informe Litoral","url":"https:\/\/informelitoral.com.ar\/","logo":{"@type":"ImageObject","inLanguage":"es","@id":"https:\/\/informelitoral.com.ar\/#\/schema\/logo\/image\/","url":"https:\/\/informelitoral.com.ar\/%77%70%2d%63%6f%6e%74%65%6e%74\/uploads\/2021\/01\/circulo.png","contentUrl":"https:\/\/informelitoral.com.ar\/%77%70%2d%63%6f%6e%74%65%6e%74\/uploads\/2021\/01\/circulo.png","width":723,"height":731,"caption":"Informe Litoral"},"image":{"@id":"https:\/\/informelitoral.com.ar\/#\/schema\/logo\/image\/"},"sameAs":["https:\/\/www.facebook.com\/informelitoral\/","https:\/\/x.com\/InformeLitoral","https:\/\/www.instagram.com\/informelitoral\/","https:\/\/www.youtube.com\/channel\/UCua4Qvz8Icb6MYqhoq9xLXw"]},{"@type":"Person","@id":"https:\/\/informelitoral.com.ar\/#\/schema\/person\/b9d00407c836482871ef1d57bf8e3180","name":"Gonzalo Schmidt","image":{"@type":"ImageObject","inLanguage":"es","@id":"https:\/\/secure.gravatar.com\/avatar\/31a1a7b66ff2de83bd0e9fd79d026630d2d99e55e8bfe501287647b4fd9743de?s=96&d=mm&r=g","url":"https:\/\/secure.gravatar.com\/avatar\/31a1a7b66ff2de83bd0e9fd79d026630d2d99e55e8bfe501287647b4fd9743de?s=96&d=mm&r=g","contentUrl":"https:\/\/secure.gravatar.com\/avatar\/31a1a7b66ff2de83bd0e9fd79d026630d2d99e55e8bfe501287647b4fd9743de?s=96&d=mm&r=g","caption":"Gonzalo Schmidt"},"description":"Sitio web de noticias de la provincia de Entre R\u00edos, Argentina. Informaci\u00f3n y entretenimiento. Informe Litoral, nos informamos.","sameAs":["http:\/\/www.isletasnoticias.com.ar"],"url":"https:\/\/informelitoral.com.ar\/author\/gonzalo\/"}]}},"_links":{"self":[{"href":"https:\/\/informelitoral.com.ar\/%77%70%2d%6a%73%6f%6e\/wp\/v2\/posts\/17312","targetHints":{"allow":["GET"]}}],"collection":[{"href":"https:\/\/informelitoral.com.ar\/%77%70%2d%6a%73%6f%6e\/wp\/v2\/posts"}],"about":[{"href":"https:\/\/informelitoral.com.ar\/%77%70%2d%6a%73%6f%6e\/wp\/v2\/types\/post"}],"author":[{"embeddable":true,"href":"https:\/\/informelitoral.com.ar\/%77%70%2d%6a%73%6f%6e\/wp\/v2\/users\/2"}],"replies":[{"embeddable":true,"href":"https:\/\/informelitoral.com.ar\/%77%70%2d%6a%73%6f%6e\/wp\/v2\/comments?post=17312"}],"version-history":[{"count":0,"href":"https:\/\/informelitoral.com.ar\/%77%70%2d%6a%73%6f%6e\/wp\/v2\/posts\/17312\/revisions"}],"wp:attachment":[{"href":"https:\/\/informelitoral.com.ar\/%77%70%2d%6a%73%6f%6e\/wp\/v2\/media?parent=17312"}],"wp:term":[{"taxonomy":"category","embeddable":true,"href":"https:\/\/informelitoral.com.ar\/%77%70%2d%6a%73%6f%6e\/wp\/v2\/categories?post=17312"},{"taxonomy":"post_tag","embeddable":true,"href":"https:\/\/informelitoral.com.ar\/%77%70%2d%6a%73%6f%6e\/wp\/v2\/tags?post=17312"}],"curies":[{"name":"wp","href":"https:\/\/api.w.org\/{rel}","templated":true}]}}