{"id":17308,"date":"2016-07-21T16:15:05","date_gmt":"2016-07-21T19:15:05","guid":{"rendered":"http:\/\/www.isletasnoticias.com.ar\/?p=17308"},"modified":"2016-07-21T16:33:31","modified_gmt":"2016-07-21T19:33:31","slug":"gremios-y-gobierno-acordaron-continuar-el-dialogo-luego-del-acuerdo-con-ate-y-upcn","status":"publish","type":"post","link":"https:\/\/informelitoral.com.ar\/gremios-y-gobierno-acordaron-continuar-el-dialogo-luego-del-acuerdo-con-ate-y-upcn\/","title":{"rendered":"Gremios docentes y gobierno acordaron continuar el di\u00e1logo luego del acuerdo con ATE y UPCN"},"content":{"rendered":"<p><strong>\u201cHay un acuerdo paritario vigente que estamos cumpliendo. Reconocemos el deterioro del salario por el fen\u00f3meno inflacionario, estamos dispuestos a realizar los m\u00e1ximos esfuerzos para atender esa demanda atendiendo a la cr\u00edtica situaci\u00f3n financiera de la provincia. Del mismo modo que esperamos el normal inicio de las clases este lunes\u201d, dijo el ministro de Gobierno, <em>Mauro Urribarri<\/em>, tras recibir a los gremios docentes.<a href=\"http:\/\/www.isletasnoticias.com.ar\/%77%70%2d%63%6f%6e%74%65%6e%74\/uploads\/2016\/07\/b_1469054114.jpg\"><img loading=\"lazy\" decoding=\"async\" class=\"aligncenter wp-image-17309 size-full\" src=\"http:\/\/www.isletasnoticias.com.ar\/%77%70%2d%63%6f%6e%74%65%6e%74\/uploads\/2016\/07\/b_1469054114.jpg\" alt=\"b_1469054114\" width=\"492\" height=\"255\" srcset=\"https:\/\/informelitoral.com.ar\/%77%70%2d%63%6f%6e%74%65%6e%74\/uploads\/2016\/07\/b_1469054114.jpg 492w, https:\/\/informelitoral.com.ar\/%77%70%2d%63%6f%6e%74%65%6e%74\/uploads\/2016\/07\/b_1469054114-300x155.jpg 300w\" sizes=\"auto, (max-width: 492px) 100vw, 492px\" \/><\/a><\/strong><\/p>\n<p>Urribarri, junto a su par de Econom\u00eda, Hugo Ballay, y el presidente del CGE, Jos\u00e9 Luis Panozzo, escuch\u00f3 los planteos de los referentes gremiales, tras lo cual acordaron un nuevo encuentro luego del cierre de paritarias con ATE y UPCN en el que se volver\u00e1 a abordar el esquema salarial docente.<\/p>\n<p>Durante el encuentro se hizo notar que con los haberes de julio los docentes estar\u00e1n cobrando la segunda etapa de incremento acordado con el gobierno en paritarias, que sumado al anterior representa un 37 por ciento respecto a los haberes de febrero, incluyendo el Fondo de Incentivo Docente. El salario inicial de bolsillo ser\u00e1 a partir de julio de 9.329 pesos que cobrar\u00e1n alrededor de 1.000 docentes sobre un total de casi 46.000 en toda la provincia.<\/p>\n<p>El ministro de Gobierno se\u00f1al\u00f3 que \u00abhay un reconocimiento expl\u00edcito por parte del gobierno del deterioro salarial producido por el fen\u00f3meno inflacionario, que como todos sabemos se aceler\u00f3 bruscamente para toda la poblaci\u00f3n; la decisi\u00f3n del gobernador Gustavo Bordet es realizar el mayor esfuerzo posible para acordar con los gremios en el marco del di\u00e1logo\u201d.<\/p>\n<p>Agreg\u00f3 \u00abeso significa que estamos abiertos a los requerimientos de los trabajadores, pero que s\u00f3lo podremos dar una respuesta responsable en funci\u00f3n de la precariedad del esquema financiero provincial\u00bb.<\/p>\n<p>En tanto sobre la posibilidad de poner n\u00fameros a una eventual oferta del gobierno aclar\u00f3 que \u00abnosotros entendemos la posici\u00f3n de los representantes gremiales ya que somos conscientes de la p\u00e9rdida de poder adquisitivo en funci\u00f3n de los aumentos generalizados de tarifas, servicios y los costos de la canasta familiar, pero junto a las autoridades de Econom\u00eda y el CGE, debemos hacer un ensayo o simulaci\u00f3n del impacto que un nuevo incremento provocar\u00eda en las cuentas provinciales\u201d.<\/p>\n<p>Tambi\u00e9n se dio cuenta que, m\u00e1s all\u00e1 del acuerdo por la devoluci\u00f3n de la coparticipaci\u00f3n (este a\u00f1o de 3 puntos), hay medidas del gobierno nacional que impactan negativamente en los ingresos a las arcas provinciales (impuesto a las ganancias, devoluci\u00f3n del IVA a jubilados y beneficiarios de planes sociales, la pr\u00f3rroga en el pago del IVA a las Pymes, y la quita de las retenciones, entre otras).<\/p>\n<p>La reuni\u00f3n se realiz\u00f3 por convocatoria del Poder Ejecutivo respondiendo al pedido de los dirigentes de los cuatro gremios docentes con el fin de encontrar puntos de coincidencia en el debate salarial y avanzar en proyectos conjuntos sobre la mejora de las condiciones de trabajo y la calidad educativa.<\/p>\n","protected":false},"excerpt":{"rendered":"<p>&ldquo;Hay un acuerdo paritario vigente que estamos cumpliendo. Reconocemos el deterioro del salario por el fen&oacute;meno inflacionario, estamos dispuestos a realizar los m&aacute;ximos esfuerzos para atender esa demanda atendiendo a la cr&iacute;tica situaci&oacute;n financiera de la provincia. Del mismo modo que esperamos el normal inicio de las clases este lunes&rdquo;, dijo el ministro de Gobierno, [&hellip;]<\/p>\n","protected":false},"author":2,"featured_media":0,"comment_status":"open","ping_status":"open","sticky":false,"template":"","format":"standard","meta":{"fifu_image_url":"","fifu_image_alt":"","footnotes":""},"categories":[6],"tags":[],"class_list":{"0":"post-17308","1":"post","2":"type-post","3":"status-publish","4":"format-standard","6":"category-entre-rios"},"yoast_head":"<title>Gremios docentes y gobierno acordaron continuar el di\u00e1logo luego del acuerdo con ATE y UPCN - Informe Litoral<\/title>\n<meta name=\"robots\" content=\"index, follow, max-snippet:-1, max-image-preview:large, max-video-preview:-1\" \/>\n<link rel=\"canonical\" href=\"https:\/\/informelitoral.com.ar\/gremios-y-gobierno-acordaron-continuar-el-dialogo-luego-del-acuerdo-con-ate-y-upcn\/\" \/>\n<meta property=\"og:locale\" content=\"es_ES\" \/>\n<meta property=\"og:type\" content=\"article\" \/>\n<meta property=\"og:title\" content=\"Gremios docentes y gobierno acordaron continuar el di\u00e1logo luego del acuerdo con ATE y UPCN - Informe Litoral\" \/>\n<meta property=\"og:description\" content=\"&ldquo;Hay un acuerdo paritario vigente que estamos cumpliendo. Reconocemos el deterioro del salario por el fen&oacute;meno inflacionario, estamos dispuestos a realizar los m&aacute;ximos esfuerzos para atender esa demanda atendiendo a la cr&iacute;tica situaci&oacute;n financiera de la provincia. Del mismo modo que esperamos el normal inicio de las clases este lunes&rdquo;, dijo el ministro de Gobierno, [&hellip;]\" \/>\n<meta property=\"og:url\" content=\"https:\/\/informelitoral.com.ar\/gremios-y-gobierno-acordaron-continuar-el-dialogo-luego-del-acuerdo-con-ate-y-upcn\/\" \/>\n<meta property=\"og:site_name\" content=\"Informe Litoral\" \/>\n<meta property=\"article:publisher\" content=\"https:\/\/www.facebook.com\/informelitoral\/\" \/>\n<meta property=\"article:published_time\" content=\"2016-07-21T19:15:05+00:00\" \/>\n<meta property=\"article:modified_time\" content=\"2016-07-21T19:33:31+00:00\" \/>\n<meta property=\"og:image\" content=\"https:\/\/informelitoral.com.ar\/%77%70%2d%63%6f%6e%74%65%6e%74\/uploads\/2016\/07\/b_1469054114.jpg\" \/>\n\t<meta property=\"og:image:width\" content=\"492\" \/>\n\t<meta property=\"og:image:height\" content=\"255\" \/>\n\t<meta property=\"og:image:type\" content=\"image\/jpeg\" \/>\n<meta name=\"author\" content=\"Gonzalo Schmidt\" \/>\n<meta name=\"twitter:card\" content=\"summary_large_image\" \/>\n<meta name=\"twitter:creator\" content=\"@InformeLitoral\" \/>\n<meta name=\"twitter:site\" content=\"@InformeLitoral\" \/>\n<meta name=\"twitter:label1\" content=\"Escrito por\" \/>\n\t<meta name=\"twitter:data1\" content=\"Gonzalo Schmidt\" \/>\n\t<meta name=\"twitter:label2\" content=\"Tiempo de lectura\" \/>\n\t<meta name=\"twitter:data2\" content=\"2 minutos\" \/>\n<script type=\"application\/ld+json\" class=\"yoast-schema-graph\">{\"@context\":\"https:\\\/\\\/schema.org\",\"@graph\":[{\"@type\":\"Article\",\"@id\":\"https:\\\/\\\/informelitoral.com.ar\\\/gremios-y-gobierno-acordaron-continuar-el-dialogo-luego-del-acuerdo-con-ate-y-upcn\\\/#article\",\"isPartOf\":{\"@id\":\"https:\\\/\\\/informelitoral.com.ar\\\/gremios-y-gobierno-acordaron-continuar-el-dialogo-luego-del-acuerdo-con-ate-y-upcn\\\/\"},\"author\":{\"name\":\"Gonzalo Schmidt\",\"@id\":\"https:\\\/\\\/informelitoral.com.ar\\\/#\\\/schema\\\/person\\\/b9d00407c836482871ef1d57bf8e3180\"},\"headline\":\"Gremios docentes y gobierno acordaron continuar el di\u00e1logo luego del acuerdo con ATE y UPCN\",\"datePublished\":\"2016-07-21T19:15:05+00:00\",\"dateModified\":\"2016-07-21T19:33:31+00:00\",\"mainEntityOfPage\":{\"@id\":\"https:\\\/\\\/informelitoral.com.ar\\\/gremios-y-gobierno-acordaron-continuar-el-dialogo-luego-del-acuerdo-con-ate-y-upcn\\\/\"},\"wordCount\":509,\"commentCount\":0,\"publisher\":{\"@id\":\"https:\\\/\\\/informelitoral.com.ar\\\/#organization\"},\"image\":{\"@id\":\"https:\\\/\\\/informelitoral.com.ar\\\/gremios-y-gobierno-acordaron-continuar-el-dialogo-luego-del-acuerdo-con-ate-y-upcn\\\/#primaryimage\"},\"thumbnailUrl\":\"http:\\\/\\\/www.isletasnoticias.com.ar\\\/%77%70%2d%63%6f%6e%74%65%6e%74\\\/uploads\\\/2016\\\/07\\\/b_1469054114.jpg\",\"articleSection\":[\"Entre R\u00edos\"],\"inLanguage\":\"es\",\"potentialAction\":[{\"@type\":\"CommentAction\",\"name\":\"Comment\",\"target\":[\"https:\\\/\\\/informelitoral.com.ar\\\/gremios-y-gobierno-acordaron-continuar-el-dialogo-luego-del-acuerdo-con-ate-y-upcn\\\/#respond\"]}]},{\"@type\":\"WebPage\",\"@id\":\"https:\\\/\\\/informelitoral.com.ar\\\/gremios-y-gobierno-acordaron-continuar-el-dialogo-luego-del-acuerdo-con-ate-y-upcn\\\/\",\"url\":\"https:\\\/\\\/informelitoral.com.ar\\\/gremios-y-gobierno-acordaron-continuar-el-dialogo-luego-del-acuerdo-con-ate-y-upcn\\\/\",\"name\":\"Gremios docentes y gobierno acordaron continuar el di\u00e1logo luego del acuerdo con ATE y UPCN - Informe Litoral\",\"isPartOf\":{\"@id\":\"https:\\\/\\\/informelitoral.com.ar\\\/#website\"},\"primaryImageOfPage\":{\"@id\":\"https:\\\/\\\/informelitoral.com.ar\\\/gremios-y-gobierno-acordaron-continuar-el-dialogo-luego-del-acuerdo-con-ate-y-upcn\\\/#primaryimage\"},\"image\":{\"@id\":\"https:\\\/\\\/informelitoral.com.ar\\\/gremios-y-gobierno-acordaron-continuar-el-dialogo-luego-del-acuerdo-con-ate-y-upcn\\\/#primaryimage\"},\"thumbnailUrl\":\"http:\\\/\\\/www.isletasnoticias.com.ar\\\/%77%70%2d%63%6f%6e%74%65%6e%74\\\/uploads\\\/2016\\\/07\\\/b_1469054114.jpg\",\"datePublished\":\"2016-07-21T19:15:05+00:00\",\"dateModified\":\"2016-07-21T19:33:31+00:00\",\"breadcrumb\":{\"@id\":\"https:\\\/\\\/informelitoral.com.ar\\\/gremios-y-gobierno-acordaron-continuar-el-dialogo-luego-del-acuerdo-con-ate-y-upcn\\\/#breadcrumb\"},\"inLanguage\":\"es\",\"potentialAction\":[{\"@type\":\"ReadAction\",\"target\":[\"https:\\\/\\\/informelitoral.com.ar\\\/gremios-y-gobierno-acordaron-continuar-el-dialogo-luego-del-acuerdo-con-ate-y-upcn\\\/\"]}]},{\"@type\":\"ImageObject\",\"inLanguage\":\"es\",\"@id\":\"https:\\\/\\\/informelitoral.com.ar\\\/gremios-y-gobierno-acordaron-continuar-el-dialogo-luego-del-acuerdo-con-ate-y-upcn\\\/#primaryimage\",\"url\":\"http:\\\/\\\/www.isletasnoticias.com.ar\\\/%77%70%2d%63%6f%6e%74%65%6e%74\\\/uploads\\\/2016\\\/07\\\/b_1469054114.jpg\",\"contentUrl\":\"http:\\\/\\\/www.isletasnoticias.com.ar\\\/%77%70%2d%63%6f%6e%74%65%6e%74\\\/uploads\\\/2016\\\/07\\\/b_1469054114.jpg\"},{\"@type\":\"BreadcrumbList\",\"@id\":\"https:\\\/\\\/informelitoral.com.ar\\\/gremios-y-gobierno-acordaron-continuar-el-dialogo-luego-del-acuerdo-con-ate-y-upcn\\\/#breadcrumb\",\"itemListElement\":[{\"@type\":\"ListItem\",\"position\":1,\"name\":\"Portada\",\"item\":\"https:\\\/\\\/informelitoral.com.ar\\\/\"},{\"@type\":\"ListItem\",\"position\":2,\"name\":\"Gremios docentes y gobierno acordaron continuar el di\u00e1logo luego del acuerdo con ATE y UPCN\"}]},{\"@type\":\"WebSite\",\"@id\":\"https:\\\/\\\/informelitoral.com.ar\\\/#website\",\"url\":\"https:\\\/\\\/informelitoral.com.ar\\\/\",\"name\":\"Informe Litoral\",\"description\":\"&quot;Nos informamos&quot; \",\"publisher\":{\"@id\":\"https:\\\/\\\/informelitoral.com.ar\\\/#organization\"},\"potentialAction\":[{\"@type\":\"SearchAction\",\"target\":{\"@type\":\"EntryPoint\",\"urlTemplate\":\"https:\\\/\\\/informelitoral.com.ar\\\/?s={search_term_string}\"},\"query-input\":{\"@type\":\"PropertyValueSpecification\",\"valueRequired\":true,\"valueName\":\"search_term_string\"}}],\"inLanguage\":\"es\"},{\"@type\":\"Organization\",\"@id\":\"https:\\\/\\\/informelitoral.com.ar\\\/#organization\",\"name\":\"Informe Litoral\",\"url\":\"https:\\\/\\\/informelitoral.com.ar\\\/\",\"logo\":{\"@type\":\"ImageObject\",\"inLanguage\":\"es\",\"@id\":\"https:\\\/\\\/informelitoral.com.ar\\\/#\\\/schema\\\/logo\\\/image\\\/\",\"url\":\"https:\\\/\\\/informelitoral.com.ar\\\/%77%70%2d%63%6f%6e%74%65%6e%74\\\/uploads\\\/2021\\\/01\\\/circulo.png\",\"contentUrl\":\"https:\\\/\\\/informelitoral.com.ar\\\/%77%70%2d%63%6f%6e%74%65%6e%74\\\/uploads\\\/2021\\\/01\\\/circulo.png\",\"width\":723,\"height\":731,\"caption\":\"Informe Litoral\"},\"image\":{\"@id\":\"https:\\\/\\\/informelitoral.com.ar\\\/#\\\/schema\\\/logo\\\/image\\\/\"},\"sameAs\":[\"https:\\\/\\\/www.facebook.com\\\/informelitoral\\\/\",\"https:\\\/\\\/x.com\\\/InformeLitoral\",\"https:\\\/\\\/www.instagram.com\\\/informelitoral\\\/\",\"https:\\\/\\\/www.youtube.com\\\/channel\\\/UCua4Qvz8Icb6MYqhoq9xLXw\"]},{\"@type\":\"Person\",\"@id\":\"https:\\\/\\\/informelitoral.com.ar\\\/#\\\/schema\\\/person\\\/b9d00407c836482871ef1d57bf8e3180\",\"name\":\"Gonzalo Schmidt\",\"image\":{\"@type\":\"ImageObject\",\"inLanguage\":\"es\",\"@id\":\"https:\\\/\\\/secure.gravatar.com\\\/avatar\\\/31a1a7b66ff2de83bd0e9fd79d026630d2d99e55e8bfe501287647b4fd9743de?s=96&d=mm&r=g\",\"url\":\"https:\\\/\\\/secure.gravatar.com\\\/avatar\\\/31a1a7b66ff2de83bd0e9fd79d026630d2d99e55e8bfe501287647b4fd9743de?s=96&d=mm&r=g\",\"contentUrl\":\"https:\\\/\\\/secure.gravatar.com\\\/avatar\\\/31a1a7b66ff2de83bd0e9fd79d026630d2d99e55e8bfe501287647b4fd9743de?s=96&d=mm&r=g\",\"caption\":\"Gonzalo Schmidt\"},\"description\":\"Sitio web de noticias de la provincia de Entre R\u00edos, Argentina. Informaci\u00f3n y entretenimiento. Informe Litoral, nos informamos.\",\"sameAs\":[\"http:\\\/\\\/www.isletasnoticias.com.ar\"],\"url\":\"https:\\\/\\\/informelitoral.com.ar\\\/author\\\/gonzalo\\\/\"}]}<\/script>","yoast_head_json":{"title":"Gremios docentes y gobierno acordaron continuar el di\u00e1logo luego del acuerdo con ATE y UPCN - Informe Litoral","robots":{"index":"index","follow":"follow","max-snippet":"max-snippet:-1","max-image-preview":"max-image-preview:large","max-video-preview":"max-video-preview:-1"},"canonical":"https:\/\/informelitoral.com.ar\/gremios-y-gobierno-acordaron-continuar-el-dialogo-luego-del-acuerdo-con-ate-y-upcn\/","og_locale":"es_ES","og_type":"article","og_title":"Gremios docentes y gobierno acordaron continuar el di\u00e1logo luego del acuerdo con ATE y UPCN - Informe Litoral","og_description":"&ldquo;Hay un acuerdo paritario vigente que estamos cumpliendo. Reconocemos el deterioro del salario por el fen&oacute;meno inflacionario, estamos dispuestos a realizar los m&aacute;ximos esfuerzos para atender esa demanda atendiendo a la cr&iacute;tica situaci&oacute;n financiera de la provincia. Del mismo modo que esperamos el normal inicio de las clases este lunes&rdquo;, dijo el ministro de Gobierno, [&hellip;]","og_url":"https:\/\/informelitoral.com.ar\/gremios-y-gobierno-acordaron-continuar-el-dialogo-luego-del-acuerdo-con-ate-y-upcn\/","og_site_name":"Informe Litoral","article_publisher":"https:\/\/www.facebook.com\/informelitoral\/","article_published_time":"2016-07-21T19:15:05+00:00","article_modified_time":"2016-07-21T19:33:31+00:00","og_image":[{"width":492,"height":255,"url":"https:\/\/informelitoral.com.ar\/%77%70%2d%63%6f%6e%74%65%6e%74\/uploads\/2016\/07\/b_1469054114.jpg","type":"image\/jpeg"}],"author":"Gonzalo Schmidt","twitter_card":"summary_large_image","twitter_creator":"@InformeLitoral","twitter_site":"@InformeLitoral","twitter_misc":{"Escrito por":"Gonzalo Schmidt","Tiempo de lectura":"2 minutos"},"schema":{"@context":"https:\/\/schema.org","@graph":[{"@type":"Article","@id":"https:\/\/informelitoral.com.ar\/gremios-y-gobierno-acordaron-continuar-el-dialogo-luego-del-acuerdo-con-ate-y-upcn\/#article","isPartOf":{"@id":"https:\/\/informelitoral.com.ar\/gremios-y-gobierno-acordaron-continuar-el-dialogo-luego-del-acuerdo-con-ate-y-upcn\/"},"author":{"name":"Gonzalo Schmidt","@id":"https:\/\/informelitoral.com.ar\/#\/schema\/person\/b9d00407c836482871ef1d57bf8e3180"},"headline":"Gremios docentes y gobierno acordaron continuar el di\u00e1logo luego del acuerdo con ATE y UPCN","datePublished":"2016-07-21T19:15:05+00:00","dateModified":"2016-07-21T19:33:31+00:00","mainEntityOfPage":{"@id":"https:\/\/informelitoral.com.ar\/gremios-y-gobierno-acordaron-continuar-el-dialogo-luego-del-acuerdo-con-ate-y-upcn\/"},"wordCount":509,"commentCount":0,"publisher":{"@id":"https:\/\/informelitoral.com.ar\/#organization"},"image":{"@id":"https:\/\/informelitoral.com.ar\/gremios-y-gobierno-acordaron-continuar-el-dialogo-luego-del-acuerdo-con-ate-y-upcn\/#primaryimage"},"thumbnailUrl":"http:\/\/www.isletasnoticias.com.ar\/%77%70%2d%63%6f%6e%74%65%6e%74\/uploads\/2016\/07\/b_1469054114.jpg","articleSection":["Entre R\u00edos"],"inLanguage":"es","potentialAction":[{"@type":"CommentAction","name":"Comment","target":["https:\/\/informelitoral.com.ar\/gremios-y-gobierno-acordaron-continuar-el-dialogo-luego-del-acuerdo-con-ate-y-upcn\/#respond"]}]},{"@type":"WebPage","@id":"https:\/\/informelitoral.com.ar\/gremios-y-gobierno-acordaron-continuar-el-dialogo-luego-del-acuerdo-con-ate-y-upcn\/","url":"https:\/\/informelitoral.com.ar\/gremios-y-gobierno-acordaron-continuar-el-dialogo-luego-del-acuerdo-con-ate-y-upcn\/","name":"Gremios docentes y gobierno acordaron continuar el di\u00e1logo luego del acuerdo con ATE y UPCN - Informe Litoral","isPartOf":{"@id":"https:\/\/informelitoral.com.ar\/#website"},"primaryImageOfPage":{"@id":"https:\/\/informelitoral.com.ar\/gremios-y-gobierno-acordaron-continuar-el-dialogo-luego-del-acuerdo-con-ate-y-upcn\/#primaryimage"},"image":{"@id":"https:\/\/informelitoral.com.ar\/gremios-y-gobierno-acordaron-continuar-el-dialogo-luego-del-acuerdo-con-ate-y-upcn\/#primaryimage"},"thumbnailUrl":"http:\/\/www.isletasnoticias.com.ar\/%77%70%2d%63%6f%6e%74%65%6e%74\/uploads\/2016\/07\/b_1469054114.jpg","datePublished":"2016-07-21T19:15:05+00:00","dateModified":"2016-07-21T19:33:31+00:00","breadcrumb":{"@id":"https:\/\/informelitoral.com.ar\/gremios-y-gobierno-acordaron-continuar-el-dialogo-luego-del-acuerdo-con-ate-y-upcn\/#breadcrumb"},"inLanguage":"es","potentialAction":[{"@type":"ReadAction","target":["https:\/\/informelitoral.com.ar\/gremios-y-gobierno-acordaron-continuar-el-dialogo-luego-del-acuerdo-con-ate-y-upcn\/"]}]},{"@type":"ImageObject","inLanguage":"es","@id":"https:\/\/informelitoral.com.ar\/gremios-y-gobierno-acordaron-continuar-el-dialogo-luego-del-acuerdo-con-ate-y-upcn\/#primaryimage","url":"http:\/\/www.isletasnoticias.com.ar\/%77%70%2d%63%6f%6e%74%65%6e%74\/uploads\/2016\/07\/b_1469054114.jpg","contentUrl":"http:\/\/www.isletasnoticias.com.ar\/%77%70%2d%63%6f%6e%74%65%6e%74\/uploads\/2016\/07\/b_1469054114.jpg"},{"@type":"BreadcrumbList","@id":"https:\/\/informelitoral.com.ar\/gremios-y-gobierno-acordaron-continuar-el-dialogo-luego-del-acuerdo-con-ate-y-upcn\/#breadcrumb","itemListElement":[{"@type":"ListItem","position":1,"name":"Portada","item":"https:\/\/informelitoral.com.ar\/"},{"@type":"ListItem","position":2,"name":"Gremios docentes y gobierno acordaron continuar el di\u00e1logo luego del acuerdo con ATE y UPCN"}]},{"@type":"WebSite","@id":"https:\/\/informelitoral.com.ar\/#website","url":"https:\/\/informelitoral.com.ar\/","name":"Informe Litoral","description":"&quot;Nos informamos&quot; ","publisher":{"@id":"https:\/\/informelitoral.com.ar\/#organization"},"potentialAction":[{"@type":"SearchAction","target":{"@type":"EntryPoint","urlTemplate":"https:\/\/informelitoral.com.ar\/?s={search_term_string}"},"query-input":{"@type":"PropertyValueSpecification","valueRequired":true,"valueName":"search_term_string"}}],"inLanguage":"es"},{"@type":"Organization","@id":"https:\/\/informelitoral.com.ar\/#organization","name":"Informe Litoral","url":"https:\/\/informelitoral.com.ar\/","logo":{"@type":"ImageObject","inLanguage":"es","@id":"https:\/\/informelitoral.com.ar\/#\/schema\/logo\/image\/","url":"https:\/\/informelitoral.com.ar\/%77%70%2d%63%6f%6e%74%65%6e%74\/uploads\/2021\/01\/circulo.png","contentUrl":"https:\/\/informelitoral.com.ar\/%77%70%2d%63%6f%6e%74%65%6e%74\/uploads\/2021\/01\/circulo.png","width":723,"height":731,"caption":"Informe Litoral"},"image":{"@id":"https:\/\/informelitoral.com.ar\/#\/schema\/logo\/image\/"},"sameAs":["https:\/\/www.facebook.com\/informelitoral\/","https:\/\/x.com\/InformeLitoral","https:\/\/www.instagram.com\/informelitoral\/","https:\/\/www.youtube.com\/channel\/UCua4Qvz8Icb6MYqhoq9xLXw"]},{"@type":"Person","@id":"https:\/\/informelitoral.com.ar\/#\/schema\/person\/b9d00407c836482871ef1d57bf8e3180","name":"Gonzalo Schmidt","image":{"@type":"ImageObject","inLanguage":"es","@id":"https:\/\/secure.gravatar.com\/avatar\/31a1a7b66ff2de83bd0e9fd79d026630d2d99e55e8bfe501287647b4fd9743de?s=96&d=mm&r=g","url":"https:\/\/secure.gravatar.com\/avatar\/31a1a7b66ff2de83bd0e9fd79d026630d2d99e55e8bfe501287647b4fd9743de?s=96&d=mm&r=g","contentUrl":"https:\/\/secure.gravatar.com\/avatar\/31a1a7b66ff2de83bd0e9fd79d026630d2d99e55e8bfe501287647b4fd9743de?s=96&d=mm&r=g","caption":"Gonzalo Schmidt"},"description":"Sitio web de noticias de la provincia de Entre R\u00edos, Argentina. Informaci\u00f3n y entretenimiento. Informe Litoral, nos informamos.","sameAs":["http:\/\/www.isletasnoticias.com.ar"],"url":"https:\/\/informelitoral.com.ar\/author\/gonzalo\/"}]}},"_links":{"self":[{"href":"https:\/\/informelitoral.com.ar\/%77%70%2d%6a%73%6f%6e\/wp\/v2\/posts\/17308","targetHints":{"allow":["GET"]}}],"collection":[{"href":"https:\/\/informelitoral.com.ar\/%77%70%2d%6a%73%6f%6e\/wp\/v2\/posts"}],"about":[{"href":"https:\/\/informelitoral.com.ar\/%77%70%2d%6a%73%6f%6e\/wp\/v2\/types\/post"}],"author":[{"embeddable":true,"href":"https:\/\/informelitoral.com.ar\/%77%70%2d%6a%73%6f%6e\/wp\/v2\/users\/2"}],"replies":[{"embeddable":true,"href":"https:\/\/informelitoral.com.ar\/%77%70%2d%6a%73%6f%6e\/wp\/v2\/comments?post=17308"}],"version-history":[{"count":0,"href":"https:\/\/informelitoral.com.ar\/%77%70%2d%6a%73%6f%6e\/wp\/v2\/posts\/17308\/revisions"}],"wp:attachment":[{"href":"https:\/\/informelitoral.com.ar\/%77%70%2d%6a%73%6f%6e\/wp\/v2\/media?parent=17308"}],"wp:term":[{"taxonomy":"category","embeddable":true,"href":"https:\/\/informelitoral.com.ar\/%77%70%2d%6a%73%6f%6e\/wp\/v2\/categories?post=17308"},{"taxonomy":"post_tag","embeddable":true,"href":"https:\/\/informelitoral.com.ar\/%77%70%2d%6a%73%6f%6e\/wp\/v2\/tags?post=17308"}],"curies":[{"name":"wp","href":"https:\/\/api.w.org\/{rel}","templated":true}]}}