{"id":17299,"date":"2016-07-20T08:18:35","date_gmt":"2016-07-20T11:18:35","guid":{"rendered":"http:\/\/www.isletasnoticias.com.ar\/?p=17299"},"modified":"2016-07-20T08:18:35","modified_gmt":"2016-07-20T11:18:35","slug":"enersa-solicito-una-suba-del-23-en-la-tarifa-electrica","status":"publish","type":"post","link":"https:\/\/informelitoral.com.ar\/enersa-solicito-una-suba-del-23-en-la-tarifa-electrica\/","title":{"rendered":"Enersa solicit\u00f3 una suba del 23% en la tarifa el\u00e9ctrica"},"content":{"rendered":"<p><strong>Venci\u00f3 el plazo para la presentaci\u00f3n de pedidos de modificaci\u00f3n del cuadro tarifario que tendr\u00e1 vigencia hasta 2021. Enersa y la Cooperativa de Concordia fueron las \u00fanicas que presentaron su informe. La audiencia p\u00fablica ser<\/strong><strong>\u00e1 el 31 de agosto.<a href=\"http:\/\/www.isletasnoticias.com.ar\/%77%70%2d%63%6f%6e%74%65%6e%74\/uploads\/2016\/07\/descarga-10.jpg\"><img loading=\"lazy\" decoding=\"async\" class=\"aligncenter wp-image-17300 \" src=\"http:\/\/www.isletasnoticias.com.ar\/%77%70%2d%63%6f%6e%74%65%6e%74\/uploads\/2016\/07\/descarga-10.jpg\" alt=\"descarga\" width=\"476\" height=\"355\" \/><\/a><\/strong><\/p>\n<section class=\"texto\">La estatal Energ\u00eda Entre R\u00edos SA (Enersa) y la Cooperativa El\u00e9ctrica de Concordia Limitada fueron los dos \u00fanicos distribuidores que presentaron ayer, despu\u00e9s de mediod\u00eda, sus propuestas para la revisi\u00f3n de la tarifa el\u00e9ctrica para discutir en la audiencia p\u00fablica citada para el 31 de agosto en Villaguay por el Ente Provincial Regulador de la Energ\u00eda (EPRE).<\/p>\n<p>En su presentaci\u00f3n, Enersa pide una recomposici\u00f3n de la tarifa del 23% promedio para el quinquenio 2016\/2021, de acuerdo a lo que explic\u00f3 su presidente, Alfredo Muzzachiodi. Mientras, la Cooperativa El\u00e9ctrica de Concordia plante\u00f3 la necesidad de que se resuelva un pedido que ya hizo en 2014: que se la libere de pagar a la distribuidora estatal una cifra de casi $ 5 millones en concepto de peaje para la transmisi\u00f3n de energ\u00eda.<\/p>\n<p>Enersa, que concentra el 71 % del mercado el\u00e9ctrico en Entre R\u00edos, y las 18 cooperativas el\u00e9ctricas fueron convocadas por el Ente Regulador para efectuar propuestas de c\u00e1lculo de tarifa en el marco de la revisi\u00f3n quinquenal que ordena la Ley de Marco Regulatorio El\u00e9ctrico. El art\u00edculo 33\u00ba de esa ley establece: \u00abFinalizado el per\u00edodo inicial de 5 a\u00f1os el Ente Provincial Regulador de la Energ\u00eda fijar\u00e1 nuevamente las tarifas por per\u00edodos sucesivos a los 5 a\u00f1os\u00bb.<\/p>\n<p>A trav\u00e9s de la resoluci\u00f3n N\u00ba 70, fechada el 30 de junio \u00faltimo, el EPRE convoc\u00f3 a esa revisi\u00f3n quinquenal de modo de acordar un cuadro tarifario que tendr\u00e1 vigencia para el per\u00edodo 1\u00ba de julio de este a\u00f1o y hasta el 30 de junio de 2021. As\u00ed lo fijan, adem\u00e1s, los nuevos contratos de concesi\u00f3n que firm\u00f3 la Provincia con los distribuidoras a trav\u00e9s del decreto N\u00ba 734\/12 luego de la recomposici\u00f3n del mercado tras la estatizaci\u00f3n del servicio tras la salida de los privados.<em>(<span class=\"fuente\">El Diario)<\/span><\/em><\/section>\n","protected":false},"excerpt":{"rendered":"<p>Venci&oacute; el plazo para la presentaci&oacute;n de pedidos de modificaci&oacute;n del cuadro tarifario que tendr&aacute; vigencia hasta 2021. Enersa y la Cooperativa de Concordia fueron las &uacute;nicas que presentaron su informe. La audiencia p&uacute;blica ser&aacute; el 31 de agosto. La estatal Energ&iacute;a Entre R&iacute;os SA (Enersa) y la Cooperativa El&eacute;ctrica de Concordia Limitada fueron los [&hellip;]<\/p>\n","protected":false},"author":2,"featured_media":0,"comment_status":"open","ping_status":"open","sticky":false,"template":"","format":"standard","meta":{"fifu_image_url":"","fifu_image_alt":"","footnotes":""},"categories":[6],"tags":[],"class_list":{"0":"post-17299","1":"post","2":"type-post","3":"status-publish","4":"format-standard","6":"category-entre-rios"},"yoast_head":"<title>Enersa solicit\u00f3 una suba del 23% en la tarifa el\u00e9ctrica - Informe Litoral<\/title>\n<meta name=\"robots\" content=\"index, follow, max-snippet:-1, max-image-preview:large, max-video-preview:-1\" \/>\n<link rel=\"canonical\" href=\"https:\/\/informelitoral.com.ar\/enersa-solicito-una-suba-del-23-en-la-tarifa-electrica\/\" \/>\n<meta property=\"og:locale\" content=\"es_ES\" \/>\n<meta property=\"og:type\" content=\"article\" \/>\n<meta property=\"og:title\" content=\"Enersa solicit\u00f3 una suba del 23% en la tarifa el\u00e9ctrica - Informe Litoral\" \/>\n<meta property=\"og:description\" content=\"Venci&oacute; el plazo para la presentaci&oacute;n de pedidos de modificaci&oacute;n del cuadro tarifario que tendr&aacute; vigencia hasta 2021. Enersa y la Cooperativa de Concordia fueron las &uacute;nicas que presentaron su informe. La audiencia p&uacute;blica ser&aacute; el 31 de agosto. La estatal Energ&iacute;a Entre R&iacute;os SA (Enersa) y la Cooperativa El&eacute;ctrica de Concordia Limitada fueron los [&hellip;]\" \/>\n<meta property=\"og:url\" content=\"https:\/\/informelitoral.com.ar\/enersa-solicito-una-suba-del-23-en-la-tarifa-electrica\/\" \/>\n<meta property=\"og:site_name\" content=\"Informe Litoral\" \/>\n<meta property=\"article:publisher\" content=\"https:\/\/www.facebook.com\/informelitoral\/\" \/>\n<meta property=\"article:published_time\" content=\"2016-07-20T11:18:35+00:00\" \/>\n<meta property=\"og:image\" content=\"https:\/\/informelitoral.com.ar\/%77%70%2d%63%6f%6e%74%65%6e%74\/uploads\/2016\/07\/descarga-10.jpg\" \/>\n\t<meta property=\"og:image:width\" content=\"260\" \/>\n\t<meta property=\"og:image:height\" content=\"194\" \/>\n\t<meta property=\"og:image:type\" content=\"image\/jpeg\" \/>\n<meta name=\"author\" content=\"Gonzalo Schmidt\" \/>\n<meta name=\"twitter:card\" content=\"summary_large_image\" \/>\n<meta name=\"twitter:creator\" content=\"@InformeLitoral\" \/>\n<meta name=\"twitter:site\" content=\"@InformeLitoral\" \/>\n<meta name=\"twitter:label1\" content=\"Escrito por\" \/>\n\t<meta name=\"twitter:data1\" content=\"Gonzalo Schmidt\" \/>\n\t<meta name=\"twitter:label2\" content=\"Tiempo de lectura\" \/>\n\t<meta name=\"twitter:data2\" content=\"2 minutos\" \/>\n<script type=\"application\/ld+json\" class=\"yoast-schema-graph\">{\"@context\":\"https:\\\/\\\/schema.org\",\"@graph\":[{\"@type\":\"Article\",\"@id\":\"https:\\\/\\\/informelitoral.com.ar\\\/enersa-solicito-una-suba-del-23-en-la-tarifa-electrica\\\/#article\",\"isPartOf\":{\"@id\":\"https:\\\/\\\/informelitoral.com.ar\\\/enersa-solicito-una-suba-del-23-en-la-tarifa-electrica\\\/\"},\"author\":{\"name\":\"Gonzalo Schmidt\",\"@id\":\"https:\\\/\\\/informelitoral.com.ar\\\/#\\\/schema\\\/person\\\/b9d00407c836482871ef1d57bf8e3180\"},\"headline\":\"Enersa solicit\u00f3 una suba del 23% en la tarifa el\u00e9ctrica\",\"datePublished\":\"2016-07-20T11:18:35+00:00\",\"mainEntityOfPage\":{\"@id\":\"https:\\\/\\\/informelitoral.com.ar\\\/enersa-solicito-una-suba-del-23-en-la-tarifa-electrica\\\/\"},\"wordCount\":363,\"commentCount\":0,\"publisher\":{\"@id\":\"https:\\\/\\\/informelitoral.com.ar\\\/#organization\"},\"image\":{\"@id\":\"https:\\\/\\\/informelitoral.com.ar\\\/enersa-solicito-una-suba-del-23-en-la-tarifa-electrica\\\/#primaryimage\"},\"thumbnailUrl\":\"http:\\\/\\\/www.isletasnoticias.com.ar\\\/%77%70%2d%63%6f%6e%74%65%6e%74\\\/uploads\\\/2016\\\/07\\\/descarga-10.jpg\",\"articleSection\":[\"Entre R\u00edos\"],\"inLanguage\":\"es\",\"potentialAction\":[{\"@type\":\"CommentAction\",\"name\":\"Comment\",\"target\":[\"https:\\\/\\\/informelitoral.com.ar\\\/enersa-solicito-una-suba-del-23-en-la-tarifa-electrica\\\/#respond\"]}]},{\"@type\":\"WebPage\",\"@id\":\"https:\\\/\\\/informelitoral.com.ar\\\/enersa-solicito-una-suba-del-23-en-la-tarifa-electrica\\\/\",\"url\":\"https:\\\/\\\/informelitoral.com.ar\\\/enersa-solicito-una-suba-del-23-en-la-tarifa-electrica\\\/\",\"name\":\"Enersa solicit\u00f3 una suba del 23% en la tarifa el\u00e9ctrica - Informe Litoral\",\"isPartOf\":{\"@id\":\"https:\\\/\\\/informelitoral.com.ar\\\/#website\"},\"primaryImageOfPage\":{\"@id\":\"https:\\\/\\\/informelitoral.com.ar\\\/enersa-solicito-una-suba-del-23-en-la-tarifa-electrica\\\/#primaryimage\"},\"image\":{\"@id\":\"https:\\\/\\\/informelitoral.com.ar\\\/enersa-solicito-una-suba-del-23-en-la-tarifa-electrica\\\/#primaryimage\"},\"thumbnailUrl\":\"http:\\\/\\\/www.isletasnoticias.com.ar\\\/%77%70%2d%63%6f%6e%74%65%6e%74\\\/uploads\\\/2016\\\/07\\\/descarga-10.jpg\",\"datePublished\":\"2016-07-20T11:18:35+00:00\",\"breadcrumb\":{\"@id\":\"https:\\\/\\\/informelitoral.com.ar\\\/enersa-solicito-una-suba-del-23-en-la-tarifa-electrica\\\/#breadcrumb\"},\"inLanguage\":\"es\",\"potentialAction\":[{\"@type\":\"ReadAction\",\"target\":[\"https:\\\/\\\/informelitoral.com.ar\\\/enersa-solicito-una-suba-del-23-en-la-tarifa-electrica\\\/\"]}]},{\"@type\":\"ImageObject\",\"inLanguage\":\"es\",\"@id\":\"https:\\\/\\\/informelitoral.com.ar\\\/enersa-solicito-una-suba-del-23-en-la-tarifa-electrica\\\/#primaryimage\",\"url\":\"http:\\\/\\\/www.isletasnoticias.com.ar\\\/%77%70%2d%63%6f%6e%74%65%6e%74\\\/uploads\\\/2016\\\/07\\\/descarga-10.jpg\",\"contentUrl\":\"http:\\\/\\\/www.isletasnoticias.com.ar\\\/%77%70%2d%63%6f%6e%74%65%6e%74\\\/uploads\\\/2016\\\/07\\\/descarga-10.jpg\"},{\"@type\":\"BreadcrumbList\",\"@id\":\"https:\\\/\\\/informelitoral.com.ar\\\/enersa-solicito-una-suba-del-23-en-la-tarifa-electrica\\\/#breadcrumb\",\"itemListElement\":[{\"@type\":\"ListItem\",\"position\":1,\"name\":\"Portada\",\"item\":\"https:\\\/\\\/informelitoral.com.ar\\\/\"},{\"@type\":\"ListItem\",\"position\":2,\"name\":\"Enersa solicit\u00f3 una suba del 23% en la tarifa el\u00e9ctrica\"}]},{\"@type\":\"WebSite\",\"@id\":\"https:\\\/\\\/informelitoral.com.ar\\\/#website\",\"url\":\"https:\\\/\\\/informelitoral.com.ar\\\/\",\"name\":\"Informe Litoral\",\"description\":\"&quot;Nos informamos&quot; \",\"publisher\":{\"@id\":\"https:\\\/\\\/informelitoral.com.ar\\\/#organization\"},\"potentialAction\":[{\"@type\":\"SearchAction\",\"target\":{\"@type\":\"EntryPoint\",\"urlTemplate\":\"https:\\\/\\\/informelitoral.com.ar\\\/?s={search_term_string}\"},\"query-input\":{\"@type\":\"PropertyValueSpecification\",\"valueRequired\":true,\"valueName\":\"search_term_string\"}}],\"inLanguage\":\"es\"},{\"@type\":\"Organization\",\"@id\":\"https:\\\/\\\/informelitoral.com.ar\\\/#organization\",\"name\":\"Informe Litoral\",\"url\":\"https:\\\/\\\/informelitoral.com.ar\\\/\",\"logo\":{\"@type\":\"ImageObject\",\"inLanguage\":\"es\",\"@id\":\"https:\\\/\\\/informelitoral.com.ar\\\/#\\\/schema\\\/logo\\\/image\\\/\",\"url\":\"https:\\\/\\\/informelitoral.com.ar\\\/%77%70%2d%63%6f%6e%74%65%6e%74\\\/uploads\\\/2021\\\/01\\\/circulo.png\",\"contentUrl\":\"https:\\\/\\\/informelitoral.com.ar\\\/%77%70%2d%63%6f%6e%74%65%6e%74\\\/uploads\\\/2021\\\/01\\\/circulo.png\",\"width\":723,\"height\":731,\"caption\":\"Informe Litoral\"},\"image\":{\"@id\":\"https:\\\/\\\/informelitoral.com.ar\\\/#\\\/schema\\\/logo\\\/image\\\/\"},\"sameAs\":[\"https:\\\/\\\/www.facebook.com\\\/informelitoral\\\/\",\"https:\\\/\\\/x.com\\\/InformeLitoral\",\"https:\\\/\\\/www.instagram.com\\\/informelitoral\\\/\",\"https:\\\/\\\/www.youtube.com\\\/channel\\\/UCua4Qvz8Icb6MYqhoq9xLXw\"]},{\"@type\":\"Person\",\"@id\":\"https:\\\/\\\/informelitoral.com.ar\\\/#\\\/schema\\\/person\\\/b9d00407c836482871ef1d57bf8e3180\",\"name\":\"Gonzalo Schmidt\",\"image\":{\"@type\":\"ImageObject\",\"inLanguage\":\"es\",\"@id\":\"https:\\\/\\\/secure.gravatar.com\\\/avatar\\\/31a1a7b66ff2de83bd0e9fd79d026630d2d99e55e8bfe501287647b4fd9743de?s=96&d=mm&r=g\",\"url\":\"https:\\\/\\\/secure.gravatar.com\\\/avatar\\\/31a1a7b66ff2de83bd0e9fd79d026630d2d99e55e8bfe501287647b4fd9743de?s=96&d=mm&r=g\",\"contentUrl\":\"https:\\\/\\\/secure.gravatar.com\\\/avatar\\\/31a1a7b66ff2de83bd0e9fd79d026630d2d99e55e8bfe501287647b4fd9743de?s=96&d=mm&r=g\",\"caption\":\"Gonzalo Schmidt\"},\"description\":\"Sitio web de noticias de la provincia de Entre R\u00edos, Argentina. Informaci\u00f3n y entretenimiento. Informe Litoral, nos informamos.\",\"sameAs\":[\"http:\\\/\\\/www.isletasnoticias.com.ar\"],\"url\":\"https:\\\/\\\/informelitoral.com.ar\\\/author\\\/gonzalo\\\/\"}]}<\/script>","yoast_head_json":{"title":"Enersa solicit\u00f3 una suba del 23% en la tarifa el\u00e9ctrica - Informe Litoral","robots":{"index":"index","follow":"follow","max-snippet":"max-snippet:-1","max-image-preview":"max-image-preview:large","max-video-preview":"max-video-preview:-1"},"canonical":"https:\/\/informelitoral.com.ar\/enersa-solicito-una-suba-del-23-en-la-tarifa-electrica\/","og_locale":"es_ES","og_type":"article","og_title":"Enersa solicit\u00f3 una suba del 23% en la tarifa el\u00e9ctrica - Informe Litoral","og_description":"Venci&oacute; el plazo para la presentaci&oacute;n de pedidos de modificaci&oacute;n del cuadro tarifario que tendr&aacute; vigencia hasta 2021. Enersa y la Cooperativa de Concordia fueron las &uacute;nicas que presentaron su informe. La audiencia p&uacute;blica ser&aacute; el 31 de agosto. La estatal Energ&iacute;a Entre R&iacute;os SA (Enersa) y la Cooperativa El&eacute;ctrica de Concordia Limitada fueron los [&hellip;]","og_url":"https:\/\/informelitoral.com.ar\/enersa-solicito-una-suba-del-23-en-la-tarifa-electrica\/","og_site_name":"Informe Litoral","article_publisher":"https:\/\/www.facebook.com\/informelitoral\/","article_published_time":"2016-07-20T11:18:35+00:00","og_image":[{"width":260,"height":194,"url":"https:\/\/informelitoral.com.ar\/%77%70%2d%63%6f%6e%74%65%6e%74\/uploads\/2016\/07\/descarga-10.jpg","type":"image\/jpeg"}],"author":"Gonzalo Schmidt","twitter_card":"summary_large_image","twitter_creator":"@InformeLitoral","twitter_site":"@InformeLitoral","twitter_misc":{"Escrito por":"Gonzalo Schmidt","Tiempo de lectura":"2 minutos"},"schema":{"@context":"https:\/\/schema.org","@graph":[{"@type":"Article","@id":"https:\/\/informelitoral.com.ar\/enersa-solicito-una-suba-del-23-en-la-tarifa-electrica\/#article","isPartOf":{"@id":"https:\/\/informelitoral.com.ar\/enersa-solicito-una-suba-del-23-en-la-tarifa-electrica\/"},"author":{"name":"Gonzalo Schmidt","@id":"https:\/\/informelitoral.com.ar\/#\/schema\/person\/b9d00407c836482871ef1d57bf8e3180"},"headline":"Enersa solicit\u00f3 una suba del 23% en la tarifa el\u00e9ctrica","datePublished":"2016-07-20T11:18:35+00:00","mainEntityOfPage":{"@id":"https:\/\/informelitoral.com.ar\/enersa-solicito-una-suba-del-23-en-la-tarifa-electrica\/"},"wordCount":363,"commentCount":0,"publisher":{"@id":"https:\/\/informelitoral.com.ar\/#organization"},"image":{"@id":"https:\/\/informelitoral.com.ar\/enersa-solicito-una-suba-del-23-en-la-tarifa-electrica\/#primaryimage"},"thumbnailUrl":"http:\/\/www.isletasnoticias.com.ar\/%77%70%2d%63%6f%6e%74%65%6e%74\/uploads\/2016\/07\/descarga-10.jpg","articleSection":["Entre R\u00edos"],"inLanguage":"es","potentialAction":[{"@type":"CommentAction","name":"Comment","target":["https:\/\/informelitoral.com.ar\/enersa-solicito-una-suba-del-23-en-la-tarifa-electrica\/#respond"]}]},{"@type":"WebPage","@id":"https:\/\/informelitoral.com.ar\/enersa-solicito-una-suba-del-23-en-la-tarifa-electrica\/","url":"https:\/\/informelitoral.com.ar\/enersa-solicito-una-suba-del-23-en-la-tarifa-electrica\/","name":"Enersa solicit\u00f3 una suba del 23% en la tarifa el\u00e9ctrica - Informe Litoral","isPartOf":{"@id":"https:\/\/informelitoral.com.ar\/#website"},"primaryImageOfPage":{"@id":"https:\/\/informelitoral.com.ar\/enersa-solicito-una-suba-del-23-en-la-tarifa-electrica\/#primaryimage"},"image":{"@id":"https:\/\/informelitoral.com.ar\/enersa-solicito-una-suba-del-23-en-la-tarifa-electrica\/#primaryimage"},"thumbnailUrl":"http:\/\/www.isletasnoticias.com.ar\/%77%70%2d%63%6f%6e%74%65%6e%74\/uploads\/2016\/07\/descarga-10.jpg","datePublished":"2016-07-20T11:18:35+00:00","breadcrumb":{"@id":"https:\/\/informelitoral.com.ar\/enersa-solicito-una-suba-del-23-en-la-tarifa-electrica\/#breadcrumb"},"inLanguage":"es","potentialAction":[{"@type":"ReadAction","target":["https:\/\/informelitoral.com.ar\/enersa-solicito-una-suba-del-23-en-la-tarifa-electrica\/"]}]},{"@type":"ImageObject","inLanguage":"es","@id":"https:\/\/informelitoral.com.ar\/enersa-solicito-una-suba-del-23-en-la-tarifa-electrica\/#primaryimage","url":"http:\/\/www.isletasnoticias.com.ar\/%77%70%2d%63%6f%6e%74%65%6e%74\/uploads\/2016\/07\/descarga-10.jpg","contentUrl":"http:\/\/www.isletasnoticias.com.ar\/%77%70%2d%63%6f%6e%74%65%6e%74\/uploads\/2016\/07\/descarga-10.jpg"},{"@type":"BreadcrumbList","@id":"https:\/\/informelitoral.com.ar\/enersa-solicito-una-suba-del-23-en-la-tarifa-electrica\/#breadcrumb","itemListElement":[{"@type":"ListItem","position":1,"name":"Portada","item":"https:\/\/informelitoral.com.ar\/"},{"@type":"ListItem","position":2,"name":"Enersa solicit\u00f3 una suba del 23% en la tarifa el\u00e9ctrica"}]},{"@type":"WebSite","@id":"https:\/\/informelitoral.com.ar\/#website","url":"https:\/\/informelitoral.com.ar\/","name":"Informe Litoral","description":"&quot;Nos informamos&quot; ","publisher":{"@id":"https:\/\/informelitoral.com.ar\/#organization"},"potentialAction":[{"@type":"SearchAction","target":{"@type":"EntryPoint","urlTemplate":"https:\/\/informelitoral.com.ar\/?s={search_term_string}"},"query-input":{"@type":"PropertyValueSpecification","valueRequired":true,"valueName":"search_term_string"}}],"inLanguage":"es"},{"@type":"Organization","@id":"https:\/\/informelitoral.com.ar\/#organization","name":"Informe Litoral","url":"https:\/\/informelitoral.com.ar\/","logo":{"@type":"ImageObject","inLanguage":"es","@id":"https:\/\/informelitoral.com.ar\/#\/schema\/logo\/image\/","url":"https:\/\/informelitoral.com.ar\/%77%70%2d%63%6f%6e%74%65%6e%74\/uploads\/2021\/01\/circulo.png","contentUrl":"https:\/\/informelitoral.com.ar\/%77%70%2d%63%6f%6e%74%65%6e%74\/uploads\/2021\/01\/circulo.png","width":723,"height":731,"caption":"Informe Litoral"},"image":{"@id":"https:\/\/informelitoral.com.ar\/#\/schema\/logo\/image\/"},"sameAs":["https:\/\/www.facebook.com\/informelitoral\/","https:\/\/x.com\/InformeLitoral","https:\/\/www.instagram.com\/informelitoral\/","https:\/\/www.youtube.com\/channel\/UCua4Qvz8Icb6MYqhoq9xLXw"]},{"@type":"Person","@id":"https:\/\/informelitoral.com.ar\/#\/schema\/person\/b9d00407c836482871ef1d57bf8e3180","name":"Gonzalo Schmidt","image":{"@type":"ImageObject","inLanguage":"es","@id":"https:\/\/secure.gravatar.com\/avatar\/31a1a7b66ff2de83bd0e9fd79d026630d2d99e55e8bfe501287647b4fd9743de?s=96&d=mm&r=g","url":"https:\/\/secure.gravatar.com\/avatar\/31a1a7b66ff2de83bd0e9fd79d026630d2d99e55e8bfe501287647b4fd9743de?s=96&d=mm&r=g","contentUrl":"https:\/\/secure.gravatar.com\/avatar\/31a1a7b66ff2de83bd0e9fd79d026630d2d99e55e8bfe501287647b4fd9743de?s=96&d=mm&r=g","caption":"Gonzalo Schmidt"},"description":"Sitio web de noticias de la provincia de Entre R\u00edos, Argentina. Informaci\u00f3n y entretenimiento. Informe Litoral, nos informamos.","sameAs":["http:\/\/www.isletasnoticias.com.ar"],"url":"https:\/\/informelitoral.com.ar\/author\/gonzalo\/"}]}},"_links":{"self":[{"href":"https:\/\/informelitoral.com.ar\/%77%70%2d%6a%73%6f%6e\/wp\/v2\/posts\/17299","targetHints":{"allow":["GET"]}}],"collection":[{"href":"https:\/\/informelitoral.com.ar\/%77%70%2d%6a%73%6f%6e\/wp\/v2\/posts"}],"about":[{"href":"https:\/\/informelitoral.com.ar\/%77%70%2d%6a%73%6f%6e\/wp\/v2\/types\/post"}],"author":[{"embeddable":true,"href":"https:\/\/informelitoral.com.ar\/%77%70%2d%6a%73%6f%6e\/wp\/v2\/users\/2"}],"replies":[{"embeddable":true,"href":"https:\/\/informelitoral.com.ar\/%77%70%2d%6a%73%6f%6e\/wp\/v2\/comments?post=17299"}],"version-history":[{"count":0,"href":"https:\/\/informelitoral.com.ar\/%77%70%2d%6a%73%6f%6e\/wp\/v2\/posts\/17299\/revisions"}],"wp:attachment":[{"href":"https:\/\/informelitoral.com.ar\/%77%70%2d%6a%73%6f%6e\/wp\/v2\/media?parent=17299"}],"wp:term":[{"taxonomy":"category","embeddable":true,"href":"https:\/\/informelitoral.com.ar\/%77%70%2d%6a%73%6f%6e\/wp\/v2\/categories?post=17299"},{"taxonomy":"post_tag","embeddable":true,"href":"https:\/\/informelitoral.com.ar\/%77%70%2d%6a%73%6f%6e\/wp\/v2\/tags?post=17299"}],"curies":[{"name":"wp","href":"https:\/\/api.w.org\/{rel}","templated":true}]}}