{"id":172757,"date":"2023-11-09T07:15:27","date_gmt":"2023-11-09T10:15:27","guid":{"rendered":"https:\/\/www.informelitoral.com.ar\/?p=172757"},"modified":"2023-11-16T07:15:40","modified_gmt":"2023-11-16T10:15:40","slug":"el-presupuesto-provincial-2024-tomo-estado-parlamentario-en-diputados","status":"publish","type":"post","link":"https:\/\/informelitoral.com.ar\/el-presupuesto-provincial-2024-tomo-estado-parlamentario-en-diputados\/","title":{"rendered":"El Presupuesto Provincial 2024 tom\u00f3 estado parlamentario en Diputados"},"content":{"rendered":"<p>La C\u00e1mara de Diputados de Entre R\u00edos realiz\u00f3 este mi\u00e9rcoles su 12\u00ba Sesi\u00f3n Ordinaria del 144\u00ba Per\u00edodo Legislativo. Se le dio ingreso al proyecto de ley, elevado por el Poder Ejecutivo, de Presupuesto de la Administraci\u00f3n P\u00fablica Provincial para el Ejercicio 2024.<\/p>\n<p>Asimismo, se convirti\u00f3 en ley el proyecto a trav\u00e9s del que la Provincia adhiere a la Ley Nacional 27.580 de \u201cConvenio sobre la eliminaci\u00f3n de la violencia y el acoso en el mundo del trabajo\u201d.<\/p>\n<p>La diputada Mariana Farf\u00e1n (Bloque Frente Justicialista CREER Entre R\u00edos) celebr\u00f3 esta adhesi\u00f3n y destac\u00f3 que \u201cen el reconocimiento de las licencias tambi\u00e9n hay violencia de g\u00e9nero, ya que en muchos casos de acoso sexual son las mujeres las que accionan para irse de su lugar de trabajo en lugar del victimario\u201d.<\/p>\n<p>\u201cHoy m\u00e1s que nunca debemos reforzar estas adhesiones, las luchas y sobre todo la conciencia de lo que implica volver atr\u00e1s con todo lo logrado\u201d, agreg\u00f3.<\/p>\n<p><strong>Otros proyectos<\/strong><\/p>\n<p>Se sancion\u00f3 la Ley por la cual se declara \u00c1rea Natural Protegida, en la categor\u00eda \u201cReserva de Usos M\u00faltiples\u201d, al Islote Municipal Curup\u00ed, perteneciente al municipio de Paran\u00e1.<\/p>\n<p>Tambi\u00e9n la que autoriza al Poder Ejecutivo a transferir, a t\u00edtulo de donaci\u00f3n, un inmueble a la comuna de Rocamora, departamento Uruguay, que se trata de un lugar hist\u00f3rico conocido como Paraje Cal\u00e1.<\/p>\n<p>Se aprob\u00f3 el proyecto por el cual se autoriza al Poder Ejecutivo a ceder de forma definitiva y gratuita al municipio de Villaguay el dominio de los inmuebles del Parque Industrial de Villaguay.<\/p>\n<p>Por otro lado, se aprob\u00f3 el proyecto por el cual se declara ciudadano ilustre post mortem al Conscripto Anacleto Bernardi, cuyo tratamiento preferencial se aprob\u00f3 oportunamente.<\/p>\n<p>Adem\u00e1s, se aprobaron 21 proyectos de declaraci\u00f3n y uno de resoluci\u00f3n.<\/p>\n<p><strong>Homenajes<\/strong><\/p>\n<p>La diputada Stefan\u00eda Cora expres\u00f3 que el 8 de noviembre es el D\u00eda de las y los Afroargentinos. En ese marco, el diputado Jos\u00e9 C\u00e1ceres destac\u00f3 la trayectoria de Mar\u00eda Remedios del Valle, descendiente afroamericana, militar argentina reconocida como \u201cla madre de la patria\u201d.<\/p>\n<p>Por otra parte, C\u00e1ceres tambi\u00e9n se refiri\u00f3 al 20\u00ba aniversario de la anulaci\u00f3n de las leyes de Obediencia Debida y Punto Final, que dieron lugar a la reapertura de los juicios por delitos de lesa humanidad.<\/p>\n<p>La diputada Ayel\u00e9n Acosta hizo menci\u00f3n a la celebraci\u00f3n por los 150 a\u00f1os de la Biblioteca Popular de Paran\u00e1.<\/p>\n<p>La diputada Silvia Moreno homenaje\u00f3 el \u201cD\u00eda de las trabajadoras y los trabajadores municipales\u201d.<\/p>\n<p>El diputado N\u00e9stor Loggio se refiri\u00f3 al \u201cD\u00eda de la Militancia peronista\u201d, en recuerdo de un nuevo aniversario del regreso a la Argentina del expresidente Juan Domingo Per\u00f3n en 1972, tras 18 a\u00f1os de exilio en Espa\u00f1a.<\/p>\n","protected":false},"excerpt":{"rendered":"<p>La C\u00e1mara de Diputados sesion\u00f3 y le dio estado parlamentario al proyecto de Presupuesto de la Administraci\u00f3n P\u00fablica Provincial para el Ejercicio 2024.<\/p>\n","protected":false},"author":2,"featured_media":172758,"comment_status":"open","ping_status":"open","sticky":false,"template":"","format":"standard","meta":{"fifu_image_url":"","fifu_image_alt":"","footnotes":""},"categories":[16],"tags":[3627,196,81,721],"class_list":{"0":"post-172757","1":"post","2":"type-post","3":"status-publish","4":"format-standard","5":"has-post-thumbnail","7":"category-politi","8":"tag-camara-de-diputados","9":"tag-diputados","10":"tag-entre-rios","11":"tag-presupuesto"},"yoast_head":"<title>El Presupuesto Provincial 2024 tom\u00f3 estado parlamentario en Diputados - Informe Litoral<\/title>\n<meta name=\"robots\" content=\"index, follow, max-snippet:-1, max-image-preview:large, max-video-preview:-1\" \/>\n<link rel=\"canonical\" href=\"https:\/\/informelitoral.com.ar\/el-presupuesto-provincial-2024-tomo-estado-parlamentario-en-diputados\/\" \/>\n<meta property=\"og:locale\" content=\"es_ES\" \/>\n<meta property=\"og:type\" content=\"article\" \/>\n<meta property=\"og:title\" content=\"El Presupuesto Provincial 2024 tom\u00f3 estado parlamentario en Diputados - Informe Litoral\" \/>\n<meta property=\"og:description\" content=\"La C\u00e1mara de Diputados sesion\u00f3 y le dio estado parlamentario al proyecto de Presupuesto de la Administraci\u00f3n P\u00fablica Provincial para el Ejercicio 2024.\" \/>\n<meta property=\"og:url\" content=\"https:\/\/informelitoral.com.ar\/el-presupuesto-provincial-2024-tomo-estado-parlamentario-en-diputados\/\" \/>\n<meta property=\"og:site_name\" content=\"Informe Litoral\" \/>\n<meta property=\"article:publisher\" content=\"https:\/\/www.facebook.com\/informelitoral\/\" \/>\n<meta property=\"article:published_time\" content=\"2023-11-09T10:15:27+00:00\" \/>\n<meta property=\"article:modified_time\" content=\"2023-11-16T10:15:40+00:00\" \/>\n<meta property=\"og:image\" content=\"https:\/\/informelitoral.com.ar\/%77%70%2d%63%6f%6e%74%65%6e%74\/uploads\/2023\/11\/1571_3637.jpeg\" \/>\n\t<meta property=\"og:image:width\" content=\"1024\" \/>\n\t<meta property=\"og:image:height\" content=\"682\" \/>\n\t<meta property=\"og:image:type\" content=\"image\/jpeg\" \/>\n<meta name=\"author\" content=\"Gonzalo Schmidt\" \/>\n<meta name=\"twitter:card\" content=\"summary_large_image\" \/>\n<meta name=\"twitter:creator\" content=\"@InformeLitoral\" \/>\n<meta name=\"twitter:site\" content=\"@InformeLitoral\" \/>\n<meta name=\"twitter:label1\" content=\"Escrito por\" \/>\n\t<meta name=\"twitter:data1\" content=\"Gonzalo Schmidt\" \/>\n\t<meta name=\"twitter:label2\" content=\"Tiempo de lectura\" \/>\n\t<meta name=\"twitter:data2\" content=\"2 minutos\" \/>\n<script type=\"application\/ld+json\" class=\"yoast-schema-graph\">{\"@context\":\"https:\\\/\\\/schema.org\",\"@graph\":[{\"@type\":\"Article\",\"@id\":\"https:\\\/\\\/informelitoral.com.ar\\\/el-presupuesto-provincial-2024-tomo-estado-parlamentario-en-diputados\\\/#article\",\"isPartOf\":{\"@id\":\"https:\\\/\\\/informelitoral.com.ar\\\/el-presupuesto-provincial-2024-tomo-estado-parlamentario-en-diputados\\\/\"},\"author\":{\"name\":\"Gonzalo Schmidt\",\"@id\":\"https:\\\/\\\/informelitoral.com.ar\\\/#\\\/schema\\\/person\\\/b9d00407c836482871ef1d57bf8e3180\"},\"headline\":\"El Presupuesto Provincial 2024 tom\u00f3 estado parlamentario en Diputados\",\"datePublished\":\"2023-11-09T10:15:27+00:00\",\"dateModified\":\"2023-11-16T10:15:40+00:00\",\"mainEntityOfPage\":{\"@id\":\"https:\\\/\\\/informelitoral.com.ar\\\/el-presupuesto-provincial-2024-tomo-estado-parlamentario-en-diputados\\\/\"},\"wordCount\":479,\"commentCount\":0,\"publisher\":{\"@id\":\"https:\\\/\\\/informelitoral.com.ar\\\/#organization\"},\"image\":{\"@id\":\"https:\\\/\\\/informelitoral.com.ar\\\/el-presupuesto-provincial-2024-tomo-estado-parlamentario-en-diputados\\\/#primaryimage\"},\"thumbnailUrl\":\"https:\\\/\\\/informelitoral.com.ar\\\/%77%70%2d%63%6f%6e%74%65%6e%74\\\/uploads\\\/2023\\\/11\\\/1571_3637.jpeg\",\"keywords\":[\"C\u00e1mara de Diputados\",\"Diputados\",\"Entre R\u00edos\",\"Presupuesto\"],\"articleSection\":[\"Politica\"],\"inLanguage\":\"es\",\"potentialAction\":[{\"@type\":\"CommentAction\",\"name\":\"Comment\",\"target\":[\"https:\\\/\\\/informelitoral.com.ar\\\/el-presupuesto-provincial-2024-tomo-estado-parlamentario-en-diputados\\\/#respond\"]}]},{\"@type\":\"WebPage\",\"@id\":\"https:\\\/\\\/informelitoral.com.ar\\\/el-presupuesto-provincial-2024-tomo-estado-parlamentario-en-diputados\\\/\",\"url\":\"https:\\\/\\\/informelitoral.com.ar\\\/el-presupuesto-provincial-2024-tomo-estado-parlamentario-en-diputados\\\/\",\"name\":\"El Presupuesto Provincial 2024 tom\u00f3 estado parlamentario en Diputados - Informe Litoral\",\"isPartOf\":{\"@id\":\"https:\\\/\\\/informelitoral.com.ar\\\/#website\"},\"primaryImageOfPage\":{\"@id\":\"https:\\\/\\\/informelitoral.com.ar\\\/el-presupuesto-provincial-2024-tomo-estado-parlamentario-en-diputados\\\/#primaryimage\"},\"image\":{\"@id\":\"https:\\\/\\\/informelitoral.com.ar\\\/el-presupuesto-provincial-2024-tomo-estado-parlamentario-en-diputados\\\/#primaryimage\"},\"thumbnailUrl\":\"https:\\\/\\\/informelitoral.com.ar\\\/%77%70%2d%63%6f%6e%74%65%6e%74\\\/uploads\\\/2023\\\/11\\\/1571_3637.jpeg\",\"datePublished\":\"2023-11-09T10:15:27+00:00\",\"dateModified\":\"2023-11-16T10:15:40+00:00\",\"breadcrumb\":{\"@id\":\"https:\\\/\\\/informelitoral.com.ar\\\/el-presupuesto-provincial-2024-tomo-estado-parlamentario-en-diputados\\\/#breadcrumb\"},\"inLanguage\":\"es\",\"potentialAction\":[{\"@type\":\"ReadAction\",\"target\":[\"https:\\\/\\\/informelitoral.com.ar\\\/el-presupuesto-provincial-2024-tomo-estado-parlamentario-en-diputados\\\/\"]}]},{\"@type\":\"ImageObject\",\"inLanguage\":\"es\",\"@id\":\"https:\\\/\\\/informelitoral.com.ar\\\/el-presupuesto-provincial-2024-tomo-estado-parlamentario-en-diputados\\\/#primaryimage\",\"url\":\"https:\\\/\\\/informelitoral.com.ar\\\/%77%70%2d%63%6f%6e%74%65%6e%74\\\/uploads\\\/2023\\\/11\\\/1571_3637.jpeg\",\"contentUrl\":\"https:\\\/\\\/informelitoral.com.ar\\\/%77%70%2d%63%6f%6e%74%65%6e%74\\\/uploads\\\/2023\\\/11\\\/1571_3637.jpeg\",\"width\":1024,\"height\":682},{\"@type\":\"BreadcrumbList\",\"@id\":\"https:\\\/\\\/informelitoral.com.ar\\\/el-presupuesto-provincial-2024-tomo-estado-parlamentario-en-diputados\\\/#breadcrumb\",\"itemListElement\":[{\"@type\":\"ListItem\",\"position\":1,\"name\":\"Portada\",\"item\":\"https:\\\/\\\/informelitoral.com.ar\\\/\"},{\"@type\":\"ListItem\",\"position\":2,\"name\":\"El Presupuesto Provincial 2024 tom\u00f3 estado parlamentario en Diputados\"}]},{\"@type\":\"WebSite\",\"@id\":\"https:\\\/\\\/informelitoral.com.ar\\\/#website\",\"url\":\"https:\\\/\\\/informelitoral.com.ar\\\/\",\"name\":\"Informe Litoral\",\"description\":\"&quot;Nos informamos&quot; \",\"publisher\":{\"@id\":\"https:\\\/\\\/informelitoral.com.ar\\\/#organization\"},\"potentialAction\":[{\"@type\":\"SearchAction\",\"target\":{\"@type\":\"EntryPoint\",\"urlTemplate\":\"https:\\\/\\\/informelitoral.com.ar\\\/?s={search_term_string}\"},\"query-input\":{\"@type\":\"PropertyValueSpecification\",\"valueRequired\":true,\"valueName\":\"search_term_string\"}}],\"inLanguage\":\"es\"},{\"@type\":\"Organization\",\"@id\":\"https:\\\/\\\/informelitoral.com.ar\\\/#organization\",\"name\":\"Informe Litoral\",\"url\":\"https:\\\/\\\/informelitoral.com.ar\\\/\",\"logo\":{\"@type\":\"ImageObject\",\"inLanguage\":\"es\",\"@id\":\"https:\\\/\\\/informelitoral.com.ar\\\/#\\\/schema\\\/logo\\\/image\\\/\",\"url\":\"https:\\\/\\\/informelitoral.com.ar\\\/%77%70%2d%63%6f%6e%74%65%6e%74\\\/uploads\\\/2021\\\/01\\\/circulo.png\",\"contentUrl\":\"https:\\\/\\\/informelitoral.com.ar\\\/%77%70%2d%63%6f%6e%74%65%6e%74\\\/uploads\\\/2021\\\/01\\\/circulo.png\",\"width\":723,\"height\":731,\"caption\":\"Informe Litoral\"},\"image\":{\"@id\":\"https:\\\/\\\/informelitoral.com.ar\\\/#\\\/schema\\\/logo\\\/image\\\/\"},\"sameAs\":[\"https:\\\/\\\/www.facebook.com\\\/informelitoral\\\/\",\"https:\\\/\\\/x.com\\\/InformeLitoral\",\"https:\\\/\\\/www.instagram.com\\\/informelitoral\\\/\",\"https:\\\/\\\/www.youtube.com\\\/channel\\\/UCua4Qvz8Icb6MYqhoq9xLXw\"]},{\"@type\":\"Person\",\"@id\":\"https:\\\/\\\/informelitoral.com.ar\\\/#\\\/schema\\\/person\\\/b9d00407c836482871ef1d57bf8e3180\",\"name\":\"Gonzalo Schmidt\",\"image\":{\"@type\":\"ImageObject\",\"inLanguage\":\"es\",\"@id\":\"https:\\\/\\\/secure.gravatar.com\\\/avatar\\\/31a1a7b66ff2de83bd0e9fd79d026630d2d99e55e8bfe501287647b4fd9743de?s=96&d=mm&r=g\",\"url\":\"https:\\\/\\\/secure.gravatar.com\\\/avatar\\\/31a1a7b66ff2de83bd0e9fd79d026630d2d99e55e8bfe501287647b4fd9743de?s=96&d=mm&r=g\",\"contentUrl\":\"https:\\\/\\\/secure.gravatar.com\\\/avatar\\\/31a1a7b66ff2de83bd0e9fd79d026630d2d99e55e8bfe501287647b4fd9743de?s=96&d=mm&r=g\",\"caption\":\"Gonzalo Schmidt\"},\"description\":\"Sitio web de noticias de la provincia de Entre R\u00edos, Argentina. Informaci\u00f3n y entretenimiento. Informe Litoral, nos informamos.\",\"sameAs\":[\"http:\\\/\\\/www.isletasnoticias.com.ar\"],\"url\":\"https:\\\/\\\/informelitoral.com.ar\\\/author\\\/gonzalo\\\/\"}]}<\/script>","yoast_head_json":{"title":"El Presupuesto Provincial 2024 tom\u00f3 estado parlamentario en Diputados - Informe Litoral","robots":{"index":"index","follow":"follow","max-snippet":"max-snippet:-1","max-image-preview":"max-image-preview:large","max-video-preview":"max-video-preview:-1"},"canonical":"https:\/\/informelitoral.com.ar\/el-presupuesto-provincial-2024-tomo-estado-parlamentario-en-diputados\/","og_locale":"es_ES","og_type":"article","og_title":"El Presupuesto Provincial 2024 tom\u00f3 estado parlamentario en Diputados - Informe Litoral","og_description":"La C\u00e1mara de Diputados sesion\u00f3 y le dio estado parlamentario al proyecto de Presupuesto de la Administraci\u00f3n P\u00fablica Provincial para el Ejercicio 2024.","og_url":"https:\/\/informelitoral.com.ar\/el-presupuesto-provincial-2024-tomo-estado-parlamentario-en-diputados\/","og_site_name":"Informe Litoral","article_publisher":"https:\/\/www.facebook.com\/informelitoral\/","article_published_time":"2023-11-09T10:15:27+00:00","article_modified_time":"2023-11-16T10:15:40+00:00","og_image":[{"width":1024,"height":682,"url":"https:\/\/informelitoral.com.ar\/%77%70%2d%63%6f%6e%74%65%6e%74\/uploads\/2023\/11\/1571_3637.jpeg","type":"image\/jpeg"}],"author":"Gonzalo Schmidt","twitter_card":"summary_large_image","twitter_creator":"@InformeLitoral","twitter_site":"@InformeLitoral","twitter_misc":{"Escrito por":"Gonzalo Schmidt","Tiempo de lectura":"2 minutos"},"schema":{"@context":"https:\/\/schema.org","@graph":[{"@type":"Article","@id":"https:\/\/informelitoral.com.ar\/el-presupuesto-provincial-2024-tomo-estado-parlamentario-en-diputados\/#article","isPartOf":{"@id":"https:\/\/informelitoral.com.ar\/el-presupuesto-provincial-2024-tomo-estado-parlamentario-en-diputados\/"},"author":{"name":"Gonzalo Schmidt","@id":"https:\/\/informelitoral.com.ar\/#\/schema\/person\/b9d00407c836482871ef1d57bf8e3180"},"headline":"El Presupuesto Provincial 2024 tom\u00f3 estado parlamentario en Diputados","datePublished":"2023-11-09T10:15:27+00:00","dateModified":"2023-11-16T10:15:40+00:00","mainEntityOfPage":{"@id":"https:\/\/informelitoral.com.ar\/el-presupuesto-provincial-2024-tomo-estado-parlamentario-en-diputados\/"},"wordCount":479,"commentCount":0,"publisher":{"@id":"https:\/\/informelitoral.com.ar\/#organization"},"image":{"@id":"https:\/\/informelitoral.com.ar\/el-presupuesto-provincial-2024-tomo-estado-parlamentario-en-diputados\/#primaryimage"},"thumbnailUrl":"https:\/\/informelitoral.com.ar\/%77%70%2d%63%6f%6e%74%65%6e%74\/uploads\/2023\/11\/1571_3637.jpeg","keywords":["C\u00e1mara de Diputados","Diputados","Entre R\u00edos","Presupuesto"],"articleSection":["Politica"],"inLanguage":"es","potentialAction":[{"@type":"CommentAction","name":"Comment","target":["https:\/\/informelitoral.com.ar\/el-presupuesto-provincial-2024-tomo-estado-parlamentario-en-diputados\/#respond"]}]},{"@type":"WebPage","@id":"https:\/\/informelitoral.com.ar\/el-presupuesto-provincial-2024-tomo-estado-parlamentario-en-diputados\/","url":"https:\/\/informelitoral.com.ar\/el-presupuesto-provincial-2024-tomo-estado-parlamentario-en-diputados\/","name":"El Presupuesto Provincial 2024 tom\u00f3 estado parlamentario en Diputados - Informe Litoral","isPartOf":{"@id":"https:\/\/informelitoral.com.ar\/#website"},"primaryImageOfPage":{"@id":"https:\/\/informelitoral.com.ar\/el-presupuesto-provincial-2024-tomo-estado-parlamentario-en-diputados\/#primaryimage"},"image":{"@id":"https:\/\/informelitoral.com.ar\/el-presupuesto-provincial-2024-tomo-estado-parlamentario-en-diputados\/#primaryimage"},"thumbnailUrl":"https:\/\/informelitoral.com.ar\/%77%70%2d%63%6f%6e%74%65%6e%74\/uploads\/2023\/11\/1571_3637.jpeg","datePublished":"2023-11-09T10:15:27+00:00","dateModified":"2023-11-16T10:15:40+00:00","breadcrumb":{"@id":"https:\/\/informelitoral.com.ar\/el-presupuesto-provincial-2024-tomo-estado-parlamentario-en-diputados\/#breadcrumb"},"inLanguage":"es","potentialAction":[{"@type":"ReadAction","target":["https:\/\/informelitoral.com.ar\/el-presupuesto-provincial-2024-tomo-estado-parlamentario-en-diputados\/"]}]},{"@type":"ImageObject","inLanguage":"es","@id":"https:\/\/informelitoral.com.ar\/el-presupuesto-provincial-2024-tomo-estado-parlamentario-en-diputados\/#primaryimage","url":"https:\/\/informelitoral.com.ar\/%77%70%2d%63%6f%6e%74%65%6e%74\/uploads\/2023\/11\/1571_3637.jpeg","contentUrl":"https:\/\/informelitoral.com.ar\/%77%70%2d%63%6f%6e%74%65%6e%74\/uploads\/2023\/11\/1571_3637.jpeg","width":1024,"height":682},{"@type":"BreadcrumbList","@id":"https:\/\/informelitoral.com.ar\/el-presupuesto-provincial-2024-tomo-estado-parlamentario-en-diputados\/#breadcrumb","itemListElement":[{"@type":"ListItem","position":1,"name":"Portada","item":"https:\/\/informelitoral.com.ar\/"},{"@type":"ListItem","position":2,"name":"El Presupuesto Provincial 2024 tom\u00f3 estado parlamentario en Diputados"}]},{"@type":"WebSite","@id":"https:\/\/informelitoral.com.ar\/#website","url":"https:\/\/informelitoral.com.ar\/","name":"Informe Litoral","description":"&quot;Nos informamos&quot; ","publisher":{"@id":"https:\/\/informelitoral.com.ar\/#organization"},"potentialAction":[{"@type":"SearchAction","target":{"@type":"EntryPoint","urlTemplate":"https:\/\/informelitoral.com.ar\/?s={search_term_string}"},"query-input":{"@type":"PropertyValueSpecification","valueRequired":true,"valueName":"search_term_string"}}],"inLanguage":"es"},{"@type":"Organization","@id":"https:\/\/informelitoral.com.ar\/#organization","name":"Informe Litoral","url":"https:\/\/informelitoral.com.ar\/","logo":{"@type":"ImageObject","inLanguage":"es","@id":"https:\/\/informelitoral.com.ar\/#\/schema\/logo\/image\/","url":"https:\/\/informelitoral.com.ar\/%77%70%2d%63%6f%6e%74%65%6e%74\/uploads\/2021\/01\/circulo.png","contentUrl":"https:\/\/informelitoral.com.ar\/%77%70%2d%63%6f%6e%74%65%6e%74\/uploads\/2021\/01\/circulo.png","width":723,"height":731,"caption":"Informe Litoral"},"image":{"@id":"https:\/\/informelitoral.com.ar\/#\/schema\/logo\/image\/"},"sameAs":["https:\/\/www.facebook.com\/informelitoral\/","https:\/\/x.com\/InformeLitoral","https:\/\/www.instagram.com\/informelitoral\/","https:\/\/www.youtube.com\/channel\/UCua4Qvz8Icb6MYqhoq9xLXw"]},{"@type":"Person","@id":"https:\/\/informelitoral.com.ar\/#\/schema\/person\/b9d00407c836482871ef1d57bf8e3180","name":"Gonzalo Schmidt","image":{"@type":"ImageObject","inLanguage":"es","@id":"https:\/\/secure.gravatar.com\/avatar\/31a1a7b66ff2de83bd0e9fd79d026630d2d99e55e8bfe501287647b4fd9743de?s=96&d=mm&r=g","url":"https:\/\/secure.gravatar.com\/avatar\/31a1a7b66ff2de83bd0e9fd79d026630d2d99e55e8bfe501287647b4fd9743de?s=96&d=mm&r=g","contentUrl":"https:\/\/secure.gravatar.com\/avatar\/31a1a7b66ff2de83bd0e9fd79d026630d2d99e55e8bfe501287647b4fd9743de?s=96&d=mm&r=g","caption":"Gonzalo Schmidt"},"description":"Sitio web de noticias de la provincia de Entre R\u00edos, Argentina. Informaci\u00f3n y entretenimiento. Informe Litoral, nos informamos.","sameAs":["http:\/\/www.isletasnoticias.com.ar"],"url":"https:\/\/informelitoral.com.ar\/author\/gonzalo\/"}]}},"_links":{"self":[{"href":"https:\/\/informelitoral.com.ar\/%77%70%2d%6a%73%6f%6e\/wp\/v2\/posts\/172757","targetHints":{"allow":["GET"]}}],"collection":[{"href":"https:\/\/informelitoral.com.ar\/%77%70%2d%6a%73%6f%6e\/wp\/v2\/posts"}],"about":[{"href":"https:\/\/informelitoral.com.ar\/%77%70%2d%6a%73%6f%6e\/wp\/v2\/types\/post"}],"author":[{"embeddable":true,"href":"https:\/\/informelitoral.com.ar\/%77%70%2d%6a%73%6f%6e\/wp\/v2\/users\/2"}],"replies":[{"embeddable":true,"href":"https:\/\/informelitoral.com.ar\/%77%70%2d%6a%73%6f%6e\/wp\/v2\/comments?post=172757"}],"version-history":[{"count":0,"href":"https:\/\/informelitoral.com.ar\/%77%70%2d%6a%73%6f%6e\/wp\/v2\/posts\/172757\/revisions"}],"wp:featuredmedia":[{"embeddable":true,"href":"https:\/\/informelitoral.com.ar\/%77%70%2d%6a%73%6f%6e\/wp\/v2\/media\/172758"}],"wp:attachment":[{"href":"https:\/\/informelitoral.com.ar\/%77%70%2d%6a%73%6f%6e\/wp\/v2\/media?parent=172757"}],"wp:term":[{"taxonomy":"category","embeddable":true,"href":"https:\/\/informelitoral.com.ar\/%77%70%2d%6a%73%6f%6e\/wp\/v2\/categories?post=172757"},{"taxonomy":"post_tag","embeddable":true,"href":"https:\/\/informelitoral.com.ar\/%77%70%2d%6a%73%6f%6e\/wp\/v2\/tags?post=172757"}],"curies":[{"name":"wp","href":"https:\/\/api.w.org\/{rel}","templated":true}]}}