{"id":172475,"date":"2023-11-13T08:47:16","date_gmt":"2023-11-13T11:47:16","guid":{"rendered":"https:\/\/www.informelitoral.com.ar\/?p=172475"},"modified":"2023-11-14T07:39:53","modified_gmt":"2023-11-14T10:39:53","slug":"las-cuevas-la-policia-esclarecio-el-robo-de-un-equipo-de-comunicacion-a-una-ambulancia","status":"publish","type":"post","link":"https:\/\/informelitoral.com.ar\/las-cuevas-la-policia-esclarecio-el-robo-de-un-equipo-de-comunicacion-a-una-ambulancia\/","title":{"rendered":"Las Cuevas: la Polic\u00eda esclareci\u00f3 el robo de un equipo de comunicaci\u00f3n a una ambulancia"},"content":{"rendered":"<p>La semana pasada, un hecho delictivo en perjuicio de la atenci\u00f3n de salud de los pobladores de Las Cuevas, moviliz\u00f3 a los funcionarios policiales de esa dependencia, logr\u00e1ndose resultados satisfactorios para la causa judicial.<\/p>\n<p>El subjefe Departamental Diamante, <strong>Marcelo Lell<\/strong>, indic\u00f3\u00a0\u00abEl hecho se perpetr\u00f3 en perjuicio del Centro de Salud &#8216;Nuestra Se\u00f1ora de los Pobres&#8217;, de esa localidad. En principio, la denuncia fue contra autores desconocidos y en cuanto a la modalidad, se constat\u00f3 que forzaron la cerradura de la puerta de la ambulancia, sustrayendo un st\u00e9reo Sony, el equipo de radio-comunicaci\u00f3n y la consola de las balizas y sirena\u00bb.<\/p>\n<p>Personal de la Comisar\u00eda Las Cuevas practic\u00f3 averiguaciones y tareas de campo que se presumen cercaron al sospechado, que opt\u00f3 por descartarse de los elementos buscados. \u00abSe hallaron en una zona donde habitualmente arrojan basura, dentro de una bolsa negra, que estaba parcialmente escondida debajo de unos arbustos. El sector fue rastrillado por haberse obtenido el dato de que la persona sospechado habr\u00eda merodeado las inmediaciones\u00bb, apunt\u00f3 el funcionario policial.<\/p>\n<p>\u00abAl margen de su valor de mercado, son de mucha utilidad para el uso de la ambulancia en caso de urgencias\u00bb, reflexion\u00f3 Lell, al dar cuenta que \u00abhabi\u00e9ndose localizado la totalidad de los elementos, se procedi\u00f3 al secuestro de los mismos, poniendo en conocimiento de la situaci\u00f3n a las autoridades correspondientes, para su eventual restituci\u00f3n\u00bb.<\/p>\n<p>El sospechado ser\u00eda oriundo de Las Cuevas, quedando sus datos filiatorios a disposici\u00f3n de la Fiscal\u00eda actuante.<\/p>\n","protected":false},"excerpt":{"rendered":"<p>El ins\u00f3lito hecho, en perjuicio de las posibilidades de se\u00f1alizaci\u00f3n y comunicaci\u00f3n de emergencia de la unidad de salud, ocurri\u00f3 en Las Cuevas. La investigaci\u00f3n concluy\u00f3 con secuestros.<\/p>\n","protected":false},"author":8,"featured_media":172476,"comment_status":"open","ping_status":"open","sticky":false,"template":"","format":"standard","meta":{"fifu_image_url":"","fifu_image_alt":"","footnotes":""},"categories":[14],"tags":[368,308],"class_list":{"0":"post-172475","1":"post","2":"type-post","3":"status-publish","4":"format-standard","5":"has-post-thumbnail","7":"category-policiales","8":"tag-las-cuevas","9":"tag-robo"},"yoast_head":"<title>Las Cuevas: la Polic\u00eda esclareci\u00f3 el robo de un equipo de comunicaci\u00f3n a una ambulancia - Informe Litoral<\/title>\n<meta name=\"robots\" content=\"index, follow, max-snippet:-1, max-image-preview:large, max-video-preview:-1\" \/>\n<link rel=\"canonical\" href=\"https:\/\/informelitoral.com.ar\/las-cuevas-la-policia-esclarecio-el-robo-de-un-equipo-de-comunicacion-a-una-ambulancia\/\" \/>\n<meta property=\"og:locale\" content=\"es_ES\" \/>\n<meta property=\"og:type\" content=\"article\" \/>\n<meta property=\"og:title\" content=\"Las Cuevas: la Polic\u00eda esclareci\u00f3 el robo de un equipo de comunicaci\u00f3n a una ambulancia - Informe Litoral\" \/>\n<meta property=\"og:description\" content=\"El ins\u00f3lito hecho, en perjuicio de las posibilidades de se\u00f1alizaci\u00f3n y comunicaci\u00f3n de emergencia de la unidad de salud, ocurri\u00f3 en Las Cuevas. La investigaci\u00f3n concluy\u00f3 con secuestros.\" \/>\n<meta property=\"og:url\" content=\"https:\/\/informelitoral.com.ar\/las-cuevas-la-policia-esclarecio-el-robo-de-un-equipo-de-comunicacion-a-una-ambulancia\/\" \/>\n<meta property=\"og:site_name\" content=\"Informe Litoral\" \/>\n<meta property=\"article:publisher\" content=\"https:\/\/www.facebook.com\/informelitoral\/\" \/>\n<meta property=\"article:published_time\" content=\"2023-11-13T11:47:16+00:00\" \/>\n<meta property=\"article:modified_time\" content=\"2023-11-14T10:39:53+00:00\" \/>\n<meta property=\"og:image\" content=\"https:\/\/informelitoral.com.ar\/%77%70%2d%63%6f%6e%74%65%6e%74\/uploads\/2023\/11\/WhatsApp-Image-2023-11-12-at-19.05.11.jpg\" \/>\n\t<meta property=\"og:image:width\" content=\"1024\" \/>\n\t<meta property=\"og:image:height\" content=\"533\" \/>\n\t<meta property=\"og:image:type\" content=\"image\/jpeg\" \/>\n<meta name=\"author\" content=\"Sebastian\" \/>\n<meta name=\"twitter:card\" content=\"summary_large_image\" \/>\n<meta name=\"twitter:creator\" content=\"@InformeLitoral\" \/>\n<meta name=\"twitter:site\" content=\"@InformeLitoral\" \/>\n<meta name=\"twitter:label1\" content=\"Escrito por\" \/>\n\t<meta name=\"twitter:data1\" content=\"Sebastian\" \/>\n\t<meta name=\"twitter:label2\" content=\"Tiempo de lectura\" \/>\n\t<meta name=\"twitter:data2\" content=\"1 minuto\" \/>\n<script type=\"application\/ld+json\" class=\"yoast-schema-graph\">{\"@context\":\"https:\\\/\\\/schema.org\",\"@graph\":[{\"@type\":\"Article\",\"@id\":\"https:\\\/\\\/informelitoral.com.ar\\\/las-cuevas-la-policia-esclarecio-el-robo-de-un-equipo-de-comunicacion-a-una-ambulancia\\\/#article\",\"isPartOf\":{\"@id\":\"https:\\\/\\\/informelitoral.com.ar\\\/las-cuevas-la-policia-esclarecio-el-robo-de-un-equipo-de-comunicacion-a-una-ambulancia\\\/\"},\"author\":{\"name\":\"Sebastian\",\"@id\":\"https:\\\/\\\/informelitoral.com.ar\\\/#\\\/schema\\\/person\\\/f05f9f461677119578717524b127d6d5\"},\"headline\":\"Las Cuevas: la Polic\u00eda esclareci\u00f3 el robo de un equipo de comunicaci\u00f3n a una ambulancia\",\"datePublished\":\"2023-11-13T11:47:16+00:00\",\"dateModified\":\"2023-11-14T10:39:53+00:00\",\"mainEntityOfPage\":{\"@id\":\"https:\\\/\\\/informelitoral.com.ar\\\/las-cuevas-la-policia-esclarecio-el-robo-de-un-equipo-de-comunicacion-a-una-ambulancia\\\/\"},\"wordCount\":273,\"commentCount\":0,\"publisher\":{\"@id\":\"https:\\\/\\\/informelitoral.com.ar\\\/#organization\"},\"image\":{\"@id\":\"https:\\\/\\\/informelitoral.com.ar\\\/las-cuevas-la-policia-esclarecio-el-robo-de-un-equipo-de-comunicacion-a-una-ambulancia\\\/#primaryimage\"},\"thumbnailUrl\":\"https:\\\/\\\/informelitoral.com.ar\\\/%77%70%2d%63%6f%6e%74%65%6e%74\\\/uploads\\\/2023\\\/11\\\/WhatsApp-Image-2023-11-12-at-19.05.11.jpg\",\"keywords\":[\"Las Cuevas\",\"Robo\"],\"articleSection\":[\"Policiales\"],\"inLanguage\":\"es\",\"potentialAction\":[{\"@type\":\"CommentAction\",\"name\":\"Comment\",\"target\":[\"https:\\\/\\\/informelitoral.com.ar\\\/las-cuevas-la-policia-esclarecio-el-robo-de-un-equipo-de-comunicacion-a-una-ambulancia\\\/#respond\"]}]},{\"@type\":\"WebPage\",\"@id\":\"https:\\\/\\\/informelitoral.com.ar\\\/las-cuevas-la-policia-esclarecio-el-robo-de-un-equipo-de-comunicacion-a-una-ambulancia\\\/\",\"url\":\"https:\\\/\\\/informelitoral.com.ar\\\/las-cuevas-la-policia-esclarecio-el-robo-de-un-equipo-de-comunicacion-a-una-ambulancia\\\/\",\"name\":\"Las Cuevas: la Polic\u00eda esclareci\u00f3 el robo de un equipo de comunicaci\u00f3n a una ambulancia - Informe Litoral\",\"isPartOf\":{\"@id\":\"https:\\\/\\\/informelitoral.com.ar\\\/#website\"},\"primaryImageOfPage\":{\"@id\":\"https:\\\/\\\/informelitoral.com.ar\\\/las-cuevas-la-policia-esclarecio-el-robo-de-un-equipo-de-comunicacion-a-una-ambulancia\\\/#primaryimage\"},\"image\":{\"@id\":\"https:\\\/\\\/informelitoral.com.ar\\\/las-cuevas-la-policia-esclarecio-el-robo-de-un-equipo-de-comunicacion-a-una-ambulancia\\\/#primaryimage\"},\"thumbnailUrl\":\"https:\\\/\\\/informelitoral.com.ar\\\/%77%70%2d%63%6f%6e%74%65%6e%74\\\/uploads\\\/2023\\\/11\\\/WhatsApp-Image-2023-11-12-at-19.05.11.jpg\",\"datePublished\":\"2023-11-13T11:47:16+00:00\",\"dateModified\":\"2023-11-14T10:39:53+00:00\",\"breadcrumb\":{\"@id\":\"https:\\\/\\\/informelitoral.com.ar\\\/las-cuevas-la-policia-esclarecio-el-robo-de-un-equipo-de-comunicacion-a-una-ambulancia\\\/#breadcrumb\"},\"inLanguage\":\"es\",\"potentialAction\":[{\"@type\":\"ReadAction\",\"target\":[\"https:\\\/\\\/informelitoral.com.ar\\\/las-cuevas-la-policia-esclarecio-el-robo-de-un-equipo-de-comunicacion-a-una-ambulancia\\\/\"]}]},{\"@type\":\"ImageObject\",\"inLanguage\":\"es\",\"@id\":\"https:\\\/\\\/informelitoral.com.ar\\\/las-cuevas-la-policia-esclarecio-el-robo-de-un-equipo-de-comunicacion-a-una-ambulancia\\\/#primaryimage\",\"url\":\"https:\\\/\\\/informelitoral.com.ar\\\/%77%70%2d%63%6f%6e%74%65%6e%74\\\/uploads\\\/2023\\\/11\\\/WhatsApp-Image-2023-11-12-at-19.05.11.jpg\",\"contentUrl\":\"https:\\\/\\\/informelitoral.com.ar\\\/%77%70%2d%63%6f%6e%74%65%6e%74\\\/uploads\\\/2023\\\/11\\\/WhatsApp-Image-2023-11-12-at-19.05.11.jpg\",\"width\":1024,\"height\":533},{\"@type\":\"BreadcrumbList\",\"@id\":\"https:\\\/\\\/informelitoral.com.ar\\\/las-cuevas-la-policia-esclarecio-el-robo-de-un-equipo-de-comunicacion-a-una-ambulancia\\\/#breadcrumb\",\"itemListElement\":[{\"@type\":\"ListItem\",\"position\":1,\"name\":\"Portada\",\"item\":\"https:\\\/\\\/informelitoral.com.ar\\\/\"},{\"@type\":\"ListItem\",\"position\":2,\"name\":\"Las Cuevas: la Polic\u00eda esclareci\u00f3 el robo de un equipo de comunicaci\u00f3n a una ambulancia\"}]},{\"@type\":\"WebSite\",\"@id\":\"https:\\\/\\\/informelitoral.com.ar\\\/#website\",\"url\":\"https:\\\/\\\/informelitoral.com.ar\\\/\",\"name\":\"Informe Litoral\",\"description\":\"&quot;Nos informamos&quot; \",\"publisher\":{\"@id\":\"https:\\\/\\\/informelitoral.com.ar\\\/#organization\"},\"potentialAction\":[{\"@type\":\"SearchAction\",\"target\":{\"@type\":\"EntryPoint\",\"urlTemplate\":\"https:\\\/\\\/informelitoral.com.ar\\\/?s={search_term_string}\"},\"query-input\":{\"@type\":\"PropertyValueSpecification\",\"valueRequired\":true,\"valueName\":\"search_term_string\"}}],\"inLanguage\":\"es\"},{\"@type\":\"Organization\",\"@id\":\"https:\\\/\\\/informelitoral.com.ar\\\/#organization\",\"name\":\"Informe Litoral\",\"url\":\"https:\\\/\\\/informelitoral.com.ar\\\/\",\"logo\":{\"@type\":\"ImageObject\",\"inLanguage\":\"es\",\"@id\":\"https:\\\/\\\/informelitoral.com.ar\\\/#\\\/schema\\\/logo\\\/image\\\/\",\"url\":\"https:\\\/\\\/informelitoral.com.ar\\\/%77%70%2d%63%6f%6e%74%65%6e%74\\\/uploads\\\/2021\\\/01\\\/circulo.png\",\"contentUrl\":\"https:\\\/\\\/informelitoral.com.ar\\\/%77%70%2d%63%6f%6e%74%65%6e%74\\\/uploads\\\/2021\\\/01\\\/circulo.png\",\"width\":723,\"height\":731,\"caption\":\"Informe Litoral\"},\"image\":{\"@id\":\"https:\\\/\\\/informelitoral.com.ar\\\/#\\\/schema\\\/logo\\\/image\\\/\"},\"sameAs\":[\"https:\\\/\\\/www.facebook.com\\\/informelitoral\\\/\",\"https:\\\/\\\/x.com\\\/InformeLitoral\",\"https:\\\/\\\/www.instagram.com\\\/informelitoral\\\/\",\"https:\\\/\\\/www.youtube.com\\\/channel\\\/UCua4Qvz8Icb6MYqhoq9xLXw\"]},{\"@type\":\"Person\",\"@id\":\"https:\\\/\\\/informelitoral.com.ar\\\/#\\\/schema\\\/person\\\/f05f9f461677119578717524b127d6d5\",\"name\":\"Sebastian\",\"image\":{\"@type\":\"ImageObject\",\"inLanguage\":\"es\",\"@id\":\"https:\\\/\\\/secure.gravatar.com\\\/avatar\\\/b71bf7481d447dfb9583c7f2798e7cc64de6efb9067b74633ed8c31059a3bd82?s=96&d=mm&r=g\",\"url\":\"https:\\\/\\\/secure.gravatar.com\\\/avatar\\\/b71bf7481d447dfb9583c7f2798e7cc64de6efb9067b74633ed8c31059a3bd82?s=96&d=mm&r=g\",\"contentUrl\":\"https:\\\/\\\/secure.gravatar.com\\\/avatar\\\/b71bf7481d447dfb9583c7f2798e7cc64de6efb9067b74633ed8c31059a3bd82?s=96&d=mm&r=g\",\"caption\":\"Sebastian\"},\"url\":\"https:\\\/\\\/informelitoral.com.ar\\\/author\\\/sebastian\\\/\"}]}<\/script>","yoast_head_json":{"title":"Las Cuevas: la Polic\u00eda esclareci\u00f3 el robo de un equipo de comunicaci\u00f3n a una ambulancia - Informe Litoral","robots":{"index":"index","follow":"follow","max-snippet":"max-snippet:-1","max-image-preview":"max-image-preview:large","max-video-preview":"max-video-preview:-1"},"canonical":"https:\/\/informelitoral.com.ar\/las-cuevas-la-policia-esclarecio-el-robo-de-un-equipo-de-comunicacion-a-una-ambulancia\/","og_locale":"es_ES","og_type":"article","og_title":"Las Cuevas: la Polic\u00eda esclareci\u00f3 el robo de un equipo de comunicaci\u00f3n a una ambulancia - Informe Litoral","og_description":"El ins\u00f3lito hecho, en perjuicio de las posibilidades de se\u00f1alizaci\u00f3n y comunicaci\u00f3n de emergencia de la unidad de salud, ocurri\u00f3 en Las Cuevas. La investigaci\u00f3n concluy\u00f3 con secuestros.","og_url":"https:\/\/informelitoral.com.ar\/las-cuevas-la-policia-esclarecio-el-robo-de-un-equipo-de-comunicacion-a-una-ambulancia\/","og_site_name":"Informe Litoral","article_publisher":"https:\/\/www.facebook.com\/informelitoral\/","article_published_time":"2023-11-13T11:47:16+00:00","article_modified_time":"2023-11-14T10:39:53+00:00","og_image":[{"width":1024,"height":533,"url":"https:\/\/informelitoral.com.ar\/%77%70%2d%63%6f%6e%74%65%6e%74\/uploads\/2023\/11\/WhatsApp-Image-2023-11-12-at-19.05.11.jpg","type":"image\/jpeg"}],"author":"Sebastian","twitter_card":"summary_large_image","twitter_creator":"@InformeLitoral","twitter_site":"@InformeLitoral","twitter_misc":{"Escrito por":"Sebastian","Tiempo de lectura":"1 minuto"},"schema":{"@context":"https:\/\/schema.org","@graph":[{"@type":"Article","@id":"https:\/\/informelitoral.com.ar\/las-cuevas-la-policia-esclarecio-el-robo-de-un-equipo-de-comunicacion-a-una-ambulancia\/#article","isPartOf":{"@id":"https:\/\/informelitoral.com.ar\/las-cuevas-la-policia-esclarecio-el-robo-de-un-equipo-de-comunicacion-a-una-ambulancia\/"},"author":{"name":"Sebastian","@id":"https:\/\/informelitoral.com.ar\/#\/schema\/person\/f05f9f461677119578717524b127d6d5"},"headline":"Las Cuevas: la Polic\u00eda esclareci\u00f3 el robo de un equipo de comunicaci\u00f3n a una ambulancia","datePublished":"2023-11-13T11:47:16+00:00","dateModified":"2023-11-14T10:39:53+00:00","mainEntityOfPage":{"@id":"https:\/\/informelitoral.com.ar\/las-cuevas-la-policia-esclarecio-el-robo-de-un-equipo-de-comunicacion-a-una-ambulancia\/"},"wordCount":273,"commentCount":0,"publisher":{"@id":"https:\/\/informelitoral.com.ar\/#organization"},"image":{"@id":"https:\/\/informelitoral.com.ar\/las-cuevas-la-policia-esclarecio-el-robo-de-un-equipo-de-comunicacion-a-una-ambulancia\/#primaryimage"},"thumbnailUrl":"https:\/\/informelitoral.com.ar\/%77%70%2d%63%6f%6e%74%65%6e%74\/uploads\/2023\/11\/WhatsApp-Image-2023-11-12-at-19.05.11.jpg","keywords":["Las Cuevas","Robo"],"articleSection":["Policiales"],"inLanguage":"es","potentialAction":[{"@type":"CommentAction","name":"Comment","target":["https:\/\/informelitoral.com.ar\/las-cuevas-la-policia-esclarecio-el-robo-de-un-equipo-de-comunicacion-a-una-ambulancia\/#respond"]}]},{"@type":"WebPage","@id":"https:\/\/informelitoral.com.ar\/las-cuevas-la-policia-esclarecio-el-robo-de-un-equipo-de-comunicacion-a-una-ambulancia\/","url":"https:\/\/informelitoral.com.ar\/las-cuevas-la-policia-esclarecio-el-robo-de-un-equipo-de-comunicacion-a-una-ambulancia\/","name":"Las Cuevas: la Polic\u00eda esclareci\u00f3 el robo de un equipo de comunicaci\u00f3n a una ambulancia - Informe Litoral","isPartOf":{"@id":"https:\/\/informelitoral.com.ar\/#website"},"primaryImageOfPage":{"@id":"https:\/\/informelitoral.com.ar\/las-cuevas-la-policia-esclarecio-el-robo-de-un-equipo-de-comunicacion-a-una-ambulancia\/#primaryimage"},"image":{"@id":"https:\/\/informelitoral.com.ar\/las-cuevas-la-policia-esclarecio-el-robo-de-un-equipo-de-comunicacion-a-una-ambulancia\/#primaryimage"},"thumbnailUrl":"https:\/\/informelitoral.com.ar\/%77%70%2d%63%6f%6e%74%65%6e%74\/uploads\/2023\/11\/WhatsApp-Image-2023-11-12-at-19.05.11.jpg","datePublished":"2023-11-13T11:47:16+00:00","dateModified":"2023-11-14T10:39:53+00:00","breadcrumb":{"@id":"https:\/\/informelitoral.com.ar\/las-cuevas-la-policia-esclarecio-el-robo-de-un-equipo-de-comunicacion-a-una-ambulancia\/#breadcrumb"},"inLanguage":"es","potentialAction":[{"@type":"ReadAction","target":["https:\/\/informelitoral.com.ar\/las-cuevas-la-policia-esclarecio-el-robo-de-un-equipo-de-comunicacion-a-una-ambulancia\/"]}]},{"@type":"ImageObject","inLanguage":"es","@id":"https:\/\/informelitoral.com.ar\/las-cuevas-la-policia-esclarecio-el-robo-de-un-equipo-de-comunicacion-a-una-ambulancia\/#primaryimage","url":"https:\/\/informelitoral.com.ar\/%77%70%2d%63%6f%6e%74%65%6e%74\/uploads\/2023\/11\/WhatsApp-Image-2023-11-12-at-19.05.11.jpg","contentUrl":"https:\/\/informelitoral.com.ar\/%77%70%2d%63%6f%6e%74%65%6e%74\/uploads\/2023\/11\/WhatsApp-Image-2023-11-12-at-19.05.11.jpg","width":1024,"height":533},{"@type":"BreadcrumbList","@id":"https:\/\/informelitoral.com.ar\/las-cuevas-la-policia-esclarecio-el-robo-de-un-equipo-de-comunicacion-a-una-ambulancia\/#breadcrumb","itemListElement":[{"@type":"ListItem","position":1,"name":"Portada","item":"https:\/\/informelitoral.com.ar\/"},{"@type":"ListItem","position":2,"name":"Las Cuevas: la Polic\u00eda esclareci\u00f3 el robo de un equipo de comunicaci\u00f3n a una ambulancia"}]},{"@type":"WebSite","@id":"https:\/\/informelitoral.com.ar\/#website","url":"https:\/\/informelitoral.com.ar\/","name":"Informe Litoral","description":"&quot;Nos informamos&quot; ","publisher":{"@id":"https:\/\/informelitoral.com.ar\/#organization"},"potentialAction":[{"@type":"SearchAction","target":{"@type":"EntryPoint","urlTemplate":"https:\/\/informelitoral.com.ar\/?s={search_term_string}"},"query-input":{"@type":"PropertyValueSpecification","valueRequired":true,"valueName":"search_term_string"}}],"inLanguage":"es"},{"@type":"Organization","@id":"https:\/\/informelitoral.com.ar\/#organization","name":"Informe Litoral","url":"https:\/\/informelitoral.com.ar\/","logo":{"@type":"ImageObject","inLanguage":"es","@id":"https:\/\/informelitoral.com.ar\/#\/schema\/logo\/image\/","url":"https:\/\/informelitoral.com.ar\/%77%70%2d%63%6f%6e%74%65%6e%74\/uploads\/2021\/01\/circulo.png","contentUrl":"https:\/\/informelitoral.com.ar\/%77%70%2d%63%6f%6e%74%65%6e%74\/uploads\/2021\/01\/circulo.png","width":723,"height":731,"caption":"Informe Litoral"},"image":{"@id":"https:\/\/informelitoral.com.ar\/#\/schema\/logo\/image\/"},"sameAs":["https:\/\/www.facebook.com\/informelitoral\/","https:\/\/x.com\/InformeLitoral","https:\/\/www.instagram.com\/informelitoral\/","https:\/\/www.youtube.com\/channel\/UCua4Qvz8Icb6MYqhoq9xLXw"]},{"@type":"Person","@id":"https:\/\/informelitoral.com.ar\/#\/schema\/person\/f05f9f461677119578717524b127d6d5","name":"Sebastian","image":{"@type":"ImageObject","inLanguage":"es","@id":"https:\/\/secure.gravatar.com\/avatar\/b71bf7481d447dfb9583c7f2798e7cc64de6efb9067b74633ed8c31059a3bd82?s=96&d=mm&r=g","url":"https:\/\/secure.gravatar.com\/avatar\/b71bf7481d447dfb9583c7f2798e7cc64de6efb9067b74633ed8c31059a3bd82?s=96&d=mm&r=g","contentUrl":"https:\/\/secure.gravatar.com\/avatar\/b71bf7481d447dfb9583c7f2798e7cc64de6efb9067b74633ed8c31059a3bd82?s=96&d=mm&r=g","caption":"Sebastian"},"url":"https:\/\/informelitoral.com.ar\/author\/sebastian\/"}]}},"_links":{"self":[{"href":"https:\/\/informelitoral.com.ar\/%77%70%2d%6a%73%6f%6e\/wp\/v2\/posts\/172475","targetHints":{"allow":["GET"]}}],"collection":[{"href":"https:\/\/informelitoral.com.ar\/%77%70%2d%6a%73%6f%6e\/wp\/v2\/posts"}],"about":[{"href":"https:\/\/informelitoral.com.ar\/%77%70%2d%6a%73%6f%6e\/wp\/v2\/types\/post"}],"author":[{"embeddable":true,"href":"https:\/\/informelitoral.com.ar\/%77%70%2d%6a%73%6f%6e\/wp\/v2\/users\/8"}],"replies":[{"embeddable":true,"href":"https:\/\/informelitoral.com.ar\/%77%70%2d%6a%73%6f%6e\/wp\/v2\/comments?post=172475"}],"version-history":[{"count":0,"href":"https:\/\/informelitoral.com.ar\/%77%70%2d%6a%73%6f%6e\/wp\/v2\/posts\/172475\/revisions"}],"wp:featuredmedia":[{"embeddable":true,"href":"https:\/\/informelitoral.com.ar\/%77%70%2d%6a%73%6f%6e\/wp\/v2\/media\/172476"}],"wp:attachment":[{"href":"https:\/\/informelitoral.com.ar\/%77%70%2d%6a%73%6f%6e\/wp\/v2\/media?parent=172475"}],"wp:term":[{"taxonomy":"category","embeddable":true,"href":"https:\/\/informelitoral.com.ar\/%77%70%2d%6a%73%6f%6e\/wp\/v2\/categories?post=172475"},{"taxonomy":"post_tag","embeddable":true,"href":"https:\/\/informelitoral.com.ar\/%77%70%2d%6a%73%6f%6e\/wp\/v2\/tags?post=172475"}],"curies":[{"name":"wp","href":"https:\/\/api.w.org\/{rel}","templated":true}]}}