{"id":172469,"date":"2023-11-13T08:14:39","date_gmt":"2023-11-13T11:14:39","guid":{"rendered":"https:\/\/www.informelitoral.com.ar\/?p=172469"},"modified":"2023-11-14T07:40:47","modified_gmt":"2023-11-14T10:40:47","slug":"el-indec-dara-a-conocer-este-lunes-la-inflacion-de-octubre","status":"publish","type":"post","link":"https:\/\/informelitoral.com.ar\/el-indec-dara-a-conocer-este-lunes-la-inflacion-de-octubre\/","title":{"rendered":"El Indec dar\u00e1 a conocer este lunes la inflaci\u00f3n de octubre"},"content":{"rendered":"<section class=\"texto\">El Instituto Nacional de Estad\u00edstica y Censos (Indec) dar\u00e1 a conocer este lunes la variaci\u00f3n del \u00cdndice de Precios al Consumidor (IPC) de octubre que, se espera, presentar\u00e1 una desaceleraci\u00f3n respecto a septiembre, cuando marc\u00f3 un incremento de 12,7%.As\u00ed lo anticipan tanto el relevamiento de precios del instituto de estad\u00edstica de la ciudad de Buenos Aires como informes privados.El \u00cdndice de Precios al Consumidor de CABA tuvo en octubre un aumento del 9,4% respecto del nivel de septiembre, cuando hab\u00eda marcado 12%, seg\u00fan el informe dado a conocer el martes pasado por la Direcci\u00f3n General de Estad\u00edstica y Censos porte\u00f1a (Dgeyc).<\/p>\n<p>Por su parte, la inflaci\u00f3n acumulada en lo que va del a\u00f1o fue del 120,2% y la variaci\u00f3n interanual respecto a octubre de 2022, del 146,4%.<\/p>\n<p>Seg\u00fan el Dgeyc, Educaci\u00f3n fue el rubro con el mayor incremento (15,2%), mientras que alimentos y bebidas no alcoh\u00f3licas &#8211; el de mayor ponderaci\u00f3n en la estructura del \u00edndice- mostr\u00f3 un alza de 9%, frente al 14,1% que marc\u00f3 en septiembre.<\/p>\n<p>En tanto, el secretario de Pol\u00edtica Econ\u00f3mica, Gabriel Rubinstein, adelant\u00f3 los signos de la desaceleraci\u00f3n de las \u00faltimas semanas, cuando el pasado viernes sostuvo que la inflaci\u00f3n de la \u00faltima semana que culmin\u00f3 dio \u00abun alza de 2,3%\u00bb.y que, en 4 semanas, las estimaciones de la variaci\u00f3n de precios acumuladas arrojaron una suba de 9,2%.<\/p>\n<p>No obstante esta tendencia m\u00e1s favorable en cuanto a los precios, cabe se\u00f1alar que a metodolog\u00edas de las mediciones que realiza la Secretar\u00eda de Pol\u00edtica Econ\u00f3mica del Ministerio de Econom\u00eda y el Indec son diferentes.<\/p>\n<p>Asimismo, el m\u00e1s reciente informe conjunto del Instituto de Estad\u00edstica de los Trabajadores (IET) de la Universidad Metropolitana para la Educaci\u00f3n y el Trabajo (UMET) y del Centro para la Concertaci\u00f3n y el Desarrollo (CCD) revel\u00f3 que \u201cla inflaci\u00f3n de las y los trabajadores se ubic\u00f3 en el 9,8% en octubre, desaceler\u00e1ndose 1,7 puntos respecto a los valores de septiembre\u201d.<\/p>\n<p>\u201cLa desaceleraci\u00f3n de la inflaci\u00f3n de octubre se explica por el congelamiento de precios del d\u00f3lar oficial y precios regulados (como servicios p\u00fablicos). No obstante, persiste en niveles muy elevados, producto de la mayor nominalidad e inercia derivada del salto cambiario posterior a las elecciones primarias de agosto\u201d, apuntaron los analistas del IET en el informe, al detallar las causas de la evoluci\u00f3n de los precios.<\/p>\n<p>El documento se\u00f1ala que \u201ccon este registro, la inflaci\u00f3n alcanz\u00f3 el 120,4% en los primeros diez meses del a\u00f1o. En tanto, la inflaci\u00f3n interanual (esto es, contra el mismo mes del a\u00f1o previo) alcanz\u00f3 el 146%\u00bb, en l\u00ednea con las estimaciones de la Ciudad.<\/p>\n<p>Seg\u00fan los especialistas \u201cla inflaci\u00f3n de octubre estuvo traccionada en primer lugar por el rubro de Ense\u00f1anza, que trep\u00f3 15,1%, impulsada por alzas en colegios privados\u00bb.<\/p>\n<p>\u00abEn segundo lugar, Vivienda trep\u00f3 12,6%, motorizada por subas en alquileres, agua y materiales de construcci\u00f3n. Otros rubros con alzas de dos d\u00edgitos fueron Comunicaciones, que trep\u00f3 12%, Equipamiento y mantenimiento del hogar (11,9%) y Salud (10,6%). Recreaci\u00f3n y cultura subi\u00f3 levemente por encima del nivel general, con 9,9%. Por debajo del promedio encontramos a Otros bienes y servicios (9,2%), Alimentos y bebidas (8,9%), Indumentaria y calzado (7,7%) y Transporte (5,7%)\u201d, agregaron.<\/p>\n<\/section>\n","protected":false},"excerpt":{"rendered":"<p>El Indec dar\u00e1 a conocer este lunes la variaci\u00f3n del \u00cdndice de Precios al Consumidor (IPC) de octubre que, se espera, presentar\u00e1 una desaceleraci\u00f3n respecto a septiembre, cuando marc\u00f3 un incremento de 12,7%.<\/p>\n","protected":false},"author":8,"featured_media":87531,"comment_status":"open","ping_status":"open","sticky":false,"template":"","format":"standard","meta":{"fifu_image_url":"","fifu_image_alt":"","footnotes":""},"categories":[1594,7],"tags":[78,95],"class_list":{"0":"post-172469","1":"post","2":"type-post","3":"status-publish","4":"format-standard","5":"has-post-thumbnail","7":"category-economia","8":"category-nacionales","9":"tag-indec","10":"tag-inflacion"},"yoast_head":"<title>El Indec dar\u00e1 a conocer este lunes la inflaci\u00f3n de octubre - Informe Litoral<\/title>\n<meta name=\"robots\" content=\"index, follow, max-snippet:-1, max-image-preview:large, max-video-preview:-1\" \/>\n<link rel=\"canonical\" href=\"https:\/\/informelitoral.com.ar\/el-indec-dara-a-conocer-este-lunes-la-inflacion-de-octubre\/\" \/>\n<meta property=\"og:locale\" content=\"es_ES\" \/>\n<meta property=\"og:type\" content=\"article\" \/>\n<meta property=\"og:title\" content=\"El Indec dar\u00e1 a conocer este lunes la inflaci\u00f3n de octubre - Informe Litoral\" \/>\n<meta property=\"og:description\" content=\"El Indec dar\u00e1 a conocer este lunes la variaci\u00f3n del \u00cdndice de Precios al Consumidor (IPC) de octubre que, se espera, presentar\u00e1 una desaceleraci\u00f3n respecto a septiembre, cuando marc\u00f3 un incremento de 12,7%.\" \/>\n<meta property=\"og:url\" content=\"https:\/\/informelitoral.com.ar\/el-indec-dara-a-conocer-este-lunes-la-inflacion-de-octubre\/\" \/>\n<meta property=\"og:site_name\" content=\"Informe Litoral\" \/>\n<meta property=\"article:publisher\" content=\"https:\/\/www.facebook.com\/informelitoral\/\" \/>\n<meta property=\"article:published_time\" content=\"2023-11-13T11:14:39+00:00\" \/>\n<meta property=\"article:modified_time\" content=\"2023-11-14T10:40:47+00:00\" \/>\n<meta property=\"og:image\" content=\"https:\/\/informelitoral.com.ar\/%77%70%2d%63%6f%6e%74%65%6e%74\/uploads\/2022\/09\/indec-696x464-1.jpeg\" \/>\n\t<meta property=\"og:image:width\" content=\"696\" \/>\n\t<meta property=\"og:image:height\" content=\"464\" \/>\n\t<meta property=\"og:image:type\" content=\"image\/jpeg\" \/>\n<meta name=\"author\" content=\"Sebastian\" \/>\n<meta name=\"twitter:card\" content=\"summary_large_image\" \/>\n<meta name=\"twitter:creator\" content=\"@InformeLitoral\" \/>\n<meta name=\"twitter:site\" content=\"@InformeLitoral\" \/>\n<meta name=\"twitter:label1\" content=\"Escrito por\" \/>\n\t<meta name=\"twitter:data1\" content=\"Sebastian\" \/>\n\t<meta name=\"twitter:label2\" content=\"Tiempo de lectura\" \/>\n\t<meta name=\"twitter:data2\" content=\"3 minutos\" \/>\n<script type=\"application\/ld+json\" class=\"yoast-schema-graph\">{\"@context\":\"https:\\\/\\\/schema.org\",\"@graph\":[{\"@type\":\"Article\",\"@id\":\"https:\\\/\\\/informelitoral.com.ar\\\/el-indec-dara-a-conocer-este-lunes-la-inflacion-de-octubre\\\/#article\",\"isPartOf\":{\"@id\":\"https:\\\/\\\/informelitoral.com.ar\\\/el-indec-dara-a-conocer-este-lunes-la-inflacion-de-octubre\\\/\"},\"author\":{\"name\":\"Sebastian\",\"@id\":\"https:\\\/\\\/informelitoral.com.ar\\\/#\\\/schema\\\/person\\\/f05f9f461677119578717524b127d6d5\"},\"headline\":\"El Indec dar\u00e1 a conocer este lunes la inflaci\u00f3n de octubre\",\"datePublished\":\"2023-11-13T11:14:39+00:00\",\"dateModified\":\"2023-11-14T10:40:47+00:00\",\"mainEntityOfPage\":{\"@id\":\"https:\\\/\\\/informelitoral.com.ar\\\/el-indec-dara-a-conocer-este-lunes-la-inflacion-de-octubre\\\/\"},\"wordCount\":566,\"commentCount\":0,\"publisher\":{\"@id\":\"https:\\\/\\\/informelitoral.com.ar\\\/#organization\"},\"image\":{\"@id\":\"https:\\\/\\\/informelitoral.com.ar\\\/el-indec-dara-a-conocer-este-lunes-la-inflacion-de-octubre\\\/#primaryimage\"},\"thumbnailUrl\":\"https:\\\/\\\/informelitoral.com.ar\\\/%77%70%2d%63%6f%6e%74%65%6e%74\\\/uploads\\\/2022\\\/09\\\/indec-696x464-1.jpeg\",\"keywords\":[\"Indec\",\"Inflaci\u00f3n\"],\"articleSection\":[\"Econom\u00eda\",\"Nacionales\"],\"inLanguage\":\"es\",\"potentialAction\":[{\"@type\":\"CommentAction\",\"name\":\"Comment\",\"target\":[\"https:\\\/\\\/informelitoral.com.ar\\\/el-indec-dara-a-conocer-este-lunes-la-inflacion-de-octubre\\\/#respond\"]}]},{\"@type\":\"WebPage\",\"@id\":\"https:\\\/\\\/informelitoral.com.ar\\\/el-indec-dara-a-conocer-este-lunes-la-inflacion-de-octubre\\\/\",\"url\":\"https:\\\/\\\/informelitoral.com.ar\\\/el-indec-dara-a-conocer-este-lunes-la-inflacion-de-octubre\\\/\",\"name\":\"El Indec dar\u00e1 a conocer este lunes la inflaci\u00f3n de octubre - Informe Litoral\",\"isPartOf\":{\"@id\":\"https:\\\/\\\/informelitoral.com.ar\\\/#website\"},\"primaryImageOfPage\":{\"@id\":\"https:\\\/\\\/informelitoral.com.ar\\\/el-indec-dara-a-conocer-este-lunes-la-inflacion-de-octubre\\\/#primaryimage\"},\"image\":{\"@id\":\"https:\\\/\\\/informelitoral.com.ar\\\/el-indec-dara-a-conocer-este-lunes-la-inflacion-de-octubre\\\/#primaryimage\"},\"thumbnailUrl\":\"https:\\\/\\\/informelitoral.com.ar\\\/%77%70%2d%63%6f%6e%74%65%6e%74\\\/uploads\\\/2022\\\/09\\\/indec-696x464-1.jpeg\",\"datePublished\":\"2023-11-13T11:14:39+00:00\",\"dateModified\":\"2023-11-14T10:40:47+00:00\",\"breadcrumb\":{\"@id\":\"https:\\\/\\\/informelitoral.com.ar\\\/el-indec-dara-a-conocer-este-lunes-la-inflacion-de-octubre\\\/#breadcrumb\"},\"inLanguage\":\"es\",\"potentialAction\":[{\"@type\":\"ReadAction\",\"target\":[\"https:\\\/\\\/informelitoral.com.ar\\\/el-indec-dara-a-conocer-este-lunes-la-inflacion-de-octubre\\\/\"]}]},{\"@type\":\"ImageObject\",\"inLanguage\":\"es\",\"@id\":\"https:\\\/\\\/informelitoral.com.ar\\\/el-indec-dara-a-conocer-este-lunes-la-inflacion-de-octubre\\\/#primaryimage\",\"url\":\"https:\\\/\\\/informelitoral.com.ar\\\/%77%70%2d%63%6f%6e%74%65%6e%74\\\/uploads\\\/2022\\\/09\\\/indec-696x464-1.jpeg\",\"contentUrl\":\"https:\\\/\\\/informelitoral.com.ar\\\/%77%70%2d%63%6f%6e%74%65%6e%74\\\/uploads\\\/2022\\\/09\\\/indec-696x464-1.jpeg\",\"width\":696,\"height\":464},{\"@type\":\"BreadcrumbList\",\"@id\":\"https:\\\/\\\/informelitoral.com.ar\\\/el-indec-dara-a-conocer-este-lunes-la-inflacion-de-octubre\\\/#breadcrumb\",\"itemListElement\":[{\"@type\":\"ListItem\",\"position\":1,\"name\":\"Portada\",\"item\":\"https:\\\/\\\/informelitoral.com.ar\\\/\"},{\"@type\":\"ListItem\",\"position\":2,\"name\":\"El Indec dar\u00e1 a conocer este lunes la inflaci\u00f3n de octubre\"}]},{\"@type\":\"WebSite\",\"@id\":\"https:\\\/\\\/informelitoral.com.ar\\\/#website\",\"url\":\"https:\\\/\\\/informelitoral.com.ar\\\/\",\"name\":\"Informe Litoral\",\"description\":\"&quot;Nos informamos&quot; \",\"publisher\":{\"@id\":\"https:\\\/\\\/informelitoral.com.ar\\\/#organization\"},\"potentialAction\":[{\"@type\":\"SearchAction\",\"target\":{\"@type\":\"EntryPoint\",\"urlTemplate\":\"https:\\\/\\\/informelitoral.com.ar\\\/?s={search_term_string}\"},\"query-input\":{\"@type\":\"PropertyValueSpecification\",\"valueRequired\":true,\"valueName\":\"search_term_string\"}}],\"inLanguage\":\"es\"},{\"@type\":\"Organization\",\"@id\":\"https:\\\/\\\/informelitoral.com.ar\\\/#organization\",\"name\":\"Informe Litoral\",\"url\":\"https:\\\/\\\/informelitoral.com.ar\\\/\",\"logo\":{\"@type\":\"ImageObject\",\"inLanguage\":\"es\",\"@id\":\"https:\\\/\\\/informelitoral.com.ar\\\/#\\\/schema\\\/logo\\\/image\\\/\",\"url\":\"https:\\\/\\\/informelitoral.com.ar\\\/%77%70%2d%63%6f%6e%74%65%6e%74\\\/uploads\\\/2021\\\/01\\\/circulo.png\",\"contentUrl\":\"https:\\\/\\\/informelitoral.com.ar\\\/%77%70%2d%63%6f%6e%74%65%6e%74\\\/uploads\\\/2021\\\/01\\\/circulo.png\",\"width\":723,\"height\":731,\"caption\":\"Informe Litoral\"},\"image\":{\"@id\":\"https:\\\/\\\/informelitoral.com.ar\\\/#\\\/schema\\\/logo\\\/image\\\/\"},\"sameAs\":[\"https:\\\/\\\/www.facebook.com\\\/informelitoral\\\/\",\"https:\\\/\\\/x.com\\\/InformeLitoral\",\"https:\\\/\\\/www.instagram.com\\\/informelitoral\\\/\",\"https:\\\/\\\/www.youtube.com\\\/channel\\\/UCua4Qvz8Icb6MYqhoq9xLXw\"]},{\"@type\":\"Person\",\"@id\":\"https:\\\/\\\/informelitoral.com.ar\\\/#\\\/schema\\\/person\\\/f05f9f461677119578717524b127d6d5\",\"name\":\"Sebastian\",\"image\":{\"@type\":\"ImageObject\",\"inLanguage\":\"es\",\"@id\":\"https:\\\/\\\/secure.gravatar.com\\\/avatar\\\/b71bf7481d447dfb9583c7f2798e7cc64de6efb9067b74633ed8c31059a3bd82?s=96&d=mm&r=g\",\"url\":\"https:\\\/\\\/secure.gravatar.com\\\/avatar\\\/b71bf7481d447dfb9583c7f2798e7cc64de6efb9067b74633ed8c31059a3bd82?s=96&d=mm&r=g\",\"contentUrl\":\"https:\\\/\\\/secure.gravatar.com\\\/avatar\\\/b71bf7481d447dfb9583c7f2798e7cc64de6efb9067b74633ed8c31059a3bd82?s=96&d=mm&r=g\",\"caption\":\"Sebastian\"},\"url\":\"https:\\\/\\\/informelitoral.com.ar\\\/author\\\/sebastian\\\/\"}]}<\/script>","yoast_head_json":{"title":"El Indec dar\u00e1 a conocer este lunes la inflaci\u00f3n de octubre - Informe Litoral","robots":{"index":"index","follow":"follow","max-snippet":"max-snippet:-1","max-image-preview":"max-image-preview:large","max-video-preview":"max-video-preview:-1"},"canonical":"https:\/\/informelitoral.com.ar\/el-indec-dara-a-conocer-este-lunes-la-inflacion-de-octubre\/","og_locale":"es_ES","og_type":"article","og_title":"El Indec dar\u00e1 a conocer este lunes la inflaci\u00f3n de octubre - Informe Litoral","og_description":"El Indec dar\u00e1 a conocer este lunes la variaci\u00f3n del \u00cdndice de Precios al Consumidor (IPC) de octubre que, se espera, presentar\u00e1 una desaceleraci\u00f3n respecto a septiembre, cuando marc\u00f3 un incremento de 12,7%.","og_url":"https:\/\/informelitoral.com.ar\/el-indec-dara-a-conocer-este-lunes-la-inflacion-de-octubre\/","og_site_name":"Informe Litoral","article_publisher":"https:\/\/www.facebook.com\/informelitoral\/","article_published_time":"2023-11-13T11:14:39+00:00","article_modified_time":"2023-11-14T10:40:47+00:00","og_image":[{"width":696,"height":464,"url":"https:\/\/informelitoral.com.ar\/%77%70%2d%63%6f%6e%74%65%6e%74\/uploads\/2022\/09\/indec-696x464-1.jpeg","type":"image\/jpeg"}],"author":"Sebastian","twitter_card":"summary_large_image","twitter_creator":"@InformeLitoral","twitter_site":"@InformeLitoral","twitter_misc":{"Escrito por":"Sebastian","Tiempo de lectura":"3 minutos"},"schema":{"@context":"https:\/\/schema.org","@graph":[{"@type":"Article","@id":"https:\/\/informelitoral.com.ar\/el-indec-dara-a-conocer-este-lunes-la-inflacion-de-octubre\/#article","isPartOf":{"@id":"https:\/\/informelitoral.com.ar\/el-indec-dara-a-conocer-este-lunes-la-inflacion-de-octubre\/"},"author":{"name":"Sebastian","@id":"https:\/\/informelitoral.com.ar\/#\/schema\/person\/f05f9f461677119578717524b127d6d5"},"headline":"El Indec dar\u00e1 a conocer este lunes la inflaci\u00f3n de octubre","datePublished":"2023-11-13T11:14:39+00:00","dateModified":"2023-11-14T10:40:47+00:00","mainEntityOfPage":{"@id":"https:\/\/informelitoral.com.ar\/el-indec-dara-a-conocer-este-lunes-la-inflacion-de-octubre\/"},"wordCount":566,"commentCount":0,"publisher":{"@id":"https:\/\/informelitoral.com.ar\/#organization"},"image":{"@id":"https:\/\/informelitoral.com.ar\/el-indec-dara-a-conocer-este-lunes-la-inflacion-de-octubre\/#primaryimage"},"thumbnailUrl":"https:\/\/informelitoral.com.ar\/%77%70%2d%63%6f%6e%74%65%6e%74\/uploads\/2022\/09\/indec-696x464-1.jpeg","keywords":["Indec","Inflaci\u00f3n"],"articleSection":["Econom\u00eda","Nacionales"],"inLanguage":"es","potentialAction":[{"@type":"CommentAction","name":"Comment","target":["https:\/\/informelitoral.com.ar\/el-indec-dara-a-conocer-este-lunes-la-inflacion-de-octubre\/#respond"]}]},{"@type":"WebPage","@id":"https:\/\/informelitoral.com.ar\/el-indec-dara-a-conocer-este-lunes-la-inflacion-de-octubre\/","url":"https:\/\/informelitoral.com.ar\/el-indec-dara-a-conocer-este-lunes-la-inflacion-de-octubre\/","name":"El Indec dar\u00e1 a conocer este lunes la inflaci\u00f3n de octubre - Informe Litoral","isPartOf":{"@id":"https:\/\/informelitoral.com.ar\/#website"},"primaryImageOfPage":{"@id":"https:\/\/informelitoral.com.ar\/el-indec-dara-a-conocer-este-lunes-la-inflacion-de-octubre\/#primaryimage"},"image":{"@id":"https:\/\/informelitoral.com.ar\/el-indec-dara-a-conocer-este-lunes-la-inflacion-de-octubre\/#primaryimage"},"thumbnailUrl":"https:\/\/informelitoral.com.ar\/%77%70%2d%63%6f%6e%74%65%6e%74\/uploads\/2022\/09\/indec-696x464-1.jpeg","datePublished":"2023-11-13T11:14:39+00:00","dateModified":"2023-11-14T10:40:47+00:00","breadcrumb":{"@id":"https:\/\/informelitoral.com.ar\/el-indec-dara-a-conocer-este-lunes-la-inflacion-de-octubre\/#breadcrumb"},"inLanguage":"es","potentialAction":[{"@type":"ReadAction","target":["https:\/\/informelitoral.com.ar\/el-indec-dara-a-conocer-este-lunes-la-inflacion-de-octubre\/"]}]},{"@type":"ImageObject","inLanguage":"es","@id":"https:\/\/informelitoral.com.ar\/el-indec-dara-a-conocer-este-lunes-la-inflacion-de-octubre\/#primaryimage","url":"https:\/\/informelitoral.com.ar\/%77%70%2d%63%6f%6e%74%65%6e%74\/uploads\/2022\/09\/indec-696x464-1.jpeg","contentUrl":"https:\/\/informelitoral.com.ar\/%77%70%2d%63%6f%6e%74%65%6e%74\/uploads\/2022\/09\/indec-696x464-1.jpeg","width":696,"height":464},{"@type":"BreadcrumbList","@id":"https:\/\/informelitoral.com.ar\/el-indec-dara-a-conocer-este-lunes-la-inflacion-de-octubre\/#breadcrumb","itemListElement":[{"@type":"ListItem","position":1,"name":"Portada","item":"https:\/\/informelitoral.com.ar\/"},{"@type":"ListItem","position":2,"name":"El Indec dar\u00e1 a conocer este lunes la inflaci\u00f3n de octubre"}]},{"@type":"WebSite","@id":"https:\/\/informelitoral.com.ar\/#website","url":"https:\/\/informelitoral.com.ar\/","name":"Informe Litoral","description":"&quot;Nos informamos&quot; ","publisher":{"@id":"https:\/\/informelitoral.com.ar\/#organization"},"potentialAction":[{"@type":"SearchAction","target":{"@type":"EntryPoint","urlTemplate":"https:\/\/informelitoral.com.ar\/?s={search_term_string}"},"query-input":{"@type":"PropertyValueSpecification","valueRequired":true,"valueName":"search_term_string"}}],"inLanguage":"es"},{"@type":"Organization","@id":"https:\/\/informelitoral.com.ar\/#organization","name":"Informe Litoral","url":"https:\/\/informelitoral.com.ar\/","logo":{"@type":"ImageObject","inLanguage":"es","@id":"https:\/\/informelitoral.com.ar\/#\/schema\/logo\/image\/","url":"https:\/\/informelitoral.com.ar\/%77%70%2d%63%6f%6e%74%65%6e%74\/uploads\/2021\/01\/circulo.png","contentUrl":"https:\/\/informelitoral.com.ar\/%77%70%2d%63%6f%6e%74%65%6e%74\/uploads\/2021\/01\/circulo.png","width":723,"height":731,"caption":"Informe Litoral"},"image":{"@id":"https:\/\/informelitoral.com.ar\/#\/schema\/logo\/image\/"},"sameAs":["https:\/\/www.facebook.com\/informelitoral\/","https:\/\/x.com\/InformeLitoral","https:\/\/www.instagram.com\/informelitoral\/","https:\/\/www.youtube.com\/channel\/UCua4Qvz8Icb6MYqhoq9xLXw"]},{"@type":"Person","@id":"https:\/\/informelitoral.com.ar\/#\/schema\/person\/f05f9f461677119578717524b127d6d5","name":"Sebastian","image":{"@type":"ImageObject","inLanguage":"es","@id":"https:\/\/secure.gravatar.com\/avatar\/b71bf7481d447dfb9583c7f2798e7cc64de6efb9067b74633ed8c31059a3bd82?s=96&d=mm&r=g","url":"https:\/\/secure.gravatar.com\/avatar\/b71bf7481d447dfb9583c7f2798e7cc64de6efb9067b74633ed8c31059a3bd82?s=96&d=mm&r=g","contentUrl":"https:\/\/secure.gravatar.com\/avatar\/b71bf7481d447dfb9583c7f2798e7cc64de6efb9067b74633ed8c31059a3bd82?s=96&d=mm&r=g","caption":"Sebastian"},"url":"https:\/\/informelitoral.com.ar\/author\/sebastian\/"}]}},"_links":{"self":[{"href":"https:\/\/informelitoral.com.ar\/%77%70%2d%6a%73%6f%6e\/wp\/v2\/posts\/172469","targetHints":{"allow":["GET"]}}],"collection":[{"href":"https:\/\/informelitoral.com.ar\/%77%70%2d%6a%73%6f%6e\/wp\/v2\/posts"}],"about":[{"href":"https:\/\/informelitoral.com.ar\/%77%70%2d%6a%73%6f%6e\/wp\/v2\/types\/post"}],"author":[{"embeddable":true,"href":"https:\/\/informelitoral.com.ar\/%77%70%2d%6a%73%6f%6e\/wp\/v2\/users\/8"}],"replies":[{"embeddable":true,"href":"https:\/\/informelitoral.com.ar\/%77%70%2d%6a%73%6f%6e\/wp\/v2\/comments?post=172469"}],"version-history":[{"count":0,"href":"https:\/\/informelitoral.com.ar\/%77%70%2d%6a%73%6f%6e\/wp\/v2\/posts\/172469\/revisions"}],"wp:featuredmedia":[{"embeddable":true,"href":"https:\/\/informelitoral.com.ar\/%77%70%2d%6a%73%6f%6e\/wp\/v2\/media\/87531"}],"wp:attachment":[{"href":"https:\/\/informelitoral.com.ar\/%77%70%2d%6a%73%6f%6e\/wp\/v2\/media?parent=172469"}],"wp:term":[{"taxonomy":"category","embeddable":true,"href":"https:\/\/informelitoral.com.ar\/%77%70%2d%6a%73%6f%6e\/wp\/v2\/categories?post=172469"},{"taxonomy":"post_tag","embeddable":true,"href":"https:\/\/informelitoral.com.ar\/%77%70%2d%6a%73%6f%6e\/wp\/v2\/tags?post=172469"}],"curies":[{"name":"wp","href":"https:\/\/api.w.org\/{rel}","templated":true}]}}