{"id":172465,"date":"2023-11-13T08:06:36","date_gmt":"2023-11-13T11:06:36","guid":{"rendered":"https:\/\/www.informelitoral.com.ar\/?p=172465"},"modified":"2023-11-13T08:06:36","modified_gmt":"2023-11-13T11:06:36","slug":"realizaron-con-exito-la-prueba-del-sistema-de-recuento-de-votos","status":"publish","type":"post","link":"https:\/\/informelitoral.com.ar\/realizaron-con-exito-la-prueba-del-sistema-de-recuento-de-votos\/","title":{"rendered":"Realizaron con \u00e9xito la prueba del sistema de recuento de votos"},"content":{"rendered":"<p>La Direcci\u00f3n Nacional Electoral (DINE) llev\u00f3 adelante este s\u00e1bado de forma satisfactoria la prueba general previa a la segunda vuelta electoral prevista para el pr\u00f3ximo 19 de noviembre, proceso durante el cual se evalu\u00f3 exitosamente el funcionamiento del sistema de transmisi\u00f3n, recuento provisional de votos y difusi\u00f3n de resultados electorales, y que cont\u00f3 con la presencia del secretario general de la Presidencia, Julio Vitobello; y el titular de la DINE, Marcos Schiavi.<\/p>\n<p>De la prueba, desarrollada este s\u00e1bado en la sede del Correo Argentino ubicada en el barrio porte\u00f1o de Barracas, participaron la directora de Servicios Electorales del Correo, Mariana Aballay; y apoderados y responsables inform\u00e1ticos de las dos fuerzas pol\u00edticas en disputa: Leandro Garc\u00eda (Uni\u00f3n por la Patria); Fernando Cerimedo y Alejandro Cosentino (La Libertad Avanza). El proceso adem\u00e1s fue acompa\u00f1ado por Nicol\u00e1s Ritacco, subsecretario de Asuntos Pol\u00edticos de la Secretar\u00eda General.<\/p>\n<p>Durante esta prueba se reprodujeron las tareas de transmisi\u00f3n, recepci\u00f3n, carga y procesamiento de los telegramas, con resultados simulados para todas las mesas del pa\u00eds, as\u00ed como la fiscalizaci\u00f3n por parte de las agrupaciones pol\u00edticas en disputa y la totalizaci\u00f3n de los resultados para su difusi\u00f3n.<\/p>\n<p>El proceso comprendi\u00f3 los 24 distritos electorales de la Argentina, y durante su ejecuci\u00f3n fueron transmitidos m\u00e1s de 104 mil telegramas desde los 5.679 locales de votaci\u00f3n que cuentan con el Kit de Transmisi\u00f3n y las 1.150 Sucursales Electorales Digitales.<\/p>\n<figure class=\"embed\"><img decoding=\"async\" title=\"\" src=\"https:\/\/elonce-media.elonce.com\/fotos-nuevo\/2023\/11\/11\/o_1699726972.jpg\" alt=\"\" width=\"640\" \/><\/figure>\n<p>Con el objetivo de imitar una curva de transmisi\u00f3n similar a la de las Elecciones Generales del pasado 22 de octubre, se programaron inicios de transmisi\u00f3n escalonada, simulando del modo m\u00e1s fiel posible el ritmo de llegada de los telegramas. En la ocasi\u00f3n, el n\u00famero de digitadores\/as alcanz\u00f3 los 1120 dentro de las unidades operativas involucradas, y su trabajo incluy\u00f3 las tareas de recepci\u00f3n, procesamiento, digitaci\u00f3n, totalizaci\u00f3n, fiscalizaci\u00f3n, monitoreo y control de telegramas.<\/p>\n<p>En el marco de la prueba tambi\u00e9n fueron evaluados los procesos, equipamientos, sistemas, conectividad y comunicaciones relativos a la digitalizaci\u00f3n (escaneo) y transmisi\u00f3n de los telegramas desde los Centros de Transmisi\u00f3n de Establecimientos de votaci\u00f3n (CTE) y de Sucursales Electorales Digitales (SED); as\u00ed como los procesos de recepci\u00f3n de telegramas y entrega al Sistema de Recuento; y aquellos pasos ligados a la Recepci\u00f3n, Digitaci\u00f3n, Totalizaci\u00f3n y Fiscalizaci\u00f3n del Recuento Provisional.<\/p>\n<figure class=\"embed\"><img decoding=\"async\" title=\"\" src=\"https:\/\/elonce-media.elonce.com\/fotos-nuevo\/2023\/11\/11\/o_1699726971_1.jpg\" alt=\"\" width=\"640\" \/><\/figure>\n<p>Esta fue la \u00faltima prueba realizada por la DINE en el marco del actual proceso eleccionario y a ocho d\u00edas de celebrarse la segunda vuelta, donde se busc\u00f3 adem\u00e1s probar los mecanismos de detecci\u00f3n de errores y documentar las posibles fallas, de modo de generar las mejoras y ajustes necesarios con la mira puesta en la jornada electoral del 19 de noviembre. La anterior prueba realizada por el organismo electoral tuvo lugar el 18 de octubre, de cara a las Elecciones Generales del pasado 22 de ese mes.<\/p>\n<figure class=\"embed\"><img decoding=\"async\" title=\"\" src=\"https:\/\/elonce-media.elonce.com\/fotos-nuevo\/2023\/11\/11\/o_1699726971.jpg\" alt=\"\" width=\"640\" \/><\/figure>\n<p>Dependiente de la Secretar\u00eda General de Presidencia, la DINE es el organismo t\u00e9cnico del Poder Ejecutivo Nacional especializado en materia de administraci\u00f3n electoral, desde el cual se programa y ejecuta la pol\u00edtica nacional electoral, con la implementaci\u00f3n de herramientas para asegurar la transparencia, la seguridad y la confiabilidad del proceso electoral en su conjunto.<\/p>\n","protected":false},"excerpt":{"rendered":"<p>La Direcci\u00f3n Nacional Electoral (DINE) llev\u00f3 a cabo durante este s\u00e1bado la prueba general previa a la segunda vuelta electoral del pr\u00f3ximo 19 de noviembre.<\/p>\n","protected":false},"author":8,"featured_media":22643,"comment_status":"open","ping_status":"open","sticky":false,"template":"","format":"standard","meta":{"fifu_image_url":"","fifu_image_alt":"","footnotes":""},"categories":[16],"tags":[3401],"class_list":{"0":"post-172465","1":"post","2":"type-post","3":"status-publish","4":"format-standard","5":"has-post-thumbnail","7":"category-politi","8":"tag-elecciones-2023"},"yoast_head":"<title>Realizaron con \u00e9xito la prueba del sistema de recuento de votos - Informe Litoral<\/title>\n<meta name=\"robots\" content=\"index, follow, max-snippet:-1, max-image-preview:large, max-video-preview:-1\" \/>\n<link rel=\"canonical\" href=\"https:\/\/informelitoral.com.ar\/realizaron-con-exito-la-prueba-del-sistema-de-recuento-de-votos\/\" \/>\n<meta property=\"og:locale\" content=\"es_ES\" \/>\n<meta property=\"og:type\" content=\"article\" \/>\n<meta property=\"og:title\" content=\"Realizaron con \u00e9xito la prueba del sistema de recuento de votos - Informe Litoral\" \/>\n<meta property=\"og:description\" content=\"La Direcci\u00f3n Nacional Electoral (DINE) llev\u00f3 a cabo durante este s\u00e1bado la prueba general previa a la segunda vuelta electoral del pr\u00f3ximo 19 de noviembre.\" \/>\n<meta property=\"og:url\" content=\"https:\/\/informelitoral.com.ar\/realizaron-con-exito-la-prueba-del-sistema-de-recuento-de-votos\/\" \/>\n<meta property=\"og:site_name\" content=\"Informe Litoral\" \/>\n<meta property=\"article:publisher\" content=\"https:\/\/www.facebook.com\/informelitoral\/\" \/>\n<meta property=\"article:published_time\" content=\"2023-11-13T11:06:36+00:00\" \/>\n<meta property=\"og:image\" content=\"https:\/\/informelitoral.com.ar\/%77%70%2d%63%6f%6e%74%65%6e%74\/uploads\/2017\/08\/elecciones-paso.jpg\" \/>\n\t<meta property=\"og:image:width\" content=\"798\" \/>\n\t<meta property=\"og:image:height\" content=\"529\" \/>\n\t<meta property=\"og:image:type\" content=\"image\/jpeg\" \/>\n<meta name=\"author\" content=\"Sebastian\" \/>\n<meta name=\"twitter:card\" content=\"summary_large_image\" \/>\n<meta name=\"twitter:creator\" content=\"@InformeLitoral\" \/>\n<meta name=\"twitter:site\" content=\"@InformeLitoral\" \/>\n<meta name=\"twitter:label1\" content=\"Escrito por\" \/>\n\t<meta name=\"twitter:data1\" content=\"Sebastian\" \/>\n\t<meta name=\"twitter:label2\" content=\"Tiempo de lectura\" \/>\n\t<meta name=\"twitter:data2\" content=\"3 minutos\" \/>\n<script type=\"application\/ld+json\" class=\"yoast-schema-graph\">{\"@context\":\"https:\\\/\\\/schema.org\",\"@graph\":[{\"@type\":\"Article\",\"@id\":\"https:\\\/\\\/informelitoral.com.ar\\\/realizaron-con-exito-la-prueba-del-sistema-de-recuento-de-votos\\\/#article\",\"isPartOf\":{\"@id\":\"https:\\\/\\\/informelitoral.com.ar\\\/realizaron-con-exito-la-prueba-del-sistema-de-recuento-de-votos\\\/\"},\"author\":{\"name\":\"Sebastian\",\"@id\":\"https:\\\/\\\/informelitoral.com.ar\\\/#\\\/schema\\\/person\\\/f05f9f461677119578717524b127d6d5\"},\"headline\":\"Realizaron con \u00e9xito la prueba del sistema de recuento de votos\",\"datePublished\":\"2023-11-13T11:06:36+00:00\",\"mainEntityOfPage\":{\"@id\":\"https:\\\/\\\/informelitoral.com.ar\\\/realizaron-con-exito-la-prueba-del-sistema-de-recuento-de-votos\\\/\"},\"wordCount\":570,\"commentCount\":0,\"publisher\":{\"@id\":\"https:\\\/\\\/informelitoral.com.ar\\\/#organization\"},\"image\":{\"@id\":\"https:\\\/\\\/informelitoral.com.ar\\\/realizaron-con-exito-la-prueba-del-sistema-de-recuento-de-votos\\\/#primaryimage\"},\"thumbnailUrl\":\"https:\\\/\\\/informelitoral.com.ar\\\/%77%70%2d%63%6f%6e%74%65%6e%74\\\/uploads\\\/2017\\\/08\\\/elecciones-paso.jpg\",\"keywords\":[\"Elecciones 2023\"],\"articleSection\":[\"Politica\"],\"inLanguage\":\"es\",\"potentialAction\":[{\"@type\":\"CommentAction\",\"name\":\"Comment\",\"target\":[\"https:\\\/\\\/informelitoral.com.ar\\\/realizaron-con-exito-la-prueba-del-sistema-de-recuento-de-votos\\\/#respond\"]}]},{\"@type\":\"WebPage\",\"@id\":\"https:\\\/\\\/informelitoral.com.ar\\\/realizaron-con-exito-la-prueba-del-sistema-de-recuento-de-votos\\\/\",\"url\":\"https:\\\/\\\/informelitoral.com.ar\\\/realizaron-con-exito-la-prueba-del-sistema-de-recuento-de-votos\\\/\",\"name\":\"Realizaron con \u00e9xito la prueba del sistema de recuento de votos - Informe Litoral\",\"isPartOf\":{\"@id\":\"https:\\\/\\\/informelitoral.com.ar\\\/#website\"},\"primaryImageOfPage\":{\"@id\":\"https:\\\/\\\/informelitoral.com.ar\\\/realizaron-con-exito-la-prueba-del-sistema-de-recuento-de-votos\\\/#primaryimage\"},\"image\":{\"@id\":\"https:\\\/\\\/informelitoral.com.ar\\\/realizaron-con-exito-la-prueba-del-sistema-de-recuento-de-votos\\\/#primaryimage\"},\"thumbnailUrl\":\"https:\\\/\\\/informelitoral.com.ar\\\/%77%70%2d%63%6f%6e%74%65%6e%74\\\/uploads\\\/2017\\\/08\\\/elecciones-paso.jpg\",\"datePublished\":\"2023-11-13T11:06:36+00:00\",\"breadcrumb\":{\"@id\":\"https:\\\/\\\/informelitoral.com.ar\\\/realizaron-con-exito-la-prueba-del-sistema-de-recuento-de-votos\\\/#breadcrumb\"},\"inLanguage\":\"es\",\"potentialAction\":[{\"@type\":\"ReadAction\",\"target\":[\"https:\\\/\\\/informelitoral.com.ar\\\/realizaron-con-exito-la-prueba-del-sistema-de-recuento-de-votos\\\/\"]}]},{\"@type\":\"ImageObject\",\"inLanguage\":\"es\",\"@id\":\"https:\\\/\\\/informelitoral.com.ar\\\/realizaron-con-exito-la-prueba-del-sistema-de-recuento-de-votos\\\/#primaryimage\",\"url\":\"https:\\\/\\\/informelitoral.com.ar\\\/%77%70%2d%63%6f%6e%74%65%6e%74\\\/uploads\\\/2017\\\/08\\\/elecciones-paso.jpg\",\"contentUrl\":\"https:\\\/\\\/informelitoral.com.ar\\\/%77%70%2d%63%6f%6e%74%65%6e%74\\\/uploads\\\/2017\\\/08\\\/elecciones-paso.jpg\",\"width\":798,\"height\":529},{\"@type\":\"BreadcrumbList\",\"@id\":\"https:\\\/\\\/informelitoral.com.ar\\\/realizaron-con-exito-la-prueba-del-sistema-de-recuento-de-votos\\\/#breadcrumb\",\"itemListElement\":[{\"@type\":\"ListItem\",\"position\":1,\"name\":\"Portada\",\"item\":\"https:\\\/\\\/informelitoral.com.ar\\\/\"},{\"@type\":\"ListItem\",\"position\":2,\"name\":\"Realizaron con \u00e9xito la prueba del sistema de recuento de votos\"}]},{\"@type\":\"WebSite\",\"@id\":\"https:\\\/\\\/informelitoral.com.ar\\\/#website\",\"url\":\"https:\\\/\\\/informelitoral.com.ar\\\/\",\"name\":\"Informe Litoral\",\"description\":\"&quot;Nos informamos&quot; \",\"publisher\":{\"@id\":\"https:\\\/\\\/informelitoral.com.ar\\\/#organization\"},\"potentialAction\":[{\"@type\":\"SearchAction\",\"target\":{\"@type\":\"EntryPoint\",\"urlTemplate\":\"https:\\\/\\\/informelitoral.com.ar\\\/?s={search_term_string}\"},\"query-input\":{\"@type\":\"PropertyValueSpecification\",\"valueRequired\":true,\"valueName\":\"search_term_string\"}}],\"inLanguage\":\"es\"},{\"@type\":\"Organization\",\"@id\":\"https:\\\/\\\/informelitoral.com.ar\\\/#organization\",\"name\":\"Informe Litoral\",\"url\":\"https:\\\/\\\/informelitoral.com.ar\\\/\",\"logo\":{\"@type\":\"ImageObject\",\"inLanguage\":\"es\",\"@id\":\"https:\\\/\\\/informelitoral.com.ar\\\/#\\\/schema\\\/logo\\\/image\\\/\",\"url\":\"https:\\\/\\\/informelitoral.com.ar\\\/%77%70%2d%63%6f%6e%74%65%6e%74\\\/uploads\\\/2021\\\/01\\\/circulo.png\",\"contentUrl\":\"https:\\\/\\\/informelitoral.com.ar\\\/%77%70%2d%63%6f%6e%74%65%6e%74\\\/uploads\\\/2021\\\/01\\\/circulo.png\",\"width\":723,\"height\":731,\"caption\":\"Informe Litoral\"},\"image\":{\"@id\":\"https:\\\/\\\/informelitoral.com.ar\\\/#\\\/schema\\\/logo\\\/image\\\/\"},\"sameAs\":[\"https:\\\/\\\/www.facebook.com\\\/informelitoral\\\/\",\"https:\\\/\\\/x.com\\\/InformeLitoral\",\"https:\\\/\\\/www.instagram.com\\\/informelitoral\\\/\",\"https:\\\/\\\/www.youtube.com\\\/channel\\\/UCua4Qvz8Icb6MYqhoq9xLXw\"]},{\"@type\":\"Person\",\"@id\":\"https:\\\/\\\/informelitoral.com.ar\\\/#\\\/schema\\\/person\\\/f05f9f461677119578717524b127d6d5\",\"name\":\"Sebastian\",\"image\":{\"@type\":\"ImageObject\",\"inLanguage\":\"es\",\"@id\":\"https:\\\/\\\/secure.gravatar.com\\\/avatar\\\/b71bf7481d447dfb9583c7f2798e7cc64de6efb9067b74633ed8c31059a3bd82?s=96&d=mm&r=g\",\"url\":\"https:\\\/\\\/secure.gravatar.com\\\/avatar\\\/b71bf7481d447dfb9583c7f2798e7cc64de6efb9067b74633ed8c31059a3bd82?s=96&d=mm&r=g\",\"contentUrl\":\"https:\\\/\\\/secure.gravatar.com\\\/avatar\\\/b71bf7481d447dfb9583c7f2798e7cc64de6efb9067b74633ed8c31059a3bd82?s=96&d=mm&r=g\",\"caption\":\"Sebastian\"},\"url\":\"https:\\\/\\\/informelitoral.com.ar\\\/author\\\/sebastian\\\/\"}]}<\/script>","yoast_head_json":{"title":"Realizaron con \u00e9xito la prueba del sistema de recuento de votos - Informe Litoral","robots":{"index":"index","follow":"follow","max-snippet":"max-snippet:-1","max-image-preview":"max-image-preview:large","max-video-preview":"max-video-preview:-1"},"canonical":"https:\/\/informelitoral.com.ar\/realizaron-con-exito-la-prueba-del-sistema-de-recuento-de-votos\/","og_locale":"es_ES","og_type":"article","og_title":"Realizaron con \u00e9xito la prueba del sistema de recuento de votos - Informe Litoral","og_description":"La Direcci\u00f3n Nacional Electoral (DINE) llev\u00f3 a cabo durante este s\u00e1bado la prueba general previa a la segunda vuelta electoral del pr\u00f3ximo 19 de noviembre.","og_url":"https:\/\/informelitoral.com.ar\/realizaron-con-exito-la-prueba-del-sistema-de-recuento-de-votos\/","og_site_name":"Informe Litoral","article_publisher":"https:\/\/www.facebook.com\/informelitoral\/","article_published_time":"2023-11-13T11:06:36+00:00","og_image":[{"width":798,"height":529,"url":"https:\/\/informelitoral.com.ar\/%77%70%2d%63%6f%6e%74%65%6e%74\/uploads\/2017\/08\/elecciones-paso.jpg","type":"image\/jpeg"}],"author":"Sebastian","twitter_card":"summary_large_image","twitter_creator":"@InformeLitoral","twitter_site":"@InformeLitoral","twitter_misc":{"Escrito por":"Sebastian","Tiempo de lectura":"3 minutos"},"schema":{"@context":"https:\/\/schema.org","@graph":[{"@type":"Article","@id":"https:\/\/informelitoral.com.ar\/realizaron-con-exito-la-prueba-del-sistema-de-recuento-de-votos\/#article","isPartOf":{"@id":"https:\/\/informelitoral.com.ar\/realizaron-con-exito-la-prueba-del-sistema-de-recuento-de-votos\/"},"author":{"name":"Sebastian","@id":"https:\/\/informelitoral.com.ar\/#\/schema\/person\/f05f9f461677119578717524b127d6d5"},"headline":"Realizaron con \u00e9xito la prueba del sistema de recuento de votos","datePublished":"2023-11-13T11:06:36+00:00","mainEntityOfPage":{"@id":"https:\/\/informelitoral.com.ar\/realizaron-con-exito-la-prueba-del-sistema-de-recuento-de-votos\/"},"wordCount":570,"commentCount":0,"publisher":{"@id":"https:\/\/informelitoral.com.ar\/#organization"},"image":{"@id":"https:\/\/informelitoral.com.ar\/realizaron-con-exito-la-prueba-del-sistema-de-recuento-de-votos\/#primaryimage"},"thumbnailUrl":"https:\/\/informelitoral.com.ar\/%77%70%2d%63%6f%6e%74%65%6e%74\/uploads\/2017\/08\/elecciones-paso.jpg","keywords":["Elecciones 2023"],"articleSection":["Politica"],"inLanguage":"es","potentialAction":[{"@type":"CommentAction","name":"Comment","target":["https:\/\/informelitoral.com.ar\/realizaron-con-exito-la-prueba-del-sistema-de-recuento-de-votos\/#respond"]}]},{"@type":"WebPage","@id":"https:\/\/informelitoral.com.ar\/realizaron-con-exito-la-prueba-del-sistema-de-recuento-de-votos\/","url":"https:\/\/informelitoral.com.ar\/realizaron-con-exito-la-prueba-del-sistema-de-recuento-de-votos\/","name":"Realizaron con \u00e9xito la prueba del sistema de recuento de votos - Informe Litoral","isPartOf":{"@id":"https:\/\/informelitoral.com.ar\/#website"},"primaryImageOfPage":{"@id":"https:\/\/informelitoral.com.ar\/realizaron-con-exito-la-prueba-del-sistema-de-recuento-de-votos\/#primaryimage"},"image":{"@id":"https:\/\/informelitoral.com.ar\/realizaron-con-exito-la-prueba-del-sistema-de-recuento-de-votos\/#primaryimage"},"thumbnailUrl":"https:\/\/informelitoral.com.ar\/%77%70%2d%63%6f%6e%74%65%6e%74\/uploads\/2017\/08\/elecciones-paso.jpg","datePublished":"2023-11-13T11:06:36+00:00","breadcrumb":{"@id":"https:\/\/informelitoral.com.ar\/realizaron-con-exito-la-prueba-del-sistema-de-recuento-de-votos\/#breadcrumb"},"inLanguage":"es","potentialAction":[{"@type":"ReadAction","target":["https:\/\/informelitoral.com.ar\/realizaron-con-exito-la-prueba-del-sistema-de-recuento-de-votos\/"]}]},{"@type":"ImageObject","inLanguage":"es","@id":"https:\/\/informelitoral.com.ar\/realizaron-con-exito-la-prueba-del-sistema-de-recuento-de-votos\/#primaryimage","url":"https:\/\/informelitoral.com.ar\/%77%70%2d%63%6f%6e%74%65%6e%74\/uploads\/2017\/08\/elecciones-paso.jpg","contentUrl":"https:\/\/informelitoral.com.ar\/%77%70%2d%63%6f%6e%74%65%6e%74\/uploads\/2017\/08\/elecciones-paso.jpg","width":798,"height":529},{"@type":"BreadcrumbList","@id":"https:\/\/informelitoral.com.ar\/realizaron-con-exito-la-prueba-del-sistema-de-recuento-de-votos\/#breadcrumb","itemListElement":[{"@type":"ListItem","position":1,"name":"Portada","item":"https:\/\/informelitoral.com.ar\/"},{"@type":"ListItem","position":2,"name":"Realizaron con \u00e9xito la prueba del sistema de recuento de votos"}]},{"@type":"WebSite","@id":"https:\/\/informelitoral.com.ar\/#website","url":"https:\/\/informelitoral.com.ar\/","name":"Informe Litoral","description":"&quot;Nos informamos&quot; ","publisher":{"@id":"https:\/\/informelitoral.com.ar\/#organization"},"potentialAction":[{"@type":"SearchAction","target":{"@type":"EntryPoint","urlTemplate":"https:\/\/informelitoral.com.ar\/?s={search_term_string}"},"query-input":{"@type":"PropertyValueSpecification","valueRequired":true,"valueName":"search_term_string"}}],"inLanguage":"es"},{"@type":"Organization","@id":"https:\/\/informelitoral.com.ar\/#organization","name":"Informe Litoral","url":"https:\/\/informelitoral.com.ar\/","logo":{"@type":"ImageObject","inLanguage":"es","@id":"https:\/\/informelitoral.com.ar\/#\/schema\/logo\/image\/","url":"https:\/\/informelitoral.com.ar\/%77%70%2d%63%6f%6e%74%65%6e%74\/uploads\/2021\/01\/circulo.png","contentUrl":"https:\/\/informelitoral.com.ar\/%77%70%2d%63%6f%6e%74%65%6e%74\/uploads\/2021\/01\/circulo.png","width":723,"height":731,"caption":"Informe Litoral"},"image":{"@id":"https:\/\/informelitoral.com.ar\/#\/schema\/logo\/image\/"},"sameAs":["https:\/\/www.facebook.com\/informelitoral\/","https:\/\/x.com\/InformeLitoral","https:\/\/www.instagram.com\/informelitoral\/","https:\/\/www.youtube.com\/channel\/UCua4Qvz8Icb6MYqhoq9xLXw"]},{"@type":"Person","@id":"https:\/\/informelitoral.com.ar\/#\/schema\/person\/f05f9f461677119578717524b127d6d5","name":"Sebastian","image":{"@type":"ImageObject","inLanguage":"es","@id":"https:\/\/secure.gravatar.com\/avatar\/b71bf7481d447dfb9583c7f2798e7cc64de6efb9067b74633ed8c31059a3bd82?s=96&d=mm&r=g","url":"https:\/\/secure.gravatar.com\/avatar\/b71bf7481d447dfb9583c7f2798e7cc64de6efb9067b74633ed8c31059a3bd82?s=96&d=mm&r=g","contentUrl":"https:\/\/secure.gravatar.com\/avatar\/b71bf7481d447dfb9583c7f2798e7cc64de6efb9067b74633ed8c31059a3bd82?s=96&d=mm&r=g","caption":"Sebastian"},"url":"https:\/\/informelitoral.com.ar\/author\/sebastian\/"}]}},"_links":{"self":[{"href":"https:\/\/informelitoral.com.ar\/%77%70%2d%6a%73%6f%6e\/wp\/v2\/posts\/172465","targetHints":{"allow":["GET"]}}],"collection":[{"href":"https:\/\/informelitoral.com.ar\/%77%70%2d%6a%73%6f%6e\/wp\/v2\/posts"}],"about":[{"href":"https:\/\/informelitoral.com.ar\/%77%70%2d%6a%73%6f%6e\/wp\/v2\/types\/post"}],"author":[{"embeddable":true,"href":"https:\/\/informelitoral.com.ar\/%77%70%2d%6a%73%6f%6e\/wp\/v2\/users\/8"}],"replies":[{"embeddable":true,"href":"https:\/\/informelitoral.com.ar\/%77%70%2d%6a%73%6f%6e\/wp\/v2\/comments?post=172465"}],"version-history":[{"count":0,"href":"https:\/\/informelitoral.com.ar\/%77%70%2d%6a%73%6f%6e\/wp\/v2\/posts\/172465\/revisions"}],"wp:featuredmedia":[{"embeddable":true,"href":"https:\/\/informelitoral.com.ar\/%77%70%2d%6a%73%6f%6e\/wp\/v2\/media\/22643"}],"wp:attachment":[{"href":"https:\/\/informelitoral.com.ar\/%77%70%2d%6a%73%6f%6e\/wp\/v2\/media?parent=172465"}],"wp:term":[{"taxonomy":"category","embeddable":true,"href":"https:\/\/informelitoral.com.ar\/%77%70%2d%6a%73%6f%6e\/wp\/v2\/categories?post=172465"},{"taxonomy":"post_tag","embeddable":true,"href":"https:\/\/informelitoral.com.ar\/%77%70%2d%6a%73%6f%6e\/wp\/v2\/tags?post=172465"}],"curies":[{"name":"wp","href":"https:\/\/api.w.org\/{rel}","templated":true}]}}