{"id":172144,"date":"2023-11-08T15:27:34","date_gmt":"2023-11-08T18:27:34","guid":{"rendered":"https:\/\/www.informelitoral.com.ar\/?p=172144"},"modified":"2023-11-08T15:27:34","modified_gmt":"2023-11-08T18:27:34","slug":"un-camion-engancho-y-arranco-el-cartel-del-acceso-a-general-ramirez","status":"publish","type":"post","link":"https:\/\/informelitoral.com.ar\/un-camion-engancho-y-arranco-el-cartel-del-acceso-a-general-ramirez\/","title":{"rendered":"Un cami\u00f3n enganch\u00f3 y arranc\u00f3 el cartel del acceso a General Ram\u00edrez"},"content":{"rendered":"<p>Este mi\u00e9rcoles 8 de noviembre, siendo las 11.00, se alert\u00f3 a la Comisar\u00eda de General Ram\u00edrez, sobre un incidente vial en el ingreso a dicha ciudad por la Ruta Nacional N\u00ba 12.<\/p>\n<p>En el lugar se constat\u00f3 que el conductor de un cami\u00f3n que transportaba una m\u00e1quina, enganch\u00f3 con una de las partes de la unidad el cartel de acceso, lo que provoc\u00f3 su ca\u00edda sobre la caja del rodado.<\/p>\n<p>Se hicieron presentes inspectores del \u00c1rea Municipal para la asistencia del tr\u00e1nsito, corrobor\u00e1ndose s\u00f3lo da\u00f1os materiales en la estructura, se indic\u00f3.<\/p>\n","protected":false},"excerpt":{"rendered":"<p>El veh\u00edculo que enganch\u00f3 la estructura transportaba una m\u00e1quina. Seg\u00fan se inform\u00f3, solo hubo da\u00f1os materiales.<\/p>\n","protected":false},"author":2,"featured_media":172145,"comment_status":"open","ping_status":"open","sticky":false,"template":"","format":"standard","meta":{"fifu_image_url":"","fifu_image_alt":"","footnotes":""},"categories":[14],"tags":[358,556,27],"class_list":{"0":"post-172144","1":"post","2":"type-post","3":"status-publish","4":"format-standard","5":"has-post-thumbnail","7":"category-policiales","8":"tag-comisaria-ramirez","9":"tag-general-ramirez","10":"tag-ramirez"},"yoast_head":"<title>Un cami\u00f3n enganch\u00f3 y arranc\u00f3 el cartel del acceso a General Ram\u00edrez - Informe Litoral<\/title>\n<meta name=\"robots\" content=\"index, follow, max-snippet:-1, max-image-preview:large, max-video-preview:-1\" \/>\n<link rel=\"canonical\" href=\"https:\/\/informelitoral.com.ar\/un-camion-engancho-y-arranco-el-cartel-del-acceso-a-general-ramirez\/\" \/>\n<meta property=\"og:locale\" content=\"es_ES\" \/>\n<meta property=\"og:type\" content=\"article\" \/>\n<meta property=\"og:title\" content=\"Un cami\u00f3n enganch\u00f3 y arranc\u00f3 el cartel del acceso a General Ram\u00edrez - Informe Litoral\" \/>\n<meta property=\"og:description\" content=\"El veh\u00edculo que enganch\u00f3 la estructura transportaba una m\u00e1quina. Seg\u00fan se inform\u00f3, solo hubo da\u00f1os materiales.\" \/>\n<meta property=\"og:url\" content=\"https:\/\/informelitoral.com.ar\/un-camion-engancho-y-arranco-el-cartel-del-acceso-a-general-ramirez\/\" \/>\n<meta property=\"og:site_name\" content=\"Informe Litoral\" \/>\n<meta property=\"article:publisher\" content=\"https:\/\/www.facebook.com\/informelitoral\/\" \/>\n<meta property=\"article:published_time\" content=\"2023-11-08T18:27:34+00:00\" \/>\n<meta property=\"og:image\" content=\"https:\/\/informelitoral.com.ar\/%77%70%2d%63%6f%6e%74%65%6e%74\/uploads\/2023\/11\/acceso-de-ramirez-caido.jpg\" \/>\n\t<meta property=\"og:image:width\" content=\"895\" \/>\n\t<meta property=\"og:image:height\" content=\"640\" \/>\n\t<meta property=\"og:image:type\" content=\"image\/jpeg\" \/>\n<meta name=\"author\" content=\"Gonzalo Schmidt\" \/>\n<meta name=\"twitter:card\" content=\"summary_large_image\" \/>\n<meta name=\"twitter:creator\" content=\"@InformeLitoral\" \/>\n<meta name=\"twitter:site\" content=\"@InformeLitoral\" \/>\n<meta name=\"twitter:label1\" content=\"Escrito por\" \/>\n\t<meta name=\"twitter:data1\" content=\"Gonzalo Schmidt\" \/>\n<script type=\"application\/ld+json\" class=\"yoast-schema-graph\">{\"@context\":\"https:\\\/\\\/schema.org\",\"@graph\":[{\"@type\":\"Article\",\"@id\":\"https:\\\/\\\/informelitoral.com.ar\\\/un-camion-engancho-y-arranco-el-cartel-del-acceso-a-general-ramirez\\\/#article\",\"isPartOf\":{\"@id\":\"https:\\\/\\\/informelitoral.com.ar\\\/un-camion-engancho-y-arranco-el-cartel-del-acceso-a-general-ramirez\\\/\"},\"author\":{\"name\":\"Gonzalo Schmidt\",\"@id\":\"https:\\\/\\\/informelitoral.com.ar\\\/#\\\/schema\\\/person\\\/b9d00407c836482871ef1d57bf8e3180\"},\"headline\":\"Un cami\u00f3n enganch\u00f3 y arranc\u00f3 el cartel del acceso a General Ram\u00edrez\",\"datePublished\":\"2023-11-08T18:27:34+00:00\",\"mainEntityOfPage\":{\"@id\":\"https:\\\/\\\/informelitoral.com.ar\\\/un-camion-engancho-y-arranco-el-cartel-del-acceso-a-general-ramirez\\\/\"},\"wordCount\":112,\"commentCount\":0,\"publisher\":{\"@id\":\"https:\\\/\\\/informelitoral.com.ar\\\/#organization\"},\"image\":{\"@id\":\"https:\\\/\\\/informelitoral.com.ar\\\/un-camion-engancho-y-arranco-el-cartel-del-acceso-a-general-ramirez\\\/#primaryimage\"},\"thumbnailUrl\":\"https:\\\/\\\/informelitoral.com.ar\\\/%77%70%2d%63%6f%6e%74%65%6e%74\\\/uploads\\\/2023\\\/11\\\/acceso-de-ramirez-caido.jpg\",\"keywords\":[\"Comisar\u00eda Ram\u00edrez\",\"General Ram\u00edrez\",\"Ram\u00edrez\"],\"articleSection\":[\"Policiales\"],\"inLanguage\":\"es\",\"potentialAction\":[{\"@type\":\"CommentAction\",\"name\":\"Comment\",\"target\":[\"https:\\\/\\\/informelitoral.com.ar\\\/un-camion-engancho-y-arranco-el-cartel-del-acceso-a-general-ramirez\\\/#respond\"]}]},{\"@type\":\"WebPage\",\"@id\":\"https:\\\/\\\/informelitoral.com.ar\\\/un-camion-engancho-y-arranco-el-cartel-del-acceso-a-general-ramirez\\\/\",\"url\":\"https:\\\/\\\/informelitoral.com.ar\\\/un-camion-engancho-y-arranco-el-cartel-del-acceso-a-general-ramirez\\\/\",\"name\":\"Un cami\u00f3n enganch\u00f3 y arranc\u00f3 el cartel del acceso a General Ram\u00edrez - Informe Litoral\",\"isPartOf\":{\"@id\":\"https:\\\/\\\/informelitoral.com.ar\\\/#website\"},\"primaryImageOfPage\":{\"@id\":\"https:\\\/\\\/informelitoral.com.ar\\\/un-camion-engancho-y-arranco-el-cartel-del-acceso-a-general-ramirez\\\/#primaryimage\"},\"image\":{\"@id\":\"https:\\\/\\\/informelitoral.com.ar\\\/un-camion-engancho-y-arranco-el-cartel-del-acceso-a-general-ramirez\\\/#primaryimage\"},\"thumbnailUrl\":\"https:\\\/\\\/informelitoral.com.ar\\\/%77%70%2d%63%6f%6e%74%65%6e%74\\\/uploads\\\/2023\\\/11\\\/acceso-de-ramirez-caido.jpg\",\"datePublished\":\"2023-11-08T18:27:34+00:00\",\"breadcrumb\":{\"@id\":\"https:\\\/\\\/informelitoral.com.ar\\\/un-camion-engancho-y-arranco-el-cartel-del-acceso-a-general-ramirez\\\/#breadcrumb\"},\"inLanguage\":\"es\",\"potentialAction\":[{\"@type\":\"ReadAction\",\"target\":[\"https:\\\/\\\/informelitoral.com.ar\\\/un-camion-engancho-y-arranco-el-cartel-del-acceso-a-general-ramirez\\\/\"]}]},{\"@type\":\"ImageObject\",\"inLanguage\":\"es\",\"@id\":\"https:\\\/\\\/informelitoral.com.ar\\\/un-camion-engancho-y-arranco-el-cartel-del-acceso-a-general-ramirez\\\/#primaryimage\",\"url\":\"https:\\\/\\\/informelitoral.com.ar\\\/%77%70%2d%63%6f%6e%74%65%6e%74\\\/uploads\\\/2023\\\/11\\\/acceso-de-ramirez-caido.jpg\",\"contentUrl\":\"https:\\\/\\\/informelitoral.com.ar\\\/%77%70%2d%63%6f%6e%74%65%6e%74\\\/uploads\\\/2023\\\/11\\\/acceso-de-ramirez-caido.jpg\",\"width\":895,\"height\":640},{\"@type\":\"BreadcrumbList\",\"@id\":\"https:\\\/\\\/informelitoral.com.ar\\\/un-camion-engancho-y-arranco-el-cartel-del-acceso-a-general-ramirez\\\/#breadcrumb\",\"itemListElement\":[{\"@type\":\"ListItem\",\"position\":1,\"name\":\"Portada\",\"item\":\"https:\\\/\\\/informelitoral.com.ar\\\/\"},{\"@type\":\"ListItem\",\"position\":2,\"name\":\"Un cami\u00f3n enganch\u00f3 y arranc\u00f3 el cartel del acceso a General Ram\u00edrez\"}]},{\"@type\":\"WebSite\",\"@id\":\"https:\\\/\\\/informelitoral.com.ar\\\/#website\",\"url\":\"https:\\\/\\\/informelitoral.com.ar\\\/\",\"name\":\"Informe Litoral\",\"description\":\"&quot;Nos informamos&quot; \",\"publisher\":{\"@id\":\"https:\\\/\\\/informelitoral.com.ar\\\/#organization\"},\"potentialAction\":[{\"@type\":\"SearchAction\",\"target\":{\"@type\":\"EntryPoint\",\"urlTemplate\":\"https:\\\/\\\/informelitoral.com.ar\\\/?s={search_term_string}\"},\"query-input\":{\"@type\":\"PropertyValueSpecification\",\"valueRequired\":true,\"valueName\":\"search_term_string\"}}],\"inLanguage\":\"es\"},{\"@type\":\"Organization\",\"@id\":\"https:\\\/\\\/informelitoral.com.ar\\\/#organization\",\"name\":\"Informe Litoral\",\"url\":\"https:\\\/\\\/informelitoral.com.ar\\\/\",\"logo\":{\"@type\":\"ImageObject\",\"inLanguage\":\"es\",\"@id\":\"https:\\\/\\\/informelitoral.com.ar\\\/#\\\/schema\\\/logo\\\/image\\\/\",\"url\":\"https:\\\/\\\/informelitoral.com.ar\\\/%77%70%2d%63%6f%6e%74%65%6e%74\\\/uploads\\\/2021\\\/01\\\/circulo.png\",\"contentUrl\":\"https:\\\/\\\/informelitoral.com.ar\\\/%77%70%2d%63%6f%6e%74%65%6e%74\\\/uploads\\\/2021\\\/01\\\/circulo.png\",\"width\":723,\"height\":731,\"caption\":\"Informe Litoral\"},\"image\":{\"@id\":\"https:\\\/\\\/informelitoral.com.ar\\\/#\\\/schema\\\/logo\\\/image\\\/\"},\"sameAs\":[\"https:\\\/\\\/www.facebook.com\\\/informelitoral\\\/\",\"https:\\\/\\\/x.com\\\/InformeLitoral\",\"https:\\\/\\\/www.instagram.com\\\/informelitoral\\\/\",\"https:\\\/\\\/www.youtube.com\\\/channel\\\/UCua4Qvz8Icb6MYqhoq9xLXw\"]},{\"@type\":\"Person\",\"@id\":\"https:\\\/\\\/informelitoral.com.ar\\\/#\\\/schema\\\/person\\\/b9d00407c836482871ef1d57bf8e3180\",\"name\":\"Gonzalo Schmidt\",\"image\":{\"@type\":\"ImageObject\",\"inLanguage\":\"es\",\"@id\":\"https:\\\/\\\/secure.gravatar.com\\\/avatar\\\/31a1a7b66ff2de83bd0e9fd79d026630d2d99e55e8bfe501287647b4fd9743de?s=96&d=mm&r=g\",\"url\":\"https:\\\/\\\/secure.gravatar.com\\\/avatar\\\/31a1a7b66ff2de83bd0e9fd79d026630d2d99e55e8bfe501287647b4fd9743de?s=96&d=mm&r=g\",\"contentUrl\":\"https:\\\/\\\/secure.gravatar.com\\\/avatar\\\/31a1a7b66ff2de83bd0e9fd79d026630d2d99e55e8bfe501287647b4fd9743de?s=96&d=mm&r=g\",\"caption\":\"Gonzalo Schmidt\"},\"description\":\"Sitio web de noticias de la provincia de Entre R\u00edos, Argentina. Informaci\u00f3n y entretenimiento. Informe Litoral, nos informamos.\",\"sameAs\":[\"http:\\\/\\\/www.isletasnoticias.com.ar\"],\"url\":\"https:\\\/\\\/informelitoral.com.ar\\\/author\\\/gonzalo\\\/\"}]}<\/script>","yoast_head_json":{"title":"Un cami\u00f3n enganch\u00f3 y arranc\u00f3 el cartel del acceso a General Ram\u00edrez - Informe Litoral","robots":{"index":"index","follow":"follow","max-snippet":"max-snippet:-1","max-image-preview":"max-image-preview:large","max-video-preview":"max-video-preview:-1"},"canonical":"https:\/\/informelitoral.com.ar\/un-camion-engancho-y-arranco-el-cartel-del-acceso-a-general-ramirez\/","og_locale":"es_ES","og_type":"article","og_title":"Un cami\u00f3n enganch\u00f3 y arranc\u00f3 el cartel del acceso a General Ram\u00edrez - Informe Litoral","og_description":"El veh\u00edculo que enganch\u00f3 la estructura transportaba una m\u00e1quina. Seg\u00fan se inform\u00f3, solo hubo da\u00f1os materiales.","og_url":"https:\/\/informelitoral.com.ar\/un-camion-engancho-y-arranco-el-cartel-del-acceso-a-general-ramirez\/","og_site_name":"Informe Litoral","article_publisher":"https:\/\/www.facebook.com\/informelitoral\/","article_published_time":"2023-11-08T18:27:34+00:00","og_image":[{"width":895,"height":640,"url":"https:\/\/informelitoral.com.ar\/%77%70%2d%63%6f%6e%74%65%6e%74\/uploads\/2023\/11\/acceso-de-ramirez-caido.jpg","type":"image\/jpeg"}],"author":"Gonzalo Schmidt","twitter_card":"summary_large_image","twitter_creator":"@InformeLitoral","twitter_site":"@InformeLitoral","twitter_misc":{"Escrito por":"Gonzalo Schmidt"},"schema":{"@context":"https:\/\/schema.org","@graph":[{"@type":"Article","@id":"https:\/\/informelitoral.com.ar\/un-camion-engancho-y-arranco-el-cartel-del-acceso-a-general-ramirez\/#article","isPartOf":{"@id":"https:\/\/informelitoral.com.ar\/un-camion-engancho-y-arranco-el-cartel-del-acceso-a-general-ramirez\/"},"author":{"name":"Gonzalo Schmidt","@id":"https:\/\/informelitoral.com.ar\/#\/schema\/person\/b9d00407c836482871ef1d57bf8e3180"},"headline":"Un cami\u00f3n enganch\u00f3 y arranc\u00f3 el cartel del acceso a General Ram\u00edrez","datePublished":"2023-11-08T18:27:34+00:00","mainEntityOfPage":{"@id":"https:\/\/informelitoral.com.ar\/un-camion-engancho-y-arranco-el-cartel-del-acceso-a-general-ramirez\/"},"wordCount":112,"commentCount":0,"publisher":{"@id":"https:\/\/informelitoral.com.ar\/#organization"},"image":{"@id":"https:\/\/informelitoral.com.ar\/un-camion-engancho-y-arranco-el-cartel-del-acceso-a-general-ramirez\/#primaryimage"},"thumbnailUrl":"https:\/\/informelitoral.com.ar\/%77%70%2d%63%6f%6e%74%65%6e%74\/uploads\/2023\/11\/acceso-de-ramirez-caido.jpg","keywords":["Comisar\u00eda Ram\u00edrez","General Ram\u00edrez","Ram\u00edrez"],"articleSection":["Policiales"],"inLanguage":"es","potentialAction":[{"@type":"CommentAction","name":"Comment","target":["https:\/\/informelitoral.com.ar\/un-camion-engancho-y-arranco-el-cartel-del-acceso-a-general-ramirez\/#respond"]}]},{"@type":"WebPage","@id":"https:\/\/informelitoral.com.ar\/un-camion-engancho-y-arranco-el-cartel-del-acceso-a-general-ramirez\/","url":"https:\/\/informelitoral.com.ar\/un-camion-engancho-y-arranco-el-cartel-del-acceso-a-general-ramirez\/","name":"Un cami\u00f3n enganch\u00f3 y arranc\u00f3 el cartel del acceso a General Ram\u00edrez - Informe Litoral","isPartOf":{"@id":"https:\/\/informelitoral.com.ar\/#website"},"primaryImageOfPage":{"@id":"https:\/\/informelitoral.com.ar\/un-camion-engancho-y-arranco-el-cartel-del-acceso-a-general-ramirez\/#primaryimage"},"image":{"@id":"https:\/\/informelitoral.com.ar\/un-camion-engancho-y-arranco-el-cartel-del-acceso-a-general-ramirez\/#primaryimage"},"thumbnailUrl":"https:\/\/informelitoral.com.ar\/%77%70%2d%63%6f%6e%74%65%6e%74\/uploads\/2023\/11\/acceso-de-ramirez-caido.jpg","datePublished":"2023-11-08T18:27:34+00:00","breadcrumb":{"@id":"https:\/\/informelitoral.com.ar\/un-camion-engancho-y-arranco-el-cartel-del-acceso-a-general-ramirez\/#breadcrumb"},"inLanguage":"es","potentialAction":[{"@type":"ReadAction","target":["https:\/\/informelitoral.com.ar\/un-camion-engancho-y-arranco-el-cartel-del-acceso-a-general-ramirez\/"]}]},{"@type":"ImageObject","inLanguage":"es","@id":"https:\/\/informelitoral.com.ar\/un-camion-engancho-y-arranco-el-cartel-del-acceso-a-general-ramirez\/#primaryimage","url":"https:\/\/informelitoral.com.ar\/%77%70%2d%63%6f%6e%74%65%6e%74\/uploads\/2023\/11\/acceso-de-ramirez-caido.jpg","contentUrl":"https:\/\/informelitoral.com.ar\/%77%70%2d%63%6f%6e%74%65%6e%74\/uploads\/2023\/11\/acceso-de-ramirez-caido.jpg","width":895,"height":640},{"@type":"BreadcrumbList","@id":"https:\/\/informelitoral.com.ar\/un-camion-engancho-y-arranco-el-cartel-del-acceso-a-general-ramirez\/#breadcrumb","itemListElement":[{"@type":"ListItem","position":1,"name":"Portada","item":"https:\/\/informelitoral.com.ar\/"},{"@type":"ListItem","position":2,"name":"Un cami\u00f3n enganch\u00f3 y arranc\u00f3 el cartel del acceso a General Ram\u00edrez"}]},{"@type":"WebSite","@id":"https:\/\/informelitoral.com.ar\/#website","url":"https:\/\/informelitoral.com.ar\/","name":"Informe Litoral","description":"&quot;Nos informamos&quot; ","publisher":{"@id":"https:\/\/informelitoral.com.ar\/#organization"},"potentialAction":[{"@type":"SearchAction","target":{"@type":"EntryPoint","urlTemplate":"https:\/\/informelitoral.com.ar\/?s={search_term_string}"},"query-input":{"@type":"PropertyValueSpecification","valueRequired":true,"valueName":"search_term_string"}}],"inLanguage":"es"},{"@type":"Organization","@id":"https:\/\/informelitoral.com.ar\/#organization","name":"Informe Litoral","url":"https:\/\/informelitoral.com.ar\/","logo":{"@type":"ImageObject","inLanguage":"es","@id":"https:\/\/informelitoral.com.ar\/#\/schema\/logo\/image\/","url":"https:\/\/informelitoral.com.ar\/%77%70%2d%63%6f%6e%74%65%6e%74\/uploads\/2021\/01\/circulo.png","contentUrl":"https:\/\/informelitoral.com.ar\/%77%70%2d%63%6f%6e%74%65%6e%74\/uploads\/2021\/01\/circulo.png","width":723,"height":731,"caption":"Informe Litoral"},"image":{"@id":"https:\/\/informelitoral.com.ar\/#\/schema\/logo\/image\/"},"sameAs":["https:\/\/www.facebook.com\/informelitoral\/","https:\/\/x.com\/InformeLitoral","https:\/\/www.instagram.com\/informelitoral\/","https:\/\/www.youtube.com\/channel\/UCua4Qvz8Icb6MYqhoq9xLXw"]},{"@type":"Person","@id":"https:\/\/informelitoral.com.ar\/#\/schema\/person\/b9d00407c836482871ef1d57bf8e3180","name":"Gonzalo Schmidt","image":{"@type":"ImageObject","inLanguage":"es","@id":"https:\/\/secure.gravatar.com\/avatar\/31a1a7b66ff2de83bd0e9fd79d026630d2d99e55e8bfe501287647b4fd9743de?s=96&d=mm&r=g","url":"https:\/\/secure.gravatar.com\/avatar\/31a1a7b66ff2de83bd0e9fd79d026630d2d99e55e8bfe501287647b4fd9743de?s=96&d=mm&r=g","contentUrl":"https:\/\/secure.gravatar.com\/avatar\/31a1a7b66ff2de83bd0e9fd79d026630d2d99e55e8bfe501287647b4fd9743de?s=96&d=mm&r=g","caption":"Gonzalo Schmidt"},"description":"Sitio web de noticias de la provincia de Entre R\u00edos, Argentina. Informaci\u00f3n y entretenimiento. Informe Litoral, nos informamos.","sameAs":["http:\/\/www.isletasnoticias.com.ar"],"url":"https:\/\/informelitoral.com.ar\/author\/gonzalo\/"}]}},"_links":{"self":[{"href":"https:\/\/informelitoral.com.ar\/%77%70%2d%6a%73%6f%6e\/wp\/v2\/posts\/172144","targetHints":{"allow":["GET"]}}],"collection":[{"href":"https:\/\/informelitoral.com.ar\/%77%70%2d%6a%73%6f%6e\/wp\/v2\/posts"}],"about":[{"href":"https:\/\/informelitoral.com.ar\/%77%70%2d%6a%73%6f%6e\/wp\/v2\/types\/post"}],"author":[{"embeddable":true,"href":"https:\/\/informelitoral.com.ar\/%77%70%2d%6a%73%6f%6e\/wp\/v2\/users\/2"}],"replies":[{"embeddable":true,"href":"https:\/\/informelitoral.com.ar\/%77%70%2d%6a%73%6f%6e\/wp\/v2\/comments?post=172144"}],"version-history":[{"count":0,"href":"https:\/\/informelitoral.com.ar\/%77%70%2d%6a%73%6f%6e\/wp\/v2\/posts\/172144\/revisions"}],"wp:featuredmedia":[{"embeddable":true,"href":"https:\/\/informelitoral.com.ar\/%77%70%2d%6a%73%6f%6e\/wp\/v2\/media\/172145"}],"wp:attachment":[{"href":"https:\/\/informelitoral.com.ar\/%77%70%2d%6a%73%6f%6e\/wp\/v2\/media?parent=172144"}],"wp:term":[{"taxonomy":"category","embeddable":true,"href":"https:\/\/informelitoral.com.ar\/%77%70%2d%6a%73%6f%6e\/wp\/v2\/categories?post=172144"},{"taxonomy":"post_tag","embeddable":true,"href":"https:\/\/informelitoral.com.ar\/%77%70%2d%6a%73%6f%6e\/wp\/v2\/tags?post=172144"}],"curies":[{"name":"wp","href":"https:\/\/api.w.org\/{rel}","templated":true}]}}