{"id":17199,"date":"2016-07-15T07:00:12","date_gmt":"2016-07-15T10:00:12","guid":{"rendered":"http:\/\/www.isletasnoticias.com.ar\/?p=17199"},"modified":"2016-07-15T08:38:34","modified_gmt":"2016-07-15T11:38:34","slug":"parana-organizaciones-sociales-y-politicas-protestaron-contra-el-tarifazo","status":"publish","type":"post","link":"https:\/\/informelitoral.com.ar\/parana-organizaciones-sociales-y-politicas-protestaron-contra-el-tarifazo\/","title":{"rendered":"Paran\u00e1: organizaciones sociales y pol\u00edticas protestaron contra el \u00abtarifazo\u00bb"},"content":{"rendered":"<p><strong>Tambi\u00e9n se sumaron vecinos autoconvocados que\u00a0contaron cu\u00e1nto pagaban antes y a cu\u00e1nto les lleg\u00f3 la \u00faltima factura de gas. Representantes pol\u00edticos manifestaron su rechazo a la pol\u00edtica de <em>Macri<\/em>.<a href=\"http:\/\/www.isletasnoticias.com.ar\/%77%70%2d%63%6f%6e%74%65%6e%74\/uploads\/2016\/07\/cacerolazo-2-1280x720.jpg\"><img loading=\"lazy\" decoding=\"async\" class=\"aligncenter wp-image-17200 size-large\" src=\"http:\/\/www.isletasnoticias.com.ar\/%77%70%2d%63%6f%6e%74%65%6e%74\/uploads\/2016\/07\/cacerolazo-2-1280x720-1024x576.jpg\" alt=\"cacerolazo-2-1280x720\" width=\"600\" height=\"338\" srcset=\"https:\/\/informelitoral.com.ar\/%77%70%2d%63%6f%6e%74%65%6e%74\/uploads\/2016\/07\/cacerolazo-2-1280x720-1024x576.jpg 1024w, https:\/\/informelitoral.com.ar\/%77%70%2d%63%6f%6e%74%65%6e%74\/uploads\/2016\/07\/cacerolazo-2-1280x720-300x169.jpg 300w, https:\/\/informelitoral.com.ar\/%77%70%2d%63%6f%6e%74%65%6e%74\/uploads\/2016\/07\/cacerolazo-2-1280x720-768x432.jpg 768w, https:\/\/informelitoral.com.ar\/%77%70%2d%63%6f%6e%74%65%6e%74\/uploads\/2016\/07\/cacerolazo-2-1280x720.jpg 1280w\" sizes=\"auto, (max-width: 600px) 100vw, 600px\" \/><\/a><\/strong><\/p>\n<p>Referentes de diferentes organizaciones sociales y pol\u00edticas se concentraron en la noche de este jueves en Plaza 1\u00ba de Mayo de Paran\u00e1 contra el \u00abtarifazo\u00bb, en adhesi\u00f3n a la convocatoria nacional que rechaza los aumentos en las boletas de luz y gas.<\/p>\n<p>\u00abEs el gran tarifazo que ha puesto a todos los argentinos en un estado de indefensi\u00f3n, esto es un abandono de persona por parte de los gobernantes\u00bb, coment\u00f3 una vecina. \u00abEs impresionante el aumento, el avasallamiento\u00bb, denunci\u00f3 la mujer que dijo haber recibido una boleta de gas por 1500 pesos cuando antes pagaba 180 pesos por cada factura.<\/p>\n<p>Otro hombre argument\u00f3 que se convoc\u00f3 a la manifestaci\u00f3n por su desacuerdo con la pol\u00edtica del gobierno nacional. \u00abNos est\u00e1n sacrificando a los trabajadores, hay desempleo. Mis hijos tienen comercio y ellos ven que las ventas se achicaron\u00bb, coment\u00f3 Ernesto Schiavo. \u00abEst\u00e1 fulero\u00bb, sintetiz\u00f3 con sus palabras.<\/p>\n<p>Otro jubilado que lleg\u00f3 hasta el microcentro paranaense desde su casa de la zona de Blas Parera y Don Bosco, coment\u00f3 que ahora deber\u00e1 pagar una boleta de 2600 pesos de gas, siendo que su salario como pasivo apenas alcanza los 5000 pesos.<\/p>\n<p>Por su parte, otro vecino de Avenida de Las Am\u00e9ricas explic\u00f3: \u00abAdem\u00e1s de lo que significa el tarifazo para cada uno de nosotros, lo estamos volviendo a pagar; porque en los \u00faltimos seis a\u00f1os, Edenor y Edesur siguieron recibiendo los subsidios y hay 30 mil millones de pesos por lo que hay que pedirles que rindan cuentas\u00bb. Y en esa l\u00ednea de cr\u00edtica, compar\u00f3: \u00abAverig\u00fcemos lo que pas\u00f3 con Jos\u00e9 L\u00f3pez, pero tambi\u00e9n miremos para el otro lado y veamos qu\u00e9 pas\u00f3 con el dinero que se otorg\u00f3 a Edenor y Edesur\u00bb.<\/p>\n<p>La convocatoria, como todas en este caso, naci\u00f3 en las redes sociales la semana pasada, cuando se multiplicaron las protestas en distintas ciudades del pa\u00eds por el brutal aumento en las tarifas del gas. A pesar de la medida judicial que fren\u00f3 el tarifazo y del anuncio de nuevas medidas del Gobierno Nacional, que impuso un tope del 400% hace algunos d\u00edas, los \u00abautoconvocados\u00bb de todo el pa\u00eds siguieron adelante con la protesta.<\/p>\n<p>\u00abEl objetivo es claro: no al tarifazo, no a la factura del gas, de la luz y del agua. Es una pueblada en contra de los vergonzosos tarifazos en representaci\u00f3n de los trabajadores, tanto p\u00fablicos como privados, porque no se relaciona el salario que percibimos con los aumentos en la canasta familiar\u00bb, argument\u00f3 ante <i>Elonce TV<\/i>, Yanina Sepic, referente de CTA nacional.<\/p>\n<p>\u00abEl tarifazo es una problem\u00e1tica que nos atraviesa a todos como ciudadanos y no concuerda con nuestros salarios\u00bb, acot\u00f3 Iara Ar\u00e1nzazu Quiroga, de la agrupaci\u00f3n Mart\u00edn Fierro Diversidad.<\/p>\n<p>\u00abNos concentramos a manifestando pac\u00edficamente para expresar nuestro repudio y negativa a los tarifazos de agua, luz y gas que este gobierno nacional implement\u00f3 y que lo \u00fanico que ha hecho es perjudicar a los trabajadores\u00bb, se\u00f1al\u00f3 Carolina Heinz, de CTA Paran\u00e1. <em>(Elonce.com)<\/em><\/p>\n","protected":false},"excerpt":{"rendered":"<p>Tambi&eacute;n se sumaron vecinos autoconvocados que&nbsp;contaron cu&aacute;nto pagaban antes y a cu&aacute;nto les lleg&oacute; la &uacute;ltima factura de gas. Representantes pol&iacute;ticos manifestaron su rechazo a la pol&iacute;tica de Macri. Referentes de diferentes organizaciones sociales y pol&iacute;ticas se concentraron en la noche de este jueves en Plaza 1&ordm; de Mayo de Paran&aacute; contra el &laquo;tarifazo&raquo;, en [&hellip;]<\/p>\n","protected":false},"author":2,"featured_media":0,"comment_status":"open","ping_status":"open","sticky":false,"template":"","format":"standard","meta":{"fifu_image_url":"","fifu_image_alt":"","footnotes":""},"categories":[6],"tags":[],"class_list":{"0":"post-17199","1":"post","2":"type-post","3":"status-publish","4":"format-standard","6":"category-entre-rios"},"yoast_head":"<title>Paran\u00e1: organizaciones sociales y pol\u00edticas protestaron contra el &quot;tarifazo&quot; - Informe Litoral<\/title>\n<meta name=\"robots\" content=\"index, follow, max-snippet:-1, max-image-preview:large, max-video-preview:-1\" \/>\n<link rel=\"canonical\" href=\"https:\/\/informelitoral.com.ar\/parana-organizaciones-sociales-y-politicas-protestaron-contra-el-tarifazo\/\" \/>\n<meta property=\"og:locale\" content=\"es_ES\" \/>\n<meta property=\"og:type\" content=\"article\" \/>\n<meta property=\"og:title\" content=\"Paran\u00e1: organizaciones sociales y pol\u00edticas protestaron contra el &quot;tarifazo&quot; - Informe Litoral\" \/>\n<meta property=\"og:description\" content=\"Tambi&eacute;n se sumaron vecinos autoconvocados que&nbsp;contaron cu&aacute;nto pagaban antes y a cu&aacute;nto les lleg&oacute; la &uacute;ltima factura de gas. Representantes pol&iacute;ticos manifestaron su rechazo a la pol&iacute;tica de Macri. Referentes de diferentes organizaciones sociales y pol&iacute;ticas se concentraron en la noche de este jueves en Plaza 1&ordm; de Mayo de Paran&aacute; contra el &laquo;tarifazo&raquo;, en [&hellip;]\" \/>\n<meta property=\"og:url\" content=\"https:\/\/informelitoral.com.ar\/parana-organizaciones-sociales-y-politicas-protestaron-contra-el-tarifazo\/\" \/>\n<meta property=\"og:site_name\" content=\"Informe Litoral\" \/>\n<meta property=\"article:publisher\" content=\"https:\/\/www.facebook.com\/informelitoral\/\" \/>\n<meta property=\"article:published_time\" content=\"2016-07-15T10:00:12+00:00\" \/>\n<meta property=\"article:modified_time\" content=\"2016-07-15T11:38:34+00:00\" \/>\n<meta property=\"og:image\" content=\"https:\/\/informelitoral.com.ar\/%77%70%2d%63%6f%6e%74%65%6e%74\/uploads\/2016\/07\/cacerolazo-2-1280x720.jpg\" \/>\n\t<meta property=\"og:image:width\" content=\"1280\" \/>\n\t<meta property=\"og:image:height\" content=\"720\" \/>\n\t<meta property=\"og:image:type\" content=\"image\/jpeg\" \/>\n<meta name=\"author\" content=\"Gonzalo Schmidt\" \/>\n<meta name=\"twitter:card\" content=\"summary_large_image\" \/>\n<meta name=\"twitter:creator\" content=\"@InformeLitoral\" \/>\n<meta name=\"twitter:site\" content=\"@InformeLitoral\" \/>\n<meta name=\"twitter:label1\" content=\"Escrito por\" \/>\n\t<meta name=\"twitter:data1\" content=\"Gonzalo Schmidt\" \/>\n\t<meta name=\"twitter:label2\" content=\"Tiempo de lectura\" \/>\n\t<meta name=\"twitter:data2\" content=\"3 minutos\" \/>\n<script type=\"application\/ld+json\" class=\"yoast-schema-graph\">{\"@context\":\"https:\\\/\\\/schema.org\",\"@graph\":[{\"@type\":\"Article\",\"@id\":\"https:\\\/\\\/informelitoral.com.ar\\\/parana-organizaciones-sociales-y-politicas-protestaron-contra-el-tarifazo\\\/#article\",\"isPartOf\":{\"@id\":\"https:\\\/\\\/informelitoral.com.ar\\\/parana-organizaciones-sociales-y-politicas-protestaron-contra-el-tarifazo\\\/\"},\"author\":{\"name\":\"Gonzalo Schmidt\",\"@id\":\"https:\\\/\\\/informelitoral.com.ar\\\/#\\\/schema\\\/person\\\/b9d00407c836482871ef1d57bf8e3180\"},\"headline\":\"Paran\u00e1: organizaciones sociales y pol\u00edticas protestaron contra el \u00abtarifazo\u00bb\",\"datePublished\":\"2016-07-15T10:00:12+00:00\",\"dateModified\":\"2016-07-15T11:38:34+00:00\",\"mainEntityOfPage\":{\"@id\":\"https:\\\/\\\/informelitoral.com.ar\\\/parana-organizaciones-sociales-y-politicas-protestaron-contra-el-tarifazo\\\/\"},\"wordCount\":552,\"commentCount\":0,\"publisher\":{\"@id\":\"https:\\\/\\\/informelitoral.com.ar\\\/#organization\"},\"image\":{\"@id\":\"https:\\\/\\\/informelitoral.com.ar\\\/parana-organizaciones-sociales-y-politicas-protestaron-contra-el-tarifazo\\\/#primaryimage\"},\"thumbnailUrl\":\"http:\\\/\\\/www.isletasnoticias.com.ar\\\/%77%70%2d%63%6f%6e%74%65%6e%74\\\/uploads\\\/2016\\\/07\\\/cacerolazo-2-1280x720-1024x576.jpg\",\"articleSection\":[\"Entre R\u00edos\"],\"inLanguage\":\"es\",\"potentialAction\":[{\"@type\":\"CommentAction\",\"name\":\"Comment\",\"target\":[\"https:\\\/\\\/informelitoral.com.ar\\\/parana-organizaciones-sociales-y-politicas-protestaron-contra-el-tarifazo\\\/#respond\"]}]},{\"@type\":\"WebPage\",\"@id\":\"https:\\\/\\\/informelitoral.com.ar\\\/parana-organizaciones-sociales-y-politicas-protestaron-contra-el-tarifazo\\\/\",\"url\":\"https:\\\/\\\/informelitoral.com.ar\\\/parana-organizaciones-sociales-y-politicas-protestaron-contra-el-tarifazo\\\/\",\"name\":\"Paran\u00e1: organizaciones sociales y pol\u00edticas protestaron contra el \\\"tarifazo\\\" - Informe Litoral\",\"isPartOf\":{\"@id\":\"https:\\\/\\\/informelitoral.com.ar\\\/#website\"},\"primaryImageOfPage\":{\"@id\":\"https:\\\/\\\/informelitoral.com.ar\\\/parana-organizaciones-sociales-y-politicas-protestaron-contra-el-tarifazo\\\/#primaryimage\"},\"image\":{\"@id\":\"https:\\\/\\\/informelitoral.com.ar\\\/parana-organizaciones-sociales-y-politicas-protestaron-contra-el-tarifazo\\\/#primaryimage\"},\"thumbnailUrl\":\"http:\\\/\\\/www.isletasnoticias.com.ar\\\/%77%70%2d%63%6f%6e%74%65%6e%74\\\/uploads\\\/2016\\\/07\\\/cacerolazo-2-1280x720-1024x576.jpg\",\"datePublished\":\"2016-07-15T10:00:12+00:00\",\"dateModified\":\"2016-07-15T11:38:34+00:00\",\"breadcrumb\":{\"@id\":\"https:\\\/\\\/informelitoral.com.ar\\\/parana-organizaciones-sociales-y-politicas-protestaron-contra-el-tarifazo\\\/#breadcrumb\"},\"inLanguage\":\"es\",\"potentialAction\":[{\"@type\":\"ReadAction\",\"target\":[\"https:\\\/\\\/informelitoral.com.ar\\\/parana-organizaciones-sociales-y-politicas-protestaron-contra-el-tarifazo\\\/\"]}]},{\"@type\":\"ImageObject\",\"inLanguage\":\"es\",\"@id\":\"https:\\\/\\\/informelitoral.com.ar\\\/parana-organizaciones-sociales-y-politicas-protestaron-contra-el-tarifazo\\\/#primaryimage\",\"url\":\"http:\\\/\\\/www.isletasnoticias.com.ar\\\/%77%70%2d%63%6f%6e%74%65%6e%74\\\/uploads\\\/2016\\\/07\\\/cacerolazo-2-1280x720-1024x576.jpg\",\"contentUrl\":\"http:\\\/\\\/www.isletasnoticias.com.ar\\\/%77%70%2d%63%6f%6e%74%65%6e%74\\\/uploads\\\/2016\\\/07\\\/cacerolazo-2-1280x720-1024x576.jpg\"},{\"@type\":\"BreadcrumbList\",\"@id\":\"https:\\\/\\\/informelitoral.com.ar\\\/parana-organizaciones-sociales-y-politicas-protestaron-contra-el-tarifazo\\\/#breadcrumb\",\"itemListElement\":[{\"@type\":\"ListItem\",\"position\":1,\"name\":\"Portada\",\"item\":\"https:\\\/\\\/informelitoral.com.ar\\\/\"},{\"@type\":\"ListItem\",\"position\":2,\"name\":\"Paran\u00e1: organizaciones sociales y pol\u00edticas protestaron contra el \u00abtarifazo\u00bb\"}]},{\"@type\":\"WebSite\",\"@id\":\"https:\\\/\\\/informelitoral.com.ar\\\/#website\",\"url\":\"https:\\\/\\\/informelitoral.com.ar\\\/\",\"name\":\"Informe Litoral\",\"description\":\"&quot;Nos informamos&quot; \",\"publisher\":{\"@id\":\"https:\\\/\\\/informelitoral.com.ar\\\/#organization\"},\"potentialAction\":[{\"@type\":\"SearchAction\",\"target\":{\"@type\":\"EntryPoint\",\"urlTemplate\":\"https:\\\/\\\/informelitoral.com.ar\\\/?s={search_term_string}\"},\"query-input\":{\"@type\":\"PropertyValueSpecification\",\"valueRequired\":true,\"valueName\":\"search_term_string\"}}],\"inLanguage\":\"es\"},{\"@type\":\"Organization\",\"@id\":\"https:\\\/\\\/informelitoral.com.ar\\\/#organization\",\"name\":\"Informe Litoral\",\"url\":\"https:\\\/\\\/informelitoral.com.ar\\\/\",\"logo\":{\"@type\":\"ImageObject\",\"inLanguage\":\"es\",\"@id\":\"https:\\\/\\\/informelitoral.com.ar\\\/#\\\/schema\\\/logo\\\/image\\\/\",\"url\":\"https:\\\/\\\/informelitoral.com.ar\\\/%77%70%2d%63%6f%6e%74%65%6e%74\\\/uploads\\\/2021\\\/01\\\/circulo.png\",\"contentUrl\":\"https:\\\/\\\/informelitoral.com.ar\\\/%77%70%2d%63%6f%6e%74%65%6e%74\\\/uploads\\\/2021\\\/01\\\/circulo.png\",\"width\":723,\"height\":731,\"caption\":\"Informe Litoral\"},\"image\":{\"@id\":\"https:\\\/\\\/informelitoral.com.ar\\\/#\\\/schema\\\/logo\\\/image\\\/\"},\"sameAs\":[\"https:\\\/\\\/www.facebook.com\\\/informelitoral\\\/\",\"https:\\\/\\\/x.com\\\/InformeLitoral\",\"https:\\\/\\\/www.instagram.com\\\/informelitoral\\\/\",\"https:\\\/\\\/www.youtube.com\\\/channel\\\/UCua4Qvz8Icb6MYqhoq9xLXw\"]},{\"@type\":\"Person\",\"@id\":\"https:\\\/\\\/informelitoral.com.ar\\\/#\\\/schema\\\/person\\\/b9d00407c836482871ef1d57bf8e3180\",\"name\":\"Gonzalo Schmidt\",\"image\":{\"@type\":\"ImageObject\",\"inLanguage\":\"es\",\"@id\":\"https:\\\/\\\/secure.gravatar.com\\\/avatar\\\/31a1a7b66ff2de83bd0e9fd79d026630d2d99e55e8bfe501287647b4fd9743de?s=96&d=mm&r=g\",\"url\":\"https:\\\/\\\/secure.gravatar.com\\\/avatar\\\/31a1a7b66ff2de83bd0e9fd79d026630d2d99e55e8bfe501287647b4fd9743de?s=96&d=mm&r=g\",\"contentUrl\":\"https:\\\/\\\/secure.gravatar.com\\\/avatar\\\/31a1a7b66ff2de83bd0e9fd79d026630d2d99e55e8bfe501287647b4fd9743de?s=96&d=mm&r=g\",\"caption\":\"Gonzalo Schmidt\"},\"description\":\"Sitio web de noticias de la provincia de Entre R\u00edos, Argentina. Informaci\u00f3n y entretenimiento. Informe Litoral, nos informamos.\",\"sameAs\":[\"http:\\\/\\\/www.isletasnoticias.com.ar\"],\"url\":\"https:\\\/\\\/informelitoral.com.ar\\\/author\\\/gonzalo\\\/\"}]}<\/script>","yoast_head_json":{"title":"Paran\u00e1: organizaciones sociales y pol\u00edticas protestaron contra el \"tarifazo\" - Informe Litoral","robots":{"index":"index","follow":"follow","max-snippet":"max-snippet:-1","max-image-preview":"max-image-preview:large","max-video-preview":"max-video-preview:-1"},"canonical":"https:\/\/informelitoral.com.ar\/parana-organizaciones-sociales-y-politicas-protestaron-contra-el-tarifazo\/","og_locale":"es_ES","og_type":"article","og_title":"Paran\u00e1: organizaciones sociales y pol\u00edticas protestaron contra el \"tarifazo\" - Informe Litoral","og_description":"Tambi&eacute;n se sumaron vecinos autoconvocados que&nbsp;contaron cu&aacute;nto pagaban antes y a cu&aacute;nto les lleg&oacute; la &uacute;ltima factura de gas. Representantes pol&iacute;ticos manifestaron su rechazo a la pol&iacute;tica de Macri. Referentes de diferentes organizaciones sociales y pol&iacute;ticas se concentraron en la noche de este jueves en Plaza 1&ordm; de Mayo de Paran&aacute; contra el &laquo;tarifazo&raquo;, en [&hellip;]","og_url":"https:\/\/informelitoral.com.ar\/parana-organizaciones-sociales-y-politicas-protestaron-contra-el-tarifazo\/","og_site_name":"Informe Litoral","article_publisher":"https:\/\/www.facebook.com\/informelitoral\/","article_published_time":"2016-07-15T10:00:12+00:00","article_modified_time":"2016-07-15T11:38:34+00:00","og_image":[{"width":1280,"height":720,"url":"https:\/\/informelitoral.com.ar\/%77%70%2d%63%6f%6e%74%65%6e%74\/uploads\/2016\/07\/cacerolazo-2-1280x720.jpg","type":"image\/jpeg"}],"author":"Gonzalo Schmidt","twitter_card":"summary_large_image","twitter_creator":"@InformeLitoral","twitter_site":"@InformeLitoral","twitter_misc":{"Escrito por":"Gonzalo Schmidt","Tiempo de lectura":"3 minutos"},"schema":{"@context":"https:\/\/schema.org","@graph":[{"@type":"Article","@id":"https:\/\/informelitoral.com.ar\/parana-organizaciones-sociales-y-politicas-protestaron-contra-el-tarifazo\/#article","isPartOf":{"@id":"https:\/\/informelitoral.com.ar\/parana-organizaciones-sociales-y-politicas-protestaron-contra-el-tarifazo\/"},"author":{"name":"Gonzalo Schmidt","@id":"https:\/\/informelitoral.com.ar\/#\/schema\/person\/b9d00407c836482871ef1d57bf8e3180"},"headline":"Paran\u00e1: organizaciones sociales y pol\u00edticas protestaron contra el \u00abtarifazo\u00bb","datePublished":"2016-07-15T10:00:12+00:00","dateModified":"2016-07-15T11:38:34+00:00","mainEntityOfPage":{"@id":"https:\/\/informelitoral.com.ar\/parana-organizaciones-sociales-y-politicas-protestaron-contra-el-tarifazo\/"},"wordCount":552,"commentCount":0,"publisher":{"@id":"https:\/\/informelitoral.com.ar\/#organization"},"image":{"@id":"https:\/\/informelitoral.com.ar\/parana-organizaciones-sociales-y-politicas-protestaron-contra-el-tarifazo\/#primaryimage"},"thumbnailUrl":"http:\/\/www.isletasnoticias.com.ar\/%77%70%2d%63%6f%6e%74%65%6e%74\/uploads\/2016\/07\/cacerolazo-2-1280x720-1024x576.jpg","articleSection":["Entre R\u00edos"],"inLanguage":"es","potentialAction":[{"@type":"CommentAction","name":"Comment","target":["https:\/\/informelitoral.com.ar\/parana-organizaciones-sociales-y-politicas-protestaron-contra-el-tarifazo\/#respond"]}]},{"@type":"WebPage","@id":"https:\/\/informelitoral.com.ar\/parana-organizaciones-sociales-y-politicas-protestaron-contra-el-tarifazo\/","url":"https:\/\/informelitoral.com.ar\/parana-organizaciones-sociales-y-politicas-protestaron-contra-el-tarifazo\/","name":"Paran\u00e1: organizaciones sociales y pol\u00edticas protestaron contra el \"tarifazo\" - Informe Litoral","isPartOf":{"@id":"https:\/\/informelitoral.com.ar\/#website"},"primaryImageOfPage":{"@id":"https:\/\/informelitoral.com.ar\/parana-organizaciones-sociales-y-politicas-protestaron-contra-el-tarifazo\/#primaryimage"},"image":{"@id":"https:\/\/informelitoral.com.ar\/parana-organizaciones-sociales-y-politicas-protestaron-contra-el-tarifazo\/#primaryimage"},"thumbnailUrl":"http:\/\/www.isletasnoticias.com.ar\/%77%70%2d%63%6f%6e%74%65%6e%74\/uploads\/2016\/07\/cacerolazo-2-1280x720-1024x576.jpg","datePublished":"2016-07-15T10:00:12+00:00","dateModified":"2016-07-15T11:38:34+00:00","breadcrumb":{"@id":"https:\/\/informelitoral.com.ar\/parana-organizaciones-sociales-y-politicas-protestaron-contra-el-tarifazo\/#breadcrumb"},"inLanguage":"es","potentialAction":[{"@type":"ReadAction","target":["https:\/\/informelitoral.com.ar\/parana-organizaciones-sociales-y-politicas-protestaron-contra-el-tarifazo\/"]}]},{"@type":"ImageObject","inLanguage":"es","@id":"https:\/\/informelitoral.com.ar\/parana-organizaciones-sociales-y-politicas-protestaron-contra-el-tarifazo\/#primaryimage","url":"http:\/\/www.isletasnoticias.com.ar\/%77%70%2d%63%6f%6e%74%65%6e%74\/uploads\/2016\/07\/cacerolazo-2-1280x720-1024x576.jpg","contentUrl":"http:\/\/www.isletasnoticias.com.ar\/%77%70%2d%63%6f%6e%74%65%6e%74\/uploads\/2016\/07\/cacerolazo-2-1280x720-1024x576.jpg"},{"@type":"BreadcrumbList","@id":"https:\/\/informelitoral.com.ar\/parana-organizaciones-sociales-y-politicas-protestaron-contra-el-tarifazo\/#breadcrumb","itemListElement":[{"@type":"ListItem","position":1,"name":"Portada","item":"https:\/\/informelitoral.com.ar\/"},{"@type":"ListItem","position":2,"name":"Paran\u00e1: organizaciones sociales y pol\u00edticas protestaron contra el \u00abtarifazo\u00bb"}]},{"@type":"WebSite","@id":"https:\/\/informelitoral.com.ar\/#website","url":"https:\/\/informelitoral.com.ar\/","name":"Informe Litoral","description":"&quot;Nos informamos&quot; ","publisher":{"@id":"https:\/\/informelitoral.com.ar\/#organization"},"potentialAction":[{"@type":"SearchAction","target":{"@type":"EntryPoint","urlTemplate":"https:\/\/informelitoral.com.ar\/?s={search_term_string}"},"query-input":{"@type":"PropertyValueSpecification","valueRequired":true,"valueName":"search_term_string"}}],"inLanguage":"es"},{"@type":"Organization","@id":"https:\/\/informelitoral.com.ar\/#organization","name":"Informe Litoral","url":"https:\/\/informelitoral.com.ar\/","logo":{"@type":"ImageObject","inLanguage":"es","@id":"https:\/\/informelitoral.com.ar\/#\/schema\/logo\/image\/","url":"https:\/\/informelitoral.com.ar\/%77%70%2d%63%6f%6e%74%65%6e%74\/uploads\/2021\/01\/circulo.png","contentUrl":"https:\/\/informelitoral.com.ar\/%77%70%2d%63%6f%6e%74%65%6e%74\/uploads\/2021\/01\/circulo.png","width":723,"height":731,"caption":"Informe Litoral"},"image":{"@id":"https:\/\/informelitoral.com.ar\/#\/schema\/logo\/image\/"},"sameAs":["https:\/\/www.facebook.com\/informelitoral\/","https:\/\/x.com\/InformeLitoral","https:\/\/www.instagram.com\/informelitoral\/","https:\/\/www.youtube.com\/channel\/UCua4Qvz8Icb6MYqhoq9xLXw"]},{"@type":"Person","@id":"https:\/\/informelitoral.com.ar\/#\/schema\/person\/b9d00407c836482871ef1d57bf8e3180","name":"Gonzalo Schmidt","image":{"@type":"ImageObject","inLanguage":"es","@id":"https:\/\/secure.gravatar.com\/avatar\/31a1a7b66ff2de83bd0e9fd79d026630d2d99e55e8bfe501287647b4fd9743de?s=96&d=mm&r=g","url":"https:\/\/secure.gravatar.com\/avatar\/31a1a7b66ff2de83bd0e9fd79d026630d2d99e55e8bfe501287647b4fd9743de?s=96&d=mm&r=g","contentUrl":"https:\/\/secure.gravatar.com\/avatar\/31a1a7b66ff2de83bd0e9fd79d026630d2d99e55e8bfe501287647b4fd9743de?s=96&d=mm&r=g","caption":"Gonzalo Schmidt"},"description":"Sitio web de noticias de la provincia de Entre R\u00edos, Argentina. Informaci\u00f3n y entretenimiento. Informe Litoral, nos informamos.","sameAs":["http:\/\/www.isletasnoticias.com.ar"],"url":"https:\/\/informelitoral.com.ar\/author\/gonzalo\/"}]}},"_links":{"self":[{"href":"https:\/\/informelitoral.com.ar\/%77%70%2d%6a%73%6f%6e\/wp\/v2\/posts\/17199","targetHints":{"allow":["GET"]}}],"collection":[{"href":"https:\/\/informelitoral.com.ar\/%77%70%2d%6a%73%6f%6e\/wp\/v2\/posts"}],"about":[{"href":"https:\/\/informelitoral.com.ar\/%77%70%2d%6a%73%6f%6e\/wp\/v2\/types\/post"}],"author":[{"embeddable":true,"href":"https:\/\/informelitoral.com.ar\/%77%70%2d%6a%73%6f%6e\/wp\/v2\/users\/2"}],"replies":[{"embeddable":true,"href":"https:\/\/informelitoral.com.ar\/%77%70%2d%6a%73%6f%6e\/wp\/v2\/comments?post=17199"}],"version-history":[{"count":0,"href":"https:\/\/informelitoral.com.ar\/%77%70%2d%6a%73%6f%6e\/wp\/v2\/posts\/17199\/revisions"}],"wp:attachment":[{"href":"https:\/\/informelitoral.com.ar\/%77%70%2d%6a%73%6f%6e\/wp\/v2\/media?parent=17199"}],"wp:term":[{"taxonomy":"category","embeddable":true,"href":"https:\/\/informelitoral.com.ar\/%77%70%2d%6a%73%6f%6e\/wp\/v2\/categories?post=17199"},{"taxonomy":"post_tag","embeddable":true,"href":"https:\/\/informelitoral.com.ar\/%77%70%2d%6a%73%6f%6e\/wp\/v2\/tags?post=17199"}],"curies":[{"name":"wp","href":"https:\/\/api.w.org\/{rel}","templated":true}]}}