{"id":17196,"date":"2016-07-15T06:22:52","date_gmt":"2016-07-15T09:22:52","guid":{"rendered":"http:\/\/www.isletasnoticias.com.ar\/?p=17196"},"modified":"2016-07-15T08:28:07","modified_gmt":"2016-07-15T11:28:07","slug":"atentado-en-niza-un-camion-arremetio-contra-una-multitud-y-dejo-al-menos-84-muertos","status":"publish","type":"post","link":"https:\/\/informelitoral.com.ar\/atentado-en-niza-un-camion-arremetio-contra-una-multitud-y-dejo-al-menos-84-muertos\/","title":{"rendered":"Atentado en Niza: un cami\u00f3n arremeti\u00f3 contra una multitud y dej\u00f3 al menos 84 muertos"},"content":{"rendered":"<p><strong>Ocurri\u00f3 durante los festejos por el D\u00eda de la Bastilla. Las autoridades confirmaron que el veh\u00edculo llevaba \u201cr\u00e9plicas de armas largas y una granada inactiva\u201d y que su conductor fue abatido por la polic\u00eda. El presidente <em>Fran\u00e7ois Hollande<\/em> dijo que \u201ctoda Francia est\u00e1 bajo amenaza terrorista\u201d y prolong\u00f3 el estado de emergencia.<a href=\"http:\/\/www.isletasnoticias.com.ar\/%77%70%2d%63%6f%6e%74%65%6e%74\/uploads\/2016\/07\/descarga-7.jpg\"><img loading=\"lazy\" decoding=\"async\" class=\"aligncenter wp-image-17197 size-full\" src=\"http:\/\/www.isletasnoticias.com.ar\/%77%70%2d%63%6f%6e%74%65%6e%74\/uploads\/2016\/07\/descarga-7.jpg\" alt=\"descarga\" width=\"600\" height=\"337\" srcset=\"https:\/\/informelitoral.com.ar\/%77%70%2d%63%6f%6e%74%65%6e%74\/uploads\/2016\/07\/descarga-7.jpg 600w, https:\/\/informelitoral.com.ar\/%77%70%2d%63%6f%6e%74%65%6e%74\/uploads\/2016\/07\/descarga-7-300x169.jpg 300w\" sizes=\"auto, (max-width: 600px) 100vw, 600px\" \/><\/a><\/strong><\/p>\n<p>Por tercera vez en 18 meses, Francia sufri\u00f3 el jueves un ataque cuando un cami\u00f3n embisti\u00f3 por la noche a una multitud que participaba en los festejos por el D\u00eda de la Bastilla en Niza, en el sureste de Francia, en lo que la Prefectura local calific\u00f3 como un \u00abatentado\u00bb.<\/p>\n<p>Cuando se apagaban las \u00faltimas luces de los fuegos artificiales por la celebraci\u00f3n, el veh\u00edculo arras\u00f3 con las vidas que encontr\u00f3 a su paso. En consecuencia, al menos 84 personas murieron y 18 resultaron heridas de gravedad en el Paseo de los Ingleses, la rambla costera de Niza, una ciudad tur\u00edstica de la Riviera Francesa.<\/p>\n<p>El presidente Fran\u00e7ois Hollande viaj\u00f3 desde Avi\u00f1\u00f3n a Par\u00eds para presidir un comit\u00e9 de crisis, declar\u00f3 que \u00abes innegable el car\u00e1cter terrorista\u00bb del ataque y anunci\u00f3 la prolongaci\u00f3n del estado de emergencia por tres meses m\u00e1s. \u00abToda Francia est\u00e1 bajo amenaza\u00bb, advirti\u00f3.<\/p>\n<p>Seg\u00fan un documento hallado al interior del cami\u00f3n, un hombre de 31 a\u00f1os nacido en Niza y de origen tunecino iba al volante del veh\u00edculo que arroll\u00f3 a cientos de personas que asist\u00edan al show en conmemoraci\u00f3n del festejo nacional. El terrorista tambi\u00e9n realiz\u00f3 varios disparos con una pistola mientras conduc\u00eda.<\/p>\n<p>\u00abFamilias que compart\u00edan un momento de ocio fueron tomadas por blancos. Era un d\u00eda simb\u00f3lico en un lugar simb\u00f3lico. La suma de estos dos s\u00edmbolos fue lo que motiv\u00f3 el atentado\u00bb, consider\u00f3 el diputado por la regi\u00f3n de los Alpes Mar\u00edtimos Eric Ciotti.<\/p>\n<p>El fiscal Jean Michel Pretre relat\u00f3 que el cami\u00f3n condujo dos kil\u00f3metros \u00aba toda velocidad\u00bb en medio de una gran multitud, antes de que la polic\u00eda abatiera al conductor.<\/p>\n<p>En tanto una fuente policial confirm\u00f3 tambi\u00e9n que en el cami\u00f3n se encontraron, \u00abr\u00e9plicas de armas pesadas\u00bb y una granada \u00abinactiva\u00bb en el acoplado.<\/p>\n<p>En otro mensaje en la red social, Christian Estrosi, presidente del Consejo de Provenza Alpes Costa Azul, la regi\u00f3n a la que pertenece Niza, afirm\u00f3 que \u00abeste es el peor drama de la historia de Niza\u00bb. En conversaciones con la cadena francesa BFMTV, confirm\u00f3 adem\u00e1s que el cami\u00f3n del ataque \u00abestaba lleno de armas, lleno de granadas\u00bb.<\/p>\n<p>Minutos m\u00e1s tarde, el subprefecto del Departamento Alpes Mar\u00edtimos Sebastien Humbert se\u00f1al\u00f3 que \u00abhubo un intercambio de disparos y el conductor fue abatido\u00bb.<\/p>\n<p>\u00abHay gente llena de sangre, probablemente con muchas lesiones\u00bb, declar\u00f3 un periodista del diario Nice Matin.<\/p>\n<p>En el lugar se estableci\u00f3 un amplio per\u00edmetro de seguridad. La Prefectura del Departamento de Alpes Mar\u00edtimos se refiri\u00f3 al hecho como un atentado y pidi\u00f3 a la poblaci\u00f3n que no salga de sus hogares. A pocos metros de a masacre, el lujoso lobby del Hotel Negresco se vio convertido en una sala de emergencias.<\/p>\n<p>El presidente Fran\u00e7ois Hollande, que se encontraba en Avi\u00f1\u00f3n, regres\u00f3 a Par\u00eds para encabezar una c\u00e9lula de crisis tras la masacre.<\/p>\n<p>Tras una reuni\u00f3n con el primer ministro, Manuel Valls, y el ministro del Interior, Bernard Cazeneueve, anunci\u00f3 la prolongaci\u00f3n del estado de emergencia en el pa\u00eds tres meses.<\/p>\n<p>Por la tarde del jueves, antes de que ocurrieran los atentados, se esperaba que el mandatario levantara esa misma condici\u00f3n que instaur\u00f3 en noviembre de 2015 tras los ataques terroristas en las calles de Par\u00eds que dejaron 130 muertos.<\/p>\n<p>\u00abToda Francia est\u00e1 bajo amenaza terrorista\u00bb, declar\u00f3 el mandatario en cadena nacional, seg\u00fan public\u00f3<em> Infobae.com<\/em><\/p>\n<p>Se trata del tercer atentado en Francia en los \u00faltimos 18 meses, luego de los ataques al semanario Charlie Hebdo en enero de 2015 y los tiroteos coordinados en las calles de Par\u00eds en noviembre.<\/p>\n","protected":false},"excerpt":{"rendered":"<p>Ocurri&oacute; durante los festejos por el D&iacute;a de la Bastilla. Las autoridades confirmaron que el veh&iacute;culo llevaba &ldquo;r&eacute;plicas de armas largas y una granada inactiva&rdquo; y que su conductor fue abatido por la polic&iacute;a. El presidente Fran&ccedil;ois Hollande dijo que &ldquo;toda Francia est&aacute; bajo amenaza terrorista&rdquo; y prolong&oacute; el estado de emergencia. Por tercera vez [&hellip;]<\/p>\n","protected":false},"author":2,"featured_media":0,"comment_status":"open","ping_status":"open","sticky":false,"template":"","format":"standard","meta":{"fifu_image_url":"","fifu_image_alt":"","footnotes":""},"categories":[8],"tags":[],"class_list":{"0":"post-17196","1":"post","2":"type-post","3":"status-publish","4":"format-standard","6":"category-internacionales"},"yoast_head":"<title>Atentado en Niza: un cami\u00f3n arremeti\u00f3 contra una multitud y dej\u00f3 al menos 84 muertos - Informe Litoral<\/title>\n<meta name=\"robots\" content=\"index, follow, max-snippet:-1, max-image-preview:large, max-video-preview:-1\" \/>\n<link rel=\"canonical\" href=\"https:\/\/informelitoral.com.ar\/atentado-en-niza-un-camion-arremetio-contra-una-multitud-y-dejo-al-menos-84-muertos\/\" \/>\n<meta property=\"og:locale\" content=\"es_ES\" \/>\n<meta property=\"og:type\" content=\"article\" \/>\n<meta property=\"og:title\" content=\"Atentado en Niza: un cami\u00f3n arremeti\u00f3 contra una multitud y dej\u00f3 al menos 84 muertos - Informe Litoral\" \/>\n<meta property=\"og:description\" content=\"Ocurri&oacute; durante los festejos por el D&iacute;a de la Bastilla. Las autoridades confirmaron que el veh&iacute;culo llevaba &ldquo;r&eacute;plicas de armas largas y una granada inactiva&rdquo; y que su conductor fue abatido por la polic&iacute;a. El presidente Fran&ccedil;ois Hollande dijo que &ldquo;toda Francia est&aacute; bajo amenaza terrorista&rdquo; y prolong&oacute; el estado de emergencia. Por tercera vez [&hellip;]\" \/>\n<meta property=\"og:url\" content=\"https:\/\/informelitoral.com.ar\/atentado-en-niza-un-camion-arremetio-contra-una-multitud-y-dejo-al-menos-84-muertos\/\" \/>\n<meta property=\"og:site_name\" content=\"Informe Litoral\" \/>\n<meta property=\"article:publisher\" content=\"https:\/\/www.facebook.com\/informelitoral\/\" \/>\n<meta property=\"article:published_time\" content=\"2016-07-15T09:22:52+00:00\" \/>\n<meta property=\"article:modified_time\" content=\"2016-07-15T11:28:07+00:00\" \/>\n<meta property=\"og:image\" content=\"https:\/\/informelitoral.com.ar\/%77%70%2d%63%6f%6e%74%65%6e%74\/uploads\/2016\/07\/descarga-7.jpg\" \/>\n\t<meta property=\"og:image:width\" content=\"600\" \/>\n\t<meta property=\"og:image:height\" content=\"337\" \/>\n\t<meta property=\"og:image:type\" content=\"image\/jpeg\" \/>\n<meta name=\"author\" content=\"Gonzalo Schmidt\" \/>\n<meta name=\"twitter:card\" content=\"summary_large_image\" \/>\n<meta name=\"twitter:creator\" content=\"@InformeLitoral\" \/>\n<meta name=\"twitter:site\" content=\"@InformeLitoral\" \/>\n<meta name=\"twitter:label1\" content=\"Escrito por\" \/>\n\t<meta name=\"twitter:data1\" content=\"Gonzalo Schmidt\" \/>\n\t<meta name=\"twitter:label2\" content=\"Tiempo de lectura\" \/>\n\t<meta name=\"twitter:data2\" content=\"3 minutos\" \/>\n<script type=\"application\/ld+json\" class=\"yoast-schema-graph\">{\"@context\":\"https:\\\/\\\/schema.org\",\"@graph\":[{\"@type\":\"Article\",\"@id\":\"https:\\\/\\\/informelitoral.com.ar\\\/atentado-en-niza-un-camion-arremetio-contra-una-multitud-y-dejo-al-menos-84-muertos\\\/#article\",\"isPartOf\":{\"@id\":\"https:\\\/\\\/informelitoral.com.ar\\\/atentado-en-niza-un-camion-arremetio-contra-una-multitud-y-dejo-al-menos-84-muertos\\\/\"},\"author\":{\"name\":\"Gonzalo Schmidt\",\"@id\":\"https:\\\/\\\/informelitoral.com.ar\\\/#\\\/schema\\\/person\\\/b9d00407c836482871ef1d57bf8e3180\"},\"headline\":\"Atentado en Niza: un cami\u00f3n arremeti\u00f3 contra una multitud y dej\u00f3 al menos 84 muertos\",\"datePublished\":\"2016-07-15T09:22:52+00:00\",\"dateModified\":\"2016-07-15T11:28:07+00:00\",\"mainEntityOfPage\":{\"@id\":\"https:\\\/\\\/informelitoral.com.ar\\\/atentado-en-niza-un-camion-arremetio-contra-una-multitud-y-dejo-al-menos-84-muertos\\\/\"},\"wordCount\":700,\"commentCount\":0,\"publisher\":{\"@id\":\"https:\\\/\\\/informelitoral.com.ar\\\/#organization\"},\"image\":{\"@id\":\"https:\\\/\\\/informelitoral.com.ar\\\/atentado-en-niza-un-camion-arremetio-contra-una-multitud-y-dejo-al-menos-84-muertos\\\/#primaryimage\"},\"thumbnailUrl\":\"http:\\\/\\\/www.isletasnoticias.com.ar\\\/%77%70%2d%63%6f%6e%74%65%6e%74\\\/uploads\\\/2016\\\/07\\\/descarga-7.jpg\",\"articleSection\":[\"Internacionales\"],\"inLanguage\":\"es\",\"potentialAction\":[{\"@type\":\"CommentAction\",\"name\":\"Comment\",\"target\":[\"https:\\\/\\\/informelitoral.com.ar\\\/atentado-en-niza-un-camion-arremetio-contra-una-multitud-y-dejo-al-menos-84-muertos\\\/#respond\"]}]},{\"@type\":\"WebPage\",\"@id\":\"https:\\\/\\\/informelitoral.com.ar\\\/atentado-en-niza-un-camion-arremetio-contra-una-multitud-y-dejo-al-menos-84-muertos\\\/\",\"url\":\"https:\\\/\\\/informelitoral.com.ar\\\/atentado-en-niza-un-camion-arremetio-contra-una-multitud-y-dejo-al-menos-84-muertos\\\/\",\"name\":\"Atentado en Niza: un cami\u00f3n arremeti\u00f3 contra una multitud y dej\u00f3 al menos 84 muertos - Informe Litoral\",\"isPartOf\":{\"@id\":\"https:\\\/\\\/informelitoral.com.ar\\\/#website\"},\"primaryImageOfPage\":{\"@id\":\"https:\\\/\\\/informelitoral.com.ar\\\/atentado-en-niza-un-camion-arremetio-contra-una-multitud-y-dejo-al-menos-84-muertos\\\/#primaryimage\"},\"image\":{\"@id\":\"https:\\\/\\\/informelitoral.com.ar\\\/atentado-en-niza-un-camion-arremetio-contra-una-multitud-y-dejo-al-menos-84-muertos\\\/#primaryimage\"},\"thumbnailUrl\":\"http:\\\/\\\/www.isletasnoticias.com.ar\\\/%77%70%2d%63%6f%6e%74%65%6e%74\\\/uploads\\\/2016\\\/07\\\/descarga-7.jpg\",\"datePublished\":\"2016-07-15T09:22:52+00:00\",\"dateModified\":\"2016-07-15T11:28:07+00:00\",\"breadcrumb\":{\"@id\":\"https:\\\/\\\/informelitoral.com.ar\\\/atentado-en-niza-un-camion-arremetio-contra-una-multitud-y-dejo-al-menos-84-muertos\\\/#breadcrumb\"},\"inLanguage\":\"es\",\"potentialAction\":[{\"@type\":\"ReadAction\",\"target\":[\"https:\\\/\\\/informelitoral.com.ar\\\/atentado-en-niza-un-camion-arremetio-contra-una-multitud-y-dejo-al-menos-84-muertos\\\/\"]}]},{\"@type\":\"ImageObject\",\"inLanguage\":\"es\",\"@id\":\"https:\\\/\\\/informelitoral.com.ar\\\/atentado-en-niza-un-camion-arremetio-contra-una-multitud-y-dejo-al-menos-84-muertos\\\/#primaryimage\",\"url\":\"http:\\\/\\\/www.isletasnoticias.com.ar\\\/%77%70%2d%63%6f%6e%74%65%6e%74\\\/uploads\\\/2016\\\/07\\\/descarga-7.jpg\",\"contentUrl\":\"http:\\\/\\\/www.isletasnoticias.com.ar\\\/%77%70%2d%63%6f%6e%74%65%6e%74\\\/uploads\\\/2016\\\/07\\\/descarga-7.jpg\"},{\"@type\":\"BreadcrumbList\",\"@id\":\"https:\\\/\\\/informelitoral.com.ar\\\/atentado-en-niza-un-camion-arremetio-contra-una-multitud-y-dejo-al-menos-84-muertos\\\/#breadcrumb\",\"itemListElement\":[{\"@type\":\"ListItem\",\"position\":1,\"name\":\"Portada\",\"item\":\"https:\\\/\\\/informelitoral.com.ar\\\/\"},{\"@type\":\"ListItem\",\"position\":2,\"name\":\"Atentado en Niza: un cami\u00f3n arremeti\u00f3 contra una multitud y dej\u00f3 al menos 84 muertos\"}]},{\"@type\":\"WebSite\",\"@id\":\"https:\\\/\\\/informelitoral.com.ar\\\/#website\",\"url\":\"https:\\\/\\\/informelitoral.com.ar\\\/\",\"name\":\"Informe Litoral\",\"description\":\"&quot;Nos informamos&quot; \",\"publisher\":{\"@id\":\"https:\\\/\\\/informelitoral.com.ar\\\/#organization\"},\"potentialAction\":[{\"@type\":\"SearchAction\",\"target\":{\"@type\":\"EntryPoint\",\"urlTemplate\":\"https:\\\/\\\/informelitoral.com.ar\\\/?s={search_term_string}\"},\"query-input\":{\"@type\":\"PropertyValueSpecification\",\"valueRequired\":true,\"valueName\":\"search_term_string\"}}],\"inLanguage\":\"es\"},{\"@type\":\"Organization\",\"@id\":\"https:\\\/\\\/informelitoral.com.ar\\\/#organization\",\"name\":\"Informe Litoral\",\"url\":\"https:\\\/\\\/informelitoral.com.ar\\\/\",\"logo\":{\"@type\":\"ImageObject\",\"inLanguage\":\"es\",\"@id\":\"https:\\\/\\\/informelitoral.com.ar\\\/#\\\/schema\\\/logo\\\/image\\\/\",\"url\":\"https:\\\/\\\/informelitoral.com.ar\\\/%77%70%2d%63%6f%6e%74%65%6e%74\\\/uploads\\\/2021\\\/01\\\/circulo.png\",\"contentUrl\":\"https:\\\/\\\/informelitoral.com.ar\\\/%77%70%2d%63%6f%6e%74%65%6e%74\\\/uploads\\\/2021\\\/01\\\/circulo.png\",\"width\":723,\"height\":731,\"caption\":\"Informe Litoral\"},\"image\":{\"@id\":\"https:\\\/\\\/informelitoral.com.ar\\\/#\\\/schema\\\/logo\\\/image\\\/\"},\"sameAs\":[\"https:\\\/\\\/www.facebook.com\\\/informelitoral\\\/\",\"https:\\\/\\\/x.com\\\/InformeLitoral\",\"https:\\\/\\\/www.instagram.com\\\/informelitoral\\\/\",\"https:\\\/\\\/www.youtube.com\\\/channel\\\/UCua4Qvz8Icb6MYqhoq9xLXw\"]},{\"@type\":\"Person\",\"@id\":\"https:\\\/\\\/informelitoral.com.ar\\\/#\\\/schema\\\/person\\\/b9d00407c836482871ef1d57bf8e3180\",\"name\":\"Gonzalo Schmidt\",\"image\":{\"@type\":\"ImageObject\",\"inLanguage\":\"es\",\"@id\":\"https:\\\/\\\/secure.gravatar.com\\\/avatar\\\/31a1a7b66ff2de83bd0e9fd79d026630d2d99e55e8bfe501287647b4fd9743de?s=96&d=mm&r=g\",\"url\":\"https:\\\/\\\/secure.gravatar.com\\\/avatar\\\/31a1a7b66ff2de83bd0e9fd79d026630d2d99e55e8bfe501287647b4fd9743de?s=96&d=mm&r=g\",\"contentUrl\":\"https:\\\/\\\/secure.gravatar.com\\\/avatar\\\/31a1a7b66ff2de83bd0e9fd79d026630d2d99e55e8bfe501287647b4fd9743de?s=96&d=mm&r=g\",\"caption\":\"Gonzalo Schmidt\"},\"description\":\"Sitio web de noticias de la provincia de Entre R\u00edos, Argentina. Informaci\u00f3n y entretenimiento. Informe Litoral, nos informamos.\",\"sameAs\":[\"http:\\\/\\\/www.isletasnoticias.com.ar\"],\"url\":\"https:\\\/\\\/informelitoral.com.ar\\\/author\\\/gonzalo\\\/\"}]}<\/script>","yoast_head_json":{"title":"Atentado en Niza: un cami\u00f3n arremeti\u00f3 contra una multitud y dej\u00f3 al menos 84 muertos - Informe Litoral","robots":{"index":"index","follow":"follow","max-snippet":"max-snippet:-1","max-image-preview":"max-image-preview:large","max-video-preview":"max-video-preview:-1"},"canonical":"https:\/\/informelitoral.com.ar\/atentado-en-niza-un-camion-arremetio-contra-una-multitud-y-dejo-al-menos-84-muertos\/","og_locale":"es_ES","og_type":"article","og_title":"Atentado en Niza: un cami\u00f3n arremeti\u00f3 contra una multitud y dej\u00f3 al menos 84 muertos - Informe Litoral","og_description":"Ocurri&oacute; durante los festejos por el D&iacute;a de la Bastilla. Las autoridades confirmaron que el veh&iacute;culo llevaba &ldquo;r&eacute;plicas de armas largas y una granada inactiva&rdquo; y que su conductor fue abatido por la polic&iacute;a. El presidente Fran&ccedil;ois Hollande dijo que &ldquo;toda Francia est&aacute; bajo amenaza terrorista&rdquo; y prolong&oacute; el estado de emergencia. Por tercera vez [&hellip;]","og_url":"https:\/\/informelitoral.com.ar\/atentado-en-niza-un-camion-arremetio-contra-una-multitud-y-dejo-al-menos-84-muertos\/","og_site_name":"Informe Litoral","article_publisher":"https:\/\/www.facebook.com\/informelitoral\/","article_published_time":"2016-07-15T09:22:52+00:00","article_modified_time":"2016-07-15T11:28:07+00:00","og_image":[{"width":600,"height":337,"url":"https:\/\/informelitoral.com.ar\/%77%70%2d%63%6f%6e%74%65%6e%74\/uploads\/2016\/07\/descarga-7.jpg","type":"image\/jpeg"}],"author":"Gonzalo Schmidt","twitter_card":"summary_large_image","twitter_creator":"@InformeLitoral","twitter_site":"@InformeLitoral","twitter_misc":{"Escrito por":"Gonzalo Schmidt","Tiempo de lectura":"3 minutos"},"schema":{"@context":"https:\/\/schema.org","@graph":[{"@type":"Article","@id":"https:\/\/informelitoral.com.ar\/atentado-en-niza-un-camion-arremetio-contra-una-multitud-y-dejo-al-menos-84-muertos\/#article","isPartOf":{"@id":"https:\/\/informelitoral.com.ar\/atentado-en-niza-un-camion-arremetio-contra-una-multitud-y-dejo-al-menos-84-muertos\/"},"author":{"name":"Gonzalo Schmidt","@id":"https:\/\/informelitoral.com.ar\/#\/schema\/person\/b9d00407c836482871ef1d57bf8e3180"},"headline":"Atentado en Niza: un cami\u00f3n arremeti\u00f3 contra una multitud y dej\u00f3 al menos 84 muertos","datePublished":"2016-07-15T09:22:52+00:00","dateModified":"2016-07-15T11:28:07+00:00","mainEntityOfPage":{"@id":"https:\/\/informelitoral.com.ar\/atentado-en-niza-un-camion-arremetio-contra-una-multitud-y-dejo-al-menos-84-muertos\/"},"wordCount":700,"commentCount":0,"publisher":{"@id":"https:\/\/informelitoral.com.ar\/#organization"},"image":{"@id":"https:\/\/informelitoral.com.ar\/atentado-en-niza-un-camion-arremetio-contra-una-multitud-y-dejo-al-menos-84-muertos\/#primaryimage"},"thumbnailUrl":"http:\/\/www.isletasnoticias.com.ar\/%77%70%2d%63%6f%6e%74%65%6e%74\/uploads\/2016\/07\/descarga-7.jpg","articleSection":["Internacionales"],"inLanguage":"es","potentialAction":[{"@type":"CommentAction","name":"Comment","target":["https:\/\/informelitoral.com.ar\/atentado-en-niza-un-camion-arremetio-contra-una-multitud-y-dejo-al-menos-84-muertos\/#respond"]}]},{"@type":"WebPage","@id":"https:\/\/informelitoral.com.ar\/atentado-en-niza-un-camion-arremetio-contra-una-multitud-y-dejo-al-menos-84-muertos\/","url":"https:\/\/informelitoral.com.ar\/atentado-en-niza-un-camion-arremetio-contra-una-multitud-y-dejo-al-menos-84-muertos\/","name":"Atentado en Niza: un cami\u00f3n arremeti\u00f3 contra una multitud y dej\u00f3 al menos 84 muertos - Informe Litoral","isPartOf":{"@id":"https:\/\/informelitoral.com.ar\/#website"},"primaryImageOfPage":{"@id":"https:\/\/informelitoral.com.ar\/atentado-en-niza-un-camion-arremetio-contra-una-multitud-y-dejo-al-menos-84-muertos\/#primaryimage"},"image":{"@id":"https:\/\/informelitoral.com.ar\/atentado-en-niza-un-camion-arremetio-contra-una-multitud-y-dejo-al-menos-84-muertos\/#primaryimage"},"thumbnailUrl":"http:\/\/www.isletasnoticias.com.ar\/%77%70%2d%63%6f%6e%74%65%6e%74\/uploads\/2016\/07\/descarga-7.jpg","datePublished":"2016-07-15T09:22:52+00:00","dateModified":"2016-07-15T11:28:07+00:00","breadcrumb":{"@id":"https:\/\/informelitoral.com.ar\/atentado-en-niza-un-camion-arremetio-contra-una-multitud-y-dejo-al-menos-84-muertos\/#breadcrumb"},"inLanguage":"es","potentialAction":[{"@type":"ReadAction","target":["https:\/\/informelitoral.com.ar\/atentado-en-niza-un-camion-arremetio-contra-una-multitud-y-dejo-al-menos-84-muertos\/"]}]},{"@type":"ImageObject","inLanguage":"es","@id":"https:\/\/informelitoral.com.ar\/atentado-en-niza-un-camion-arremetio-contra-una-multitud-y-dejo-al-menos-84-muertos\/#primaryimage","url":"http:\/\/www.isletasnoticias.com.ar\/%77%70%2d%63%6f%6e%74%65%6e%74\/uploads\/2016\/07\/descarga-7.jpg","contentUrl":"http:\/\/www.isletasnoticias.com.ar\/%77%70%2d%63%6f%6e%74%65%6e%74\/uploads\/2016\/07\/descarga-7.jpg"},{"@type":"BreadcrumbList","@id":"https:\/\/informelitoral.com.ar\/atentado-en-niza-un-camion-arremetio-contra-una-multitud-y-dejo-al-menos-84-muertos\/#breadcrumb","itemListElement":[{"@type":"ListItem","position":1,"name":"Portada","item":"https:\/\/informelitoral.com.ar\/"},{"@type":"ListItem","position":2,"name":"Atentado en Niza: un cami\u00f3n arremeti\u00f3 contra una multitud y dej\u00f3 al menos 84 muertos"}]},{"@type":"WebSite","@id":"https:\/\/informelitoral.com.ar\/#website","url":"https:\/\/informelitoral.com.ar\/","name":"Informe Litoral","description":"&quot;Nos informamos&quot; ","publisher":{"@id":"https:\/\/informelitoral.com.ar\/#organization"},"potentialAction":[{"@type":"SearchAction","target":{"@type":"EntryPoint","urlTemplate":"https:\/\/informelitoral.com.ar\/?s={search_term_string}"},"query-input":{"@type":"PropertyValueSpecification","valueRequired":true,"valueName":"search_term_string"}}],"inLanguage":"es"},{"@type":"Organization","@id":"https:\/\/informelitoral.com.ar\/#organization","name":"Informe Litoral","url":"https:\/\/informelitoral.com.ar\/","logo":{"@type":"ImageObject","inLanguage":"es","@id":"https:\/\/informelitoral.com.ar\/#\/schema\/logo\/image\/","url":"https:\/\/informelitoral.com.ar\/%77%70%2d%63%6f%6e%74%65%6e%74\/uploads\/2021\/01\/circulo.png","contentUrl":"https:\/\/informelitoral.com.ar\/%77%70%2d%63%6f%6e%74%65%6e%74\/uploads\/2021\/01\/circulo.png","width":723,"height":731,"caption":"Informe Litoral"},"image":{"@id":"https:\/\/informelitoral.com.ar\/#\/schema\/logo\/image\/"},"sameAs":["https:\/\/www.facebook.com\/informelitoral\/","https:\/\/x.com\/InformeLitoral","https:\/\/www.instagram.com\/informelitoral\/","https:\/\/www.youtube.com\/channel\/UCua4Qvz8Icb6MYqhoq9xLXw"]},{"@type":"Person","@id":"https:\/\/informelitoral.com.ar\/#\/schema\/person\/b9d00407c836482871ef1d57bf8e3180","name":"Gonzalo Schmidt","image":{"@type":"ImageObject","inLanguage":"es","@id":"https:\/\/secure.gravatar.com\/avatar\/31a1a7b66ff2de83bd0e9fd79d026630d2d99e55e8bfe501287647b4fd9743de?s=96&d=mm&r=g","url":"https:\/\/secure.gravatar.com\/avatar\/31a1a7b66ff2de83bd0e9fd79d026630d2d99e55e8bfe501287647b4fd9743de?s=96&d=mm&r=g","contentUrl":"https:\/\/secure.gravatar.com\/avatar\/31a1a7b66ff2de83bd0e9fd79d026630d2d99e55e8bfe501287647b4fd9743de?s=96&d=mm&r=g","caption":"Gonzalo Schmidt"},"description":"Sitio web de noticias de la provincia de Entre R\u00edos, Argentina. Informaci\u00f3n y entretenimiento. Informe Litoral, nos informamos.","sameAs":["http:\/\/www.isletasnoticias.com.ar"],"url":"https:\/\/informelitoral.com.ar\/author\/gonzalo\/"}]}},"_links":{"self":[{"href":"https:\/\/informelitoral.com.ar\/%77%70%2d%6a%73%6f%6e\/wp\/v2\/posts\/17196","targetHints":{"allow":["GET"]}}],"collection":[{"href":"https:\/\/informelitoral.com.ar\/%77%70%2d%6a%73%6f%6e\/wp\/v2\/posts"}],"about":[{"href":"https:\/\/informelitoral.com.ar\/%77%70%2d%6a%73%6f%6e\/wp\/v2\/types\/post"}],"author":[{"embeddable":true,"href":"https:\/\/informelitoral.com.ar\/%77%70%2d%6a%73%6f%6e\/wp\/v2\/users\/2"}],"replies":[{"embeddable":true,"href":"https:\/\/informelitoral.com.ar\/%77%70%2d%6a%73%6f%6e\/wp\/v2\/comments?post=17196"}],"version-history":[{"count":0,"href":"https:\/\/informelitoral.com.ar\/%77%70%2d%6a%73%6f%6e\/wp\/v2\/posts\/17196\/revisions"}],"wp:attachment":[{"href":"https:\/\/informelitoral.com.ar\/%77%70%2d%6a%73%6f%6e\/wp\/v2\/media?parent=17196"}],"wp:term":[{"taxonomy":"category","embeddable":true,"href":"https:\/\/informelitoral.com.ar\/%77%70%2d%6a%73%6f%6e\/wp\/v2\/categories?post=17196"},{"taxonomy":"post_tag","embeddable":true,"href":"https:\/\/informelitoral.com.ar\/%77%70%2d%6a%73%6f%6e\/wp\/v2\/tags?post=17196"}],"curies":[{"name":"wp","href":"https:\/\/api.w.org\/{rel}","templated":true}]}}