{"id":171754,"date":"2023-11-03T14:35:43","date_gmt":"2023-11-03T17:35:43","guid":{"rendered":"https:\/\/www.informelitoral.com.ar\/?p=171754"},"modified":"2023-11-03T21:41:18","modified_gmt":"2023-11-04T00:41:18","slug":"se-convocara-a-los-gremios-una-vez-que-se-conozca-la-inflacion-de-octubre","status":"publish","type":"post","link":"https:\/\/informelitoral.com.ar\/se-convocara-a-los-gremios-una-vez-que-se-conozca-la-inflacion-de-octubre\/","title":{"rendered":"Se convocar\u00e1 a los gremios una vez que se conozca la inflaci\u00f3n de octubre"},"content":{"rendered":"<p>El ministro de Econom\u00eda, <strong>Hugo Ballay<\/strong>, comunic\u00f3 a ATE y a UPCN la decisi\u00f3n de volver a convocar a una reuni\u00f3n paritaria una vez conocida la inflaci\u00f3n de octubre. De igual manera lo transmiti\u00f3 el presidente del Consejo General de Educaci\u00f3n (CGE), <strong>Mart\u00edn M\u00fcller<\/strong> a los gremios docentes.<\/p>\n<p>\u201cMantenemos el compromiso de seguir trabajando para que los salarios le ganen a la inflaci\u00f3n, y teniendo en cuenta el contexto actual y la transici\u00f3n de gesti\u00f3n, tomaremos decisiones con responsabilidad\u201d, expres\u00f3 Ballay al t\u00e9rmino del encuentro con ATE y UPCN que se desarroll\u00f3 en el Sal\u00f3n de Gobernadores de la Casa Gris. Sin embargo ratific\u00f3 que a partir del 1 de noviembre las asignaciones familiares de la provincia se equiparar\u00e1n a las nacionales.<\/p>\n<p>El titular de la cartera econ\u00f3mica puso en valor \u201cel di\u00e1logo desarrollado durante este a\u00f1o que, a pesar del contexto vol\u00e1til y la inflaci\u00f3n, permiti\u00f3 llegar a un 110 por ciento de aumento, siete puntos por encima de la inflaci\u00f3n\u201d.<\/p>\n<p>\u201cEsto tambi\u00e9n fue posible por el compromiso de nuestro gobernador con las y los trabajadores de la administraci\u00f3n p\u00fablica y el ordenamiento que llevamos adelante en la provincia. Y para seguir respetando el trabajo desarrollado de manera conjunta tenemos que tomar las decisiones que sean necesarias en el marco de la responsabilidad, sin comprometer la gesti\u00f3n futura\u201d, acot\u00f3 Ballay.<\/p>\n<p>Por su parte, M\u00fcller remarc\u00f3 que \u201chemos hecho un gran trabajo para proteger el salario docente frente a la inflaci\u00f3n, y seguimos trabajando con ese mismo objetivo bajo la responsabilidad que nos exige el momento actual de la provincia y el pa\u00eds\u201d.<\/p>\n<p>En ese sentido, el titular de la cartera educativa provincial puso de relieve que \u201clogramos avances muy significativos como la titularizaci\u00f3n de cargos docentes en los distintos niveles, cargos directivos y para los auxiliares de educaci\u00f3n. Avanzamos en m\u00e1s estabilidad, reconocimiento y capacitaciones\u201d.<\/p>\n<p>La reuni\u00f3n con ATE y UPCN estuvo presidida por el secretario de Trabajo, \u00c1ngel Zacar\u00edas y el director de Trabajo, Pablo Pagnone.<\/p>\n<p>En representaci\u00f3n del gobierno, acompa\u00f1aron a Ballay el director General de Liquidaciones, <strong>Miguel Ulrich<\/strong>; directora de Asuntos jur\u00eddicos del Ministerio de Econom\u00eda, <strong>Sandra Varas<\/strong>; la asesora del Ministerio de Econom\u00eda, <strong>Andrea Gauna<\/strong>, la directora de An\u00e1lisis Fiscal y Estudios Econ\u00f3micos, <strong>Jesica lange<\/strong> y, por el Ministerio de Gobierno, <strong>Emiliano Campos.<\/strong><\/p>\n<p>La representaci\u00f3n de UPCN estuvo encabezada por la secretaria ajunta,<strong> Carina Dom\u00ednguez,<\/strong> la secretaria Gremial, <strong>Cristina Melgarejo<\/strong>, y la integrante de la Comisi\u00f3n Directiva, <strong>Gladys Comas.<\/strong><\/p>\n<p>Por ATE, participaron el secretario General, <strong>Oscar Muntes<\/strong>, y prosecretaria Administrativa, <strong>Mariana Luj\u00e1n.<\/strong><\/p>\n<p>En tanto, la paritaria docente estuvo presidida por el coordinador general de la Secretar\u00eda de Trabajo, <strong>Armando Ferrari<\/strong> y la delegada contable, <strong>M\u00f3nica Barbabianca.<\/strong><\/p>\n<p>Adem\u00e1s de M\u00fcller, el gobierno provincial estuvo representados por los vocales del CGE, <strong>Humberto Javier Jos\u00e9<\/strong> y<strong> Exequiel Coronoffo<\/strong>; la directora general de Liquidaciones y Recursos Humanos, <strong>Miriam Lozada<\/strong>; la directora de Asuntos Jur\u00eddicos, <strong>Miriam Clari\u00e1<\/strong> y la prosecretaria general, <strong>Melina Romero.<\/strong><\/p>\n<p>Por AGMER participaron el secretario general, <strong>Marcelo Pagani<\/strong>; la secretaria adjunta, <strong>Ana Delaloye<\/strong>; los miembros paritarios <strong>Hayde\u00e9 Veik<\/strong> y <strong>Juan Carlos Crettaz<\/strong>; la vocal del CGE en representaci\u00f3n de los trabajadores, <strong>Susana Cogno<\/strong> y la apoderada legal, <strong>Ver\u00f3nica Fischbach.<\/strong><\/p>\n<p>AMET estuvo representado por el secretario adjunto, <strong>Carlos Varela<\/strong> y el secretario de Relaciones Gremiales, <strong>Fabi\u00e1n Monz\u00f3n<\/strong>; SADOP por la secretaria adjunta y administrativa, <strong>Alejandra Frank<\/strong> y el secretario adjunto,<strong> Gustavo Bolz\u00e1n<\/strong>; y UDA por su secretaria general, <strong>Mirta Raya.<\/strong><\/p>\n","protected":false},"excerpt":{"rendered":"<p>El gobierno provincial propuso a los gremios docentes y estatales reunirse una vez conocida la inflaci\u00f3n de octubre. Actualmente, el aumento salarial de la provincia alcanza el 110 por ciento, frente a una inflaci\u00f3n de 103 por ciento. \u201cTomaremos decisiones con responsabilidad\u201d, expres\u00f3 Ballay.<\/p>\n","protected":false},"author":8,"featured_media":31017,"comment_status":"open","ping_status":"open","sticky":false,"template":"","format":"standard","meta":{"fifu_image_url":"","fifu_image_alt":"","footnotes":""},"categories":[6],"tags":[211,1199,2998],"class_list":{"0":"post-171754","1":"post","2":"type-post","3":"status-publish","4":"format-standard","5":"has-post-thumbnail","7":"category-entre-rios","8":"tag-estatales","9":"tag-gremios-docentes","10":"tag-paritaria-salarial"},"yoast_head":"<title>Se convocar\u00e1 a los gremios una vez que se conozca la inflaci\u00f3n de octubre - Informe Litoral<\/title>\n<meta name=\"robots\" content=\"index, follow, max-snippet:-1, max-image-preview:large, max-video-preview:-1\" \/>\n<link rel=\"canonical\" href=\"https:\/\/informelitoral.com.ar\/se-convocara-a-los-gremios-una-vez-que-se-conozca-la-inflacion-de-octubre\/\" \/>\n<meta property=\"og:locale\" content=\"es_ES\" \/>\n<meta property=\"og:type\" content=\"article\" \/>\n<meta property=\"og:title\" content=\"Se convocar\u00e1 a los gremios una vez que se conozca la inflaci\u00f3n de octubre - Informe Litoral\" \/>\n<meta property=\"og:description\" content=\"El gobierno provincial propuso a los gremios docentes y estatales reunirse una vez conocida la inflaci\u00f3n de octubre. Actualmente, el aumento salarial de la provincia alcanza el 110 por ciento, frente a una inflaci\u00f3n de 103 por ciento. \u201cTomaremos decisiones con responsabilidad\u201d, expres\u00f3 Ballay.\" \/>\n<meta property=\"og:url\" content=\"https:\/\/informelitoral.com.ar\/se-convocara-a-los-gremios-una-vez-que-se-conozca-la-inflacion-de-octubre\/\" \/>\n<meta property=\"og:site_name\" content=\"Informe Litoral\" \/>\n<meta property=\"article:publisher\" content=\"https:\/\/www.facebook.com\/informelitoral\/\" \/>\n<meta property=\"article:published_time\" content=\"2023-11-03T17:35:43+00:00\" \/>\n<meta property=\"article:modified_time\" content=\"2023-11-04T00:41:18+00:00\" \/>\n<meta property=\"og:image\" content=\"https:\/\/informelitoral.com.ar\/%77%70%2d%63%6f%6e%74%65%6e%74\/uploads\/2018\/12\/paritaria-estatal-e1544237241491.jpg\" \/>\n\t<meta property=\"og:image:width\" content=\"1490\" \/>\n\t<meta property=\"og:image:height\" content=\"753\" \/>\n\t<meta property=\"og:image:type\" content=\"image\/jpeg\" \/>\n<meta name=\"author\" content=\"Sebastian\" \/>\n<meta name=\"twitter:card\" content=\"summary_large_image\" \/>\n<meta name=\"twitter:creator\" content=\"@InformeLitoral\" \/>\n<meta name=\"twitter:site\" content=\"@InformeLitoral\" \/>\n<meta name=\"twitter:label1\" content=\"Escrito por\" \/>\n\t<meta name=\"twitter:data1\" content=\"Sebastian\" \/>\n\t<meta name=\"twitter:label2\" content=\"Tiempo de lectura\" \/>\n\t<meta name=\"twitter:data2\" content=\"3 minutos\" \/>\n<script type=\"application\/ld+json\" class=\"yoast-schema-graph\">{\"@context\":\"https:\\\/\\\/schema.org\",\"@graph\":[{\"@type\":\"Article\",\"@id\":\"https:\\\/\\\/informelitoral.com.ar\\\/se-convocara-a-los-gremios-una-vez-que-se-conozca-la-inflacion-de-octubre\\\/#article\",\"isPartOf\":{\"@id\":\"https:\\\/\\\/informelitoral.com.ar\\\/se-convocara-a-los-gremios-una-vez-que-se-conozca-la-inflacion-de-octubre\\\/\"},\"author\":{\"name\":\"Sebastian\",\"@id\":\"https:\\\/\\\/informelitoral.com.ar\\\/#\\\/schema\\\/person\\\/f05f9f461677119578717524b127d6d5\"},\"headline\":\"Se convocar\u00e1 a los gremios una vez que se conozca la inflaci\u00f3n de octubre\",\"datePublished\":\"2023-11-03T17:35:43+00:00\",\"dateModified\":\"2023-11-04T00:41:18+00:00\",\"mainEntityOfPage\":{\"@id\":\"https:\\\/\\\/informelitoral.com.ar\\\/se-convocara-a-los-gremios-una-vez-que-se-conozca-la-inflacion-de-octubre\\\/\"},\"wordCount\":627,\"commentCount\":0,\"publisher\":{\"@id\":\"https:\\\/\\\/informelitoral.com.ar\\\/#organization\"},\"image\":{\"@id\":\"https:\\\/\\\/informelitoral.com.ar\\\/se-convocara-a-los-gremios-una-vez-que-se-conozca-la-inflacion-de-octubre\\\/#primaryimage\"},\"thumbnailUrl\":\"https:\\\/\\\/informelitoral.com.ar\\\/%77%70%2d%63%6f%6e%74%65%6e%74\\\/uploads\\\/2018\\\/12\\\/paritaria-estatal-e1544237241491.jpg\",\"keywords\":[\"Estatales\",\"Gremios docentes\",\"Paritaria salarial\"],\"articleSection\":[\"Entre R\u00edos\"],\"inLanguage\":\"es\",\"potentialAction\":[{\"@type\":\"CommentAction\",\"name\":\"Comment\",\"target\":[\"https:\\\/\\\/informelitoral.com.ar\\\/se-convocara-a-los-gremios-una-vez-que-se-conozca-la-inflacion-de-octubre\\\/#respond\"]}]},{\"@type\":\"WebPage\",\"@id\":\"https:\\\/\\\/informelitoral.com.ar\\\/se-convocara-a-los-gremios-una-vez-que-se-conozca-la-inflacion-de-octubre\\\/\",\"url\":\"https:\\\/\\\/informelitoral.com.ar\\\/se-convocara-a-los-gremios-una-vez-que-se-conozca-la-inflacion-de-octubre\\\/\",\"name\":\"Se convocar\u00e1 a los gremios una vez que se conozca la inflaci\u00f3n de octubre - Informe Litoral\",\"isPartOf\":{\"@id\":\"https:\\\/\\\/informelitoral.com.ar\\\/#website\"},\"primaryImageOfPage\":{\"@id\":\"https:\\\/\\\/informelitoral.com.ar\\\/se-convocara-a-los-gremios-una-vez-que-se-conozca-la-inflacion-de-octubre\\\/#primaryimage\"},\"image\":{\"@id\":\"https:\\\/\\\/informelitoral.com.ar\\\/se-convocara-a-los-gremios-una-vez-que-se-conozca-la-inflacion-de-octubre\\\/#primaryimage\"},\"thumbnailUrl\":\"https:\\\/\\\/informelitoral.com.ar\\\/%77%70%2d%63%6f%6e%74%65%6e%74\\\/uploads\\\/2018\\\/12\\\/paritaria-estatal-e1544237241491.jpg\",\"datePublished\":\"2023-11-03T17:35:43+00:00\",\"dateModified\":\"2023-11-04T00:41:18+00:00\",\"breadcrumb\":{\"@id\":\"https:\\\/\\\/informelitoral.com.ar\\\/se-convocara-a-los-gremios-una-vez-que-se-conozca-la-inflacion-de-octubre\\\/#breadcrumb\"},\"inLanguage\":\"es\",\"potentialAction\":[{\"@type\":\"ReadAction\",\"target\":[\"https:\\\/\\\/informelitoral.com.ar\\\/se-convocara-a-los-gremios-una-vez-que-se-conozca-la-inflacion-de-octubre\\\/\"]}]},{\"@type\":\"ImageObject\",\"inLanguage\":\"es\",\"@id\":\"https:\\\/\\\/informelitoral.com.ar\\\/se-convocara-a-los-gremios-una-vez-que-se-conozca-la-inflacion-de-octubre\\\/#primaryimage\",\"url\":\"https:\\\/\\\/informelitoral.com.ar\\\/%77%70%2d%63%6f%6e%74%65%6e%74\\\/uploads\\\/2018\\\/12\\\/paritaria-estatal-e1544237241491.jpg\",\"contentUrl\":\"https:\\\/\\\/informelitoral.com.ar\\\/%77%70%2d%63%6f%6e%74%65%6e%74\\\/uploads\\\/2018\\\/12\\\/paritaria-estatal-e1544237241491.jpg\",\"width\":1490,\"height\":753},{\"@type\":\"BreadcrumbList\",\"@id\":\"https:\\\/\\\/informelitoral.com.ar\\\/se-convocara-a-los-gremios-una-vez-que-se-conozca-la-inflacion-de-octubre\\\/#breadcrumb\",\"itemListElement\":[{\"@type\":\"ListItem\",\"position\":1,\"name\":\"Portada\",\"item\":\"https:\\\/\\\/informelitoral.com.ar\\\/\"},{\"@type\":\"ListItem\",\"position\":2,\"name\":\"Se convocar\u00e1 a los gremios una vez que se conozca la inflaci\u00f3n de octubre\"}]},{\"@type\":\"WebSite\",\"@id\":\"https:\\\/\\\/informelitoral.com.ar\\\/#website\",\"url\":\"https:\\\/\\\/informelitoral.com.ar\\\/\",\"name\":\"Informe Litoral\",\"description\":\"&quot;Nos informamos&quot; \",\"publisher\":{\"@id\":\"https:\\\/\\\/informelitoral.com.ar\\\/#organization\"},\"potentialAction\":[{\"@type\":\"SearchAction\",\"target\":{\"@type\":\"EntryPoint\",\"urlTemplate\":\"https:\\\/\\\/informelitoral.com.ar\\\/?s={search_term_string}\"},\"query-input\":{\"@type\":\"PropertyValueSpecification\",\"valueRequired\":true,\"valueName\":\"search_term_string\"}}],\"inLanguage\":\"es\"},{\"@type\":\"Organization\",\"@id\":\"https:\\\/\\\/informelitoral.com.ar\\\/#organization\",\"name\":\"Informe Litoral\",\"url\":\"https:\\\/\\\/informelitoral.com.ar\\\/\",\"logo\":{\"@type\":\"ImageObject\",\"inLanguage\":\"es\",\"@id\":\"https:\\\/\\\/informelitoral.com.ar\\\/#\\\/schema\\\/logo\\\/image\\\/\",\"url\":\"https:\\\/\\\/informelitoral.com.ar\\\/%77%70%2d%63%6f%6e%74%65%6e%74\\\/uploads\\\/2021\\\/01\\\/circulo.png\",\"contentUrl\":\"https:\\\/\\\/informelitoral.com.ar\\\/%77%70%2d%63%6f%6e%74%65%6e%74\\\/uploads\\\/2021\\\/01\\\/circulo.png\",\"width\":723,\"height\":731,\"caption\":\"Informe Litoral\"},\"image\":{\"@id\":\"https:\\\/\\\/informelitoral.com.ar\\\/#\\\/schema\\\/logo\\\/image\\\/\"},\"sameAs\":[\"https:\\\/\\\/www.facebook.com\\\/informelitoral\\\/\",\"https:\\\/\\\/x.com\\\/InformeLitoral\",\"https:\\\/\\\/www.instagram.com\\\/informelitoral\\\/\",\"https:\\\/\\\/www.youtube.com\\\/channel\\\/UCua4Qvz8Icb6MYqhoq9xLXw\"]},{\"@type\":\"Person\",\"@id\":\"https:\\\/\\\/informelitoral.com.ar\\\/#\\\/schema\\\/person\\\/f05f9f461677119578717524b127d6d5\",\"name\":\"Sebastian\",\"image\":{\"@type\":\"ImageObject\",\"inLanguage\":\"es\",\"@id\":\"https:\\\/\\\/secure.gravatar.com\\\/avatar\\\/b71bf7481d447dfb9583c7f2798e7cc64de6efb9067b74633ed8c31059a3bd82?s=96&d=mm&r=g\",\"url\":\"https:\\\/\\\/secure.gravatar.com\\\/avatar\\\/b71bf7481d447dfb9583c7f2798e7cc64de6efb9067b74633ed8c31059a3bd82?s=96&d=mm&r=g\",\"contentUrl\":\"https:\\\/\\\/secure.gravatar.com\\\/avatar\\\/b71bf7481d447dfb9583c7f2798e7cc64de6efb9067b74633ed8c31059a3bd82?s=96&d=mm&r=g\",\"caption\":\"Sebastian\"},\"url\":\"https:\\\/\\\/informelitoral.com.ar\\\/author\\\/sebastian\\\/\"}]}<\/script>","yoast_head_json":{"title":"Se convocar\u00e1 a los gremios una vez que se conozca la inflaci\u00f3n de octubre - Informe Litoral","robots":{"index":"index","follow":"follow","max-snippet":"max-snippet:-1","max-image-preview":"max-image-preview:large","max-video-preview":"max-video-preview:-1"},"canonical":"https:\/\/informelitoral.com.ar\/se-convocara-a-los-gremios-una-vez-que-se-conozca-la-inflacion-de-octubre\/","og_locale":"es_ES","og_type":"article","og_title":"Se convocar\u00e1 a los gremios una vez que se conozca la inflaci\u00f3n de octubre - Informe Litoral","og_description":"El gobierno provincial propuso a los gremios docentes y estatales reunirse una vez conocida la inflaci\u00f3n de octubre. Actualmente, el aumento salarial de la provincia alcanza el 110 por ciento, frente a una inflaci\u00f3n de 103 por ciento. \u201cTomaremos decisiones con responsabilidad\u201d, expres\u00f3 Ballay.","og_url":"https:\/\/informelitoral.com.ar\/se-convocara-a-los-gremios-una-vez-que-se-conozca-la-inflacion-de-octubre\/","og_site_name":"Informe Litoral","article_publisher":"https:\/\/www.facebook.com\/informelitoral\/","article_published_time":"2023-11-03T17:35:43+00:00","article_modified_time":"2023-11-04T00:41:18+00:00","og_image":[{"width":1490,"height":753,"url":"https:\/\/informelitoral.com.ar\/%77%70%2d%63%6f%6e%74%65%6e%74\/uploads\/2018\/12\/paritaria-estatal-e1544237241491.jpg","type":"image\/jpeg"}],"author":"Sebastian","twitter_card":"summary_large_image","twitter_creator":"@InformeLitoral","twitter_site":"@InformeLitoral","twitter_misc":{"Escrito por":"Sebastian","Tiempo de lectura":"3 minutos"},"schema":{"@context":"https:\/\/schema.org","@graph":[{"@type":"Article","@id":"https:\/\/informelitoral.com.ar\/se-convocara-a-los-gremios-una-vez-que-se-conozca-la-inflacion-de-octubre\/#article","isPartOf":{"@id":"https:\/\/informelitoral.com.ar\/se-convocara-a-los-gremios-una-vez-que-se-conozca-la-inflacion-de-octubre\/"},"author":{"name":"Sebastian","@id":"https:\/\/informelitoral.com.ar\/#\/schema\/person\/f05f9f461677119578717524b127d6d5"},"headline":"Se convocar\u00e1 a los gremios una vez que se conozca la inflaci\u00f3n de octubre","datePublished":"2023-11-03T17:35:43+00:00","dateModified":"2023-11-04T00:41:18+00:00","mainEntityOfPage":{"@id":"https:\/\/informelitoral.com.ar\/se-convocara-a-los-gremios-una-vez-que-se-conozca-la-inflacion-de-octubre\/"},"wordCount":627,"commentCount":0,"publisher":{"@id":"https:\/\/informelitoral.com.ar\/#organization"},"image":{"@id":"https:\/\/informelitoral.com.ar\/se-convocara-a-los-gremios-una-vez-que-se-conozca-la-inflacion-de-octubre\/#primaryimage"},"thumbnailUrl":"https:\/\/informelitoral.com.ar\/%77%70%2d%63%6f%6e%74%65%6e%74\/uploads\/2018\/12\/paritaria-estatal-e1544237241491.jpg","keywords":["Estatales","Gremios docentes","Paritaria salarial"],"articleSection":["Entre R\u00edos"],"inLanguage":"es","potentialAction":[{"@type":"CommentAction","name":"Comment","target":["https:\/\/informelitoral.com.ar\/se-convocara-a-los-gremios-una-vez-que-se-conozca-la-inflacion-de-octubre\/#respond"]}]},{"@type":"WebPage","@id":"https:\/\/informelitoral.com.ar\/se-convocara-a-los-gremios-una-vez-que-se-conozca-la-inflacion-de-octubre\/","url":"https:\/\/informelitoral.com.ar\/se-convocara-a-los-gremios-una-vez-que-se-conozca-la-inflacion-de-octubre\/","name":"Se convocar\u00e1 a los gremios una vez que se conozca la inflaci\u00f3n de octubre - Informe Litoral","isPartOf":{"@id":"https:\/\/informelitoral.com.ar\/#website"},"primaryImageOfPage":{"@id":"https:\/\/informelitoral.com.ar\/se-convocara-a-los-gremios-una-vez-que-se-conozca-la-inflacion-de-octubre\/#primaryimage"},"image":{"@id":"https:\/\/informelitoral.com.ar\/se-convocara-a-los-gremios-una-vez-que-se-conozca-la-inflacion-de-octubre\/#primaryimage"},"thumbnailUrl":"https:\/\/informelitoral.com.ar\/%77%70%2d%63%6f%6e%74%65%6e%74\/uploads\/2018\/12\/paritaria-estatal-e1544237241491.jpg","datePublished":"2023-11-03T17:35:43+00:00","dateModified":"2023-11-04T00:41:18+00:00","breadcrumb":{"@id":"https:\/\/informelitoral.com.ar\/se-convocara-a-los-gremios-una-vez-que-se-conozca-la-inflacion-de-octubre\/#breadcrumb"},"inLanguage":"es","potentialAction":[{"@type":"ReadAction","target":["https:\/\/informelitoral.com.ar\/se-convocara-a-los-gremios-una-vez-que-se-conozca-la-inflacion-de-octubre\/"]}]},{"@type":"ImageObject","inLanguage":"es","@id":"https:\/\/informelitoral.com.ar\/se-convocara-a-los-gremios-una-vez-que-se-conozca-la-inflacion-de-octubre\/#primaryimage","url":"https:\/\/informelitoral.com.ar\/%77%70%2d%63%6f%6e%74%65%6e%74\/uploads\/2018\/12\/paritaria-estatal-e1544237241491.jpg","contentUrl":"https:\/\/informelitoral.com.ar\/%77%70%2d%63%6f%6e%74%65%6e%74\/uploads\/2018\/12\/paritaria-estatal-e1544237241491.jpg","width":1490,"height":753},{"@type":"BreadcrumbList","@id":"https:\/\/informelitoral.com.ar\/se-convocara-a-los-gremios-una-vez-que-se-conozca-la-inflacion-de-octubre\/#breadcrumb","itemListElement":[{"@type":"ListItem","position":1,"name":"Portada","item":"https:\/\/informelitoral.com.ar\/"},{"@type":"ListItem","position":2,"name":"Se convocar\u00e1 a los gremios una vez que se conozca la inflaci\u00f3n de octubre"}]},{"@type":"WebSite","@id":"https:\/\/informelitoral.com.ar\/#website","url":"https:\/\/informelitoral.com.ar\/","name":"Informe Litoral","description":"&quot;Nos informamos&quot; ","publisher":{"@id":"https:\/\/informelitoral.com.ar\/#organization"},"potentialAction":[{"@type":"SearchAction","target":{"@type":"EntryPoint","urlTemplate":"https:\/\/informelitoral.com.ar\/?s={search_term_string}"},"query-input":{"@type":"PropertyValueSpecification","valueRequired":true,"valueName":"search_term_string"}}],"inLanguage":"es"},{"@type":"Organization","@id":"https:\/\/informelitoral.com.ar\/#organization","name":"Informe Litoral","url":"https:\/\/informelitoral.com.ar\/","logo":{"@type":"ImageObject","inLanguage":"es","@id":"https:\/\/informelitoral.com.ar\/#\/schema\/logo\/image\/","url":"https:\/\/informelitoral.com.ar\/%77%70%2d%63%6f%6e%74%65%6e%74\/uploads\/2021\/01\/circulo.png","contentUrl":"https:\/\/informelitoral.com.ar\/%77%70%2d%63%6f%6e%74%65%6e%74\/uploads\/2021\/01\/circulo.png","width":723,"height":731,"caption":"Informe Litoral"},"image":{"@id":"https:\/\/informelitoral.com.ar\/#\/schema\/logo\/image\/"},"sameAs":["https:\/\/www.facebook.com\/informelitoral\/","https:\/\/x.com\/InformeLitoral","https:\/\/www.instagram.com\/informelitoral\/","https:\/\/www.youtube.com\/channel\/UCua4Qvz8Icb6MYqhoq9xLXw"]},{"@type":"Person","@id":"https:\/\/informelitoral.com.ar\/#\/schema\/person\/f05f9f461677119578717524b127d6d5","name":"Sebastian","image":{"@type":"ImageObject","inLanguage":"es","@id":"https:\/\/secure.gravatar.com\/avatar\/b71bf7481d447dfb9583c7f2798e7cc64de6efb9067b74633ed8c31059a3bd82?s=96&d=mm&r=g","url":"https:\/\/secure.gravatar.com\/avatar\/b71bf7481d447dfb9583c7f2798e7cc64de6efb9067b74633ed8c31059a3bd82?s=96&d=mm&r=g","contentUrl":"https:\/\/secure.gravatar.com\/avatar\/b71bf7481d447dfb9583c7f2798e7cc64de6efb9067b74633ed8c31059a3bd82?s=96&d=mm&r=g","caption":"Sebastian"},"url":"https:\/\/informelitoral.com.ar\/author\/sebastian\/"}]}},"_links":{"self":[{"href":"https:\/\/informelitoral.com.ar\/%77%70%2d%6a%73%6f%6e\/wp\/v2\/posts\/171754","targetHints":{"allow":["GET"]}}],"collection":[{"href":"https:\/\/informelitoral.com.ar\/%77%70%2d%6a%73%6f%6e\/wp\/v2\/posts"}],"about":[{"href":"https:\/\/informelitoral.com.ar\/%77%70%2d%6a%73%6f%6e\/wp\/v2\/types\/post"}],"author":[{"embeddable":true,"href":"https:\/\/informelitoral.com.ar\/%77%70%2d%6a%73%6f%6e\/wp\/v2\/users\/8"}],"replies":[{"embeddable":true,"href":"https:\/\/informelitoral.com.ar\/%77%70%2d%6a%73%6f%6e\/wp\/v2\/comments?post=171754"}],"version-history":[{"count":0,"href":"https:\/\/informelitoral.com.ar\/%77%70%2d%6a%73%6f%6e\/wp\/v2\/posts\/171754\/revisions"}],"wp:featuredmedia":[{"embeddable":true,"href":"https:\/\/informelitoral.com.ar\/%77%70%2d%6a%73%6f%6e\/wp\/v2\/media\/31017"}],"wp:attachment":[{"href":"https:\/\/informelitoral.com.ar\/%77%70%2d%6a%73%6f%6e\/wp\/v2\/media?parent=171754"}],"wp:term":[{"taxonomy":"category","embeddable":true,"href":"https:\/\/informelitoral.com.ar\/%77%70%2d%6a%73%6f%6e\/wp\/v2\/categories?post=171754"},{"taxonomy":"post_tag","embeddable":true,"href":"https:\/\/informelitoral.com.ar\/%77%70%2d%6a%73%6f%6e\/wp\/v2\/tags?post=171754"}],"curies":[{"name":"wp","href":"https:\/\/api.w.org\/{rel}","templated":true}]}}