{"id":171734,"date":"2023-11-03T08:23:05","date_gmt":"2023-11-03T11:23:05","guid":{"rendered":"https:\/\/www.informelitoral.com.ar\/?p=171734"},"modified":"2023-11-03T21:43:17","modified_gmt":"2023-11-04T00:43:17","slug":"recortan-la-estimacion-de-produccion-de-trigo-en-800-000-toneladas","status":"publish","type":"post","link":"https:\/\/informelitoral.com.ar\/recortan-la-estimacion-de-produccion-de-trigo-en-800-000-toneladas\/","title":{"rendered":"Recortan la estimaci\u00f3n de producci\u00f3n de trigo en 800.000 toneladas"},"content":{"rendered":"<p>La Bolsa de Cereales de Buenos Aires recort\u00f3 la estimaci\u00f3n de producci\u00f3n de trigo en 800.000 toneladas respecto a su anterior proyecci\u00f3n, hasta las 15,4 millones de toneladas, como consecuencia del impacto de las heladas y la falta de lluvias que sufri\u00f3 el cultivo en las \u00faltimas semanas.<\/p>\n<p>Seg\u00fan la BCBA, el recorte se justifica debido a que \u00abpese a la llegada de las lluvias en las \u00faltimas semanas, el aporte de las mismas no logra compensar los da\u00f1os producidos por las heladas y por la sequ\u00eda que atraves\u00f3 el ciclo del cultivo durante los meses de invierno\u00bb.<\/p>\n<p>De esta manera, este nuevo guarismo queda 1,1 millones de toneladas por debajo de lo esperado al principio de la campa\u00f1a (16,5 millones de toneladas), pero 3,2 millones por encima de las 12,2 millones de toneladas obtenidas en el ciclo 2022\/23.<\/p>\n<p>No obstante, la Bolsa porte\u00f1a aclar\u00f3 que \u00abdado que varias zonas bajo an\u00e1lisis a\u00fan no terminan de evaluar los da\u00f1os producidos, sumado a que los pron\u00f3sticos alertar\u00edan nuevos eventos de bajas temperaturas, no se descartan futuros ajustes en las pr\u00f3ximas semanas\u00bb.<\/p>\n<p>A la fecha, la cosecha de trigo ya cubri\u00f3 el 9,3 % del \u00e1rea apta, con un rinde promedio nacional que se ubic\u00f3 en 11 quintales por hect\u00e1rea (qq\/ha), acumulando a la fecha una producci\u00f3n total nacional de 595.000 toneladas.<\/p>\n<p>En paralelo, la entidad burs\u00e1til tambi\u00e9n recort\u00f3 la estimaci\u00f3n de siembra de girasol en 100.000 hect\u00e1reas hasta las 1,85 millones de hect\u00e1reas ante \u00abla imposibilidad de cumplir con los planteos originales de siembra por la falta de humedad en el centro y norte del \u00e1rea agr\u00edcola y las bajas temperaturas que demoraron las labores en el sur, lo cual desincentiv\u00f3 a los productores a sembrar la oleaginosa\u00bb.<\/p>\n<p>\u00abA pesar de que la reactivaci\u00f3n de las lluvias aceler\u00f3 la entrada de las sembradoras, la mejora en la oferta h\u00eddrica del perfil inclina la decisi\u00f3n de siembra hacia otros cultivos de gruesa\u00bb, indic\u00f3 el informe. En consecuencia, la retracci\u00f3n de la intensi\u00f3n de siembra respecto a la campa\u00f1a anterior se ubic\u00f3 en el 21,3%.<\/p>\n<p>Por \u00faltimo, la siembra de ma\u00edz grano comercial registr\u00f3 un avance de solo 1,4 puntos porcentuales durante la semana y alcanz\u00f3 el 23,4% de las 7,3 millones de hect\u00e1reas estipuladas a nivel nacional.<\/p>\n","protected":false},"excerpt":{"rendered":"<p>Es como consecuencia del impacto de las heladas y la falta de lluvias que sufri\u00f3 el cultivo en las \u00faltimas semanas, seg\u00fan la estimaci\u00f3n de la Bolsa de Cereales de Buenos Aires.<\/p>\n","protected":false},"author":8,"featured_media":96020,"comment_status":"open","ping_status":"open","sticky":false,"template":"","format":"standard","meta":{"fifu_image_url":"","fifu_image_alt":"","footnotes":""},"categories":[10],"tags":[191,120,59,339],"class_list":{"0":"post-171734","1":"post","2":"type-post","3":"status-publish","4":"format-standard","5":"has-post-thumbnail","7":"category-campo","8":"tag-agricultura","9":"tag-produccion","10":"tag-sequia","11":"tag-trigo"},"yoast_head":"<title>Recortan la estimaci\u00f3n de producci\u00f3n de trigo en 800.000 toneladas - Informe Litoral<\/title>\n<meta name=\"robots\" content=\"index, follow, max-snippet:-1, max-image-preview:large, max-video-preview:-1\" \/>\n<link rel=\"canonical\" href=\"https:\/\/informelitoral.com.ar\/recortan-la-estimacion-de-produccion-de-trigo-en-800-000-toneladas\/\" \/>\n<meta property=\"og:locale\" content=\"es_ES\" \/>\n<meta property=\"og:type\" content=\"article\" \/>\n<meta property=\"og:title\" content=\"Recortan la estimaci\u00f3n de producci\u00f3n de trigo en 800.000 toneladas - Informe Litoral\" \/>\n<meta property=\"og:description\" content=\"Es como consecuencia del impacto de las heladas y la falta de lluvias que sufri\u00f3 el cultivo en las \u00faltimas semanas, seg\u00fan la estimaci\u00f3n de la Bolsa de Cereales de Buenos Aires.\" \/>\n<meta property=\"og:url\" content=\"https:\/\/informelitoral.com.ar\/recortan-la-estimacion-de-produccion-de-trigo-en-800-000-toneladas\/\" \/>\n<meta property=\"og:site_name\" content=\"Informe Litoral\" \/>\n<meta property=\"article:publisher\" content=\"https:\/\/www.facebook.com\/informelitoral\/\" \/>\n<meta property=\"article:published_time\" content=\"2023-11-03T11:23:05+00:00\" \/>\n<meta property=\"article:modified_time\" content=\"2023-11-04T00:43:17+00:00\" \/>\n<meta property=\"og:image\" content=\"https:\/\/informelitoral.com.ar\/%77%70%2d%63%6f%6e%74%65%6e%74\/uploads\/2022\/11\/trigo-1.jpg\" \/>\n\t<meta property=\"og:image:width\" content=\"599\" \/>\n\t<meta property=\"og:image:height\" content=\"397\" \/>\n\t<meta property=\"og:image:type\" content=\"image\/jpeg\" \/>\n<meta name=\"author\" content=\"Sebastian\" \/>\n<meta name=\"twitter:card\" content=\"summary_large_image\" \/>\n<meta name=\"twitter:creator\" content=\"@InformeLitoral\" \/>\n<meta name=\"twitter:site\" content=\"@InformeLitoral\" \/>\n<meta name=\"twitter:label1\" content=\"Escrito por\" \/>\n\t<meta name=\"twitter:data1\" content=\"Sebastian\" \/>\n\t<meta name=\"twitter:label2\" content=\"Tiempo de lectura\" \/>\n\t<meta name=\"twitter:data2\" content=\"2 minutos\" \/>\n<script type=\"application\/ld+json\" class=\"yoast-schema-graph\">{\"@context\":\"https:\\\/\\\/schema.org\",\"@graph\":[{\"@type\":\"Article\",\"@id\":\"https:\\\/\\\/informelitoral.com.ar\\\/recortan-la-estimacion-de-produccion-de-trigo-en-800-000-toneladas\\\/#article\",\"isPartOf\":{\"@id\":\"https:\\\/\\\/informelitoral.com.ar\\\/recortan-la-estimacion-de-produccion-de-trigo-en-800-000-toneladas\\\/\"},\"author\":{\"name\":\"Sebastian\",\"@id\":\"https:\\\/\\\/informelitoral.com.ar\\\/#\\\/schema\\\/person\\\/f05f9f461677119578717524b127d6d5\"},\"headline\":\"Recortan la estimaci\u00f3n de producci\u00f3n de trigo en 800.000 toneladas\",\"datePublished\":\"2023-11-03T11:23:05+00:00\",\"dateModified\":\"2023-11-04T00:43:17+00:00\",\"mainEntityOfPage\":{\"@id\":\"https:\\\/\\\/informelitoral.com.ar\\\/recortan-la-estimacion-de-produccion-de-trigo-en-800-000-toneladas\\\/\"},\"wordCount\":400,\"commentCount\":0,\"publisher\":{\"@id\":\"https:\\\/\\\/informelitoral.com.ar\\\/#organization\"},\"image\":{\"@id\":\"https:\\\/\\\/informelitoral.com.ar\\\/recortan-la-estimacion-de-produccion-de-trigo-en-800-000-toneladas\\\/#primaryimage\"},\"thumbnailUrl\":\"https:\\\/\\\/informelitoral.com.ar\\\/%77%70%2d%63%6f%6e%74%65%6e%74\\\/uploads\\\/2022\\\/11\\\/trigo-1.jpg\",\"keywords\":[\"Agricultura\",\"Producci\u00f3n\",\"Sequ\u00eda\",\"Trigo\"],\"articleSection\":[\"Campo\"],\"inLanguage\":\"es\",\"potentialAction\":[{\"@type\":\"CommentAction\",\"name\":\"Comment\",\"target\":[\"https:\\\/\\\/informelitoral.com.ar\\\/recortan-la-estimacion-de-produccion-de-trigo-en-800-000-toneladas\\\/#respond\"]}]},{\"@type\":\"WebPage\",\"@id\":\"https:\\\/\\\/informelitoral.com.ar\\\/recortan-la-estimacion-de-produccion-de-trigo-en-800-000-toneladas\\\/\",\"url\":\"https:\\\/\\\/informelitoral.com.ar\\\/recortan-la-estimacion-de-produccion-de-trigo-en-800-000-toneladas\\\/\",\"name\":\"Recortan la estimaci\u00f3n de producci\u00f3n de trigo en 800.000 toneladas - Informe Litoral\",\"isPartOf\":{\"@id\":\"https:\\\/\\\/informelitoral.com.ar\\\/#website\"},\"primaryImageOfPage\":{\"@id\":\"https:\\\/\\\/informelitoral.com.ar\\\/recortan-la-estimacion-de-produccion-de-trigo-en-800-000-toneladas\\\/#primaryimage\"},\"image\":{\"@id\":\"https:\\\/\\\/informelitoral.com.ar\\\/recortan-la-estimacion-de-produccion-de-trigo-en-800-000-toneladas\\\/#primaryimage\"},\"thumbnailUrl\":\"https:\\\/\\\/informelitoral.com.ar\\\/%77%70%2d%63%6f%6e%74%65%6e%74\\\/uploads\\\/2022\\\/11\\\/trigo-1.jpg\",\"datePublished\":\"2023-11-03T11:23:05+00:00\",\"dateModified\":\"2023-11-04T00:43:17+00:00\",\"breadcrumb\":{\"@id\":\"https:\\\/\\\/informelitoral.com.ar\\\/recortan-la-estimacion-de-produccion-de-trigo-en-800-000-toneladas\\\/#breadcrumb\"},\"inLanguage\":\"es\",\"potentialAction\":[{\"@type\":\"ReadAction\",\"target\":[\"https:\\\/\\\/informelitoral.com.ar\\\/recortan-la-estimacion-de-produccion-de-trigo-en-800-000-toneladas\\\/\"]}]},{\"@type\":\"ImageObject\",\"inLanguage\":\"es\",\"@id\":\"https:\\\/\\\/informelitoral.com.ar\\\/recortan-la-estimacion-de-produccion-de-trigo-en-800-000-toneladas\\\/#primaryimage\",\"url\":\"https:\\\/\\\/informelitoral.com.ar\\\/%77%70%2d%63%6f%6e%74%65%6e%74\\\/uploads\\\/2022\\\/11\\\/trigo-1.jpg\",\"contentUrl\":\"https:\\\/\\\/informelitoral.com.ar\\\/%77%70%2d%63%6f%6e%74%65%6e%74\\\/uploads\\\/2022\\\/11\\\/trigo-1.jpg\",\"width\":599,\"height\":397},{\"@type\":\"BreadcrumbList\",\"@id\":\"https:\\\/\\\/informelitoral.com.ar\\\/recortan-la-estimacion-de-produccion-de-trigo-en-800-000-toneladas\\\/#breadcrumb\",\"itemListElement\":[{\"@type\":\"ListItem\",\"position\":1,\"name\":\"Portada\",\"item\":\"https:\\\/\\\/informelitoral.com.ar\\\/\"},{\"@type\":\"ListItem\",\"position\":2,\"name\":\"Recortan la estimaci\u00f3n de producci\u00f3n de trigo en 800.000 toneladas\"}]},{\"@type\":\"WebSite\",\"@id\":\"https:\\\/\\\/informelitoral.com.ar\\\/#website\",\"url\":\"https:\\\/\\\/informelitoral.com.ar\\\/\",\"name\":\"Informe Litoral\",\"description\":\"&quot;Nos informamos&quot; \",\"publisher\":{\"@id\":\"https:\\\/\\\/informelitoral.com.ar\\\/#organization\"},\"potentialAction\":[{\"@type\":\"SearchAction\",\"target\":{\"@type\":\"EntryPoint\",\"urlTemplate\":\"https:\\\/\\\/informelitoral.com.ar\\\/?s={search_term_string}\"},\"query-input\":{\"@type\":\"PropertyValueSpecification\",\"valueRequired\":true,\"valueName\":\"search_term_string\"}}],\"inLanguage\":\"es\"},{\"@type\":\"Organization\",\"@id\":\"https:\\\/\\\/informelitoral.com.ar\\\/#organization\",\"name\":\"Informe Litoral\",\"url\":\"https:\\\/\\\/informelitoral.com.ar\\\/\",\"logo\":{\"@type\":\"ImageObject\",\"inLanguage\":\"es\",\"@id\":\"https:\\\/\\\/informelitoral.com.ar\\\/#\\\/schema\\\/logo\\\/image\\\/\",\"url\":\"https:\\\/\\\/informelitoral.com.ar\\\/%77%70%2d%63%6f%6e%74%65%6e%74\\\/uploads\\\/2021\\\/01\\\/circulo.png\",\"contentUrl\":\"https:\\\/\\\/informelitoral.com.ar\\\/%77%70%2d%63%6f%6e%74%65%6e%74\\\/uploads\\\/2021\\\/01\\\/circulo.png\",\"width\":723,\"height\":731,\"caption\":\"Informe Litoral\"},\"image\":{\"@id\":\"https:\\\/\\\/informelitoral.com.ar\\\/#\\\/schema\\\/logo\\\/image\\\/\"},\"sameAs\":[\"https:\\\/\\\/www.facebook.com\\\/informelitoral\\\/\",\"https:\\\/\\\/x.com\\\/InformeLitoral\",\"https:\\\/\\\/www.instagram.com\\\/informelitoral\\\/\",\"https:\\\/\\\/www.youtube.com\\\/channel\\\/UCua4Qvz8Icb6MYqhoq9xLXw\"]},{\"@type\":\"Person\",\"@id\":\"https:\\\/\\\/informelitoral.com.ar\\\/#\\\/schema\\\/person\\\/f05f9f461677119578717524b127d6d5\",\"name\":\"Sebastian\",\"image\":{\"@type\":\"ImageObject\",\"inLanguage\":\"es\",\"@id\":\"https:\\\/\\\/secure.gravatar.com\\\/avatar\\\/b71bf7481d447dfb9583c7f2798e7cc64de6efb9067b74633ed8c31059a3bd82?s=96&d=mm&r=g\",\"url\":\"https:\\\/\\\/secure.gravatar.com\\\/avatar\\\/b71bf7481d447dfb9583c7f2798e7cc64de6efb9067b74633ed8c31059a3bd82?s=96&d=mm&r=g\",\"contentUrl\":\"https:\\\/\\\/secure.gravatar.com\\\/avatar\\\/b71bf7481d447dfb9583c7f2798e7cc64de6efb9067b74633ed8c31059a3bd82?s=96&d=mm&r=g\",\"caption\":\"Sebastian\"},\"url\":\"https:\\\/\\\/informelitoral.com.ar\\\/author\\\/sebastian\\\/\"}]}<\/script>","yoast_head_json":{"title":"Recortan la estimaci\u00f3n de producci\u00f3n de trigo en 800.000 toneladas - Informe Litoral","robots":{"index":"index","follow":"follow","max-snippet":"max-snippet:-1","max-image-preview":"max-image-preview:large","max-video-preview":"max-video-preview:-1"},"canonical":"https:\/\/informelitoral.com.ar\/recortan-la-estimacion-de-produccion-de-trigo-en-800-000-toneladas\/","og_locale":"es_ES","og_type":"article","og_title":"Recortan la estimaci\u00f3n de producci\u00f3n de trigo en 800.000 toneladas - Informe Litoral","og_description":"Es como consecuencia del impacto de las heladas y la falta de lluvias que sufri\u00f3 el cultivo en las \u00faltimas semanas, seg\u00fan la estimaci\u00f3n de la Bolsa de Cereales de Buenos Aires.","og_url":"https:\/\/informelitoral.com.ar\/recortan-la-estimacion-de-produccion-de-trigo-en-800-000-toneladas\/","og_site_name":"Informe Litoral","article_publisher":"https:\/\/www.facebook.com\/informelitoral\/","article_published_time":"2023-11-03T11:23:05+00:00","article_modified_time":"2023-11-04T00:43:17+00:00","og_image":[{"width":599,"height":397,"url":"https:\/\/informelitoral.com.ar\/%77%70%2d%63%6f%6e%74%65%6e%74\/uploads\/2022\/11\/trigo-1.jpg","type":"image\/jpeg"}],"author":"Sebastian","twitter_card":"summary_large_image","twitter_creator":"@InformeLitoral","twitter_site":"@InformeLitoral","twitter_misc":{"Escrito por":"Sebastian","Tiempo de lectura":"2 minutos"},"schema":{"@context":"https:\/\/schema.org","@graph":[{"@type":"Article","@id":"https:\/\/informelitoral.com.ar\/recortan-la-estimacion-de-produccion-de-trigo-en-800-000-toneladas\/#article","isPartOf":{"@id":"https:\/\/informelitoral.com.ar\/recortan-la-estimacion-de-produccion-de-trigo-en-800-000-toneladas\/"},"author":{"name":"Sebastian","@id":"https:\/\/informelitoral.com.ar\/#\/schema\/person\/f05f9f461677119578717524b127d6d5"},"headline":"Recortan la estimaci\u00f3n de producci\u00f3n de trigo en 800.000 toneladas","datePublished":"2023-11-03T11:23:05+00:00","dateModified":"2023-11-04T00:43:17+00:00","mainEntityOfPage":{"@id":"https:\/\/informelitoral.com.ar\/recortan-la-estimacion-de-produccion-de-trigo-en-800-000-toneladas\/"},"wordCount":400,"commentCount":0,"publisher":{"@id":"https:\/\/informelitoral.com.ar\/#organization"},"image":{"@id":"https:\/\/informelitoral.com.ar\/recortan-la-estimacion-de-produccion-de-trigo-en-800-000-toneladas\/#primaryimage"},"thumbnailUrl":"https:\/\/informelitoral.com.ar\/%77%70%2d%63%6f%6e%74%65%6e%74\/uploads\/2022\/11\/trigo-1.jpg","keywords":["Agricultura","Producci\u00f3n","Sequ\u00eda","Trigo"],"articleSection":["Campo"],"inLanguage":"es","potentialAction":[{"@type":"CommentAction","name":"Comment","target":["https:\/\/informelitoral.com.ar\/recortan-la-estimacion-de-produccion-de-trigo-en-800-000-toneladas\/#respond"]}]},{"@type":"WebPage","@id":"https:\/\/informelitoral.com.ar\/recortan-la-estimacion-de-produccion-de-trigo-en-800-000-toneladas\/","url":"https:\/\/informelitoral.com.ar\/recortan-la-estimacion-de-produccion-de-trigo-en-800-000-toneladas\/","name":"Recortan la estimaci\u00f3n de producci\u00f3n de trigo en 800.000 toneladas - Informe Litoral","isPartOf":{"@id":"https:\/\/informelitoral.com.ar\/#website"},"primaryImageOfPage":{"@id":"https:\/\/informelitoral.com.ar\/recortan-la-estimacion-de-produccion-de-trigo-en-800-000-toneladas\/#primaryimage"},"image":{"@id":"https:\/\/informelitoral.com.ar\/recortan-la-estimacion-de-produccion-de-trigo-en-800-000-toneladas\/#primaryimage"},"thumbnailUrl":"https:\/\/informelitoral.com.ar\/%77%70%2d%63%6f%6e%74%65%6e%74\/uploads\/2022\/11\/trigo-1.jpg","datePublished":"2023-11-03T11:23:05+00:00","dateModified":"2023-11-04T00:43:17+00:00","breadcrumb":{"@id":"https:\/\/informelitoral.com.ar\/recortan-la-estimacion-de-produccion-de-trigo-en-800-000-toneladas\/#breadcrumb"},"inLanguage":"es","potentialAction":[{"@type":"ReadAction","target":["https:\/\/informelitoral.com.ar\/recortan-la-estimacion-de-produccion-de-trigo-en-800-000-toneladas\/"]}]},{"@type":"ImageObject","inLanguage":"es","@id":"https:\/\/informelitoral.com.ar\/recortan-la-estimacion-de-produccion-de-trigo-en-800-000-toneladas\/#primaryimage","url":"https:\/\/informelitoral.com.ar\/%77%70%2d%63%6f%6e%74%65%6e%74\/uploads\/2022\/11\/trigo-1.jpg","contentUrl":"https:\/\/informelitoral.com.ar\/%77%70%2d%63%6f%6e%74%65%6e%74\/uploads\/2022\/11\/trigo-1.jpg","width":599,"height":397},{"@type":"BreadcrumbList","@id":"https:\/\/informelitoral.com.ar\/recortan-la-estimacion-de-produccion-de-trigo-en-800-000-toneladas\/#breadcrumb","itemListElement":[{"@type":"ListItem","position":1,"name":"Portada","item":"https:\/\/informelitoral.com.ar\/"},{"@type":"ListItem","position":2,"name":"Recortan la estimaci\u00f3n de producci\u00f3n de trigo en 800.000 toneladas"}]},{"@type":"WebSite","@id":"https:\/\/informelitoral.com.ar\/#website","url":"https:\/\/informelitoral.com.ar\/","name":"Informe Litoral","description":"&quot;Nos informamos&quot; ","publisher":{"@id":"https:\/\/informelitoral.com.ar\/#organization"},"potentialAction":[{"@type":"SearchAction","target":{"@type":"EntryPoint","urlTemplate":"https:\/\/informelitoral.com.ar\/?s={search_term_string}"},"query-input":{"@type":"PropertyValueSpecification","valueRequired":true,"valueName":"search_term_string"}}],"inLanguage":"es"},{"@type":"Organization","@id":"https:\/\/informelitoral.com.ar\/#organization","name":"Informe Litoral","url":"https:\/\/informelitoral.com.ar\/","logo":{"@type":"ImageObject","inLanguage":"es","@id":"https:\/\/informelitoral.com.ar\/#\/schema\/logo\/image\/","url":"https:\/\/informelitoral.com.ar\/%77%70%2d%63%6f%6e%74%65%6e%74\/uploads\/2021\/01\/circulo.png","contentUrl":"https:\/\/informelitoral.com.ar\/%77%70%2d%63%6f%6e%74%65%6e%74\/uploads\/2021\/01\/circulo.png","width":723,"height":731,"caption":"Informe Litoral"},"image":{"@id":"https:\/\/informelitoral.com.ar\/#\/schema\/logo\/image\/"},"sameAs":["https:\/\/www.facebook.com\/informelitoral\/","https:\/\/x.com\/InformeLitoral","https:\/\/www.instagram.com\/informelitoral\/","https:\/\/www.youtube.com\/channel\/UCua4Qvz8Icb6MYqhoq9xLXw"]},{"@type":"Person","@id":"https:\/\/informelitoral.com.ar\/#\/schema\/person\/f05f9f461677119578717524b127d6d5","name":"Sebastian","image":{"@type":"ImageObject","inLanguage":"es","@id":"https:\/\/secure.gravatar.com\/avatar\/b71bf7481d447dfb9583c7f2798e7cc64de6efb9067b74633ed8c31059a3bd82?s=96&d=mm&r=g","url":"https:\/\/secure.gravatar.com\/avatar\/b71bf7481d447dfb9583c7f2798e7cc64de6efb9067b74633ed8c31059a3bd82?s=96&d=mm&r=g","contentUrl":"https:\/\/secure.gravatar.com\/avatar\/b71bf7481d447dfb9583c7f2798e7cc64de6efb9067b74633ed8c31059a3bd82?s=96&d=mm&r=g","caption":"Sebastian"},"url":"https:\/\/informelitoral.com.ar\/author\/sebastian\/"}]}},"_links":{"self":[{"href":"https:\/\/informelitoral.com.ar\/%77%70%2d%6a%73%6f%6e\/wp\/v2\/posts\/171734","targetHints":{"allow":["GET"]}}],"collection":[{"href":"https:\/\/informelitoral.com.ar\/%77%70%2d%6a%73%6f%6e\/wp\/v2\/posts"}],"about":[{"href":"https:\/\/informelitoral.com.ar\/%77%70%2d%6a%73%6f%6e\/wp\/v2\/types\/post"}],"author":[{"embeddable":true,"href":"https:\/\/informelitoral.com.ar\/%77%70%2d%6a%73%6f%6e\/wp\/v2\/users\/8"}],"replies":[{"embeddable":true,"href":"https:\/\/informelitoral.com.ar\/%77%70%2d%6a%73%6f%6e\/wp\/v2\/comments?post=171734"}],"version-history":[{"count":0,"href":"https:\/\/informelitoral.com.ar\/%77%70%2d%6a%73%6f%6e\/wp\/v2\/posts\/171734\/revisions"}],"wp:featuredmedia":[{"embeddable":true,"href":"https:\/\/informelitoral.com.ar\/%77%70%2d%6a%73%6f%6e\/wp\/v2\/media\/96020"}],"wp:attachment":[{"href":"https:\/\/informelitoral.com.ar\/%77%70%2d%6a%73%6f%6e\/wp\/v2\/media?parent=171734"}],"wp:term":[{"taxonomy":"category","embeddable":true,"href":"https:\/\/informelitoral.com.ar\/%77%70%2d%6a%73%6f%6e\/wp\/v2\/categories?post=171734"},{"taxonomy":"post_tag","embeddable":true,"href":"https:\/\/informelitoral.com.ar\/%77%70%2d%6a%73%6f%6e\/wp\/v2\/tags?post=171734"}],"curies":[{"name":"wp","href":"https:\/\/api.w.org\/{rel}","templated":true}]}}