{"id":17169,"date":"2016-07-14T17:07:06","date_gmt":"2016-07-14T20:07:06","guid":{"rendered":"http:\/\/www.isletasnoticias.com.ar\/?p=17169"},"modified":"2016-07-14T17:10:38","modified_gmt":"2016-07-14T20:10:38","slug":"malezas-con-resistencias-multiples-el-verdadero-cuco-de-los-cultivos","status":"publish","type":"post","link":"https:\/\/informelitoral.com.ar\/malezas-con-resistencias-multiples-el-verdadero-cuco-de-los-cultivos\/","title":{"rendered":"Malezas con resistencias m\u00faltiples: El verdadero cuco de los cultivos"},"content":{"rendered":"<p><strong>Seg\u00fan <em>Patricia Diez de Ulzurrun<\/em> \u201cdesde 2010 a la fecha el n\u00famero de malezas con resistencia m\u00faltiple a aumentado considerablemente y requieren d\u00eda a d\u00eda tratamientos especializados y que var\u00edan dependiendo de la zona\u201d.<a href=\"http:\/\/www.isletasnoticias.com.ar\/%77%70%2d%63%6f%6e%74%65%6e%74\/uploads\/2016\/07\/malezas.jpg\"><img loading=\"lazy\" decoding=\"async\" class=\"aligncenter wp-image-17170 size-full\" src=\"http:\/\/www.isletasnoticias.com.ar\/%77%70%2d%63%6f%6e%74%65%6e%74\/uploads\/2016\/07\/malezas.jpg\" alt=\"malezas\" width=\"631\" height=\"280\" srcset=\"https:\/\/informelitoral.com.ar\/%77%70%2d%63%6f%6e%74%65%6e%74\/uploads\/2016\/07\/malezas.jpg 631w, https:\/\/informelitoral.com.ar\/%77%70%2d%63%6f%6e%74%65%6e%74\/uploads\/2016\/07\/malezas-300x133.jpg 300w\" sizes=\"auto, (max-width: 631px) 100vw, 631px\" \/><\/a><\/strong><\/p>\n<p>En el marco del Simposio Nacional de Girasol, organizado por Asagir y que se llev\u00f3 a cabo en Tandil, la especialista <strong>Patricia Diez de Ulzurrun<\/strong> disert\u00f3 sobre la resistencia de las malezas, y explic\u00f3 por qu\u00e9 amenazan fuertemente a los cultivos.<\/p>\n<p>\u201cLas poblaciones de malezas tienen una alta diversidad gen\u00e9ticas, lo que genera que muten constantemente y al azar. Muy distinto a los cultivos como el girasol, que tiene una definida configuraci\u00f3n gen\u00e9tica\u201d, detall\u00f3.<\/p>\n<p>Y continu\u00f3: \u201cHablamos de resistencia cuando vemos que hay plantas controladas al lado de otra que no lo est\u00e1n, o sea que no hubo ning\u00fan fallo en la aplicaci\u00f3n. La resistencia esta en el campo, con lo cual hay que seleccionarla, detectarla y atacarla\u201d.<\/p>\n<p>\u201cDesde el 2010 se hacen desarrollado una incontable diversidad de biotipos resistentes que comenzaron a aparecer con resistencias m\u00faltiples (una misma poblaci\u00f3n que resiste a diferentes modos de acci\u00f3n). A nivel pa\u00eds, la zona centro y el sur de Buenos Aires son las m\u00e1s afectadas\u201d, indic\u00f3 Diez de Ulzurrum.<\/p>\n<p>Y se\u00f1al\u00f3 que \u201clas de resistencia m\u00faltiple requiere por lo menos tres aplicaciones, cuando antes control\u00e1bamos la planta con una sola. No alcanza con Merit, Axial, Select, glifosato o Hussar plus; sino que hay que combinarlos\u201d.<\/p>\n<p><strong>Mecanismo de resistencia y las m\u00e1s problem\u00e1ticas<\/strong><\/p>\n<p>\u201cLa planta efect\u00faa dos tipos de mecanismos de resistencia para seguir viviendo, y eliminar el efecto fitot\u00f3xico del herbicida. Por <em>Target<\/em>, cambia el sitio de acci\u00f3n del herbicida, y el <em>No Target<\/em>, no llega el herbicida al sitio activo.<\/p>\n<p>Seg\u00fan la especialista, las malezas con resistencias m\u00faltiples que mayor problema est\u00e1n generando en el sur bonaerense son la raigr\u00e1s, avena fatua, nab\u00f3n y nabo.<\/p>\n<p>\u201cLa raigr\u00e1s comenz\u00f3 a hacerse resistente al glifosato en 2008 y se extendi\u00f3 por toda la provincia. Hoy ya lleg\u00f3 a C\u00f3rdoba y Entre R\u00edos\u201d, explic\u00f3.<\/p>\n<p>Para el caso de la avena fatua, Patricia dijo que \u201cel primer pico de crecimiento de esta maleza se da a mediados de marzo y de abril. Lo m\u00e1s normal para atacarla es usar mezclas de glifosato con gran y con doble golpe dentro de los diez d\u00edas\u201d, pero aclar\u00f3 adem\u00e1s que la efectividad de esto \u201cdepende mucho del manejo previo que ha tenido ese campo\u201d.<\/p>\n<p>\u201cEl Nab\u00f3n apareci\u00f3 en Balcarce y ya se desparramo por todo el sur de buenos aires. Por ahora est\u00e1 controlado en esa zona nada m\u00e1s, pero est\u00e1 generando p\u00e9rdidas importantes\u201d, puntaliz\u00f3.<\/p>\n<p>Y para el caso del Nabo, inform\u00f3 que \u201cen las \u00faltimas dos campa\u00f1a han aparecido mucho en soja. Resiste al glifosato e inhibidores de ALS. Se encontraron casos en el sur de Buenos Aires, y en una porci\u00f3n peque\u00f1a de Santa Fe y C\u00f3rdoba\u201d.<\/p>\n<p><strong>Recomendaciones\u00a0<\/strong><\/p>\n<p>\u201cUsar dosis de marbete de acuerdo al estadio de la maleza y no subdosificar. Desde el punto de vista qu\u00edmico podemos mejorar o retardar la resistencia con mezclas, no solo activos. Rotar los modos de acci\u00f3n en el ambiente y rotar cultivos\u201d, asegur\u00f3 Patricia.<\/p>\n<p>Y finaliz\u00f3: \u201cEl doble golpe fue muy usada para rama negra entrando a plantas de gran kilaje. As\u00ed que puede ser un m\u00e9todo para conseguir buenos resultados\u201d. <em>(Facundo Mesquida<\/em> para <em>Infocampo)<\/em><\/p>\n","protected":false},"excerpt":{"rendered":"<p>Seg&uacute;n Patricia Diez de Ulzurrun &ldquo;desde 2010 a la fecha el n&uacute;mero de malezas con resistencia m&uacute;ltiple a aumentado considerablemente y requieren d&iacute;a a d&iacute;a tratamientos especializados y que var&iacute;an dependiendo de la zona&rdquo;. En el marco del Simposio Nacional de Girasol, organizado por Asagir y que se llev&oacute; a cabo en Tandil, la especialista [&hellip;]<\/p>\n","protected":false},"author":2,"featured_media":0,"comment_status":"open","ping_status":"open","sticky":false,"template":"","format":"standard","meta":{"fifu_image_url":"","fifu_image_alt":"","footnotes":""},"categories":[10],"tags":[],"class_list":{"0":"post-17169","1":"post","2":"type-post","3":"status-publish","4":"format-standard","6":"category-campo"},"yoast_head":"<title>Malezas con resistencias m\u00faltiples: El verdadero cuco de los cultivos - Informe Litoral<\/title>\n<meta name=\"robots\" content=\"index, follow, max-snippet:-1, max-image-preview:large, max-video-preview:-1\" \/>\n<link rel=\"canonical\" href=\"https:\/\/informelitoral.com.ar\/malezas-con-resistencias-multiples-el-verdadero-cuco-de-los-cultivos\/\" \/>\n<meta property=\"og:locale\" content=\"es_ES\" \/>\n<meta property=\"og:type\" content=\"article\" \/>\n<meta property=\"og:title\" content=\"Malezas con resistencias m\u00faltiples: El verdadero cuco de los cultivos - Informe Litoral\" \/>\n<meta property=\"og:description\" content=\"Seg&uacute;n Patricia Diez de Ulzurrun &ldquo;desde 2010 a la fecha el n&uacute;mero de malezas con resistencia m&uacute;ltiple a aumentado considerablemente y requieren d&iacute;a a d&iacute;a tratamientos especializados y que var&iacute;an dependiendo de la zona&rdquo;. En el marco del Simposio Nacional de Girasol, organizado por Asagir y que se llev&oacute; a cabo en Tandil, la especialista [&hellip;]\" \/>\n<meta property=\"og:url\" content=\"https:\/\/informelitoral.com.ar\/malezas-con-resistencias-multiples-el-verdadero-cuco-de-los-cultivos\/\" \/>\n<meta property=\"og:site_name\" content=\"Informe Litoral\" \/>\n<meta property=\"article:publisher\" content=\"https:\/\/www.facebook.com\/informelitoral\/\" \/>\n<meta property=\"article:published_time\" content=\"2016-07-14T20:07:06+00:00\" \/>\n<meta property=\"article:modified_time\" content=\"2016-07-14T20:10:38+00:00\" \/>\n<meta property=\"og:image\" content=\"https:\/\/informelitoral.com.ar\/%77%70%2d%63%6f%6e%74%65%6e%74\/uploads\/2016\/07\/malezas.jpg\" \/>\n\t<meta property=\"og:image:width\" content=\"631\" \/>\n\t<meta property=\"og:image:height\" content=\"280\" \/>\n\t<meta property=\"og:image:type\" content=\"image\/jpeg\" \/>\n<meta name=\"author\" content=\"Gonzalo Schmidt\" \/>\n<meta name=\"twitter:card\" content=\"summary_large_image\" \/>\n<meta name=\"twitter:creator\" content=\"@InformeLitoral\" \/>\n<meta name=\"twitter:site\" content=\"@InformeLitoral\" \/>\n<meta name=\"twitter:label1\" content=\"Escrito por\" \/>\n\t<meta name=\"twitter:data1\" content=\"Gonzalo Schmidt\" \/>\n\t<meta name=\"twitter:label2\" content=\"Tiempo de lectura\" \/>\n\t<meta name=\"twitter:data2\" content=\"3 minutos\" \/>\n<script type=\"application\/ld+json\" class=\"yoast-schema-graph\">{\"@context\":\"https:\\\/\\\/schema.org\",\"@graph\":[{\"@type\":\"Article\",\"@id\":\"https:\\\/\\\/informelitoral.com.ar\\\/malezas-con-resistencias-multiples-el-verdadero-cuco-de-los-cultivos\\\/#article\",\"isPartOf\":{\"@id\":\"https:\\\/\\\/informelitoral.com.ar\\\/malezas-con-resistencias-multiples-el-verdadero-cuco-de-los-cultivos\\\/\"},\"author\":{\"name\":\"Gonzalo Schmidt\",\"@id\":\"https:\\\/\\\/informelitoral.com.ar\\\/#\\\/schema\\\/person\\\/b9d00407c836482871ef1d57bf8e3180\"},\"headline\":\"Malezas con resistencias m\u00faltiples: El verdadero cuco de los cultivos\",\"datePublished\":\"2016-07-14T20:07:06+00:00\",\"dateModified\":\"2016-07-14T20:10:38+00:00\",\"mainEntityOfPage\":{\"@id\":\"https:\\\/\\\/informelitoral.com.ar\\\/malezas-con-resistencias-multiples-el-verdadero-cuco-de-los-cultivos\\\/\"},\"wordCount\":605,\"commentCount\":0,\"publisher\":{\"@id\":\"https:\\\/\\\/informelitoral.com.ar\\\/#organization\"},\"image\":{\"@id\":\"https:\\\/\\\/informelitoral.com.ar\\\/malezas-con-resistencias-multiples-el-verdadero-cuco-de-los-cultivos\\\/#primaryimage\"},\"thumbnailUrl\":\"http:\\\/\\\/www.isletasnoticias.com.ar\\\/%77%70%2d%63%6f%6e%74%65%6e%74\\\/uploads\\\/2016\\\/07\\\/malezas.jpg\",\"articleSection\":[\"Campo\"],\"inLanguage\":\"es\",\"potentialAction\":[{\"@type\":\"CommentAction\",\"name\":\"Comment\",\"target\":[\"https:\\\/\\\/informelitoral.com.ar\\\/malezas-con-resistencias-multiples-el-verdadero-cuco-de-los-cultivos\\\/#respond\"]}]},{\"@type\":\"WebPage\",\"@id\":\"https:\\\/\\\/informelitoral.com.ar\\\/malezas-con-resistencias-multiples-el-verdadero-cuco-de-los-cultivos\\\/\",\"url\":\"https:\\\/\\\/informelitoral.com.ar\\\/malezas-con-resistencias-multiples-el-verdadero-cuco-de-los-cultivos\\\/\",\"name\":\"Malezas con resistencias m\u00faltiples: El verdadero cuco de los cultivos - Informe Litoral\",\"isPartOf\":{\"@id\":\"https:\\\/\\\/informelitoral.com.ar\\\/#website\"},\"primaryImageOfPage\":{\"@id\":\"https:\\\/\\\/informelitoral.com.ar\\\/malezas-con-resistencias-multiples-el-verdadero-cuco-de-los-cultivos\\\/#primaryimage\"},\"image\":{\"@id\":\"https:\\\/\\\/informelitoral.com.ar\\\/malezas-con-resistencias-multiples-el-verdadero-cuco-de-los-cultivos\\\/#primaryimage\"},\"thumbnailUrl\":\"http:\\\/\\\/www.isletasnoticias.com.ar\\\/%77%70%2d%63%6f%6e%74%65%6e%74\\\/uploads\\\/2016\\\/07\\\/malezas.jpg\",\"datePublished\":\"2016-07-14T20:07:06+00:00\",\"dateModified\":\"2016-07-14T20:10:38+00:00\",\"breadcrumb\":{\"@id\":\"https:\\\/\\\/informelitoral.com.ar\\\/malezas-con-resistencias-multiples-el-verdadero-cuco-de-los-cultivos\\\/#breadcrumb\"},\"inLanguage\":\"es\",\"potentialAction\":[{\"@type\":\"ReadAction\",\"target\":[\"https:\\\/\\\/informelitoral.com.ar\\\/malezas-con-resistencias-multiples-el-verdadero-cuco-de-los-cultivos\\\/\"]}]},{\"@type\":\"ImageObject\",\"inLanguage\":\"es\",\"@id\":\"https:\\\/\\\/informelitoral.com.ar\\\/malezas-con-resistencias-multiples-el-verdadero-cuco-de-los-cultivos\\\/#primaryimage\",\"url\":\"http:\\\/\\\/www.isletasnoticias.com.ar\\\/%77%70%2d%63%6f%6e%74%65%6e%74\\\/uploads\\\/2016\\\/07\\\/malezas.jpg\",\"contentUrl\":\"http:\\\/\\\/www.isletasnoticias.com.ar\\\/%77%70%2d%63%6f%6e%74%65%6e%74\\\/uploads\\\/2016\\\/07\\\/malezas.jpg\"},{\"@type\":\"BreadcrumbList\",\"@id\":\"https:\\\/\\\/informelitoral.com.ar\\\/malezas-con-resistencias-multiples-el-verdadero-cuco-de-los-cultivos\\\/#breadcrumb\",\"itemListElement\":[{\"@type\":\"ListItem\",\"position\":1,\"name\":\"Portada\",\"item\":\"https:\\\/\\\/informelitoral.com.ar\\\/\"},{\"@type\":\"ListItem\",\"position\":2,\"name\":\"Malezas con resistencias m\u00faltiples: El verdadero cuco de los cultivos\"}]},{\"@type\":\"WebSite\",\"@id\":\"https:\\\/\\\/informelitoral.com.ar\\\/#website\",\"url\":\"https:\\\/\\\/informelitoral.com.ar\\\/\",\"name\":\"Informe Litoral\",\"description\":\"&quot;Nos informamos&quot; \",\"publisher\":{\"@id\":\"https:\\\/\\\/informelitoral.com.ar\\\/#organization\"},\"potentialAction\":[{\"@type\":\"SearchAction\",\"target\":{\"@type\":\"EntryPoint\",\"urlTemplate\":\"https:\\\/\\\/informelitoral.com.ar\\\/?s={search_term_string}\"},\"query-input\":{\"@type\":\"PropertyValueSpecification\",\"valueRequired\":true,\"valueName\":\"search_term_string\"}}],\"inLanguage\":\"es\"},{\"@type\":\"Organization\",\"@id\":\"https:\\\/\\\/informelitoral.com.ar\\\/#organization\",\"name\":\"Informe Litoral\",\"url\":\"https:\\\/\\\/informelitoral.com.ar\\\/\",\"logo\":{\"@type\":\"ImageObject\",\"inLanguage\":\"es\",\"@id\":\"https:\\\/\\\/informelitoral.com.ar\\\/#\\\/schema\\\/logo\\\/image\\\/\",\"url\":\"https:\\\/\\\/informelitoral.com.ar\\\/%77%70%2d%63%6f%6e%74%65%6e%74\\\/uploads\\\/2021\\\/01\\\/circulo.png\",\"contentUrl\":\"https:\\\/\\\/informelitoral.com.ar\\\/%77%70%2d%63%6f%6e%74%65%6e%74\\\/uploads\\\/2021\\\/01\\\/circulo.png\",\"width\":723,\"height\":731,\"caption\":\"Informe Litoral\"},\"image\":{\"@id\":\"https:\\\/\\\/informelitoral.com.ar\\\/#\\\/schema\\\/logo\\\/image\\\/\"},\"sameAs\":[\"https:\\\/\\\/www.facebook.com\\\/informelitoral\\\/\",\"https:\\\/\\\/x.com\\\/InformeLitoral\",\"https:\\\/\\\/www.instagram.com\\\/informelitoral\\\/\",\"https:\\\/\\\/www.youtube.com\\\/channel\\\/UCua4Qvz8Icb6MYqhoq9xLXw\"]},{\"@type\":\"Person\",\"@id\":\"https:\\\/\\\/informelitoral.com.ar\\\/#\\\/schema\\\/person\\\/b9d00407c836482871ef1d57bf8e3180\",\"name\":\"Gonzalo Schmidt\",\"image\":{\"@type\":\"ImageObject\",\"inLanguage\":\"es\",\"@id\":\"https:\\\/\\\/secure.gravatar.com\\\/avatar\\\/31a1a7b66ff2de83bd0e9fd79d026630d2d99e55e8bfe501287647b4fd9743de?s=96&d=mm&r=g\",\"url\":\"https:\\\/\\\/secure.gravatar.com\\\/avatar\\\/31a1a7b66ff2de83bd0e9fd79d026630d2d99e55e8bfe501287647b4fd9743de?s=96&d=mm&r=g\",\"contentUrl\":\"https:\\\/\\\/secure.gravatar.com\\\/avatar\\\/31a1a7b66ff2de83bd0e9fd79d026630d2d99e55e8bfe501287647b4fd9743de?s=96&d=mm&r=g\",\"caption\":\"Gonzalo Schmidt\"},\"description\":\"Sitio web de noticias de la provincia de Entre R\u00edos, Argentina. Informaci\u00f3n y entretenimiento. Informe Litoral, nos informamos.\",\"sameAs\":[\"http:\\\/\\\/www.isletasnoticias.com.ar\"],\"url\":\"https:\\\/\\\/informelitoral.com.ar\\\/author\\\/gonzalo\\\/\"}]}<\/script>","yoast_head_json":{"title":"Malezas con resistencias m\u00faltiples: El verdadero cuco de los cultivos - Informe Litoral","robots":{"index":"index","follow":"follow","max-snippet":"max-snippet:-1","max-image-preview":"max-image-preview:large","max-video-preview":"max-video-preview:-1"},"canonical":"https:\/\/informelitoral.com.ar\/malezas-con-resistencias-multiples-el-verdadero-cuco-de-los-cultivos\/","og_locale":"es_ES","og_type":"article","og_title":"Malezas con resistencias m\u00faltiples: El verdadero cuco de los cultivos - Informe Litoral","og_description":"Seg&uacute;n Patricia Diez de Ulzurrun &ldquo;desde 2010 a la fecha el n&uacute;mero de malezas con resistencia m&uacute;ltiple a aumentado considerablemente y requieren d&iacute;a a d&iacute;a tratamientos especializados y que var&iacute;an dependiendo de la zona&rdquo;. En el marco del Simposio Nacional de Girasol, organizado por Asagir y que se llev&oacute; a cabo en Tandil, la especialista [&hellip;]","og_url":"https:\/\/informelitoral.com.ar\/malezas-con-resistencias-multiples-el-verdadero-cuco-de-los-cultivos\/","og_site_name":"Informe Litoral","article_publisher":"https:\/\/www.facebook.com\/informelitoral\/","article_published_time":"2016-07-14T20:07:06+00:00","article_modified_time":"2016-07-14T20:10:38+00:00","og_image":[{"width":631,"height":280,"url":"https:\/\/informelitoral.com.ar\/%77%70%2d%63%6f%6e%74%65%6e%74\/uploads\/2016\/07\/malezas.jpg","type":"image\/jpeg"}],"author":"Gonzalo Schmidt","twitter_card":"summary_large_image","twitter_creator":"@InformeLitoral","twitter_site":"@InformeLitoral","twitter_misc":{"Escrito por":"Gonzalo Schmidt","Tiempo de lectura":"3 minutos"},"schema":{"@context":"https:\/\/schema.org","@graph":[{"@type":"Article","@id":"https:\/\/informelitoral.com.ar\/malezas-con-resistencias-multiples-el-verdadero-cuco-de-los-cultivos\/#article","isPartOf":{"@id":"https:\/\/informelitoral.com.ar\/malezas-con-resistencias-multiples-el-verdadero-cuco-de-los-cultivos\/"},"author":{"name":"Gonzalo Schmidt","@id":"https:\/\/informelitoral.com.ar\/#\/schema\/person\/b9d00407c836482871ef1d57bf8e3180"},"headline":"Malezas con resistencias m\u00faltiples: El verdadero cuco de los cultivos","datePublished":"2016-07-14T20:07:06+00:00","dateModified":"2016-07-14T20:10:38+00:00","mainEntityOfPage":{"@id":"https:\/\/informelitoral.com.ar\/malezas-con-resistencias-multiples-el-verdadero-cuco-de-los-cultivos\/"},"wordCount":605,"commentCount":0,"publisher":{"@id":"https:\/\/informelitoral.com.ar\/#organization"},"image":{"@id":"https:\/\/informelitoral.com.ar\/malezas-con-resistencias-multiples-el-verdadero-cuco-de-los-cultivos\/#primaryimage"},"thumbnailUrl":"http:\/\/www.isletasnoticias.com.ar\/%77%70%2d%63%6f%6e%74%65%6e%74\/uploads\/2016\/07\/malezas.jpg","articleSection":["Campo"],"inLanguage":"es","potentialAction":[{"@type":"CommentAction","name":"Comment","target":["https:\/\/informelitoral.com.ar\/malezas-con-resistencias-multiples-el-verdadero-cuco-de-los-cultivos\/#respond"]}]},{"@type":"WebPage","@id":"https:\/\/informelitoral.com.ar\/malezas-con-resistencias-multiples-el-verdadero-cuco-de-los-cultivos\/","url":"https:\/\/informelitoral.com.ar\/malezas-con-resistencias-multiples-el-verdadero-cuco-de-los-cultivos\/","name":"Malezas con resistencias m\u00faltiples: El verdadero cuco de los cultivos - Informe Litoral","isPartOf":{"@id":"https:\/\/informelitoral.com.ar\/#website"},"primaryImageOfPage":{"@id":"https:\/\/informelitoral.com.ar\/malezas-con-resistencias-multiples-el-verdadero-cuco-de-los-cultivos\/#primaryimage"},"image":{"@id":"https:\/\/informelitoral.com.ar\/malezas-con-resistencias-multiples-el-verdadero-cuco-de-los-cultivos\/#primaryimage"},"thumbnailUrl":"http:\/\/www.isletasnoticias.com.ar\/%77%70%2d%63%6f%6e%74%65%6e%74\/uploads\/2016\/07\/malezas.jpg","datePublished":"2016-07-14T20:07:06+00:00","dateModified":"2016-07-14T20:10:38+00:00","breadcrumb":{"@id":"https:\/\/informelitoral.com.ar\/malezas-con-resistencias-multiples-el-verdadero-cuco-de-los-cultivos\/#breadcrumb"},"inLanguage":"es","potentialAction":[{"@type":"ReadAction","target":["https:\/\/informelitoral.com.ar\/malezas-con-resistencias-multiples-el-verdadero-cuco-de-los-cultivos\/"]}]},{"@type":"ImageObject","inLanguage":"es","@id":"https:\/\/informelitoral.com.ar\/malezas-con-resistencias-multiples-el-verdadero-cuco-de-los-cultivos\/#primaryimage","url":"http:\/\/www.isletasnoticias.com.ar\/%77%70%2d%63%6f%6e%74%65%6e%74\/uploads\/2016\/07\/malezas.jpg","contentUrl":"http:\/\/www.isletasnoticias.com.ar\/%77%70%2d%63%6f%6e%74%65%6e%74\/uploads\/2016\/07\/malezas.jpg"},{"@type":"BreadcrumbList","@id":"https:\/\/informelitoral.com.ar\/malezas-con-resistencias-multiples-el-verdadero-cuco-de-los-cultivos\/#breadcrumb","itemListElement":[{"@type":"ListItem","position":1,"name":"Portada","item":"https:\/\/informelitoral.com.ar\/"},{"@type":"ListItem","position":2,"name":"Malezas con resistencias m\u00faltiples: El verdadero cuco de los cultivos"}]},{"@type":"WebSite","@id":"https:\/\/informelitoral.com.ar\/#website","url":"https:\/\/informelitoral.com.ar\/","name":"Informe Litoral","description":"&quot;Nos informamos&quot; ","publisher":{"@id":"https:\/\/informelitoral.com.ar\/#organization"},"potentialAction":[{"@type":"SearchAction","target":{"@type":"EntryPoint","urlTemplate":"https:\/\/informelitoral.com.ar\/?s={search_term_string}"},"query-input":{"@type":"PropertyValueSpecification","valueRequired":true,"valueName":"search_term_string"}}],"inLanguage":"es"},{"@type":"Organization","@id":"https:\/\/informelitoral.com.ar\/#organization","name":"Informe Litoral","url":"https:\/\/informelitoral.com.ar\/","logo":{"@type":"ImageObject","inLanguage":"es","@id":"https:\/\/informelitoral.com.ar\/#\/schema\/logo\/image\/","url":"https:\/\/informelitoral.com.ar\/%77%70%2d%63%6f%6e%74%65%6e%74\/uploads\/2021\/01\/circulo.png","contentUrl":"https:\/\/informelitoral.com.ar\/%77%70%2d%63%6f%6e%74%65%6e%74\/uploads\/2021\/01\/circulo.png","width":723,"height":731,"caption":"Informe Litoral"},"image":{"@id":"https:\/\/informelitoral.com.ar\/#\/schema\/logo\/image\/"},"sameAs":["https:\/\/www.facebook.com\/informelitoral\/","https:\/\/x.com\/InformeLitoral","https:\/\/www.instagram.com\/informelitoral\/","https:\/\/www.youtube.com\/channel\/UCua4Qvz8Icb6MYqhoq9xLXw"]},{"@type":"Person","@id":"https:\/\/informelitoral.com.ar\/#\/schema\/person\/b9d00407c836482871ef1d57bf8e3180","name":"Gonzalo Schmidt","image":{"@type":"ImageObject","inLanguage":"es","@id":"https:\/\/secure.gravatar.com\/avatar\/31a1a7b66ff2de83bd0e9fd79d026630d2d99e55e8bfe501287647b4fd9743de?s=96&d=mm&r=g","url":"https:\/\/secure.gravatar.com\/avatar\/31a1a7b66ff2de83bd0e9fd79d026630d2d99e55e8bfe501287647b4fd9743de?s=96&d=mm&r=g","contentUrl":"https:\/\/secure.gravatar.com\/avatar\/31a1a7b66ff2de83bd0e9fd79d026630d2d99e55e8bfe501287647b4fd9743de?s=96&d=mm&r=g","caption":"Gonzalo Schmidt"},"description":"Sitio web de noticias de la provincia de Entre R\u00edos, Argentina. Informaci\u00f3n y entretenimiento. Informe Litoral, nos informamos.","sameAs":["http:\/\/www.isletasnoticias.com.ar"],"url":"https:\/\/informelitoral.com.ar\/author\/gonzalo\/"}]}},"_links":{"self":[{"href":"https:\/\/informelitoral.com.ar\/%77%70%2d%6a%73%6f%6e\/wp\/v2\/posts\/17169","targetHints":{"allow":["GET"]}}],"collection":[{"href":"https:\/\/informelitoral.com.ar\/%77%70%2d%6a%73%6f%6e\/wp\/v2\/posts"}],"about":[{"href":"https:\/\/informelitoral.com.ar\/%77%70%2d%6a%73%6f%6e\/wp\/v2\/types\/post"}],"author":[{"embeddable":true,"href":"https:\/\/informelitoral.com.ar\/%77%70%2d%6a%73%6f%6e\/wp\/v2\/users\/2"}],"replies":[{"embeddable":true,"href":"https:\/\/informelitoral.com.ar\/%77%70%2d%6a%73%6f%6e\/wp\/v2\/comments?post=17169"}],"version-history":[{"count":0,"href":"https:\/\/informelitoral.com.ar\/%77%70%2d%6a%73%6f%6e\/wp\/v2\/posts\/17169\/revisions"}],"wp:attachment":[{"href":"https:\/\/informelitoral.com.ar\/%77%70%2d%6a%73%6f%6e\/wp\/v2\/media?parent=17169"}],"wp:term":[{"taxonomy":"category","embeddable":true,"href":"https:\/\/informelitoral.com.ar\/%77%70%2d%6a%73%6f%6e\/wp\/v2\/categories?post=17169"},{"taxonomy":"post_tag","embeddable":true,"href":"https:\/\/informelitoral.com.ar\/%77%70%2d%6a%73%6f%6e\/wp\/v2\/tags?post=17169"}],"curies":[{"name":"wp","href":"https:\/\/api.w.org\/{rel}","templated":true}]}}