{"id":17130,"date":"2016-07-12T23:41:06","date_gmt":"2016-07-13T02:41:06","guid":{"rendered":"http:\/\/www.isletasnoticias.com.ar\/?p=17130"},"modified":"2016-07-12T23:41:06","modified_gmt":"2016-07-13T02:41:06","slug":"bordet-viajo-a-estados-unidos-y-se-puso-al-frente-de-las-gestiones-para-el-ingreso-de-citricos","status":"publish","type":"post","link":"https:\/\/informelitoral.com.ar\/bordet-viajo-a-estados-unidos-y-se-puso-al-frente-de-las-gestiones-para-el-ingreso-de-citricos\/","title":{"rendered":"Bordet viaj\u00f3 a Estados Unidos y se puso al frente de las gestiones para el ingreso de c\u00edtricos"},"content":{"rendered":"<p><strong>Las autoridades americanas se comprometieron ante el gobernador <em>Gustavo Bordet<\/em> y el embajador argentino en Estados Unidos, <em>Mart\u00edn Lousteau<\/em>, a agilizar todas las tareas t\u00e9cnicas de car\u00e1cter fitosanitario para que los c\u00edtricos dulces entrerrianos sean autorizados a ingresar al mercado norteamericano. La novedad surgi\u00f3 en la primera jornada de trabajo que el mandatario desarroll\u00f3 en Washington.<a href=\"http:\/\/www.isletasnoticias.com.ar\/%77%70%2d%63%6f%6e%74%65%6e%74\/uploads\/2016\/07\/b_1468358904.jpg\"><img loading=\"lazy\" decoding=\"async\" class=\"aligncenter wp-image-17131 size-full\" src=\"http:\/\/www.isletasnoticias.com.ar\/%77%70%2d%63%6f%6e%74%65%6e%74\/uploads\/2016\/07\/b_1468358904.jpg\" alt=\"b_1468358904\" width=\"492\" height=\"341\" srcset=\"https:\/\/informelitoral.com.ar\/%77%70%2d%63%6f%6e%74%65%6e%74\/uploads\/2016\/07\/b_1468358904.jpg 492w, https:\/\/informelitoral.com.ar\/%77%70%2d%63%6f%6e%74%65%6e%74\/uploads\/2016\/07\/b_1468358904-300x208.jpg 300w\" sizes=\"auto, (max-width: 492px) 100vw, 492px\" \/><\/a><\/strong><\/p>\n<p>Bordet viaj\u00f3 a los EEUU acompa\u00f1ado por representantes de las principales entidades que nuclean a los exportadores y productores citr\u00edcolas con el fin de agilizar la aprobaci\u00f3n de normativas pendientes del United States Departament of Agriculture (USDA), y lograr el acceso de c\u00edtricos dulces del NEA y NOA argentino, tr\u00e1mite iniciado en el a\u00f1o 2008.<\/p>\n<p>El gobernador entrerriano fue recibido por el embajador Mart\u00edan Lousteau en su despacho en Washington DC. Luego de dialogar sobre la importancia del trabajo articulado entre el Gobierno de la Provincia de Entre R\u00edos y el Nacional; en este caso con la Embajada Argentina en EEUU; se dirigieron a una reuni\u00f3n organizativa de la agenda de actividades prevista.<\/p>\n<p>Participaron Cecilio Taylor, de la Asociaci\u00f3n de Citricultores de Concordia; Fernando Borgo, de la Federaci\u00f3n del Citrus de Entre R\u00edos y Mariano Caprarulo, de la C\u00e1mara de Exportadores del Citrus del NEA; Egdardo Kueider, secretario General de la Gobernaci\u00f3n; y N\u00e9stor Loggio, secretario de Comercio. Luego fueron recibidos en la Secretar\u00eda de Agricultura de EEUU; por el subsecretario Eduard Avalos; y el director de Sanidad Vegetal, Osama El-Lissy.<\/p>\n<p>Los funcionarios explicaron el proceso de validaci\u00f3n t\u00e9cnica del ingreso de limones a EEUU, y que si bien hist\u00f3ricamente se hab\u00eda hablado que los c\u00edtricos dulces tendr\u00edan su proceso luego del acceso de limones al mercado norteamericano, las autoridades americanas se comprometieron ante el embajador y el gobernador, a agilizar todas las tareas t\u00e9cnicas de car\u00e1cter fitosanitario, de manera que resolver cuanto antes el proceso de aprobaci\u00f3n del servicio de inspecci\u00f3n de la sanidad animal y vegetal norteamericano.<\/p>\n<p>La visita de Bordet al pa\u00eds del norte, se enmarca en las acciones de apoyo que el gobierno ha encarado para cada cadena de valor en Entre R\u00edos. \u201cSabemos de la importancia de nuestras econom\u00edas regionales y rol como promotoras del crecimiento de la provincia y generadoras de empleo. Para este sector en particular, somos optimistas, y valoramos el respaldo del gobierno nacional a trav\u00e9s del embajador Lousteau para colocar nuestra producci\u00f3n citr\u00edcola en Estados Unidos\u201d, afirm\u00f3.<\/p>\n<p>\u201cSabemos que vienen tiempos nuevos y tenemos que estar preparados para afrontar esos desaf\u00edos. Estamos muy cerca de abrir este nuevo mercado. Es sumamente necesario poder garantizar esto para nuestros productos entrerrianos, de la regi\u00f3n de Concordia, Federaci\u00f3n y Chajar\u00ed\u201d, dijo el gobernador.<\/p>\n<p>\u201cLa apertura del mercado norteamericano para los c\u00edtricos dulces no s\u00f3lo garantizar\u00e1 la continuidad laboral de 20.000 entrerrianos sino que abre las expectativas de nuevas fuentes laborales, porque estar\u00edamos en condiciones de duplicar las exportaciones\u201d, expres\u00f3 el mandatario a modo de conclusi\u00f3n de la primera jornada de trabajo.<\/p>\n<p>La visita del mandatario a EEUU, coordinada desde la embajada argentina, incluye reuniones con el Banco Interamericano de Desarrollo (BID) y de los representantes del Departamento de Estado y el Comercio Exterior para el Mercosur.<\/p>\n<p>Estados Unidos proh\u00edbe la importaci\u00f3n de todas las frutas y hortalizas que no se encuentran listadas en una base de datos publicada en su p\u00e1gina de Internet. Para poder ingresar al mercado con un producto de origen vegetal (frutas, hortalizas, plantas o semillas) que no tiene el ingreso permitido, el pa\u00eds interesado debe iniciar una solicitud de importaci\u00f3n; tr\u00e1mite iniciado por la Argentina en julio del a\u00f1o 2008 que incluye el procedimiento de autorizaci\u00f3n de limones del NOA.<\/p>\n<p>El proceso de autorizaci\u00f3n de las importaciones del USDA para productos prohibidos es lento, burocr\u00e1tico y susceptible de influencias por parte de los intereses que se oponen a las importaciones. Tiene una etapa t\u00e9cnica y otra normativa que adem\u00e1s del An\u00e1lisis de Riesgo de Plagas (ARP).<\/p>\n<p><b>Antecedentes<\/b><\/p>\n<p>El 10 de julio de 2008 Argentina solicit\u00f3 al APHIS\/USDA el acceso de naranjas, mandarinas y pomelos del NEA y NOA, dicha solicitud se realiz\u00f3 porque el organismo hab\u00eda avanzado en el proceso de acceso de limones del NOA. El organismo no avanz\u00f3 en el proceso de autorizaci\u00f3n argumentando el riesgo de transmisi\u00f3n de una enfermedad en limones que tambi\u00e9n afectaba a los c\u00edtricos dulces; esta limitante se resolvi\u00f3 en marzo del 2014 luego que el Senasa entregara un trabajo que demostr\u00f3 que esta enfermedad no se transmite por la fruta y solicit\u00f3 que el USDA la excluyera como una medida de mitigaci\u00f3n tanto para limones como para c\u00edtricos dulces.<\/p>\n<p>Se sucedieron gestiones e intercambios y desde entonces, la respuesta del USDA sobre el tema es que est\u00e1n trabajando con el acceso de limones y que una vez concluido ese trabajo se abocar\u00edan al an\u00e1lisis de riesgo de c\u00edtricos dulces, tr\u00e1mite que se busca agilizar con las visitas protocolares.<\/p>\n","protected":false},"excerpt":{"rendered":"<p>Las autoridades americanas se comprometieron ante el gobernador Gustavo Bordet y el embajador argentino en Estados Unidos, Mart&iacute;n Lousteau, a agilizar todas las tareas t&eacute;cnicas de car&aacute;cter fitosanitario para que los c&iacute;tricos dulces entrerrianos sean autorizados a ingresar al mercado norteamericano. La novedad surgi&oacute; en la primera jornada de trabajo que el mandatario desarroll&oacute; en [&hellip;]<\/p>\n","protected":false},"author":2,"featured_media":0,"comment_status":"open","ping_status":"open","sticky":false,"template":"","format":"standard","meta":{"fifu_image_url":"","fifu_image_alt":"","footnotes":""},"categories":[6],"tags":[],"class_list":{"0":"post-17130","1":"post","2":"type-post","3":"status-publish","4":"format-standard","6":"category-entre-rios"},"yoast_head":"<title>Bordet viaj\u00f3 a Estados Unidos y se puso al frente de las gestiones para el ingreso de c\u00edtricos - Informe Litoral<\/title>\n<meta name=\"robots\" content=\"index, follow, max-snippet:-1, max-image-preview:large, max-video-preview:-1\" \/>\n<link rel=\"canonical\" href=\"https:\/\/informelitoral.com.ar\/bordet-viajo-a-estados-unidos-y-se-puso-al-frente-de-las-gestiones-para-el-ingreso-de-citricos\/\" \/>\n<meta property=\"og:locale\" content=\"es_ES\" \/>\n<meta property=\"og:type\" content=\"article\" \/>\n<meta property=\"og:title\" content=\"Bordet viaj\u00f3 a Estados Unidos y se puso al frente de las gestiones para el ingreso de c\u00edtricos - Informe Litoral\" \/>\n<meta property=\"og:description\" content=\"Las autoridades americanas se comprometieron ante el gobernador Gustavo Bordet y el embajador argentino en Estados Unidos, Mart&iacute;n Lousteau, a agilizar todas las tareas t&eacute;cnicas de car&aacute;cter fitosanitario para que los c&iacute;tricos dulces entrerrianos sean autorizados a ingresar al mercado norteamericano. La novedad surgi&oacute; en la primera jornada de trabajo que el mandatario desarroll&oacute; en [&hellip;]\" \/>\n<meta property=\"og:url\" content=\"https:\/\/informelitoral.com.ar\/bordet-viajo-a-estados-unidos-y-se-puso-al-frente-de-las-gestiones-para-el-ingreso-de-citricos\/\" \/>\n<meta property=\"og:site_name\" content=\"Informe Litoral\" \/>\n<meta property=\"article:publisher\" content=\"https:\/\/www.facebook.com\/informelitoral\/\" \/>\n<meta property=\"article:published_time\" content=\"2016-07-13T02:41:06+00:00\" \/>\n<meta property=\"og:image\" content=\"https:\/\/informelitoral.com.ar\/%77%70%2d%63%6f%6e%74%65%6e%74\/uploads\/2016\/07\/b_1468358904.jpg\" \/>\n\t<meta property=\"og:image:width\" content=\"492\" \/>\n\t<meta property=\"og:image:height\" content=\"341\" \/>\n\t<meta property=\"og:image:type\" content=\"image\/jpeg\" \/>\n<meta name=\"author\" content=\"Gonzalo Schmidt\" \/>\n<meta name=\"twitter:card\" content=\"summary_large_image\" \/>\n<meta name=\"twitter:creator\" content=\"@InformeLitoral\" \/>\n<meta name=\"twitter:site\" content=\"@InformeLitoral\" \/>\n<meta name=\"twitter:label1\" content=\"Escrito por\" \/>\n\t<meta name=\"twitter:data1\" content=\"Gonzalo Schmidt\" \/>\n\t<meta name=\"twitter:label2\" content=\"Tiempo de lectura\" \/>\n\t<meta name=\"twitter:data2\" content=\"4 minutos\" \/>\n<script type=\"application\/ld+json\" class=\"yoast-schema-graph\">{\"@context\":\"https:\\\/\\\/schema.org\",\"@graph\":[{\"@type\":\"Article\",\"@id\":\"https:\\\/\\\/informelitoral.com.ar\\\/bordet-viajo-a-estados-unidos-y-se-puso-al-frente-de-las-gestiones-para-el-ingreso-de-citricos\\\/#article\",\"isPartOf\":{\"@id\":\"https:\\\/\\\/informelitoral.com.ar\\\/bordet-viajo-a-estados-unidos-y-se-puso-al-frente-de-las-gestiones-para-el-ingreso-de-citricos\\\/\"},\"author\":{\"name\":\"Gonzalo Schmidt\",\"@id\":\"https:\\\/\\\/informelitoral.com.ar\\\/#\\\/schema\\\/person\\\/b9d00407c836482871ef1d57bf8e3180\"},\"headline\":\"Bordet viaj\u00f3 a Estados Unidos y se puso al frente de las gestiones para el ingreso de c\u00edtricos\",\"datePublished\":\"2016-07-13T02:41:06+00:00\",\"mainEntityOfPage\":{\"@id\":\"https:\\\/\\\/informelitoral.com.ar\\\/bordet-viajo-a-estados-unidos-y-se-puso-al-frente-de-las-gestiones-para-el-ingreso-de-citricos\\\/\"},\"wordCount\":884,\"commentCount\":0,\"publisher\":{\"@id\":\"https:\\\/\\\/informelitoral.com.ar\\\/#organization\"},\"image\":{\"@id\":\"https:\\\/\\\/informelitoral.com.ar\\\/bordet-viajo-a-estados-unidos-y-se-puso-al-frente-de-las-gestiones-para-el-ingreso-de-citricos\\\/#primaryimage\"},\"thumbnailUrl\":\"http:\\\/\\\/www.isletasnoticias.com.ar\\\/%77%70%2d%63%6f%6e%74%65%6e%74\\\/uploads\\\/2016\\\/07\\\/b_1468358904.jpg\",\"articleSection\":[\"Entre R\u00edos\"],\"inLanguage\":\"es\",\"potentialAction\":[{\"@type\":\"CommentAction\",\"name\":\"Comment\",\"target\":[\"https:\\\/\\\/informelitoral.com.ar\\\/bordet-viajo-a-estados-unidos-y-se-puso-al-frente-de-las-gestiones-para-el-ingreso-de-citricos\\\/#respond\"]}]},{\"@type\":\"WebPage\",\"@id\":\"https:\\\/\\\/informelitoral.com.ar\\\/bordet-viajo-a-estados-unidos-y-se-puso-al-frente-de-las-gestiones-para-el-ingreso-de-citricos\\\/\",\"url\":\"https:\\\/\\\/informelitoral.com.ar\\\/bordet-viajo-a-estados-unidos-y-se-puso-al-frente-de-las-gestiones-para-el-ingreso-de-citricos\\\/\",\"name\":\"Bordet viaj\u00f3 a Estados Unidos y se puso al frente de las gestiones para el ingreso de c\u00edtricos - Informe Litoral\",\"isPartOf\":{\"@id\":\"https:\\\/\\\/informelitoral.com.ar\\\/#website\"},\"primaryImageOfPage\":{\"@id\":\"https:\\\/\\\/informelitoral.com.ar\\\/bordet-viajo-a-estados-unidos-y-se-puso-al-frente-de-las-gestiones-para-el-ingreso-de-citricos\\\/#primaryimage\"},\"image\":{\"@id\":\"https:\\\/\\\/informelitoral.com.ar\\\/bordet-viajo-a-estados-unidos-y-se-puso-al-frente-de-las-gestiones-para-el-ingreso-de-citricos\\\/#primaryimage\"},\"thumbnailUrl\":\"http:\\\/\\\/www.isletasnoticias.com.ar\\\/%77%70%2d%63%6f%6e%74%65%6e%74\\\/uploads\\\/2016\\\/07\\\/b_1468358904.jpg\",\"datePublished\":\"2016-07-13T02:41:06+00:00\",\"breadcrumb\":{\"@id\":\"https:\\\/\\\/informelitoral.com.ar\\\/bordet-viajo-a-estados-unidos-y-se-puso-al-frente-de-las-gestiones-para-el-ingreso-de-citricos\\\/#breadcrumb\"},\"inLanguage\":\"es\",\"potentialAction\":[{\"@type\":\"ReadAction\",\"target\":[\"https:\\\/\\\/informelitoral.com.ar\\\/bordet-viajo-a-estados-unidos-y-se-puso-al-frente-de-las-gestiones-para-el-ingreso-de-citricos\\\/\"]}]},{\"@type\":\"ImageObject\",\"inLanguage\":\"es\",\"@id\":\"https:\\\/\\\/informelitoral.com.ar\\\/bordet-viajo-a-estados-unidos-y-se-puso-al-frente-de-las-gestiones-para-el-ingreso-de-citricos\\\/#primaryimage\",\"url\":\"http:\\\/\\\/www.isletasnoticias.com.ar\\\/%77%70%2d%63%6f%6e%74%65%6e%74\\\/uploads\\\/2016\\\/07\\\/b_1468358904.jpg\",\"contentUrl\":\"http:\\\/\\\/www.isletasnoticias.com.ar\\\/%77%70%2d%63%6f%6e%74%65%6e%74\\\/uploads\\\/2016\\\/07\\\/b_1468358904.jpg\"},{\"@type\":\"BreadcrumbList\",\"@id\":\"https:\\\/\\\/informelitoral.com.ar\\\/bordet-viajo-a-estados-unidos-y-se-puso-al-frente-de-las-gestiones-para-el-ingreso-de-citricos\\\/#breadcrumb\",\"itemListElement\":[{\"@type\":\"ListItem\",\"position\":1,\"name\":\"Portada\",\"item\":\"https:\\\/\\\/informelitoral.com.ar\\\/\"},{\"@type\":\"ListItem\",\"position\":2,\"name\":\"Bordet viaj\u00f3 a Estados Unidos y se puso al frente de las gestiones para el ingreso de c\u00edtricos\"}]},{\"@type\":\"WebSite\",\"@id\":\"https:\\\/\\\/informelitoral.com.ar\\\/#website\",\"url\":\"https:\\\/\\\/informelitoral.com.ar\\\/\",\"name\":\"Informe Litoral\",\"description\":\"&quot;Nos informamos&quot; \",\"publisher\":{\"@id\":\"https:\\\/\\\/informelitoral.com.ar\\\/#organization\"},\"potentialAction\":[{\"@type\":\"SearchAction\",\"target\":{\"@type\":\"EntryPoint\",\"urlTemplate\":\"https:\\\/\\\/informelitoral.com.ar\\\/?s={search_term_string}\"},\"query-input\":{\"@type\":\"PropertyValueSpecification\",\"valueRequired\":true,\"valueName\":\"search_term_string\"}}],\"inLanguage\":\"es\"},{\"@type\":\"Organization\",\"@id\":\"https:\\\/\\\/informelitoral.com.ar\\\/#organization\",\"name\":\"Informe Litoral\",\"url\":\"https:\\\/\\\/informelitoral.com.ar\\\/\",\"logo\":{\"@type\":\"ImageObject\",\"inLanguage\":\"es\",\"@id\":\"https:\\\/\\\/informelitoral.com.ar\\\/#\\\/schema\\\/logo\\\/image\\\/\",\"url\":\"https:\\\/\\\/informelitoral.com.ar\\\/%77%70%2d%63%6f%6e%74%65%6e%74\\\/uploads\\\/2021\\\/01\\\/circulo.png\",\"contentUrl\":\"https:\\\/\\\/informelitoral.com.ar\\\/%77%70%2d%63%6f%6e%74%65%6e%74\\\/uploads\\\/2021\\\/01\\\/circulo.png\",\"width\":723,\"height\":731,\"caption\":\"Informe Litoral\"},\"image\":{\"@id\":\"https:\\\/\\\/informelitoral.com.ar\\\/#\\\/schema\\\/logo\\\/image\\\/\"},\"sameAs\":[\"https:\\\/\\\/www.facebook.com\\\/informelitoral\\\/\",\"https:\\\/\\\/x.com\\\/InformeLitoral\",\"https:\\\/\\\/www.instagram.com\\\/informelitoral\\\/\",\"https:\\\/\\\/www.youtube.com\\\/channel\\\/UCua4Qvz8Icb6MYqhoq9xLXw\"]},{\"@type\":\"Person\",\"@id\":\"https:\\\/\\\/informelitoral.com.ar\\\/#\\\/schema\\\/person\\\/b9d00407c836482871ef1d57bf8e3180\",\"name\":\"Gonzalo Schmidt\",\"image\":{\"@type\":\"ImageObject\",\"inLanguage\":\"es\",\"@id\":\"https:\\\/\\\/secure.gravatar.com\\\/avatar\\\/31a1a7b66ff2de83bd0e9fd79d026630d2d99e55e8bfe501287647b4fd9743de?s=96&d=mm&r=g\",\"url\":\"https:\\\/\\\/secure.gravatar.com\\\/avatar\\\/31a1a7b66ff2de83bd0e9fd79d026630d2d99e55e8bfe501287647b4fd9743de?s=96&d=mm&r=g\",\"contentUrl\":\"https:\\\/\\\/secure.gravatar.com\\\/avatar\\\/31a1a7b66ff2de83bd0e9fd79d026630d2d99e55e8bfe501287647b4fd9743de?s=96&d=mm&r=g\",\"caption\":\"Gonzalo Schmidt\"},\"description\":\"Sitio web de noticias de la provincia de Entre R\u00edos, Argentina. Informaci\u00f3n y entretenimiento. Informe Litoral, nos informamos.\",\"sameAs\":[\"http:\\\/\\\/www.isletasnoticias.com.ar\"],\"url\":\"https:\\\/\\\/informelitoral.com.ar\\\/author\\\/gonzalo\\\/\"}]}<\/script>","yoast_head_json":{"title":"Bordet viaj\u00f3 a Estados Unidos y se puso al frente de las gestiones para el ingreso de c\u00edtricos - Informe Litoral","robots":{"index":"index","follow":"follow","max-snippet":"max-snippet:-1","max-image-preview":"max-image-preview:large","max-video-preview":"max-video-preview:-1"},"canonical":"https:\/\/informelitoral.com.ar\/bordet-viajo-a-estados-unidos-y-se-puso-al-frente-de-las-gestiones-para-el-ingreso-de-citricos\/","og_locale":"es_ES","og_type":"article","og_title":"Bordet viaj\u00f3 a Estados Unidos y se puso al frente de las gestiones para el ingreso de c\u00edtricos - Informe Litoral","og_description":"Las autoridades americanas se comprometieron ante el gobernador Gustavo Bordet y el embajador argentino en Estados Unidos, Mart&iacute;n Lousteau, a agilizar todas las tareas t&eacute;cnicas de car&aacute;cter fitosanitario para que los c&iacute;tricos dulces entrerrianos sean autorizados a ingresar al mercado norteamericano. La novedad surgi&oacute; en la primera jornada de trabajo que el mandatario desarroll&oacute; en [&hellip;]","og_url":"https:\/\/informelitoral.com.ar\/bordet-viajo-a-estados-unidos-y-se-puso-al-frente-de-las-gestiones-para-el-ingreso-de-citricos\/","og_site_name":"Informe Litoral","article_publisher":"https:\/\/www.facebook.com\/informelitoral\/","article_published_time":"2016-07-13T02:41:06+00:00","og_image":[{"width":492,"height":341,"url":"https:\/\/informelitoral.com.ar\/%77%70%2d%63%6f%6e%74%65%6e%74\/uploads\/2016\/07\/b_1468358904.jpg","type":"image\/jpeg"}],"author":"Gonzalo Schmidt","twitter_card":"summary_large_image","twitter_creator":"@InformeLitoral","twitter_site":"@InformeLitoral","twitter_misc":{"Escrito por":"Gonzalo Schmidt","Tiempo de lectura":"4 minutos"},"schema":{"@context":"https:\/\/schema.org","@graph":[{"@type":"Article","@id":"https:\/\/informelitoral.com.ar\/bordet-viajo-a-estados-unidos-y-se-puso-al-frente-de-las-gestiones-para-el-ingreso-de-citricos\/#article","isPartOf":{"@id":"https:\/\/informelitoral.com.ar\/bordet-viajo-a-estados-unidos-y-se-puso-al-frente-de-las-gestiones-para-el-ingreso-de-citricos\/"},"author":{"name":"Gonzalo Schmidt","@id":"https:\/\/informelitoral.com.ar\/#\/schema\/person\/b9d00407c836482871ef1d57bf8e3180"},"headline":"Bordet viaj\u00f3 a Estados Unidos y se puso al frente de las gestiones para el ingreso de c\u00edtricos","datePublished":"2016-07-13T02:41:06+00:00","mainEntityOfPage":{"@id":"https:\/\/informelitoral.com.ar\/bordet-viajo-a-estados-unidos-y-se-puso-al-frente-de-las-gestiones-para-el-ingreso-de-citricos\/"},"wordCount":884,"commentCount":0,"publisher":{"@id":"https:\/\/informelitoral.com.ar\/#organization"},"image":{"@id":"https:\/\/informelitoral.com.ar\/bordet-viajo-a-estados-unidos-y-se-puso-al-frente-de-las-gestiones-para-el-ingreso-de-citricos\/#primaryimage"},"thumbnailUrl":"http:\/\/www.isletasnoticias.com.ar\/%77%70%2d%63%6f%6e%74%65%6e%74\/uploads\/2016\/07\/b_1468358904.jpg","articleSection":["Entre R\u00edos"],"inLanguage":"es","potentialAction":[{"@type":"CommentAction","name":"Comment","target":["https:\/\/informelitoral.com.ar\/bordet-viajo-a-estados-unidos-y-se-puso-al-frente-de-las-gestiones-para-el-ingreso-de-citricos\/#respond"]}]},{"@type":"WebPage","@id":"https:\/\/informelitoral.com.ar\/bordet-viajo-a-estados-unidos-y-se-puso-al-frente-de-las-gestiones-para-el-ingreso-de-citricos\/","url":"https:\/\/informelitoral.com.ar\/bordet-viajo-a-estados-unidos-y-se-puso-al-frente-de-las-gestiones-para-el-ingreso-de-citricos\/","name":"Bordet viaj\u00f3 a Estados Unidos y se puso al frente de las gestiones para el ingreso de c\u00edtricos - Informe Litoral","isPartOf":{"@id":"https:\/\/informelitoral.com.ar\/#website"},"primaryImageOfPage":{"@id":"https:\/\/informelitoral.com.ar\/bordet-viajo-a-estados-unidos-y-se-puso-al-frente-de-las-gestiones-para-el-ingreso-de-citricos\/#primaryimage"},"image":{"@id":"https:\/\/informelitoral.com.ar\/bordet-viajo-a-estados-unidos-y-se-puso-al-frente-de-las-gestiones-para-el-ingreso-de-citricos\/#primaryimage"},"thumbnailUrl":"http:\/\/www.isletasnoticias.com.ar\/%77%70%2d%63%6f%6e%74%65%6e%74\/uploads\/2016\/07\/b_1468358904.jpg","datePublished":"2016-07-13T02:41:06+00:00","breadcrumb":{"@id":"https:\/\/informelitoral.com.ar\/bordet-viajo-a-estados-unidos-y-se-puso-al-frente-de-las-gestiones-para-el-ingreso-de-citricos\/#breadcrumb"},"inLanguage":"es","potentialAction":[{"@type":"ReadAction","target":["https:\/\/informelitoral.com.ar\/bordet-viajo-a-estados-unidos-y-se-puso-al-frente-de-las-gestiones-para-el-ingreso-de-citricos\/"]}]},{"@type":"ImageObject","inLanguage":"es","@id":"https:\/\/informelitoral.com.ar\/bordet-viajo-a-estados-unidos-y-se-puso-al-frente-de-las-gestiones-para-el-ingreso-de-citricos\/#primaryimage","url":"http:\/\/www.isletasnoticias.com.ar\/%77%70%2d%63%6f%6e%74%65%6e%74\/uploads\/2016\/07\/b_1468358904.jpg","contentUrl":"http:\/\/www.isletasnoticias.com.ar\/%77%70%2d%63%6f%6e%74%65%6e%74\/uploads\/2016\/07\/b_1468358904.jpg"},{"@type":"BreadcrumbList","@id":"https:\/\/informelitoral.com.ar\/bordet-viajo-a-estados-unidos-y-se-puso-al-frente-de-las-gestiones-para-el-ingreso-de-citricos\/#breadcrumb","itemListElement":[{"@type":"ListItem","position":1,"name":"Portada","item":"https:\/\/informelitoral.com.ar\/"},{"@type":"ListItem","position":2,"name":"Bordet viaj\u00f3 a Estados Unidos y se puso al frente de las gestiones para el ingreso de c\u00edtricos"}]},{"@type":"WebSite","@id":"https:\/\/informelitoral.com.ar\/#website","url":"https:\/\/informelitoral.com.ar\/","name":"Informe Litoral","description":"&quot;Nos informamos&quot; ","publisher":{"@id":"https:\/\/informelitoral.com.ar\/#organization"},"potentialAction":[{"@type":"SearchAction","target":{"@type":"EntryPoint","urlTemplate":"https:\/\/informelitoral.com.ar\/?s={search_term_string}"},"query-input":{"@type":"PropertyValueSpecification","valueRequired":true,"valueName":"search_term_string"}}],"inLanguage":"es"},{"@type":"Organization","@id":"https:\/\/informelitoral.com.ar\/#organization","name":"Informe Litoral","url":"https:\/\/informelitoral.com.ar\/","logo":{"@type":"ImageObject","inLanguage":"es","@id":"https:\/\/informelitoral.com.ar\/#\/schema\/logo\/image\/","url":"https:\/\/informelitoral.com.ar\/%77%70%2d%63%6f%6e%74%65%6e%74\/uploads\/2021\/01\/circulo.png","contentUrl":"https:\/\/informelitoral.com.ar\/%77%70%2d%63%6f%6e%74%65%6e%74\/uploads\/2021\/01\/circulo.png","width":723,"height":731,"caption":"Informe Litoral"},"image":{"@id":"https:\/\/informelitoral.com.ar\/#\/schema\/logo\/image\/"},"sameAs":["https:\/\/www.facebook.com\/informelitoral\/","https:\/\/x.com\/InformeLitoral","https:\/\/www.instagram.com\/informelitoral\/","https:\/\/www.youtube.com\/channel\/UCua4Qvz8Icb6MYqhoq9xLXw"]},{"@type":"Person","@id":"https:\/\/informelitoral.com.ar\/#\/schema\/person\/b9d00407c836482871ef1d57bf8e3180","name":"Gonzalo Schmidt","image":{"@type":"ImageObject","inLanguage":"es","@id":"https:\/\/secure.gravatar.com\/avatar\/31a1a7b66ff2de83bd0e9fd79d026630d2d99e55e8bfe501287647b4fd9743de?s=96&d=mm&r=g","url":"https:\/\/secure.gravatar.com\/avatar\/31a1a7b66ff2de83bd0e9fd79d026630d2d99e55e8bfe501287647b4fd9743de?s=96&d=mm&r=g","contentUrl":"https:\/\/secure.gravatar.com\/avatar\/31a1a7b66ff2de83bd0e9fd79d026630d2d99e55e8bfe501287647b4fd9743de?s=96&d=mm&r=g","caption":"Gonzalo Schmidt"},"description":"Sitio web de noticias de la provincia de Entre R\u00edos, Argentina. Informaci\u00f3n y entretenimiento. Informe Litoral, nos informamos.","sameAs":["http:\/\/www.isletasnoticias.com.ar"],"url":"https:\/\/informelitoral.com.ar\/author\/gonzalo\/"}]}},"_links":{"self":[{"href":"https:\/\/informelitoral.com.ar\/%77%70%2d%6a%73%6f%6e\/wp\/v2\/posts\/17130","targetHints":{"allow":["GET"]}}],"collection":[{"href":"https:\/\/informelitoral.com.ar\/%77%70%2d%6a%73%6f%6e\/wp\/v2\/posts"}],"about":[{"href":"https:\/\/informelitoral.com.ar\/%77%70%2d%6a%73%6f%6e\/wp\/v2\/types\/post"}],"author":[{"embeddable":true,"href":"https:\/\/informelitoral.com.ar\/%77%70%2d%6a%73%6f%6e\/wp\/v2\/users\/2"}],"replies":[{"embeddable":true,"href":"https:\/\/informelitoral.com.ar\/%77%70%2d%6a%73%6f%6e\/wp\/v2\/comments?post=17130"}],"version-history":[{"count":0,"href":"https:\/\/informelitoral.com.ar\/%77%70%2d%6a%73%6f%6e\/wp\/v2\/posts\/17130\/revisions"}],"wp:attachment":[{"href":"https:\/\/informelitoral.com.ar\/%77%70%2d%6a%73%6f%6e\/wp\/v2\/media?parent=17130"}],"wp:term":[{"taxonomy":"category","embeddable":true,"href":"https:\/\/informelitoral.com.ar\/%77%70%2d%6a%73%6f%6e\/wp\/v2\/categories?post=17130"},{"taxonomy":"post_tag","embeddable":true,"href":"https:\/\/informelitoral.com.ar\/%77%70%2d%6a%73%6f%6e\/wp\/v2\/tags?post=17130"}],"curies":[{"name":"wp","href":"https:\/\/api.w.org\/{rel}","templated":true}]}}