{"id":17116,"date":"2016-07-12T08:03:02","date_gmt":"2016-07-12T11:03:02","guid":{"rendered":"http:\/\/www.isletasnoticias.com.ar\/?p=17116"},"modified":"2016-07-12T08:11:27","modified_gmt":"2016-07-12T11:11:27","slug":"parana-cuenta-regresiva-para-el-cambio-de-sentido-de-calles","status":"publish","type":"post","link":"https:\/\/informelitoral.com.ar\/parana-cuenta-regresiva-para-el-cambio-de-sentido-de-calles\/","title":{"rendered":"Paran\u00e1: cuenta regresiva para el cambio de sentido de calles"},"content":{"rendered":"<p><strong>Esta semana se est\u00e1n colocando 25 nuevas garitas de colectivos, 61 carteles indicadores, 12 sem\u00e1foros exclusivos para colectivos, entre otras acciones. Desde el domingo regir\u00e1 el nuevo esquema de tr\u00e1nsito en la capital entrerriana.<a href=\"http:\/\/www.isletasnoticias.com.ar\/%77%70%2d%63%6f%6e%74%65%6e%74\/uploads\/2016\/07\/o_1454346678.jpg\"><img loading=\"lazy\" decoding=\"async\" class=\"aligncenter wp-image-17118 size-full\" src=\"http:\/\/www.isletasnoticias.com.ar\/%77%70%2d%63%6f%6e%74%65%6e%74\/uploads\/2016\/07\/o_1454346678.jpg\" alt=\"o_1454346678\" width=\"800\" height=\"450\" srcset=\"https:\/\/informelitoral.com.ar\/%77%70%2d%63%6f%6e%74%65%6e%74\/uploads\/2016\/07\/o_1454346678.jpg 800w, https:\/\/informelitoral.com.ar\/%77%70%2d%63%6f%6e%74%65%6e%74\/uploads\/2016\/07\/o_1454346678-300x169.jpg 300w, https:\/\/informelitoral.com.ar\/%77%70%2d%63%6f%6e%74%65%6e%74\/uploads\/2016\/07\/o_1454346678-768x432.jpg 768w\" sizes=\"auto, (max-width: 800px) 100vw, 800px\" \/><\/a><\/strong><\/p>\n<p>Con las cr\u00edticas de un grupo de comerciantes que se oponen, las dudas de muchos otros sobre la factibilidad y conveniencia de la propuesta del Ejecutivo municipal, pero con la convicci\u00f3n de gran parte de la comunidad respecto a que algo hay que hacer para mejorar el funcionamiento del tr\u00e1nsito, se vive la semana previa para la puesta en vigencia del nuevo esquema de circulaci\u00f3n vehicular en el casco c\u00e9ntrico de Paran\u00e1.<\/p>\n<p>\u00abAlgo hay que hacer, porque as\u00ed como estamos, vamos mal\u00bb, reitera desde hace meses el intendente <strong>Sergio Varisco<\/strong>. El jefe comunal mantuvo reuniones con representantes sociales, gremiales y pol\u00edticos de la ciudad, para informar y acordar su pol\u00edtica de acci\u00f3n.<br \/>\nLa prioridad, adem\u00e1s de hacer m\u00e1s fluida la transitabilidad vehicular en el centro, es favorecer el funcionamiento de los colectivos urbanos, que movilizan a diario a miles de usuarios, public\u00f3<em> UNO.<\/em><\/p>\n<p>Los cambios abarcan calle Gualeguaych\u00fa, que desde el domingo correr\u00e1 en sentido al centro con una sola mano, mientras que Echag\u00fce lo har\u00e1 en direcci\u00f3n hacia las Cinco Esquinas. Espa\u00f1a pasar\u00e1 a tener circulaci\u00f3n de oeste a este y continuar\u00e1 en 25 de Mayo: ese tramo de la arteria con cantero central ahora ser\u00e1 doble mano entre Monte Caseros e Yrigoyen.<\/p>\n<p>En tanto, 25 de Mayo entre Yrigoyen y avenida Ram\u00edrez mantendr\u00e1 su direcci\u00f3n actual. Y finalmente, Alem-Per\u00fa tendr\u00e1 circulaci\u00f3n este a oeste, desde Cura \u00c1lvarez hasta el cementerio municipal. Mientras que Alem, entre Alsina y avenida Ram\u00edrez, tendr\u00e1 sentido de circulaci\u00f3n oeste-este, para acompa\u00f1ar el flujo de egreso desde avenida Echag\u00fce.<\/p>\n<p>Los cambios comenzaron a insinuarse en marzo, y finalmente se confirm\u00f3 que en el medio del receso invernal, per\u00edodo con menor nivel de movimiento vehicular y de actividad, tendr\u00e1n plena vigencia.<\/p>\n<p>En funci\u00f3n de ello, personal municipal inici\u00f3 hace un par de semanas los trabajos tendientes a readecuar la se\u00f1alizaci\u00f3n.<\/p>\n<p>Las primeras intervenciones consistieron en el pintado de cordones y de carriles exclusivos para el transporte p\u00fablico de pasajeros.<\/p>\n<p>Esta semana los trabajos se intensificaron, inform\u00f3 el subsecretario de Infraestructura del gobierno municipal, <strong>Eduardo L\u00f3pez Segura<\/strong>. Al respecto, precis\u00f3 que desde el lunes, dos cuadrillas municipales tendr\u00e1n a cargo la colocaci\u00f3n de unas 25 nuevas garitas de colectivos, mientras que las que quedar\u00e1n en desuso \u2013ubicadas en veredas por donde no pasar\u00e1n los colectivos, como la acera sur de calle Gualeguaych\u00fa\u2013 ser\u00e1n reubicadas pr\u00f3ximamente en barrios que demandan esos refugios para los usuarios de colectivos.<\/p>\n<p>Las tareas van a abarcar tambi\u00e9n la colocaci\u00f3n de 61 carteles identificatorios, con informaci\u00f3n sobre estacionamiento prohibido, velocidades m\u00e1ximas y de giros prohibidos.<\/p>\n<p>En relaci\u00f3n a los sem\u00e1foros, tambi\u00e9n en la cuenta regresiva se colocar\u00e1n una docena de sem\u00e1foros exclusivos para los colectivos, que estar\u00e1n ubicados 15 metros antes de las esquinas para permitir que los veh\u00edculos particulares puedan doblar a la derecha \u2013tanto en Gualeguaych\u00fa como en 25 de Mayo y Echag\u00fce\u2013. En tanto, quedar\u00e1 para lo \u00faltimo el ajuste de la ubicaci\u00f3n de estructuras semaf\u00f3ricas existentes, en funci\u00f3n de los nuevos sentidos.<\/p>\n<p>Finalmente, el funcionario consign\u00f3 que se colocar\u00e1 en los pr\u00f3ximos d\u00edas un cartel a\u00e9reo que atravesar\u00e1 calle Gualeguaych\u00fa \u2013en su intersecci\u00f3n con avenida Francisco Ram\u00edrez\u2013, con la informaci\u00f3n sobre los carriles de circulaci\u00f3n para cada tipo de veh\u00edculo.<\/p>\n<p>Quedar\u00e1 para m\u00e1s adelante la colocaci\u00f3n de tachas refractarias para delimitar el carril exclusivo del transporte p\u00fablico, y que por ejemplo, tambi\u00e9n se colocar\u00e1n en avenida Alameda de la Federaci\u00f3n \u2013como divisor de carriles\u2013, para reemplazar a los quitados d\u00edas atr\u00e1s. Para ello est\u00e1 en curso un proceso de licitaci\u00f3n.<\/p>\n<div><\/div>\n<div><\/div>\n<div><a href=\"http:\/\/www.isletasnoticias.com.ar\/%77%70%2d%63%6f%6e%74%65%6e%74\/uploads\/2016\/07\/0016400899.jpg\"><img loading=\"lazy\" decoding=\"async\" class=\"aligncenter wp-image-17117 \" src=\"http:\/\/www.isletasnoticias.com.ar\/%77%70%2d%63%6f%6e%74%65%6e%74\/uploads\/2016\/07\/0016400899.jpg\" alt=\"0016400899\" width=\"631\" height=\"355\" srcset=\"https:\/\/informelitoral.com.ar\/%77%70%2d%63%6f%6e%74%65%6e%74\/uploads\/2016\/07\/0016400899.jpg 423w, https:\/\/informelitoral.com.ar\/%77%70%2d%63%6f%6e%74%65%6e%74\/uploads\/2016\/07\/0016400899-300x169.jpg 300w\" sizes=\"auto, (max-width: 631px) 100vw, 631px\" \/><\/a><\/div>\n","protected":false},"excerpt":{"rendered":"<p>Esta semana se est&aacute;n colocando 25 nuevas garitas de colectivos, 61 carteles indicadores, 12 sem&aacute;foros exclusivos para colectivos, entre otras acciones. Desde el domingo regir&aacute; el nuevo esquema de tr&aacute;nsito en la capital entrerriana. Con las cr&iacute;ticas de un grupo de comerciantes que se oponen, las dudas de muchos otros sobre la factibilidad y conveniencia [&hellip;]<\/p>\n","protected":false},"author":2,"featured_media":0,"comment_status":"open","ping_status":"open","sticky":false,"template":"","format":"standard","meta":{"fifu_image_url":"","fifu_image_alt":"","footnotes":""},"categories":[6],"tags":[],"class_list":{"0":"post-17116","1":"post","2":"type-post","3":"status-publish","4":"format-standard","6":"category-entre-rios"},"yoast_head":"<title>Paran\u00e1: cuenta regresiva para el cambio de sentido de calles - Informe Litoral<\/title>\n<meta name=\"robots\" content=\"index, follow, max-snippet:-1, max-image-preview:large, max-video-preview:-1\" \/>\n<link rel=\"canonical\" href=\"https:\/\/informelitoral.com.ar\/parana-cuenta-regresiva-para-el-cambio-de-sentido-de-calles\/\" \/>\n<meta property=\"og:locale\" content=\"es_ES\" \/>\n<meta property=\"og:type\" content=\"article\" \/>\n<meta property=\"og:title\" content=\"Paran\u00e1: cuenta regresiva para el cambio de sentido de calles - Informe Litoral\" \/>\n<meta property=\"og:description\" content=\"Esta semana se est&aacute;n colocando 25 nuevas garitas de colectivos, 61 carteles indicadores, 12 sem&aacute;foros exclusivos para colectivos, entre otras acciones. Desde el domingo regir&aacute; el nuevo esquema de tr&aacute;nsito en la capital entrerriana. Con las cr&iacute;ticas de un grupo de comerciantes que se oponen, las dudas de muchos otros sobre la factibilidad y conveniencia [&hellip;]\" \/>\n<meta property=\"og:url\" content=\"https:\/\/informelitoral.com.ar\/parana-cuenta-regresiva-para-el-cambio-de-sentido-de-calles\/\" \/>\n<meta property=\"og:site_name\" content=\"Informe Litoral\" \/>\n<meta property=\"article:publisher\" content=\"https:\/\/www.facebook.com\/informelitoral\/\" \/>\n<meta property=\"article:published_time\" content=\"2016-07-12T11:03:02+00:00\" \/>\n<meta property=\"article:modified_time\" content=\"2016-07-12T11:11:27+00:00\" \/>\n<meta property=\"og:image\" content=\"https:\/\/informelitoral.com.ar\/%77%70%2d%63%6f%6e%74%65%6e%74\/uploads\/2016\/07\/o_1454346678.jpg\" \/>\n\t<meta property=\"og:image:width\" content=\"800\" \/>\n\t<meta property=\"og:image:height\" content=\"450\" \/>\n\t<meta property=\"og:image:type\" content=\"image\/jpeg\" \/>\n<meta name=\"author\" content=\"Gonzalo Schmidt\" \/>\n<meta name=\"twitter:card\" content=\"summary_large_image\" \/>\n<meta name=\"twitter:creator\" content=\"@InformeLitoral\" \/>\n<meta name=\"twitter:site\" content=\"@InformeLitoral\" \/>\n<meta name=\"twitter:label1\" content=\"Escrito por\" \/>\n\t<meta name=\"twitter:data1\" content=\"Gonzalo Schmidt\" \/>\n\t<meta name=\"twitter:label2\" content=\"Tiempo de lectura\" \/>\n\t<meta name=\"twitter:data2\" content=\"3 minutos\" \/>\n<script type=\"application\/ld+json\" class=\"yoast-schema-graph\">{\"@context\":\"https:\\\/\\\/schema.org\",\"@graph\":[{\"@type\":\"Article\",\"@id\":\"https:\\\/\\\/informelitoral.com.ar\\\/parana-cuenta-regresiva-para-el-cambio-de-sentido-de-calles\\\/#article\",\"isPartOf\":{\"@id\":\"https:\\\/\\\/informelitoral.com.ar\\\/parana-cuenta-regresiva-para-el-cambio-de-sentido-de-calles\\\/\"},\"author\":{\"name\":\"Gonzalo Schmidt\",\"@id\":\"https:\\\/\\\/informelitoral.com.ar\\\/#\\\/schema\\\/person\\\/b9d00407c836482871ef1d57bf8e3180\"},\"headline\":\"Paran\u00e1: cuenta regresiva para el cambio de sentido de calles\",\"datePublished\":\"2016-07-12T11:03:02+00:00\",\"dateModified\":\"2016-07-12T11:11:27+00:00\",\"mainEntityOfPage\":{\"@id\":\"https:\\\/\\\/informelitoral.com.ar\\\/parana-cuenta-regresiva-para-el-cambio-de-sentido-de-calles\\\/\"},\"wordCount\":686,\"commentCount\":0,\"publisher\":{\"@id\":\"https:\\\/\\\/informelitoral.com.ar\\\/#organization\"},\"image\":{\"@id\":\"https:\\\/\\\/informelitoral.com.ar\\\/parana-cuenta-regresiva-para-el-cambio-de-sentido-de-calles\\\/#primaryimage\"},\"thumbnailUrl\":\"http:\\\/\\\/www.isletasnoticias.com.ar\\\/%77%70%2d%63%6f%6e%74%65%6e%74\\\/uploads\\\/2016\\\/07\\\/o_1454346678.jpg\",\"articleSection\":[\"Entre R\u00edos\"],\"inLanguage\":\"es\",\"potentialAction\":[{\"@type\":\"CommentAction\",\"name\":\"Comment\",\"target\":[\"https:\\\/\\\/informelitoral.com.ar\\\/parana-cuenta-regresiva-para-el-cambio-de-sentido-de-calles\\\/#respond\"]}]},{\"@type\":\"WebPage\",\"@id\":\"https:\\\/\\\/informelitoral.com.ar\\\/parana-cuenta-regresiva-para-el-cambio-de-sentido-de-calles\\\/\",\"url\":\"https:\\\/\\\/informelitoral.com.ar\\\/parana-cuenta-regresiva-para-el-cambio-de-sentido-de-calles\\\/\",\"name\":\"Paran\u00e1: cuenta regresiva para el cambio de sentido de calles - Informe Litoral\",\"isPartOf\":{\"@id\":\"https:\\\/\\\/informelitoral.com.ar\\\/#website\"},\"primaryImageOfPage\":{\"@id\":\"https:\\\/\\\/informelitoral.com.ar\\\/parana-cuenta-regresiva-para-el-cambio-de-sentido-de-calles\\\/#primaryimage\"},\"image\":{\"@id\":\"https:\\\/\\\/informelitoral.com.ar\\\/parana-cuenta-regresiva-para-el-cambio-de-sentido-de-calles\\\/#primaryimage\"},\"thumbnailUrl\":\"http:\\\/\\\/www.isletasnoticias.com.ar\\\/%77%70%2d%63%6f%6e%74%65%6e%74\\\/uploads\\\/2016\\\/07\\\/o_1454346678.jpg\",\"datePublished\":\"2016-07-12T11:03:02+00:00\",\"dateModified\":\"2016-07-12T11:11:27+00:00\",\"breadcrumb\":{\"@id\":\"https:\\\/\\\/informelitoral.com.ar\\\/parana-cuenta-regresiva-para-el-cambio-de-sentido-de-calles\\\/#breadcrumb\"},\"inLanguage\":\"es\",\"potentialAction\":[{\"@type\":\"ReadAction\",\"target\":[\"https:\\\/\\\/informelitoral.com.ar\\\/parana-cuenta-regresiva-para-el-cambio-de-sentido-de-calles\\\/\"]}]},{\"@type\":\"ImageObject\",\"inLanguage\":\"es\",\"@id\":\"https:\\\/\\\/informelitoral.com.ar\\\/parana-cuenta-regresiva-para-el-cambio-de-sentido-de-calles\\\/#primaryimage\",\"url\":\"http:\\\/\\\/www.isletasnoticias.com.ar\\\/%77%70%2d%63%6f%6e%74%65%6e%74\\\/uploads\\\/2016\\\/07\\\/o_1454346678.jpg\",\"contentUrl\":\"http:\\\/\\\/www.isletasnoticias.com.ar\\\/%77%70%2d%63%6f%6e%74%65%6e%74\\\/uploads\\\/2016\\\/07\\\/o_1454346678.jpg\"},{\"@type\":\"BreadcrumbList\",\"@id\":\"https:\\\/\\\/informelitoral.com.ar\\\/parana-cuenta-regresiva-para-el-cambio-de-sentido-de-calles\\\/#breadcrumb\",\"itemListElement\":[{\"@type\":\"ListItem\",\"position\":1,\"name\":\"Portada\",\"item\":\"https:\\\/\\\/informelitoral.com.ar\\\/\"},{\"@type\":\"ListItem\",\"position\":2,\"name\":\"Paran\u00e1: cuenta regresiva para el cambio de sentido de calles\"}]},{\"@type\":\"WebSite\",\"@id\":\"https:\\\/\\\/informelitoral.com.ar\\\/#website\",\"url\":\"https:\\\/\\\/informelitoral.com.ar\\\/\",\"name\":\"Informe Litoral\",\"description\":\"&quot;Nos informamos&quot; \",\"publisher\":{\"@id\":\"https:\\\/\\\/informelitoral.com.ar\\\/#organization\"},\"potentialAction\":[{\"@type\":\"SearchAction\",\"target\":{\"@type\":\"EntryPoint\",\"urlTemplate\":\"https:\\\/\\\/informelitoral.com.ar\\\/?s={search_term_string}\"},\"query-input\":{\"@type\":\"PropertyValueSpecification\",\"valueRequired\":true,\"valueName\":\"search_term_string\"}}],\"inLanguage\":\"es\"},{\"@type\":\"Organization\",\"@id\":\"https:\\\/\\\/informelitoral.com.ar\\\/#organization\",\"name\":\"Informe Litoral\",\"url\":\"https:\\\/\\\/informelitoral.com.ar\\\/\",\"logo\":{\"@type\":\"ImageObject\",\"inLanguage\":\"es\",\"@id\":\"https:\\\/\\\/informelitoral.com.ar\\\/#\\\/schema\\\/logo\\\/image\\\/\",\"url\":\"https:\\\/\\\/informelitoral.com.ar\\\/%77%70%2d%63%6f%6e%74%65%6e%74\\\/uploads\\\/2021\\\/01\\\/circulo.png\",\"contentUrl\":\"https:\\\/\\\/informelitoral.com.ar\\\/%77%70%2d%63%6f%6e%74%65%6e%74\\\/uploads\\\/2021\\\/01\\\/circulo.png\",\"width\":723,\"height\":731,\"caption\":\"Informe Litoral\"},\"image\":{\"@id\":\"https:\\\/\\\/informelitoral.com.ar\\\/#\\\/schema\\\/logo\\\/image\\\/\"},\"sameAs\":[\"https:\\\/\\\/www.facebook.com\\\/informelitoral\\\/\",\"https:\\\/\\\/x.com\\\/InformeLitoral\",\"https:\\\/\\\/www.instagram.com\\\/informelitoral\\\/\",\"https:\\\/\\\/www.youtube.com\\\/channel\\\/UCua4Qvz8Icb6MYqhoq9xLXw\"]},{\"@type\":\"Person\",\"@id\":\"https:\\\/\\\/informelitoral.com.ar\\\/#\\\/schema\\\/person\\\/b9d00407c836482871ef1d57bf8e3180\",\"name\":\"Gonzalo Schmidt\",\"image\":{\"@type\":\"ImageObject\",\"inLanguage\":\"es\",\"@id\":\"https:\\\/\\\/secure.gravatar.com\\\/avatar\\\/31a1a7b66ff2de83bd0e9fd79d026630d2d99e55e8bfe501287647b4fd9743de?s=96&d=mm&r=g\",\"url\":\"https:\\\/\\\/secure.gravatar.com\\\/avatar\\\/31a1a7b66ff2de83bd0e9fd79d026630d2d99e55e8bfe501287647b4fd9743de?s=96&d=mm&r=g\",\"contentUrl\":\"https:\\\/\\\/secure.gravatar.com\\\/avatar\\\/31a1a7b66ff2de83bd0e9fd79d026630d2d99e55e8bfe501287647b4fd9743de?s=96&d=mm&r=g\",\"caption\":\"Gonzalo Schmidt\"},\"description\":\"Sitio web de noticias de la provincia de Entre R\u00edos, Argentina. Informaci\u00f3n y entretenimiento. Informe Litoral, nos informamos.\",\"sameAs\":[\"http:\\\/\\\/www.isletasnoticias.com.ar\"],\"url\":\"https:\\\/\\\/informelitoral.com.ar\\\/author\\\/gonzalo\\\/\"}]}<\/script>","yoast_head_json":{"title":"Paran\u00e1: cuenta regresiva para el cambio de sentido de calles - Informe Litoral","robots":{"index":"index","follow":"follow","max-snippet":"max-snippet:-1","max-image-preview":"max-image-preview:large","max-video-preview":"max-video-preview:-1"},"canonical":"https:\/\/informelitoral.com.ar\/parana-cuenta-regresiva-para-el-cambio-de-sentido-de-calles\/","og_locale":"es_ES","og_type":"article","og_title":"Paran\u00e1: cuenta regresiva para el cambio de sentido de calles - Informe Litoral","og_description":"Esta semana se est&aacute;n colocando 25 nuevas garitas de colectivos, 61 carteles indicadores, 12 sem&aacute;foros exclusivos para colectivos, entre otras acciones. Desde el domingo regir&aacute; el nuevo esquema de tr&aacute;nsito en la capital entrerriana. Con las cr&iacute;ticas de un grupo de comerciantes que se oponen, las dudas de muchos otros sobre la factibilidad y conveniencia [&hellip;]","og_url":"https:\/\/informelitoral.com.ar\/parana-cuenta-regresiva-para-el-cambio-de-sentido-de-calles\/","og_site_name":"Informe Litoral","article_publisher":"https:\/\/www.facebook.com\/informelitoral\/","article_published_time":"2016-07-12T11:03:02+00:00","article_modified_time":"2016-07-12T11:11:27+00:00","og_image":[{"width":800,"height":450,"url":"https:\/\/informelitoral.com.ar\/%77%70%2d%63%6f%6e%74%65%6e%74\/uploads\/2016\/07\/o_1454346678.jpg","type":"image\/jpeg"}],"author":"Gonzalo Schmidt","twitter_card":"summary_large_image","twitter_creator":"@InformeLitoral","twitter_site":"@InformeLitoral","twitter_misc":{"Escrito por":"Gonzalo Schmidt","Tiempo de lectura":"3 minutos"},"schema":{"@context":"https:\/\/schema.org","@graph":[{"@type":"Article","@id":"https:\/\/informelitoral.com.ar\/parana-cuenta-regresiva-para-el-cambio-de-sentido-de-calles\/#article","isPartOf":{"@id":"https:\/\/informelitoral.com.ar\/parana-cuenta-regresiva-para-el-cambio-de-sentido-de-calles\/"},"author":{"name":"Gonzalo Schmidt","@id":"https:\/\/informelitoral.com.ar\/#\/schema\/person\/b9d00407c836482871ef1d57bf8e3180"},"headline":"Paran\u00e1: cuenta regresiva para el cambio de sentido de calles","datePublished":"2016-07-12T11:03:02+00:00","dateModified":"2016-07-12T11:11:27+00:00","mainEntityOfPage":{"@id":"https:\/\/informelitoral.com.ar\/parana-cuenta-regresiva-para-el-cambio-de-sentido-de-calles\/"},"wordCount":686,"commentCount":0,"publisher":{"@id":"https:\/\/informelitoral.com.ar\/#organization"},"image":{"@id":"https:\/\/informelitoral.com.ar\/parana-cuenta-regresiva-para-el-cambio-de-sentido-de-calles\/#primaryimage"},"thumbnailUrl":"http:\/\/www.isletasnoticias.com.ar\/%77%70%2d%63%6f%6e%74%65%6e%74\/uploads\/2016\/07\/o_1454346678.jpg","articleSection":["Entre R\u00edos"],"inLanguage":"es","potentialAction":[{"@type":"CommentAction","name":"Comment","target":["https:\/\/informelitoral.com.ar\/parana-cuenta-regresiva-para-el-cambio-de-sentido-de-calles\/#respond"]}]},{"@type":"WebPage","@id":"https:\/\/informelitoral.com.ar\/parana-cuenta-regresiva-para-el-cambio-de-sentido-de-calles\/","url":"https:\/\/informelitoral.com.ar\/parana-cuenta-regresiva-para-el-cambio-de-sentido-de-calles\/","name":"Paran\u00e1: cuenta regresiva para el cambio de sentido de calles - Informe Litoral","isPartOf":{"@id":"https:\/\/informelitoral.com.ar\/#website"},"primaryImageOfPage":{"@id":"https:\/\/informelitoral.com.ar\/parana-cuenta-regresiva-para-el-cambio-de-sentido-de-calles\/#primaryimage"},"image":{"@id":"https:\/\/informelitoral.com.ar\/parana-cuenta-regresiva-para-el-cambio-de-sentido-de-calles\/#primaryimage"},"thumbnailUrl":"http:\/\/www.isletasnoticias.com.ar\/%77%70%2d%63%6f%6e%74%65%6e%74\/uploads\/2016\/07\/o_1454346678.jpg","datePublished":"2016-07-12T11:03:02+00:00","dateModified":"2016-07-12T11:11:27+00:00","breadcrumb":{"@id":"https:\/\/informelitoral.com.ar\/parana-cuenta-regresiva-para-el-cambio-de-sentido-de-calles\/#breadcrumb"},"inLanguage":"es","potentialAction":[{"@type":"ReadAction","target":["https:\/\/informelitoral.com.ar\/parana-cuenta-regresiva-para-el-cambio-de-sentido-de-calles\/"]}]},{"@type":"ImageObject","inLanguage":"es","@id":"https:\/\/informelitoral.com.ar\/parana-cuenta-regresiva-para-el-cambio-de-sentido-de-calles\/#primaryimage","url":"http:\/\/www.isletasnoticias.com.ar\/%77%70%2d%63%6f%6e%74%65%6e%74\/uploads\/2016\/07\/o_1454346678.jpg","contentUrl":"http:\/\/www.isletasnoticias.com.ar\/%77%70%2d%63%6f%6e%74%65%6e%74\/uploads\/2016\/07\/o_1454346678.jpg"},{"@type":"BreadcrumbList","@id":"https:\/\/informelitoral.com.ar\/parana-cuenta-regresiva-para-el-cambio-de-sentido-de-calles\/#breadcrumb","itemListElement":[{"@type":"ListItem","position":1,"name":"Portada","item":"https:\/\/informelitoral.com.ar\/"},{"@type":"ListItem","position":2,"name":"Paran\u00e1: cuenta regresiva para el cambio de sentido de calles"}]},{"@type":"WebSite","@id":"https:\/\/informelitoral.com.ar\/#website","url":"https:\/\/informelitoral.com.ar\/","name":"Informe Litoral","description":"&quot;Nos informamos&quot; ","publisher":{"@id":"https:\/\/informelitoral.com.ar\/#organization"},"potentialAction":[{"@type":"SearchAction","target":{"@type":"EntryPoint","urlTemplate":"https:\/\/informelitoral.com.ar\/?s={search_term_string}"},"query-input":{"@type":"PropertyValueSpecification","valueRequired":true,"valueName":"search_term_string"}}],"inLanguage":"es"},{"@type":"Organization","@id":"https:\/\/informelitoral.com.ar\/#organization","name":"Informe Litoral","url":"https:\/\/informelitoral.com.ar\/","logo":{"@type":"ImageObject","inLanguage":"es","@id":"https:\/\/informelitoral.com.ar\/#\/schema\/logo\/image\/","url":"https:\/\/informelitoral.com.ar\/%77%70%2d%63%6f%6e%74%65%6e%74\/uploads\/2021\/01\/circulo.png","contentUrl":"https:\/\/informelitoral.com.ar\/%77%70%2d%63%6f%6e%74%65%6e%74\/uploads\/2021\/01\/circulo.png","width":723,"height":731,"caption":"Informe Litoral"},"image":{"@id":"https:\/\/informelitoral.com.ar\/#\/schema\/logo\/image\/"},"sameAs":["https:\/\/www.facebook.com\/informelitoral\/","https:\/\/x.com\/InformeLitoral","https:\/\/www.instagram.com\/informelitoral\/","https:\/\/www.youtube.com\/channel\/UCua4Qvz8Icb6MYqhoq9xLXw"]},{"@type":"Person","@id":"https:\/\/informelitoral.com.ar\/#\/schema\/person\/b9d00407c836482871ef1d57bf8e3180","name":"Gonzalo Schmidt","image":{"@type":"ImageObject","inLanguage":"es","@id":"https:\/\/secure.gravatar.com\/avatar\/31a1a7b66ff2de83bd0e9fd79d026630d2d99e55e8bfe501287647b4fd9743de?s=96&d=mm&r=g","url":"https:\/\/secure.gravatar.com\/avatar\/31a1a7b66ff2de83bd0e9fd79d026630d2d99e55e8bfe501287647b4fd9743de?s=96&d=mm&r=g","contentUrl":"https:\/\/secure.gravatar.com\/avatar\/31a1a7b66ff2de83bd0e9fd79d026630d2d99e55e8bfe501287647b4fd9743de?s=96&d=mm&r=g","caption":"Gonzalo Schmidt"},"description":"Sitio web de noticias de la provincia de Entre R\u00edos, Argentina. Informaci\u00f3n y entretenimiento. Informe Litoral, nos informamos.","sameAs":["http:\/\/www.isletasnoticias.com.ar"],"url":"https:\/\/informelitoral.com.ar\/author\/gonzalo\/"}]}},"_links":{"self":[{"href":"https:\/\/informelitoral.com.ar\/%77%70%2d%6a%73%6f%6e\/wp\/v2\/posts\/17116","targetHints":{"allow":["GET"]}}],"collection":[{"href":"https:\/\/informelitoral.com.ar\/%77%70%2d%6a%73%6f%6e\/wp\/v2\/posts"}],"about":[{"href":"https:\/\/informelitoral.com.ar\/%77%70%2d%6a%73%6f%6e\/wp\/v2\/types\/post"}],"author":[{"embeddable":true,"href":"https:\/\/informelitoral.com.ar\/%77%70%2d%6a%73%6f%6e\/wp\/v2\/users\/2"}],"replies":[{"embeddable":true,"href":"https:\/\/informelitoral.com.ar\/%77%70%2d%6a%73%6f%6e\/wp\/v2\/comments?post=17116"}],"version-history":[{"count":0,"href":"https:\/\/informelitoral.com.ar\/%77%70%2d%6a%73%6f%6e\/wp\/v2\/posts\/17116\/revisions"}],"wp:attachment":[{"href":"https:\/\/informelitoral.com.ar\/%77%70%2d%6a%73%6f%6e\/wp\/v2\/media?parent=17116"}],"wp:term":[{"taxonomy":"category","embeddable":true,"href":"https:\/\/informelitoral.com.ar\/%77%70%2d%6a%73%6f%6e\/wp\/v2\/categories?post=17116"},{"taxonomy":"post_tag","embeddable":true,"href":"https:\/\/informelitoral.com.ar\/%77%70%2d%6a%73%6f%6e\/wp\/v2\/tags?post=17116"}],"curies":[{"name":"wp","href":"https:\/\/api.w.org\/{rel}","templated":true}]}}