{"id":17113,"date":"2016-07-12T07:49:58","date_gmt":"2016-07-12T10:49:58","guid":{"rendered":"http:\/\/www.isletasnoticias.com.ar\/?p=17113"},"modified":"2016-07-12T07:49:58","modified_gmt":"2016-07-12T10:49:58","slug":"fijaron-un-tope-de-400-de-suba-sobre-el-total-de-la-factura-de-gas","status":"publish","type":"post","link":"https:\/\/informelitoral.com.ar\/fijaron-un-tope-de-400-de-suba-sobre-el-total-de-la-factura-de-gas\/","title":{"rendered":"Fijaron un tope de 400% de suba sobre el total de la factura de gas"},"content":{"rendered":"<p><strong>Lo anunci\u00f3 el Gobierno en una conferencia de prensa. La revisi\u00f3n de facturas ser\u00e1 retroactiva al primero de abril. Adem\u00e1s, apelar\u00e1n el fallo que anul\u00f3 los aumentos que resolvi\u00f3 el Ministerio de Energ\u00eda<\/strong>.<a href=\"http:\/\/www.isletasnoticias.com.ar\/%77%70%2d%63%6f%6e%74%65%6e%74\/uploads\/2016\/07\/0011098655.jpg\"><img loading=\"lazy\" decoding=\"async\" class=\"aligncenter wp-image-17114 size-full\" src=\"http:\/\/www.isletasnoticias.com.ar\/%77%70%2d%63%6f%6e%74%65%6e%74\/uploads\/2016\/07\/0011098655.jpg\" alt=\"0011098655\" width=\"770\" height=\"433\" srcset=\"https:\/\/informelitoral.com.ar\/%77%70%2d%63%6f%6e%74%65%6e%74\/uploads\/2016\/07\/0011098655.jpg 770w, https:\/\/informelitoral.com.ar\/%77%70%2d%63%6f%6e%74%65%6e%74\/uploads\/2016\/07\/0011098655-300x169.jpg 300w, https:\/\/informelitoral.com.ar\/%77%70%2d%63%6f%6e%74%65%6e%74\/uploads\/2016\/07\/0011098655-768x432.jpg 768w\" sizes=\"auto, (max-width: 770px) 100vw, 770px\" \/><\/a><\/p>\n<p>El gobierno nacional decidi\u00f3 dar marcha atr\u00e1s y aplicar un techo de 400% sobre la boleta de gas para residenciales, y de un 500% para los comerciantes. Parece una vieja noticia, pero no: el tope antes era sobre el consumo variable, mientras que ahora ser\u00e1 sobre el total de la factura.<\/p>\n<p>La medida fue confirmada oficialmente en una conferencia de prensa que brindaron el jefe de Gabinete, <strong>Marcos Pe\u00f1a<\/strong>, y los ministros de Energ\u00eda y Miner\u00eda, <strong>Juan Jos\u00e9 Aranguren<\/strong>, y de Justicia, <strong>Germ\u00e1n Garavano.<\/strong><\/p>\n<p>Pe\u00f1a inform\u00f3 que las boletas de gas tendr\u00e1n un tope del 400% de aumento, retroactivo al primero de abril, y sostuvo que \u00abesto ayuda a pasar esta primera etapa de construcci\u00f3n\u00bb.<\/p>\n<p>\u00abTomamos esta resoluci\u00f3n luego de conversar y escuchar a dirigentes de la oposici\u00f3n, a la gente y ver que este camino debe tener un equilibrio\u00bb, sostuvo el jefe de Gabinete, seg\u00fan registr\u00f3<em> Infobae.<\/em><\/p>\n<p>Los anuncios fueron resueltos durante una reuni\u00f3n realizada este lunes por la ma\u00f1ana entre el presidente Mauricio Macri y el ministro Aranguren en la Casa de Gobierno. All\u00ed resolvieron imprimir gradualismo a una medida que generar\u00e1 el nuevo esquema de facturaciones.<\/p>\n<p>Una c\u00e1mara federal de La Plata suspendi\u00f3 los aumentos de gas en todo el pa\u00eds, al declarar nulas las resoluciones del Ministerio de Energ\u00eda. El Gobierno apelar\u00e1 este martes el fallo y la presentaci\u00f3n de un recurso extraordinario la har\u00e1 la Procuraci\u00f3n General del Tesoro.<\/p>\n<p><b>\u00bfC\u00f3mo cambi\u00f3 el tope de 400%?<\/b><br \/>\nCuando semanas atr\u00e1s comenzaron a llegar las primeras facturas a las casas y departamentos en distintas regiones del pa\u00eds, muchos usuarios se encontraron con boletas muy altas no s\u00f3lo por la suba de tarifas, sino por un consumo estacional mayor que en otros per\u00edodos: el invierno se adelant\u00f3 y abril y mayo marcaron r\u00e9cord en bajas temperaturas.<\/p>\n<p>El tope de 400% para residenciales y de 500% para empresas y comercios se hab\u00eda aplicado sobre el cargo variable, que en la factura se detalla bajo el nombre de \u00abCONSUMO\u00bb. Como lo dice la palabra, es el consumo total para el bimestre, pues multiplica la cantidad de metros c\u00fabicos consumidos por el costo de cada metro c\u00fabico.<\/p>\n<p>Aunque esta nueva decisi\u00f3n permitir\u00e1 contener la suba de tarifas, no premiar\u00e1 a los hogares que consuman menos, uno de los pilares que hab\u00eda defendido el Gobierno.<\/p>\n","protected":false},"excerpt":{"rendered":"<p>Lo anunci&oacute; el Gobierno en una conferencia de prensa. La revisi&oacute;n de facturas ser&aacute; retroactiva al primero de abril. Adem&aacute;s, apelar&aacute;n el fallo que anul&oacute; los aumentos que resolvi&oacute; el Ministerio de Energ&iacute;a. El gobierno nacional decidi&oacute; dar marcha atr&aacute;s y aplicar un techo de 400% sobre la boleta de gas para residenciales, y de [&hellip;]<\/p>\n","protected":false},"author":2,"featured_media":0,"comment_status":"open","ping_status":"open","sticky":false,"template":"","format":"standard","meta":{"fifu_image_url":"","fifu_image_alt":"","footnotes":""},"categories":[7],"tags":[],"class_list":{"0":"post-17113","1":"post","2":"type-post","3":"status-publish","4":"format-standard","6":"category-nacionales"},"yoast_head":"<title>Fijaron un tope de 400% de suba sobre el total de la factura de gas - Informe Litoral<\/title>\n<meta name=\"robots\" content=\"index, follow, max-snippet:-1, max-image-preview:large, max-video-preview:-1\" \/>\n<link rel=\"canonical\" href=\"https:\/\/informelitoral.com.ar\/fijaron-un-tope-de-400-de-suba-sobre-el-total-de-la-factura-de-gas\/\" \/>\n<meta property=\"og:locale\" content=\"es_ES\" \/>\n<meta property=\"og:type\" content=\"article\" \/>\n<meta property=\"og:title\" content=\"Fijaron un tope de 400% de suba sobre el total de la factura de gas - Informe Litoral\" \/>\n<meta property=\"og:description\" content=\"Lo anunci&oacute; el Gobierno en una conferencia de prensa. La revisi&oacute;n de facturas ser&aacute; retroactiva al primero de abril. Adem&aacute;s, apelar&aacute;n el fallo que anul&oacute; los aumentos que resolvi&oacute; el Ministerio de Energ&iacute;a. El gobierno nacional decidi&oacute; dar marcha atr&aacute;s y aplicar un techo de 400% sobre la boleta de gas para residenciales, y de [&hellip;]\" \/>\n<meta property=\"og:url\" content=\"https:\/\/informelitoral.com.ar\/fijaron-un-tope-de-400-de-suba-sobre-el-total-de-la-factura-de-gas\/\" \/>\n<meta property=\"og:site_name\" content=\"Informe Litoral\" \/>\n<meta property=\"article:publisher\" content=\"https:\/\/www.facebook.com\/informelitoral\/\" \/>\n<meta property=\"article:published_time\" content=\"2016-07-12T10:49:58+00:00\" \/>\n<meta property=\"og:image\" content=\"https:\/\/informelitoral.com.ar\/%77%70%2d%63%6f%6e%74%65%6e%74\/uploads\/2016\/07\/0011098655.jpg\" \/>\n\t<meta property=\"og:image:width\" content=\"770\" \/>\n\t<meta property=\"og:image:height\" content=\"433\" \/>\n\t<meta property=\"og:image:type\" content=\"image\/jpeg\" \/>\n<meta name=\"author\" content=\"Gonzalo Schmidt\" \/>\n<meta name=\"twitter:card\" content=\"summary_large_image\" \/>\n<meta name=\"twitter:creator\" content=\"@InformeLitoral\" \/>\n<meta name=\"twitter:site\" content=\"@InformeLitoral\" \/>\n<meta name=\"twitter:label1\" content=\"Escrito por\" \/>\n\t<meta name=\"twitter:data1\" content=\"Gonzalo Schmidt\" \/>\n\t<meta name=\"twitter:label2\" content=\"Tiempo de lectura\" \/>\n\t<meta name=\"twitter:data2\" content=\"2 minutos\" \/>\n<script type=\"application\/ld+json\" class=\"yoast-schema-graph\">{\"@context\":\"https:\\\/\\\/schema.org\",\"@graph\":[{\"@type\":\"Article\",\"@id\":\"https:\\\/\\\/informelitoral.com.ar\\\/fijaron-un-tope-de-400-de-suba-sobre-el-total-de-la-factura-de-gas\\\/#article\",\"isPartOf\":{\"@id\":\"https:\\\/\\\/informelitoral.com.ar\\\/fijaron-un-tope-de-400-de-suba-sobre-el-total-de-la-factura-de-gas\\\/\"},\"author\":{\"name\":\"Gonzalo Schmidt\",\"@id\":\"https:\\\/\\\/informelitoral.com.ar\\\/#\\\/schema\\\/person\\\/b9d00407c836482871ef1d57bf8e3180\"},\"headline\":\"Fijaron un tope de 400% de suba sobre el total de la factura de gas\",\"datePublished\":\"2016-07-12T10:49:58+00:00\",\"mainEntityOfPage\":{\"@id\":\"https:\\\/\\\/informelitoral.com.ar\\\/fijaron-un-tope-de-400-de-suba-sobre-el-total-de-la-factura-de-gas\\\/\"},\"wordCount\":456,\"commentCount\":0,\"publisher\":{\"@id\":\"https:\\\/\\\/informelitoral.com.ar\\\/#organization\"},\"image\":{\"@id\":\"https:\\\/\\\/informelitoral.com.ar\\\/fijaron-un-tope-de-400-de-suba-sobre-el-total-de-la-factura-de-gas\\\/#primaryimage\"},\"thumbnailUrl\":\"http:\\\/\\\/www.isletasnoticias.com.ar\\\/%77%70%2d%63%6f%6e%74%65%6e%74\\\/uploads\\\/2016\\\/07\\\/0011098655.jpg\",\"articleSection\":[\"Nacionales\"],\"inLanguage\":\"es\",\"potentialAction\":[{\"@type\":\"CommentAction\",\"name\":\"Comment\",\"target\":[\"https:\\\/\\\/informelitoral.com.ar\\\/fijaron-un-tope-de-400-de-suba-sobre-el-total-de-la-factura-de-gas\\\/#respond\"]}]},{\"@type\":\"WebPage\",\"@id\":\"https:\\\/\\\/informelitoral.com.ar\\\/fijaron-un-tope-de-400-de-suba-sobre-el-total-de-la-factura-de-gas\\\/\",\"url\":\"https:\\\/\\\/informelitoral.com.ar\\\/fijaron-un-tope-de-400-de-suba-sobre-el-total-de-la-factura-de-gas\\\/\",\"name\":\"Fijaron un tope de 400% de suba sobre el total de la factura de gas - Informe Litoral\",\"isPartOf\":{\"@id\":\"https:\\\/\\\/informelitoral.com.ar\\\/#website\"},\"primaryImageOfPage\":{\"@id\":\"https:\\\/\\\/informelitoral.com.ar\\\/fijaron-un-tope-de-400-de-suba-sobre-el-total-de-la-factura-de-gas\\\/#primaryimage\"},\"image\":{\"@id\":\"https:\\\/\\\/informelitoral.com.ar\\\/fijaron-un-tope-de-400-de-suba-sobre-el-total-de-la-factura-de-gas\\\/#primaryimage\"},\"thumbnailUrl\":\"http:\\\/\\\/www.isletasnoticias.com.ar\\\/%77%70%2d%63%6f%6e%74%65%6e%74\\\/uploads\\\/2016\\\/07\\\/0011098655.jpg\",\"datePublished\":\"2016-07-12T10:49:58+00:00\",\"breadcrumb\":{\"@id\":\"https:\\\/\\\/informelitoral.com.ar\\\/fijaron-un-tope-de-400-de-suba-sobre-el-total-de-la-factura-de-gas\\\/#breadcrumb\"},\"inLanguage\":\"es\",\"potentialAction\":[{\"@type\":\"ReadAction\",\"target\":[\"https:\\\/\\\/informelitoral.com.ar\\\/fijaron-un-tope-de-400-de-suba-sobre-el-total-de-la-factura-de-gas\\\/\"]}]},{\"@type\":\"ImageObject\",\"inLanguage\":\"es\",\"@id\":\"https:\\\/\\\/informelitoral.com.ar\\\/fijaron-un-tope-de-400-de-suba-sobre-el-total-de-la-factura-de-gas\\\/#primaryimage\",\"url\":\"http:\\\/\\\/www.isletasnoticias.com.ar\\\/%77%70%2d%63%6f%6e%74%65%6e%74\\\/uploads\\\/2016\\\/07\\\/0011098655.jpg\",\"contentUrl\":\"http:\\\/\\\/www.isletasnoticias.com.ar\\\/%77%70%2d%63%6f%6e%74%65%6e%74\\\/uploads\\\/2016\\\/07\\\/0011098655.jpg\"},{\"@type\":\"BreadcrumbList\",\"@id\":\"https:\\\/\\\/informelitoral.com.ar\\\/fijaron-un-tope-de-400-de-suba-sobre-el-total-de-la-factura-de-gas\\\/#breadcrumb\",\"itemListElement\":[{\"@type\":\"ListItem\",\"position\":1,\"name\":\"Portada\",\"item\":\"https:\\\/\\\/informelitoral.com.ar\\\/\"},{\"@type\":\"ListItem\",\"position\":2,\"name\":\"Fijaron un tope de 400% de suba sobre el total de la factura de gas\"}]},{\"@type\":\"WebSite\",\"@id\":\"https:\\\/\\\/informelitoral.com.ar\\\/#website\",\"url\":\"https:\\\/\\\/informelitoral.com.ar\\\/\",\"name\":\"Informe Litoral\",\"description\":\"&quot;Nos informamos&quot; \",\"publisher\":{\"@id\":\"https:\\\/\\\/informelitoral.com.ar\\\/#organization\"},\"potentialAction\":[{\"@type\":\"SearchAction\",\"target\":{\"@type\":\"EntryPoint\",\"urlTemplate\":\"https:\\\/\\\/informelitoral.com.ar\\\/?s={search_term_string}\"},\"query-input\":{\"@type\":\"PropertyValueSpecification\",\"valueRequired\":true,\"valueName\":\"search_term_string\"}}],\"inLanguage\":\"es\"},{\"@type\":\"Organization\",\"@id\":\"https:\\\/\\\/informelitoral.com.ar\\\/#organization\",\"name\":\"Informe Litoral\",\"url\":\"https:\\\/\\\/informelitoral.com.ar\\\/\",\"logo\":{\"@type\":\"ImageObject\",\"inLanguage\":\"es\",\"@id\":\"https:\\\/\\\/informelitoral.com.ar\\\/#\\\/schema\\\/logo\\\/image\\\/\",\"url\":\"https:\\\/\\\/informelitoral.com.ar\\\/%77%70%2d%63%6f%6e%74%65%6e%74\\\/uploads\\\/2021\\\/01\\\/circulo.png\",\"contentUrl\":\"https:\\\/\\\/informelitoral.com.ar\\\/%77%70%2d%63%6f%6e%74%65%6e%74\\\/uploads\\\/2021\\\/01\\\/circulo.png\",\"width\":723,\"height\":731,\"caption\":\"Informe Litoral\"},\"image\":{\"@id\":\"https:\\\/\\\/informelitoral.com.ar\\\/#\\\/schema\\\/logo\\\/image\\\/\"},\"sameAs\":[\"https:\\\/\\\/www.facebook.com\\\/informelitoral\\\/\",\"https:\\\/\\\/x.com\\\/InformeLitoral\",\"https:\\\/\\\/www.instagram.com\\\/informelitoral\\\/\",\"https:\\\/\\\/www.youtube.com\\\/channel\\\/UCua4Qvz8Icb6MYqhoq9xLXw\"]},{\"@type\":\"Person\",\"@id\":\"https:\\\/\\\/informelitoral.com.ar\\\/#\\\/schema\\\/person\\\/b9d00407c836482871ef1d57bf8e3180\",\"name\":\"Gonzalo Schmidt\",\"image\":{\"@type\":\"ImageObject\",\"inLanguage\":\"es\",\"@id\":\"https:\\\/\\\/secure.gravatar.com\\\/avatar\\\/31a1a7b66ff2de83bd0e9fd79d026630d2d99e55e8bfe501287647b4fd9743de?s=96&d=mm&r=g\",\"url\":\"https:\\\/\\\/secure.gravatar.com\\\/avatar\\\/31a1a7b66ff2de83bd0e9fd79d026630d2d99e55e8bfe501287647b4fd9743de?s=96&d=mm&r=g\",\"contentUrl\":\"https:\\\/\\\/secure.gravatar.com\\\/avatar\\\/31a1a7b66ff2de83bd0e9fd79d026630d2d99e55e8bfe501287647b4fd9743de?s=96&d=mm&r=g\",\"caption\":\"Gonzalo Schmidt\"},\"description\":\"Sitio web de noticias de la provincia de Entre R\u00edos, Argentina. Informaci\u00f3n y entretenimiento. Informe Litoral, nos informamos.\",\"sameAs\":[\"http:\\\/\\\/www.isletasnoticias.com.ar\"],\"url\":\"https:\\\/\\\/informelitoral.com.ar\\\/author\\\/gonzalo\\\/\"}]}<\/script>","yoast_head_json":{"title":"Fijaron un tope de 400% de suba sobre el total de la factura de gas - Informe Litoral","robots":{"index":"index","follow":"follow","max-snippet":"max-snippet:-1","max-image-preview":"max-image-preview:large","max-video-preview":"max-video-preview:-1"},"canonical":"https:\/\/informelitoral.com.ar\/fijaron-un-tope-de-400-de-suba-sobre-el-total-de-la-factura-de-gas\/","og_locale":"es_ES","og_type":"article","og_title":"Fijaron un tope de 400% de suba sobre el total de la factura de gas - Informe Litoral","og_description":"Lo anunci&oacute; el Gobierno en una conferencia de prensa. La revisi&oacute;n de facturas ser&aacute; retroactiva al primero de abril. Adem&aacute;s, apelar&aacute;n el fallo que anul&oacute; los aumentos que resolvi&oacute; el Ministerio de Energ&iacute;a. El gobierno nacional decidi&oacute; dar marcha atr&aacute;s y aplicar un techo de 400% sobre la boleta de gas para residenciales, y de [&hellip;]","og_url":"https:\/\/informelitoral.com.ar\/fijaron-un-tope-de-400-de-suba-sobre-el-total-de-la-factura-de-gas\/","og_site_name":"Informe Litoral","article_publisher":"https:\/\/www.facebook.com\/informelitoral\/","article_published_time":"2016-07-12T10:49:58+00:00","og_image":[{"width":770,"height":433,"url":"https:\/\/informelitoral.com.ar\/%77%70%2d%63%6f%6e%74%65%6e%74\/uploads\/2016\/07\/0011098655.jpg","type":"image\/jpeg"}],"author":"Gonzalo Schmidt","twitter_card":"summary_large_image","twitter_creator":"@InformeLitoral","twitter_site":"@InformeLitoral","twitter_misc":{"Escrito por":"Gonzalo Schmidt","Tiempo de lectura":"2 minutos"},"schema":{"@context":"https:\/\/schema.org","@graph":[{"@type":"Article","@id":"https:\/\/informelitoral.com.ar\/fijaron-un-tope-de-400-de-suba-sobre-el-total-de-la-factura-de-gas\/#article","isPartOf":{"@id":"https:\/\/informelitoral.com.ar\/fijaron-un-tope-de-400-de-suba-sobre-el-total-de-la-factura-de-gas\/"},"author":{"name":"Gonzalo Schmidt","@id":"https:\/\/informelitoral.com.ar\/#\/schema\/person\/b9d00407c836482871ef1d57bf8e3180"},"headline":"Fijaron un tope de 400% de suba sobre el total de la factura de gas","datePublished":"2016-07-12T10:49:58+00:00","mainEntityOfPage":{"@id":"https:\/\/informelitoral.com.ar\/fijaron-un-tope-de-400-de-suba-sobre-el-total-de-la-factura-de-gas\/"},"wordCount":456,"commentCount":0,"publisher":{"@id":"https:\/\/informelitoral.com.ar\/#organization"},"image":{"@id":"https:\/\/informelitoral.com.ar\/fijaron-un-tope-de-400-de-suba-sobre-el-total-de-la-factura-de-gas\/#primaryimage"},"thumbnailUrl":"http:\/\/www.isletasnoticias.com.ar\/%77%70%2d%63%6f%6e%74%65%6e%74\/uploads\/2016\/07\/0011098655.jpg","articleSection":["Nacionales"],"inLanguage":"es","potentialAction":[{"@type":"CommentAction","name":"Comment","target":["https:\/\/informelitoral.com.ar\/fijaron-un-tope-de-400-de-suba-sobre-el-total-de-la-factura-de-gas\/#respond"]}]},{"@type":"WebPage","@id":"https:\/\/informelitoral.com.ar\/fijaron-un-tope-de-400-de-suba-sobre-el-total-de-la-factura-de-gas\/","url":"https:\/\/informelitoral.com.ar\/fijaron-un-tope-de-400-de-suba-sobre-el-total-de-la-factura-de-gas\/","name":"Fijaron un tope de 400% de suba sobre el total de la factura de gas - Informe Litoral","isPartOf":{"@id":"https:\/\/informelitoral.com.ar\/#website"},"primaryImageOfPage":{"@id":"https:\/\/informelitoral.com.ar\/fijaron-un-tope-de-400-de-suba-sobre-el-total-de-la-factura-de-gas\/#primaryimage"},"image":{"@id":"https:\/\/informelitoral.com.ar\/fijaron-un-tope-de-400-de-suba-sobre-el-total-de-la-factura-de-gas\/#primaryimage"},"thumbnailUrl":"http:\/\/www.isletasnoticias.com.ar\/%77%70%2d%63%6f%6e%74%65%6e%74\/uploads\/2016\/07\/0011098655.jpg","datePublished":"2016-07-12T10:49:58+00:00","breadcrumb":{"@id":"https:\/\/informelitoral.com.ar\/fijaron-un-tope-de-400-de-suba-sobre-el-total-de-la-factura-de-gas\/#breadcrumb"},"inLanguage":"es","potentialAction":[{"@type":"ReadAction","target":["https:\/\/informelitoral.com.ar\/fijaron-un-tope-de-400-de-suba-sobre-el-total-de-la-factura-de-gas\/"]}]},{"@type":"ImageObject","inLanguage":"es","@id":"https:\/\/informelitoral.com.ar\/fijaron-un-tope-de-400-de-suba-sobre-el-total-de-la-factura-de-gas\/#primaryimage","url":"http:\/\/www.isletasnoticias.com.ar\/%77%70%2d%63%6f%6e%74%65%6e%74\/uploads\/2016\/07\/0011098655.jpg","contentUrl":"http:\/\/www.isletasnoticias.com.ar\/%77%70%2d%63%6f%6e%74%65%6e%74\/uploads\/2016\/07\/0011098655.jpg"},{"@type":"BreadcrumbList","@id":"https:\/\/informelitoral.com.ar\/fijaron-un-tope-de-400-de-suba-sobre-el-total-de-la-factura-de-gas\/#breadcrumb","itemListElement":[{"@type":"ListItem","position":1,"name":"Portada","item":"https:\/\/informelitoral.com.ar\/"},{"@type":"ListItem","position":2,"name":"Fijaron un tope de 400% de suba sobre el total de la factura de gas"}]},{"@type":"WebSite","@id":"https:\/\/informelitoral.com.ar\/#website","url":"https:\/\/informelitoral.com.ar\/","name":"Informe Litoral","description":"&quot;Nos informamos&quot; ","publisher":{"@id":"https:\/\/informelitoral.com.ar\/#organization"},"potentialAction":[{"@type":"SearchAction","target":{"@type":"EntryPoint","urlTemplate":"https:\/\/informelitoral.com.ar\/?s={search_term_string}"},"query-input":{"@type":"PropertyValueSpecification","valueRequired":true,"valueName":"search_term_string"}}],"inLanguage":"es"},{"@type":"Organization","@id":"https:\/\/informelitoral.com.ar\/#organization","name":"Informe Litoral","url":"https:\/\/informelitoral.com.ar\/","logo":{"@type":"ImageObject","inLanguage":"es","@id":"https:\/\/informelitoral.com.ar\/#\/schema\/logo\/image\/","url":"https:\/\/informelitoral.com.ar\/%77%70%2d%63%6f%6e%74%65%6e%74\/uploads\/2021\/01\/circulo.png","contentUrl":"https:\/\/informelitoral.com.ar\/%77%70%2d%63%6f%6e%74%65%6e%74\/uploads\/2021\/01\/circulo.png","width":723,"height":731,"caption":"Informe Litoral"},"image":{"@id":"https:\/\/informelitoral.com.ar\/#\/schema\/logo\/image\/"},"sameAs":["https:\/\/www.facebook.com\/informelitoral\/","https:\/\/x.com\/InformeLitoral","https:\/\/www.instagram.com\/informelitoral\/","https:\/\/www.youtube.com\/channel\/UCua4Qvz8Icb6MYqhoq9xLXw"]},{"@type":"Person","@id":"https:\/\/informelitoral.com.ar\/#\/schema\/person\/b9d00407c836482871ef1d57bf8e3180","name":"Gonzalo Schmidt","image":{"@type":"ImageObject","inLanguage":"es","@id":"https:\/\/secure.gravatar.com\/avatar\/31a1a7b66ff2de83bd0e9fd79d026630d2d99e55e8bfe501287647b4fd9743de?s=96&d=mm&r=g","url":"https:\/\/secure.gravatar.com\/avatar\/31a1a7b66ff2de83bd0e9fd79d026630d2d99e55e8bfe501287647b4fd9743de?s=96&d=mm&r=g","contentUrl":"https:\/\/secure.gravatar.com\/avatar\/31a1a7b66ff2de83bd0e9fd79d026630d2d99e55e8bfe501287647b4fd9743de?s=96&d=mm&r=g","caption":"Gonzalo Schmidt"},"description":"Sitio web de noticias de la provincia de Entre R\u00edos, Argentina. Informaci\u00f3n y entretenimiento. Informe Litoral, nos informamos.","sameAs":["http:\/\/www.isletasnoticias.com.ar"],"url":"https:\/\/informelitoral.com.ar\/author\/gonzalo\/"}]}},"_links":{"self":[{"href":"https:\/\/informelitoral.com.ar\/%77%70%2d%6a%73%6f%6e\/wp\/v2\/posts\/17113","targetHints":{"allow":["GET"]}}],"collection":[{"href":"https:\/\/informelitoral.com.ar\/%77%70%2d%6a%73%6f%6e\/wp\/v2\/posts"}],"about":[{"href":"https:\/\/informelitoral.com.ar\/%77%70%2d%6a%73%6f%6e\/wp\/v2\/types\/post"}],"author":[{"embeddable":true,"href":"https:\/\/informelitoral.com.ar\/%77%70%2d%6a%73%6f%6e\/wp\/v2\/users\/2"}],"replies":[{"embeddable":true,"href":"https:\/\/informelitoral.com.ar\/%77%70%2d%6a%73%6f%6e\/wp\/v2\/comments?post=17113"}],"version-history":[{"count":0,"href":"https:\/\/informelitoral.com.ar\/%77%70%2d%6a%73%6f%6e\/wp\/v2\/posts\/17113\/revisions"}],"wp:attachment":[{"href":"https:\/\/informelitoral.com.ar\/%77%70%2d%6a%73%6f%6e\/wp\/v2\/media?parent=17113"}],"wp:term":[{"taxonomy":"category","embeddable":true,"href":"https:\/\/informelitoral.com.ar\/%77%70%2d%6a%73%6f%6e\/wp\/v2\/categories?post=17113"},{"taxonomy":"post_tag","embeddable":true,"href":"https:\/\/informelitoral.com.ar\/%77%70%2d%6a%73%6f%6e\/wp\/v2\/tags?post=17113"}],"curies":[{"name":"wp","href":"https:\/\/api.w.org\/{rel}","templated":true}]}}