{"id":17106,"date":"2016-07-12T07:36:33","date_gmt":"2016-07-12T10:36:33","guid":{"rendered":"http:\/\/www.isletasnoticias.com.ar\/?p=17106"},"modified":"2016-07-12T07:37:38","modified_gmt":"2016-07-12T10:37:38","slug":"mauricio-macri-el-campo-tiene-que-empujar-a-otros-sectores","status":"publish","type":"post","link":"https:\/\/informelitoral.com.ar\/mauricio-macri-el-campo-tiene-que-empujar-a-otros-sectores\/","title":{"rendered":"Mauricio Macri: \u00abEl campo tiene que empujar a otros sectores\u00bb"},"content":{"rendered":"<p><strong>El presidente se\u00f1al\u00f3 adem\u00e1s que al sector rural no solo se le pide que invierta, sino tambi\u00e9n que pague \u201csus impuestos\u201d. \u00abSi el campo gana, los argentinos vamos a tener m\u00e1s recursos\u00bb, agreg\u00f3 el jefe del Estado.<a href=\"http:\/\/www.isletasnoticias.com.ar\/%77%70%2d%63%6f%6e%74%65%6e%74\/uploads\/2016\/07\/descarga-5.jpg\"><img loading=\"lazy\" decoding=\"async\" class=\"aligncenter wp-image-17108 size-full\" src=\"http:\/\/www.isletasnoticias.com.ar\/%77%70%2d%63%6f%6e%74%65%6e%74\/uploads\/2016\/07\/descarga-5.jpg\" alt=\"descarga\" width=\"600\" height=\"398\" srcset=\"https:\/\/informelitoral.com.ar\/%77%70%2d%63%6f%6e%74%65%6e%74\/uploads\/2016\/07\/descarga-5.jpg 600w, https:\/\/informelitoral.com.ar\/%77%70%2d%63%6f%6e%74%65%6e%74\/uploads\/2016\/07\/descarga-5-300x199.jpg 300w\" sizes=\"auto, (max-width: 600px) 100vw, 600px\" \/><\/a><\/strong><\/p>\n<div class=\"row\">\n<div class=\" col-md-offset-1 col-md-10 col-xs-12 col-print-12\">\n<p class=\"element element-paragraph\">El presidente <strong>Mauricio Macri<\/strong> ratific\u00f3 que el campo <strong>\u00absigue siendo el motor principal que impulsar\u00e1 la reactivaci\u00f3n del pa\u00eds\u00bb<\/strong>, al hablar en la cena de celebraci\u00f3n del 150\u00b0 aniversario de la Sociedad Rural Argentina.<\/p>\n<\/div>\n<\/div>\n<div class=\"row\">\n<div class=\" col-md-offset-1 col-md-10 col-xs-12 col-print-12\">\n<p class=\"element element-paragraph\">Macri afirm\u00f3 que \u00ablos argentinos necesitamos que el campo sea una fuerza imparable\u00bb. Durante una cena celebrada en el predio de Palermo, Macri dijo:<strong> \u00abLe hemos sacado el bozal a la bestia porque claramente tenemos potencialidad en servicios de valor agregado\u00bb.<\/strong><\/p>\n<\/div>\n<\/div>\n<div class=\"row\">\n<div class=\" col-md-offset-1 col-md-10 col-xs-12 col-print-12\">\n<p class=\"element element-paragraph\">Ante decenas de personas, el presidente se\u00f1al\u00f3 adem\u00e1s que al sector rural no solo se le pide que invierta, sino tambi\u00e9n que pague <strong>\u00absus impuestos\u00bb<\/strong>.<\/p>\n<\/div>\n<\/div>\n<div class=\"row\">\n<div class=\" col-md-offset-1 col-md-10 col-xs-12 col-print-12\">\n<p class=\"element element-paragraph\"><strong>\u00abSi el campo gana, los argentinos vamos a tener m\u00e1s recursos\u00bb<\/strong>, agreg\u00f3 el jefe del Estado.<\/p>\n<p class=\"element element-paragraph\">A modo de cierre, invit\u00f3 a los presentes a realizar un \u00abbrindis por el amor a la patria\u00bb. En este sentido, explic\u00f3: <strong>\u00abEl campo, por su desarrollo, su v\u00e9rtigo, tiene que recorrer este primer tramo empujando a los dem\u00e1s\u00bb sectores.<\/strong><\/p>\n<div class=\"row\">\n<div class=\" col-md-offset-1 col-md-10 col-xs-12 col-print-12\">\n<p class=\"element element-paragraph\">En el acto estuvieron presentes la vicepresidenta Gabriela Michetti, el ministro de Agroindustria, Ricardo Buryaile;<strong> y el titular de la Sociedad Rural Argentina, Luis Miguel Etchevehere<\/strong>.<\/p>\n<\/div>\n<\/div>\n<div class=\"row\">\n<div class=\" col-md-offset-1 col-md-10 col-xs-12 col-print-12\">\n<p class=\"element element-paragraph\">Asistieron, adem\u00e1s, el presidente provisional del Senado, <strong>Federico Pinedo<\/strong>; el titular de la C\u00e1mara de Diputados, <strong>Emilio Monz\u00f3<\/strong>; el presidente de la Suprema Corte de Justicia, <strong>Ricardo Lorenzetti<\/strong>, gobernadores y ministros de estado. <em>(Infobae)<\/em><\/p>\n<\/div>\n<\/div>\n<\/div>\n<\/div>\n","protected":false},"excerpt":{"rendered":"<p>El presidente se&ntilde;al&oacute; adem&aacute;s que al sector rural no solo se le pide que invierta, sino tambi&eacute;n que pague &ldquo;sus impuestos&rdquo;. &laquo;Si el campo gana, los argentinos vamos a tener m&aacute;s recursos&raquo;, agreg&oacute; el jefe del Estado. El presidente Mauricio Macri ratific&oacute; que el campo &laquo;sigue siendo el motor principal que impulsar&aacute; la reactivaci&oacute;n del [&hellip;]<\/p>\n","protected":false},"author":2,"featured_media":0,"comment_status":"open","ping_status":"open","sticky":false,"template":"","format":"standard","meta":{"fifu_image_url":"","fifu_image_alt":"","footnotes":""},"categories":[10,16],"tags":[],"class_list":{"0":"post-17106","1":"post","2":"type-post","3":"status-publish","4":"format-standard","6":"category-campo","7":"category-politi"},"yoast_head":"<title>Mauricio Macri: &quot;El campo tiene que empujar a otros sectores&quot; - Informe Litoral<\/title>\n<meta name=\"robots\" content=\"index, follow, max-snippet:-1, max-image-preview:large, max-video-preview:-1\" \/>\n<link rel=\"canonical\" href=\"https:\/\/informelitoral.com.ar\/mauricio-macri-el-campo-tiene-que-empujar-a-otros-sectores\/\" \/>\n<meta property=\"og:locale\" content=\"es_ES\" \/>\n<meta property=\"og:type\" content=\"article\" \/>\n<meta property=\"og:title\" content=\"Mauricio Macri: &quot;El campo tiene que empujar a otros sectores&quot; - Informe Litoral\" \/>\n<meta property=\"og:description\" content=\"El presidente se&ntilde;al&oacute; adem&aacute;s que al sector rural no solo se le pide que invierta, sino tambi&eacute;n que pague &ldquo;sus impuestos&rdquo;. &laquo;Si el campo gana, los argentinos vamos a tener m&aacute;s recursos&raquo;, agreg&oacute; el jefe del Estado. El presidente Mauricio Macri ratific&oacute; que el campo &laquo;sigue siendo el motor principal que impulsar&aacute; la reactivaci&oacute;n del [&hellip;]\" \/>\n<meta property=\"og:url\" content=\"https:\/\/informelitoral.com.ar\/mauricio-macri-el-campo-tiene-que-empujar-a-otros-sectores\/\" \/>\n<meta property=\"og:site_name\" content=\"Informe Litoral\" \/>\n<meta property=\"article:publisher\" content=\"https:\/\/www.facebook.com\/informelitoral\/\" \/>\n<meta property=\"article:published_time\" content=\"2016-07-12T10:36:33+00:00\" \/>\n<meta property=\"article:modified_time\" content=\"2016-07-12T10:37:38+00:00\" \/>\n<meta property=\"og:image\" content=\"https:\/\/informelitoral.com.ar\/%77%70%2d%63%6f%6e%74%65%6e%74\/uploads\/2016\/07\/descarga-5.jpg\" \/>\n\t<meta property=\"og:image:width\" content=\"600\" \/>\n\t<meta property=\"og:image:height\" content=\"398\" \/>\n\t<meta property=\"og:image:type\" content=\"image\/jpeg\" \/>\n<meta name=\"author\" content=\"Gonzalo Schmidt\" \/>\n<meta name=\"twitter:card\" content=\"summary_large_image\" \/>\n<meta name=\"twitter:creator\" content=\"@InformeLitoral\" \/>\n<meta name=\"twitter:site\" content=\"@InformeLitoral\" \/>\n<meta name=\"twitter:label1\" content=\"Escrito por\" \/>\n\t<meta name=\"twitter:data1\" content=\"Gonzalo Schmidt\" \/>\n\t<meta name=\"twitter:label2\" content=\"Tiempo de lectura\" \/>\n\t<meta name=\"twitter:data2\" content=\"1 minuto\" \/>\n<script type=\"application\/ld+json\" class=\"yoast-schema-graph\">{\"@context\":\"https:\\\/\\\/schema.org\",\"@graph\":[{\"@type\":\"Article\",\"@id\":\"https:\\\/\\\/informelitoral.com.ar\\\/mauricio-macri-el-campo-tiene-que-empujar-a-otros-sectores\\\/#article\",\"isPartOf\":{\"@id\":\"https:\\\/\\\/informelitoral.com.ar\\\/mauricio-macri-el-campo-tiene-que-empujar-a-otros-sectores\\\/\"},\"author\":{\"name\":\"Gonzalo Schmidt\",\"@id\":\"https:\\\/\\\/informelitoral.com.ar\\\/#\\\/schema\\\/person\\\/b9d00407c836482871ef1d57bf8e3180\"},\"headline\":\"Mauricio Macri: \u00abEl campo tiene que empujar a otros sectores\u00bb\",\"datePublished\":\"2016-07-12T10:36:33+00:00\",\"dateModified\":\"2016-07-12T10:37:38+00:00\",\"mainEntityOfPage\":{\"@id\":\"https:\\\/\\\/informelitoral.com.ar\\\/mauricio-macri-el-campo-tiene-que-empujar-a-otros-sectores\\\/\"},\"wordCount\":277,\"commentCount\":0,\"publisher\":{\"@id\":\"https:\\\/\\\/informelitoral.com.ar\\\/#organization\"},\"image\":{\"@id\":\"https:\\\/\\\/informelitoral.com.ar\\\/mauricio-macri-el-campo-tiene-que-empujar-a-otros-sectores\\\/#primaryimage\"},\"thumbnailUrl\":\"http:\\\/\\\/www.isletasnoticias.com.ar\\\/%77%70%2d%63%6f%6e%74%65%6e%74\\\/uploads\\\/2016\\\/07\\\/descarga-5.jpg\",\"articleSection\":[\"Campo\",\"Politica\"],\"inLanguage\":\"es\",\"potentialAction\":[{\"@type\":\"CommentAction\",\"name\":\"Comment\",\"target\":[\"https:\\\/\\\/informelitoral.com.ar\\\/mauricio-macri-el-campo-tiene-que-empujar-a-otros-sectores\\\/#respond\"]}]},{\"@type\":\"WebPage\",\"@id\":\"https:\\\/\\\/informelitoral.com.ar\\\/mauricio-macri-el-campo-tiene-que-empujar-a-otros-sectores\\\/\",\"url\":\"https:\\\/\\\/informelitoral.com.ar\\\/mauricio-macri-el-campo-tiene-que-empujar-a-otros-sectores\\\/\",\"name\":\"Mauricio Macri: \\\"El campo tiene que empujar a otros sectores\\\" - Informe Litoral\",\"isPartOf\":{\"@id\":\"https:\\\/\\\/informelitoral.com.ar\\\/#website\"},\"primaryImageOfPage\":{\"@id\":\"https:\\\/\\\/informelitoral.com.ar\\\/mauricio-macri-el-campo-tiene-que-empujar-a-otros-sectores\\\/#primaryimage\"},\"image\":{\"@id\":\"https:\\\/\\\/informelitoral.com.ar\\\/mauricio-macri-el-campo-tiene-que-empujar-a-otros-sectores\\\/#primaryimage\"},\"thumbnailUrl\":\"http:\\\/\\\/www.isletasnoticias.com.ar\\\/%77%70%2d%63%6f%6e%74%65%6e%74\\\/uploads\\\/2016\\\/07\\\/descarga-5.jpg\",\"datePublished\":\"2016-07-12T10:36:33+00:00\",\"dateModified\":\"2016-07-12T10:37:38+00:00\",\"breadcrumb\":{\"@id\":\"https:\\\/\\\/informelitoral.com.ar\\\/mauricio-macri-el-campo-tiene-que-empujar-a-otros-sectores\\\/#breadcrumb\"},\"inLanguage\":\"es\",\"potentialAction\":[{\"@type\":\"ReadAction\",\"target\":[\"https:\\\/\\\/informelitoral.com.ar\\\/mauricio-macri-el-campo-tiene-que-empujar-a-otros-sectores\\\/\"]}]},{\"@type\":\"ImageObject\",\"inLanguage\":\"es\",\"@id\":\"https:\\\/\\\/informelitoral.com.ar\\\/mauricio-macri-el-campo-tiene-que-empujar-a-otros-sectores\\\/#primaryimage\",\"url\":\"http:\\\/\\\/www.isletasnoticias.com.ar\\\/%77%70%2d%63%6f%6e%74%65%6e%74\\\/uploads\\\/2016\\\/07\\\/descarga-5.jpg\",\"contentUrl\":\"http:\\\/\\\/www.isletasnoticias.com.ar\\\/%77%70%2d%63%6f%6e%74%65%6e%74\\\/uploads\\\/2016\\\/07\\\/descarga-5.jpg\"},{\"@type\":\"BreadcrumbList\",\"@id\":\"https:\\\/\\\/informelitoral.com.ar\\\/mauricio-macri-el-campo-tiene-que-empujar-a-otros-sectores\\\/#breadcrumb\",\"itemListElement\":[{\"@type\":\"ListItem\",\"position\":1,\"name\":\"Portada\",\"item\":\"https:\\\/\\\/informelitoral.com.ar\\\/\"},{\"@type\":\"ListItem\",\"position\":2,\"name\":\"Mauricio Macri: \u00abEl campo tiene que empujar a otros sectores\u00bb\"}]},{\"@type\":\"WebSite\",\"@id\":\"https:\\\/\\\/informelitoral.com.ar\\\/#website\",\"url\":\"https:\\\/\\\/informelitoral.com.ar\\\/\",\"name\":\"Informe Litoral\",\"description\":\"&quot;Nos informamos&quot; \",\"publisher\":{\"@id\":\"https:\\\/\\\/informelitoral.com.ar\\\/#organization\"},\"potentialAction\":[{\"@type\":\"SearchAction\",\"target\":{\"@type\":\"EntryPoint\",\"urlTemplate\":\"https:\\\/\\\/informelitoral.com.ar\\\/?s={search_term_string}\"},\"query-input\":{\"@type\":\"PropertyValueSpecification\",\"valueRequired\":true,\"valueName\":\"search_term_string\"}}],\"inLanguage\":\"es\"},{\"@type\":\"Organization\",\"@id\":\"https:\\\/\\\/informelitoral.com.ar\\\/#organization\",\"name\":\"Informe Litoral\",\"url\":\"https:\\\/\\\/informelitoral.com.ar\\\/\",\"logo\":{\"@type\":\"ImageObject\",\"inLanguage\":\"es\",\"@id\":\"https:\\\/\\\/informelitoral.com.ar\\\/#\\\/schema\\\/logo\\\/image\\\/\",\"url\":\"https:\\\/\\\/informelitoral.com.ar\\\/%77%70%2d%63%6f%6e%74%65%6e%74\\\/uploads\\\/2021\\\/01\\\/circulo.png\",\"contentUrl\":\"https:\\\/\\\/informelitoral.com.ar\\\/%77%70%2d%63%6f%6e%74%65%6e%74\\\/uploads\\\/2021\\\/01\\\/circulo.png\",\"width\":723,\"height\":731,\"caption\":\"Informe Litoral\"},\"image\":{\"@id\":\"https:\\\/\\\/informelitoral.com.ar\\\/#\\\/schema\\\/logo\\\/image\\\/\"},\"sameAs\":[\"https:\\\/\\\/www.facebook.com\\\/informelitoral\\\/\",\"https:\\\/\\\/x.com\\\/InformeLitoral\",\"https:\\\/\\\/www.instagram.com\\\/informelitoral\\\/\",\"https:\\\/\\\/www.youtube.com\\\/channel\\\/UCua4Qvz8Icb6MYqhoq9xLXw\"]},{\"@type\":\"Person\",\"@id\":\"https:\\\/\\\/informelitoral.com.ar\\\/#\\\/schema\\\/person\\\/b9d00407c836482871ef1d57bf8e3180\",\"name\":\"Gonzalo Schmidt\",\"image\":{\"@type\":\"ImageObject\",\"inLanguage\":\"es\",\"@id\":\"https:\\\/\\\/secure.gravatar.com\\\/avatar\\\/31a1a7b66ff2de83bd0e9fd79d026630d2d99e55e8bfe501287647b4fd9743de?s=96&d=mm&r=g\",\"url\":\"https:\\\/\\\/secure.gravatar.com\\\/avatar\\\/31a1a7b66ff2de83bd0e9fd79d026630d2d99e55e8bfe501287647b4fd9743de?s=96&d=mm&r=g\",\"contentUrl\":\"https:\\\/\\\/secure.gravatar.com\\\/avatar\\\/31a1a7b66ff2de83bd0e9fd79d026630d2d99e55e8bfe501287647b4fd9743de?s=96&d=mm&r=g\",\"caption\":\"Gonzalo Schmidt\"},\"description\":\"Sitio web de noticias de la provincia de Entre R\u00edos, Argentina. Informaci\u00f3n y entretenimiento. Informe Litoral, nos informamos.\",\"sameAs\":[\"http:\\\/\\\/www.isletasnoticias.com.ar\"],\"url\":\"https:\\\/\\\/informelitoral.com.ar\\\/author\\\/gonzalo\\\/\"}]}<\/script>","yoast_head_json":{"title":"Mauricio Macri: \"El campo tiene que empujar a otros sectores\" - Informe Litoral","robots":{"index":"index","follow":"follow","max-snippet":"max-snippet:-1","max-image-preview":"max-image-preview:large","max-video-preview":"max-video-preview:-1"},"canonical":"https:\/\/informelitoral.com.ar\/mauricio-macri-el-campo-tiene-que-empujar-a-otros-sectores\/","og_locale":"es_ES","og_type":"article","og_title":"Mauricio Macri: \"El campo tiene que empujar a otros sectores\" - Informe Litoral","og_description":"El presidente se&ntilde;al&oacute; adem&aacute;s que al sector rural no solo se le pide que invierta, sino tambi&eacute;n que pague &ldquo;sus impuestos&rdquo;. &laquo;Si el campo gana, los argentinos vamos a tener m&aacute;s recursos&raquo;, agreg&oacute; el jefe del Estado. El presidente Mauricio Macri ratific&oacute; que el campo &laquo;sigue siendo el motor principal que impulsar&aacute; la reactivaci&oacute;n del [&hellip;]","og_url":"https:\/\/informelitoral.com.ar\/mauricio-macri-el-campo-tiene-que-empujar-a-otros-sectores\/","og_site_name":"Informe Litoral","article_publisher":"https:\/\/www.facebook.com\/informelitoral\/","article_published_time":"2016-07-12T10:36:33+00:00","article_modified_time":"2016-07-12T10:37:38+00:00","og_image":[{"width":600,"height":398,"url":"https:\/\/informelitoral.com.ar\/%77%70%2d%63%6f%6e%74%65%6e%74\/uploads\/2016\/07\/descarga-5.jpg","type":"image\/jpeg"}],"author":"Gonzalo Schmidt","twitter_card":"summary_large_image","twitter_creator":"@InformeLitoral","twitter_site":"@InformeLitoral","twitter_misc":{"Escrito por":"Gonzalo Schmidt","Tiempo de lectura":"1 minuto"},"schema":{"@context":"https:\/\/schema.org","@graph":[{"@type":"Article","@id":"https:\/\/informelitoral.com.ar\/mauricio-macri-el-campo-tiene-que-empujar-a-otros-sectores\/#article","isPartOf":{"@id":"https:\/\/informelitoral.com.ar\/mauricio-macri-el-campo-tiene-que-empujar-a-otros-sectores\/"},"author":{"name":"Gonzalo Schmidt","@id":"https:\/\/informelitoral.com.ar\/#\/schema\/person\/b9d00407c836482871ef1d57bf8e3180"},"headline":"Mauricio Macri: \u00abEl campo tiene que empujar a otros sectores\u00bb","datePublished":"2016-07-12T10:36:33+00:00","dateModified":"2016-07-12T10:37:38+00:00","mainEntityOfPage":{"@id":"https:\/\/informelitoral.com.ar\/mauricio-macri-el-campo-tiene-que-empujar-a-otros-sectores\/"},"wordCount":277,"commentCount":0,"publisher":{"@id":"https:\/\/informelitoral.com.ar\/#organization"},"image":{"@id":"https:\/\/informelitoral.com.ar\/mauricio-macri-el-campo-tiene-que-empujar-a-otros-sectores\/#primaryimage"},"thumbnailUrl":"http:\/\/www.isletasnoticias.com.ar\/%77%70%2d%63%6f%6e%74%65%6e%74\/uploads\/2016\/07\/descarga-5.jpg","articleSection":["Campo","Politica"],"inLanguage":"es","potentialAction":[{"@type":"CommentAction","name":"Comment","target":["https:\/\/informelitoral.com.ar\/mauricio-macri-el-campo-tiene-que-empujar-a-otros-sectores\/#respond"]}]},{"@type":"WebPage","@id":"https:\/\/informelitoral.com.ar\/mauricio-macri-el-campo-tiene-que-empujar-a-otros-sectores\/","url":"https:\/\/informelitoral.com.ar\/mauricio-macri-el-campo-tiene-que-empujar-a-otros-sectores\/","name":"Mauricio Macri: \"El campo tiene que empujar a otros sectores\" - Informe Litoral","isPartOf":{"@id":"https:\/\/informelitoral.com.ar\/#website"},"primaryImageOfPage":{"@id":"https:\/\/informelitoral.com.ar\/mauricio-macri-el-campo-tiene-que-empujar-a-otros-sectores\/#primaryimage"},"image":{"@id":"https:\/\/informelitoral.com.ar\/mauricio-macri-el-campo-tiene-que-empujar-a-otros-sectores\/#primaryimage"},"thumbnailUrl":"http:\/\/www.isletasnoticias.com.ar\/%77%70%2d%63%6f%6e%74%65%6e%74\/uploads\/2016\/07\/descarga-5.jpg","datePublished":"2016-07-12T10:36:33+00:00","dateModified":"2016-07-12T10:37:38+00:00","breadcrumb":{"@id":"https:\/\/informelitoral.com.ar\/mauricio-macri-el-campo-tiene-que-empujar-a-otros-sectores\/#breadcrumb"},"inLanguage":"es","potentialAction":[{"@type":"ReadAction","target":["https:\/\/informelitoral.com.ar\/mauricio-macri-el-campo-tiene-que-empujar-a-otros-sectores\/"]}]},{"@type":"ImageObject","inLanguage":"es","@id":"https:\/\/informelitoral.com.ar\/mauricio-macri-el-campo-tiene-que-empujar-a-otros-sectores\/#primaryimage","url":"http:\/\/www.isletasnoticias.com.ar\/%77%70%2d%63%6f%6e%74%65%6e%74\/uploads\/2016\/07\/descarga-5.jpg","contentUrl":"http:\/\/www.isletasnoticias.com.ar\/%77%70%2d%63%6f%6e%74%65%6e%74\/uploads\/2016\/07\/descarga-5.jpg"},{"@type":"BreadcrumbList","@id":"https:\/\/informelitoral.com.ar\/mauricio-macri-el-campo-tiene-que-empujar-a-otros-sectores\/#breadcrumb","itemListElement":[{"@type":"ListItem","position":1,"name":"Portada","item":"https:\/\/informelitoral.com.ar\/"},{"@type":"ListItem","position":2,"name":"Mauricio Macri: \u00abEl campo tiene que empujar a otros sectores\u00bb"}]},{"@type":"WebSite","@id":"https:\/\/informelitoral.com.ar\/#website","url":"https:\/\/informelitoral.com.ar\/","name":"Informe Litoral","description":"&quot;Nos informamos&quot; ","publisher":{"@id":"https:\/\/informelitoral.com.ar\/#organization"},"potentialAction":[{"@type":"SearchAction","target":{"@type":"EntryPoint","urlTemplate":"https:\/\/informelitoral.com.ar\/?s={search_term_string}"},"query-input":{"@type":"PropertyValueSpecification","valueRequired":true,"valueName":"search_term_string"}}],"inLanguage":"es"},{"@type":"Organization","@id":"https:\/\/informelitoral.com.ar\/#organization","name":"Informe Litoral","url":"https:\/\/informelitoral.com.ar\/","logo":{"@type":"ImageObject","inLanguage":"es","@id":"https:\/\/informelitoral.com.ar\/#\/schema\/logo\/image\/","url":"https:\/\/informelitoral.com.ar\/%77%70%2d%63%6f%6e%74%65%6e%74\/uploads\/2021\/01\/circulo.png","contentUrl":"https:\/\/informelitoral.com.ar\/%77%70%2d%63%6f%6e%74%65%6e%74\/uploads\/2021\/01\/circulo.png","width":723,"height":731,"caption":"Informe Litoral"},"image":{"@id":"https:\/\/informelitoral.com.ar\/#\/schema\/logo\/image\/"},"sameAs":["https:\/\/www.facebook.com\/informelitoral\/","https:\/\/x.com\/InformeLitoral","https:\/\/www.instagram.com\/informelitoral\/","https:\/\/www.youtube.com\/channel\/UCua4Qvz8Icb6MYqhoq9xLXw"]},{"@type":"Person","@id":"https:\/\/informelitoral.com.ar\/#\/schema\/person\/b9d00407c836482871ef1d57bf8e3180","name":"Gonzalo Schmidt","image":{"@type":"ImageObject","inLanguage":"es","@id":"https:\/\/secure.gravatar.com\/avatar\/31a1a7b66ff2de83bd0e9fd79d026630d2d99e55e8bfe501287647b4fd9743de?s=96&d=mm&r=g","url":"https:\/\/secure.gravatar.com\/avatar\/31a1a7b66ff2de83bd0e9fd79d026630d2d99e55e8bfe501287647b4fd9743de?s=96&d=mm&r=g","contentUrl":"https:\/\/secure.gravatar.com\/avatar\/31a1a7b66ff2de83bd0e9fd79d026630d2d99e55e8bfe501287647b4fd9743de?s=96&d=mm&r=g","caption":"Gonzalo Schmidt"},"description":"Sitio web de noticias de la provincia de Entre R\u00edos, Argentina. Informaci\u00f3n y entretenimiento. Informe Litoral, nos informamos.","sameAs":["http:\/\/www.isletasnoticias.com.ar"],"url":"https:\/\/informelitoral.com.ar\/author\/gonzalo\/"}]}},"_links":{"self":[{"href":"https:\/\/informelitoral.com.ar\/%77%70%2d%6a%73%6f%6e\/wp\/v2\/posts\/17106","targetHints":{"allow":["GET"]}}],"collection":[{"href":"https:\/\/informelitoral.com.ar\/%77%70%2d%6a%73%6f%6e\/wp\/v2\/posts"}],"about":[{"href":"https:\/\/informelitoral.com.ar\/%77%70%2d%6a%73%6f%6e\/wp\/v2\/types\/post"}],"author":[{"embeddable":true,"href":"https:\/\/informelitoral.com.ar\/%77%70%2d%6a%73%6f%6e\/wp\/v2\/users\/2"}],"replies":[{"embeddable":true,"href":"https:\/\/informelitoral.com.ar\/%77%70%2d%6a%73%6f%6e\/wp\/v2\/comments?post=17106"}],"version-history":[{"count":0,"href":"https:\/\/informelitoral.com.ar\/%77%70%2d%6a%73%6f%6e\/wp\/v2\/posts\/17106\/revisions"}],"wp:attachment":[{"href":"https:\/\/informelitoral.com.ar\/%77%70%2d%6a%73%6f%6e\/wp\/v2\/media?parent=17106"}],"wp:term":[{"taxonomy":"category","embeddable":true,"href":"https:\/\/informelitoral.com.ar\/%77%70%2d%6a%73%6f%6e\/wp\/v2\/categories?post=17106"},{"taxonomy":"post_tag","embeddable":true,"href":"https:\/\/informelitoral.com.ar\/%77%70%2d%6a%73%6f%6e\/wp\/v2\/tags?post=17106"}],"curies":[{"name":"wp","href":"https:\/\/api.w.org\/{rel}","templated":true}]}}