{"id":17091,"date":"2016-07-11T17:48:51","date_gmt":"2016-07-11T20:48:51","guid":{"rendered":"http:\/\/www.isletasnoticias.com.ar\/?p=17091"},"modified":"2016-07-11T17:51:03","modified_gmt":"2016-07-11T20:51:03","slug":"parana-estos-son-los-nuevos-recorridos-de-los-colectivos-por-el-cambio-en-calles","status":"publish","type":"post","link":"https:\/\/informelitoral.com.ar\/parana-estos-son-los-nuevos-recorridos-de-los-colectivos-por-el-cambio-en-calles\/","title":{"rendered":"Paran\u00e1: estos son los nuevos recorridos de los colectivos por el cambio en calles"},"content":{"rendered":"<p><strong>Las cabeceras no tendr\u00e1n modificaciones en su inicio y retorno, pero habr\u00e1 cambios en la zona del centro. Vea todos los cambios confirmados en el Transporte Urbano de Pasajeros que se inician el pr\u00f3ximo domingo en la capital entrerriana.<a href=\"http:\/\/www.isletasnoticias.com.ar\/%77%70%2d%63%6f%6e%74%65%6e%74\/uploads\/2016\/07\/colectivo-parana-1.jpg\"><img loading=\"lazy\" decoding=\"async\" class=\"aligncenter wp-image-17094 size-large\" src=\"http:\/\/www.isletasnoticias.com.ar\/%77%70%2d%63%6f%6e%74%65%6e%74\/uploads\/2016\/07\/colectivo-parana-1-1024x659.jpg\" alt=\"colectivo-parana\" width=\"600\" height=\"386\" srcset=\"https:\/\/informelitoral.com.ar\/%77%70%2d%63%6f%6e%74%65%6e%74\/uploads\/2016\/07\/colectivo-parana-1-1024x659.jpg 1024w, https:\/\/informelitoral.com.ar\/%77%70%2d%63%6f%6e%74%65%6e%74\/uploads\/2016\/07\/colectivo-parana-1-300x193.jpg 300w, https:\/\/informelitoral.com.ar\/%77%70%2d%63%6f%6e%74%65%6e%74\/uploads\/2016\/07\/colectivo-parana-1-768x494.jpg 768w, https:\/\/informelitoral.com.ar\/%77%70%2d%63%6f%6e%74%65%6e%74\/uploads\/2016\/07\/colectivo-parana-1.jpg 1173w\" sizes=\"auto, (max-width: 600px) 100vw, 600px\" \/><\/a><\/strong><b style=\"line-height: 1.55;\">En el marco de las modificaciones en la circulaci\u00f3n que se implementar\u00e1n en la ciudad de Paran\u00e1 en diferentes arterias del microcentro a partir del pr\u00f3ximo domingo 17 de julio<\/b><span style=\"line-height: 1.55;\">, la Secretar\u00eda de Servicios P\u00fablicos, a trav\u00e9s de la Direcci\u00f3n de Transporte Urbano, dio a conocer <\/span><b style=\"line-height: 1.55;\">los cambios que tambi\u00e9n se implementar\u00e1n en los recorridos de las distintas l\u00edneas del Transporte Urbano de Pasajeros.<\/b><\/p>\n<p>El objetivo de estos cambios a implementarse, adem\u00e1s de generar fluidez vehicular en el centro, es favorecer el funcionamiento del servicio de los colectivos urbanos.<br \/>\n<b>En cuanto a las modificaciones de recorridos, ninguno ser\u00e1 en las cabeceras, por lo que los cambios se dar\u00e1n en el transcurso de los mismos.<\/b><\/p>\n<p><b>Las calles<\/b><br \/>\nLos cambios abarcan calle Gualeguaych\u00fa, la cual tendr\u00e1 sentido hacia el centro con una sola mano, mientras que Echag\u00fce lo har\u00e1 en direcci\u00f3n hacia las Cinco Esquinas.<br \/>\nAsimismo, Espa\u00f1a pasar\u00e1 a tener circulaci\u00f3n de oeste a este y continuar\u00e1 en 25 de Mayo, que desde Monte Caseros a Yrigoyen tendr\u00e1 su carril sur en direcci\u00f3n oeste-este (salida del centro) y el norte, en sentido este-oeste (el actual).<br \/>\nY finalmente, Alem-Per\u00fa tendr\u00e1 circulaci\u00f3n este-oeste, desde Cura \u00c1lvarez hasta el Cementerio municipal; mientras que, entre Alsina y Avenida Ram\u00edrez, tendr\u00e1 sentido de circulaci\u00f3n oeste-este.<\/p>\n<p><b>Los colectivos<\/b><br \/>\nDe esta manera, a partir de las modificaciones, la circulaci\u00f3n y el recorrido de las L\u00edneas ser\u00e1n de la siguiente manera:<\/p>\n<h5>LINEA 1: Ramal Casa de Gobierno<\/h5>\n<p><b>Ida<\/b>: Inicio habitual-Churruar\u00edn- 3 de Febrero &#8211; Gualeguaych\u00fa &#8211; Bavio &#8211; Italia &#8211; Santa Fe &#8211; retorno Habitual.<br \/>\n<b>Vuelta<\/b>: Santa Fe &#8211; Alameda de la Federaci\u00f3n &#8211; Libertad &#8211; Espa\u00f1a &#8211; 25 de Mayo &#8211; Echague &#8211; Churruarin y Habitual.<\/p>\n<h5>LINEA 1: Ramal Toma Nueva<\/h5>\n<p><b>Ida<\/b>: De manera habitual &#8211; Churruarin- 3 de Febrero &#8211; Gualeguaych\u00fa &#8211; Bavio &#8211; Italia &#8211; Santa Fe &#8211; Malvinas y retorno Habitual.<br \/>\n<b>Vuelta<\/b>: Habitual &#8211; Mitre &#8211; Miranda &#8211; C\u00f3rdoba &#8211; Libertad &#8211; Espa\u00f1a &#8211; 25 de Mayo &#8211; Echag\u00fce &#8211; Churruarin y Habitual.<\/p>\n<h5>LINEA 5: B\u00b0 41 Viviendas &#8211; Bajada Grande<\/h5>\n<p><b>Ida<\/b>: Habitual &#8211; Alte. Brown &#8211; 3 de febrero &#8211; Almafuerte &#8211; Gualeguaych\u00fa &#8211; retorno Habitual.<br \/>\n(Coche por medio, realizar\u00e1n recorrido habitual hasta Gdor. Crespo, luego Don Bosco y habitual)<br \/>\n<b>Vuelta<\/b>: Habitual &#8211; Cervantes &#8211; C\u00f3rdoba &#8211; Libertad &#8211; Espa\u00f1a &#8211; 25 de Mayo &#8211; Echag\u00fce &#8211; Ram\u00edrez &#8211; Sarav\u00ed &#8211; Soler y Habitual.<br \/>\n(Coche por medio se realizar\u00e1 recorrido habitual por Don Bosco hasta Gdor. Crespo, y luego se retoma por Alte. Brown y habitual).<\/p>\n<h5>LINEA 6: Oro Verde &#8211; Thompson<\/h5>\n<p><b>Ida<\/b>: Habitual &#8211; Irigoyen &#8211; Gualeguaych\u00fa &#8211; Belgrano &#8211; Salta &#8211; La Paz &#8211; Laprida &#8211; Santa Fe &#8211; Malvinas y Habitual.<br \/>\n<b>Vuelta<\/b>: Habitual &#8211; Nogoy\u00e1 &#8211; Garay &#8211; C\u00f3rdoba &#8211; Libertad &#8211; Espa\u00f1a &#8211; 25 de Mayo &#8211; Illia y Habitual.<\/p>\n<h5>LINEA 10: Barrio Assver &#8211; Toma Nueva\/Vieja<\/h5>\n<p><b>Ida<\/b>: Habitual &#8211; Belgrano &#8211; Gualeguaych\u00fa &#8211; Bavio &#8211; Italia &#8211; Santa Fe &#8211; Alameda de la Federaci\u00f3n y Habitual.<br \/>\n<b>Vuelta<\/b>: Habitual &#8211; Nogoy\u00e1 &#8211; Garay &#8211; C\u00f3rdoba &#8211; Libertad &#8211; Paraguay &#8211; Carb\u00f3 &#8211; 9 de Julio &#8211; Racedo &#8211; Toribio Ortiz y Habitual.<\/p>\n<h5>LINEA 11\/21: Santa Luc\u00eda\/Div. Providencia &#8211; Milagrosa\/Hernandarias<\/h5>\n<p><b>Ida<\/b>: (desde Santa Luc\u00eda\/ Divina Providencia): Habitual &#8211; Monte Caseros &#8211; Carb\u00f3 &#8211; Belgrano &#8211; Salta &#8211; Nogoy\u00e1 &#8211; Garay &#8211; C\u00f3rdoba &#8211; Libertad &#8211; Espa\u00f1a &#8211; 25 de Mayo &#8211; Echag\u00fce &#8211; Alem &#8211; Ram\u00edrez &#8211; Sarav\u00ed y Habitual.<br \/>\n<b>Vuelta<\/b>: (Desde Barrio La Milagrosa\/B\u00ba Hernandarias): Habitual &#8211; 25 de Mayo &#8211; Belgrano -Salta &#8211; Nogoy\u00e1 &#8211; Garay &#8211; C\u00f3rdoba &#8211; Libertad &#8211; Paraguay &#8211; San Mart\u00edn y Habitual.<\/p>\n<h5>LINEA 15: Escuela Alberdi\/INTA &#8211; Hospital de Ni\u00f1os<\/h5>\n<p><b>Ida<\/b>: Habitual &#8211; Av. Ram\u00edrez &#8211; Gualeguaych\u00fa &#8211; Belgrano &#8211; Salta &#8211; La Paz &#8211; Corrientes &#8211; Colon y Habitual.<br \/>\n<b>Vuelta<\/b>: Habitual &#8211; Rioja &#8211; Illia &#8211; 25 de Mayo &#8211; Echague &#8211; Av. Ram\u00edrez y Habitual.<\/p>\n<h5>LINEA 22: Ramal Col. Avellaneda\/B\u00ba 400 Viviendas\/San Benito- Parque Industrial<\/h5>\n<p><b>Ida<\/b>: Habitual &#8211; Gualeguaych\u00fa &#8211; Belgrano &#8211; Salta &#8211; Nogoy\u00e1 &#8211; Garay &#8211; C\u00f3rdoba<br \/>\n<b>Vuelta<\/b>: C\u00f3rdoba &#8211; Libertad &#8211; Espa\u00f1a &#8211; 25 de mayo &#8211; Illia &#8211; Carb\u00f3 y Habitual.<\/p>\n<h5>LINEA 22: Ramal Acceso Norte<\/h5>\n<p><b>Ida<\/b>: Habitual &#8211; La Paz &#8211; Laprida &#8211; Santa Fe &#8211; Alameda &#8211; C\u00f3rdoba.<br \/>\n<b>Vuelta<\/b>: C\u00f3rdoba &#8211; Libertad &#8211; Espa\u00f1a -25 de Mayo &#8211; Irigoyen &#8211; Ferre &#8211; Uruguay &#8211; Ram\u00edrez &#8211; Brown y Habitual.<\/p>\n<h5>LINEA 2 Las Garzas &#8211; Parque Urquiza (Ramal Hip\u00f3dromo y Ramirez Sur)<\/h5>\n<p><b>Ida<\/b>: Habitual &#8211; Per\u00f3n -Echag\u00fce &#8211; Alem &#8211; Ramirez &#8211; La Paz &#8211; Rioja &#8211; Illia &#8211; Gualeguaych\u00fa &#8211; Diamante y Habitual.<br \/>\n<b>Vuelta<\/b>: Habitual &#8211; Mendoza &#8211; Espa\u00f1a &#8211; 25 de Mayo &#8211; Ferre &#8211; Uruguay &#8211; San Luis &#8211; Neuqu\u00e9n &#8211; Ram\u00edrez &#8211; 25 de Mayo &#8211; Cura \u00c1lvarez &#8211; Habitual.<\/p>\n<h5>LINEA 3: Ramal por Av. Ej\u00e9rcito<\/h5>\n<p><b>Ida<\/b>: Habitual &#8211; Monte Caseros &#8211; Carb\u00f3 &#8211; Belgrano &#8211; Salta &#8211; Colon &#8211; Pringles &#8211; Sudam\u00e9rica &#8211; Fraternidad.<br \/>\n<b>Vuelta<\/b>: 3 de Febrero &#8211; P\u00e9rez Colman &#8211; Soler &#8211; Fraternidad &#8211; Nogoy\u00e1 &#8211; Rioja &#8211; La Paz &#8211; Laprida &#8211; C\u00f3rdoba &#8211; 25 de Junio &#8211; Sarmiento &#8211; Patagonia y Habitual.<\/p>\n<h5>LINEA 3: Ramal por El Pingo<\/h5>\n<p><b>Ida<\/b>: Habitual &#8211; Cervantes &#8211; Santa Fe &#8211; Alameda de la Federaci\u00f3n &#8211; Gardel -Col\u00f3n &#8211; San Luis &#8211; Moreno &#8211; Ram\u00edrez &#8211; P\u00e9rez Colman &#8211; 3 de febrero.<br \/>\n<b>Vuelta<\/b>: Fraternidad &#8211; Nogoy\u00e1 &#8211; Rioja &#8211; Illia &#8211; Gualeguaych\u00fa &#8211; Pellegrini y Habitual.<\/p>\n<h5>LINEA 4 San Benito &#8211; Pancho Ram\u00edrez<\/h5>\n<p><b>Ida<\/b>: Habitual &#8211; Gualeguaych\u00fa &#8211; Bavio &#8211; Italia &#8211; Santa Fe &#8211; Alameda de la Federaci\u00f3n y Habitual<br \/>\n<b>Vuelta<\/b>: Habitual &#8211; C\u00f3rdoba &#8211; Libertad &#8211; Espa\u00f1a &#8211; 25 de Mayo &#8211; Echag\u00fce &#8211; Av. Ram\u00edrez y Habitual.<\/p>\n<h5>LINEA 7: Pn\u00e1 XVI &#8211; B\u00ba Aatra\/Hernandarias<\/h5>\n<p><b>Ida<\/b>: Habitual &#8211; Cervantes &#8211; C\u00f3rdoba &#8211; Libertad ? Espa\u00f1a &#8211; 25 de Mayo &#8211; Echag\u00fce &#8211; Irigoyen &#8211; Ferre &#8211; Uruguay y Habitual.<br \/>\n<b>Vuelta<\/b>: Habitual &#8211; 25 de Mayo &#8211; Belgrano &#8211; Salta &#8211; La Paz &#8211; C\u00f3rdoba &#8211; 25 de Junio &#8211; Sarmiento y Habitual.<\/p>\n<h5>LINEA 8 Parque Gazzano &#8211; Casa de Gobierno<\/h5>\n<p>Por parte del tr\u00e1nsito de ida, no sufre cambios de recorrido.<br \/>\n<b>Vuelta<\/b>: De manera habitual &#8211; C\u00f3rdoba &#8211; Libertad &#8211; Espa\u00f1a &#8211; 25 de Mayo &#8211; Echague -Ram\u00edrez y Habitual.<\/p>\n<h5>LINEA 9 Club Neuqu\u00e9n &#8211; Colegio Don Bosco<\/h5>\n<p><b>Ida<\/b>: Habitual &#8211; Courreges &#8211; Espa\u00f1a &#8211; Italia &#8211; Santa Fe &#8211; Alameda de la Federaci\u00f3n &#8211; Gardel &#8211; Col\u00f3n &#8211; La Rioja &#8211; Uruguay y Habitual.<br \/>\n<b>Vuelta<\/b>: Habitual &#8211; 25 de Mayo ? Pascual Palma &#8211; Gualeguaych\u00fa &#8211; Bavio &#8211; Libertad &#8211; Montevideo y Habitual.<\/p>\n<h5>LINEA 12 B\u00b0 Loretto &#8211; Casa de Gobierno<\/h5>\n<p><b>Ida<\/b>: Habitual &#8211; Gualeguaych\u00fa &#8211; Bavio &#8211; Italia &#8211; Santa Fe &#8211; Alameda hasta C\u00f3rdoba.<br \/>\n<b>Vuelta<\/b>: desde Alameda de la Federaci\u00f3n y C\u00f3rdoba &#8211; Libertad &#8211; Espa\u00f1a &#8211; 25 de Mayo &#8211; Echag\u00fce &#8211; Av. Ram\u00edrez y Habitual.<\/p>\n<h5>LINEA 14 Aeropuerto &#8211; Casa de Gobierno<\/h5>\n<p><b>Ida<\/b>: Habitual &#8211; Gualeguaych\u00fa &#8211; Bavio &#8211; Italia &#8211; Santa Fe &#8211; Alameda de la Federaci\u00f3n hasta C\u00f3rdoba.<br \/>\n<b>Vuelta<\/b>: desde Alameda de la Federaci\u00f3n y C\u00f3rdoba &#8211; Libertad &#8211; Espa\u00f1a &#8211; 25 de mayo &#8211; Echag\u00fce &#8211; Av. Ram\u00edrez y Habitual.<\/p>\n<h5>LINEA 20 Ruta 12 &#8211; B\u00b0 Mercantil<\/h5>\n<p>El recorrido de ida no sufre cambios de recorrido.<br \/>\n<b>Vuelta<\/b>: Habitual &#8211; Cervantes &#8211; Santa Fe &#8211; Alameda de la Federaci\u00f3n &#8211; Gardel &#8211; Col\u00f3n y Habitual.<em> (Elonce.com)<\/em><\/p>\n","protected":false},"excerpt":{"rendered":"<p>Las cabeceras no tendr&aacute;n modificaciones en su inicio y retorno, pero habr&aacute; cambios en la zona del centro. Vea todos los cambios confirmados en el Transporte Urbano de Pasajeros que se inician el pr&oacute;ximo domingo en la capital entrerriana.En el marco de las modificaciones en la circulaci&oacute;n que se implementar&aacute;n en la ciudad de Paran&aacute; [&hellip;]<\/p>\n","protected":false},"author":2,"featured_media":0,"comment_status":"open","ping_status":"open","sticky":false,"template":"","format":"standard","meta":{"fifu_image_url":"","fifu_image_alt":"","footnotes":""},"categories":[6],"tags":[],"class_list":{"0":"post-17091","1":"post","2":"type-post","3":"status-publish","4":"format-standard","6":"category-entre-rios"},"yoast_head":"<title>Paran\u00e1: estos son los nuevos recorridos de los colectivos por el cambio en calles - Informe Litoral<\/title>\n<meta name=\"robots\" content=\"index, follow, max-snippet:-1, max-image-preview:large, max-video-preview:-1\" \/>\n<link rel=\"canonical\" href=\"https:\/\/informelitoral.com.ar\/parana-estos-son-los-nuevos-recorridos-de-los-colectivos-por-el-cambio-en-calles\/\" \/>\n<meta property=\"og:locale\" content=\"es_ES\" \/>\n<meta property=\"og:type\" content=\"article\" \/>\n<meta property=\"og:title\" content=\"Paran\u00e1: estos son los nuevos recorridos de los colectivos por el cambio en calles - Informe Litoral\" \/>\n<meta property=\"og:description\" content=\"Las cabeceras no tendr&aacute;n modificaciones en su inicio y retorno, pero habr&aacute; cambios en la zona del centro. Vea todos los cambios confirmados en el Transporte Urbano de Pasajeros que se inician el pr&oacute;ximo domingo en la capital entrerriana.En el marco de las modificaciones en la circulaci&oacute;n que se implementar&aacute;n en la ciudad de Paran&aacute; [&hellip;]\" \/>\n<meta property=\"og:url\" content=\"https:\/\/informelitoral.com.ar\/parana-estos-son-los-nuevos-recorridos-de-los-colectivos-por-el-cambio-en-calles\/\" \/>\n<meta property=\"og:site_name\" content=\"Informe Litoral\" \/>\n<meta property=\"article:publisher\" content=\"https:\/\/www.facebook.com\/informelitoral\/\" \/>\n<meta property=\"article:published_time\" content=\"2016-07-11T20:48:51+00:00\" \/>\n<meta property=\"article:modified_time\" content=\"2016-07-11T20:51:03+00:00\" \/>\n<meta property=\"og:image\" content=\"https:\/\/informelitoral.com.ar\/%77%70%2d%63%6f%6e%74%65%6e%74\/uploads\/2016\/07\/colectivo-parana-1.jpg\" \/>\n\t<meta property=\"og:image:width\" content=\"1173\" \/>\n\t<meta property=\"og:image:height\" content=\"755\" \/>\n\t<meta property=\"og:image:type\" content=\"image\/jpeg\" \/>\n<meta name=\"author\" content=\"Gonzalo Schmidt\" \/>\n<meta name=\"twitter:card\" content=\"summary_large_image\" \/>\n<meta name=\"twitter:creator\" content=\"@InformeLitoral\" \/>\n<meta name=\"twitter:site\" content=\"@InformeLitoral\" \/>\n<meta name=\"twitter:label1\" content=\"Escrito por\" \/>\n\t<meta name=\"twitter:data1\" content=\"Gonzalo Schmidt\" \/>\n\t<meta name=\"twitter:label2\" content=\"Tiempo de lectura\" \/>\n\t<meta name=\"twitter:data2\" content=\"7 minutos\" \/>\n<script type=\"application\/ld+json\" class=\"yoast-schema-graph\">{\"@context\":\"https:\\\/\\\/schema.org\",\"@graph\":[{\"@type\":\"Article\",\"@id\":\"https:\\\/\\\/informelitoral.com.ar\\\/parana-estos-son-los-nuevos-recorridos-de-los-colectivos-por-el-cambio-en-calles\\\/#article\",\"isPartOf\":{\"@id\":\"https:\\\/\\\/informelitoral.com.ar\\\/parana-estos-son-los-nuevos-recorridos-de-los-colectivos-por-el-cambio-en-calles\\\/\"},\"author\":{\"name\":\"Gonzalo Schmidt\",\"@id\":\"https:\\\/\\\/informelitoral.com.ar\\\/#\\\/schema\\\/person\\\/b9d00407c836482871ef1d57bf8e3180\"},\"headline\":\"Paran\u00e1: estos son los nuevos recorridos de los colectivos por el cambio en calles\",\"datePublished\":\"2016-07-11T20:48:51+00:00\",\"dateModified\":\"2016-07-11T20:51:03+00:00\",\"mainEntityOfPage\":{\"@id\":\"https:\\\/\\\/informelitoral.com.ar\\\/parana-estos-son-los-nuevos-recorridos-de-los-colectivos-por-el-cambio-en-calles\\\/\"},\"wordCount\":1317,\"commentCount\":0,\"publisher\":{\"@id\":\"https:\\\/\\\/informelitoral.com.ar\\\/#organization\"},\"image\":{\"@id\":\"https:\\\/\\\/informelitoral.com.ar\\\/parana-estos-son-los-nuevos-recorridos-de-los-colectivos-por-el-cambio-en-calles\\\/#primaryimage\"},\"thumbnailUrl\":\"http:\\\/\\\/www.isletasnoticias.com.ar\\\/%77%70%2d%63%6f%6e%74%65%6e%74\\\/uploads\\\/2016\\\/07\\\/colectivo-parana-1-1024x659.jpg\",\"articleSection\":[\"Entre R\u00edos\"],\"inLanguage\":\"es\",\"potentialAction\":[{\"@type\":\"CommentAction\",\"name\":\"Comment\",\"target\":[\"https:\\\/\\\/informelitoral.com.ar\\\/parana-estos-son-los-nuevos-recorridos-de-los-colectivos-por-el-cambio-en-calles\\\/#respond\"]}]},{\"@type\":\"WebPage\",\"@id\":\"https:\\\/\\\/informelitoral.com.ar\\\/parana-estos-son-los-nuevos-recorridos-de-los-colectivos-por-el-cambio-en-calles\\\/\",\"url\":\"https:\\\/\\\/informelitoral.com.ar\\\/parana-estos-son-los-nuevos-recorridos-de-los-colectivos-por-el-cambio-en-calles\\\/\",\"name\":\"Paran\u00e1: estos son los nuevos recorridos de los colectivos por el cambio en calles - Informe Litoral\",\"isPartOf\":{\"@id\":\"https:\\\/\\\/informelitoral.com.ar\\\/#website\"},\"primaryImageOfPage\":{\"@id\":\"https:\\\/\\\/informelitoral.com.ar\\\/parana-estos-son-los-nuevos-recorridos-de-los-colectivos-por-el-cambio-en-calles\\\/#primaryimage\"},\"image\":{\"@id\":\"https:\\\/\\\/informelitoral.com.ar\\\/parana-estos-son-los-nuevos-recorridos-de-los-colectivos-por-el-cambio-en-calles\\\/#primaryimage\"},\"thumbnailUrl\":\"http:\\\/\\\/www.isletasnoticias.com.ar\\\/%77%70%2d%63%6f%6e%74%65%6e%74\\\/uploads\\\/2016\\\/07\\\/colectivo-parana-1-1024x659.jpg\",\"datePublished\":\"2016-07-11T20:48:51+00:00\",\"dateModified\":\"2016-07-11T20:51:03+00:00\",\"breadcrumb\":{\"@id\":\"https:\\\/\\\/informelitoral.com.ar\\\/parana-estos-son-los-nuevos-recorridos-de-los-colectivos-por-el-cambio-en-calles\\\/#breadcrumb\"},\"inLanguage\":\"es\",\"potentialAction\":[{\"@type\":\"ReadAction\",\"target\":[\"https:\\\/\\\/informelitoral.com.ar\\\/parana-estos-son-los-nuevos-recorridos-de-los-colectivos-por-el-cambio-en-calles\\\/\"]}]},{\"@type\":\"ImageObject\",\"inLanguage\":\"es\",\"@id\":\"https:\\\/\\\/informelitoral.com.ar\\\/parana-estos-son-los-nuevos-recorridos-de-los-colectivos-por-el-cambio-en-calles\\\/#primaryimage\",\"url\":\"http:\\\/\\\/www.isletasnoticias.com.ar\\\/%77%70%2d%63%6f%6e%74%65%6e%74\\\/uploads\\\/2016\\\/07\\\/colectivo-parana-1-1024x659.jpg\",\"contentUrl\":\"http:\\\/\\\/www.isletasnoticias.com.ar\\\/%77%70%2d%63%6f%6e%74%65%6e%74\\\/uploads\\\/2016\\\/07\\\/colectivo-parana-1-1024x659.jpg\"},{\"@type\":\"BreadcrumbList\",\"@id\":\"https:\\\/\\\/informelitoral.com.ar\\\/parana-estos-son-los-nuevos-recorridos-de-los-colectivos-por-el-cambio-en-calles\\\/#breadcrumb\",\"itemListElement\":[{\"@type\":\"ListItem\",\"position\":1,\"name\":\"Portada\",\"item\":\"https:\\\/\\\/informelitoral.com.ar\\\/\"},{\"@type\":\"ListItem\",\"position\":2,\"name\":\"Paran\u00e1: estos son los nuevos recorridos de los colectivos por el cambio en calles\"}]},{\"@type\":\"WebSite\",\"@id\":\"https:\\\/\\\/informelitoral.com.ar\\\/#website\",\"url\":\"https:\\\/\\\/informelitoral.com.ar\\\/\",\"name\":\"Informe Litoral\",\"description\":\"&quot;Nos informamos&quot; \",\"publisher\":{\"@id\":\"https:\\\/\\\/informelitoral.com.ar\\\/#organization\"},\"potentialAction\":[{\"@type\":\"SearchAction\",\"target\":{\"@type\":\"EntryPoint\",\"urlTemplate\":\"https:\\\/\\\/informelitoral.com.ar\\\/?s={search_term_string}\"},\"query-input\":{\"@type\":\"PropertyValueSpecification\",\"valueRequired\":true,\"valueName\":\"search_term_string\"}}],\"inLanguage\":\"es\"},{\"@type\":\"Organization\",\"@id\":\"https:\\\/\\\/informelitoral.com.ar\\\/#organization\",\"name\":\"Informe Litoral\",\"url\":\"https:\\\/\\\/informelitoral.com.ar\\\/\",\"logo\":{\"@type\":\"ImageObject\",\"inLanguage\":\"es\",\"@id\":\"https:\\\/\\\/informelitoral.com.ar\\\/#\\\/schema\\\/logo\\\/image\\\/\",\"url\":\"https:\\\/\\\/informelitoral.com.ar\\\/%77%70%2d%63%6f%6e%74%65%6e%74\\\/uploads\\\/2021\\\/01\\\/circulo.png\",\"contentUrl\":\"https:\\\/\\\/informelitoral.com.ar\\\/%77%70%2d%63%6f%6e%74%65%6e%74\\\/uploads\\\/2021\\\/01\\\/circulo.png\",\"width\":723,\"height\":731,\"caption\":\"Informe Litoral\"},\"image\":{\"@id\":\"https:\\\/\\\/informelitoral.com.ar\\\/#\\\/schema\\\/logo\\\/image\\\/\"},\"sameAs\":[\"https:\\\/\\\/www.facebook.com\\\/informelitoral\\\/\",\"https:\\\/\\\/x.com\\\/InformeLitoral\",\"https:\\\/\\\/www.instagram.com\\\/informelitoral\\\/\",\"https:\\\/\\\/www.youtube.com\\\/channel\\\/UCua4Qvz8Icb6MYqhoq9xLXw\"]},{\"@type\":\"Person\",\"@id\":\"https:\\\/\\\/informelitoral.com.ar\\\/#\\\/schema\\\/person\\\/b9d00407c836482871ef1d57bf8e3180\",\"name\":\"Gonzalo Schmidt\",\"image\":{\"@type\":\"ImageObject\",\"inLanguage\":\"es\",\"@id\":\"https:\\\/\\\/secure.gravatar.com\\\/avatar\\\/31a1a7b66ff2de83bd0e9fd79d026630d2d99e55e8bfe501287647b4fd9743de?s=96&d=mm&r=g\",\"url\":\"https:\\\/\\\/secure.gravatar.com\\\/avatar\\\/31a1a7b66ff2de83bd0e9fd79d026630d2d99e55e8bfe501287647b4fd9743de?s=96&d=mm&r=g\",\"contentUrl\":\"https:\\\/\\\/secure.gravatar.com\\\/avatar\\\/31a1a7b66ff2de83bd0e9fd79d026630d2d99e55e8bfe501287647b4fd9743de?s=96&d=mm&r=g\",\"caption\":\"Gonzalo Schmidt\"},\"description\":\"Sitio web de noticias de la provincia de Entre R\u00edos, Argentina. Informaci\u00f3n y entretenimiento. Informe Litoral, nos informamos.\",\"sameAs\":[\"http:\\\/\\\/www.isletasnoticias.com.ar\"],\"url\":\"https:\\\/\\\/informelitoral.com.ar\\\/author\\\/gonzalo\\\/\"}]}<\/script>","yoast_head_json":{"title":"Paran\u00e1: estos son los nuevos recorridos de los colectivos por el cambio en calles - Informe Litoral","robots":{"index":"index","follow":"follow","max-snippet":"max-snippet:-1","max-image-preview":"max-image-preview:large","max-video-preview":"max-video-preview:-1"},"canonical":"https:\/\/informelitoral.com.ar\/parana-estos-son-los-nuevos-recorridos-de-los-colectivos-por-el-cambio-en-calles\/","og_locale":"es_ES","og_type":"article","og_title":"Paran\u00e1: estos son los nuevos recorridos de los colectivos por el cambio en calles - Informe Litoral","og_description":"Las cabeceras no tendr&aacute;n modificaciones en su inicio y retorno, pero habr&aacute; cambios en la zona del centro. Vea todos los cambios confirmados en el Transporte Urbano de Pasajeros que se inician el pr&oacute;ximo domingo en la capital entrerriana.En el marco de las modificaciones en la circulaci&oacute;n que se implementar&aacute;n en la ciudad de Paran&aacute; [&hellip;]","og_url":"https:\/\/informelitoral.com.ar\/parana-estos-son-los-nuevos-recorridos-de-los-colectivos-por-el-cambio-en-calles\/","og_site_name":"Informe Litoral","article_publisher":"https:\/\/www.facebook.com\/informelitoral\/","article_published_time":"2016-07-11T20:48:51+00:00","article_modified_time":"2016-07-11T20:51:03+00:00","og_image":[{"width":1173,"height":755,"url":"https:\/\/informelitoral.com.ar\/%77%70%2d%63%6f%6e%74%65%6e%74\/uploads\/2016\/07\/colectivo-parana-1.jpg","type":"image\/jpeg"}],"author":"Gonzalo Schmidt","twitter_card":"summary_large_image","twitter_creator":"@InformeLitoral","twitter_site":"@InformeLitoral","twitter_misc":{"Escrito por":"Gonzalo Schmidt","Tiempo de lectura":"7 minutos"},"schema":{"@context":"https:\/\/schema.org","@graph":[{"@type":"Article","@id":"https:\/\/informelitoral.com.ar\/parana-estos-son-los-nuevos-recorridos-de-los-colectivos-por-el-cambio-en-calles\/#article","isPartOf":{"@id":"https:\/\/informelitoral.com.ar\/parana-estos-son-los-nuevos-recorridos-de-los-colectivos-por-el-cambio-en-calles\/"},"author":{"name":"Gonzalo Schmidt","@id":"https:\/\/informelitoral.com.ar\/#\/schema\/person\/b9d00407c836482871ef1d57bf8e3180"},"headline":"Paran\u00e1: estos son los nuevos recorridos de los colectivos por el cambio en calles","datePublished":"2016-07-11T20:48:51+00:00","dateModified":"2016-07-11T20:51:03+00:00","mainEntityOfPage":{"@id":"https:\/\/informelitoral.com.ar\/parana-estos-son-los-nuevos-recorridos-de-los-colectivos-por-el-cambio-en-calles\/"},"wordCount":1317,"commentCount":0,"publisher":{"@id":"https:\/\/informelitoral.com.ar\/#organization"},"image":{"@id":"https:\/\/informelitoral.com.ar\/parana-estos-son-los-nuevos-recorridos-de-los-colectivos-por-el-cambio-en-calles\/#primaryimage"},"thumbnailUrl":"http:\/\/www.isletasnoticias.com.ar\/%77%70%2d%63%6f%6e%74%65%6e%74\/uploads\/2016\/07\/colectivo-parana-1-1024x659.jpg","articleSection":["Entre R\u00edos"],"inLanguage":"es","potentialAction":[{"@type":"CommentAction","name":"Comment","target":["https:\/\/informelitoral.com.ar\/parana-estos-son-los-nuevos-recorridos-de-los-colectivos-por-el-cambio-en-calles\/#respond"]}]},{"@type":"WebPage","@id":"https:\/\/informelitoral.com.ar\/parana-estos-son-los-nuevos-recorridos-de-los-colectivos-por-el-cambio-en-calles\/","url":"https:\/\/informelitoral.com.ar\/parana-estos-son-los-nuevos-recorridos-de-los-colectivos-por-el-cambio-en-calles\/","name":"Paran\u00e1: estos son los nuevos recorridos de los colectivos por el cambio en calles - Informe Litoral","isPartOf":{"@id":"https:\/\/informelitoral.com.ar\/#website"},"primaryImageOfPage":{"@id":"https:\/\/informelitoral.com.ar\/parana-estos-son-los-nuevos-recorridos-de-los-colectivos-por-el-cambio-en-calles\/#primaryimage"},"image":{"@id":"https:\/\/informelitoral.com.ar\/parana-estos-son-los-nuevos-recorridos-de-los-colectivos-por-el-cambio-en-calles\/#primaryimage"},"thumbnailUrl":"http:\/\/www.isletasnoticias.com.ar\/%77%70%2d%63%6f%6e%74%65%6e%74\/uploads\/2016\/07\/colectivo-parana-1-1024x659.jpg","datePublished":"2016-07-11T20:48:51+00:00","dateModified":"2016-07-11T20:51:03+00:00","breadcrumb":{"@id":"https:\/\/informelitoral.com.ar\/parana-estos-son-los-nuevos-recorridos-de-los-colectivos-por-el-cambio-en-calles\/#breadcrumb"},"inLanguage":"es","potentialAction":[{"@type":"ReadAction","target":["https:\/\/informelitoral.com.ar\/parana-estos-son-los-nuevos-recorridos-de-los-colectivos-por-el-cambio-en-calles\/"]}]},{"@type":"ImageObject","inLanguage":"es","@id":"https:\/\/informelitoral.com.ar\/parana-estos-son-los-nuevos-recorridos-de-los-colectivos-por-el-cambio-en-calles\/#primaryimage","url":"http:\/\/www.isletasnoticias.com.ar\/%77%70%2d%63%6f%6e%74%65%6e%74\/uploads\/2016\/07\/colectivo-parana-1-1024x659.jpg","contentUrl":"http:\/\/www.isletasnoticias.com.ar\/%77%70%2d%63%6f%6e%74%65%6e%74\/uploads\/2016\/07\/colectivo-parana-1-1024x659.jpg"},{"@type":"BreadcrumbList","@id":"https:\/\/informelitoral.com.ar\/parana-estos-son-los-nuevos-recorridos-de-los-colectivos-por-el-cambio-en-calles\/#breadcrumb","itemListElement":[{"@type":"ListItem","position":1,"name":"Portada","item":"https:\/\/informelitoral.com.ar\/"},{"@type":"ListItem","position":2,"name":"Paran\u00e1: estos son los nuevos recorridos de los colectivos por el cambio en calles"}]},{"@type":"WebSite","@id":"https:\/\/informelitoral.com.ar\/#website","url":"https:\/\/informelitoral.com.ar\/","name":"Informe Litoral","description":"&quot;Nos informamos&quot; ","publisher":{"@id":"https:\/\/informelitoral.com.ar\/#organization"},"potentialAction":[{"@type":"SearchAction","target":{"@type":"EntryPoint","urlTemplate":"https:\/\/informelitoral.com.ar\/?s={search_term_string}"},"query-input":{"@type":"PropertyValueSpecification","valueRequired":true,"valueName":"search_term_string"}}],"inLanguage":"es"},{"@type":"Organization","@id":"https:\/\/informelitoral.com.ar\/#organization","name":"Informe Litoral","url":"https:\/\/informelitoral.com.ar\/","logo":{"@type":"ImageObject","inLanguage":"es","@id":"https:\/\/informelitoral.com.ar\/#\/schema\/logo\/image\/","url":"https:\/\/informelitoral.com.ar\/%77%70%2d%63%6f%6e%74%65%6e%74\/uploads\/2021\/01\/circulo.png","contentUrl":"https:\/\/informelitoral.com.ar\/%77%70%2d%63%6f%6e%74%65%6e%74\/uploads\/2021\/01\/circulo.png","width":723,"height":731,"caption":"Informe Litoral"},"image":{"@id":"https:\/\/informelitoral.com.ar\/#\/schema\/logo\/image\/"},"sameAs":["https:\/\/www.facebook.com\/informelitoral\/","https:\/\/x.com\/InformeLitoral","https:\/\/www.instagram.com\/informelitoral\/","https:\/\/www.youtube.com\/channel\/UCua4Qvz8Icb6MYqhoq9xLXw"]},{"@type":"Person","@id":"https:\/\/informelitoral.com.ar\/#\/schema\/person\/b9d00407c836482871ef1d57bf8e3180","name":"Gonzalo Schmidt","image":{"@type":"ImageObject","inLanguage":"es","@id":"https:\/\/secure.gravatar.com\/avatar\/31a1a7b66ff2de83bd0e9fd79d026630d2d99e55e8bfe501287647b4fd9743de?s=96&d=mm&r=g","url":"https:\/\/secure.gravatar.com\/avatar\/31a1a7b66ff2de83bd0e9fd79d026630d2d99e55e8bfe501287647b4fd9743de?s=96&d=mm&r=g","contentUrl":"https:\/\/secure.gravatar.com\/avatar\/31a1a7b66ff2de83bd0e9fd79d026630d2d99e55e8bfe501287647b4fd9743de?s=96&d=mm&r=g","caption":"Gonzalo Schmidt"},"description":"Sitio web de noticias de la provincia de Entre R\u00edos, Argentina. Informaci\u00f3n y entretenimiento. Informe Litoral, nos informamos.","sameAs":["http:\/\/www.isletasnoticias.com.ar"],"url":"https:\/\/informelitoral.com.ar\/author\/gonzalo\/"}]}},"_links":{"self":[{"href":"https:\/\/informelitoral.com.ar\/%77%70%2d%6a%73%6f%6e\/wp\/v2\/posts\/17091","targetHints":{"allow":["GET"]}}],"collection":[{"href":"https:\/\/informelitoral.com.ar\/%77%70%2d%6a%73%6f%6e\/wp\/v2\/posts"}],"about":[{"href":"https:\/\/informelitoral.com.ar\/%77%70%2d%6a%73%6f%6e\/wp\/v2\/types\/post"}],"author":[{"embeddable":true,"href":"https:\/\/informelitoral.com.ar\/%77%70%2d%6a%73%6f%6e\/wp\/v2\/users\/2"}],"replies":[{"embeddable":true,"href":"https:\/\/informelitoral.com.ar\/%77%70%2d%6a%73%6f%6e\/wp\/v2\/comments?post=17091"}],"version-history":[{"count":0,"href":"https:\/\/informelitoral.com.ar\/%77%70%2d%6a%73%6f%6e\/wp\/v2\/posts\/17091\/revisions"}],"wp:attachment":[{"href":"https:\/\/informelitoral.com.ar\/%77%70%2d%6a%73%6f%6e\/wp\/v2\/media?parent=17091"}],"wp:term":[{"taxonomy":"category","embeddable":true,"href":"https:\/\/informelitoral.com.ar\/%77%70%2d%6a%73%6f%6e\/wp\/v2\/categories?post=17091"},{"taxonomy":"post_tag","embeddable":true,"href":"https:\/\/informelitoral.com.ar\/%77%70%2d%6a%73%6f%6e\/wp\/v2\/tags?post=17091"}],"curies":[{"name":"wp","href":"https:\/\/api.w.org\/{rel}","templated":true}]}}